{"id":195778,"date":"2025-09-12T15:56:36","date_gmt":"2025-09-12T18:56:36","guid":{"rendered":"https:\/\/radioinfinitagoya.com.ar\/v1\/?p=195778"},"modified":"2025-09-12T15:56:36","modified_gmt":"2025-09-12T18:56:36","slug":"como-sera-el-operativo-policial-de-la-peregrinacion-a-itati","status":"publish","type":"post","link":"https:\/\/radioinfinitagoya.com.ar\/v1\/2025\/09\/12\/como-sera-el-operativo-policial-de-la-peregrinacion-a-itati\/","title":{"rendered":"C\u00f3mo ser\u00e1 el operativo policial de la Peregrinaci\u00f3n a Itat\u00ed"},"content":{"rendered":"<p>El Ministerio de Seguridad y la Polic\u00eda de Corrientes desplegar\u00e1n un dispositivo de prevenci\u00f3n este viernes y s\u00e1bado para preservar la seguridad de los peregrinos y accidentes en rutas.<\/p>\n<p>El Ministerio de Seguridad de la Provincia en conjunto con la Polic\u00eda de Corrientes informaron c\u00f3mo desplegar\u00e1n el operativo este viernes y s\u00e1bado en la 37\u00aa Peregrinaci\u00f3n Policial a Pie a la Bas\u00edlica de Nuestra Se\u00f1ora de Itat\u00ed. La tradicional caminata se har\u00e1 bajo el lema \u201cMar\u00eda de Itat\u00ed y la familia policial, peregrinos de esperanza\u201d<\/p>\n<p>El evento congrega a numerosos fieles, tanto integrantes de la fuerza como familiares y allegados, que realizan el recorrido a pie desde la ciudad de Corrientes hasta Itat\u00ed. Por la magnitud del desplazamiento y su desarrollo por rutas nacionales y provinciales, se ha previsto un plan operativo integral para preservar la seguridad de los peregrinos y garantizar un tr\u00e1nsito vehicular ordenado.<\/p>\n<p><img loading=\"lazy\" decoding=\"async\" class=\"alignnone size-full wp-image-195780\" src=\"https:\/\/radioinfinitagoya.com.ar\/v1\/wp-content\/uploads\/2025\/09\/465667699_8925716184158154_7195587945910368890_n.jpg\" alt=\"\" width=\"602\" height=\"338\" \/><\/p>\n<p>Seguridad y prevenci\u00f3n<\/p>\n<p>El operativo se desplegar\u00e1 desde la ma\u00f1ana de este viernes hasta la total desconcentraci\u00f3n de los participantes el d\u00eda s\u00e1bado. Incluye la participaci\u00f3n de diversas dependencias policiales, fuerzas de seguridad nacionales (como Gendarmer\u00eda), organismos de asistencia (Defensa Civil, Cruz Roja, Bomberos Voluntarios), y autoridades municipales y provinciales.<\/p>\n<p>Entre las medidas adoptadas se destacan:<\/p>\n<p>Despliegue de m\u00f3viles policiales de apertura y cierre de la columna de peregrinos.<\/p>\n<p>Uso de drones de vigilancia operados por personal especializado.<\/p>\n<p>Controles fijos y m\u00f3viles en puntos estrat\u00e9gicos, especialmente en el Parador \u201cSan Luisito\u201d y zonas de descanso y alimentaci\u00f3n.<\/p>\n<p>Se\u00f1alizaci\u00f3n preventiva sobre rutas Nacional N\u00ba12 y Provincial N\u00ba20, entre otras.<\/p>\n<p>Coordinaci\u00f3n con municipios como San Cosme, Ramada Paso, Paso de la Patria e Itat\u00ed.<\/p>\n<p>Adem\u00e1s, se realizar\u00e1n tareas de regulaci\u00f3n y redireccionamiento del tr\u00e1nsito, con el fin de evitar incidentes o congestiones durante el avance de la peregrinaci\u00f3n.<\/p>\n<p>Cronograma:<\/p>\n<p>Viernes 12 de septiembre<\/p>\n<p>07:30: Salida de la imagen de la Virgen desde la Jefatura de Polic\u00eda (Corrientes Capital).<\/p>\n<p>08:30: Desayuno comunitario en la zona de la balanza.<\/p>\n<p>12:00: Almuerzo en estaci\u00f3n de servicio (km 20).<\/p>\n<p>17:30: Merienda y llegada al Parador \u201cSan Luisito\u201d.<\/p>\n<p>19:00: Santa Misa y cena en el Parador.<\/p>\n<p>22:00: Actividad musical.<\/p>\n<p>00:00: Cese de actividades y descanso.<\/p>\n<p>S\u00e1bado 13 de septiembre<\/p>\n<p>06:00: Desayuno.<\/p>\n<p>07:00: Salida desde el Parador.<\/p>\n<p>11:00: Llegada a la gruta de la Virgen.<\/p>\n<p>12:00: Santa Misa en Itat\u00ed y almuerzo en el camping del C\u00edrculo de Suboficiales.<\/p>\n","protected":false},"excerpt":{"rendered":"<p>El Ministerio de Seguridad y la Polic\u00eda de Corrientes desplegar\u00e1n un dispositivo de prevenci\u00f3n este viernes y s\u00e1bado para preservar la seguridad de los peregrinos y accidentes en rutas. El Ministerio de Seguridad de la Provincia en conjunto con la Polic\u00eda de Corrientes informaron c\u00f3mo desplegar\u00e1n el operativo este viernes y s\u00e1bado en la 37\u00aa [&hellip;]<\/p>\n","protected":false},"author":4,"featured_media":195779,"comment_status":"closed","ping_status":"closed","sticky":false,"template":"","format":"standard","meta":{"_joinchat":[],"footnotes":""},"categories":[26],"tags":[],"class_list":{"0":"post-195778","1":"post","2":"type-post","3":"status-publish","4":"format-standard","5":"has-post-thumbnail","7":"category-provinciales"},"yoast_head":"<!-- This site is optimized with the Yoast SEO plugin v27.2 - https:\/\/yoast.com\/product\/yoast-seo-wordpress\/ -->\n<title>C\u00f3mo ser\u00e1 el operativo policial de la Peregrinaci\u00f3n a Itat\u00ed - Radio Infinita Goya<\/title>\n<meta name=\"description\" content=\"El Ministerio de Seguridad y la Polic\u00eda de Corrientes desplegar\u00e1n un dispositivo de prevenci\u00f3n este viernes y s\u00e1bado para preservar la seguridad de los\" \/>\n<meta name=\"robots\" content=\"index, follow, max-snippet:-1, max-image-preview:large, max-video-preview:-1\" \/>\n<link rel=\"canonical\" href=\"https:\/\/radioinfinitagoya.com.ar\/v1\/2025\/09\/12\/como-sera-el-operativo-policial-de-la-peregrinacion-a-itati\/\" \/>\n<meta property=\"og:locale\" content=\"es_ES\" \/>\n<meta property=\"og:type\" content=\"article\" \/>\n<meta property=\"og:title\" content=\"C\u00f3mo ser\u00e1 el operativo policial de la Peregrinaci\u00f3n a Itat\u00ed - Radio Infinita Goya\" \/>\n<meta property=\"og:description\" content=\"El Ministerio de Seguridad y la Polic\u00eda de Corrientes desplegar\u00e1n un dispositivo de prevenci\u00f3n este viernes y s\u00e1bado para preservar la seguridad de los\" \/>\n<meta property=\"og:url\" content=\"https:\/\/radioinfinitagoya.com.ar\/v1\/2025\/09\/12\/como-sera-el-operativo-policial-de-la-peregrinacion-a-itati\/\" \/>\n<meta property=\"og:site_name\" content=\"Radio Infinita Goya\" \/>\n<meta property=\"article:publisher\" content=\"https:\/\/www.facebook.com\/p\/Infinita-Goya-100063870918311\/\" \/>\n<meta property=\"article:published_time\" content=\"2025-09-12T18:56:36+00:00\" \/>\n<meta property=\"og:image\" content=\"https:\/\/radioinfinitagoya.com.ar\/v1\/wp-content\/uploads\/2025\/09\/465363699_8919625728100533_355761490003900603_n.jpg\" \/>\n\t<meta property=\"og:image:width\" content=\"1200\" \/>\n\t<meta property=\"og:image:height\" content=\"795\" \/>\n\t<meta property=\"og:image:type\" content=\"image\/jpeg\" \/>\n<meta name=\"author\" content=\"Jorge Mi\u00f1o\" \/>\n<meta name=\"twitter:card\" content=\"summary_large_image\" \/>\n<meta name=\"twitter:label1\" content=\"Escrito por\" \/>\n\t<meta name=\"twitter:data1\" content=\"Jorge Mi\u00f1o\" \/>\n\t<meta name=\"twitter:label2\" content=\"Tiempo de lectura\" \/>\n\t<meta name=\"twitter:data2\" content=\"3 minutos\" \/>\n<script type=\"application\/ld+json\" class=\"yoast-schema-graph\">{\"@context\":\"https:\/\/schema.org\",\"@graph\":[{\"@type\":\"Article\",\"@id\":\"https:\/\/radioinfinitagoya.com.ar\/v1\/2025\/09\/12\/como-sera-el-operativo-policial-de-la-peregrinacion-a-itati\/#article\",\"isPartOf\":{\"@id\":\"https:\/\/radioinfinitagoya.com.ar\/v1\/2025\/09\/12\/como-sera-el-operativo-policial-de-la-peregrinacion-a-itati\/\"},\"author\":{\"name\":\"Jorge Mi\u00f1o\",\"@id\":\"https:\/\/radioinfinitagoya.com.ar\/v1\/#\/schema\/person\/d4cf9c413d4f6edb24aabdccab49ca4a\"},\"headline\":\"C\u00f3mo ser\u00e1 el operativo policial de la Peregrinaci\u00f3n a Itat\u00ed\",\"datePublished\":\"2025-09-12T18:56:36+00:00\",\"mainEntityOfPage\":{\"@id\":\"https:\/\/radioinfinitagoya.com.ar\/v1\/2025\/09\/12\/como-sera-el-operativo-policial-de-la-peregrinacion-a-itati\/\"},\"wordCount\":420,\"publisher\":{\"@id\":\"https:\/\/radioinfinitagoya.com.ar\/v1\/#organization\"},\"image\":{\"@id\":\"https:\/\/radioinfinitagoya.com.ar\/v1\/2025\/09\/12\/como-sera-el-operativo-policial-de-la-peregrinacion-a-itati\/#primaryimage\"},\"thumbnailUrl\":\"https:\/\/radioinfinitagoya.com.ar\/v1\/wp-content\/uploads\/2025\/09\/465363699_8919625728100533_355761490003900603_n.jpg\",\"articleSection\":[\"PROVINCIALES\"],\"inLanguage\":\"es-AR\"},{\"@type\":\"WebPage\",\"@id\":\"https:\/\/radioinfinitagoya.com.ar\/v1\/2025\/09\/12\/como-sera-el-operativo-policial-de-la-peregrinacion-a-itati\/\",\"url\":\"https:\/\/radioinfinitagoya.com.ar\/v1\/2025\/09\/12\/como-sera-el-operativo-policial-de-la-peregrinacion-a-itati\/\",\"name\":\"C\u00f3mo ser\u00e1 el operativo policial de la Peregrinaci\u00f3n a Itat\u00ed - Radio Infinita Goya\",\"isPartOf\":{\"@id\":\"https:\/\/radioinfinitagoya.com.ar\/v1\/#website\"},\"primaryImageOfPage\":{\"@id\":\"https:\/\/radioinfinitagoya.com.ar\/v1\/2025\/09\/12\/como-sera-el-operativo-policial-de-la-peregrinacion-a-itati\/#primaryimage\"},\"image\":{\"@id\":\"https:\/\/radioinfinitagoya.com.ar\/v1\/2025\/09\/12\/como-sera-el-operativo-policial-de-la-peregrinacion-a-itati\/#primaryimage\"},\"thumbnailUrl\":\"https:\/\/radioinfinitagoya.com.ar\/v1\/wp-content\/uploads\/2025\/09\/465363699_8919625728100533_355761490003900603_n.jpg\",\"datePublished\":\"2025-09-12T18:56:36+00:00\",\"description\":\"El Ministerio de Seguridad y la Polic\u00eda de Corrientes desplegar\u00e1n un dispositivo de prevenci\u00f3n este viernes y s\u00e1bado para preservar la seguridad de los\",\"breadcrumb\":{\"@id\":\"https:\/\/radioinfinitagoya.com.ar\/v1\/2025\/09\/12\/como-sera-el-operativo-policial-de-la-peregrinacion-a-itati\/#breadcrumb\"},\"inLanguage\":\"es-AR\",\"potentialAction\":[{\"@type\":\"ReadAction\",\"target\":[\"https:\/\/radioinfinitagoya.com.ar\/v1\/2025\/09\/12\/como-sera-el-operativo-policial-de-la-peregrinacion-a-itati\/\"]}]},{\"@type\":\"ImageObject\",\"inLanguage\":\"es-AR\",\"@id\":\"https:\/\/radioinfinitagoya.com.ar\/v1\/2025\/09\/12\/como-sera-el-operativo-policial-de-la-peregrinacion-a-itati\/#primaryimage\",\"url\":\"https:\/\/radioinfinitagoya.com.ar\/v1\/wp-content\/uploads\/2025\/09\/465363699_8919625728100533_355761490003900603_n.jpg\",\"contentUrl\":\"https:\/\/radioinfinitagoya.com.ar\/v1\/wp-content\/uploads\/2025\/09\/465363699_8919625728100533_355761490003900603_n.jpg\",\"width\":1200,\"height\":795},{\"@type\":\"BreadcrumbList\",\"@id\":\"https:\/\/radioinfinitagoya.com.ar\/v1\/2025\/09\/12\/como-sera-el-operativo-policial-de-la-peregrinacion-a-itati\/#breadcrumb\",\"itemListElement\":[{\"@type\":\"ListItem\",\"position\":1,\"name\":\"Inicio\",\"item\":\"https:\/\/radioinfinitagoya.com.ar\/v1\/\"},{\"@type\":\"ListItem\",\"position\":2,\"name\":\"C\u00f3mo ser\u00e1 el operativo policial de la Peregrinaci\u00f3n a Itat\u00ed\"}]},{\"@type\":\"WebSite\",\"@id\":\"https:\/\/radioinfinitagoya.com.ar\/v1\/#website\",\"url\":\"https:\/\/radioinfinitagoya.com.ar\/v1\/\",\"name\":\"radioinfinitagoya.com.ar\",\"description\":\"Radio de noticias\",\"publisher\":{\"@id\":\"https:\/\/radioinfinitagoya.com.ar\/v1\/#organization\"},\"potentialAction\":[{\"@type\":\"SearchAction\",\"target\":{\"@type\":\"EntryPoint\",\"urlTemplate\":\"https:\/\/radioinfinitagoya.com.ar\/v1\/?s={search_term_string}\"},\"query-input\":{\"@type\":\"PropertyValueSpecification\",\"valueRequired\":true,\"valueName\":\"search_term_string\"}}],\"inLanguage\":\"es-AR\"},{\"@type\":\"Organization\",\"@id\":\"https:\/\/radioinfinitagoya.com.ar\/v1\/#organization\",\"name\":\"Radio Infinita Goya\",\"url\":\"https:\/\/radioinfinitagoya.com.ar\/v1\/\",\"logo\":{\"@type\":\"ImageObject\",\"inLanguage\":\"es-AR\",\"@id\":\"https:\/\/radioinfinitagoya.com.ar\/v1\/#\/schema\/logo\/image\/\",\"url\":\"https:\/\/radioinfinitagoya.com.ar\/v1\/wp-content\/uploads\/2019\/11\/logo-pie-web.png\",\"contentUrl\":\"https:\/\/radioinfinitagoya.com.ar\/v1\/wp-content\/uploads\/2019\/11\/logo-pie-web.png\",\"width\":635,\"height\":326,\"caption\":\"Radio Infinita Goya\"},\"image\":{\"@id\":\"https:\/\/radioinfinitagoya.com.ar\/v1\/#\/schema\/logo\/image\/\"},\"sameAs\":[\"https:\/\/www.facebook.com\/p\/Infinita-Goya-100063870918311\/\"]},{\"@type\":\"Person\",\"@id\":\"https:\/\/radioinfinitagoya.com.ar\/v1\/#\/schema\/person\/d4cf9c413d4f6edb24aabdccab49ca4a\",\"name\":\"Jorge Mi\u00f1o\",\"image\":{\"@type\":\"ImageObject\",\"inLanguage\":\"es-AR\",\"@id\":\"https:\/\/secure.gravatar.com\/avatar\/910fcf6728fe95320e07a6643c1581fec1c7fc4bf8ae12e3d8f0d0373dc844be?s=96&d=mm&r=g\",\"url\":\"https:\/\/secure.gravatar.com\/avatar\/910fcf6728fe95320e07a6643c1581fec1c7fc4bf8ae12e3d8f0d0373dc844be?s=96&d=mm&r=g\",\"contentUrl\":\"https:\/\/secure.gravatar.com\/avatar\/910fcf6728fe95320e07a6643c1581fec1c7fc4bf8ae12e3d8f0d0373dc844be?s=96&d=mm&r=g\",\"caption\":\"Jorge Mi\u00f1o\"},\"sameAs\":[\"http:\/\/radioinfinitagoya.com.ar\"]}]}<\/script>\n<!-- \/ Yoast SEO plugin. -->","yoast_head_json":{"title":"C\u00f3mo ser\u00e1 el operativo policial de la Peregrinaci\u00f3n a Itat\u00ed - Radio Infinita Goya","description":"El Ministerio de Seguridad y la Polic\u00eda de Corrientes desplegar\u00e1n un dispositivo de prevenci\u00f3n este viernes y s\u00e1bado para preservar la seguridad de los","robots":{"index":"index","follow":"follow","max-snippet":"max-snippet:-1","max-image-preview":"max-image-preview:large","max-video-preview":"max-video-preview:-1"},"canonical":"https:\/\/radioinfinitagoya.com.ar\/v1\/2025\/09\/12\/como-sera-el-operativo-policial-de-la-peregrinacion-a-itati\/","og_locale":"es_ES","og_type":"article","og_title":"C\u00f3mo ser\u00e1 el operativo policial de la Peregrinaci\u00f3n a Itat\u00ed - Radio Infinita Goya","og_description":"El Ministerio de Seguridad y la Polic\u00eda de Corrientes desplegar\u00e1n un dispositivo de prevenci\u00f3n este viernes y s\u00e1bado para preservar la seguridad de los","og_url":"https:\/\/radioinfinitagoya.com.ar\/v1\/2025\/09\/12\/como-sera-el-operativo-policial-de-la-peregrinacion-a-itati\/","og_site_name":"Radio Infinita Goya","article_publisher":"https:\/\/www.facebook.com\/p\/Infinita-Goya-100063870918311\/","article_published_time":"2025-09-12T18:56:36+00:00","og_image":[{"width":1200,"height":795,"url":"https:\/\/radioinfinitagoya.com.ar\/v1\/wp-content\/uploads\/2025\/09\/465363699_8919625728100533_355761490003900603_n.jpg","type":"image\/jpeg"}],"author":"Jorge Mi\u00f1o","twitter_card":"summary_large_image","twitter_misc":{"Escrito por":"Jorge Mi\u00f1o","Tiempo de lectura":"3 minutos"},"schema":{"@context":"https:\/\/schema.org","@graph":[{"@type":"Article","@id":"https:\/\/radioinfinitagoya.com.ar\/v1\/2025\/09\/12\/como-sera-el-operativo-policial-de-la-peregrinacion-a-itati\/#article","isPartOf":{"@id":"https:\/\/radioinfinitagoya.com.ar\/v1\/2025\/09\/12\/como-sera-el-operativo-policial-de-la-peregrinacion-a-itati\/"},"author":{"name":"Jorge Mi\u00f1o","@id":"https:\/\/radioinfinitagoya.com.ar\/v1\/#\/schema\/person\/d4cf9c413d4f6edb24aabdccab49ca4a"},"headline":"C\u00f3mo ser\u00e1 el operativo policial de la Peregrinaci\u00f3n a Itat\u00ed","datePublished":"2025-09-12T18:56:36+00:00","mainEntityOfPage":{"@id":"https:\/\/radioinfinitagoya.com.ar\/v1\/2025\/09\/12\/como-sera-el-operativo-policial-de-la-peregrinacion-a-itati\/"},"wordCount":420,"publisher":{"@id":"https:\/\/radioinfinitagoya.com.ar\/v1\/#organization"},"image":{"@id":"https:\/\/radioinfinitagoya.com.ar\/v1\/2025\/09\/12\/como-sera-el-operativo-policial-de-la-peregrinacion-a-itati\/#primaryimage"},"thumbnailUrl":"https:\/\/radioinfinitagoya.com.ar\/v1\/wp-content\/uploads\/2025\/09\/465363699_8919625728100533_355761490003900603_n.jpg","articleSection":["PROVINCIALES"],"inLanguage":"es-AR"},{"@type":"WebPage","@id":"https:\/\/radioinfinitagoya.com.ar\/v1\/2025\/09\/12\/como-sera-el-operativo-policial-de-la-peregrinacion-a-itati\/","url":"https:\/\/radioinfinitagoya.com.ar\/v1\/2025\/09\/12\/como-sera-el-operativo-policial-de-la-peregrinacion-a-itati\/","name":"C\u00f3mo ser\u00e1 el operativo policial de la Peregrinaci\u00f3n a Itat\u00ed - Radio Infinita Goya","isPartOf":{"@id":"https:\/\/radioinfinitagoya.com.ar\/v1\/#website"},"primaryImageOfPage":{"@id":"https:\/\/radioinfinitagoya.com.ar\/v1\/2025\/09\/12\/como-sera-el-operativo-policial-de-la-peregrinacion-a-itati\/#primaryimage"},"image":{"@id":"https:\/\/radioinfinitagoya.com.ar\/v1\/2025\/09\/12\/como-sera-el-operativo-policial-de-la-peregrinacion-a-itati\/#primaryimage"},"thumbnailUrl":"https:\/\/radioinfinitagoya.com.ar\/v1\/wp-content\/uploads\/2025\/09\/465363699_8919625728100533_355761490003900603_n.jpg","datePublished":"2025-09-12T18:56:36+00:00","description":"El Ministerio de Seguridad y la Polic\u00eda de Corrientes desplegar\u00e1n un dispositivo de prevenci\u00f3n este viernes y s\u00e1bado para preservar la seguridad de los","breadcrumb":{"@id":"https:\/\/radioinfinitagoya.com.ar\/v1\/2025\/09\/12\/como-sera-el-operativo-policial-de-la-peregrinacion-a-itati\/#breadcrumb"},"inLanguage":"es-AR","potentialAction":[{"@type":"ReadAction","target":["https:\/\/radioinfinitagoya.com.ar\/v1\/2025\/09\/12\/como-sera-el-operativo-policial-de-la-peregrinacion-a-itati\/"]}]},{"@type":"ImageObject","inLanguage":"es-AR","@id":"https:\/\/radioinfinitagoya.com.ar\/v1\/2025\/09\/12\/como-sera-el-operativo-policial-de-la-peregrinacion-a-itati\/#primaryimage","url":"https:\/\/radioinfinitagoya.com.ar\/v1\/wp-content\/uploads\/2025\/09\/465363699_8919625728100533_355761490003900603_n.jpg","contentUrl":"https:\/\/radioinfinitagoya.com.ar\/v1\/wp-content\/uploads\/2025\/09\/465363699_8919625728100533_355761490003900603_n.jpg","width":1200,"height":795},{"@type":"BreadcrumbList","@id":"https:\/\/radioinfinitagoya.com.ar\/v1\/2025\/09\/12\/como-sera-el-operativo-policial-de-la-peregrinacion-a-itati\/#breadcrumb","itemListElement":[{"@type":"ListItem","position":1,"name":"Inicio","item":"https:\/\/radioinfinitagoya.com.ar\/v1\/"},{"@type":"ListItem","position":2,"name":"C\u00f3mo ser\u00e1 el operativo policial de la Peregrinaci\u00f3n a Itat\u00ed"}]},{"@type":"WebSite","@id":"https:\/\/radioinfinitagoya.com.ar\/v1\/#website","url":"https:\/\/radioinfinitagoya.com.ar\/v1\/","name":"radioinfinitagoya.com.ar","description":"Radio de noticias","publisher":{"@id":"https:\/\/radioinfinitagoya.com.ar\/v1\/#organization"},"potentialAction":[{"@type":"SearchAction","target":{"@type":"EntryPoint","urlTemplate":"https:\/\/radioinfinitagoya.com.ar\/v1\/?s={search_term_string}"},"query-input":{"@type":"PropertyValueSpecification","valueRequired":true,"valueName":"search_term_string"}}],"inLanguage":"es-AR"},{"@type":"Organization","@id":"https:\/\/radioinfinitagoya.com.ar\/v1\/#organization","name":"Radio Infinita Goya","url":"https:\/\/radioinfinitagoya.com.ar\/v1\/","logo":{"@type":"ImageObject","inLanguage":"es-AR","@id":"https:\/\/radioinfinitagoya.com.ar\/v1\/#\/schema\/logo\/image\/","url":"https:\/\/radioinfinitagoya.com.ar\/v1\/wp-content\/uploads\/2019\/11\/logo-pie-web.png","contentUrl":"https:\/\/radioinfinitagoya.com.ar\/v1\/wp-content\/uploads\/2019\/11\/logo-pie-web.png","width":635,"height":326,"caption":"Radio Infinita Goya"},"image":{"@id":"https:\/\/radioinfinitagoya.com.ar\/v1\/#\/schema\/logo\/image\/"},"sameAs":["https:\/\/www.facebook.com\/p\/Infinita-Goya-100063870918311\/"]},{"@type":"Person","@id":"https:\/\/radioinfinitagoya.com.ar\/v1\/#\/schema\/person\/d4cf9c413d4f6edb24aabdccab49ca4a","name":"Jorge Mi\u00f1o","image":{"@type":"ImageObject","inLanguage":"es-AR","@id":"https:\/\/secure.gravatar.com\/avatar\/910fcf6728fe95320e07a6643c1581fec1c7fc4bf8ae12e3d8f0d0373dc844be?s=96&d=mm&r=g","url":"https:\/\/secure.gravatar.com\/avatar\/910fcf6728fe95320e07a6643c1581fec1c7fc4bf8ae12e3d8f0d0373dc844be?s=96&d=mm&r=g","contentUrl":"https:\/\/secure.gravatar.com\/avatar\/910fcf6728fe95320e07a6643c1581fec1c7fc4bf8ae12e3d8f0d0373dc844be?s=96&d=mm&r=g","caption":"Jorge Mi\u00f1o"},"sameAs":["http:\/\/radioinfinitagoya.com.ar"]}]}},"_links":{"self":[{"href":"https:\/\/radioinfinitagoya.com.ar\/v1\/wp-json\/wp\/v2\/posts\/195778","targetHints":{"allow":["GET"]}}],"collection":[{"href":"https:\/\/radioinfinitagoya.com.ar\/v1\/wp-json\/wp\/v2\/posts"}],"about":[{"href":"https:\/\/radioinfinitagoya.com.ar\/v1\/wp-json\/wp\/v2\/types\/post"}],"author":[{"embeddable":true,"href":"https:\/\/radioinfinitagoya.com.ar\/v1\/wp-json\/wp\/v2\/users\/4"}],"replies":[{"embeddable":true,"href":"https:\/\/radioinfinitagoya.com.ar\/v1\/wp-json\/wp\/v2\/comments?post=195778"}],"version-history":[{"count":0,"href":"https:\/\/radioinfinitagoya.com.ar\/v1\/wp-json\/wp\/v2\/posts\/195778\/revisions"}],"wp:featuredmedia":[{"embeddable":true,"href":"https:\/\/radioinfinitagoya.com.ar\/v1\/wp-json\/wp\/v2\/media\/195779"}],"wp:attachment":[{"href":"https:\/\/radioinfinitagoya.com.ar\/v1\/wp-json\/wp\/v2\/media?parent=195778"}],"wp:term":[{"taxonomy":"category","embeddable":true,"href":"https:\/\/radioinfinitagoya.com.ar\/v1\/wp-json\/wp\/v2\/categories?post=195778"},{"taxonomy":"post_tag","embeddable":true,"href":"https:\/\/radioinfinitagoya.com.ar\/v1\/wp-json\/wp\/v2\/tags?post=195778"}],"curies":[{"name":"wp","href":"https:\/\/api.w.org\/{rel}","templated":true}]}}