{"id":195782,"date":"2025-09-12T16:00:28","date_gmt":"2025-09-12T19:00:28","guid":{"rendered":"https:\/\/radioinfinitagoya.com.ar\/v1\/?p=195782"},"modified":"2025-09-12T16:00:28","modified_gmt":"2025-09-12T19:00:28","slug":"corrientes-ante-los-ataques-de-cuatreros-refuerzan-controles-fronterizos","status":"publish","type":"post","link":"https:\/\/radioinfinitagoya.com.ar\/v1\/2025\/09\/12\/corrientes-ante-los-ataques-de-cuatreros-refuerzan-controles-fronterizos\/","title":{"rendered":"Corrientes: ante los ataques de cuatreros, refuerzan controles fronterizos"},"content":{"rendered":"<p>El objetivo es coordinar acciones preventivas para evitar el ingreso no autorizado de brasileros por el r\u00edo Uruguay. Se dispuso el uso de drones, patrullajes a caballo y operativos con embarcaciones.<\/p>\n<p>Ante lo constantes ataques de cuatreros, las Fuerzas de seguridad, autoridades judiciales y organismo provinciales realizaron este jueves una reuni\u00f3n clave en la localidad correntina de Santo Tom\u00e9. El objetivo del encuentro fue reforzar tareas de prevenci\u00f3n en la zona costera del r\u00edo Uruguay, ante la detecci\u00f3n de cruces irregulares de ciudadanos provenientes de Brasil hacia territorio argentino.<\/p>\n<p>Del encuentro participaron representantes de la Polic\u00eda Rural y Ecol\u00f3gica, Prefectura Naval Argentina, Gendarmer\u00eda Nacional, el Poder Judicial y la Direcci\u00f3n de Coordinaci\u00f3n Interior, quienes acordaron acciones conjuntas de vigilancia y control.<\/p>\n<p>Como resultado inmediato de la reuni\u00f3n, se puso en marcha un dispositivo de seguridad que incluye patrullajes a pie, a caballo y fluviales, adem\u00e1s del uso de drones para monitoreo a\u00e9reo.<\/p>\n<p>Cuatrerismo en Santo Tom\u00e9 y productores en alerta<\/p>\n<p>Productores ganaderos de Santo Tom\u00e9 se mostraron en alerta por cuatreros que entran al pa\u00eds armados desde Brasil y act\u00faan con impunidad. Aseguran que el delito est\u00e1 en aumento despu\u00e9s de que en el \u00faltimo tiempo se registrara un incremento, seg\u00fan alertaron, de los casos de faena ilegal y robo de hacienda en campos cercanos a la frontera con Brasil.<\/p>\n<p>Los casos se registran en el lapso del mediod\u00eda. \u201cEsta frontera hist\u00f3ricamente fue atacada y hubo grandes matanzas de hacienda, con lo que cuesta producir un animal porque hay que esperar tres a\u00f1os para poder tener un vientre, pre\u00f1arlo, y poder sacar un ternero. Realmente, te da una impotencia b\u00e1rbara porque no se puede hacer nada. Ayer, por ejemplo, termin\u00f3 de llover y salimos al campo y nos encontramos con animales faenados&#8221;, dijo \u00c1lvaro Pellegrini es un productor de Angus colorado y Braford.<\/p>\n<p>Presencias de todas las fuerzas<\/p>\n<p>Entre los presentes, estuvieron el fiscal rural Mart\u00edn Leiva; el comandante principal de Gendarmer\u00eda V\u00edctor Glinianiuk (Escuadr\u00f3n 7 Paso de los Libres); el comandante principal SAS Adri\u00e1n (Escuadr\u00f3n Alto Uruguay); el prefecto mayor Pablo, jefe de Prefectura Naval Argentina en Santo Tom\u00e9; el prefecto principal Fernando Bodart; el comisario general Gerardo Torres; el comisario Jorge Aguirre; el comisario general Daniel Gauna y el comisario mayor Juan Manuel Fern\u00e1ndez.El objetivo del encuentro fue establecer una estrategia integral de control y prevenci\u00f3n en la frontera, asegurando el respeto a las normativas migratorias vigentes y reforzando la seguridad en la zona ante situaciones no autorizadas de ingreso al pa\u00eds.<\/p>\n<p>&nbsp;<\/p>\n<p>&nbsp;<\/p>\n","protected":false},"excerpt":{"rendered":"<p>El objetivo es coordinar acciones preventivas para evitar el ingreso no autorizado de brasileros por el r\u00edo Uruguay. Se dispuso el uso de drones, patrullajes a caballo y operativos con embarcaciones. Ante lo constantes ataques de cuatreros, las Fuerzas de seguridad, autoridades judiciales y organismo provinciales realizaron este jueves una reuni\u00f3n clave en la localidad [&hellip;]<\/p>\n","protected":false},"author":4,"featured_media":195783,"comment_status":"closed","ping_status":"closed","sticky":false,"template":"","format":"standard","meta":{"_joinchat":[],"footnotes":""},"categories":[26],"tags":[],"class_list":{"0":"post-195782","1":"post","2":"type-post","3":"status-publish","4":"format-standard","5":"has-post-thumbnail","7":"category-provinciales"},"yoast_head":"<!-- This site is optimized with the Yoast SEO plugin v27.2 - https:\/\/yoast.com\/product\/yoast-seo-wordpress\/ -->\n<title>Corrientes: ante los ataques de cuatreros, refuerzan controles fronterizos - Radio Infinita Goya<\/title>\n<meta name=\"description\" content=\"El objetivo es coordinar acciones preventivas para evitar el ingreso no autorizado de brasileros por el r\u00edo Uruguay. Se dispuso el uso de drones,\" \/>\n<meta name=\"robots\" content=\"index, follow, max-snippet:-1, max-image-preview:large, max-video-preview:-1\" \/>\n<link rel=\"canonical\" href=\"https:\/\/radioinfinitagoya.com.ar\/v1\/2025\/09\/12\/corrientes-ante-los-ataques-de-cuatreros-refuerzan-controles-fronterizos\/\" \/>\n<meta property=\"og:locale\" content=\"es_ES\" \/>\n<meta property=\"og:type\" content=\"article\" \/>\n<meta property=\"og:title\" content=\"Corrientes: ante los ataques de cuatreros, refuerzan controles fronterizos - Radio Infinita Goya\" \/>\n<meta property=\"og:description\" content=\"El objetivo es coordinar acciones preventivas para evitar el ingreso no autorizado de brasileros por el r\u00edo Uruguay. Se dispuso el uso de drones,\" \/>\n<meta property=\"og:url\" content=\"https:\/\/radioinfinitagoya.com.ar\/v1\/2025\/09\/12\/corrientes-ante-los-ataques-de-cuatreros-refuerzan-controles-fronterizos\/\" \/>\n<meta property=\"og:site_name\" content=\"Radio Infinita Goya\" \/>\n<meta property=\"article:publisher\" content=\"https:\/\/www.facebook.com\/p\/Infinita-Goya-100063870918311\/\" \/>\n<meta property=\"article:published_time\" content=\"2025-09-12T19:00:28+00:00\" \/>\n<meta property=\"og:image\" content=\"https:\/\/radioinfinitagoya.com.ar\/v1\/wp-content\/uploads\/2025\/09\/WhatsApp-Image-2025-09-12-at-9.54.17-AM.jpeg\" \/>\n\t<meta property=\"og:image:width\" content=\"807\" \/>\n\t<meta property=\"og:image:height\" content=\"453\" \/>\n\t<meta property=\"og:image:type\" content=\"image\/jpeg\" \/>\n<meta name=\"author\" content=\"Jorge Mi\u00f1o\" \/>\n<meta name=\"twitter:card\" content=\"summary_large_image\" \/>\n<meta name=\"twitter:label1\" content=\"Escrito por\" \/>\n\t<meta name=\"twitter:data1\" content=\"Jorge Mi\u00f1o\" \/>\n\t<meta name=\"twitter:label2\" content=\"Tiempo de lectura\" \/>\n\t<meta name=\"twitter:data2\" content=\"3 minutos\" \/>\n<script type=\"application\/ld+json\" class=\"yoast-schema-graph\">{\"@context\":\"https:\/\/schema.org\",\"@graph\":[{\"@type\":\"Article\",\"@id\":\"https:\/\/radioinfinitagoya.com.ar\/v1\/2025\/09\/12\/corrientes-ante-los-ataques-de-cuatreros-refuerzan-controles-fronterizos\/#article\",\"isPartOf\":{\"@id\":\"https:\/\/radioinfinitagoya.com.ar\/v1\/2025\/09\/12\/corrientes-ante-los-ataques-de-cuatreros-refuerzan-controles-fronterizos\/\"},\"author\":{\"name\":\"Jorge Mi\u00f1o\",\"@id\":\"https:\/\/radioinfinitagoya.com.ar\/v1\/#\/schema\/person\/d4cf9c413d4f6edb24aabdccab49ca4a\"},\"headline\":\"Corrientes: ante los ataques de cuatreros, refuerzan controles fronterizos\",\"datePublished\":\"2025-09-12T19:00:28+00:00\",\"mainEntityOfPage\":{\"@id\":\"https:\/\/radioinfinitagoya.com.ar\/v1\/2025\/09\/12\/corrientes-ante-los-ataques-de-cuatreros-refuerzan-controles-fronterizos\/\"},\"wordCount\":456,\"publisher\":{\"@id\":\"https:\/\/radioinfinitagoya.com.ar\/v1\/#organization\"},\"image\":{\"@id\":\"https:\/\/radioinfinitagoya.com.ar\/v1\/2025\/09\/12\/corrientes-ante-los-ataques-de-cuatreros-refuerzan-controles-fronterizos\/#primaryimage\"},\"thumbnailUrl\":\"https:\/\/radioinfinitagoya.com.ar\/v1\/wp-content\/uploads\/2025\/09\/WhatsApp-Image-2025-09-12-at-9.54.17-AM.jpeg\",\"articleSection\":[\"PROVINCIALES\"],\"inLanguage\":\"es-AR\"},{\"@type\":\"WebPage\",\"@id\":\"https:\/\/radioinfinitagoya.com.ar\/v1\/2025\/09\/12\/corrientes-ante-los-ataques-de-cuatreros-refuerzan-controles-fronterizos\/\",\"url\":\"https:\/\/radioinfinitagoya.com.ar\/v1\/2025\/09\/12\/corrientes-ante-los-ataques-de-cuatreros-refuerzan-controles-fronterizos\/\",\"name\":\"Corrientes: ante los ataques de cuatreros, refuerzan controles fronterizos - Radio Infinita Goya\",\"isPartOf\":{\"@id\":\"https:\/\/radioinfinitagoya.com.ar\/v1\/#website\"},\"primaryImageOfPage\":{\"@id\":\"https:\/\/radioinfinitagoya.com.ar\/v1\/2025\/09\/12\/corrientes-ante-los-ataques-de-cuatreros-refuerzan-controles-fronterizos\/#primaryimage\"},\"image\":{\"@id\":\"https:\/\/radioinfinitagoya.com.ar\/v1\/2025\/09\/12\/corrientes-ante-los-ataques-de-cuatreros-refuerzan-controles-fronterizos\/#primaryimage\"},\"thumbnailUrl\":\"https:\/\/radioinfinitagoya.com.ar\/v1\/wp-content\/uploads\/2025\/09\/WhatsApp-Image-2025-09-12-at-9.54.17-AM.jpeg\",\"datePublished\":\"2025-09-12T19:00:28+00:00\",\"description\":\"El objetivo es coordinar acciones preventivas para evitar el ingreso no autorizado de brasileros por el r\u00edo Uruguay. Se dispuso el uso de drones,\",\"breadcrumb\":{\"@id\":\"https:\/\/radioinfinitagoya.com.ar\/v1\/2025\/09\/12\/corrientes-ante-los-ataques-de-cuatreros-refuerzan-controles-fronterizos\/#breadcrumb\"},\"inLanguage\":\"es-AR\",\"potentialAction\":[{\"@type\":\"ReadAction\",\"target\":[\"https:\/\/radioinfinitagoya.com.ar\/v1\/2025\/09\/12\/corrientes-ante-los-ataques-de-cuatreros-refuerzan-controles-fronterizos\/\"]}]},{\"@type\":\"ImageObject\",\"inLanguage\":\"es-AR\",\"@id\":\"https:\/\/radioinfinitagoya.com.ar\/v1\/2025\/09\/12\/corrientes-ante-los-ataques-de-cuatreros-refuerzan-controles-fronterizos\/#primaryimage\",\"url\":\"https:\/\/radioinfinitagoya.com.ar\/v1\/wp-content\/uploads\/2025\/09\/WhatsApp-Image-2025-09-12-at-9.54.17-AM.jpeg\",\"contentUrl\":\"https:\/\/radioinfinitagoya.com.ar\/v1\/wp-content\/uploads\/2025\/09\/WhatsApp-Image-2025-09-12-at-9.54.17-AM.jpeg\",\"width\":807,\"height\":453},{\"@type\":\"BreadcrumbList\",\"@id\":\"https:\/\/radioinfinitagoya.com.ar\/v1\/2025\/09\/12\/corrientes-ante-los-ataques-de-cuatreros-refuerzan-controles-fronterizos\/#breadcrumb\",\"itemListElement\":[{\"@type\":\"ListItem\",\"position\":1,\"name\":\"Inicio\",\"item\":\"https:\/\/radioinfinitagoya.com.ar\/v1\/\"},{\"@type\":\"ListItem\",\"position\":2,\"name\":\"Corrientes: ante los ataques de cuatreros, refuerzan controles fronterizos\"}]},{\"@type\":\"WebSite\",\"@id\":\"https:\/\/radioinfinitagoya.com.ar\/v1\/#website\",\"url\":\"https:\/\/radioinfinitagoya.com.ar\/v1\/\",\"name\":\"radioinfinitagoya.com.ar\",\"description\":\"Radio de noticias\",\"publisher\":{\"@id\":\"https:\/\/radioinfinitagoya.com.ar\/v1\/#organization\"},\"potentialAction\":[{\"@type\":\"SearchAction\",\"target\":{\"@type\":\"EntryPoint\",\"urlTemplate\":\"https:\/\/radioinfinitagoya.com.ar\/v1\/?s={search_term_string}\"},\"query-input\":{\"@type\":\"PropertyValueSpecification\",\"valueRequired\":true,\"valueName\":\"search_term_string\"}}],\"inLanguage\":\"es-AR\"},{\"@type\":\"Organization\",\"@id\":\"https:\/\/radioinfinitagoya.com.ar\/v1\/#organization\",\"name\":\"Radio Infinita Goya\",\"url\":\"https:\/\/radioinfinitagoya.com.ar\/v1\/\",\"logo\":{\"@type\":\"ImageObject\",\"inLanguage\":\"es-AR\",\"@id\":\"https:\/\/radioinfinitagoya.com.ar\/v1\/#\/schema\/logo\/image\/\",\"url\":\"https:\/\/radioinfinitagoya.com.ar\/v1\/wp-content\/uploads\/2019\/11\/logo-pie-web.png\",\"contentUrl\":\"https:\/\/radioinfinitagoya.com.ar\/v1\/wp-content\/uploads\/2019\/11\/logo-pie-web.png\",\"width\":635,\"height\":326,\"caption\":\"Radio Infinita Goya\"},\"image\":{\"@id\":\"https:\/\/radioinfinitagoya.com.ar\/v1\/#\/schema\/logo\/image\/\"},\"sameAs\":[\"https:\/\/www.facebook.com\/p\/Infinita-Goya-100063870918311\/\"]},{\"@type\":\"Person\",\"@id\":\"https:\/\/radioinfinitagoya.com.ar\/v1\/#\/schema\/person\/d4cf9c413d4f6edb24aabdccab49ca4a\",\"name\":\"Jorge Mi\u00f1o\",\"image\":{\"@type\":\"ImageObject\",\"inLanguage\":\"es-AR\",\"@id\":\"https:\/\/secure.gravatar.com\/avatar\/910fcf6728fe95320e07a6643c1581fec1c7fc4bf8ae12e3d8f0d0373dc844be?s=96&d=mm&r=g\",\"url\":\"https:\/\/secure.gravatar.com\/avatar\/910fcf6728fe95320e07a6643c1581fec1c7fc4bf8ae12e3d8f0d0373dc844be?s=96&d=mm&r=g\",\"contentUrl\":\"https:\/\/secure.gravatar.com\/avatar\/910fcf6728fe95320e07a6643c1581fec1c7fc4bf8ae12e3d8f0d0373dc844be?s=96&d=mm&r=g\",\"caption\":\"Jorge Mi\u00f1o\"},\"sameAs\":[\"http:\/\/radioinfinitagoya.com.ar\"]}]}<\/script>\n<!-- \/ Yoast SEO plugin. -->","yoast_head_json":{"title":"Corrientes: ante los ataques de cuatreros, refuerzan controles fronterizos - Radio Infinita Goya","description":"El objetivo es coordinar acciones preventivas para evitar el ingreso no autorizado de brasileros por el r\u00edo Uruguay. Se dispuso el uso de drones,","robots":{"index":"index","follow":"follow","max-snippet":"max-snippet:-1","max-image-preview":"max-image-preview:large","max-video-preview":"max-video-preview:-1"},"canonical":"https:\/\/radioinfinitagoya.com.ar\/v1\/2025\/09\/12\/corrientes-ante-los-ataques-de-cuatreros-refuerzan-controles-fronterizos\/","og_locale":"es_ES","og_type":"article","og_title":"Corrientes: ante los ataques de cuatreros, refuerzan controles fronterizos - Radio Infinita Goya","og_description":"El objetivo es coordinar acciones preventivas para evitar el ingreso no autorizado de brasileros por el r\u00edo Uruguay. Se dispuso el uso de drones,","og_url":"https:\/\/radioinfinitagoya.com.ar\/v1\/2025\/09\/12\/corrientes-ante-los-ataques-de-cuatreros-refuerzan-controles-fronterizos\/","og_site_name":"Radio Infinita Goya","article_publisher":"https:\/\/www.facebook.com\/p\/Infinita-Goya-100063870918311\/","article_published_time":"2025-09-12T19:00:28+00:00","og_image":[{"width":807,"height":453,"url":"https:\/\/radioinfinitagoya.com.ar\/v1\/wp-content\/uploads\/2025\/09\/WhatsApp-Image-2025-09-12-at-9.54.17-AM.jpeg","type":"image\/jpeg"}],"author":"Jorge Mi\u00f1o","twitter_card":"summary_large_image","twitter_misc":{"Escrito por":"Jorge Mi\u00f1o","Tiempo de lectura":"3 minutos"},"schema":{"@context":"https:\/\/schema.org","@graph":[{"@type":"Article","@id":"https:\/\/radioinfinitagoya.com.ar\/v1\/2025\/09\/12\/corrientes-ante-los-ataques-de-cuatreros-refuerzan-controles-fronterizos\/#article","isPartOf":{"@id":"https:\/\/radioinfinitagoya.com.ar\/v1\/2025\/09\/12\/corrientes-ante-los-ataques-de-cuatreros-refuerzan-controles-fronterizos\/"},"author":{"name":"Jorge Mi\u00f1o","@id":"https:\/\/radioinfinitagoya.com.ar\/v1\/#\/schema\/person\/d4cf9c413d4f6edb24aabdccab49ca4a"},"headline":"Corrientes: ante los ataques de cuatreros, refuerzan controles fronterizos","datePublished":"2025-09-12T19:00:28+00:00","mainEntityOfPage":{"@id":"https:\/\/radioinfinitagoya.com.ar\/v1\/2025\/09\/12\/corrientes-ante-los-ataques-de-cuatreros-refuerzan-controles-fronterizos\/"},"wordCount":456,"publisher":{"@id":"https:\/\/radioinfinitagoya.com.ar\/v1\/#organization"},"image":{"@id":"https:\/\/radioinfinitagoya.com.ar\/v1\/2025\/09\/12\/corrientes-ante-los-ataques-de-cuatreros-refuerzan-controles-fronterizos\/#primaryimage"},"thumbnailUrl":"https:\/\/radioinfinitagoya.com.ar\/v1\/wp-content\/uploads\/2025\/09\/WhatsApp-Image-2025-09-12-at-9.54.17-AM.jpeg","articleSection":["PROVINCIALES"],"inLanguage":"es-AR"},{"@type":"WebPage","@id":"https:\/\/radioinfinitagoya.com.ar\/v1\/2025\/09\/12\/corrientes-ante-los-ataques-de-cuatreros-refuerzan-controles-fronterizos\/","url":"https:\/\/radioinfinitagoya.com.ar\/v1\/2025\/09\/12\/corrientes-ante-los-ataques-de-cuatreros-refuerzan-controles-fronterizos\/","name":"Corrientes: ante los ataques de cuatreros, refuerzan controles fronterizos - Radio Infinita Goya","isPartOf":{"@id":"https:\/\/radioinfinitagoya.com.ar\/v1\/#website"},"primaryImageOfPage":{"@id":"https:\/\/radioinfinitagoya.com.ar\/v1\/2025\/09\/12\/corrientes-ante-los-ataques-de-cuatreros-refuerzan-controles-fronterizos\/#primaryimage"},"image":{"@id":"https:\/\/radioinfinitagoya.com.ar\/v1\/2025\/09\/12\/corrientes-ante-los-ataques-de-cuatreros-refuerzan-controles-fronterizos\/#primaryimage"},"thumbnailUrl":"https:\/\/radioinfinitagoya.com.ar\/v1\/wp-content\/uploads\/2025\/09\/WhatsApp-Image-2025-09-12-at-9.54.17-AM.jpeg","datePublished":"2025-09-12T19:00:28+00:00","description":"El objetivo es coordinar acciones preventivas para evitar el ingreso no autorizado de brasileros por el r\u00edo Uruguay. Se dispuso el uso de drones,","breadcrumb":{"@id":"https:\/\/radioinfinitagoya.com.ar\/v1\/2025\/09\/12\/corrientes-ante-los-ataques-de-cuatreros-refuerzan-controles-fronterizos\/#breadcrumb"},"inLanguage":"es-AR","potentialAction":[{"@type":"ReadAction","target":["https:\/\/radioinfinitagoya.com.ar\/v1\/2025\/09\/12\/corrientes-ante-los-ataques-de-cuatreros-refuerzan-controles-fronterizos\/"]}]},{"@type":"ImageObject","inLanguage":"es-AR","@id":"https:\/\/radioinfinitagoya.com.ar\/v1\/2025\/09\/12\/corrientes-ante-los-ataques-de-cuatreros-refuerzan-controles-fronterizos\/#primaryimage","url":"https:\/\/radioinfinitagoya.com.ar\/v1\/wp-content\/uploads\/2025\/09\/WhatsApp-Image-2025-09-12-at-9.54.17-AM.jpeg","contentUrl":"https:\/\/radioinfinitagoya.com.ar\/v1\/wp-content\/uploads\/2025\/09\/WhatsApp-Image-2025-09-12-at-9.54.17-AM.jpeg","width":807,"height":453},{"@type":"BreadcrumbList","@id":"https:\/\/radioinfinitagoya.com.ar\/v1\/2025\/09\/12\/corrientes-ante-los-ataques-de-cuatreros-refuerzan-controles-fronterizos\/#breadcrumb","itemListElement":[{"@type":"ListItem","position":1,"name":"Inicio","item":"https:\/\/radioinfinitagoya.com.ar\/v1\/"},{"@type":"ListItem","position":2,"name":"Corrientes: ante los ataques de cuatreros, refuerzan controles fronterizos"}]},{"@type":"WebSite","@id":"https:\/\/radioinfinitagoya.com.ar\/v1\/#website","url":"https:\/\/radioinfinitagoya.com.ar\/v1\/","name":"radioinfinitagoya.com.ar","description":"Radio de noticias","publisher":{"@id":"https:\/\/radioinfinitagoya.com.ar\/v1\/#organization"},"potentialAction":[{"@type":"SearchAction","target":{"@type":"EntryPoint","urlTemplate":"https:\/\/radioinfinitagoya.com.ar\/v1\/?s={search_term_string}"},"query-input":{"@type":"PropertyValueSpecification","valueRequired":true,"valueName":"search_term_string"}}],"inLanguage":"es-AR"},{"@type":"Organization","@id":"https:\/\/radioinfinitagoya.com.ar\/v1\/#organization","name":"Radio Infinita Goya","url":"https:\/\/radioinfinitagoya.com.ar\/v1\/","logo":{"@type":"ImageObject","inLanguage":"es-AR","@id":"https:\/\/radioinfinitagoya.com.ar\/v1\/#\/schema\/logo\/image\/","url":"https:\/\/radioinfinitagoya.com.ar\/v1\/wp-content\/uploads\/2019\/11\/logo-pie-web.png","contentUrl":"https:\/\/radioinfinitagoya.com.ar\/v1\/wp-content\/uploads\/2019\/11\/logo-pie-web.png","width":635,"height":326,"caption":"Radio Infinita Goya"},"image":{"@id":"https:\/\/radioinfinitagoya.com.ar\/v1\/#\/schema\/logo\/image\/"},"sameAs":["https:\/\/www.facebook.com\/p\/Infinita-Goya-100063870918311\/"]},{"@type":"Person","@id":"https:\/\/radioinfinitagoya.com.ar\/v1\/#\/schema\/person\/d4cf9c413d4f6edb24aabdccab49ca4a","name":"Jorge Mi\u00f1o","image":{"@type":"ImageObject","inLanguage":"es-AR","@id":"https:\/\/secure.gravatar.com\/avatar\/910fcf6728fe95320e07a6643c1581fec1c7fc4bf8ae12e3d8f0d0373dc844be?s=96&d=mm&r=g","url":"https:\/\/secure.gravatar.com\/avatar\/910fcf6728fe95320e07a6643c1581fec1c7fc4bf8ae12e3d8f0d0373dc844be?s=96&d=mm&r=g","contentUrl":"https:\/\/secure.gravatar.com\/avatar\/910fcf6728fe95320e07a6643c1581fec1c7fc4bf8ae12e3d8f0d0373dc844be?s=96&d=mm&r=g","caption":"Jorge Mi\u00f1o"},"sameAs":["http:\/\/radioinfinitagoya.com.ar"]}]}},"_links":{"self":[{"href":"https:\/\/radioinfinitagoya.com.ar\/v1\/wp-json\/wp\/v2\/posts\/195782","targetHints":{"allow":["GET"]}}],"collection":[{"href":"https:\/\/radioinfinitagoya.com.ar\/v1\/wp-json\/wp\/v2\/posts"}],"about":[{"href":"https:\/\/radioinfinitagoya.com.ar\/v1\/wp-json\/wp\/v2\/types\/post"}],"author":[{"embeddable":true,"href":"https:\/\/radioinfinitagoya.com.ar\/v1\/wp-json\/wp\/v2\/users\/4"}],"replies":[{"embeddable":true,"href":"https:\/\/radioinfinitagoya.com.ar\/v1\/wp-json\/wp\/v2\/comments?post=195782"}],"version-history":[{"count":0,"href":"https:\/\/radioinfinitagoya.com.ar\/v1\/wp-json\/wp\/v2\/posts\/195782\/revisions"}],"wp:featuredmedia":[{"embeddable":true,"href":"https:\/\/radioinfinitagoya.com.ar\/v1\/wp-json\/wp\/v2\/media\/195783"}],"wp:attachment":[{"href":"https:\/\/radioinfinitagoya.com.ar\/v1\/wp-json\/wp\/v2\/media?parent=195782"}],"wp:term":[{"taxonomy":"category","embeddable":true,"href":"https:\/\/radioinfinitagoya.com.ar\/v1\/wp-json\/wp\/v2\/categories?post=195782"},{"taxonomy":"post_tag","embeddable":true,"href":"https:\/\/radioinfinitagoya.com.ar\/v1\/wp-json\/wp\/v2\/tags?post=195782"}],"curies":[{"name":"wp","href":"https:\/\/api.w.org\/{rel}","templated":true}]}}