{"id":195794,"date":"2025-09-12T16:20:40","date_gmt":"2025-09-12T19:20:40","guid":{"rendered":"https:\/\/radioinfinitagoya.com.ar\/v1\/?p=195794"},"modified":"2025-09-12T16:20:40","modified_gmt":"2025-09-12T19:20:40","slug":"paro-y-ruidazo-nacional-contra-el-veto-a-la-ley-de-financiamiento-del-hospital-garrahan","status":"publish","type":"post","link":"https:\/\/radioinfinitagoya.com.ar\/v1\/2025\/09\/12\/paro-y-ruidazo-nacional-contra-el-veto-a-la-ley-de-financiamiento-del-hospital-garrahan\/","title":{"rendered":"Paro y ruidazo nacional contra el veto a la ley de financiamiento del Hospital Garrahan"},"content":{"rendered":"<p>La decisi\u00f3n fue tomada por los profesionales y t\u00e9cnicos del centro de salud, que piden a los legisladores que traten el caso en el Congreso.<\/p>\n<p>Despu\u00e9s de que Javier Milei vetara la ley de emergencia pedi\u00e1trica, trabajadores del Hospital Garrahan confirmaron un nuevo paro en ese centro m\u00e9dico. Ser\u00e1 este viernes 12 desde las 7 de la ma\u00f1ana y durar\u00e1 24 horas.<\/p>\n<p>&#8220;Est\u00e1bamos convencidos de que hab\u00eda que luchar por esta ley. Necesitamos que el Hospital Garrahan reciba un salvataje del Gobierno nacional, porque se est\u00e1 hundiendo, est\u00e1 goteando, los profesionales que se van, los insumos que faltan. Es una situaci\u00f3n desesperante&#8221;, argument\u00f3 Norma Lezana, secretaria general de la Asociaci\u00f3n de Profesionales y T\u00e9cnicos del Garrahan.<\/p>\n<p>Explicaron que, durante el paro del personal m\u00e9dico y no m\u00e9dico, s\u00f3lo habr\u00e1 asistencia en las internaciones y en la guardia.<\/p>\n<p>El veto de Milei a la ley de emergencia pedi\u00e1trica, que dispone m\u00e1s fondos para el Garrahan, se public\u00f3 este jueves en el Bolet\u00edn Oficial.<\/p>\n<p>En Diputados quieren sesionar el mi\u00e9rcoles 17 para tratar esa medida. El Senado tiene prevista una sesi\u00f3n el jueves 18. El Congreso ya rechaz\u00f3 una iniciativa similar del Presidente, sobre la ley de emergencia en Discapacidad.<\/p>\n<p>Los trabajadores del Garrahan, adem\u00e1s, anticiparon que el lunes har\u00e1n una conferencia de prensa para instar a diputados y senadores a tratar de modo &#8220;urgente&#8221; los vetos, entre los que se encuentra el de la ley de financiamiento universitario.<br \/>\nAdelantaron tambi\u00e9n que cuando Diputados trate el veto har\u00e1n manifestaciones en todo el pa\u00eds.<\/p>\n<p>Los trabajadores del hospital pedi\u00e1trico ya hab\u00edan adelantado este mi\u00e9rcoles que, si se confirmaba el veto, har\u00edan una medida de fuerza. Adem\u00e1s, convocaron a &#8220;un gran ruidazo nacional&#8221; para defender al Garrahan y tambi\u00e9n a las universidades nacionales. &#8220;Hoy m\u00e1s que nunca te convocamos a que ma\u00f1ana a las 20 horas podamos llevar adelante un ruidazo nacional\u201d, se\u00f1alaron.<\/p>\n<p>&nbsp;<\/p>\n","protected":false},"excerpt":{"rendered":"<p>La decisi\u00f3n fue tomada por los profesionales y t\u00e9cnicos del centro de salud, que piden a los legisladores que traten el caso en el Congreso. Despu\u00e9s de que Javier Milei vetara la ley de emergencia pedi\u00e1trica, trabajadores del Hospital Garrahan confirmaron un nuevo paro en ese centro m\u00e9dico. Ser\u00e1 este viernes 12 desde las 7 [&hellip;]<\/p>\n","protected":false},"author":4,"featured_media":195795,"comment_status":"closed","ping_status":"closed","sticky":false,"template":"","format":"standard","meta":{"_joinchat":[],"footnotes":""},"categories":[29],"tags":[],"class_list":{"0":"post-195794","1":"post","2":"type-post","3":"status-publish","4":"format-standard","5":"has-post-thumbnail","7":"category-nacionales"},"yoast_head":"<!-- This site is optimized with the Yoast SEO plugin v27.2 - https:\/\/yoast.com\/product\/yoast-seo-wordpress\/ -->\n<title>Paro y ruidazo nacional contra el veto a la ley de financiamiento del Hospital Garrahan - Radio Infinita Goya<\/title>\n<meta name=\"description\" content=\"La decisi\u00f3n fue tomada por los profesionales y t\u00e9cnicos del centro de salud, que piden a los legisladores que traten el caso en el Congreso. Despu\u00e9s de\" \/>\n<meta name=\"robots\" content=\"index, follow, max-snippet:-1, max-image-preview:large, max-video-preview:-1\" \/>\n<link rel=\"canonical\" href=\"https:\/\/radioinfinitagoya.com.ar\/v1\/2025\/09\/12\/paro-y-ruidazo-nacional-contra-el-veto-a-la-ley-de-financiamiento-del-hospital-garrahan\/\" \/>\n<meta property=\"og:locale\" content=\"es_ES\" \/>\n<meta property=\"og:type\" content=\"article\" \/>\n<meta property=\"og:title\" content=\"Paro y ruidazo nacional contra el veto a la ley de financiamiento del Hospital Garrahan - Radio Infinita Goya\" \/>\n<meta property=\"og:description\" content=\"La decisi\u00f3n fue tomada por los profesionales y t\u00e9cnicos del centro de salud, que piden a los legisladores que traten el caso en el Congreso. Despu\u00e9s de\" \/>\n<meta property=\"og:url\" content=\"https:\/\/radioinfinitagoya.com.ar\/v1\/2025\/09\/12\/paro-y-ruidazo-nacional-contra-el-veto-a-la-ley-de-financiamiento-del-hospital-garrahan\/\" \/>\n<meta property=\"og:site_name\" content=\"Radio Infinita Goya\" \/>\n<meta property=\"article:publisher\" content=\"https:\/\/www.facebook.com\/p\/Infinita-Goya-100063870918311\/\" \/>\n<meta property=\"article:published_time\" content=\"2025-09-12T19:20:40+00:00\" \/>\n<meta property=\"og:image\" content=\"https:\/\/radioinfinitagoya.com.ar\/v1\/wp-content\/uploads\/2025\/09\/i_F_akKb.jpg\" \/>\n\t<meta property=\"og:image:width\" content=\"640\" \/>\n\t<meta property=\"og:image:height\" content=\"288\" \/>\n\t<meta property=\"og:image:type\" content=\"image\/jpeg\" \/>\n<meta name=\"author\" content=\"Jorge Mi\u00f1o\" \/>\n<meta name=\"twitter:card\" content=\"summary_large_image\" \/>\n<meta name=\"twitter:label1\" content=\"Escrito por\" \/>\n\t<meta name=\"twitter:data1\" content=\"Jorge Mi\u00f1o\" \/>\n\t<meta name=\"twitter:label2\" content=\"Tiempo de lectura\" \/>\n\t<meta name=\"twitter:data2\" content=\"2 minutos\" \/>\n<script type=\"application\/ld+json\" class=\"yoast-schema-graph\">{\"@context\":\"https:\/\/schema.org\",\"@graph\":[{\"@type\":\"Article\",\"@id\":\"https:\/\/radioinfinitagoya.com.ar\/v1\/2025\/09\/12\/paro-y-ruidazo-nacional-contra-el-veto-a-la-ley-de-financiamiento-del-hospital-garrahan\/#article\",\"isPartOf\":{\"@id\":\"https:\/\/radioinfinitagoya.com.ar\/v1\/2025\/09\/12\/paro-y-ruidazo-nacional-contra-el-veto-a-la-ley-de-financiamiento-del-hospital-garrahan\/\"},\"author\":{\"name\":\"Jorge Mi\u00f1o\",\"@id\":\"https:\/\/radioinfinitagoya.com.ar\/v1\/#\/schema\/person\/d4cf9c413d4f6edb24aabdccab49ca4a\"},\"headline\":\"Paro y ruidazo nacional contra el veto a la ley de financiamiento del Hospital Garrahan\",\"datePublished\":\"2025-09-12T19:20:40+00:00\",\"mainEntityOfPage\":{\"@id\":\"https:\/\/radioinfinitagoya.com.ar\/v1\/2025\/09\/12\/paro-y-ruidazo-nacional-contra-el-veto-a-la-ley-de-financiamiento-del-hospital-garrahan\/\"},\"wordCount\":352,\"publisher\":{\"@id\":\"https:\/\/radioinfinitagoya.com.ar\/v1\/#organization\"},\"image\":{\"@id\":\"https:\/\/radioinfinitagoya.com.ar\/v1\/2025\/09\/12\/paro-y-ruidazo-nacional-contra-el-veto-a-la-ley-de-financiamiento-del-hospital-garrahan\/#primaryimage\"},\"thumbnailUrl\":\"https:\/\/radioinfinitagoya.com.ar\/v1\/wp-content\/uploads\/2025\/09\/i_F_akKb.jpg\",\"articleSection\":[\"NACIONALES\"],\"inLanguage\":\"es-AR\"},{\"@type\":\"WebPage\",\"@id\":\"https:\/\/radioinfinitagoya.com.ar\/v1\/2025\/09\/12\/paro-y-ruidazo-nacional-contra-el-veto-a-la-ley-de-financiamiento-del-hospital-garrahan\/\",\"url\":\"https:\/\/radioinfinitagoya.com.ar\/v1\/2025\/09\/12\/paro-y-ruidazo-nacional-contra-el-veto-a-la-ley-de-financiamiento-del-hospital-garrahan\/\",\"name\":\"Paro y ruidazo nacional contra el veto a la ley de financiamiento del Hospital Garrahan - Radio Infinita Goya\",\"isPartOf\":{\"@id\":\"https:\/\/radioinfinitagoya.com.ar\/v1\/#website\"},\"primaryImageOfPage\":{\"@id\":\"https:\/\/radioinfinitagoya.com.ar\/v1\/2025\/09\/12\/paro-y-ruidazo-nacional-contra-el-veto-a-la-ley-de-financiamiento-del-hospital-garrahan\/#primaryimage\"},\"image\":{\"@id\":\"https:\/\/radioinfinitagoya.com.ar\/v1\/2025\/09\/12\/paro-y-ruidazo-nacional-contra-el-veto-a-la-ley-de-financiamiento-del-hospital-garrahan\/#primaryimage\"},\"thumbnailUrl\":\"https:\/\/radioinfinitagoya.com.ar\/v1\/wp-content\/uploads\/2025\/09\/i_F_akKb.jpg\",\"datePublished\":\"2025-09-12T19:20:40+00:00\",\"description\":\"La decisi\u00f3n fue tomada por los profesionales y t\u00e9cnicos del centro de salud, que piden a los legisladores que traten el caso en el Congreso. Despu\u00e9s de\",\"breadcrumb\":{\"@id\":\"https:\/\/radioinfinitagoya.com.ar\/v1\/2025\/09\/12\/paro-y-ruidazo-nacional-contra-el-veto-a-la-ley-de-financiamiento-del-hospital-garrahan\/#breadcrumb\"},\"inLanguage\":\"es-AR\",\"potentialAction\":[{\"@type\":\"ReadAction\",\"target\":[\"https:\/\/radioinfinitagoya.com.ar\/v1\/2025\/09\/12\/paro-y-ruidazo-nacional-contra-el-veto-a-la-ley-de-financiamiento-del-hospital-garrahan\/\"]}]},{\"@type\":\"ImageObject\",\"inLanguage\":\"es-AR\",\"@id\":\"https:\/\/radioinfinitagoya.com.ar\/v1\/2025\/09\/12\/paro-y-ruidazo-nacional-contra-el-veto-a-la-ley-de-financiamiento-del-hospital-garrahan\/#primaryimage\",\"url\":\"https:\/\/radioinfinitagoya.com.ar\/v1\/wp-content\/uploads\/2025\/09\/i_F_akKb.jpg\",\"contentUrl\":\"https:\/\/radioinfinitagoya.com.ar\/v1\/wp-content\/uploads\/2025\/09\/i_F_akKb.jpg\",\"width\":640,\"height\":288},{\"@type\":\"BreadcrumbList\",\"@id\":\"https:\/\/radioinfinitagoya.com.ar\/v1\/2025\/09\/12\/paro-y-ruidazo-nacional-contra-el-veto-a-la-ley-de-financiamiento-del-hospital-garrahan\/#breadcrumb\",\"itemListElement\":[{\"@type\":\"ListItem\",\"position\":1,\"name\":\"Inicio\",\"item\":\"https:\/\/radioinfinitagoya.com.ar\/v1\/\"},{\"@type\":\"ListItem\",\"position\":2,\"name\":\"Paro y ruidazo nacional contra el veto a la ley de financiamiento del Hospital Garrahan\"}]},{\"@type\":\"WebSite\",\"@id\":\"https:\/\/radioinfinitagoya.com.ar\/v1\/#website\",\"url\":\"https:\/\/radioinfinitagoya.com.ar\/v1\/\",\"name\":\"radioinfinitagoya.com.ar\",\"description\":\"Radio de noticias\",\"publisher\":{\"@id\":\"https:\/\/radioinfinitagoya.com.ar\/v1\/#organization\"},\"potentialAction\":[{\"@type\":\"SearchAction\",\"target\":{\"@type\":\"EntryPoint\",\"urlTemplate\":\"https:\/\/radioinfinitagoya.com.ar\/v1\/?s={search_term_string}\"},\"query-input\":{\"@type\":\"PropertyValueSpecification\",\"valueRequired\":true,\"valueName\":\"search_term_string\"}}],\"inLanguage\":\"es-AR\"},{\"@type\":\"Organization\",\"@id\":\"https:\/\/radioinfinitagoya.com.ar\/v1\/#organization\",\"name\":\"Radio Infinita Goya\",\"url\":\"https:\/\/radioinfinitagoya.com.ar\/v1\/\",\"logo\":{\"@type\":\"ImageObject\",\"inLanguage\":\"es-AR\",\"@id\":\"https:\/\/radioinfinitagoya.com.ar\/v1\/#\/schema\/logo\/image\/\",\"url\":\"https:\/\/radioinfinitagoya.com.ar\/v1\/wp-content\/uploads\/2019\/11\/logo-pie-web.png\",\"contentUrl\":\"https:\/\/radioinfinitagoya.com.ar\/v1\/wp-content\/uploads\/2019\/11\/logo-pie-web.png\",\"width\":635,\"height\":326,\"caption\":\"Radio Infinita Goya\"},\"image\":{\"@id\":\"https:\/\/radioinfinitagoya.com.ar\/v1\/#\/schema\/logo\/image\/\"},\"sameAs\":[\"https:\/\/www.facebook.com\/p\/Infinita-Goya-100063870918311\/\"]},{\"@type\":\"Person\",\"@id\":\"https:\/\/radioinfinitagoya.com.ar\/v1\/#\/schema\/person\/d4cf9c413d4f6edb24aabdccab49ca4a\",\"name\":\"Jorge Mi\u00f1o\",\"image\":{\"@type\":\"ImageObject\",\"inLanguage\":\"es-AR\",\"@id\":\"https:\/\/secure.gravatar.com\/avatar\/910fcf6728fe95320e07a6643c1581fec1c7fc4bf8ae12e3d8f0d0373dc844be?s=96&d=mm&r=g\",\"url\":\"https:\/\/secure.gravatar.com\/avatar\/910fcf6728fe95320e07a6643c1581fec1c7fc4bf8ae12e3d8f0d0373dc844be?s=96&d=mm&r=g\",\"contentUrl\":\"https:\/\/secure.gravatar.com\/avatar\/910fcf6728fe95320e07a6643c1581fec1c7fc4bf8ae12e3d8f0d0373dc844be?s=96&d=mm&r=g\",\"caption\":\"Jorge Mi\u00f1o\"},\"sameAs\":[\"http:\/\/radioinfinitagoya.com.ar\"]}]}<\/script>\n<!-- \/ Yoast SEO plugin. -->","yoast_head_json":{"title":"Paro y ruidazo nacional contra el veto a la ley de financiamiento del Hospital Garrahan - Radio Infinita Goya","description":"La decisi\u00f3n fue tomada por los profesionales y t\u00e9cnicos del centro de salud, que piden a los legisladores que traten el caso en el Congreso. Despu\u00e9s de","robots":{"index":"index","follow":"follow","max-snippet":"max-snippet:-1","max-image-preview":"max-image-preview:large","max-video-preview":"max-video-preview:-1"},"canonical":"https:\/\/radioinfinitagoya.com.ar\/v1\/2025\/09\/12\/paro-y-ruidazo-nacional-contra-el-veto-a-la-ley-de-financiamiento-del-hospital-garrahan\/","og_locale":"es_ES","og_type":"article","og_title":"Paro y ruidazo nacional contra el veto a la ley de financiamiento del Hospital Garrahan - Radio Infinita Goya","og_description":"La decisi\u00f3n fue tomada por los profesionales y t\u00e9cnicos del centro de salud, que piden a los legisladores que traten el caso en el Congreso. Despu\u00e9s de","og_url":"https:\/\/radioinfinitagoya.com.ar\/v1\/2025\/09\/12\/paro-y-ruidazo-nacional-contra-el-veto-a-la-ley-de-financiamiento-del-hospital-garrahan\/","og_site_name":"Radio Infinita Goya","article_publisher":"https:\/\/www.facebook.com\/p\/Infinita-Goya-100063870918311\/","article_published_time":"2025-09-12T19:20:40+00:00","og_image":[{"width":640,"height":288,"url":"https:\/\/radioinfinitagoya.com.ar\/v1\/wp-content\/uploads\/2025\/09\/i_F_akKb.jpg","type":"image\/jpeg"}],"author":"Jorge Mi\u00f1o","twitter_card":"summary_large_image","twitter_misc":{"Escrito por":"Jorge Mi\u00f1o","Tiempo de lectura":"2 minutos"},"schema":{"@context":"https:\/\/schema.org","@graph":[{"@type":"Article","@id":"https:\/\/radioinfinitagoya.com.ar\/v1\/2025\/09\/12\/paro-y-ruidazo-nacional-contra-el-veto-a-la-ley-de-financiamiento-del-hospital-garrahan\/#article","isPartOf":{"@id":"https:\/\/radioinfinitagoya.com.ar\/v1\/2025\/09\/12\/paro-y-ruidazo-nacional-contra-el-veto-a-la-ley-de-financiamiento-del-hospital-garrahan\/"},"author":{"name":"Jorge Mi\u00f1o","@id":"https:\/\/radioinfinitagoya.com.ar\/v1\/#\/schema\/person\/d4cf9c413d4f6edb24aabdccab49ca4a"},"headline":"Paro y ruidazo nacional contra el veto a la ley de financiamiento del Hospital Garrahan","datePublished":"2025-09-12T19:20:40+00:00","mainEntityOfPage":{"@id":"https:\/\/radioinfinitagoya.com.ar\/v1\/2025\/09\/12\/paro-y-ruidazo-nacional-contra-el-veto-a-la-ley-de-financiamiento-del-hospital-garrahan\/"},"wordCount":352,"publisher":{"@id":"https:\/\/radioinfinitagoya.com.ar\/v1\/#organization"},"image":{"@id":"https:\/\/radioinfinitagoya.com.ar\/v1\/2025\/09\/12\/paro-y-ruidazo-nacional-contra-el-veto-a-la-ley-de-financiamiento-del-hospital-garrahan\/#primaryimage"},"thumbnailUrl":"https:\/\/radioinfinitagoya.com.ar\/v1\/wp-content\/uploads\/2025\/09\/i_F_akKb.jpg","articleSection":["NACIONALES"],"inLanguage":"es-AR"},{"@type":"WebPage","@id":"https:\/\/radioinfinitagoya.com.ar\/v1\/2025\/09\/12\/paro-y-ruidazo-nacional-contra-el-veto-a-la-ley-de-financiamiento-del-hospital-garrahan\/","url":"https:\/\/radioinfinitagoya.com.ar\/v1\/2025\/09\/12\/paro-y-ruidazo-nacional-contra-el-veto-a-la-ley-de-financiamiento-del-hospital-garrahan\/","name":"Paro y ruidazo nacional contra el veto a la ley de financiamiento del Hospital Garrahan - Radio Infinita Goya","isPartOf":{"@id":"https:\/\/radioinfinitagoya.com.ar\/v1\/#website"},"primaryImageOfPage":{"@id":"https:\/\/radioinfinitagoya.com.ar\/v1\/2025\/09\/12\/paro-y-ruidazo-nacional-contra-el-veto-a-la-ley-de-financiamiento-del-hospital-garrahan\/#primaryimage"},"image":{"@id":"https:\/\/radioinfinitagoya.com.ar\/v1\/2025\/09\/12\/paro-y-ruidazo-nacional-contra-el-veto-a-la-ley-de-financiamiento-del-hospital-garrahan\/#primaryimage"},"thumbnailUrl":"https:\/\/radioinfinitagoya.com.ar\/v1\/wp-content\/uploads\/2025\/09\/i_F_akKb.jpg","datePublished":"2025-09-12T19:20:40+00:00","description":"La decisi\u00f3n fue tomada por los profesionales y t\u00e9cnicos del centro de salud, que piden a los legisladores que traten el caso en el Congreso. Despu\u00e9s de","breadcrumb":{"@id":"https:\/\/radioinfinitagoya.com.ar\/v1\/2025\/09\/12\/paro-y-ruidazo-nacional-contra-el-veto-a-la-ley-de-financiamiento-del-hospital-garrahan\/#breadcrumb"},"inLanguage":"es-AR","potentialAction":[{"@type":"ReadAction","target":["https:\/\/radioinfinitagoya.com.ar\/v1\/2025\/09\/12\/paro-y-ruidazo-nacional-contra-el-veto-a-la-ley-de-financiamiento-del-hospital-garrahan\/"]}]},{"@type":"ImageObject","inLanguage":"es-AR","@id":"https:\/\/radioinfinitagoya.com.ar\/v1\/2025\/09\/12\/paro-y-ruidazo-nacional-contra-el-veto-a-la-ley-de-financiamiento-del-hospital-garrahan\/#primaryimage","url":"https:\/\/radioinfinitagoya.com.ar\/v1\/wp-content\/uploads\/2025\/09\/i_F_akKb.jpg","contentUrl":"https:\/\/radioinfinitagoya.com.ar\/v1\/wp-content\/uploads\/2025\/09\/i_F_akKb.jpg","width":640,"height":288},{"@type":"BreadcrumbList","@id":"https:\/\/radioinfinitagoya.com.ar\/v1\/2025\/09\/12\/paro-y-ruidazo-nacional-contra-el-veto-a-la-ley-de-financiamiento-del-hospital-garrahan\/#breadcrumb","itemListElement":[{"@type":"ListItem","position":1,"name":"Inicio","item":"https:\/\/radioinfinitagoya.com.ar\/v1\/"},{"@type":"ListItem","position":2,"name":"Paro y ruidazo nacional contra el veto a la ley de financiamiento del Hospital Garrahan"}]},{"@type":"WebSite","@id":"https:\/\/radioinfinitagoya.com.ar\/v1\/#website","url":"https:\/\/radioinfinitagoya.com.ar\/v1\/","name":"radioinfinitagoya.com.ar","description":"Radio de noticias","publisher":{"@id":"https:\/\/radioinfinitagoya.com.ar\/v1\/#organization"},"potentialAction":[{"@type":"SearchAction","target":{"@type":"EntryPoint","urlTemplate":"https:\/\/radioinfinitagoya.com.ar\/v1\/?s={search_term_string}"},"query-input":{"@type":"PropertyValueSpecification","valueRequired":true,"valueName":"search_term_string"}}],"inLanguage":"es-AR"},{"@type":"Organization","@id":"https:\/\/radioinfinitagoya.com.ar\/v1\/#organization","name":"Radio Infinita Goya","url":"https:\/\/radioinfinitagoya.com.ar\/v1\/","logo":{"@type":"ImageObject","inLanguage":"es-AR","@id":"https:\/\/radioinfinitagoya.com.ar\/v1\/#\/schema\/logo\/image\/","url":"https:\/\/radioinfinitagoya.com.ar\/v1\/wp-content\/uploads\/2019\/11\/logo-pie-web.png","contentUrl":"https:\/\/radioinfinitagoya.com.ar\/v1\/wp-content\/uploads\/2019\/11\/logo-pie-web.png","width":635,"height":326,"caption":"Radio Infinita Goya"},"image":{"@id":"https:\/\/radioinfinitagoya.com.ar\/v1\/#\/schema\/logo\/image\/"},"sameAs":["https:\/\/www.facebook.com\/p\/Infinita-Goya-100063870918311\/"]},{"@type":"Person","@id":"https:\/\/radioinfinitagoya.com.ar\/v1\/#\/schema\/person\/d4cf9c413d4f6edb24aabdccab49ca4a","name":"Jorge Mi\u00f1o","image":{"@type":"ImageObject","inLanguage":"es-AR","@id":"https:\/\/secure.gravatar.com\/avatar\/910fcf6728fe95320e07a6643c1581fec1c7fc4bf8ae12e3d8f0d0373dc844be?s=96&d=mm&r=g","url":"https:\/\/secure.gravatar.com\/avatar\/910fcf6728fe95320e07a6643c1581fec1c7fc4bf8ae12e3d8f0d0373dc844be?s=96&d=mm&r=g","contentUrl":"https:\/\/secure.gravatar.com\/avatar\/910fcf6728fe95320e07a6643c1581fec1c7fc4bf8ae12e3d8f0d0373dc844be?s=96&d=mm&r=g","caption":"Jorge Mi\u00f1o"},"sameAs":["http:\/\/radioinfinitagoya.com.ar"]}]}},"_links":{"self":[{"href":"https:\/\/radioinfinitagoya.com.ar\/v1\/wp-json\/wp\/v2\/posts\/195794","targetHints":{"allow":["GET"]}}],"collection":[{"href":"https:\/\/radioinfinitagoya.com.ar\/v1\/wp-json\/wp\/v2\/posts"}],"about":[{"href":"https:\/\/radioinfinitagoya.com.ar\/v1\/wp-json\/wp\/v2\/types\/post"}],"author":[{"embeddable":true,"href":"https:\/\/radioinfinitagoya.com.ar\/v1\/wp-json\/wp\/v2\/users\/4"}],"replies":[{"embeddable":true,"href":"https:\/\/radioinfinitagoya.com.ar\/v1\/wp-json\/wp\/v2\/comments?post=195794"}],"version-history":[{"count":0,"href":"https:\/\/radioinfinitagoya.com.ar\/v1\/wp-json\/wp\/v2\/posts\/195794\/revisions"}],"wp:featuredmedia":[{"embeddable":true,"href":"https:\/\/radioinfinitagoya.com.ar\/v1\/wp-json\/wp\/v2\/media\/195795"}],"wp:attachment":[{"href":"https:\/\/radioinfinitagoya.com.ar\/v1\/wp-json\/wp\/v2\/media?parent=195794"}],"wp:term":[{"taxonomy":"category","embeddable":true,"href":"https:\/\/radioinfinitagoya.com.ar\/v1\/wp-json\/wp\/v2\/categories?post=195794"},{"taxonomy":"post_tag","embeddable":true,"href":"https:\/\/radioinfinitagoya.com.ar\/v1\/wp-json\/wp\/v2\/tags?post=195794"}],"curies":[{"name":"wp","href":"https:\/\/api.w.org\/{rel}","templated":true}]}}