{"id":195797,"date":"2025-09-12T16:23:02","date_gmt":"2025-09-12T19:23:02","guid":{"rendered":"https:\/\/radioinfinitagoya.com.ar\/v1\/?p=195797"},"modified":"2025-09-12T16:23:02","modified_gmt":"2025-09-12T19:23:02","slug":"corrientes-suma-medallas-en-los-jadar","status":"publish","type":"post","link":"https:\/\/radioinfinitagoya.com.ar\/v1\/2025\/09\/12\/corrientes-suma-medallas-en-los-jadar\/","title":{"rendered":"Corrientes suma medallas en los Jadar"},"content":{"rendered":"<p>La delegaci\u00f3n de Corrientes tuvo un buen arranque en la primera edici\u00f3n de los Juegos Argentinos de Alto Rendimiento Deportivo (Jadar) &#8211; Rosario 2025. Durante las jornadas iniciales, Corrientes subi\u00f3 el podio en cinco oportunidades. Leonardo Godoy logr\u00f3 dos medallas de oro en ecuestre, la plata lleg\u00f3 en el boxeo con Brisa Oviedo, Irina Zibelman y Celia Rodr\u00edguez consiguieron bronce en remo, lo mismo que Agustina Rodr\u00edguez en judo.<\/p>\n<p>Godoy, en adiestramiento, fue medalla de oro en la modalidad Big Tour y oro en Medium Tour. El montecasere\u00f1o reside en Z\u00e1rate, provincia de Buenos Aires, donde se desempe\u00f1a como jinete en Haras La Sagisciana, dedicado al adiestramiento de caballos lusitano. Entrena en las pistas del Haras bajo la supervisi\u00f3n t\u00e9cnica de C\u00e9sar Lopardo Grana y Antonio D\u00edaz Porra. Desde sus inicios en esta disciplina, a mediados de 2018, ya obtuvo varios torneos de relevancia y un Nacional en su especialidad.<\/p>\n<p>La \u00fanica medalla de plata hasta el momento la dio el boxeo con Brisa Oviedo en la categor\u00eda hasta 51 kilos. El oro fue para Tatiana Flores de Buenos Aires. Por su parte, Zibelman y Rodr\u00edguez, se colgaron la medalla de bronce en remo. La dupla correntina obtuvo el tercer puesto en la modalidad doble par senior femenino en los Juegos Argentinos de Alto Rendimiento, que comenzaron el martes pasado en la Provincia de Santa Fe. La Laguna Set\u00fabal recibi\u00f3 a remeros de distintas provincias, que ajustaron sus botes en busca de los primeros puestos.<\/p>\n<p>En ese marco, Irina Zibelman y Celia Rodr\u00edguez lograron posicionarse en tercer lugar con un tiempo de 3 minutos 46 segundos. La prueba fue ganada por las representantes de la Ciudad Aut\u00f3noma de Buenos Aires (Carmela Molina y Catalina De Andrea). En tanto que Irina Zibelman qued\u00f3 sexta en el Single femenino, la misma ubicaci\u00f3n que logr\u00f3 Tom\u00e1s Romero qued\u00f3 sexto en Single masculino. En la final peso ligero, single femenino, Celia Rodr\u00edguez finaliz\u00f3 en el quinto lugar. En el doble par masculino, Alejandro G\u00f3mez y Enzo Luj\u00e1n quedaron en el cuarto lugar.<\/p>\n<p>En tanto, Agustina Rodr\u00edguez logr\u00f3 el tercer puesto en la categor\u00eda hasta 63 kilos. La medalla de oro fue para Agustina De Luc\u00eda de Santa Fe y la presea de plata qued\u00f3 para Iara Figueroa de R\u00edo Negro. Los Juegos Jadar, que en su primera edici\u00f3n se realizar\u00e1n hasta el 14 de septiembre, son el m\u00e1ximo evento multideportivo que tendr\u00e1 Argentina, y se disputar\u00e1n cada cuatro a\u00f1os. Es el primer escal\u00f3n hacia los Juegos Ol\u00edmpicos de Los \u00c1ngeles 2028, despu\u00e9s vendr\u00e1n los Sudamericanos y posteriormente, en 2027, los Panamericanos de Lima. En Rosario se disputar\u00e1n 58 disciplinas, 41 ol\u00edmpicas y 11 paral\u00edmpicas. Participar\u00e1n m\u00e1s de 2.500 atletas convencionales y adaptados.<\/p>\n","protected":false},"excerpt":{"rendered":"<p>La delegaci\u00f3n de Corrientes tuvo un buen arranque en la primera edici\u00f3n de los Juegos Argentinos de Alto Rendimiento Deportivo (Jadar) &#8211; Rosario 2025. Durante las jornadas iniciales, Corrientes subi\u00f3 el podio en cinco oportunidades. Leonardo Godoy logr\u00f3 dos medallas de oro en ecuestre, la plata lleg\u00f3 en el boxeo con Brisa Oviedo, Irina Zibelman [&hellip;]<\/p>\n","protected":false},"author":4,"featured_media":195798,"comment_status":"closed","ping_status":"closed","sticky":false,"template":"","format":"standard","meta":{"_joinchat":[],"footnotes":""},"categories":[28],"tags":[],"class_list":{"0":"post-195797","1":"post","2":"type-post","3":"status-publish","4":"format-standard","5":"has-post-thumbnail","7":"category-deportes"},"yoast_head":"<!-- This site is optimized with the Yoast SEO plugin v27.2 - https:\/\/yoast.com\/product\/yoast-seo-wordpress\/ -->\n<title>Corrientes suma medallas en los Jadar - Radio Infinita Goya<\/title>\n<meta name=\"description\" content=\"La delegaci\u00f3n de Corrientes tuvo un buen arranque en la primera edici\u00f3n de los Juegos Argentinos de Alto Rendimiento Deportivo (Jadar) - Rosario 2025.\" \/>\n<meta name=\"robots\" content=\"index, follow, max-snippet:-1, max-image-preview:large, max-video-preview:-1\" \/>\n<link rel=\"canonical\" href=\"https:\/\/radioinfinitagoya.com.ar\/v1\/2025\/09\/12\/corrientes-suma-medallas-en-los-jadar\/\" \/>\n<meta property=\"og:locale\" content=\"es_ES\" \/>\n<meta property=\"og:type\" content=\"article\" \/>\n<meta property=\"og:title\" content=\"Corrientes suma medallas en los Jadar - Radio Infinita Goya\" \/>\n<meta property=\"og:description\" content=\"La delegaci\u00f3n de Corrientes tuvo un buen arranque en la primera edici\u00f3n de los Juegos Argentinos de Alto Rendimiento Deportivo (Jadar) - Rosario 2025.\" \/>\n<meta property=\"og:url\" content=\"https:\/\/radioinfinitagoya.com.ar\/v1\/2025\/09\/12\/corrientes-suma-medallas-en-los-jadar\/\" \/>\n<meta property=\"og:site_name\" content=\"Radio Infinita Goya\" \/>\n<meta property=\"article:publisher\" content=\"https:\/\/www.facebook.com\/p\/Infinita-Goya-100063870918311\/\" \/>\n<meta property=\"article:published_time\" content=\"2025-09-12T19:23:02+00:00\" \/>\n<meta property=\"og:image\" content=\"https:\/\/radioinfinitagoya.com.ar\/v1\/wp-content\/uploads\/2025\/09\/AGUSTINARODRIGUEZJADAR.jpg\" \/>\n\t<meta property=\"og:image:width\" content=\"1080\" \/>\n\t<meta property=\"og:image:height\" content=\"1064\" \/>\n\t<meta property=\"og:image:type\" content=\"image\/jpeg\" \/>\n<meta name=\"author\" content=\"Jorge Mi\u00f1o\" \/>\n<meta name=\"twitter:card\" content=\"summary_large_image\" \/>\n<meta name=\"twitter:label1\" content=\"Escrito por\" \/>\n\t<meta name=\"twitter:data1\" content=\"Jorge Mi\u00f1o\" \/>\n\t<meta name=\"twitter:label2\" content=\"Tiempo de lectura\" \/>\n\t<meta name=\"twitter:data2\" content=\"3 minutos\" \/>\n<script type=\"application\/ld+json\" class=\"yoast-schema-graph\">{\"@context\":\"https:\/\/schema.org\",\"@graph\":[{\"@type\":\"Article\",\"@id\":\"https:\/\/radioinfinitagoya.com.ar\/v1\/2025\/09\/12\/corrientes-suma-medallas-en-los-jadar\/#article\",\"isPartOf\":{\"@id\":\"https:\/\/radioinfinitagoya.com.ar\/v1\/2025\/09\/12\/corrientes-suma-medallas-en-los-jadar\/\"},\"author\":{\"name\":\"Jorge Mi\u00f1o\",\"@id\":\"https:\/\/radioinfinitagoya.com.ar\/v1\/#\/schema\/person\/d4cf9c413d4f6edb24aabdccab49ca4a\"},\"headline\":\"Corrientes suma medallas en los Jadar\",\"datePublished\":\"2025-09-12T19:23:02+00:00\",\"mainEntityOfPage\":{\"@id\":\"https:\/\/radioinfinitagoya.com.ar\/v1\/2025\/09\/12\/corrientes-suma-medallas-en-los-jadar\/\"},\"wordCount\":480,\"publisher\":{\"@id\":\"https:\/\/radioinfinitagoya.com.ar\/v1\/#organization\"},\"image\":{\"@id\":\"https:\/\/radioinfinitagoya.com.ar\/v1\/2025\/09\/12\/corrientes-suma-medallas-en-los-jadar\/#primaryimage\"},\"thumbnailUrl\":\"https:\/\/radioinfinitagoya.com.ar\/v1\/wp-content\/uploads\/2025\/09\/AGUSTINARODRIGUEZJADAR.jpg\",\"articleSection\":[\"DEPORTES\"],\"inLanguage\":\"es-AR\"},{\"@type\":\"WebPage\",\"@id\":\"https:\/\/radioinfinitagoya.com.ar\/v1\/2025\/09\/12\/corrientes-suma-medallas-en-los-jadar\/\",\"url\":\"https:\/\/radioinfinitagoya.com.ar\/v1\/2025\/09\/12\/corrientes-suma-medallas-en-los-jadar\/\",\"name\":\"Corrientes suma medallas en los Jadar - Radio Infinita Goya\",\"isPartOf\":{\"@id\":\"https:\/\/radioinfinitagoya.com.ar\/v1\/#website\"},\"primaryImageOfPage\":{\"@id\":\"https:\/\/radioinfinitagoya.com.ar\/v1\/2025\/09\/12\/corrientes-suma-medallas-en-los-jadar\/#primaryimage\"},\"image\":{\"@id\":\"https:\/\/radioinfinitagoya.com.ar\/v1\/2025\/09\/12\/corrientes-suma-medallas-en-los-jadar\/#primaryimage\"},\"thumbnailUrl\":\"https:\/\/radioinfinitagoya.com.ar\/v1\/wp-content\/uploads\/2025\/09\/AGUSTINARODRIGUEZJADAR.jpg\",\"datePublished\":\"2025-09-12T19:23:02+00:00\",\"description\":\"La delegaci\u00f3n de Corrientes tuvo un buen arranque en la primera edici\u00f3n de los Juegos Argentinos de Alto Rendimiento Deportivo (Jadar) - Rosario 2025.\",\"breadcrumb\":{\"@id\":\"https:\/\/radioinfinitagoya.com.ar\/v1\/2025\/09\/12\/corrientes-suma-medallas-en-los-jadar\/#breadcrumb\"},\"inLanguage\":\"es-AR\",\"potentialAction\":[{\"@type\":\"ReadAction\",\"target\":[\"https:\/\/radioinfinitagoya.com.ar\/v1\/2025\/09\/12\/corrientes-suma-medallas-en-los-jadar\/\"]}]},{\"@type\":\"ImageObject\",\"inLanguage\":\"es-AR\",\"@id\":\"https:\/\/radioinfinitagoya.com.ar\/v1\/2025\/09\/12\/corrientes-suma-medallas-en-los-jadar\/#primaryimage\",\"url\":\"https:\/\/radioinfinitagoya.com.ar\/v1\/wp-content\/uploads\/2025\/09\/AGUSTINARODRIGUEZJADAR.jpg\",\"contentUrl\":\"https:\/\/radioinfinitagoya.com.ar\/v1\/wp-content\/uploads\/2025\/09\/AGUSTINARODRIGUEZJADAR.jpg\",\"width\":1080,\"height\":1064},{\"@type\":\"BreadcrumbList\",\"@id\":\"https:\/\/radioinfinitagoya.com.ar\/v1\/2025\/09\/12\/corrientes-suma-medallas-en-los-jadar\/#breadcrumb\",\"itemListElement\":[{\"@type\":\"ListItem\",\"position\":1,\"name\":\"Inicio\",\"item\":\"https:\/\/radioinfinitagoya.com.ar\/v1\/\"},{\"@type\":\"ListItem\",\"position\":2,\"name\":\"Corrientes suma medallas en los Jadar\"}]},{\"@type\":\"WebSite\",\"@id\":\"https:\/\/radioinfinitagoya.com.ar\/v1\/#website\",\"url\":\"https:\/\/radioinfinitagoya.com.ar\/v1\/\",\"name\":\"radioinfinitagoya.com.ar\",\"description\":\"Radio de noticias\",\"publisher\":{\"@id\":\"https:\/\/radioinfinitagoya.com.ar\/v1\/#organization\"},\"potentialAction\":[{\"@type\":\"SearchAction\",\"target\":{\"@type\":\"EntryPoint\",\"urlTemplate\":\"https:\/\/radioinfinitagoya.com.ar\/v1\/?s={search_term_string}\"},\"query-input\":{\"@type\":\"PropertyValueSpecification\",\"valueRequired\":true,\"valueName\":\"search_term_string\"}}],\"inLanguage\":\"es-AR\"},{\"@type\":\"Organization\",\"@id\":\"https:\/\/radioinfinitagoya.com.ar\/v1\/#organization\",\"name\":\"Radio Infinita Goya\",\"url\":\"https:\/\/radioinfinitagoya.com.ar\/v1\/\",\"logo\":{\"@type\":\"ImageObject\",\"inLanguage\":\"es-AR\",\"@id\":\"https:\/\/radioinfinitagoya.com.ar\/v1\/#\/schema\/logo\/image\/\",\"url\":\"https:\/\/radioinfinitagoya.com.ar\/v1\/wp-content\/uploads\/2019\/11\/logo-pie-web.png\",\"contentUrl\":\"https:\/\/radioinfinitagoya.com.ar\/v1\/wp-content\/uploads\/2019\/11\/logo-pie-web.png\",\"width\":635,\"height\":326,\"caption\":\"Radio Infinita Goya\"},\"image\":{\"@id\":\"https:\/\/radioinfinitagoya.com.ar\/v1\/#\/schema\/logo\/image\/\"},\"sameAs\":[\"https:\/\/www.facebook.com\/p\/Infinita-Goya-100063870918311\/\"]},{\"@type\":\"Person\",\"@id\":\"https:\/\/radioinfinitagoya.com.ar\/v1\/#\/schema\/person\/d4cf9c413d4f6edb24aabdccab49ca4a\",\"name\":\"Jorge Mi\u00f1o\",\"image\":{\"@type\":\"ImageObject\",\"inLanguage\":\"es-AR\",\"@id\":\"https:\/\/secure.gravatar.com\/avatar\/910fcf6728fe95320e07a6643c1581fec1c7fc4bf8ae12e3d8f0d0373dc844be?s=96&d=mm&r=g\",\"url\":\"https:\/\/secure.gravatar.com\/avatar\/910fcf6728fe95320e07a6643c1581fec1c7fc4bf8ae12e3d8f0d0373dc844be?s=96&d=mm&r=g\",\"contentUrl\":\"https:\/\/secure.gravatar.com\/avatar\/910fcf6728fe95320e07a6643c1581fec1c7fc4bf8ae12e3d8f0d0373dc844be?s=96&d=mm&r=g\",\"caption\":\"Jorge Mi\u00f1o\"},\"sameAs\":[\"http:\/\/radioinfinitagoya.com.ar\"]}]}<\/script>\n<!-- \/ Yoast SEO plugin. -->","yoast_head_json":{"title":"Corrientes suma medallas en los Jadar - Radio Infinita Goya","description":"La delegaci\u00f3n de Corrientes tuvo un buen arranque en la primera edici\u00f3n de los Juegos Argentinos de Alto Rendimiento Deportivo (Jadar) - Rosario 2025.","robots":{"index":"index","follow":"follow","max-snippet":"max-snippet:-1","max-image-preview":"max-image-preview:large","max-video-preview":"max-video-preview:-1"},"canonical":"https:\/\/radioinfinitagoya.com.ar\/v1\/2025\/09\/12\/corrientes-suma-medallas-en-los-jadar\/","og_locale":"es_ES","og_type":"article","og_title":"Corrientes suma medallas en los Jadar - Radio Infinita Goya","og_description":"La delegaci\u00f3n de Corrientes tuvo un buen arranque en la primera edici\u00f3n de los Juegos Argentinos de Alto Rendimiento Deportivo (Jadar) - Rosario 2025.","og_url":"https:\/\/radioinfinitagoya.com.ar\/v1\/2025\/09\/12\/corrientes-suma-medallas-en-los-jadar\/","og_site_name":"Radio Infinita Goya","article_publisher":"https:\/\/www.facebook.com\/p\/Infinita-Goya-100063870918311\/","article_published_time":"2025-09-12T19:23:02+00:00","og_image":[{"width":1080,"height":1064,"url":"https:\/\/radioinfinitagoya.com.ar\/v1\/wp-content\/uploads\/2025\/09\/AGUSTINARODRIGUEZJADAR.jpg","type":"image\/jpeg"}],"author":"Jorge Mi\u00f1o","twitter_card":"summary_large_image","twitter_misc":{"Escrito por":"Jorge Mi\u00f1o","Tiempo de lectura":"3 minutos"},"schema":{"@context":"https:\/\/schema.org","@graph":[{"@type":"Article","@id":"https:\/\/radioinfinitagoya.com.ar\/v1\/2025\/09\/12\/corrientes-suma-medallas-en-los-jadar\/#article","isPartOf":{"@id":"https:\/\/radioinfinitagoya.com.ar\/v1\/2025\/09\/12\/corrientes-suma-medallas-en-los-jadar\/"},"author":{"name":"Jorge Mi\u00f1o","@id":"https:\/\/radioinfinitagoya.com.ar\/v1\/#\/schema\/person\/d4cf9c413d4f6edb24aabdccab49ca4a"},"headline":"Corrientes suma medallas en los Jadar","datePublished":"2025-09-12T19:23:02+00:00","mainEntityOfPage":{"@id":"https:\/\/radioinfinitagoya.com.ar\/v1\/2025\/09\/12\/corrientes-suma-medallas-en-los-jadar\/"},"wordCount":480,"publisher":{"@id":"https:\/\/radioinfinitagoya.com.ar\/v1\/#organization"},"image":{"@id":"https:\/\/radioinfinitagoya.com.ar\/v1\/2025\/09\/12\/corrientes-suma-medallas-en-los-jadar\/#primaryimage"},"thumbnailUrl":"https:\/\/radioinfinitagoya.com.ar\/v1\/wp-content\/uploads\/2025\/09\/AGUSTINARODRIGUEZJADAR.jpg","articleSection":["DEPORTES"],"inLanguage":"es-AR"},{"@type":"WebPage","@id":"https:\/\/radioinfinitagoya.com.ar\/v1\/2025\/09\/12\/corrientes-suma-medallas-en-los-jadar\/","url":"https:\/\/radioinfinitagoya.com.ar\/v1\/2025\/09\/12\/corrientes-suma-medallas-en-los-jadar\/","name":"Corrientes suma medallas en los Jadar - Radio Infinita Goya","isPartOf":{"@id":"https:\/\/radioinfinitagoya.com.ar\/v1\/#website"},"primaryImageOfPage":{"@id":"https:\/\/radioinfinitagoya.com.ar\/v1\/2025\/09\/12\/corrientes-suma-medallas-en-los-jadar\/#primaryimage"},"image":{"@id":"https:\/\/radioinfinitagoya.com.ar\/v1\/2025\/09\/12\/corrientes-suma-medallas-en-los-jadar\/#primaryimage"},"thumbnailUrl":"https:\/\/radioinfinitagoya.com.ar\/v1\/wp-content\/uploads\/2025\/09\/AGUSTINARODRIGUEZJADAR.jpg","datePublished":"2025-09-12T19:23:02+00:00","description":"La delegaci\u00f3n de Corrientes tuvo un buen arranque en la primera edici\u00f3n de los Juegos Argentinos de Alto Rendimiento Deportivo (Jadar) - Rosario 2025.","breadcrumb":{"@id":"https:\/\/radioinfinitagoya.com.ar\/v1\/2025\/09\/12\/corrientes-suma-medallas-en-los-jadar\/#breadcrumb"},"inLanguage":"es-AR","potentialAction":[{"@type":"ReadAction","target":["https:\/\/radioinfinitagoya.com.ar\/v1\/2025\/09\/12\/corrientes-suma-medallas-en-los-jadar\/"]}]},{"@type":"ImageObject","inLanguage":"es-AR","@id":"https:\/\/radioinfinitagoya.com.ar\/v1\/2025\/09\/12\/corrientes-suma-medallas-en-los-jadar\/#primaryimage","url":"https:\/\/radioinfinitagoya.com.ar\/v1\/wp-content\/uploads\/2025\/09\/AGUSTINARODRIGUEZJADAR.jpg","contentUrl":"https:\/\/radioinfinitagoya.com.ar\/v1\/wp-content\/uploads\/2025\/09\/AGUSTINARODRIGUEZJADAR.jpg","width":1080,"height":1064},{"@type":"BreadcrumbList","@id":"https:\/\/radioinfinitagoya.com.ar\/v1\/2025\/09\/12\/corrientes-suma-medallas-en-los-jadar\/#breadcrumb","itemListElement":[{"@type":"ListItem","position":1,"name":"Inicio","item":"https:\/\/radioinfinitagoya.com.ar\/v1\/"},{"@type":"ListItem","position":2,"name":"Corrientes suma medallas en los Jadar"}]},{"@type":"WebSite","@id":"https:\/\/radioinfinitagoya.com.ar\/v1\/#website","url":"https:\/\/radioinfinitagoya.com.ar\/v1\/","name":"radioinfinitagoya.com.ar","description":"Radio de noticias","publisher":{"@id":"https:\/\/radioinfinitagoya.com.ar\/v1\/#organization"},"potentialAction":[{"@type":"SearchAction","target":{"@type":"EntryPoint","urlTemplate":"https:\/\/radioinfinitagoya.com.ar\/v1\/?s={search_term_string}"},"query-input":{"@type":"PropertyValueSpecification","valueRequired":true,"valueName":"search_term_string"}}],"inLanguage":"es-AR"},{"@type":"Organization","@id":"https:\/\/radioinfinitagoya.com.ar\/v1\/#organization","name":"Radio Infinita Goya","url":"https:\/\/radioinfinitagoya.com.ar\/v1\/","logo":{"@type":"ImageObject","inLanguage":"es-AR","@id":"https:\/\/radioinfinitagoya.com.ar\/v1\/#\/schema\/logo\/image\/","url":"https:\/\/radioinfinitagoya.com.ar\/v1\/wp-content\/uploads\/2019\/11\/logo-pie-web.png","contentUrl":"https:\/\/radioinfinitagoya.com.ar\/v1\/wp-content\/uploads\/2019\/11\/logo-pie-web.png","width":635,"height":326,"caption":"Radio Infinita Goya"},"image":{"@id":"https:\/\/radioinfinitagoya.com.ar\/v1\/#\/schema\/logo\/image\/"},"sameAs":["https:\/\/www.facebook.com\/p\/Infinita-Goya-100063870918311\/"]},{"@type":"Person","@id":"https:\/\/radioinfinitagoya.com.ar\/v1\/#\/schema\/person\/d4cf9c413d4f6edb24aabdccab49ca4a","name":"Jorge Mi\u00f1o","image":{"@type":"ImageObject","inLanguage":"es-AR","@id":"https:\/\/secure.gravatar.com\/avatar\/910fcf6728fe95320e07a6643c1581fec1c7fc4bf8ae12e3d8f0d0373dc844be?s=96&d=mm&r=g","url":"https:\/\/secure.gravatar.com\/avatar\/910fcf6728fe95320e07a6643c1581fec1c7fc4bf8ae12e3d8f0d0373dc844be?s=96&d=mm&r=g","contentUrl":"https:\/\/secure.gravatar.com\/avatar\/910fcf6728fe95320e07a6643c1581fec1c7fc4bf8ae12e3d8f0d0373dc844be?s=96&d=mm&r=g","caption":"Jorge Mi\u00f1o"},"sameAs":["http:\/\/radioinfinitagoya.com.ar"]}]}},"_links":{"self":[{"href":"https:\/\/radioinfinitagoya.com.ar\/v1\/wp-json\/wp\/v2\/posts\/195797","targetHints":{"allow":["GET"]}}],"collection":[{"href":"https:\/\/radioinfinitagoya.com.ar\/v1\/wp-json\/wp\/v2\/posts"}],"about":[{"href":"https:\/\/radioinfinitagoya.com.ar\/v1\/wp-json\/wp\/v2\/types\/post"}],"author":[{"embeddable":true,"href":"https:\/\/radioinfinitagoya.com.ar\/v1\/wp-json\/wp\/v2\/users\/4"}],"replies":[{"embeddable":true,"href":"https:\/\/radioinfinitagoya.com.ar\/v1\/wp-json\/wp\/v2\/comments?post=195797"}],"version-history":[{"count":0,"href":"https:\/\/radioinfinitagoya.com.ar\/v1\/wp-json\/wp\/v2\/posts\/195797\/revisions"}],"wp:featuredmedia":[{"embeddable":true,"href":"https:\/\/radioinfinitagoya.com.ar\/v1\/wp-json\/wp\/v2\/media\/195798"}],"wp:attachment":[{"href":"https:\/\/radioinfinitagoya.com.ar\/v1\/wp-json\/wp\/v2\/media?parent=195797"}],"wp:term":[{"taxonomy":"category","embeddable":true,"href":"https:\/\/radioinfinitagoya.com.ar\/v1\/wp-json\/wp\/v2\/categories?post=195797"},{"taxonomy":"post_tag","embeddable":true,"href":"https:\/\/radioinfinitagoya.com.ar\/v1\/wp-json\/wp\/v2\/tags?post=195797"}],"curies":[{"name":"wp","href":"https:\/\/api.w.org\/{rel}","templated":true}]}}