{"id":195800,"date":"2025-09-12T16:24:45","date_gmt":"2025-09-12T19:24:45","guid":{"rendered":"https:\/\/radioinfinitagoya.com.ar\/v1\/?p=195800"},"modified":"2025-09-12T16:24:45","modified_gmt":"2025-09-12T19:24:45","slug":"regatas-enfrenta-a-obera-en-su-primer-amistoso-de-la-pretemporada","status":"publish","type":"post","link":"https:\/\/radioinfinitagoya.com.ar\/v1\/2025\/09\/12\/regatas-enfrenta-a-obera-en-su-primer-amistoso-de-la-pretemporada\/","title":{"rendered":"Regatas enfrenta a Ober\u00e1 en su primer amistoso de la pretemporada"},"content":{"rendered":"<p>Como parte de su preparaci\u00f3n para el inicio de la Liga Nacional de B\u00e1squetbol (LNB), Regatas Corrientes afrontar\u00e1 este s\u00e1bado su primer partido amistoso frente a Ober\u00e1 Tenis Club (OTC) en la ciudad de Ituzaing\u00f3 con entrada libre y gratuita.<\/p>\n<p>El conjunto conducido por Juan Varas disputar\u00e1 su primer partido amistoso de la pretemporada este s\u00e1bado 13 desde las 20:30 horas en el estadio del Club Social y Deportivo Yacyret\u00e1 en la ciudad de Ituzaing\u00f3 enfrentando a Ober\u00e1 Tenis Club (OTC).<\/p>\n<p>All\u00ed, el &#8220;remero&#8221; que viene trabajando de manera oficial desde el pasado lunes 25 de agosto en el estadio del club Alvear, podr\u00e1 medirse frente a otro equipo que tambi\u00e9n afrontar\u00e1 los dos torneos en la pr\u00f3xima temporada. El evento estar\u00e1 bajo la organizaci\u00f3n de municipio local y la entrada ser\u00e1 gratuita, en lo que ser\u00e1 una buena oportunidad para llevar lo mejor del b\u00e1squet argentino al interior de la provincia.<\/p>\n<p>&nbsp;<\/p>\n","protected":false},"excerpt":{"rendered":"<p>Como parte de su preparaci\u00f3n para el inicio de la Liga Nacional de B\u00e1squetbol (LNB), Regatas Corrientes afrontar\u00e1 este s\u00e1bado su primer partido amistoso frente a Ober\u00e1 Tenis Club (OTC) en la ciudad de Ituzaing\u00f3 con entrada libre y gratuita. El conjunto conducido por Juan Varas disputar\u00e1 su primer partido amistoso de la pretemporada este [&hellip;]<\/p>\n","protected":false},"author":4,"featured_media":195801,"comment_status":"closed","ping_status":"closed","sticky":false,"template":"","format":"standard","meta":{"_joinchat":[],"footnotes":""},"categories":[28],"tags":[],"class_list":{"0":"post-195800","1":"post","2":"type-post","3":"status-publish","4":"format-standard","5":"has-post-thumbnail","7":"category-deportes"},"yoast_head":"<!-- This site is optimized with the Yoast SEO plugin v27.2 - https:\/\/yoast.com\/product\/yoast-seo-wordpress\/ -->\n<title>Regatas enfrenta a Ober\u00e1 en su primer amistoso de la pretemporada - Radio Infinita Goya<\/title>\n<meta name=\"description\" content=\"Como parte de su preparaci\u00f3n para el inicio de la Liga Nacional de B\u00e1squetbol (LNB), Regatas Corrientes afrontar\u00e1 este s\u00e1bado su primer partido amistoso\" \/>\n<meta name=\"robots\" content=\"index, follow, max-snippet:-1, max-image-preview:large, max-video-preview:-1\" \/>\n<link rel=\"canonical\" href=\"https:\/\/radioinfinitagoya.com.ar\/v1\/2025\/09\/12\/regatas-enfrenta-a-obera-en-su-primer-amistoso-de-la-pretemporada\/\" \/>\n<meta property=\"og:locale\" content=\"es_ES\" \/>\n<meta property=\"og:type\" content=\"article\" \/>\n<meta property=\"og:title\" content=\"Regatas enfrenta a Ober\u00e1 en su primer amistoso de la pretemporada - Radio Infinita Goya\" \/>\n<meta property=\"og:description\" content=\"Como parte de su preparaci\u00f3n para el inicio de la Liga Nacional de B\u00e1squetbol (LNB), Regatas Corrientes afrontar\u00e1 este s\u00e1bado su primer partido amistoso\" \/>\n<meta property=\"og:url\" content=\"https:\/\/radioinfinitagoya.com.ar\/v1\/2025\/09\/12\/regatas-enfrenta-a-obera-en-su-primer-amistoso-de-la-pretemporada\/\" \/>\n<meta property=\"og:site_name\" content=\"Radio Infinita Goya\" \/>\n<meta property=\"article:publisher\" content=\"https:\/\/www.facebook.com\/p\/Infinita-Goya-100063870918311\/\" \/>\n<meta property=\"article:published_time\" content=\"2025-09-12T19:24:45+00:00\" \/>\n<meta property=\"og:image\" content=\"https:\/\/radioinfinitagoya.com.ar\/v1\/wp-content\/uploads\/2025\/09\/REGATASAMISTOSO.jpg\" \/>\n\t<meta property=\"og:image:width\" content=\"1248\" \/>\n\t<meta property=\"og:image:height\" content=\"807\" \/>\n\t<meta property=\"og:image:type\" content=\"image\/jpeg\" \/>\n<meta name=\"author\" content=\"Jorge Mi\u00f1o\" \/>\n<meta name=\"twitter:card\" content=\"summary_large_image\" \/>\n<meta name=\"twitter:label1\" content=\"Escrito por\" \/>\n\t<meta name=\"twitter:data1\" content=\"Jorge Mi\u00f1o\" \/>\n\t<meta name=\"twitter:label2\" content=\"Tiempo de lectura\" \/>\n\t<meta name=\"twitter:data2\" content=\"1 minuto\" \/>\n<script type=\"application\/ld+json\" class=\"yoast-schema-graph\">{\"@context\":\"https:\/\/schema.org\",\"@graph\":[{\"@type\":\"Article\",\"@id\":\"https:\/\/radioinfinitagoya.com.ar\/v1\/2025\/09\/12\/regatas-enfrenta-a-obera-en-su-primer-amistoso-de-la-pretemporada\/#article\",\"isPartOf\":{\"@id\":\"https:\/\/radioinfinitagoya.com.ar\/v1\/2025\/09\/12\/regatas-enfrenta-a-obera-en-su-primer-amistoso-de-la-pretemporada\/\"},\"author\":{\"name\":\"Jorge Mi\u00f1o\",\"@id\":\"https:\/\/radioinfinitagoya.com.ar\/v1\/#\/schema\/person\/d4cf9c413d4f6edb24aabdccab49ca4a\"},\"headline\":\"Regatas enfrenta a Ober\u00e1 en su primer amistoso de la pretemporada\",\"datePublished\":\"2025-09-12T19:24:45+00:00\",\"mainEntityOfPage\":{\"@id\":\"https:\/\/radioinfinitagoya.com.ar\/v1\/2025\/09\/12\/regatas-enfrenta-a-obera-en-su-primer-amistoso-de-la-pretemporada\/\"},\"wordCount\":169,\"publisher\":{\"@id\":\"https:\/\/radioinfinitagoya.com.ar\/v1\/#organization\"},\"image\":{\"@id\":\"https:\/\/radioinfinitagoya.com.ar\/v1\/2025\/09\/12\/regatas-enfrenta-a-obera-en-su-primer-amistoso-de-la-pretemporada\/#primaryimage\"},\"thumbnailUrl\":\"https:\/\/radioinfinitagoya.com.ar\/v1\/wp-content\/uploads\/2025\/09\/REGATASAMISTOSO.jpg\",\"articleSection\":[\"DEPORTES\"],\"inLanguage\":\"es-AR\"},{\"@type\":\"WebPage\",\"@id\":\"https:\/\/radioinfinitagoya.com.ar\/v1\/2025\/09\/12\/regatas-enfrenta-a-obera-en-su-primer-amistoso-de-la-pretemporada\/\",\"url\":\"https:\/\/radioinfinitagoya.com.ar\/v1\/2025\/09\/12\/regatas-enfrenta-a-obera-en-su-primer-amistoso-de-la-pretemporada\/\",\"name\":\"Regatas enfrenta a Ober\u00e1 en su primer amistoso de la pretemporada - Radio Infinita Goya\",\"isPartOf\":{\"@id\":\"https:\/\/radioinfinitagoya.com.ar\/v1\/#website\"},\"primaryImageOfPage\":{\"@id\":\"https:\/\/radioinfinitagoya.com.ar\/v1\/2025\/09\/12\/regatas-enfrenta-a-obera-en-su-primer-amistoso-de-la-pretemporada\/#primaryimage\"},\"image\":{\"@id\":\"https:\/\/radioinfinitagoya.com.ar\/v1\/2025\/09\/12\/regatas-enfrenta-a-obera-en-su-primer-amistoso-de-la-pretemporada\/#primaryimage\"},\"thumbnailUrl\":\"https:\/\/radioinfinitagoya.com.ar\/v1\/wp-content\/uploads\/2025\/09\/REGATASAMISTOSO.jpg\",\"datePublished\":\"2025-09-12T19:24:45+00:00\",\"description\":\"Como parte de su preparaci\u00f3n para el inicio de la Liga Nacional de B\u00e1squetbol (LNB), Regatas Corrientes afrontar\u00e1 este s\u00e1bado su primer partido amistoso\",\"breadcrumb\":{\"@id\":\"https:\/\/radioinfinitagoya.com.ar\/v1\/2025\/09\/12\/regatas-enfrenta-a-obera-en-su-primer-amistoso-de-la-pretemporada\/#breadcrumb\"},\"inLanguage\":\"es-AR\",\"potentialAction\":[{\"@type\":\"ReadAction\",\"target\":[\"https:\/\/radioinfinitagoya.com.ar\/v1\/2025\/09\/12\/regatas-enfrenta-a-obera-en-su-primer-amistoso-de-la-pretemporada\/\"]}]},{\"@type\":\"ImageObject\",\"inLanguage\":\"es-AR\",\"@id\":\"https:\/\/radioinfinitagoya.com.ar\/v1\/2025\/09\/12\/regatas-enfrenta-a-obera-en-su-primer-amistoso-de-la-pretemporada\/#primaryimage\",\"url\":\"https:\/\/radioinfinitagoya.com.ar\/v1\/wp-content\/uploads\/2025\/09\/REGATASAMISTOSO.jpg\",\"contentUrl\":\"https:\/\/radioinfinitagoya.com.ar\/v1\/wp-content\/uploads\/2025\/09\/REGATASAMISTOSO.jpg\",\"width\":1248,\"height\":807},{\"@type\":\"BreadcrumbList\",\"@id\":\"https:\/\/radioinfinitagoya.com.ar\/v1\/2025\/09\/12\/regatas-enfrenta-a-obera-en-su-primer-amistoso-de-la-pretemporada\/#breadcrumb\",\"itemListElement\":[{\"@type\":\"ListItem\",\"position\":1,\"name\":\"Inicio\",\"item\":\"https:\/\/radioinfinitagoya.com.ar\/v1\/\"},{\"@type\":\"ListItem\",\"position\":2,\"name\":\"Regatas enfrenta a Ober\u00e1 en su primer amistoso de la pretemporada\"}]},{\"@type\":\"WebSite\",\"@id\":\"https:\/\/radioinfinitagoya.com.ar\/v1\/#website\",\"url\":\"https:\/\/radioinfinitagoya.com.ar\/v1\/\",\"name\":\"radioinfinitagoya.com.ar\",\"description\":\"Radio de noticias\",\"publisher\":{\"@id\":\"https:\/\/radioinfinitagoya.com.ar\/v1\/#organization\"},\"potentialAction\":[{\"@type\":\"SearchAction\",\"target\":{\"@type\":\"EntryPoint\",\"urlTemplate\":\"https:\/\/radioinfinitagoya.com.ar\/v1\/?s={search_term_string}\"},\"query-input\":{\"@type\":\"PropertyValueSpecification\",\"valueRequired\":true,\"valueName\":\"search_term_string\"}}],\"inLanguage\":\"es-AR\"},{\"@type\":\"Organization\",\"@id\":\"https:\/\/radioinfinitagoya.com.ar\/v1\/#organization\",\"name\":\"Radio Infinita Goya\",\"url\":\"https:\/\/radioinfinitagoya.com.ar\/v1\/\",\"logo\":{\"@type\":\"ImageObject\",\"inLanguage\":\"es-AR\",\"@id\":\"https:\/\/radioinfinitagoya.com.ar\/v1\/#\/schema\/logo\/image\/\",\"url\":\"https:\/\/radioinfinitagoya.com.ar\/v1\/wp-content\/uploads\/2019\/11\/logo-pie-web.png\",\"contentUrl\":\"https:\/\/radioinfinitagoya.com.ar\/v1\/wp-content\/uploads\/2019\/11\/logo-pie-web.png\",\"width\":635,\"height\":326,\"caption\":\"Radio Infinita Goya\"},\"image\":{\"@id\":\"https:\/\/radioinfinitagoya.com.ar\/v1\/#\/schema\/logo\/image\/\"},\"sameAs\":[\"https:\/\/www.facebook.com\/p\/Infinita-Goya-100063870918311\/\"]},{\"@type\":\"Person\",\"@id\":\"https:\/\/radioinfinitagoya.com.ar\/v1\/#\/schema\/person\/d4cf9c413d4f6edb24aabdccab49ca4a\",\"name\":\"Jorge Mi\u00f1o\",\"image\":{\"@type\":\"ImageObject\",\"inLanguage\":\"es-AR\",\"@id\":\"https:\/\/secure.gravatar.com\/avatar\/910fcf6728fe95320e07a6643c1581fec1c7fc4bf8ae12e3d8f0d0373dc844be?s=96&d=mm&r=g\",\"url\":\"https:\/\/secure.gravatar.com\/avatar\/910fcf6728fe95320e07a6643c1581fec1c7fc4bf8ae12e3d8f0d0373dc844be?s=96&d=mm&r=g\",\"contentUrl\":\"https:\/\/secure.gravatar.com\/avatar\/910fcf6728fe95320e07a6643c1581fec1c7fc4bf8ae12e3d8f0d0373dc844be?s=96&d=mm&r=g\",\"caption\":\"Jorge Mi\u00f1o\"},\"sameAs\":[\"http:\/\/radioinfinitagoya.com.ar\"]}]}<\/script>\n<!-- \/ Yoast SEO plugin. -->","yoast_head_json":{"title":"Regatas enfrenta a Ober\u00e1 en su primer amistoso de la pretemporada - Radio Infinita Goya","description":"Como parte de su preparaci\u00f3n para el inicio de la Liga Nacional de B\u00e1squetbol (LNB), Regatas Corrientes afrontar\u00e1 este s\u00e1bado su primer partido amistoso","robots":{"index":"index","follow":"follow","max-snippet":"max-snippet:-1","max-image-preview":"max-image-preview:large","max-video-preview":"max-video-preview:-1"},"canonical":"https:\/\/radioinfinitagoya.com.ar\/v1\/2025\/09\/12\/regatas-enfrenta-a-obera-en-su-primer-amistoso-de-la-pretemporada\/","og_locale":"es_ES","og_type":"article","og_title":"Regatas enfrenta a Ober\u00e1 en su primer amistoso de la pretemporada - Radio Infinita Goya","og_description":"Como parte de su preparaci\u00f3n para el inicio de la Liga Nacional de B\u00e1squetbol (LNB), Regatas Corrientes afrontar\u00e1 este s\u00e1bado su primer partido amistoso","og_url":"https:\/\/radioinfinitagoya.com.ar\/v1\/2025\/09\/12\/regatas-enfrenta-a-obera-en-su-primer-amistoso-de-la-pretemporada\/","og_site_name":"Radio Infinita Goya","article_publisher":"https:\/\/www.facebook.com\/p\/Infinita-Goya-100063870918311\/","article_published_time":"2025-09-12T19:24:45+00:00","og_image":[{"width":1248,"height":807,"url":"https:\/\/radioinfinitagoya.com.ar\/v1\/wp-content\/uploads\/2025\/09\/REGATASAMISTOSO.jpg","type":"image\/jpeg"}],"author":"Jorge Mi\u00f1o","twitter_card":"summary_large_image","twitter_misc":{"Escrito por":"Jorge Mi\u00f1o","Tiempo de lectura":"1 minuto"},"schema":{"@context":"https:\/\/schema.org","@graph":[{"@type":"Article","@id":"https:\/\/radioinfinitagoya.com.ar\/v1\/2025\/09\/12\/regatas-enfrenta-a-obera-en-su-primer-amistoso-de-la-pretemporada\/#article","isPartOf":{"@id":"https:\/\/radioinfinitagoya.com.ar\/v1\/2025\/09\/12\/regatas-enfrenta-a-obera-en-su-primer-amistoso-de-la-pretemporada\/"},"author":{"name":"Jorge Mi\u00f1o","@id":"https:\/\/radioinfinitagoya.com.ar\/v1\/#\/schema\/person\/d4cf9c413d4f6edb24aabdccab49ca4a"},"headline":"Regatas enfrenta a Ober\u00e1 en su primer amistoso de la pretemporada","datePublished":"2025-09-12T19:24:45+00:00","mainEntityOfPage":{"@id":"https:\/\/radioinfinitagoya.com.ar\/v1\/2025\/09\/12\/regatas-enfrenta-a-obera-en-su-primer-amistoso-de-la-pretemporada\/"},"wordCount":169,"publisher":{"@id":"https:\/\/radioinfinitagoya.com.ar\/v1\/#organization"},"image":{"@id":"https:\/\/radioinfinitagoya.com.ar\/v1\/2025\/09\/12\/regatas-enfrenta-a-obera-en-su-primer-amistoso-de-la-pretemporada\/#primaryimage"},"thumbnailUrl":"https:\/\/radioinfinitagoya.com.ar\/v1\/wp-content\/uploads\/2025\/09\/REGATASAMISTOSO.jpg","articleSection":["DEPORTES"],"inLanguage":"es-AR"},{"@type":"WebPage","@id":"https:\/\/radioinfinitagoya.com.ar\/v1\/2025\/09\/12\/regatas-enfrenta-a-obera-en-su-primer-amistoso-de-la-pretemporada\/","url":"https:\/\/radioinfinitagoya.com.ar\/v1\/2025\/09\/12\/regatas-enfrenta-a-obera-en-su-primer-amistoso-de-la-pretemporada\/","name":"Regatas enfrenta a Ober\u00e1 en su primer amistoso de la pretemporada - Radio Infinita Goya","isPartOf":{"@id":"https:\/\/radioinfinitagoya.com.ar\/v1\/#website"},"primaryImageOfPage":{"@id":"https:\/\/radioinfinitagoya.com.ar\/v1\/2025\/09\/12\/regatas-enfrenta-a-obera-en-su-primer-amistoso-de-la-pretemporada\/#primaryimage"},"image":{"@id":"https:\/\/radioinfinitagoya.com.ar\/v1\/2025\/09\/12\/regatas-enfrenta-a-obera-en-su-primer-amistoso-de-la-pretemporada\/#primaryimage"},"thumbnailUrl":"https:\/\/radioinfinitagoya.com.ar\/v1\/wp-content\/uploads\/2025\/09\/REGATASAMISTOSO.jpg","datePublished":"2025-09-12T19:24:45+00:00","description":"Como parte de su preparaci\u00f3n para el inicio de la Liga Nacional de B\u00e1squetbol (LNB), Regatas Corrientes afrontar\u00e1 este s\u00e1bado su primer partido amistoso","breadcrumb":{"@id":"https:\/\/radioinfinitagoya.com.ar\/v1\/2025\/09\/12\/regatas-enfrenta-a-obera-en-su-primer-amistoso-de-la-pretemporada\/#breadcrumb"},"inLanguage":"es-AR","potentialAction":[{"@type":"ReadAction","target":["https:\/\/radioinfinitagoya.com.ar\/v1\/2025\/09\/12\/regatas-enfrenta-a-obera-en-su-primer-amistoso-de-la-pretemporada\/"]}]},{"@type":"ImageObject","inLanguage":"es-AR","@id":"https:\/\/radioinfinitagoya.com.ar\/v1\/2025\/09\/12\/regatas-enfrenta-a-obera-en-su-primer-amistoso-de-la-pretemporada\/#primaryimage","url":"https:\/\/radioinfinitagoya.com.ar\/v1\/wp-content\/uploads\/2025\/09\/REGATASAMISTOSO.jpg","contentUrl":"https:\/\/radioinfinitagoya.com.ar\/v1\/wp-content\/uploads\/2025\/09\/REGATASAMISTOSO.jpg","width":1248,"height":807},{"@type":"BreadcrumbList","@id":"https:\/\/radioinfinitagoya.com.ar\/v1\/2025\/09\/12\/regatas-enfrenta-a-obera-en-su-primer-amistoso-de-la-pretemporada\/#breadcrumb","itemListElement":[{"@type":"ListItem","position":1,"name":"Inicio","item":"https:\/\/radioinfinitagoya.com.ar\/v1\/"},{"@type":"ListItem","position":2,"name":"Regatas enfrenta a Ober\u00e1 en su primer amistoso de la pretemporada"}]},{"@type":"WebSite","@id":"https:\/\/radioinfinitagoya.com.ar\/v1\/#website","url":"https:\/\/radioinfinitagoya.com.ar\/v1\/","name":"radioinfinitagoya.com.ar","description":"Radio de noticias","publisher":{"@id":"https:\/\/radioinfinitagoya.com.ar\/v1\/#organization"},"potentialAction":[{"@type":"SearchAction","target":{"@type":"EntryPoint","urlTemplate":"https:\/\/radioinfinitagoya.com.ar\/v1\/?s={search_term_string}"},"query-input":{"@type":"PropertyValueSpecification","valueRequired":true,"valueName":"search_term_string"}}],"inLanguage":"es-AR"},{"@type":"Organization","@id":"https:\/\/radioinfinitagoya.com.ar\/v1\/#organization","name":"Radio Infinita Goya","url":"https:\/\/radioinfinitagoya.com.ar\/v1\/","logo":{"@type":"ImageObject","inLanguage":"es-AR","@id":"https:\/\/radioinfinitagoya.com.ar\/v1\/#\/schema\/logo\/image\/","url":"https:\/\/radioinfinitagoya.com.ar\/v1\/wp-content\/uploads\/2019\/11\/logo-pie-web.png","contentUrl":"https:\/\/radioinfinitagoya.com.ar\/v1\/wp-content\/uploads\/2019\/11\/logo-pie-web.png","width":635,"height":326,"caption":"Radio Infinita Goya"},"image":{"@id":"https:\/\/radioinfinitagoya.com.ar\/v1\/#\/schema\/logo\/image\/"},"sameAs":["https:\/\/www.facebook.com\/p\/Infinita-Goya-100063870918311\/"]},{"@type":"Person","@id":"https:\/\/radioinfinitagoya.com.ar\/v1\/#\/schema\/person\/d4cf9c413d4f6edb24aabdccab49ca4a","name":"Jorge Mi\u00f1o","image":{"@type":"ImageObject","inLanguage":"es-AR","@id":"https:\/\/secure.gravatar.com\/avatar\/910fcf6728fe95320e07a6643c1581fec1c7fc4bf8ae12e3d8f0d0373dc844be?s=96&d=mm&r=g","url":"https:\/\/secure.gravatar.com\/avatar\/910fcf6728fe95320e07a6643c1581fec1c7fc4bf8ae12e3d8f0d0373dc844be?s=96&d=mm&r=g","contentUrl":"https:\/\/secure.gravatar.com\/avatar\/910fcf6728fe95320e07a6643c1581fec1c7fc4bf8ae12e3d8f0d0373dc844be?s=96&d=mm&r=g","caption":"Jorge Mi\u00f1o"},"sameAs":["http:\/\/radioinfinitagoya.com.ar"]}]}},"_links":{"self":[{"href":"https:\/\/radioinfinitagoya.com.ar\/v1\/wp-json\/wp\/v2\/posts\/195800","targetHints":{"allow":["GET"]}}],"collection":[{"href":"https:\/\/radioinfinitagoya.com.ar\/v1\/wp-json\/wp\/v2\/posts"}],"about":[{"href":"https:\/\/radioinfinitagoya.com.ar\/v1\/wp-json\/wp\/v2\/types\/post"}],"author":[{"embeddable":true,"href":"https:\/\/radioinfinitagoya.com.ar\/v1\/wp-json\/wp\/v2\/users\/4"}],"replies":[{"embeddable":true,"href":"https:\/\/radioinfinitagoya.com.ar\/v1\/wp-json\/wp\/v2\/comments?post=195800"}],"version-history":[{"count":0,"href":"https:\/\/radioinfinitagoya.com.ar\/v1\/wp-json\/wp\/v2\/posts\/195800\/revisions"}],"wp:featuredmedia":[{"embeddable":true,"href":"https:\/\/radioinfinitagoya.com.ar\/v1\/wp-json\/wp\/v2\/media\/195801"}],"wp:attachment":[{"href":"https:\/\/radioinfinitagoya.com.ar\/v1\/wp-json\/wp\/v2\/media?parent=195800"}],"wp:term":[{"taxonomy":"category","embeddable":true,"href":"https:\/\/radioinfinitagoya.com.ar\/v1\/wp-json\/wp\/v2\/categories?post=195800"},{"taxonomy":"post_tag","embeddable":true,"href":"https:\/\/radioinfinitagoya.com.ar\/v1\/wp-json\/wp\/v2\/tags?post=195800"}],"curies":[{"name":"wp","href":"https:\/\/api.w.org\/{rel}","templated":true}]}}