{"id":195803,"date":"2025-09-12T16:29:05","date_gmt":"2025-09-12T19:29:05","guid":{"rendered":"https:\/\/radioinfinitagoya.com.ar\/v1\/?p=195803"},"modified":"2025-09-12T16:29:05","modified_gmt":"2025-09-12T19:29:05","slug":"alpine-informo-que-no-mejorara-el-auto-de-colapinto-y-gasly","status":"publish","type":"post","link":"https:\/\/radioinfinitagoya.com.ar\/v1\/2025\/09\/12\/alpine-informo-que-no-mejorara-el-auto-de-colapinto-y-gasly\/","title":{"rendered":"Alpine inform\u00f3 que no mejorar\u00e1 el auto de Colapinto y Gasly"},"content":{"rendered":"<p>El asesor deportivo de la escuder\u00eda francesa, Flavio Briatore, confirm\u00f3 que no invertir\u00e1n en nuevos cambios para el auto. &#8220;Alpine no tiene la capacidad de desarrollar el coche 2025 y de hacer el nuevo coche para 2026&#8221;, dijo Briatore.<\/p>\n<p>Pas\u00f3 el Gran Premio de Italia y Alpine se mantiene como el peor equipo de la F\u00f3rmula 1 en el inicio de la segunda parte de la temporada. El circuito de Monza expuso las mayores debilidades del coche que conducen Franco Colapinto y Pierre Gasly, y ambos pilotos quedaron relegados a las \u00faltimas posiciones de la clasificaci\u00f3n.<\/p>\n<p>Las aspiraciones de la escuder\u00eda francesa de lograr un mejor resultado en lo que resta de calendario son pr\u00e1cticamente nulas. Sin ir m\u00e1s lejos, Flavio Briatore, asesor deportivo del equipo, confirm\u00f3 que no invertir\u00e1n en nuevos cambios para el auto.<\/p>\n<p>\u201cAlpine no tiene la capacidad de desarrollar el coche 2025 y de hacer el nuevo coche para 2026. En un momento dado hay que tomar decisiones\u201d, dijo uno de los directivos m\u00e1s importantes de la escuder\u00eda. Todos los focos del equipo est\u00e1n en la pr\u00f3xima temporada y a los pilotos no les quedar\u00e1 mejor opci\u00f3n que subsistir hasta fin de a\u00f1o.<\/p>\n<p>El \u00fanico motivo por el que el conjunto franc\u00e9s destin\u00f3 recursos para el auto de 2025 fue por arreglos, producto de los accidentes que afectaron a Alpine en la primera parte de la temporada. No se invirti\u00f3 nada en mejoras significativas en el motor ni el chasis.<\/p>\n<p>Afortunadamente para el equipo, hace ocho carreras que los pilotos no generan da\u00f1os importantes que atenten contra el presupuesto de Alpine. Esto significa mayor disponibilidad econ\u00f3mica para seguir desarrollando el coche de 2026.<\/p>\n<p>Por qu\u00e9 2026 es tan importante para Alpine en la F\u00f3rmula 1<\/p>\n<p>El a\u00f1o 2026 se convirti\u00f3 en el horizonte clave para el equipo Alpine de F\u00f3rmula 1, y la raz\u00f3n principal son los cambios masivos en las regulaciones. Estas nuevas normas afectar\u00e1n tanto a los chasis como a las unidades de potencia, creando una oportunidad para que los equipos se pongan al d\u00eda. Alpine ve esto como una pizarra en blanco para reinventar su enfoque y dise\u00f1o, buscando dejar atr\u00e1s los problemas de rendimiento de las \u00faltimas temporadas y empezar de cero en igualdad de condiciones.<\/p>\n<p>Adem\u00e1s de las nuevas reglas, Alpine tiene un as bajo la manga: la transici\u00f3n de motorista. A partir de 2026, dejar\u00e1n de utilizar los motores Renault, una de sus debilidades, para convertirse en un equipo cliente de Mercedes. Esta asociaci\u00f3n les permitir\u00e1 concentrar todos sus esfuerzos y recursos en el desarrollo del chasis, confiando en que Mercedes les proveer\u00e1 de una unidad de potencia confiable y competitiva desde el primer d\u00eda.<\/p>\n<p>En resumen, la combinaci\u00f3n de un reglamento completamente nuevo y un cambio estrat\u00e9gico de motorista hace que 2026 sea el momento perfecto para el reinicio de Alpine. Con una nueva direcci\u00f3n y un claro objetivo a largo plazo, el equipo est\u00e1 construyendo para el futuro, sacrificando el presente para tener la mejor oportunidad de volver a la cima de la parrilla.<\/p>\n<p>&nbsp;<\/p>\n","protected":false},"excerpt":{"rendered":"<p>El asesor deportivo de la escuder\u00eda francesa, Flavio Briatore, confirm\u00f3 que no invertir\u00e1n en nuevos cambios para el auto. &#8220;Alpine no tiene la capacidad de desarrollar el coche 2025 y de hacer el nuevo coche para 2026&#8221;, dijo Briatore. Pas\u00f3 el Gran Premio de Italia y Alpine se mantiene como el peor equipo de la [&hellip;]<\/p>\n","protected":false},"author":4,"featured_media":195804,"comment_status":"closed","ping_status":"closed","sticky":false,"template":"","format":"standard","meta":{"_joinchat":[],"footnotes":""},"categories":[28],"tags":[],"class_list":{"0":"post-195803","1":"post","2":"type-post","3":"status-publish","4":"format-standard","5":"has-post-thumbnail","7":"category-deportes"},"yoast_head":"<!-- This site is optimized with the Yoast SEO plugin v27.2 - https:\/\/yoast.com\/product\/yoast-seo-wordpress\/ -->\n<title>Alpine inform\u00f3 que no mejorar\u00e1 el auto de Colapinto y Gasly - Radio Infinita Goya<\/title>\n<meta name=\"description\" content=\"El asesor deportivo de la escuder\u00eda francesa, Flavio Briatore, confirm\u00f3 que no invertir\u00e1n en nuevos cambios para el auto. &quot;Alpine no tiene la capacidad de\" \/>\n<meta name=\"robots\" content=\"index, follow, max-snippet:-1, max-image-preview:large, max-video-preview:-1\" \/>\n<link rel=\"canonical\" href=\"https:\/\/radioinfinitagoya.com.ar\/v1\/2025\/09\/12\/alpine-informo-que-no-mejorara-el-auto-de-colapinto-y-gasly\/\" \/>\n<meta property=\"og:locale\" content=\"es_ES\" \/>\n<meta property=\"og:type\" content=\"article\" \/>\n<meta property=\"og:title\" content=\"Alpine inform\u00f3 que no mejorar\u00e1 el auto de Colapinto y Gasly - Radio Infinita Goya\" \/>\n<meta property=\"og:description\" content=\"El asesor deportivo de la escuder\u00eda francesa, Flavio Briatore, confirm\u00f3 que no invertir\u00e1n en nuevos cambios para el auto. &quot;Alpine no tiene la capacidad de\" \/>\n<meta property=\"og:url\" content=\"https:\/\/radioinfinitagoya.com.ar\/v1\/2025\/09\/12\/alpine-informo-que-no-mejorara-el-auto-de-colapinto-y-gasly\/\" \/>\n<meta property=\"og:site_name\" content=\"Radio Infinita Goya\" \/>\n<meta property=\"article:publisher\" content=\"https:\/\/www.facebook.com\/p\/Infinita-Goya-100063870918311\/\" \/>\n<meta property=\"article:published_time\" content=\"2025-09-12T19:29:05+00:00\" \/>\n<meta property=\"og:image\" content=\"https:\/\/radioinfinitagoya.com.ar\/v1\/wp-content\/uploads\/2025\/09\/1757586734751.png\" \/>\n\t<meta property=\"og:image:width\" content=\"807\" \/>\n\t<meta property=\"og:image:height\" content=\"452\" \/>\n\t<meta property=\"og:image:type\" content=\"image\/png\" \/>\n<meta name=\"author\" content=\"Jorge Mi\u00f1o\" \/>\n<meta name=\"twitter:card\" content=\"summary_large_image\" \/>\n<meta name=\"twitter:label1\" content=\"Escrito por\" \/>\n\t<meta name=\"twitter:data1\" content=\"Jorge Mi\u00f1o\" \/>\n\t<meta name=\"twitter:label2\" content=\"Tiempo de lectura\" \/>\n\t<meta name=\"twitter:data2\" content=\"3 minutos\" \/>\n<script type=\"application\/ld+json\" class=\"yoast-schema-graph\">{\"@context\":\"https:\/\/schema.org\",\"@graph\":[{\"@type\":\"Article\",\"@id\":\"https:\/\/radioinfinitagoya.com.ar\/v1\/2025\/09\/12\/alpine-informo-que-no-mejorara-el-auto-de-colapinto-y-gasly\/#article\",\"isPartOf\":{\"@id\":\"https:\/\/radioinfinitagoya.com.ar\/v1\/2025\/09\/12\/alpine-informo-que-no-mejorara-el-auto-de-colapinto-y-gasly\/\"},\"author\":{\"name\":\"Jorge Mi\u00f1o\",\"@id\":\"https:\/\/radioinfinitagoya.com.ar\/v1\/#\/schema\/person\/d4cf9c413d4f6edb24aabdccab49ca4a\"},\"headline\":\"Alpine inform\u00f3 que no mejorar\u00e1 el auto de Colapinto y Gasly\",\"datePublished\":\"2025-09-12T19:29:05+00:00\",\"mainEntityOfPage\":{\"@id\":\"https:\/\/radioinfinitagoya.com.ar\/v1\/2025\/09\/12\/alpine-informo-que-no-mejorara-el-auto-de-colapinto-y-gasly\/\"},\"wordCount\":538,\"publisher\":{\"@id\":\"https:\/\/radioinfinitagoya.com.ar\/v1\/#organization\"},\"image\":{\"@id\":\"https:\/\/radioinfinitagoya.com.ar\/v1\/2025\/09\/12\/alpine-informo-que-no-mejorara-el-auto-de-colapinto-y-gasly\/#primaryimage\"},\"thumbnailUrl\":\"https:\/\/radioinfinitagoya.com.ar\/v1\/wp-content\/uploads\/2025\/09\/1757586734751.png\",\"articleSection\":[\"DEPORTES\"],\"inLanguage\":\"es-AR\"},{\"@type\":\"WebPage\",\"@id\":\"https:\/\/radioinfinitagoya.com.ar\/v1\/2025\/09\/12\/alpine-informo-que-no-mejorara-el-auto-de-colapinto-y-gasly\/\",\"url\":\"https:\/\/radioinfinitagoya.com.ar\/v1\/2025\/09\/12\/alpine-informo-que-no-mejorara-el-auto-de-colapinto-y-gasly\/\",\"name\":\"Alpine inform\u00f3 que no mejorar\u00e1 el auto de Colapinto y Gasly - Radio Infinita Goya\",\"isPartOf\":{\"@id\":\"https:\/\/radioinfinitagoya.com.ar\/v1\/#website\"},\"primaryImageOfPage\":{\"@id\":\"https:\/\/radioinfinitagoya.com.ar\/v1\/2025\/09\/12\/alpine-informo-que-no-mejorara-el-auto-de-colapinto-y-gasly\/#primaryimage\"},\"image\":{\"@id\":\"https:\/\/radioinfinitagoya.com.ar\/v1\/2025\/09\/12\/alpine-informo-que-no-mejorara-el-auto-de-colapinto-y-gasly\/#primaryimage\"},\"thumbnailUrl\":\"https:\/\/radioinfinitagoya.com.ar\/v1\/wp-content\/uploads\/2025\/09\/1757586734751.png\",\"datePublished\":\"2025-09-12T19:29:05+00:00\",\"description\":\"El asesor deportivo de la escuder\u00eda francesa, Flavio Briatore, confirm\u00f3 que no invertir\u00e1n en nuevos cambios para el auto. \\\"Alpine no tiene la capacidad de\",\"breadcrumb\":{\"@id\":\"https:\/\/radioinfinitagoya.com.ar\/v1\/2025\/09\/12\/alpine-informo-que-no-mejorara-el-auto-de-colapinto-y-gasly\/#breadcrumb\"},\"inLanguage\":\"es-AR\",\"potentialAction\":[{\"@type\":\"ReadAction\",\"target\":[\"https:\/\/radioinfinitagoya.com.ar\/v1\/2025\/09\/12\/alpine-informo-que-no-mejorara-el-auto-de-colapinto-y-gasly\/\"]}]},{\"@type\":\"ImageObject\",\"inLanguage\":\"es-AR\",\"@id\":\"https:\/\/radioinfinitagoya.com.ar\/v1\/2025\/09\/12\/alpine-informo-que-no-mejorara-el-auto-de-colapinto-y-gasly\/#primaryimage\",\"url\":\"https:\/\/radioinfinitagoya.com.ar\/v1\/wp-content\/uploads\/2025\/09\/1757586734751.png\",\"contentUrl\":\"https:\/\/radioinfinitagoya.com.ar\/v1\/wp-content\/uploads\/2025\/09\/1757586734751.png\",\"width\":807,\"height\":452},{\"@type\":\"BreadcrumbList\",\"@id\":\"https:\/\/radioinfinitagoya.com.ar\/v1\/2025\/09\/12\/alpine-informo-que-no-mejorara-el-auto-de-colapinto-y-gasly\/#breadcrumb\",\"itemListElement\":[{\"@type\":\"ListItem\",\"position\":1,\"name\":\"Inicio\",\"item\":\"https:\/\/radioinfinitagoya.com.ar\/v1\/\"},{\"@type\":\"ListItem\",\"position\":2,\"name\":\"Alpine inform\u00f3 que no mejorar\u00e1 el auto de Colapinto y Gasly\"}]},{\"@type\":\"WebSite\",\"@id\":\"https:\/\/radioinfinitagoya.com.ar\/v1\/#website\",\"url\":\"https:\/\/radioinfinitagoya.com.ar\/v1\/\",\"name\":\"radioinfinitagoya.com.ar\",\"description\":\"Radio de noticias\",\"publisher\":{\"@id\":\"https:\/\/radioinfinitagoya.com.ar\/v1\/#organization\"},\"potentialAction\":[{\"@type\":\"SearchAction\",\"target\":{\"@type\":\"EntryPoint\",\"urlTemplate\":\"https:\/\/radioinfinitagoya.com.ar\/v1\/?s={search_term_string}\"},\"query-input\":{\"@type\":\"PropertyValueSpecification\",\"valueRequired\":true,\"valueName\":\"search_term_string\"}}],\"inLanguage\":\"es-AR\"},{\"@type\":\"Organization\",\"@id\":\"https:\/\/radioinfinitagoya.com.ar\/v1\/#organization\",\"name\":\"Radio Infinita Goya\",\"url\":\"https:\/\/radioinfinitagoya.com.ar\/v1\/\",\"logo\":{\"@type\":\"ImageObject\",\"inLanguage\":\"es-AR\",\"@id\":\"https:\/\/radioinfinitagoya.com.ar\/v1\/#\/schema\/logo\/image\/\",\"url\":\"https:\/\/radioinfinitagoya.com.ar\/v1\/wp-content\/uploads\/2019\/11\/logo-pie-web.png\",\"contentUrl\":\"https:\/\/radioinfinitagoya.com.ar\/v1\/wp-content\/uploads\/2019\/11\/logo-pie-web.png\",\"width\":635,\"height\":326,\"caption\":\"Radio Infinita Goya\"},\"image\":{\"@id\":\"https:\/\/radioinfinitagoya.com.ar\/v1\/#\/schema\/logo\/image\/\"},\"sameAs\":[\"https:\/\/www.facebook.com\/p\/Infinita-Goya-100063870918311\/\"]},{\"@type\":\"Person\",\"@id\":\"https:\/\/radioinfinitagoya.com.ar\/v1\/#\/schema\/person\/d4cf9c413d4f6edb24aabdccab49ca4a\",\"name\":\"Jorge Mi\u00f1o\",\"image\":{\"@type\":\"ImageObject\",\"inLanguage\":\"es-AR\",\"@id\":\"https:\/\/secure.gravatar.com\/avatar\/910fcf6728fe95320e07a6643c1581fec1c7fc4bf8ae12e3d8f0d0373dc844be?s=96&d=mm&r=g\",\"url\":\"https:\/\/secure.gravatar.com\/avatar\/910fcf6728fe95320e07a6643c1581fec1c7fc4bf8ae12e3d8f0d0373dc844be?s=96&d=mm&r=g\",\"contentUrl\":\"https:\/\/secure.gravatar.com\/avatar\/910fcf6728fe95320e07a6643c1581fec1c7fc4bf8ae12e3d8f0d0373dc844be?s=96&d=mm&r=g\",\"caption\":\"Jorge Mi\u00f1o\"},\"sameAs\":[\"http:\/\/radioinfinitagoya.com.ar\"]}]}<\/script>\n<!-- \/ Yoast SEO plugin. -->","yoast_head_json":{"title":"Alpine inform\u00f3 que no mejorar\u00e1 el auto de Colapinto y Gasly - Radio Infinita Goya","description":"El asesor deportivo de la escuder\u00eda francesa, Flavio Briatore, confirm\u00f3 que no invertir\u00e1n en nuevos cambios para el auto. \"Alpine no tiene la capacidad de","robots":{"index":"index","follow":"follow","max-snippet":"max-snippet:-1","max-image-preview":"max-image-preview:large","max-video-preview":"max-video-preview:-1"},"canonical":"https:\/\/radioinfinitagoya.com.ar\/v1\/2025\/09\/12\/alpine-informo-que-no-mejorara-el-auto-de-colapinto-y-gasly\/","og_locale":"es_ES","og_type":"article","og_title":"Alpine inform\u00f3 que no mejorar\u00e1 el auto de Colapinto y Gasly - Radio Infinita Goya","og_description":"El asesor deportivo de la escuder\u00eda francesa, Flavio Briatore, confirm\u00f3 que no invertir\u00e1n en nuevos cambios para el auto. \"Alpine no tiene la capacidad de","og_url":"https:\/\/radioinfinitagoya.com.ar\/v1\/2025\/09\/12\/alpine-informo-que-no-mejorara-el-auto-de-colapinto-y-gasly\/","og_site_name":"Radio Infinita Goya","article_publisher":"https:\/\/www.facebook.com\/p\/Infinita-Goya-100063870918311\/","article_published_time":"2025-09-12T19:29:05+00:00","og_image":[{"width":807,"height":452,"url":"https:\/\/radioinfinitagoya.com.ar\/v1\/wp-content\/uploads\/2025\/09\/1757586734751.png","type":"image\/png"}],"author":"Jorge Mi\u00f1o","twitter_card":"summary_large_image","twitter_misc":{"Escrito por":"Jorge Mi\u00f1o","Tiempo de lectura":"3 minutos"},"schema":{"@context":"https:\/\/schema.org","@graph":[{"@type":"Article","@id":"https:\/\/radioinfinitagoya.com.ar\/v1\/2025\/09\/12\/alpine-informo-que-no-mejorara-el-auto-de-colapinto-y-gasly\/#article","isPartOf":{"@id":"https:\/\/radioinfinitagoya.com.ar\/v1\/2025\/09\/12\/alpine-informo-que-no-mejorara-el-auto-de-colapinto-y-gasly\/"},"author":{"name":"Jorge Mi\u00f1o","@id":"https:\/\/radioinfinitagoya.com.ar\/v1\/#\/schema\/person\/d4cf9c413d4f6edb24aabdccab49ca4a"},"headline":"Alpine inform\u00f3 que no mejorar\u00e1 el auto de Colapinto y Gasly","datePublished":"2025-09-12T19:29:05+00:00","mainEntityOfPage":{"@id":"https:\/\/radioinfinitagoya.com.ar\/v1\/2025\/09\/12\/alpine-informo-que-no-mejorara-el-auto-de-colapinto-y-gasly\/"},"wordCount":538,"publisher":{"@id":"https:\/\/radioinfinitagoya.com.ar\/v1\/#organization"},"image":{"@id":"https:\/\/radioinfinitagoya.com.ar\/v1\/2025\/09\/12\/alpine-informo-que-no-mejorara-el-auto-de-colapinto-y-gasly\/#primaryimage"},"thumbnailUrl":"https:\/\/radioinfinitagoya.com.ar\/v1\/wp-content\/uploads\/2025\/09\/1757586734751.png","articleSection":["DEPORTES"],"inLanguage":"es-AR"},{"@type":"WebPage","@id":"https:\/\/radioinfinitagoya.com.ar\/v1\/2025\/09\/12\/alpine-informo-que-no-mejorara-el-auto-de-colapinto-y-gasly\/","url":"https:\/\/radioinfinitagoya.com.ar\/v1\/2025\/09\/12\/alpine-informo-que-no-mejorara-el-auto-de-colapinto-y-gasly\/","name":"Alpine inform\u00f3 que no mejorar\u00e1 el auto de Colapinto y Gasly - Radio Infinita Goya","isPartOf":{"@id":"https:\/\/radioinfinitagoya.com.ar\/v1\/#website"},"primaryImageOfPage":{"@id":"https:\/\/radioinfinitagoya.com.ar\/v1\/2025\/09\/12\/alpine-informo-que-no-mejorara-el-auto-de-colapinto-y-gasly\/#primaryimage"},"image":{"@id":"https:\/\/radioinfinitagoya.com.ar\/v1\/2025\/09\/12\/alpine-informo-que-no-mejorara-el-auto-de-colapinto-y-gasly\/#primaryimage"},"thumbnailUrl":"https:\/\/radioinfinitagoya.com.ar\/v1\/wp-content\/uploads\/2025\/09\/1757586734751.png","datePublished":"2025-09-12T19:29:05+00:00","description":"El asesor deportivo de la escuder\u00eda francesa, Flavio Briatore, confirm\u00f3 que no invertir\u00e1n en nuevos cambios para el auto. \"Alpine no tiene la capacidad de","breadcrumb":{"@id":"https:\/\/radioinfinitagoya.com.ar\/v1\/2025\/09\/12\/alpine-informo-que-no-mejorara-el-auto-de-colapinto-y-gasly\/#breadcrumb"},"inLanguage":"es-AR","potentialAction":[{"@type":"ReadAction","target":["https:\/\/radioinfinitagoya.com.ar\/v1\/2025\/09\/12\/alpine-informo-que-no-mejorara-el-auto-de-colapinto-y-gasly\/"]}]},{"@type":"ImageObject","inLanguage":"es-AR","@id":"https:\/\/radioinfinitagoya.com.ar\/v1\/2025\/09\/12\/alpine-informo-que-no-mejorara-el-auto-de-colapinto-y-gasly\/#primaryimage","url":"https:\/\/radioinfinitagoya.com.ar\/v1\/wp-content\/uploads\/2025\/09\/1757586734751.png","contentUrl":"https:\/\/radioinfinitagoya.com.ar\/v1\/wp-content\/uploads\/2025\/09\/1757586734751.png","width":807,"height":452},{"@type":"BreadcrumbList","@id":"https:\/\/radioinfinitagoya.com.ar\/v1\/2025\/09\/12\/alpine-informo-que-no-mejorara-el-auto-de-colapinto-y-gasly\/#breadcrumb","itemListElement":[{"@type":"ListItem","position":1,"name":"Inicio","item":"https:\/\/radioinfinitagoya.com.ar\/v1\/"},{"@type":"ListItem","position":2,"name":"Alpine inform\u00f3 que no mejorar\u00e1 el auto de Colapinto y Gasly"}]},{"@type":"WebSite","@id":"https:\/\/radioinfinitagoya.com.ar\/v1\/#website","url":"https:\/\/radioinfinitagoya.com.ar\/v1\/","name":"radioinfinitagoya.com.ar","description":"Radio de noticias","publisher":{"@id":"https:\/\/radioinfinitagoya.com.ar\/v1\/#organization"},"potentialAction":[{"@type":"SearchAction","target":{"@type":"EntryPoint","urlTemplate":"https:\/\/radioinfinitagoya.com.ar\/v1\/?s={search_term_string}"},"query-input":{"@type":"PropertyValueSpecification","valueRequired":true,"valueName":"search_term_string"}}],"inLanguage":"es-AR"},{"@type":"Organization","@id":"https:\/\/radioinfinitagoya.com.ar\/v1\/#organization","name":"Radio Infinita Goya","url":"https:\/\/radioinfinitagoya.com.ar\/v1\/","logo":{"@type":"ImageObject","inLanguage":"es-AR","@id":"https:\/\/radioinfinitagoya.com.ar\/v1\/#\/schema\/logo\/image\/","url":"https:\/\/radioinfinitagoya.com.ar\/v1\/wp-content\/uploads\/2019\/11\/logo-pie-web.png","contentUrl":"https:\/\/radioinfinitagoya.com.ar\/v1\/wp-content\/uploads\/2019\/11\/logo-pie-web.png","width":635,"height":326,"caption":"Radio Infinita Goya"},"image":{"@id":"https:\/\/radioinfinitagoya.com.ar\/v1\/#\/schema\/logo\/image\/"},"sameAs":["https:\/\/www.facebook.com\/p\/Infinita-Goya-100063870918311\/"]},{"@type":"Person","@id":"https:\/\/radioinfinitagoya.com.ar\/v1\/#\/schema\/person\/d4cf9c413d4f6edb24aabdccab49ca4a","name":"Jorge Mi\u00f1o","image":{"@type":"ImageObject","inLanguage":"es-AR","@id":"https:\/\/secure.gravatar.com\/avatar\/910fcf6728fe95320e07a6643c1581fec1c7fc4bf8ae12e3d8f0d0373dc844be?s=96&d=mm&r=g","url":"https:\/\/secure.gravatar.com\/avatar\/910fcf6728fe95320e07a6643c1581fec1c7fc4bf8ae12e3d8f0d0373dc844be?s=96&d=mm&r=g","contentUrl":"https:\/\/secure.gravatar.com\/avatar\/910fcf6728fe95320e07a6643c1581fec1c7fc4bf8ae12e3d8f0d0373dc844be?s=96&d=mm&r=g","caption":"Jorge Mi\u00f1o"},"sameAs":["http:\/\/radioinfinitagoya.com.ar"]}]}},"_links":{"self":[{"href":"https:\/\/radioinfinitagoya.com.ar\/v1\/wp-json\/wp\/v2\/posts\/195803","targetHints":{"allow":["GET"]}}],"collection":[{"href":"https:\/\/radioinfinitagoya.com.ar\/v1\/wp-json\/wp\/v2\/posts"}],"about":[{"href":"https:\/\/radioinfinitagoya.com.ar\/v1\/wp-json\/wp\/v2\/types\/post"}],"author":[{"embeddable":true,"href":"https:\/\/radioinfinitagoya.com.ar\/v1\/wp-json\/wp\/v2\/users\/4"}],"replies":[{"embeddable":true,"href":"https:\/\/radioinfinitagoya.com.ar\/v1\/wp-json\/wp\/v2\/comments?post=195803"}],"version-history":[{"count":0,"href":"https:\/\/radioinfinitagoya.com.ar\/v1\/wp-json\/wp\/v2\/posts\/195803\/revisions"}],"wp:featuredmedia":[{"embeddable":true,"href":"https:\/\/radioinfinitagoya.com.ar\/v1\/wp-json\/wp\/v2\/media\/195804"}],"wp:attachment":[{"href":"https:\/\/radioinfinitagoya.com.ar\/v1\/wp-json\/wp\/v2\/media?parent=195803"}],"wp:term":[{"taxonomy":"category","embeddable":true,"href":"https:\/\/radioinfinitagoya.com.ar\/v1\/wp-json\/wp\/v2\/categories?post=195803"},{"taxonomy":"post_tag","embeddable":true,"href":"https:\/\/radioinfinitagoya.com.ar\/v1\/wp-json\/wp\/v2\/tags?post=195803"}],"curies":[{"name":"wp","href":"https:\/\/api.w.org\/{rel}","templated":true}]}}