{"id":195806,"date":"2025-09-12T16:32:28","date_gmt":"2025-09-12T19:32:28","guid":{"rendered":"https:\/\/radioinfinitagoya.com.ar\/v1\/?p=195806"},"modified":"2025-09-12T16:32:28","modified_gmt":"2025-09-12T19:32:28","slug":"gustavo-valdes-en-rio-cuarto-las-provincias-no-son-las-enemigas-de-la-patria","status":"publish","type":"post","link":"https:\/\/radioinfinitagoya.com.ar\/v1\/2025\/09\/12\/gustavo-valdes-en-rio-cuarto-las-provincias-no-son-las-enemigas-de-la-patria\/","title":{"rendered":"Gustavo Vald\u00e9s en R\u00edo Cuarto: \u201cLas provincias no son las enemigas de la Patria\u201d"},"content":{"rendered":"<p>El gobernador de Corrientes, Gustavo Vald\u00e9s, alz\u00f3 la voz este viernes en R\u00edo Cuarto, C\u00f3rdoba, durante una conferencia de prensa junto al bloque \u201cProvincias Unidas\u201d, donde mandatarios provinciales reclamaron un federalismo real y mayor di\u00e1logo con la Naci\u00f3n.<\/p>\n<p>Acompa\u00f1ado por Mart\u00edn Llaryora (C\u00f3rdoba), Maximiliano Pullaro (Santa Fe), Carlos Sadir (Jujuy) y el exgobernador Juan Schiaretti, Vald\u00e9s fue categ\u00f3rico al sostener que, \u201cpor primera vez, comenzamos a pensar la Argentina desde el interior. Necesitamos un diputado nacional en Buenos Aires, no de Buenos Aires\u201d.<\/p>\n<p>El mandatario correntino insisti\u00f3 en que los gobernadores deben trabajar juntos m\u00e1s all\u00e1 de los partidos pol\u00edticos, reconociendo las diferencias productivas y culturales del pa\u00eds, pero exigiendo respeto en la toma de decisiones nacionales.<\/p>\n<p>Vald\u00e9s cuestion\u00f3 la falta de atenci\u00f3n del Gobierno nacional hacia las provincias: \u201cEstoy cansado de ir a Buenos Aires como gobernador y que me atiendan funcionarios de tercera l\u00ednea. Necesitamos que verdaderamente nos escuchen. Este es el primer grito de los provincianos\u201d.<\/p>\n<p>Pidi\u00f3 que el federalismo deje de ser un discurso vac\u00edo y se transforme en un proyecto inclusivo de pa\u00eds, en el que el interior sea parte de las decisiones estrat\u00e9gicas.<\/p>\n<p>Durante el encuentro, los mandatarios coincidieron en que los problemas de impuestos, caminos y retenciones afectan directamente a las econom\u00edas regionales. \u201cCuando hablamos de producci\u00f3n, hablamos el mismo idioma\u201d, remarc\u00f3 Vald\u00e9s, destacando que en el interior est\u00e1 la gente que \u201cse esfuerza todos los d\u00edas, de sol a sol\u201d.<\/p>\n<p><img loading=\"lazy\" decoding=\"async\" class=\"alignnone size-full wp-image-195808\" src=\"https:\/\/radioinfinitagoya.com.ar\/v1\/wp-content\/uploads\/2025\/09\/image-130.png\" alt=\"\" width=\"1200\" height=\"675\" srcset=\"https:\/\/radioinfinitagoya.com.ar\/v1\/wp-content\/uploads\/2025\/09\/image-130.png 1200w, https:\/\/radioinfinitagoya.com.ar\/v1\/wp-content\/uploads\/2025\/09\/image-130-696x392.png 696w, https:\/\/radioinfinitagoya.com.ar\/v1\/wp-content\/uploads\/2025\/09\/image-130-1068x601.png 1068w, https:\/\/radioinfinitagoya.com.ar\/v1\/wp-content\/uploads\/2025\/09\/image-130-747x420.png 747w\" sizes=\"auto, (max-width: 1200px) 100vw, 1200px\" \/><\/p>\n<p>Provincias Unidas: un frente en construcci\u00f3n<br \/>\nLa conformaci\u00f3n del bloque busca ser una voz colectiva frente al Gobierno nacional. Seg\u00fan Vald\u00e9s, las provincias no deben ser vistas como opositoras, sino como socias estrat\u00e9gicas del desarrollo argentino: \u201cPareciera que las provincias argentinas nos convertimos en enemigas de la Patria, y es todo lo contrario\u201d.<\/p>\n<p>El encuentro en C\u00f3rdoba marca el inicio de una estrategia pol\u00edtica com\u00fan que podr\u00eda tener impacto en futuras negociaciones con la Naci\u00f3n y hasta en el escenario electoral.<\/p>\n","protected":false},"excerpt":{"rendered":"<p>El gobernador de Corrientes, Gustavo Vald\u00e9s, alz\u00f3 la voz este viernes en R\u00edo Cuarto, C\u00f3rdoba, durante una conferencia de prensa junto al bloque \u201cProvincias Unidas\u201d, donde mandatarios provinciales reclamaron un federalismo real y mayor di\u00e1logo con la Naci\u00f3n. Acompa\u00f1ado por Mart\u00edn Llaryora (C\u00f3rdoba), Maximiliano Pullaro (Santa Fe), Carlos Sadir (Jujuy) y el exgobernador Juan Schiaretti, [&hellip;]<\/p>\n","protected":false},"author":4,"featured_media":195807,"comment_status":"closed","ping_status":"closed","sticky":false,"template":"","format":"standard","meta":{"_joinchat":[],"footnotes":""},"categories":[34],"tags":[],"class_list":{"0":"post-195806","1":"post","2":"type-post","3":"status-publish","4":"format-standard","5":"has-post-thumbnail","7":"category-principal"},"yoast_head":"<!-- This site is optimized with the Yoast SEO plugin v27.2 - https:\/\/yoast.com\/product\/yoast-seo-wordpress\/ -->\n<title>Gustavo Vald\u00e9s en R\u00edo Cuarto: \u201cLas provincias no son las enemigas de la Patria\u201d - Radio Infinita Goya<\/title>\n<meta name=\"description\" content=\"El gobernador de Corrientes, Gustavo Vald\u00e9s, alz\u00f3 la voz este viernes en R\u00edo Cuarto, C\u00f3rdoba, durante una conferencia de prensa junto al bloque\" \/>\n<meta name=\"robots\" content=\"index, follow, max-snippet:-1, max-image-preview:large, max-video-preview:-1\" \/>\n<link rel=\"canonical\" href=\"https:\/\/radioinfinitagoya.com.ar\/v1\/2025\/09\/12\/gustavo-valdes-en-rio-cuarto-las-provincias-no-son-las-enemigas-de-la-patria\/\" \/>\n<meta property=\"og:locale\" content=\"es_ES\" \/>\n<meta property=\"og:type\" content=\"article\" \/>\n<meta property=\"og:title\" content=\"Gustavo Vald\u00e9s en R\u00edo Cuarto: \u201cLas provincias no son las enemigas de la Patria\u201d - Radio Infinita Goya\" \/>\n<meta property=\"og:description\" content=\"El gobernador de Corrientes, Gustavo Vald\u00e9s, alz\u00f3 la voz este viernes en R\u00edo Cuarto, C\u00f3rdoba, durante una conferencia de prensa junto al bloque\" \/>\n<meta property=\"og:url\" content=\"https:\/\/radioinfinitagoya.com.ar\/v1\/2025\/09\/12\/gustavo-valdes-en-rio-cuarto-las-provincias-no-son-las-enemigas-de-la-patria\/\" \/>\n<meta property=\"og:site_name\" content=\"Radio Infinita Goya\" \/>\n<meta property=\"article:publisher\" content=\"https:\/\/www.facebook.com\/p\/Infinita-Goya-100063870918311\/\" \/>\n<meta property=\"article:published_time\" content=\"2025-09-12T19:32:28+00:00\" \/>\n<meta property=\"og:image\" content=\"https:\/\/radioinfinitagoya.com.ar\/v1\/wp-content\/uploads\/2025\/09\/vi9FNnsZ.jpg\" \/>\n\t<meta property=\"og:image:width\" content=\"680\" \/>\n\t<meta property=\"og:image:height\" content=\"510\" \/>\n\t<meta property=\"og:image:type\" content=\"image\/jpeg\" \/>\n<meta name=\"author\" content=\"Jorge Mi\u00f1o\" \/>\n<meta name=\"twitter:card\" content=\"summary_large_image\" \/>\n<meta name=\"twitter:label1\" content=\"Escrito por\" \/>\n\t<meta name=\"twitter:data1\" content=\"Jorge Mi\u00f1o\" \/>\n\t<meta name=\"twitter:label2\" content=\"Tiempo de lectura\" \/>\n\t<meta name=\"twitter:data2\" content=\"2 minutos\" \/>\n<script type=\"application\/ld+json\" class=\"yoast-schema-graph\">{\"@context\":\"https:\/\/schema.org\",\"@graph\":[{\"@type\":\"Article\",\"@id\":\"https:\/\/radioinfinitagoya.com.ar\/v1\/2025\/09\/12\/gustavo-valdes-en-rio-cuarto-las-provincias-no-son-las-enemigas-de-la-patria\/#article\",\"isPartOf\":{\"@id\":\"https:\/\/radioinfinitagoya.com.ar\/v1\/2025\/09\/12\/gustavo-valdes-en-rio-cuarto-las-provincias-no-son-las-enemigas-de-la-patria\/\"},\"author\":{\"name\":\"Jorge Mi\u00f1o\",\"@id\":\"https:\/\/radioinfinitagoya.com.ar\/v1\/#\/schema\/person\/d4cf9c413d4f6edb24aabdccab49ca4a\"},\"headline\":\"Gustavo Vald\u00e9s en R\u00edo Cuarto: \u201cLas provincias no son las enemigas de la Patria\u201d\",\"datePublished\":\"2025-09-12T19:32:28+00:00\",\"mainEntityOfPage\":{\"@id\":\"https:\/\/radioinfinitagoya.com.ar\/v1\/2025\/09\/12\/gustavo-valdes-en-rio-cuarto-las-provincias-no-son-las-enemigas-de-la-patria\/\"},\"wordCount\":368,\"publisher\":{\"@id\":\"https:\/\/radioinfinitagoya.com.ar\/v1\/#organization\"},\"image\":{\"@id\":\"https:\/\/radioinfinitagoya.com.ar\/v1\/2025\/09\/12\/gustavo-valdes-en-rio-cuarto-las-provincias-no-son-las-enemigas-de-la-patria\/#primaryimage\"},\"thumbnailUrl\":\"https:\/\/radioinfinitagoya.com.ar\/v1\/wp-content\/uploads\/2025\/09\/vi9FNnsZ.jpg\",\"articleSection\":[\"PRINCIPAL\"],\"inLanguage\":\"es-AR\"},{\"@type\":\"WebPage\",\"@id\":\"https:\/\/radioinfinitagoya.com.ar\/v1\/2025\/09\/12\/gustavo-valdes-en-rio-cuarto-las-provincias-no-son-las-enemigas-de-la-patria\/\",\"url\":\"https:\/\/radioinfinitagoya.com.ar\/v1\/2025\/09\/12\/gustavo-valdes-en-rio-cuarto-las-provincias-no-son-las-enemigas-de-la-patria\/\",\"name\":\"Gustavo Vald\u00e9s en R\u00edo Cuarto: \u201cLas provincias no son las enemigas de la Patria\u201d - Radio Infinita Goya\",\"isPartOf\":{\"@id\":\"https:\/\/radioinfinitagoya.com.ar\/v1\/#website\"},\"primaryImageOfPage\":{\"@id\":\"https:\/\/radioinfinitagoya.com.ar\/v1\/2025\/09\/12\/gustavo-valdes-en-rio-cuarto-las-provincias-no-son-las-enemigas-de-la-patria\/#primaryimage\"},\"image\":{\"@id\":\"https:\/\/radioinfinitagoya.com.ar\/v1\/2025\/09\/12\/gustavo-valdes-en-rio-cuarto-las-provincias-no-son-las-enemigas-de-la-patria\/#primaryimage\"},\"thumbnailUrl\":\"https:\/\/radioinfinitagoya.com.ar\/v1\/wp-content\/uploads\/2025\/09\/vi9FNnsZ.jpg\",\"datePublished\":\"2025-09-12T19:32:28+00:00\",\"description\":\"El gobernador de Corrientes, Gustavo Vald\u00e9s, alz\u00f3 la voz este viernes en R\u00edo Cuarto, C\u00f3rdoba, durante una conferencia de prensa junto al bloque\",\"breadcrumb\":{\"@id\":\"https:\/\/radioinfinitagoya.com.ar\/v1\/2025\/09\/12\/gustavo-valdes-en-rio-cuarto-las-provincias-no-son-las-enemigas-de-la-patria\/#breadcrumb\"},\"inLanguage\":\"es-AR\",\"potentialAction\":[{\"@type\":\"ReadAction\",\"target\":[\"https:\/\/radioinfinitagoya.com.ar\/v1\/2025\/09\/12\/gustavo-valdes-en-rio-cuarto-las-provincias-no-son-las-enemigas-de-la-patria\/\"]}]},{\"@type\":\"ImageObject\",\"inLanguage\":\"es-AR\",\"@id\":\"https:\/\/radioinfinitagoya.com.ar\/v1\/2025\/09\/12\/gustavo-valdes-en-rio-cuarto-las-provincias-no-son-las-enemigas-de-la-patria\/#primaryimage\",\"url\":\"https:\/\/radioinfinitagoya.com.ar\/v1\/wp-content\/uploads\/2025\/09\/vi9FNnsZ.jpg\",\"contentUrl\":\"https:\/\/radioinfinitagoya.com.ar\/v1\/wp-content\/uploads\/2025\/09\/vi9FNnsZ.jpg\",\"width\":680,\"height\":510},{\"@type\":\"BreadcrumbList\",\"@id\":\"https:\/\/radioinfinitagoya.com.ar\/v1\/2025\/09\/12\/gustavo-valdes-en-rio-cuarto-las-provincias-no-son-las-enemigas-de-la-patria\/#breadcrumb\",\"itemListElement\":[{\"@type\":\"ListItem\",\"position\":1,\"name\":\"Inicio\",\"item\":\"https:\/\/radioinfinitagoya.com.ar\/v1\/\"},{\"@type\":\"ListItem\",\"position\":2,\"name\":\"Gustavo Vald\u00e9s en R\u00edo Cuarto: \u201cLas provincias no son las enemigas de la Patria\u201d\"}]},{\"@type\":\"WebSite\",\"@id\":\"https:\/\/radioinfinitagoya.com.ar\/v1\/#website\",\"url\":\"https:\/\/radioinfinitagoya.com.ar\/v1\/\",\"name\":\"radioinfinitagoya.com.ar\",\"description\":\"Radio de noticias\",\"publisher\":{\"@id\":\"https:\/\/radioinfinitagoya.com.ar\/v1\/#organization\"},\"potentialAction\":[{\"@type\":\"SearchAction\",\"target\":{\"@type\":\"EntryPoint\",\"urlTemplate\":\"https:\/\/radioinfinitagoya.com.ar\/v1\/?s={search_term_string}\"},\"query-input\":{\"@type\":\"PropertyValueSpecification\",\"valueRequired\":true,\"valueName\":\"search_term_string\"}}],\"inLanguage\":\"es-AR\"},{\"@type\":\"Organization\",\"@id\":\"https:\/\/radioinfinitagoya.com.ar\/v1\/#organization\",\"name\":\"Radio Infinita Goya\",\"url\":\"https:\/\/radioinfinitagoya.com.ar\/v1\/\",\"logo\":{\"@type\":\"ImageObject\",\"inLanguage\":\"es-AR\",\"@id\":\"https:\/\/radioinfinitagoya.com.ar\/v1\/#\/schema\/logo\/image\/\",\"url\":\"https:\/\/radioinfinitagoya.com.ar\/v1\/wp-content\/uploads\/2019\/11\/logo-pie-web.png\",\"contentUrl\":\"https:\/\/radioinfinitagoya.com.ar\/v1\/wp-content\/uploads\/2019\/11\/logo-pie-web.png\",\"width\":635,\"height\":326,\"caption\":\"Radio Infinita Goya\"},\"image\":{\"@id\":\"https:\/\/radioinfinitagoya.com.ar\/v1\/#\/schema\/logo\/image\/\"},\"sameAs\":[\"https:\/\/www.facebook.com\/p\/Infinita-Goya-100063870918311\/\"]},{\"@type\":\"Person\",\"@id\":\"https:\/\/radioinfinitagoya.com.ar\/v1\/#\/schema\/person\/d4cf9c413d4f6edb24aabdccab49ca4a\",\"name\":\"Jorge Mi\u00f1o\",\"image\":{\"@type\":\"ImageObject\",\"inLanguage\":\"es-AR\",\"@id\":\"https:\/\/secure.gravatar.com\/avatar\/910fcf6728fe95320e07a6643c1581fec1c7fc4bf8ae12e3d8f0d0373dc844be?s=96&d=mm&r=g\",\"url\":\"https:\/\/secure.gravatar.com\/avatar\/910fcf6728fe95320e07a6643c1581fec1c7fc4bf8ae12e3d8f0d0373dc844be?s=96&d=mm&r=g\",\"contentUrl\":\"https:\/\/secure.gravatar.com\/avatar\/910fcf6728fe95320e07a6643c1581fec1c7fc4bf8ae12e3d8f0d0373dc844be?s=96&d=mm&r=g\",\"caption\":\"Jorge Mi\u00f1o\"},\"sameAs\":[\"http:\/\/radioinfinitagoya.com.ar\"]}]}<\/script>\n<!-- \/ Yoast SEO plugin. -->","yoast_head_json":{"title":"Gustavo Vald\u00e9s en R\u00edo Cuarto: \u201cLas provincias no son las enemigas de la Patria\u201d - Radio Infinita Goya","description":"El gobernador de Corrientes, Gustavo Vald\u00e9s, alz\u00f3 la voz este viernes en R\u00edo Cuarto, C\u00f3rdoba, durante una conferencia de prensa junto al bloque","robots":{"index":"index","follow":"follow","max-snippet":"max-snippet:-1","max-image-preview":"max-image-preview:large","max-video-preview":"max-video-preview:-1"},"canonical":"https:\/\/radioinfinitagoya.com.ar\/v1\/2025\/09\/12\/gustavo-valdes-en-rio-cuarto-las-provincias-no-son-las-enemigas-de-la-patria\/","og_locale":"es_ES","og_type":"article","og_title":"Gustavo Vald\u00e9s en R\u00edo Cuarto: \u201cLas provincias no son las enemigas de la Patria\u201d - Radio Infinita Goya","og_description":"El gobernador de Corrientes, Gustavo Vald\u00e9s, alz\u00f3 la voz este viernes en R\u00edo Cuarto, C\u00f3rdoba, durante una conferencia de prensa junto al bloque","og_url":"https:\/\/radioinfinitagoya.com.ar\/v1\/2025\/09\/12\/gustavo-valdes-en-rio-cuarto-las-provincias-no-son-las-enemigas-de-la-patria\/","og_site_name":"Radio Infinita Goya","article_publisher":"https:\/\/www.facebook.com\/p\/Infinita-Goya-100063870918311\/","article_published_time":"2025-09-12T19:32:28+00:00","og_image":[{"width":680,"height":510,"url":"https:\/\/radioinfinitagoya.com.ar\/v1\/wp-content\/uploads\/2025\/09\/vi9FNnsZ.jpg","type":"image\/jpeg"}],"author":"Jorge Mi\u00f1o","twitter_card":"summary_large_image","twitter_misc":{"Escrito por":"Jorge Mi\u00f1o","Tiempo de lectura":"2 minutos"},"schema":{"@context":"https:\/\/schema.org","@graph":[{"@type":"Article","@id":"https:\/\/radioinfinitagoya.com.ar\/v1\/2025\/09\/12\/gustavo-valdes-en-rio-cuarto-las-provincias-no-son-las-enemigas-de-la-patria\/#article","isPartOf":{"@id":"https:\/\/radioinfinitagoya.com.ar\/v1\/2025\/09\/12\/gustavo-valdes-en-rio-cuarto-las-provincias-no-son-las-enemigas-de-la-patria\/"},"author":{"name":"Jorge Mi\u00f1o","@id":"https:\/\/radioinfinitagoya.com.ar\/v1\/#\/schema\/person\/d4cf9c413d4f6edb24aabdccab49ca4a"},"headline":"Gustavo Vald\u00e9s en R\u00edo Cuarto: \u201cLas provincias no son las enemigas de la Patria\u201d","datePublished":"2025-09-12T19:32:28+00:00","mainEntityOfPage":{"@id":"https:\/\/radioinfinitagoya.com.ar\/v1\/2025\/09\/12\/gustavo-valdes-en-rio-cuarto-las-provincias-no-son-las-enemigas-de-la-patria\/"},"wordCount":368,"publisher":{"@id":"https:\/\/radioinfinitagoya.com.ar\/v1\/#organization"},"image":{"@id":"https:\/\/radioinfinitagoya.com.ar\/v1\/2025\/09\/12\/gustavo-valdes-en-rio-cuarto-las-provincias-no-son-las-enemigas-de-la-patria\/#primaryimage"},"thumbnailUrl":"https:\/\/radioinfinitagoya.com.ar\/v1\/wp-content\/uploads\/2025\/09\/vi9FNnsZ.jpg","articleSection":["PRINCIPAL"],"inLanguage":"es-AR"},{"@type":"WebPage","@id":"https:\/\/radioinfinitagoya.com.ar\/v1\/2025\/09\/12\/gustavo-valdes-en-rio-cuarto-las-provincias-no-son-las-enemigas-de-la-patria\/","url":"https:\/\/radioinfinitagoya.com.ar\/v1\/2025\/09\/12\/gustavo-valdes-en-rio-cuarto-las-provincias-no-son-las-enemigas-de-la-patria\/","name":"Gustavo Vald\u00e9s en R\u00edo Cuarto: \u201cLas provincias no son las enemigas de la Patria\u201d - Radio Infinita Goya","isPartOf":{"@id":"https:\/\/radioinfinitagoya.com.ar\/v1\/#website"},"primaryImageOfPage":{"@id":"https:\/\/radioinfinitagoya.com.ar\/v1\/2025\/09\/12\/gustavo-valdes-en-rio-cuarto-las-provincias-no-son-las-enemigas-de-la-patria\/#primaryimage"},"image":{"@id":"https:\/\/radioinfinitagoya.com.ar\/v1\/2025\/09\/12\/gustavo-valdes-en-rio-cuarto-las-provincias-no-son-las-enemigas-de-la-patria\/#primaryimage"},"thumbnailUrl":"https:\/\/radioinfinitagoya.com.ar\/v1\/wp-content\/uploads\/2025\/09\/vi9FNnsZ.jpg","datePublished":"2025-09-12T19:32:28+00:00","description":"El gobernador de Corrientes, Gustavo Vald\u00e9s, alz\u00f3 la voz este viernes en R\u00edo Cuarto, C\u00f3rdoba, durante una conferencia de prensa junto al bloque","breadcrumb":{"@id":"https:\/\/radioinfinitagoya.com.ar\/v1\/2025\/09\/12\/gustavo-valdes-en-rio-cuarto-las-provincias-no-son-las-enemigas-de-la-patria\/#breadcrumb"},"inLanguage":"es-AR","potentialAction":[{"@type":"ReadAction","target":["https:\/\/radioinfinitagoya.com.ar\/v1\/2025\/09\/12\/gustavo-valdes-en-rio-cuarto-las-provincias-no-son-las-enemigas-de-la-patria\/"]}]},{"@type":"ImageObject","inLanguage":"es-AR","@id":"https:\/\/radioinfinitagoya.com.ar\/v1\/2025\/09\/12\/gustavo-valdes-en-rio-cuarto-las-provincias-no-son-las-enemigas-de-la-patria\/#primaryimage","url":"https:\/\/radioinfinitagoya.com.ar\/v1\/wp-content\/uploads\/2025\/09\/vi9FNnsZ.jpg","contentUrl":"https:\/\/radioinfinitagoya.com.ar\/v1\/wp-content\/uploads\/2025\/09\/vi9FNnsZ.jpg","width":680,"height":510},{"@type":"BreadcrumbList","@id":"https:\/\/radioinfinitagoya.com.ar\/v1\/2025\/09\/12\/gustavo-valdes-en-rio-cuarto-las-provincias-no-son-las-enemigas-de-la-patria\/#breadcrumb","itemListElement":[{"@type":"ListItem","position":1,"name":"Inicio","item":"https:\/\/radioinfinitagoya.com.ar\/v1\/"},{"@type":"ListItem","position":2,"name":"Gustavo Vald\u00e9s en R\u00edo Cuarto: \u201cLas provincias no son las enemigas de la Patria\u201d"}]},{"@type":"WebSite","@id":"https:\/\/radioinfinitagoya.com.ar\/v1\/#website","url":"https:\/\/radioinfinitagoya.com.ar\/v1\/","name":"radioinfinitagoya.com.ar","description":"Radio de noticias","publisher":{"@id":"https:\/\/radioinfinitagoya.com.ar\/v1\/#organization"},"potentialAction":[{"@type":"SearchAction","target":{"@type":"EntryPoint","urlTemplate":"https:\/\/radioinfinitagoya.com.ar\/v1\/?s={search_term_string}"},"query-input":{"@type":"PropertyValueSpecification","valueRequired":true,"valueName":"search_term_string"}}],"inLanguage":"es-AR"},{"@type":"Organization","@id":"https:\/\/radioinfinitagoya.com.ar\/v1\/#organization","name":"Radio Infinita Goya","url":"https:\/\/radioinfinitagoya.com.ar\/v1\/","logo":{"@type":"ImageObject","inLanguage":"es-AR","@id":"https:\/\/radioinfinitagoya.com.ar\/v1\/#\/schema\/logo\/image\/","url":"https:\/\/radioinfinitagoya.com.ar\/v1\/wp-content\/uploads\/2019\/11\/logo-pie-web.png","contentUrl":"https:\/\/radioinfinitagoya.com.ar\/v1\/wp-content\/uploads\/2019\/11\/logo-pie-web.png","width":635,"height":326,"caption":"Radio Infinita Goya"},"image":{"@id":"https:\/\/radioinfinitagoya.com.ar\/v1\/#\/schema\/logo\/image\/"},"sameAs":["https:\/\/www.facebook.com\/p\/Infinita-Goya-100063870918311\/"]},{"@type":"Person","@id":"https:\/\/radioinfinitagoya.com.ar\/v1\/#\/schema\/person\/d4cf9c413d4f6edb24aabdccab49ca4a","name":"Jorge Mi\u00f1o","image":{"@type":"ImageObject","inLanguage":"es-AR","@id":"https:\/\/secure.gravatar.com\/avatar\/910fcf6728fe95320e07a6643c1581fec1c7fc4bf8ae12e3d8f0d0373dc844be?s=96&d=mm&r=g","url":"https:\/\/secure.gravatar.com\/avatar\/910fcf6728fe95320e07a6643c1581fec1c7fc4bf8ae12e3d8f0d0373dc844be?s=96&d=mm&r=g","contentUrl":"https:\/\/secure.gravatar.com\/avatar\/910fcf6728fe95320e07a6643c1581fec1c7fc4bf8ae12e3d8f0d0373dc844be?s=96&d=mm&r=g","caption":"Jorge Mi\u00f1o"},"sameAs":["http:\/\/radioinfinitagoya.com.ar"]}]}},"_links":{"self":[{"href":"https:\/\/radioinfinitagoya.com.ar\/v1\/wp-json\/wp\/v2\/posts\/195806","targetHints":{"allow":["GET"]}}],"collection":[{"href":"https:\/\/radioinfinitagoya.com.ar\/v1\/wp-json\/wp\/v2\/posts"}],"about":[{"href":"https:\/\/radioinfinitagoya.com.ar\/v1\/wp-json\/wp\/v2\/types\/post"}],"author":[{"embeddable":true,"href":"https:\/\/radioinfinitagoya.com.ar\/v1\/wp-json\/wp\/v2\/users\/4"}],"replies":[{"embeddable":true,"href":"https:\/\/radioinfinitagoya.com.ar\/v1\/wp-json\/wp\/v2\/comments?post=195806"}],"version-history":[{"count":0,"href":"https:\/\/radioinfinitagoya.com.ar\/v1\/wp-json\/wp\/v2\/posts\/195806\/revisions"}],"wp:featuredmedia":[{"embeddable":true,"href":"https:\/\/radioinfinitagoya.com.ar\/v1\/wp-json\/wp\/v2\/media\/195807"}],"wp:attachment":[{"href":"https:\/\/radioinfinitagoya.com.ar\/v1\/wp-json\/wp\/v2\/media?parent=195806"}],"wp:term":[{"taxonomy":"category","embeddable":true,"href":"https:\/\/radioinfinitagoya.com.ar\/v1\/wp-json\/wp\/v2\/categories?post=195806"},{"taxonomy":"post_tag","embeddable":true,"href":"https:\/\/radioinfinitagoya.com.ar\/v1\/wp-json\/wp\/v2\/tags?post=195806"}],"curies":[{"name":"wp","href":"https:\/\/api.w.org\/{rel}","templated":true}]}}