{"id":195810,"date":"2025-09-12T16:38:08","date_gmt":"2025-09-12T19:38:08","guid":{"rendered":"https:\/\/radioinfinitagoya.com.ar\/v1\/?p=195810"},"modified":"2025-09-12T16:38:08","modified_gmt":"2025-09-12T19:38:08","slug":"valdes-inauguro-un-polideportivo-municipal-en-san-cosme","status":"publish","type":"post","link":"https:\/\/radioinfinitagoya.com.ar\/v1\/2025\/09\/12\/valdes-inauguro-un-polideportivo-municipal-en-san-cosme\/","title":{"rendered":"Vald\u00e9s inaugur\u00f3 un Polideportivo Municipal en San Cosme"},"content":{"rendered":"<p>La obra tiene el objetivo de fomentar una vida saludable y el desarollo local.<\/p>\n<p>El gobernador de Corrientes, Gustavo Vald\u00e9s, inaugur\u00f3 este jueves el nuevo Polidepotivo Municipal en la localidad correntina de San Cosme. Se trata de una obra que quiere posicionar al deporte como pol\u00edtica de Estado.<\/p>\n<p><img loading=\"lazy\" decoding=\"async\" class=\"alignnone size-full wp-image-195812\" src=\"https:\/\/radioinfinitagoya.com.ar\/v1\/wp-content\/uploads\/2025\/09\/G0mkcO3WcAAPbng.jpg\" alt=\"\" width=\"540\" height=\"360\" \/><\/p>\n<p>Durante su discurso, Vald\u00e9s destac\u00f3 la importancia de invertir en infraestructura deportiva como una apuesta a futuro. \u201cEs una inversi\u00f3n que hacemos con los recursos de todos los correntinos, destinada al aprovechamiento com\u00fan y que debe ser administrada por quienes est\u00e1n m\u00e1s cerca de la comunidad, en este caso el municipio\u201d, afirm\u00f3.<\/p>\n<p>El mandatario tambi\u00e9n hizo hincapi\u00e9 en la necesidad de consolidar una estrategia integral que incluya la educaci\u00f3n, los clubes y las instituciones municipales. \u201cDesde chicos debemos inculcar el valor del deporte como parte de una vida saludable. Esta pol\u00edtica debe estar ensamblada desde la escuela hasta el club de barrio\u201d, se\u00f1al\u00f3.<\/p>\n<p>El nuevo polideportivo, ejecutado por el Instituto de Vivienda de Corrientes (Invico), cuenta con una superficie cubierta de 1.050 metros cuadrados, tribunas con capacidad para 500 personas, sanitarios, vestuarios, cocina, dep\u00f3sito y boleter\u00eda. El terreno fue cedido por el Municipio de San Cosme, y la intendenta Guadalupe Barrios expres\u00f3 que la obra \u201ccontribuye al crecimiento de la localidad\u201d.<\/p>\n<p>Por su parte, Lizardo Gonz\u00e1lez, interventor de Invico, subray\u00f3 que \u201cse trata de una infraestructura pensada para el desarrollo integral del deporte y la mejora de la calidad de vida\u201d.<\/p>\n<p>El acto cont\u00f3 con la presencia del gobernador electo e intendente de Ituzaing\u00f3, Juan Pablo Vald\u00e9s, autoridades provinciales y municipales.<\/p>\n<p>El evento tambi\u00e9n cont\u00f3 con la participaci\u00f3n del vicegobernador Pedro Braillard Poccard; el vicepresidente primero de la C\u00e1mara de Diputados, Henry Fick; el secretario de Deportes, Jorge Terrile; el senador nacional Mauricio \u201cCamau\u201d Esp\u00ednola, y otras autoridades provinciales.<\/p>\n<p>La habilitaci\u00f3n del Polideportivo Municipal de San Cosme refuerza la intenci\u00f3n del Gobierno provincial de expandir este tipo de infraestructura en toda la geograf\u00eda correntina, con el objetivo de fomentar la inclusi\u00f3n, la salud y el desarrollo social a trav\u00e9s del deporte<\/p>\n","protected":false},"excerpt":{"rendered":"<p>La obra tiene el objetivo de fomentar una vida saludable y el desarollo local. El gobernador de Corrientes, Gustavo Vald\u00e9s, inaugur\u00f3 este jueves el nuevo Polidepotivo Municipal en la localidad correntina de San Cosme. Se trata de una obra que quiere posicionar al deporte como pol\u00edtica de Estado. Durante su discurso, Vald\u00e9s destac\u00f3 la importancia [&hellip;]<\/p>\n","protected":false},"author":4,"featured_media":195811,"comment_status":"closed","ping_status":"closed","sticky":false,"template":"","format":"standard","meta":{"_joinchat":[],"footnotes":""},"categories":[26],"tags":[],"class_list":{"0":"post-195810","1":"post","2":"type-post","3":"status-publish","4":"format-standard","5":"has-post-thumbnail","7":"category-provinciales"},"yoast_head":"<!-- This site is optimized with the Yoast SEO plugin v27.2 - https:\/\/yoast.com\/product\/yoast-seo-wordpress\/ -->\n<title>Vald\u00e9s inaugur\u00f3 un Polideportivo Municipal en San Cosme - Radio Infinita Goya<\/title>\n<meta name=\"description\" content=\"La obra tiene el objetivo de fomentar una vida saludable y el desarollo local. El gobernador de Corrientes, Gustavo Vald\u00e9s, inaugur\u00f3 este jueves el nuevo\" \/>\n<meta name=\"robots\" content=\"index, follow, max-snippet:-1, max-image-preview:large, max-video-preview:-1\" \/>\n<link rel=\"canonical\" href=\"https:\/\/radioinfinitagoya.com.ar\/v1\/2025\/09\/12\/valdes-inauguro-un-polideportivo-municipal-en-san-cosme\/\" \/>\n<meta property=\"og:locale\" content=\"es_ES\" \/>\n<meta property=\"og:type\" content=\"article\" \/>\n<meta property=\"og:title\" content=\"Vald\u00e9s inaugur\u00f3 un Polideportivo Municipal en San Cosme - Radio Infinita Goya\" \/>\n<meta property=\"og:description\" content=\"La obra tiene el objetivo de fomentar una vida saludable y el desarollo local. El gobernador de Corrientes, Gustavo Vald\u00e9s, inaugur\u00f3 este jueves el nuevo\" \/>\n<meta property=\"og:url\" content=\"https:\/\/radioinfinitagoya.com.ar\/v1\/2025\/09\/12\/valdes-inauguro-un-polideportivo-municipal-en-san-cosme\/\" \/>\n<meta property=\"og:site_name\" content=\"Radio Infinita Goya\" \/>\n<meta property=\"article:publisher\" content=\"https:\/\/www.facebook.com\/p\/Infinita-Goya-100063870918311\/\" \/>\n<meta property=\"article:published_time\" content=\"2025-09-12T19:38:08+00:00\" \/>\n<meta property=\"og:image\" content=\"https:\/\/radioinfinitagoya.com.ar\/v1\/wp-content\/uploads\/2025\/09\/imagen-102780.jpg\" \/>\n\t<meta property=\"og:image:width\" content=\"807\" \/>\n\t<meta property=\"og:image:height\" content=\"538\" \/>\n\t<meta property=\"og:image:type\" content=\"image\/jpeg\" \/>\n<meta name=\"author\" content=\"Jorge Mi\u00f1o\" \/>\n<meta name=\"twitter:card\" content=\"summary_large_image\" \/>\n<meta name=\"twitter:label1\" content=\"Escrito por\" \/>\n\t<meta name=\"twitter:data1\" content=\"Jorge Mi\u00f1o\" \/>\n\t<meta name=\"twitter:label2\" content=\"Tiempo de lectura\" \/>\n\t<meta name=\"twitter:data2\" content=\"2 minutos\" \/>\n<script type=\"application\/ld+json\" class=\"yoast-schema-graph\">{\"@context\":\"https:\/\/schema.org\",\"@graph\":[{\"@type\":\"Article\",\"@id\":\"https:\/\/radioinfinitagoya.com.ar\/v1\/2025\/09\/12\/valdes-inauguro-un-polideportivo-municipal-en-san-cosme\/#article\",\"isPartOf\":{\"@id\":\"https:\/\/radioinfinitagoya.com.ar\/v1\/2025\/09\/12\/valdes-inauguro-un-polideportivo-municipal-en-san-cosme\/\"},\"author\":{\"name\":\"Jorge Mi\u00f1o\",\"@id\":\"https:\/\/radioinfinitagoya.com.ar\/v1\/#\/schema\/person\/d4cf9c413d4f6edb24aabdccab49ca4a\"},\"headline\":\"Vald\u00e9s inaugur\u00f3 un Polideportivo Municipal en San Cosme\",\"datePublished\":\"2025-09-12T19:38:08+00:00\",\"mainEntityOfPage\":{\"@id\":\"https:\/\/radioinfinitagoya.com.ar\/v1\/2025\/09\/12\/valdes-inauguro-un-polideportivo-municipal-en-san-cosme\/\"},\"wordCount\":370,\"publisher\":{\"@id\":\"https:\/\/radioinfinitagoya.com.ar\/v1\/#organization\"},\"image\":{\"@id\":\"https:\/\/radioinfinitagoya.com.ar\/v1\/2025\/09\/12\/valdes-inauguro-un-polideportivo-municipal-en-san-cosme\/#primaryimage\"},\"thumbnailUrl\":\"https:\/\/radioinfinitagoya.com.ar\/v1\/wp-content\/uploads\/2025\/09\/imagen-102780.jpg\",\"articleSection\":[\"PROVINCIALES\"],\"inLanguage\":\"es-AR\"},{\"@type\":\"WebPage\",\"@id\":\"https:\/\/radioinfinitagoya.com.ar\/v1\/2025\/09\/12\/valdes-inauguro-un-polideportivo-municipal-en-san-cosme\/\",\"url\":\"https:\/\/radioinfinitagoya.com.ar\/v1\/2025\/09\/12\/valdes-inauguro-un-polideportivo-municipal-en-san-cosme\/\",\"name\":\"Vald\u00e9s inaugur\u00f3 un Polideportivo Municipal en San Cosme - Radio Infinita Goya\",\"isPartOf\":{\"@id\":\"https:\/\/radioinfinitagoya.com.ar\/v1\/#website\"},\"primaryImageOfPage\":{\"@id\":\"https:\/\/radioinfinitagoya.com.ar\/v1\/2025\/09\/12\/valdes-inauguro-un-polideportivo-municipal-en-san-cosme\/#primaryimage\"},\"image\":{\"@id\":\"https:\/\/radioinfinitagoya.com.ar\/v1\/2025\/09\/12\/valdes-inauguro-un-polideportivo-municipal-en-san-cosme\/#primaryimage\"},\"thumbnailUrl\":\"https:\/\/radioinfinitagoya.com.ar\/v1\/wp-content\/uploads\/2025\/09\/imagen-102780.jpg\",\"datePublished\":\"2025-09-12T19:38:08+00:00\",\"description\":\"La obra tiene el objetivo de fomentar una vida saludable y el desarollo local. El gobernador de Corrientes, Gustavo Vald\u00e9s, inaugur\u00f3 este jueves el nuevo\",\"breadcrumb\":{\"@id\":\"https:\/\/radioinfinitagoya.com.ar\/v1\/2025\/09\/12\/valdes-inauguro-un-polideportivo-municipal-en-san-cosme\/#breadcrumb\"},\"inLanguage\":\"es-AR\",\"potentialAction\":[{\"@type\":\"ReadAction\",\"target\":[\"https:\/\/radioinfinitagoya.com.ar\/v1\/2025\/09\/12\/valdes-inauguro-un-polideportivo-municipal-en-san-cosme\/\"]}]},{\"@type\":\"ImageObject\",\"inLanguage\":\"es-AR\",\"@id\":\"https:\/\/radioinfinitagoya.com.ar\/v1\/2025\/09\/12\/valdes-inauguro-un-polideportivo-municipal-en-san-cosme\/#primaryimage\",\"url\":\"https:\/\/radioinfinitagoya.com.ar\/v1\/wp-content\/uploads\/2025\/09\/imagen-102780.jpg\",\"contentUrl\":\"https:\/\/radioinfinitagoya.com.ar\/v1\/wp-content\/uploads\/2025\/09\/imagen-102780.jpg\",\"width\":807,\"height\":538},{\"@type\":\"BreadcrumbList\",\"@id\":\"https:\/\/radioinfinitagoya.com.ar\/v1\/2025\/09\/12\/valdes-inauguro-un-polideportivo-municipal-en-san-cosme\/#breadcrumb\",\"itemListElement\":[{\"@type\":\"ListItem\",\"position\":1,\"name\":\"Inicio\",\"item\":\"https:\/\/radioinfinitagoya.com.ar\/v1\/\"},{\"@type\":\"ListItem\",\"position\":2,\"name\":\"Vald\u00e9s inaugur\u00f3 un Polideportivo Municipal en San Cosme\"}]},{\"@type\":\"WebSite\",\"@id\":\"https:\/\/radioinfinitagoya.com.ar\/v1\/#website\",\"url\":\"https:\/\/radioinfinitagoya.com.ar\/v1\/\",\"name\":\"radioinfinitagoya.com.ar\",\"description\":\"Radio de noticias\",\"publisher\":{\"@id\":\"https:\/\/radioinfinitagoya.com.ar\/v1\/#organization\"},\"potentialAction\":[{\"@type\":\"SearchAction\",\"target\":{\"@type\":\"EntryPoint\",\"urlTemplate\":\"https:\/\/radioinfinitagoya.com.ar\/v1\/?s={search_term_string}\"},\"query-input\":{\"@type\":\"PropertyValueSpecification\",\"valueRequired\":true,\"valueName\":\"search_term_string\"}}],\"inLanguage\":\"es-AR\"},{\"@type\":\"Organization\",\"@id\":\"https:\/\/radioinfinitagoya.com.ar\/v1\/#organization\",\"name\":\"Radio Infinita Goya\",\"url\":\"https:\/\/radioinfinitagoya.com.ar\/v1\/\",\"logo\":{\"@type\":\"ImageObject\",\"inLanguage\":\"es-AR\",\"@id\":\"https:\/\/radioinfinitagoya.com.ar\/v1\/#\/schema\/logo\/image\/\",\"url\":\"https:\/\/radioinfinitagoya.com.ar\/v1\/wp-content\/uploads\/2019\/11\/logo-pie-web.png\",\"contentUrl\":\"https:\/\/radioinfinitagoya.com.ar\/v1\/wp-content\/uploads\/2019\/11\/logo-pie-web.png\",\"width\":635,\"height\":326,\"caption\":\"Radio Infinita Goya\"},\"image\":{\"@id\":\"https:\/\/radioinfinitagoya.com.ar\/v1\/#\/schema\/logo\/image\/\"},\"sameAs\":[\"https:\/\/www.facebook.com\/p\/Infinita-Goya-100063870918311\/\"]},{\"@type\":\"Person\",\"@id\":\"https:\/\/radioinfinitagoya.com.ar\/v1\/#\/schema\/person\/d4cf9c413d4f6edb24aabdccab49ca4a\",\"name\":\"Jorge Mi\u00f1o\",\"image\":{\"@type\":\"ImageObject\",\"inLanguage\":\"es-AR\",\"@id\":\"https:\/\/secure.gravatar.com\/avatar\/910fcf6728fe95320e07a6643c1581fec1c7fc4bf8ae12e3d8f0d0373dc844be?s=96&d=mm&r=g\",\"url\":\"https:\/\/secure.gravatar.com\/avatar\/910fcf6728fe95320e07a6643c1581fec1c7fc4bf8ae12e3d8f0d0373dc844be?s=96&d=mm&r=g\",\"contentUrl\":\"https:\/\/secure.gravatar.com\/avatar\/910fcf6728fe95320e07a6643c1581fec1c7fc4bf8ae12e3d8f0d0373dc844be?s=96&d=mm&r=g\",\"caption\":\"Jorge Mi\u00f1o\"},\"sameAs\":[\"http:\/\/radioinfinitagoya.com.ar\"]}]}<\/script>\n<!-- \/ Yoast SEO plugin. -->","yoast_head_json":{"title":"Vald\u00e9s inaugur\u00f3 un Polideportivo Municipal en San Cosme - Radio Infinita Goya","description":"La obra tiene el objetivo de fomentar una vida saludable y el desarollo local. El gobernador de Corrientes, Gustavo Vald\u00e9s, inaugur\u00f3 este jueves el nuevo","robots":{"index":"index","follow":"follow","max-snippet":"max-snippet:-1","max-image-preview":"max-image-preview:large","max-video-preview":"max-video-preview:-1"},"canonical":"https:\/\/radioinfinitagoya.com.ar\/v1\/2025\/09\/12\/valdes-inauguro-un-polideportivo-municipal-en-san-cosme\/","og_locale":"es_ES","og_type":"article","og_title":"Vald\u00e9s inaugur\u00f3 un Polideportivo Municipal en San Cosme - Radio Infinita Goya","og_description":"La obra tiene el objetivo de fomentar una vida saludable y el desarollo local. El gobernador de Corrientes, Gustavo Vald\u00e9s, inaugur\u00f3 este jueves el nuevo","og_url":"https:\/\/radioinfinitagoya.com.ar\/v1\/2025\/09\/12\/valdes-inauguro-un-polideportivo-municipal-en-san-cosme\/","og_site_name":"Radio Infinita Goya","article_publisher":"https:\/\/www.facebook.com\/p\/Infinita-Goya-100063870918311\/","article_published_time":"2025-09-12T19:38:08+00:00","og_image":[{"width":807,"height":538,"url":"https:\/\/radioinfinitagoya.com.ar\/v1\/wp-content\/uploads\/2025\/09\/imagen-102780.jpg","type":"image\/jpeg"}],"author":"Jorge Mi\u00f1o","twitter_card":"summary_large_image","twitter_misc":{"Escrito por":"Jorge Mi\u00f1o","Tiempo de lectura":"2 minutos"},"schema":{"@context":"https:\/\/schema.org","@graph":[{"@type":"Article","@id":"https:\/\/radioinfinitagoya.com.ar\/v1\/2025\/09\/12\/valdes-inauguro-un-polideportivo-municipal-en-san-cosme\/#article","isPartOf":{"@id":"https:\/\/radioinfinitagoya.com.ar\/v1\/2025\/09\/12\/valdes-inauguro-un-polideportivo-municipal-en-san-cosme\/"},"author":{"name":"Jorge Mi\u00f1o","@id":"https:\/\/radioinfinitagoya.com.ar\/v1\/#\/schema\/person\/d4cf9c413d4f6edb24aabdccab49ca4a"},"headline":"Vald\u00e9s inaugur\u00f3 un Polideportivo Municipal en San Cosme","datePublished":"2025-09-12T19:38:08+00:00","mainEntityOfPage":{"@id":"https:\/\/radioinfinitagoya.com.ar\/v1\/2025\/09\/12\/valdes-inauguro-un-polideportivo-municipal-en-san-cosme\/"},"wordCount":370,"publisher":{"@id":"https:\/\/radioinfinitagoya.com.ar\/v1\/#organization"},"image":{"@id":"https:\/\/radioinfinitagoya.com.ar\/v1\/2025\/09\/12\/valdes-inauguro-un-polideportivo-municipal-en-san-cosme\/#primaryimage"},"thumbnailUrl":"https:\/\/radioinfinitagoya.com.ar\/v1\/wp-content\/uploads\/2025\/09\/imagen-102780.jpg","articleSection":["PROVINCIALES"],"inLanguage":"es-AR"},{"@type":"WebPage","@id":"https:\/\/radioinfinitagoya.com.ar\/v1\/2025\/09\/12\/valdes-inauguro-un-polideportivo-municipal-en-san-cosme\/","url":"https:\/\/radioinfinitagoya.com.ar\/v1\/2025\/09\/12\/valdes-inauguro-un-polideportivo-municipal-en-san-cosme\/","name":"Vald\u00e9s inaugur\u00f3 un Polideportivo Municipal en San Cosme - Radio Infinita Goya","isPartOf":{"@id":"https:\/\/radioinfinitagoya.com.ar\/v1\/#website"},"primaryImageOfPage":{"@id":"https:\/\/radioinfinitagoya.com.ar\/v1\/2025\/09\/12\/valdes-inauguro-un-polideportivo-municipal-en-san-cosme\/#primaryimage"},"image":{"@id":"https:\/\/radioinfinitagoya.com.ar\/v1\/2025\/09\/12\/valdes-inauguro-un-polideportivo-municipal-en-san-cosme\/#primaryimage"},"thumbnailUrl":"https:\/\/radioinfinitagoya.com.ar\/v1\/wp-content\/uploads\/2025\/09\/imagen-102780.jpg","datePublished":"2025-09-12T19:38:08+00:00","description":"La obra tiene el objetivo de fomentar una vida saludable y el desarollo local. El gobernador de Corrientes, Gustavo Vald\u00e9s, inaugur\u00f3 este jueves el nuevo","breadcrumb":{"@id":"https:\/\/radioinfinitagoya.com.ar\/v1\/2025\/09\/12\/valdes-inauguro-un-polideportivo-municipal-en-san-cosme\/#breadcrumb"},"inLanguage":"es-AR","potentialAction":[{"@type":"ReadAction","target":["https:\/\/radioinfinitagoya.com.ar\/v1\/2025\/09\/12\/valdes-inauguro-un-polideportivo-municipal-en-san-cosme\/"]}]},{"@type":"ImageObject","inLanguage":"es-AR","@id":"https:\/\/radioinfinitagoya.com.ar\/v1\/2025\/09\/12\/valdes-inauguro-un-polideportivo-municipal-en-san-cosme\/#primaryimage","url":"https:\/\/radioinfinitagoya.com.ar\/v1\/wp-content\/uploads\/2025\/09\/imagen-102780.jpg","contentUrl":"https:\/\/radioinfinitagoya.com.ar\/v1\/wp-content\/uploads\/2025\/09\/imagen-102780.jpg","width":807,"height":538},{"@type":"BreadcrumbList","@id":"https:\/\/radioinfinitagoya.com.ar\/v1\/2025\/09\/12\/valdes-inauguro-un-polideportivo-municipal-en-san-cosme\/#breadcrumb","itemListElement":[{"@type":"ListItem","position":1,"name":"Inicio","item":"https:\/\/radioinfinitagoya.com.ar\/v1\/"},{"@type":"ListItem","position":2,"name":"Vald\u00e9s inaugur\u00f3 un Polideportivo Municipal en San Cosme"}]},{"@type":"WebSite","@id":"https:\/\/radioinfinitagoya.com.ar\/v1\/#website","url":"https:\/\/radioinfinitagoya.com.ar\/v1\/","name":"radioinfinitagoya.com.ar","description":"Radio de noticias","publisher":{"@id":"https:\/\/radioinfinitagoya.com.ar\/v1\/#organization"},"potentialAction":[{"@type":"SearchAction","target":{"@type":"EntryPoint","urlTemplate":"https:\/\/radioinfinitagoya.com.ar\/v1\/?s={search_term_string}"},"query-input":{"@type":"PropertyValueSpecification","valueRequired":true,"valueName":"search_term_string"}}],"inLanguage":"es-AR"},{"@type":"Organization","@id":"https:\/\/radioinfinitagoya.com.ar\/v1\/#organization","name":"Radio Infinita Goya","url":"https:\/\/radioinfinitagoya.com.ar\/v1\/","logo":{"@type":"ImageObject","inLanguage":"es-AR","@id":"https:\/\/radioinfinitagoya.com.ar\/v1\/#\/schema\/logo\/image\/","url":"https:\/\/radioinfinitagoya.com.ar\/v1\/wp-content\/uploads\/2019\/11\/logo-pie-web.png","contentUrl":"https:\/\/radioinfinitagoya.com.ar\/v1\/wp-content\/uploads\/2019\/11\/logo-pie-web.png","width":635,"height":326,"caption":"Radio Infinita Goya"},"image":{"@id":"https:\/\/radioinfinitagoya.com.ar\/v1\/#\/schema\/logo\/image\/"},"sameAs":["https:\/\/www.facebook.com\/p\/Infinita-Goya-100063870918311\/"]},{"@type":"Person","@id":"https:\/\/radioinfinitagoya.com.ar\/v1\/#\/schema\/person\/d4cf9c413d4f6edb24aabdccab49ca4a","name":"Jorge Mi\u00f1o","image":{"@type":"ImageObject","inLanguage":"es-AR","@id":"https:\/\/secure.gravatar.com\/avatar\/910fcf6728fe95320e07a6643c1581fec1c7fc4bf8ae12e3d8f0d0373dc844be?s=96&d=mm&r=g","url":"https:\/\/secure.gravatar.com\/avatar\/910fcf6728fe95320e07a6643c1581fec1c7fc4bf8ae12e3d8f0d0373dc844be?s=96&d=mm&r=g","contentUrl":"https:\/\/secure.gravatar.com\/avatar\/910fcf6728fe95320e07a6643c1581fec1c7fc4bf8ae12e3d8f0d0373dc844be?s=96&d=mm&r=g","caption":"Jorge Mi\u00f1o"},"sameAs":["http:\/\/radioinfinitagoya.com.ar"]}]}},"_links":{"self":[{"href":"https:\/\/radioinfinitagoya.com.ar\/v1\/wp-json\/wp\/v2\/posts\/195810","targetHints":{"allow":["GET"]}}],"collection":[{"href":"https:\/\/radioinfinitagoya.com.ar\/v1\/wp-json\/wp\/v2\/posts"}],"about":[{"href":"https:\/\/radioinfinitagoya.com.ar\/v1\/wp-json\/wp\/v2\/types\/post"}],"author":[{"embeddable":true,"href":"https:\/\/radioinfinitagoya.com.ar\/v1\/wp-json\/wp\/v2\/users\/4"}],"replies":[{"embeddable":true,"href":"https:\/\/radioinfinitagoya.com.ar\/v1\/wp-json\/wp\/v2\/comments?post=195810"}],"version-history":[{"count":0,"href":"https:\/\/radioinfinitagoya.com.ar\/v1\/wp-json\/wp\/v2\/posts\/195810\/revisions"}],"wp:featuredmedia":[{"embeddable":true,"href":"https:\/\/radioinfinitagoya.com.ar\/v1\/wp-json\/wp\/v2\/media\/195811"}],"wp:attachment":[{"href":"https:\/\/radioinfinitagoya.com.ar\/v1\/wp-json\/wp\/v2\/media?parent=195810"}],"wp:term":[{"taxonomy":"category","embeddable":true,"href":"https:\/\/radioinfinitagoya.com.ar\/v1\/wp-json\/wp\/v2\/categories?post=195810"},{"taxonomy":"post_tag","embeddable":true,"href":"https:\/\/radioinfinitagoya.com.ar\/v1\/wp-json\/wp\/v2\/tags?post=195810"}],"curies":[{"name":"wp","href":"https:\/\/api.w.org\/{rel}","templated":true}]}}