{"id":195831,"date":"2025-09-13T17:37:17","date_gmt":"2025-09-13T20:37:17","guid":{"rendered":"https:\/\/radioinfinitagoya.com.ar\/v1\/?p=195831"},"modified":"2025-09-13T17:37:17","modified_gmt":"2025-09-13T20:37:17","slug":"aparecio-un-puma-en-goya-desplegaron-amplio-operativo-para-localizarlo","status":"publish","type":"post","link":"https:\/\/radioinfinitagoya.com.ar\/v1\/2025\/09\/13\/aparecio-un-puma-en-goya-desplegaron-amplio-operativo-para-localizarlo\/","title":{"rendered":"Apareci\u00f3 un puma en Goya: desplegaron amplio operativo para localizarlo"},"content":{"rendered":"<p>El animal fue visto en patios, techos y terrenos bald\u00edos. Se espera la llegada del Centro de Conservaci\u00f3n Aguar\u00e1 que se encargar\u00e1 de evaluarlo y trasladarlo a un lugar seguro.<\/p>\n<p>Un puma fue visto este s\u00e1bado por la ma\u00f1ana en la localidad correntina de Goya, causando sorpresa y preocupaci\u00f3n entre los vecinos. Seg\u00fan pudo saber El Litoral, el felino se habr\u00eda escapado de su lugar de origen, lo que activ\u00f3 de inmediato una alerta a la Polic\u00eda local y a las autoridades competentes.<\/p>\n<p><img loading=\"lazy\" decoding=\"async\" class=\"alignnone size-full wp-image-195833\" src=\"https:\/\/radioinfinitagoya.com.ar\/v1\/wp-content\/uploads\/2025\/09\/1c2db3b2-66e1-4662-b2c9-59120ed68937.jpg\" alt=\"\" width=\"1080\" height=\"463\" srcset=\"https:\/\/radioinfinitagoya.com.ar\/v1\/wp-content\/uploads\/2025\/09\/1c2db3b2-66e1-4662-b2c9-59120ed68937.jpg 1080w, https:\/\/radioinfinitagoya.com.ar\/v1\/wp-content\/uploads\/2025\/09\/1c2db3b2-66e1-4662-b2c9-59120ed68937-696x298.jpg 696w, https:\/\/radioinfinitagoya.com.ar\/v1\/wp-content\/uploads\/2025\/09\/1c2db3b2-66e1-4662-b2c9-59120ed68937-1068x458.jpg 1068w, https:\/\/radioinfinitagoya.com.ar\/v1\/wp-content\/uploads\/2025\/09\/1c2db3b2-66e1-4662-b2c9-59120ed68937-980x420.jpg 980w\" sizes=\"auto, (max-width: 1080px) 100vw, 1080px\" \/><\/p>\n<p>Ante la situaci\u00f3n, se inici\u00f3 un operativo de b\u00fasqueda en distintos puntos de la ciudad, con participaci\u00f3n de personal policial, agentes de Flora y Fauna, y otras entidades. Cerca de las 14, el animal fue visto merodeando por terrenos bald\u00edos y patios de viviendas en el barrio Arco Iris. M\u00e1s tarde, un vecino alert\u00f3 que el animal se encontraba en el techo de su casa, lo que motiv\u00f3 un despliegue urgente en la zona.<\/p>\n<p>Finalmente, el puma fue localizado en inmediaciones de las calles Neustadt y Chile de la ciudad. El \u00e1rea permanece acordonada y bajo custodia mientras se aguarda la llegada del equipo especializado del Centro de Conservaci\u00f3n Aguar\u00e1 que se encargar\u00e1 de sedarlo con dardos tranquilizantes para su posterior traslado y evaluaci\u00f3n.<\/p>\n<p>Las autoridades solicitaron a la poblaci\u00f3n mantener la calma, extremar precauciones, evitar circular solos y resguardar a ni\u00f1os y mascotas dentro de los hogares.<\/p>\n","protected":false},"excerpt":{"rendered":"<p>El animal fue visto en patios, techos y terrenos bald\u00edos. Se espera la llegada del Centro de Conservaci\u00f3n Aguar\u00e1 que se encargar\u00e1 de evaluarlo y trasladarlo a un lugar seguro. Un puma fue visto este s\u00e1bado por la ma\u00f1ana en la localidad correntina de Goya, causando sorpresa y preocupaci\u00f3n entre los vecinos. Seg\u00fan pudo saber [&hellip;]<\/p>\n","protected":false},"author":4,"featured_media":195832,"comment_status":"closed","ping_status":"closed","sticky":false,"template":"","format":"standard","meta":{"_joinchat":[],"footnotes":""},"categories":[27],"tags":[],"class_list":{"0":"post-195831","1":"post","2":"type-post","3":"status-publish","4":"format-standard","5":"has-post-thumbnail","7":"category-locales"},"yoast_head":"<!-- This site is optimized with the Yoast SEO plugin v27.2 - https:\/\/yoast.com\/product\/yoast-seo-wordpress\/ -->\n<title>Apareci\u00f3 un puma en Goya: desplegaron amplio operativo para localizarlo - Radio Infinita Goya<\/title>\n<meta name=\"description\" content=\"El animal fue visto en patios, techos y terrenos bald\u00edos. Se espera la llegada del Centro de Conservaci\u00f3n Aguar\u00e1 que se encargar\u00e1 de evaluarlo y\" \/>\n<meta name=\"robots\" content=\"index, follow, max-snippet:-1, max-image-preview:large, max-video-preview:-1\" \/>\n<link rel=\"canonical\" href=\"https:\/\/radioinfinitagoya.com.ar\/v1\/2025\/09\/13\/aparecio-un-puma-en-goya-desplegaron-amplio-operativo-para-localizarlo\/\" \/>\n<meta property=\"og:locale\" content=\"es_ES\" \/>\n<meta property=\"og:type\" content=\"article\" \/>\n<meta property=\"og:title\" content=\"Apareci\u00f3 un puma en Goya: desplegaron amplio operativo para localizarlo - Radio Infinita Goya\" \/>\n<meta property=\"og:description\" content=\"El animal fue visto en patios, techos y terrenos bald\u00edos. Se espera la llegada del Centro de Conservaci\u00f3n Aguar\u00e1 que se encargar\u00e1 de evaluarlo y\" \/>\n<meta property=\"og:url\" content=\"https:\/\/radioinfinitagoya.com.ar\/v1\/2025\/09\/13\/aparecio-un-puma-en-goya-desplegaron-amplio-operativo-para-localizarlo\/\" \/>\n<meta property=\"og:site_name\" content=\"Radio Infinita Goya\" \/>\n<meta property=\"article:publisher\" content=\"https:\/\/www.facebook.com\/p\/Infinita-Goya-100063870918311\/\" \/>\n<meta property=\"article:published_time\" content=\"2025-09-13T20:37:17+00:00\" \/>\n<meta property=\"og:image\" content=\"https:\/\/radioinfinitagoya.com.ar\/v1\/wp-content\/uploads\/2025\/09\/81f7323b-6c63-4cfa-a2d6-e8b913cda099.jpg\" \/>\n\t<meta property=\"og:image:width\" content=\"984\" \/>\n\t<meta property=\"og:image:height\" content=\"582\" \/>\n\t<meta property=\"og:image:type\" content=\"image\/jpeg\" \/>\n<meta name=\"author\" content=\"Jorge Mi\u00f1o\" \/>\n<meta name=\"twitter:card\" content=\"summary_large_image\" \/>\n<meta name=\"twitter:label1\" content=\"Escrito por\" \/>\n\t<meta name=\"twitter:data1\" content=\"Jorge Mi\u00f1o\" \/>\n\t<meta name=\"twitter:label2\" content=\"Tiempo de lectura\" \/>\n\t<meta name=\"twitter:data2\" content=\"2 minutos\" \/>\n<script type=\"application\/ld+json\" class=\"yoast-schema-graph\">{\"@context\":\"https:\/\/schema.org\",\"@graph\":[{\"@type\":\"Article\",\"@id\":\"https:\/\/radioinfinitagoya.com.ar\/v1\/2025\/09\/13\/aparecio-un-puma-en-goya-desplegaron-amplio-operativo-para-localizarlo\/#article\",\"isPartOf\":{\"@id\":\"https:\/\/radioinfinitagoya.com.ar\/v1\/2025\/09\/13\/aparecio-un-puma-en-goya-desplegaron-amplio-operativo-para-localizarlo\/\"},\"author\":{\"name\":\"Jorge Mi\u00f1o\",\"@id\":\"https:\/\/radioinfinitagoya.com.ar\/v1\/#\/schema\/person\/d4cf9c413d4f6edb24aabdccab49ca4a\"},\"headline\":\"Apareci\u00f3 un puma en Goya: desplegaron amplio operativo para localizarlo\",\"datePublished\":\"2025-09-13T20:37:17+00:00\",\"mainEntityOfPage\":{\"@id\":\"https:\/\/radioinfinitagoya.com.ar\/v1\/2025\/09\/13\/aparecio-un-puma-en-goya-desplegaron-amplio-operativo-para-localizarlo\/\"},\"wordCount\":257,\"publisher\":{\"@id\":\"https:\/\/radioinfinitagoya.com.ar\/v1\/#organization\"},\"image\":{\"@id\":\"https:\/\/radioinfinitagoya.com.ar\/v1\/2025\/09\/13\/aparecio-un-puma-en-goya-desplegaron-amplio-operativo-para-localizarlo\/#primaryimage\"},\"thumbnailUrl\":\"https:\/\/radioinfinitagoya.com.ar\/v1\/wp-content\/uploads\/2025\/09\/81f7323b-6c63-4cfa-a2d6-e8b913cda099.jpg\",\"articleSection\":[\"LOCALES\"],\"inLanguage\":\"es-AR\"},{\"@type\":\"WebPage\",\"@id\":\"https:\/\/radioinfinitagoya.com.ar\/v1\/2025\/09\/13\/aparecio-un-puma-en-goya-desplegaron-amplio-operativo-para-localizarlo\/\",\"url\":\"https:\/\/radioinfinitagoya.com.ar\/v1\/2025\/09\/13\/aparecio-un-puma-en-goya-desplegaron-amplio-operativo-para-localizarlo\/\",\"name\":\"Apareci\u00f3 un puma en Goya: desplegaron amplio operativo para localizarlo - Radio Infinita Goya\",\"isPartOf\":{\"@id\":\"https:\/\/radioinfinitagoya.com.ar\/v1\/#website\"},\"primaryImageOfPage\":{\"@id\":\"https:\/\/radioinfinitagoya.com.ar\/v1\/2025\/09\/13\/aparecio-un-puma-en-goya-desplegaron-amplio-operativo-para-localizarlo\/#primaryimage\"},\"image\":{\"@id\":\"https:\/\/radioinfinitagoya.com.ar\/v1\/2025\/09\/13\/aparecio-un-puma-en-goya-desplegaron-amplio-operativo-para-localizarlo\/#primaryimage\"},\"thumbnailUrl\":\"https:\/\/radioinfinitagoya.com.ar\/v1\/wp-content\/uploads\/2025\/09\/81f7323b-6c63-4cfa-a2d6-e8b913cda099.jpg\",\"datePublished\":\"2025-09-13T20:37:17+00:00\",\"description\":\"El animal fue visto en patios, techos y terrenos bald\u00edos. Se espera la llegada del Centro de Conservaci\u00f3n Aguar\u00e1 que se encargar\u00e1 de evaluarlo y\",\"breadcrumb\":{\"@id\":\"https:\/\/radioinfinitagoya.com.ar\/v1\/2025\/09\/13\/aparecio-un-puma-en-goya-desplegaron-amplio-operativo-para-localizarlo\/#breadcrumb\"},\"inLanguage\":\"es-AR\",\"potentialAction\":[{\"@type\":\"ReadAction\",\"target\":[\"https:\/\/radioinfinitagoya.com.ar\/v1\/2025\/09\/13\/aparecio-un-puma-en-goya-desplegaron-amplio-operativo-para-localizarlo\/\"]}]},{\"@type\":\"ImageObject\",\"inLanguage\":\"es-AR\",\"@id\":\"https:\/\/radioinfinitagoya.com.ar\/v1\/2025\/09\/13\/aparecio-un-puma-en-goya-desplegaron-amplio-operativo-para-localizarlo\/#primaryimage\",\"url\":\"https:\/\/radioinfinitagoya.com.ar\/v1\/wp-content\/uploads\/2025\/09\/81f7323b-6c63-4cfa-a2d6-e8b913cda099.jpg\",\"contentUrl\":\"https:\/\/radioinfinitagoya.com.ar\/v1\/wp-content\/uploads\/2025\/09\/81f7323b-6c63-4cfa-a2d6-e8b913cda099.jpg\",\"width\":984,\"height\":582},{\"@type\":\"BreadcrumbList\",\"@id\":\"https:\/\/radioinfinitagoya.com.ar\/v1\/2025\/09\/13\/aparecio-un-puma-en-goya-desplegaron-amplio-operativo-para-localizarlo\/#breadcrumb\",\"itemListElement\":[{\"@type\":\"ListItem\",\"position\":1,\"name\":\"Inicio\",\"item\":\"https:\/\/radioinfinitagoya.com.ar\/v1\/\"},{\"@type\":\"ListItem\",\"position\":2,\"name\":\"Apareci\u00f3 un puma en Goya: desplegaron amplio operativo para localizarlo\"}]},{\"@type\":\"WebSite\",\"@id\":\"https:\/\/radioinfinitagoya.com.ar\/v1\/#website\",\"url\":\"https:\/\/radioinfinitagoya.com.ar\/v1\/\",\"name\":\"radioinfinitagoya.com.ar\",\"description\":\"Radio de noticias\",\"publisher\":{\"@id\":\"https:\/\/radioinfinitagoya.com.ar\/v1\/#organization\"},\"potentialAction\":[{\"@type\":\"SearchAction\",\"target\":{\"@type\":\"EntryPoint\",\"urlTemplate\":\"https:\/\/radioinfinitagoya.com.ar\/v1\/?s={search_term_string}\"},\"query-input\":{\"@type\":\"PropertyValueSpecification\",\"valueRequired\":true,\"valueName\":\"search_term_string\"}}],\"inLanguage\":\"es-AR\"},{\"@type\":\"Organization\",\"@id\":\"https:\/\/radioinfinitagoya.com.ar\/v1\/#organization\",\"name\":\"Radio Infinita Goya\",\"url\":\"https:\/\/radioinfinitagoya.com.ar\/v1\/\",\"logo\":{\"@type\":\"ImageObject\",\"inLanguage\":\"es-AR\",\"@id\":\"https:\/\/radioinfinitagoya.com.ar\/v1\/#\/schema\/logo\/image\/\",\"url\":\"https:\/\/radioinfinitagoya.com.ar\/v1\/wp-content\/uploads\/2019\/11\/logo-pie-web.png\",\"contentUrl\":\"https:\/\/radioinfinitagoya.com.ar\/v1\/wp-content\/uploads\/2019\/11\/logo-pie-web.png\",\"width\":635,\"height\":326,\"caption\":\"Radio Infinita Goya\"},\"image\":{\"@id\":\"https:\/\/radioinfinitagoya.com.ar\/v1\/#\/schema\/logo\/image\/\"},\"sameAs\":[\"https:\/\/www.facebook.com\/p\/Infinita-Goya-100063870918311\/\"]},{\"@type\":\"Person\",\"@id\":\"https:\/\/radioinfinitagoya.com.ar\/v1\/#\/schema\/person\/d4cf9c413d4f6edb24aabdccab49ca4a\",\"name\":\"Jorge Mi\u00f1o\",\"image\":{\"@type\":\"ImageObject\",\"inLanguage\":\"es-AR\",\"@id\":\"https:\/\/secure.gravatar.com\/avatar\/910fcf6728fe95320e07a6643c1581fec1c7fc4bf8ae12e3d8f0d0373dc844be?s=96&d=mm&r=g\",\"url\":\"https:\/\/secure.gravatar.com\/avatar\/910fcf6728fe95320e07a6643c1581fec1c7fc4bf8ae12e3d8f0d0373dc844be?s=96&d=mm&r=g\",\"contentUrl\":\"https:\/\/secure.gravatar.com\/avatar\/910fcf6728fe95320e07a6643c1581fec1c7fc4bf8ae12e3d8f0d0373dc844be?s=96&d=mm&r=g\",\"caption\":\"Jorge Mi\u00f1o\"},\"sameAs\":[\"http:\/\/radioinfinitagoya.com.ar\"]}]}<\/script>\n<!-- \/ Yoast SEO plugin. -->","yoast_head_json":{"title":"Apareci\u00f3 un puma en Goya: desplegaron amplio operativo para localizarlo - Radio Infinita Goya","description":"El animal fue visto en patios, techos y terrenos bald\u00edos. Se espera la llegada del Centro de Conservaci\u00f3n Aguar\u00e1 que se encargar\u00e1 de evaluarlo y","robots":{"index":"index","follow":"follow","max-snippet":"max-snippet:-1","max-image-preview":"max-image-preview:large","max-video-preview":"max-video-preview:-1"},"canonical":"https:\/\/radioinfinitagoya.com.ar\/v1\/2025\/09\/13\/aparecio-un-puma-en-goya-desplegaron-amplio-operativo-para-localizarlo\/","og_locale":"es_ES","og_type":"article","og_title":"Apareci\u00f3 un puma en Goya: desplegaron amplio operativo para localizarlo - Radio Infinita Goya","og_description":"El animal fue visto en patios, techos y terrenos bald\u00edos. Se espera la llegada del Centro de Conservaci\u00f3n Aguar\u00e1 que se encargar\u00e1 de evaluarlo y","og_url":"https:\/\/radioinfinitagoya.com.ar\/v1\/2025\/09\/13\/aparecio-un-puma-en-goya-desplegaron-amplio-operativo-para-localizarlo\/","og_site_name":"Radio Infinita Goya","article_publisher":"https:\/\/www.facebook.com\/p\/Infinita-Goya-100063870918311\/","article_published_time":"2025-09-13T20:37:17+00:00","og_image":[{"width":984,"height":582,"url":"https:\/\/radioinfinitagoya.com.ar\/v1\/wp-content\/uploads\/2025\/09\/81f7323b-6c63-4cfa-a2d6-e8b913cda099.jpg","type":"image\/jpeg"}],"author":"Jorge Mi\u00f1o","twitter_card":"summary_large_image","twitter_misc":{"Escrito por":"Jorge Mi\u00f1o","Tiempo de lectura":"2 minutos"},"schema":{"@context":"https:\/\/schema.org","@graph":[{"@type":"Article","@id":"https:\/\/radioinfinitagoya.com.ar\/v1\/2025\/09\/13\/aparecio-un-puma-en-goya-desplegaron-amplio-operativo-para-localizarlo\/#article","isPartOf":{"@id":"https:\/\/radioinfinitagoya.com.ar\/v1\/2025\/09\/13\/aparecio-un-puma-en-goya-desplegaron-amplio-operativo-para-localizarlo\/"},"author":{"name":"Jorge Mi\u00f1o","@id":"https:\/\/radioinfinitagoya.com.ar\/v1\/#\/schema\/person\/d4cf9c413d4f6edb24aabdccab49ca4a"},"headline":"Apareci\u00f3 un puma en Goya: desplegaron amplio operativo para localizarlo","datePublished":"2025-09-13T20:37:17+00:00","mainEntityOfPage":{"@id":"https:\/\/radioinfinitagoya.com.ar\/v1\/2025\/09\/13\/aparecio-un-puma-en-goya-desplegaron-amplio-operativo-para-localizarlo\/"},"wordCount":257,"publisher":{"@id":"https:\/\/radioinfinitagoya.com.ar\/v1\/#organization"},"image":{"@id":"https:\/\/radioinfinitagoya.com.ar\/v1\/2025\/09\/13\/aparecio-un-puma-en-goya-desplegaron-amplio-operativo-para-localizarlo\/#primaryimage"},"thumbnailUrl":"https:\/\/radioinfinitagoya.com.ar\/v1\/wp-content\/uploads\/2025\/09\/81f7323b-6c63-4cfa-a2d6-e8b913cda099.jpg","articleSection":["LOCALES"],"inLanguage":"es-AR"},{"@type":"WebPage","@id":"https:\/\/radioinfinitagoya.com.ar\/v1\/2025\/09\/13\/aparecio-un-puma-en-goya-desplegaron-amplio-operativo-para-localizarlo\/","url":"https:\/\/radioinfinitagoya.com.ar\/v1\/2025\/09\/13\/aparecio-un-puma-en-goya-desplegaron-amplio-operativo-para-localizarlo\/","name":"Apareci\u00f3 un puma en Goya: desplegaron amplio operativo para localizarlo - Radio Infinita Goya","isPartOf":{"@id":"https:\/\/radioinfinitagoya.com.ar\/v1\/#website"},"primaryImageOfPage":{"@id":"https:\/\/radioinfinitagoya.com.ar\/v1\/2025\/09\/13\/aparecio-un-puma-en-goya-desplegaron-amplio-operativo-para-localizarlo\/#primaryimage"},"image":{"@id":"https:\/\/radioinfinitagoya.com.ar\/v1\/2025\/09\/13\/aparecio-un-puma-en-goya-desplegaron-amplio-operativo-para-localizarlo\/#primaryimage"},"thumbnailUrl":"https:\/\/radioinfinitagoya.com.ar\/v1\/wp-content\/uploads\/2025\/09\/81f7323b-6c63-4cfa-a2d6-e8b913cda099.jpg","datePublished":"2025-09-13T20:37:17+00:00","description":"El animal fue visto en patios, techos y terrenos bald\u00edos. Se espera la llegada del Centro de Conservaci\u00f3n Aguar\u00e1 que se encargar\u00e1 de evaluarlo y","breadcrumb":{"@id":"https:\/\/radioinfinitagoya.com.ar\/v1\/2025\/09\/13\/aparecio-un-puma-en-goya-desplegaron-amplio-operativo-para-localizarlo\/#breadcrumb"},"inLanguage":"es-AR","potentialAction":[{"@type":"ReadAction","target":["https:\/\/radioinfinitagoya.com.ar\/v1\/2025\/09\/13\/aparecio-un-puma-en-goya-desplegaron-amplio-operativo-para-localizarlo\/"]}]},{"@type":"ImageObject","inLanguage":"es-AR","@id":"https:\/\/radioinfinitagoya.com.ar\/v1\/2025\/09\/13\/aparecio-un-puma-en-goya-desplegaron-amplio-operativo-para-localizarlo\/#primaryimage","url":"https:\/\/radioinfinitagoya.com.ar\/v1\/wp-content\/uploads\/2025\/09\/81f7323b-6c63-4cfa-a2d6-e8b913cda099.jpg","contentUrl":"https:\/\/radioinfinitagoya.com.ar\/v1\/wp-content\/uploads\/2025\/09\/81f7323b-6c63-4cfa-a2d6-e8b913cda099.jpg","width":984,"height":582},{"@type":"BreadcrumbList","@id":"https:\/\/radioinfinitagoya.com.ar\/v1\/2025\/09\/13\/aparecio-un-puma-en-goya-desplegaron-amplio-operativo-para-localizarlo\/#breadcrumb","itemListElement":[{"@type":"ListItem","position":1,"name":"Inicio","item":"https:\/\/radioinfinitagoya.com.ar\/v1\/"},{"@type":"ListItem","position":2,"name":"Apareci\u00f3 un puma en Goya: desplegaron amplio operativo para localizarlo"}]},{"@type":"WebSite","@id":"https:\/\/radioinfinitagoya.com.ar\/v1\/#website","url":"https:\/\/radioinfinitagoya.com.ar\/v1\/","name":"radioinfinitagoya.com.ar","description":"Radio de noticias","publisher":{"@id":"https:\/\/radioinfinitagoya.com.ar\/v1\/#organization"},"potentialAction":[{"@type":"SearchAction","target":{"@type":"EntryPoint","urlTemplate":"https:\/\/radioinfinitagoya.com.ar\/v1\/?s={search_term_string}"},"query-input":{"@type":"PropertyValueSpecification","valueRequired":true,"valueName":"search_term_string"}}],"inLanguage":"es-AR"},{"@type":"Organization","@id":"https:\/\/radioinfinitagoya.com.ar\/v1\/#organization","name":"Radio Infinita Goya","url":"https:\/\/radioinfinitagoya.com.ar\/v1\/","logo":{"@type":"ImageObject","inLanguage":"es-AR","@id":"https:\/\/radioinfinitagoya.com.ar\/v1\/#\/schema\/logo\/image\/","url":"https:\/\/radioinfinitagoya.com.ar\/v1\/wp-content\/uploads\/2019\/11\/logo-pie-web.png","contentUrl":"https:\/\/radioinfinitagoya.com.ar\/v1\/wp-content\/uploads\/2019\/11\/logo-pie-web.png","width":635,"height":326,"caption":"Radio Infinita Goya"},"image":{"@id":"https:\/\/radioinfinitagoya.com.ar\/v1\/#\/schema\/logo\/image\/"},"sameAs":["https:\/\/www.facebook.com\/p\/Infinita-Goya-100063870918311\/"]},{"@type":"Person","@id":"https:\/\/radioinfinitagoya.com.ar\/v1\/#\/schema\/person\/d4cf9c413d4f6edb24aabdccab49ca4a","name":"Jorge Mi\u00f1o","image":{"@type":"ImageObject","inLanguage":"es-AR","@id":"https:\/\/secure.gravatar.com\/avatar\/910fcf6728fe95320e07a6643c1581fec1c7fc4bf8ae12e3d8f0d0373dc844be?s=96&d=mm&r=g","url":"https:\/\/secure.gravatar.com\/avatar\/910fcf6728fe95320e07a6643c1581fec1c7fc4bf8ae12e3d8f0d0373dc844be?s=96&d=mm&r=g","contentUrl":"https:\/\/secure.gravatar.com\/avatar\/910fcf6728fe95320e07a6643c1581fec1c7fc4bf8ae12e3d8f0d0373dc844be?s=96&d=mm&r=g","caption":"Jorge Mi\u00f1o"},"sameAs":["http:\/\/radioinfinitagoya.com.ar"]}]}},"_links":{"self":[{"href":"https:\/\/radioinfinitagoya.com.ar\/v1\/wp-json\/wp\/v2\/posts\/195831","targetHints":{"allow":["GET"]}}],"collection":[{"href":"https:\/\/radioinfinitagoya.com.ar\/v1\/wp-json\/wp\/v2\/posts"}],"about":[{"href":"https:\/\/radioinfinitagoya.com.ar\/v1\/wp-json\/wp\/v2\/types\/post"}],"author":[{"embeddable":true,"href":"https:\/\/radioinfinitagoya.com.ar\/v1\/wp-json\/wp\/v2\/users\/4"}],"replies":[{"embeddable":true,"href":"https:\/\/radioinfinitagoya.com.ar\/v1\/wp-json\/wp\/v2\/comments?post=195831"}],"version-history":[{"count":0,"href":"https:\/\/radioinfinitagoya.com.ar\/v1\/wp-json\/wp\/v2\/posts\/195831\/revisions"}],"wp:featuredmedia":[{"embeddable":true,"href":"https:\/\/radioinfinitagoya.com.ar\/v1\/wp-json\/wp\/v2\/media\/195832"}],"wp:attachment":[{"href":"https:\/\/radioinfinitagoya.com.ar\/v1\/wp-json\/wp\/v2\/media?parent=195831"}],"wp:term":[{"taxonomy":"category","embeddable":true,"href":"https:\/\/radioinfinitagoya.com.ar\/v1\/wp-json\/wp\/v2\/categories?post=195831"},{"taxonomy":"post_tag","embeddable":true,"href":"https:\/\/radioinfinitagoya.com.ar\/v1\/wp-json\/wp\/v2\/tags?post=195831"}],"curies":[{"name":"wp","href":"https:\/\/api.w.org\/{rel}","templated":true}]}}