{"id":195835,"date":"2025-09-13T17:41:32","date_gmt":"2025-09-13T20:41:32","guid":{"rendered":"https:\/\/radioinfinitagoya.com.ar\/v1\/?p=195835"},"modified":"2025-09-13T17:41:32","modified_gmt":"2025-09-13T20:41:32","slug":"corrientes-sera-sede-del-iii-encuentro-coral-nacional-de-adultos-mayores","status":"publish","type":"post","link":"https:\/\/radioinfinitagoya.com.ar\/v1\/2025\/09\/13\/corrientes-sera-sede-del-iii-encuentro-coral-nacional-de-adultos-mayores\/","title":{"rendered":"Corrientes ser\u00e1 sede del III Encuentro Coral Nacional de Adultos Mayores"},"content":{"rendered":"<p>\u201cPurah\u00e9i Por\u00e1\u201d<\/p>\n<p>Desde este jueves y hasta el s\u00e1bado, la ciudad de Corrientes recibe a coros de adultos mayores de distintas provincias, en un evento musical que pone en valor el arte coral y promueve el turismo cultural. La entrada es libre y gratuita.<\/p>\n<p>Con m\u00e1s de 20 coros de distintos puntos del pa\u00eds, la ciudad de Corrientes ser\u00e1 sede del III Encuentro Coral Nacional de Adultos Mayores \u201cPurah\u00e9i Por\u00e1\u201d, desarrollado con el apoyo de la Municipalidad de Corrientes. Desde este jueves y hasta el s\u00e1bado, desde las 19 horas, el anfiteatro Jos\u00e9 Hern\u00e1ndez es el escenario elegido para que estos artistas amateurs deleiten con su canto a quienes visiten el paseo p\u00fablico, con entrada libre y gratuita.<\/p>\n<p>En el anfiteatro Jos\u00e9 Hern\u00e1ndez, ubicado en avenida costanera General San Mart\u00edn y Pago Largo, se desarrollar\u00e1 este encuentro que re\u00fane a coros de diferentes puntos del pa\u00eds. Hasta el s\u00e1bado, desde las 19, vecinos y turistas pueden disfrutar de encantadoras melod\u00edas que recorren repertorios de la m\u00fasica folkl\u00f3rica, del rock nacional, hebreo, entre otras.<\/p>\n<p>El secretario de Cultura y Educaci\u00f3n del municipio, Jos\u00e9 Sand, destac\u00f3 que \u201cm\u00e1s de 20 coros de distintos puntos del pa\u00eds nos vienen a visitar durante estos tres d\u00edas que se van a vivir, para mostrar esta disciplina que fue creciendo poco a poco, hasta hoy encontrarse con un encuentro nacional, que adem\u00e1s elige a Corrientes como destino tur\u00edstico\u201d.<\/p>\n<p>Destac\u00f3 tambi\u00e9n que en este encuentro de adultos mayores, \u201cellos transmiten sus experiencias, vivencias y pueden mostrar el trabajo que vienen realizando durante todo el a\u00f1o\u201d.<\/p>\n<p>Este espacio \u201ctambi\u00e9n es un momento de contenci\u00f3n para ellos, que realmente los vincula, los une y logran hacer viajes para poder darle un valor y un sentido a su vida a trav\u00e9s, en este caso, de la m\u00fasica, con el coro\u201d, resalt\u00f3 el funcionario.<\/p>\n<p>&#8220;Durante este viernes y s\u00e1bado, a partir de las 19, los esperamos a todos los que quieran participar y encontrarse con este mundo que es muy especial, realmente muy emotivo con canto de primer nivel\u201d, invit\u00f3 Sand a la comunidad.<\/p>\n<p>Por su parte, Irup\u00e9 Gauna, en representaci\u00f3n del coro organizador Yas\u00ed conjunto coral y del coro Playa Miramar, se\u00f1al\u00f3 que \u201ceste es un encuentro coral de adultos mayores regional y el primero del Mercosur\u201d. Su compa\u00f1ero, Rodolfo Gauna, acot\u00f3 que \u201clo que motiv\u00f3 todo esto es justamente que la gente comprenda que quienes ingresamos a la tercera edad, como dicen algunos, no estamos excluidos ni nada por el estilo, tenemos todav\u00eda muchas ganas de compartir, de cantar, de vivir esto que nos da el arte que es la m\u00fasica\u201d.<\/p>\n<p>A su vez destac\u00f3 el acompa\u00f1amiento de la Municipalidad de Corrientes \u201cque junto a la Secretar\u00eda de Cultura siempre nos acompa\u00f1a para montar este escenario que adem\u00e1s nos convoca en un lugar tan hermoso\u201d.<\/p>\n<p>\u201cConvocamos para que puedan, aquellos que est\u00e1n paseando por la costanera, acercarse con su mate y una silleta, y disfrutar de este espect\u00e1culo que realmente es de muy alto nivel\u201d, concluy\u00f3 Rodolfo.<\/p>\n<p>Sara Matusevich, perteneciente al coro organizador y al de la colectividad israelita Scholem Aleijem destac\u00f3 que este encuentro re\u00fane a coros de Buenos Aires, Santa Fe, Chaco, Formosa y Corrientes.<\/p>\n<p>\u201cDurante estas tres jornadas adem\u00e1s de chamam\u00e9 y m\u00fasica folcl\u00f3rica, los vecinos van a escuchar temas del rock nacional, hay coros como el del Grupo Hebraica de Buenos Aires que van a cantar en hebreo y en ibis, m\u00fasica totalmente distinta, as\u00ed que van a encontrar un hermoso abanico de melod\u00edas\u201d, adelant\u00f3.<\/p>\n","protected":false},"excerpt":{"rendered":"<p>\u201cPurah\u00e9i Por\u00e1\u201d Desde este jueves y hasta el s\u00e1bado, la ciudad de Corrientes recibe a coros de adultos mayores de distintas provincias, en un evento musical que pone en valor el arte coral y promueve el turismo cultural. La entrada es libre y gratuita. Con m\u00e1s de 20 coros de distintos puntos del pa\u00eds, la [&hellip;]<\/p>\n","protected":false},"author":4,"featured_media":195836,"comment_status":"closed","ping_status":"closed","sticky":false,"template":"","format":"standard","meta":{"_joinchat":[],"footnotes":""},"categories":[26],"tags":[],"class_list":{"0":"post-195835","1":"post","2":"type-post","3":"status-publish","4":"format-standard","5":"has-post-thumbnail","7":"category-provinciales"},"yoast_head":"<!-- This site is optimized with the Yoast SEO plugin v27.2 - https:\/\/yoast.com\/product\/yoast-seo-wordpress\/ -->\n<title>Corrientes ser\u00e1 sede del III Encuentro Coral Nacional de Adultos Mayores - Radio Infinita Goya<\/title>\n<meta name=\"description\" content=\"\u201cPurah\u00e9i Por\u00e1\u201d Desde este jueves y hasta el s\u00e1bado, la ciudad de Corrientes recibe a coros de adultos mayores de distintas provincias, en un evento\" \/>\n<meta name=\"robots\" content=\"index, follow, max-snippet:-1, max-image-preview:large, max-video-preview:-1\" \/>\n<link rel=\"canonical\" href=\"https:\/\/radioinfinitagoya.com.ar\/v1\/2025\/09\/13\/corrientes-sera-sede-del-iii-encuentro-coral-nacional-de-adultos-mayores\/\" \/>\n<meta property=\"og:locale\" content=\"es_ES\" \/>\n<meta property=\"og:type\" content=\"article\" \/>\n<meta property=\"og:title\" content=\"Corrientes ser\u00e1 sede del III Encuentro Coral Nacional de Adultos Mayores - Radio Infinita Goya\" \/>\n<meta property=\"og:description\" content=\"\u201cPurah\u00e9i Por\u00e1\u201d Desde este jueves y hasta el s\u00e1bado, la ciudad de Corrientes recibe a coros de adultos mayores de distintas provincias, en un evento\" \/>\n<meta property=\"og:url\" content=\"https:\/\/radioinfinitagoya.com.ar\/v1\/2025\/09\/13\/corrientes-sera-sede-del-iii-encuentro-coral-nacional-de-adultos-mayores\/\" \/>\n<meta property=\"og:site_name\" content=\"Radio Infinita Goya\" \/>\n<meta property=\"article:publisher\" content=\"https:\/\/www.facebook.com\/p\/Infinita-Goya-100063870918311\/\" \/>\n<meta property=\"article:published_time\" content=\"2025-09-13T20:41:32+00:00\" \/>\n<meta property=\"og:image\" content=\"https:\/\/radioinfinitagoya.com.ar\/v1\/wp-content\/uploads\/2025\/09\/1757687132585.webp\" \/>\n\t<meta property=\"og:image:width\" content=\"1200\" \/>\n\t<meta property=\"og:image:height\" content=\"675\" \/>\n\t<meta property=\"og:image:type\" content=\"image\/webp\" \/>\n<meta name=\"author\" content=\"Jorge Mi\u00f1o\" \/>\n<meta name=\"twitter:card\" content=\"summary_large_image\" \/>\n<meta name=\"twitter:label1\" content=\"Escrito por\" \/>\n\t<meta name=\"twitter:data1\" content=\"Jorge Mi\u00f1o\" \/>\n\t<meta name=\"twitter:label2\" content=\"Tiempo de lectura\" \/>\n\t<meta name=\"twitter:data2\" content=\"3 minutos\" \/>\n<script type=\"application\/ld+json\" class=\"yoast-schema-graph\">{\"@context\":\"https:\/\/schema.org\",\"@graph\":[{\"@type\":\"Article\",\"@id\":\"https:\/\/radioinfinitagoya.com.ar\/v1\/2025\/09\/13\/corrientes-sera-sede-del-iii-encuentro-coral-nacional-de-adultos-mayores\/#article\",\"isPartOf\":{\"@id\":\"https:\/\/radioinfinitagoya.com.ar\/v1\/2025\/09\/13\/corrientes-sera-sede-del-iii-encuentro-coral-nacional-de-adultos-mayores\/\"},\"author\":{\"name\":\"Jorge Mi\u00f1o\",\"@id\":\"https:\/\/radioinfinitagoya.com.ar\/v1\/#\/schema\/person\/d4cf9c413d4f6edb24aabdccab49ca4a\"},\"headline\":\"Corrientes ser\u00e1 sede del III Encuentro Coral Nacional de Adultos Mayores\",\"datePublished\":\"2025-09-13T20:41:32+00:00\",\"mainEntityOfPage\":{\"@id\":\"https:\/\/radioinfinitagoya.com.ar\/v1\/2025\/09\/13\/corrientes-sera-sede-del-iii-encuentro-coral-nacional-de-adultos-mayores\/\"},\"wordCount\":632,\"publisher\":{\"@id\":\"https:\/\/radioinfinitagoya.com.ar\/v1\/#organization\"},\"image\":{\"@id\":\"https:\/\/radioinfinitagoya.com.ar\/v1\/2025\/09\/13\/corrientes-sera-sede-del-iii-encuentro-coral-nacional-de-adultos-mayores\/#primaryimage\"},\"thumbnailUrl\":\"https:\/\/radioinfinitagoya.com.ar\/v1\/wp-content\/uploads\/2025\/09\/1757687132585.webp\",\"articleSection\":[\"PROVINCIALES\"],\"inLanguage\":\"es-AR\"},{\"@type\":\"WebPage\",\"@id\":\"https:\/\/radioinfinitagoya.com.ar\/v1\/2025\/09\/13\/corrientes-sera-sede-del-iii-encuentro-coral-nacional-de-adultos-mayores\/\",\"url\":\"https:\/\/radioinfinitagoya.com.ar\/v1\/2025\/09\/13\/corrientes-sera-sede-del-iii-encuentro-coral-nacional-de-adultos-mayores\/\",\"name\":\"Corrientes ser\u00e1 sede del III Encuentro Coral Nacional de Adultos Mayores - Radio Infinita Goya\",\"isPartOf\":{\"@id\":\"https:\/\/radioinfinitagoya.com.ar\/v1\/#website\"},\"primaryImageOfPage\":{\"@id\":\"https:\/\/radioinfinitagoya.com.ar\/v1\/2025\/09\/13\/corrientes-sera-sede-del-iii-encuentro-coral-nacional-de-adultos-mayores\/#primaryimage\"},\"image\":{\"@id\":\"https:\/\/radioinfinitagoya.com.ar\/v1\/2025\/09\/13\/corrientes-sera-sede-del-iii-encuentro-coral-nacional-de-adultos-mayores\/#primaryimage\"},\"thumbnailUrl\":\"https:\/\/radioinfinitagoya.com.ar\/v1\/wp-content\/uploads\/2025\/09\/1757687132585.webp\",\"datePublished\":\"2025-09-13T20:41:32+00:00\",\"description\":\"\u201cPurah\u00e9i Por\u00e1\u201d Desde este jueves y hasta el s\u00e1bado, la ciudad de Corrientes recibe a coros de adultos mayores de distintas provincias, en un evento\",\"breadcrumb\":{\"@id\":\"https:\/\/radioinfinitagoya.com.ar\/v1\/2025\/09\/13\/corrientes-sera-sede-del-iii-encuentro-coral-nacional-de-adultos-mayores\/#breadcrumb\"},\"inLanguage\":\"es-AR\",\"potentialAction\":[{\"@type\":\"ReadAction\",\"target\":[\"https:\/\/radioinfinitagoya.com.ar\/v1\/2025\/09\/13\/corrientes-sera-sede-del-iii-encuentro-coral-nacional-de-adultos-mayores\/\"]}]},{\"@type\":\"ImageObject\",\"inLanguage\":\"es-AR\",\"@id\":\"https:\/\/radioinfinitagoya.com.ar\/v1\/2025\/09\/13\/corrientes-sera-sede-del-iii-encuentro-coral-nacional-de-adultos-mayores\/#primaryimage\",\"url\":\"https:\/\/radioinfinitagoya.com.ar\/v1\/wp-content\/uploads\/2025\/09\/1757687132585.webp\",\"contentUrl\":\"https:\/\/radioinfinitagoya.com.ar\/v1\/wp-content\/uploads\/2025\/09\/1757687132585.webp\",\"width\":1200,\"height\":675},{\"@type\":\"BreadcrumbList\",\"@id\":\"https:\/\/radioinfinitagoya.com.ar\/v1\/2025\/09\/13\/corrientes-sera-sede-del-iii-encuentro-coral-nacional-de-adultos-mayores\/#breadcrumb\",\"itemListElement\":[{\"@type\":\"ListItem\",\"position\":1,\"name\":\"Inicio\",\"item\":\"https:\/\/radioinfinitagoya.com.ar\/v1\/\"},{\"@type\":\"ListItem\",\"position\":2,\"name\":\"Corrientes ser\u00e1 sede del III Encuentro Coral Nacional de Adultos Mayores\"}]},{\"@type\":\"WebSite\",\"@id\":\"https:\/\/radioinfinitagoya.com.ar\/v1\/#website\",\"url\":\"https:\/\/radioinfinitagoya.com.ar\/v1\/\",\"name\":\"radioinfinitagoya.com.ar\",\"description\":\"Radio de noticias\",\"publisher\":{\"@id\":\"https:\/\/radioinfinitagoya.com.ar\/v1\/#organization\"},\"potentialAction\":[{\"@type\":\"SearchAction\",\"target\":{\"@type\":\"EntryPoint\",\"urlTemplate\":\"https:\/\/radioinfinitagoya.com.ar\/v1\/?s={search_term_string}\"},\"query-input\":{\"@type\":\"PropertyValueSpecification\",\"valueRequired\":true,\"valueName\":\"search_term_string\"}}],\"inLanguage\":\"es-AR\"},{\"@type\":\"Organization\",\"@id\":\"https:\/\/radioinfinitagoya.com.ar\/v1\/#organization\",\"name\":\"Radio Infinita Goya\",\"url\":\"https:\/\/radioinfinitagoya.com.ar\/v1\/\",\"logo\":{\"@type\":\"ImageObject\",\"inLanguage\":\"es-AR\",\"@id\":\"https:\/\/radioinfinitagoya.com.ar\/v1\/#\/schema\/logo\/image\/\",\"url\":\"https:\/\/radioinfinitagoya.com.ar\/v1\/wp-content\/uploads\/2019\/11\/logo-pie-web.png\",\"contentUrl\":\"https:\/\/radioinfinitagoya.com.ar\/v1\/wp-content\/uploads\/2019\/11\/logo-pie-web.png\",\"width\":635,\"height\":326,\"caption\":\"Radio Infinita Goya\"},\"image\":{\"@id\":\"https:\/\/radioinfinitagoya.com.ar\/v1\/#\/schema\/logo\/image\/\"},\"sameAs\":[\"https:\/\/www.facebook.com\/p\/Infinita-Goya-100063870918311\/\"]},{\"@type\":\"Person\",\"@id\":\"https:\/\/radioinfinitagoya.com.ar\/v1\/#\/schema\/person\/d4cf9c413d4f6edb24aabdccab49ca4a\",\"name\":\"Jorge Mi\u00f1o\",\"image\":{\"@type\":\"ImageObject\",\"inLanguage\":\"es-AR\",\"@id\":\"https:\/\/secure.gravatar.com\/avatar\/910fcf6728fe95320e07a6643c1581fec1c7fc4bf8ae12e3d8f0d0373dc844be?s=96&d=mm&r=g\",\"url\":\"https:\/\/secure.gravatar.com\/avatar\/910fcf6728fe95320e07a6643c1581fec1c7fc4bf8ae12e3d8f0d0373dc844be?s=96&d=mm&r=g\",\"contentUrl\":\"https:\/\/secure.gravatar.com\/avatar\/910fcf6728fe95320e07a6643c1581fec1c7fc4bf8ae12e3d8f0d0373dc844be?s=96&d=mm&r=g\",\"caption\":\"Jorge Mi\u00f1o\"},\"sameAs\":[\"http:\/\/radioinfinitagoya.com.ar\"]}]}<\/script>\n<!-- \/ Yoast SEO plugin. -->","yoast_head_json":{"title":"Corrientes ser\u00e1 sede del III Encuentro Coral Nacional de Adultos Mayores - Radio Infinita Goya","description":"\u201cPurah\u00e9i Por\u00e1\u201d Desde este jueves y hasta el s\u00e1bado, la ciudad de Corrientes recibe a coros de adultos mayores de distintas provincias, en un evento","robots":{"index":"index","follow":"follow","max-snippet":"max-snippet:-1","max-image-preview":"max-image-preview:large","max-video-preview":"max-video-preview:-1"},"canonical":"https:\/\/radioinfinitagoya.com.ar\/v1\/2025\/09\/13\/corrientes-sera-sede-del-iii-encuentro-coral-nacional-de-adultos-mayores\/","og_locale":"es_ES","og_type":"article","og_title":"Corrientes ser\u00e1 sede del III Encuentro Coral Nacional de Adultos Mayores - Radio Infinita Goya","og_description":"\u201cPurah\u00e9i Por\u00e1\u201d Desde este jueves y hasta el s\u00e1bado, la ciudad de Corrientes recibe a coros de adultos mayores de distintas provincias, en un evento","og_url":"https:\/\/radioinfinitagoya.com.ar\/v1\/2025\/09\/13\/corrientes-sera-sede-del-iii-encuentro-coral-nacional-de-adultos-mayores\/","og_site_name":"Radio Infinita Goya","article_publisher":"https:\/\/www.facebook.com\/p\/Infinita-Goya-100063870918311\/","article_published_time":"2025-09-13T20:41:32+00:00","og_image":[{"width":1200,"height":675,"url":"https:\/\/radioinfinitagoya.com.ar\/v1\/wp-content\/uploads\/2025\/09\/1757687132585.webp","type":"image\/webp"}],"author":"Jorge Mi\u00f1o","twitter_card":"summary_large_image","twitter_misc":{"Escrito por":"Jorge Mi\u00f1o","Tiempo de lectura":"3 minutos"},"schema":{"@context":"https:\/\/schema.org","@graph":[{"@type":"Article","@id":"https:\/\/radioinfinitagoya.com.ar\/v1\/2025\/09\/13\/corrientes-sera-sede-del-iii-encuentro-coral-nacional-de-adultos-mayores\/#article","isPartOf":{"@id":"https:\/\/radioinfinitagoya.com.ar\/v1\/2025\/09\/13\/corrientes-sera-sede-del-iii-encuentro-coral-nacional-de-adultos-mayores\/"},"author":{"name":"Jorge Mi\u00f1o","@id":"https:\/\/radioinfinitagoya.com.ar\/v1\/#\/schema\/person\/d4cf9c413d4f6edb24aabdccab49ca4a"},"headline":"Corrientes ser\u00e1 sede del III Encuentro Coral Nacional de Adultos Mayores","datePublished":"2025-09-13T20:41:32+00:00","mainEntityOfPage":{"@id":"https:\/\/radioinfinitagoya.com.ar\/v1\/2025\/09\/13\/corrientes-sera-sede-del-iii-encuentro-coral-nacional-de-adultos-mayores\/"},"wordCount":632,"publisher":{"@id":"https:\/\/radioinfinitagoya.com.ar\/v1\/#organization"},"image":{"@id":"https:\/\/radioinfinitagoya.com.ar\/v1\/2025\/09\/13\/corrientes-sera-sede-del-iii-encuentro-coral-nacional-de-adultos-mayores\/#primaryimage"},"thumbnailUrl":"https:\/\/radioinfinitagoya.com.ar\/v1\/wp-content\/uploads\/2025\/09\/1757687132585.webp","articleSection":["PROVINCIALES"],"inLanguage":"es-AR"},{"@type":"WebPage","@id":"https:\/\/radioinfinitagoya.com.ar\/v1\/2025\/09\/13\/corrientes-sera-sede-del-iii-encuentro-coral-nacional-de-adultos-mayores\/","url":"https:\/\/radioinfinitagoya.com.ar\/v1\/2025\/09\/13\/corrientes-sera-sede-del-iii-encuentro-coral-nacional-de-adultos-mayores\/","name":"Corrientes ser\u00e1 sede del III Encuentro Coral Nacional de Adultos Mayores - Radio Infinita Goya","isPartOf":{"@id":"https:\/\/radioinfinitagoya.com.ar\/v1\/#website"},"primaryImageOfPage":{"@id":"https:\/\/radioinfinitagoya.com.ar\/v1\/2025\/09\/13\/corrientes-sera-sede-del-iii-encuentro-coral-nacional-de-adultos-mayores\/#primaryimage"},"image":{"@id":"https:\/\/radioinfinitagoya.com.ar\/v1\/2025\/09\/13\/corrientes-sera-sede-del-iii-encuentro-coral-nacional-de-adultos-mayores\/#primaryimage"},"thumbnailUrl":"https:\/\/radioinfinitagoya.com.ar\/v1\/wp-content\/uploads\/2025\/09\/1757687132585.webp","datePublished":"2025-09-13T20:41:32+00:00","description":"\u201cPurah\u00e9i Por\u00e1\u201d Desde este jueves y hasta el s\u00e1bado, la ciudad de Corrientes recibe a coros de adultos mayores de distintas provincias, en un evento","breadcrumb":{"@id":"https:\/\/radioinfinitagoya.com.ar\/v1\/2025\/09\/13\/corrientes-sera-sede-del-iii-encuentro-coral-nacional-de-adultos-mayores\/#breadcrumb"},"inLanguage":"es-AR","potentialAction":[{"@type":"ReadAction","target":["https:\/\/radioinfinitagoya.com.ar\/v1\/2025\/09\/13\/corrientes-sera-sede-del-iii-encuentro-coral-nacional-de-adultos-mayores\/"]}]},{"@type":"ImageObject","inLanguage":"es-AR","@id":"https:\/\/radioinfinitagoya.com.ar\/v1\/2025\/09\/13\/corrientes-sera-sede-del-iii-encuentro-coral-nacional-de-adultos-mayores\/#primaryimage","url":"https:\/\/radioinfinitagoya.com.ar\/v1\/wp-content\/uploads\/2025\/09\/1757687132585.webp","contentUrl":"https:\/\/radioinfinitagoya.com.ar\/v1\/wp-content\/uploads\/2025\/09\/1757687132585.webp","width":1200,"height":675},{"@type":"BreadcrumbList","@id":"https:\/\/radioinfinitagoya.com.ar\/v1\/2025\/09\/13\/corrientes-sera-sede-del-iii-encuentro-coral-nacional-de-adultos-mayores\/#breadcrumb","itemListElement":[{"@type":"ListItem","position":1,"name":"Inicio","item":"https:\/\/radioinfinitagoya.com.ar\/v1\/"},{"@type":"ListItem","position":2,"name":"Corrientes ser\u00e1 sede del III Encuentro Coral Nacional de Adultos Mayores"}]},{"@type":"WebSite","@id":"https:\/\/radioinfinitagoya.com.ar\/v1\/#website","url":"https:\/\/radioinfinitagoya.com.ar\/v1\/","name":"radioinfinitagoya.com.ar","description":"Radio de noticias","publisher":{"@id":"https:\/\/radioinfinitagoya.com.ar\/v1\/#organization"},"potentialAction":[{"@type":"SearchAction","target":{"@type":"EntryPoint","urlTemplate":"https:\/\/radioinfinitagoya.com.ar\/v1\/?s={search_term_string}"},"query-input":{"@type":"PropertyValueSpecification","valueRequired":true,"valueName":"search_term_string"}}],"inLanguage":"es-AR"},{"@type":"Organization","@id":"https:\/\/radioinfinitagoya.com.ar\/v1\/#organization","name":"Radio Infinita Goya","url":"https:\/\/radioinfinitagoya.com.ar\/v1\/","logo":{"@type":"ImageObject","inLanguage":"es-AR","@id":"https:\/\/radioinfinitagoya.com.ar\/v1\/#\/schema\/logo\/image\/","url":"https:\/\/radioinfinitagoya.com.ar\/v1\/wp-content\/uploads\/2019\/11\/logo-pie-web.png","contentUrl":"https:\/\/radioinfinitagoya.com.ar\/v1\/wp-content\/uploads\/2019\/11\/logo-pie-web.png","width":635,"height":326,"caption":"Radio Infinita Goya"},"image":{"@id":"https:\/\/radioinfinitagoya.com.ar\/v1\/#\/schema\/logo\/image\/"},"sameAs":["https:\/\/www.facebook.com\/p\/Infinita-Goya-100063870918311\/"]},{"@type":"Person","@id":"https:\/\/radioinfinitagoya.com.ar\/v1\/#\/schema\/person\/d4cf9c413d4f6edb24aabdccab49ca4a","name":"Jorge Mi\u00f1o","image":{"@type":"ImageObject","inLanguage":"es-AR","@id":"https:\/\/secure.gravatar.com\/avatar\/910fcf6728fe95320e07a6643c1581fec1c7fc4bf8ae12e3d8f0d0373dc844be?s=96&d=mm&r=g","url":"https:\/\/secure.gravatar.com\/avatar\/910fcf6728fe95320e07a6643c1581fec1c7fc4bf8ae12e3d8f0d0373dc844be?s=96&d=mm&r=g","contentUrl":"https:\/\/secure.gravatar.com\/avatar\/910fcf6728fe95320e07a6643c1581fec1c7fc4bf8ae12e3d8f0d0373dc844be?s=96&d=mm&r=g","caption":"Jorge Mi\u00f1o"},"sameAs":["http:\/\/radioinfinitagoya.com.ar"]}]}},"_links":{"self":[{"href":"https:\/\/radioinfinitagoya.com.ar\/v1\/wp-json\/wp\/v2\/posts\/195835","targetHints":{"allow":["GET"]}}],"collection":[{"href":"https:\/\/radioinfinitagoya.com.ar\/v1\/wp-json\/wp\/v2\/posts"}],"about":[{"href":"https:\/\/radioinfinitagoya.com.ar\/v1\/wp-json\/wp\/v2\/types\/post"}],"author":[{"embeddable":true,"href":"https:\/\/radioinfinitagoya.com.ar\/v1\/wp-json\/wp\/v2\/users\/4"}],"replies":[{"embeddable":true,"href":"https:\/\/radioinfinitagoya.com.ar\/v1\/wp-json\/wp\/v2\/comments?post=195835"}],"version-history":[{"count":0,"href":"https:\/\/radioinfinitagoya.com.ar\/v1\/wp-json\/wp\/v2\/posts\/195835\/revisions"}],"wp:featuredmedia":[{"embeddable":true,"href":"https:\/\/radioinfinitagoya.com.ar\/v1\/wp-json\/wp\/v2\/media\/195836"}],"wp:attachment":[{"href":"https:\/\/radioinfinitagoya.com.ar\/v1\/wp-json\/wp\/v2\/media?parent=195835"}],"wp:term":[{"taxonomy":"category","embeddable":true,"href":"https:\/\/radioinfinitagoya.com.ar\/v1\/wp-json\/wp\/v2\/categories?post=195835"},{"taxonomy":"post_tag","embeddable":true,"href":"https:\/\/radioinfinitagoya.com.ar\/v1\/wp-json\/wp\/v2\/tags?post=195835"}],"curies":[{"name":"wp","href":"https:\/\/api.w.org\/{rel}","templated":true}]}}