{"id":195838,"date":"2025-09-13T17:44:42","date_gmt":"2025-09-13T20:44:42","guid":{"rendered":"https:\/\/radioinfinitagoya.com.ar\/v1\/?p=195838"},"modified":"2025-09-13T17:44:42","modified_gmt":"2025-09-13T20:44:42","slug":"cerca-de-40-000-banistas-visitaron-las-playas-y-desde-octubre-estaran-todas-habilitadas","status":"publish","type":"post","link":"https:\/\/radioinfinitagoya.com.ar\/v1\/2025\/09\/13\/cerca-de-40-000-banistas-visitaron-las-playas-y-desde-octubre-estaran-todas-habilitadas\/","title":{"rendered":"Cerca de 40.000 ba\u00f1istas visitaron las playas y desde octubre estar\u00e1n todas habilitadas"},"content":{"rendered":"<p>Desde el 1 del mes, los cinco balnearios p\u00fablicos de Corrientes abrir\u00e1n con todos sus servicios, guardavidas y atenci\u00f3n todos los d\u00edas, iniciando la temporada m\u00e1s larga del pa\u00eds.<\/p>\n<p>Corrientes se prepara para recibir la temporada de playas m\u00e1s larga del pa\u00eds. A partir del 1 de octubre, los cinco balnearios capitalinos estar\u00e1n habilitados con todos sus servicios, funcionando todos los d\u00edas de 8 a 20, con guardavidas y atenci\u00f3n completa para vecinos y turistas. Desde mayo a septiembre cerca de 40.000 vecinos y turistas visitaron los tres balnearios en servicio.<\/p>\n<p>Actualmente, Arazaty I, Islas Malvinas II y Molina Punta se encuentran operativas los fines de semana, feriados, registrando desde una importante afluencia de p\u00fablico que refleja el inter\u00e9s de los correntinos por disfrutar de los espacios al aire libre, desde mayo hasta principios de septiembre, un total de 30.945 personas visitaron las playas habilitadas, destac\u00e1ndose especialmente los meses de julio y agosto.<\/p>\n<p>Las cinco playas habilitadas a partir de octubre<\/p>\n<p>Adri\u00e1n Meza, Director de Playas de Corrientes, adelant\u00f3 a El Litoral: \u201cVamos a trabajar con la inauguraci\u00f3n de las playas el 1 de octubre\u201d.<\/p>\n<p>A\u00fan no se define cu\u00e1ndo ser\u00e1 el acto inaugural que habilite los cinco balnearios.<\/p>\n<p>&#8220;Estamos evaluando la necesidad de contratar guardavidas de temporada. En este momento contamos con el 90% del plantel que termin\u00f3 trabajando la temporada pasada. As\u00ed que para iniciar con el personal que tenemos estamos m\u00e1s que bien, pero vamos a necesitar seguramente reforzar para el inicio de temporada y para la temporada alta, que es siempre cuando terminan las clases; ah\u00ed se incrementa much\u00edsimo la cantidad de visitantes en todas las playas\u201d, detall\u00f3 Meza a este medio.<\/p>\n<p>La apertura completa de los cinco balnearios permitir\u00e1 ofrecer mayor seguridad y servicios, consolidando a Corrientes como un destino destacado para disfrutar del verano y las actividades al aire libre, garantizando a los visitantes espacios cuidados y preparados para la recreaci\u00f3n de toda la familia.<\/p>\n<p>&nbsp;<\/p>\n","protected":false},"excerpt":{"rendered":"<p>Desde el 1 del mes, los cinco balnearios p\u00fablicos de Corrientes abrir\u00e1n con todos sus servicios, guardavidas y atenci\u00f3n todos los d\u00edas, iniciando la temporada m\u00e1s larga del pa\u00eds. Corrientes se prepara para recibir la temporada de playas m\u00e1s larga del pa\u00eds. A partir del 1 de octubre, los cinco balnearios capitalinos estar\u00e1n habilitados con [&hellip;]<\/p>\n","protected":false},"author":4,"featured_media":195839,"comment_status":"closed","ping_status":"closed","sticky":false,"template":"","format":"standard","meta":{"_joinchat":[],"footnotes":""},"categories":[26],"tags":[],"class_list":{"0":"post-195838","1":"post","2":"type-post","3":"status-publish","4":"format-standard","5":"has-post-thumbnail","7":"category-provinciales"},"yoast_head":"<!-- This site is optimized with the Yoast SEO plugin v27.2 - https:\/\/yoast.com\/product\/yoast-seo-wordpress\/ -->\n<title>Cerca de 40.000 ba\u00f1istas visitaron las playas y desde octubre estar\u00e1n todas habilitadas - Radio Infinita Goya<\/title>\n<meta name=\"description\" content=\"Desde el 1 del mes, los cinco balnearios p\u00fablicos de Corrientes abrir\u00e1n con todos sus servicios, guardavidas y atenci\u00f3n todos los d\u00edas, iniciando la\" \/>\n<meta name=\"robots\" content=\"index, follow, max-snippet:-1, max-image-preview:large, max-video-preview:-1\" \/>\n<link rel=\"canonical\" href=\"https:\/\/radioinfinitagoya.com.ar\/v1\/2025\/09\/13\/cerca-de-40-000-banistas-visitaron-las-playas-y-desde-octubre-estaran-todas-habilitadas\/\" \/>\n<meta property=\"og:locale\" content=\"es_ES\" \/>\n<meta property=\"og:type\" content=\"article\" \/>\n<meta property=\"og:title\" content=\"Cerca de 40.000 ba\u00f1istas visitaron las playas y desde octubre estar\u00e1n todas habilitadas - Radio Infinita Goya\" \/>\n<meta property=\"og:description\" content=\"Desde el 1 del mes, los cinco balnearios p\u00fablicos de Corrientes abrir\u00e1n con todos sus servicios, guardavidas y atenci\u00f3n todos los d\u00edas, iniciando la\" \/>\n<meta property=\"og:url\" content=\"https:\/\/radioinfinitagoya.com.ar\/v1\/2025\/09\/13\/cerca-de-40-000-banistas-visitaron-las-playas-y-desde-octubre-estaran-todas-habilitadas\/\" \/>\n<meta property=\"og:site_name\" content=\"Radio Infinita Goya\" \/>\n<meta property=\"article:publisher\" content=\"https:\/\/www.facebook.com\/p\/Infinita-Goya-100063870918311\/\" \/>\n<meta property=\"article:published_time\" content=\"2025-09-13T20:44:42+00:00\" \/>\n<meta property=\"og:image\" content=\"https:\/\/radioinfinitagoya.com.ar\/v1\/wp-content\/uploads\/2025\/09\/1757788972220.jpg\" \/>\n\t<meta property=\"og:image:width\" content=\"807\" \/>\n\t<meta property=\"og:image:height\" content=\"538\" \/>\n\t<meta property=\"og:image:type\" content=\"image\/jpeg\" \/>\n<meta name=\"author\" content=\"Jorge Mi\u00f1o\" \/>\n<meta name=\"twitter:card\" content=\"summary_large_image\" \/>\n<meta name=\"twitter:label1\" content=\"Escrito por\" \/>\n\t<meta name=\"twitter:data1\" content=\"Jorge Mi\u00f1o\" \/>\n\t<meta name=\"twitter:label2\" content=\"Tiempo de lectura\" \/>\n\t<meta name=\"twitter:data2\" content=\"2 minutos\" \/>\n<script type=\"application\/ld+json\" class=\"yoast-schema-graph\">{\"@context\":\"https:\/\/schema.org\",\"@graph\":[{\"@type\":\"Article\",\"@id\":\"https:\/\/radioinfinitagoya.com.ar\/v1\/2025\/09\/13\/cerca-de-40-000-banistas-visitaron-las-playas-y-desde-octubre-estaran-todas-habilitadas\/#article\",\"isPartOf\":{\"@id\":\"https:\/\/radioinfinitagoya.com.ar\/v1\/2025\/09\/13\/cerca-de-40-000-banistas-visitaron-las-playas-y-desde-octubre-estaran-todas-habilitadas\/\"},\"author\":{\"name\":\"Jorge Mi\u00f1o\",\"@id\":\"https:\/\/radioinfinitagoya.com.ar\/v1\/#\/schema\/person\/d4cf9c413d4f6edb24aabdccab49ca4a\"},\"headline\":\"Cerca de 40.000 ba\u00f1istas visitaron las playas y desde octubre estar\u00e1n todas habilitadas\",\"datePublished\":\"2025-09-13T20:44:42+00:00\",\"mainEntityOfPage\":{\"@id\":\"https:\/\/radioinfinitagoya.com.ar\/v1\/2025\/09\/13\/cerca-de-40-000-banistas-visitaron-las-playas-y-desde-octubre-estaran-todas-habilitadas\/\"},\"wordCount\":349,\"publisher\":{\"@id\":\"https:\/\/radioinfinitagoya.com.ar\/v1\/#organization\"},\"image\":{\"@id\":\"https:\/\/radioinfinitagoya.com.ar\/v1\/2025\/09\/13\/cerca-de-40-000-banistas-visitaron-las-playas-y-desde-octubre-estaran-todas-habilitadas\/#primaryimage\"},\"thumbnailUrl\":\"https:\/\/radioinfinitagoya.com.ar\/v1\/wp-content\/uploads\/2025\/09\/1757788972220.jpg\",\"articleSection\":[\"PROVINCIALES\"],\"inLanguage\":\"es-AR\"},{\"@type\":\"WebPage\",\"@id\":\"https:\/\/radioinfinitagoya.com.ar\/v1\/2025\/09\/13\/cerca-de-40-000-banistas-visitaron-las-playas-y-desde-octubre-estaran-todas-habilitadas\/\",\"url\":\"https:\/\/radioinfinitagoya.com.ar\/v1\/2025\/09\/13\/cerca-de-40-000-banistas-visitaron-las-playas-y-desde-octubre-estaran-todas-habilitadas\/\",\"name\":\"Cerca de 40.000 ba\u00f1istas visitaron las playas y desde octubre estar\u00e1n todas habilitadas - Radio Infinita Goya\",\"isPartOf\":{\"@id\":\"https:\/\/radioinfinitagoya.com.ar\/v1\/#website\"},\"primaryImageOfPage\":{\"@id\":\"https:\/\/radioinfinitagoya.com.ar\/v1\/2025\/09\/13\/cerca-de-40-000-banistas-visitaron-las-playas-y-desde-octubre-estaran-todas-habilitadas\/#primaryimage\"},\"image\":{\"@id\":\"https:\/\/radioinfinitagoya.com.ar\/v1\/2025\/09\/13\/cerca-de-40-000-banistas-visitaron-las-playas-y-desde-octubre-estaran-todas-habilitadas\/#primaryimage\"},\"thumbnailUrl\":\"https:\/\/radioinfinitagoya.com.ar\/v1\/wp-content\/uploads\/2025\/09\/1757788972220.jpg\",\"datePublished\":\"2025-09-13T20:44:42+00:00\",\"description\":\"Desde el 1 del mes, los cinco balnearios p\u00fablicos de Corrientes abrir\u00e1n con todos sus servicios, guardavidas y atenci\u00f3n todos los d\u00edas, iniciando la\",\"breadcrumb\":{\"@id\":\"https:\/\/radioinfinitagoya.com.ar\/v1\/2025\/09\/13\/cerca-de-40-000-banistas-visitaron-las-playas-y-desde-octubre-estaran-todas-habilitadas\/#breadcrumb\"},\"inLanguage\":\"es-AR\",\"potentialAction\":[{\"@type\":\"ReadAction\",\"target\":[\"https:\/\/radioinfinitagoya.com.ar\/v1\/2025\/09\/13\/cerca-de-40-000-banistas-visitaron-las-playas-y-desde-octubre-estaran-todas-habilitadas\/\"]}]},{\"@type\":\"ImageObject\",\"inLanguage\":\"es-AR\",\"@id\":\"https:\/\/radioinfinitagoya.com.ar\/v1\/2025\/09\/13\/cerca-de-40-000-banistas-visitaron-las-playas-y-desde-octubre-estaran-todas-habilitadas\/#primaryimage\",\"url\":\"https:\/\/radioinfinitagoya.com.ar\/v1\/wp-content\/uploads\/2025\/09\/1757788972220.jpg\",\"contentUrl\":\"https:\/\/radioinfinitagoya.com.ar\/v1\/wp-content\/uploads\/2025\/09\/1757788972220.jpg\",\"width\":807,\"height\":538},{\"@type\":\"BreadcrumbList\",\"@id\":\"https:\/\/radioinfinitagoya.com.ar\/v1\/2025\/09\/13\/cerca-de-40-000-banistas-visitaron-las-playas-y-desde-octubre-estaran-todas-habilitadas\/#breadcrumb\",\"itemListElement\":[{\"@type\":\"ListItem\",\"position\":1,\"name\":\"Inicio\",\"item\":\"https:\/\/radioinfinitagoya.com.ar\/v1\/\"},{\"@type\":\"ListItem\",\"position\":2,\"name\":\"Cerca de 40.000 ba\u00f1istas visitaron las playas y desde octubre estar\u00e1n todas habilitadas\"}]},{\"@type\":\"WebSite\",\"@id\":\"https:\/\/radioinfinitagoya.com.ar\/v1\/#website\",\"url\":\"https:\/\/radioinfinitagoya.com.ar\/v1\/\",\"name\":\"radioinfinitagoya.com.ar\",\"description\":\"Radio de noticias\",\"publisher\":{\"@id\":\"https:\/\/radioinfinitagoya.com.ar\/v1\/#organization\"},\"potentialAction\":[{\"@type\":\"SearchAction\",\"target\":{\"@type\":\"EntryPoint\",\"urlTemplate\":\"https:\/\/radioinfinitagoya.com.ar\/v1\/?s={search_term_string}\"},\"query-input\":{\"@type\":\"PropertyValueSpecification\",\"valueRequired\":true,\"valueName\":\"search_term_string\"}}],\"inLanguage\":\"es-AR\"},{\"@type\":\"Organization\",\"@id\":\"https:\/\/radioinfinitagoya.com.ar\/v1\/#organization\",\"name\":\"Radio Infinita Goya\",\"url\":\"https:\/\/radioinfinitagoya.com.ar\/v1\/\",\"logo\":{\"@type\":\"ImageObject\",\"inLanguage\":\"es-AR\",\"@id\":\"https:\/\/radioinfinitagoya.com.ar\/v1\/#\/schema\/logo\/image\/\",\"url\":\"https:\/\/radioinfinitagoya.com.ar\/v1\/wp-content\/uploads\/2019\/11\/logo-pie-web.png\",\"contentUrl\":\"https:\/\/radioinfinitagoya.com.ar\/v1\/wp-content\/uploads\/2019\/11\/logo-pie-web.png\",\"width\":635,\"height\":326,\"caption\":\"Radio Infinita Goya\"},\"image\":{\"@id\":\"https:\/\/radioinfinitagoya.com.ar\/v1\/#\/schema\/logo\/image\/\"},\"sameAs\":[\"https:\/\/www.facebook.com\/p\/Infinita-Goya-100063870918311\/\"]},{\"@type\":\"Person\",\"@id\":\"https:\/\/radioinfinitagoya.com.ar\/v1\/#\/schema\/person\/d4cf9c413d4f6edb24aabdccab49ca4a\",\"name\":\"Jorge Mi\u00f1o\",\"image\":{\"@type\":\"ImageObject\",\"inLanguage\":\"es-AR\",\"@id\":\"https:\/\/secure.gravatar.com\/avatar\/910fcf6728fe95320e07a6643c1581fec1c7fc4bf8ae12e3d8f0d0373dc844be?s=96&d=mm&r=g\",\"url\":\"https:\/\/secure.gravatar.com\/avatar\/910fcf6728fe95320e07a6643c1581fec1c7fc4bf8ae12e3d8f0d0373dc844be?s=96&d=mm&r=g\",\"contentUrl\":\"https:\/\/secure.gravatar.com\/avatar\/910fcf6728fe95320e07a6643c1581fec1c7fc4bf8ae12e3d8f0d0373dc844be?s=96&d=mm&r=g\",\"caption\":\"Jorge Mi\u00f1o\"},\"sameAs\":[\"http:\/\/radioinfinitagoya.com.ar\"]}]}<\/script>\n<!-- \/ Yoast SEO plugin. -->","yoast_head_json":{"title":"Cerca de 40.000 ba\u00f1istas visitaron las playas y desde octubre estar\u00e1n todas habilitadas - Radio Infinita Goya","description":"Desde el 1 del mes, los cinco balnearios p\u00fablicos de Corrientes abrir\u00e1n con todos sus servicios, guardavidas y atenci\u00f3n todos los d\u00edas, iniciando la","robots":{"index":"index","follow":"follow","max-snippet":"max-snippet:-1","max-image-preview":"max-image-preview:large","max-video-preview":"max-video-preview:-1"},"canonical":"https:\/\/radioinfinitagoya.com.ar\/v1\/2025\/09\/13\/cerca-de-40-000-banistas-visitaron-las-playas-y-desde-octubre-estaran-todas-habilitadas\/","og_locale":"es_ES","og_type":"article","og_title":"Cerca de 40.000 ba\u00f1istas visitaron las playas y desde octubre estar\u00e1n todas habilitadas - Radio Infinita Goya","og_description":"Desde el 1 del mes, los cinco balnearios p\u00fablicos de Corrientes abrir\u00e1n con todos sus servicios, guardavidas y atenci\u00f3n todos los d\u00edas, iniciando la","og_url":"https:\/\/radioinfinitagoya.com.ar\/v1\/2025\/09\/13\/cerca-de-40-000-banistas-visitaron-las-playas-y-desde-octubre-estaran-todas-habilitadas\/","og_site_name":"Radio Infinita Goya","article_publisher":"https:\/\/www.facebook.com\/p\/Infinita-Goya-100063870918311\/","article_published_time":"2025-09-13T20:44:42+00:00","og_image":[{"width":807,"height":538,"url":"https:\/\/radioinfinitagoya.com.ar\/v1\/wp-content\/uploads\/2025\/09\/1757788972220.jpg","type":"image\/jpeg"}],"author":"Jorge Mi\u00f1o","twitter_card":"summary_large_image","twitter_misc":{"Escrito por":"Jorge Mi\u00f1o","Tiempo de lectura":"2 minutos"},"schema":{"@context":"https:\/\/schema.org","@graph":[{"@type":"Article","@id":"https:\/\/radioinfinitagoya.com.ar\/v1\/2025\/09\/13\/cerca-de-40-000-banistas-visitaron-las-playas-y-desde-octubre-estaran-todas-habilitadas\/#article","isPartOf":{"@id":"https:\/\/radioinfinitagoya.com.ar\/v1\/2025\/09\/13\/cerca-de-40-000-banistas-visitaron-las-playas-y-desde-octubre-estaran-todas-habilitadas\/"},"author":{"name":"Jorge Mi\u00f1o","@id":"https:\/\/radioinfinitagoya.com.ar\/v1\/#\/schema\/person\/d4cf9c413d4f6edb24aabdccab49ca4a"},"headline":"Cerca de 40.000 ba\u00f1istas visitaron las playas y desde octubre estar\u00e1n todas habilitadas","datePublished":"2025-09-13T20:44:42+00:00","mainEntityOfPage":{"@id":"https:\/\/radioinfinitagoya.com.ar\/v1\/2025\/09\/13\/cerca-de-40-000-banistas-visitaron-las-playas-y-desde-octubre-estaran-todas-habilitadas\/"},"wordCount":349,"publisher":{"@id":"https:\/\/radioinfinitagoya.com.ar\/v1\/#organization"},"image":{"@id":"https:\/\/radioinfinitagoya.com.ar\/v1\/2025\/09\/13\/cerca-de-40-000-banistas-visitaron-las-playas-y-desde-octubre-estaran-todas-habilitadas\/#primaryimage"},"thumbnailUrl":"https:\/\/radioinfinitagoya.com.ar\/v1\/wp-content\/uploads\/2025\/09\/1757788972220.jpg","articleSection":["PROVINCIALES"],"inLanguage":"es-AR"},{"@type":"WebPage","@id":"https:\/\/radioinfinitagoya.com.ar\/v1\/2025\/09\/13\/cerca-de-40-000-banistas-visitaron-las-playas-y-desde-octubre-estaran-todas-habilitadas\/","url":"https:\/\/radioinfinitagoya.com.ar\/v1\/2025\/09\/13\/cerca-de-40-000-banistas-visitaron-las-playas-y-desde-octubre-estaran-todas-habilitadas\/","name":"Cerca de 40.000 ba\u00f1istas visitaron las playas y desde octubre estar\u00e1n todas habilitadas - Radio Infinita Goya","isPartOf":{"@id":"https:\/\/radioinfinitagoya.com.ar\/v1\/#website"},"primaryImageOfPage":{"@id":"https:\/\/radioinfinitagoya.com.ar\/v1\/2025\/09\/13\/cerca-de-40-000-banistas-visitaron-las-playas-y-desde-octubre-estaran-todas-habilitadas\/#primaryimage"},"image":{"@id":"https:\/\/radioinfinitagoya.com.ar\/v1\/2025\/09\/13\/cerca-de-40-000-banistas-visitaron-las-playas-y-desde-octubre-estaran-todas-habilitadas\/#primaryimage"},"thumbnailUrl":"https:\/\/radioinfinitagoya.com.ar\/v1\/wp-content\/uploads\/2025\/09\/1757788972220.jpg","datePublished":"2025-09-13T20:44:42+00:00","description":"Desde el 1 del mes, los cinco balnearios p\u00fablicos de Corrientes abrir\u00e1n con todos sus servicios, guardavidas y atenci\u00f3n todos los d\u00edas, iniciando la","breadcrumb":{"@id":"https:\/\/radioinfinitagoya.com.ar\/v1\/2025\/09\/13\/cerca-de-40-000-banistas-visitaron-las-playas-y-desde-octubre-estaran-todas-habilitadas\/#breadcrumb"},"inLanguage":"es-AR","potentialAction":[{"@type":"ReadAction","target":["https:\/\/radioinfinitagoya.com.ar\/v1\/2025\/09\/13\/cerca-de-40-000-banistas-visitaron-las-playas-y-desde-octubre-estaran-todas-habilitadas\/"]}]},{"@type":"ImageObject","inLanguage":"es-AR","@id":"https:\/\/radioinfinitagoya.com.ar\/v1\/2025\/09\/13\/cerca-de-40-000-banistas-visitaron-las-playas-y-desde-octubre-estaran-todas-habilitadas\/#primaryimage","url":"https:\/\/radioinfinitagoya.com.ar\/v1\/wp-content\/uploads\/2025\/09\/1757788972220.jpg","contentUrl":"https:\/\/radioinfinitagoya.com.ar\/v1\/wp-content\/uploads\/2025\/09\/1757788972220.jpg","width":807,"height":538},{"@type":"BreadcrumbList","@id":"https:\/\/radioinfinitagoya.com.ar\/v1\/2025\/09\/13\/cerca-de-40-000-banistas-visitaron-las-playas-y-desde-octubre-estaran-todas-habilitadas\/#breadcrumb","itemListElement":[{"@type":"ListItem","position":1,"name":"Inicio","item":"https:\/\/radioinfinitagoya.com.ar\/v1\/"},{"@type":"ListItem","position":2,"name":"Cerca de 40.000 ba\u00f1istas visitaron las playas y desde octubre estar\u00e1n todas habilitadas"}]},{"@type":"WebSite","@id":"https:\/\/radioinfinitagoya.com.ar\/v1\/#website","url":"https:\/\/radioinfinitagoya.com.ar\/v1\/","name":"radioinfinitagoya.com.ar","description":"Radio de noticias","publisher":{"@id":"https:\/\/radioinfinitagoya.com.ar\/v1\/#organization"},"potentialAction":[{"@type":"SearchAction","target":{"@type":"EntryPoint","urlTemplate":"https:\/\/radioinfinitagoya.com.ar\/v1\/?s={search_term_string}"},"query-input":{"@type":"PropertyValueSpecification","valueRequired":true,"valueName":"search_term_string"}}],"inLanguage":"es-AR"},{"@type":"Organization","@id":"https:\/\/radioinfinitagoya.com.ar\/v1\/#organization","name":"Radio Infinita Goya","url":"https:\/\/radioinfinitagoya.com.ar\/v1\/","logo":{"@type":"ImageObject","inLanguage":"es-AR","@id":"https:\/\/radioinfinitagoya.com.ar\/v1\/#\/schema\/logo\/image\/","url":"https:\/\/radioinfinitagoya.com.ar\/v1\/wp-content\/uploads\/2019\/11\/logo-pie-web.png","contentUrl":"https:\/\/radioinfinitagoya.com.ar\/v1\/wp-content\/uploads\/2019\/11\/logo-pie-web.png","width":635,"height":326,"caption":"Radio Infinita Goya"},"image":{"@id":"https:\/\/radioinfinitagoya.com.ar\/v1\/#\/schema\/logo\/image\/"},"sameAs":["https:\/\/www.facebook.com\/p\/Infinita-Goya-100063870918311\/"]},{"@type":"Person","@id":"https:\/\/radioinfinitagoya.com.ar\/v1\/#\/schema\/person\/d4cf9c413d4f6edb24aabdccab49ca4a","name":"Jorge Mi\u00f1o","image":{"@type":"ImageObject","inLanguage":"es-AR","@id":"https:\/\/secure.gravatar.com\/avatar\/910fcf6728fe95320e07a6643c1581fec1c7fc4bf8ae12e3d8f0d0373dc844be?s=96&d=mm&r=g","url":"https:\/\/secure.gravatar.com\/avatar\/910fcf6728fe95320e07a6643c1581fec1c7fc4bf8ae12e3d8f0d0373dc844be?s=96&d=mm&r=g","contentUrl":"https:\/\/secure.gravatar.com\/avatar\/910fcf6728fe95320e07a6643c1581fec1c7fc4bf8ae12e3d8f0d0373dc844be?s=96&d=mm&r=g","caption":"Jorge Mi\u00f1o"},"sameAs":["http:\/\/radioinfinitagoya.com.ar"]}]}},"_links":{"self":[{"href":"https:\/\/radioinfinitagoya.com.ar\/v1\/wp-json\/wp\/v2\/posts\/195838","targetHints":{"allow":["GET"]}}],"collection":[{"href":"https:\/\/radioinfinitagoya.com.ar\/v1\/wp-json\/wp\/v2\/posts"}],"about":[{"href":"https:\/\/radioinfinitagoya.com.ar\/v1\/wp-json\/wp\/v2\/types\/post"}],"author":[{"embeddable":true,"href":"https:\/\/radioinfinitagoya.com.ar\/v1\/wp-json\/wp\/v2\/users\/4"}],"replies":[{"embeddable":true,"href":"https:\/\/radioinfinitagoya.com.ar\/v1\/wp-json\/wp\/v2\/comments?post=195838"}],"version-history":[{"count":0,"href":"https:\/\/radioinfinitagoya.com.ar\/v1\/wp-json\/wp\/v2\/posts\/195838\/revisions"}],"wp:featuredmedia":[{"embeddable":true,"href":"https:\/\/radioinfinitagoya.com.ar\/v1\/wp-json\/wp\/v2\/media\/195839"}],"wp:attachment":[{"href":"https:\/\/radioinfinitagoya.com.ar\/v1\/wp-json\/wp\/v2\/media?parent=195838"}],"wp:term":[{"taxonomy":"category","embeddable":true,"href":"https:\/\/radioinfinitagoya.com.ar\/v1\/wp-json\/wp\/v2\/categories?post=195838"},{"taxonomy":"post_tag","embeddable":true,"href":"https:\/\/radioinfinitagoya.com.ar\/v1\/wp-json\/wp\/v2\/tags?post=195838"}],"curies":[{"name":"wp","href":"https:\/\/api.w.org\/{rel}","templated":true}]}}