{"id":195841,"date":"2025-09-13T17:49:13","date_gmt":"2025-09-13T20:49:13","guid":{"rendered":"https:\/\/radioinfinitagoya.com.ar\/v1\/?p=195841"},"modified":"2025-09-13T17:49:13","modified_gmt":"2025-09-13T20:49:13","slug":"milei-quiere-reflotar-el-pacto-de-mayo-con-los-gobernadores-dialoguistas","status":"publish","type":"post","link":"https:\/\/radioinfinitagoya.com.ar\/v1\/2025\/09\/13\/milei-quiere-reflotar-el-pacto-de-mayo-con-los-gobernadores-dialoguistas\/","title":{"rendered":"Milei quiere reflotar el Pacto de Mayo con los gobernadores dialoguistas"},"content":{"rendered":"<p>En Naci\u00f3n est\u00e1n dispuestos a impulsar cambios en el esquema de repartici\u00f3n de fondos de la mano de un acuerdo legislativo para sostener los vetos e impulsar las iniciativas oficiales.<\/p>\n<p>Javier Milei quiere negociar un pacto de gobernabilidad con los gobernadores dialoguistas despu\u00e9s de las elecciones nacionales del 26 de octubre.<\/p>\n<p>Una hoja de ruta sobre las reformas laboral, tributaria y previsional, que quiere enviar al Congreso en diciembre de este a\u00f1o.<\/p>\n<p>Seg\u00fan pudo saber TN, el Gobierno busca acercar posiciones y establecer una serie de puntos sobre el rumbo de la gesti\u00f3n, como hizo con la firma del Pacto de Mayo en Tucum\u00e1n, a la que asistieron dieciocho gobernadores en julio de 2024. En Naci\u00f3n est\u00e1n dispuestos a impulsar cambios en el esquema de repartici\u00f3n de fondos de la mano de un acuerdo legislativo para sostener los vetos.<\/p>\n<p>El Ejecutivo cree que la ruptura de alianzas con gran parte de las provincias y distintos actores pol\u00edticos provoc\u00f3 una profundizaci\u00f3n de la debilidad parlamentaria de La Libertad Avanza junto con inestabilidad econ\u00f3mica en la previa de las elecciones legislativas bonaerenses. \u201cEl ruido pol\u00edtico se traslad\u00f3 a lo econ\u00f3mico y tuvimos que sostener tasas altas, lo que provoc\u00f3 un enfriamiento de la econom\u00eda\u201d, expresan.<\/p>\n<p>La Casa Rosada quiere darle un mensaje de estabilidad pol\u00edtica y de previsi\u00f3n a los mercados por afuera del per\u00edodo electoral de este a\u00f1o. En la mesa pol\u00edtica de Balcarce 50 reconocen que est\u00e1n dispuestos a hacer concesiones en partidas presupuestarias y en el armado de La Libertad Avanza para 2027, aunque descartan ceder lugares en el gabinete.<\/p>\n<p>Es parte de la mesa federal que el Gobierno busca reflotar con la designaci\u00f3n de Lisandro Catal\u00e1n como ministro del Interior, que tiene previsto realizar tambi\u00e9n visitas a las provincias. En Naci\u00f3n subieron a la negociaci\u00f3n tambi\u00e9n al ministro de Econom\u00eda, Luis Caputo, para acordar cancelaciones de deuda y distribuci\u00f3n de fondos luego de vetar la ley que coparticipa los ATN.<\/p>\n<p>En la Casa Rosada creen que no pondr\u00e1n impulsar una reactivaci\u00f3n de la econom\u00eda sin la sanci\u00f3n de las reformas que tienen en carpeta y buscan preparar el terreno de la negociaci\u00f3n para los pr\u00f3ximos dos a\u00f1os. \u201cLa idea es avanzar con una reforma tributaria que les sirva a las provincias en t\u00e9rminos de recaudaci\u00f3n y con una reforma laboral que beneficie a los sindicatos con un incremento de la formalidad\u201d, agregan en Balcarce 50.<\/p>\n<p>El Gobierno tiene en la mira a los integrantes de Provincias Unidas, que fueron aliados del Ejecutivo en primera instancia y definieron competir por separado en sus distritos luego de desencuentros y tensiones. Se trata de Mart\u00edn Llaryora (C\u00f3rdoba), Maximiliano Pullaro (Santa Fe), Ignacio Torres (Chubut), Claudio Vidal (Santa Cruz) y Carlos Sadir (Jujuy).<\/p>\n<p>Lo mismo aplica para jefes provinciales como Gustavo S\u00e1enz (Salta), Osvaldo Jaldo (Tucum\u00e1n), Ra\u00fal Jalil (Catamarca), Hugo Passalacqua (Misiones), Alberto Weretilneck (R\u00edo Negro) y Gustavo Vald\u00e9s (Corrientes), entre otros. Los \u00fanicos aliados actuales del oficialismo son Rogelio Frigerio (Entre R\u00edos), Leandro Zdero (Chaco), Jorge Macri (CABA), Marcelo Orrego (San Juan) y Claudio Poggi (San Luis).<\/p>\n<p>&nbsp;<\/p>\n","protected":false},"excerpt":{"rendered":"<p>En Naci\u00f3n est\u00e1n dispuestos a impulsar cambios en el esquema de repartici\u00f3n de fondos de la mano de un acuerdo legislativo para sostener los vetos e impulsar las iniciativas oficiales. Javier Milei quiere negociar un pacto de gobernabilidad con los gobernadores dialoguistas despu\u00e9s de las elecciones nacionales del 26 de octubre. Una hoja de ruta [&hellip;]<\/p>\n","protected":false},"author":4,"featured_media":195842,"comment_status":"closed","ping_status":"closed","sticky":false,"template":"","format":"standard","meta":{"_joinchat":[],"footnotes":""},"categories":[29],"tags":[],"class_list":{"0":"post-195841","1":"post","2":"type-post","3":"status-publish","4":"format-standard","5":"has-post-thumbnail","7":"category-nacionales"},"yoast_head":"<!-- This site is optimized with the Yoast SEO plugin v27.2 - https:\/\/yoast.com\/product\/yoast-seo-wordpress\/ -->\n<title>Milei quiere reflotar el Pacto de Mayo con los gobernadores dialoguistas - Radio Infinita Goya<\/title>\n<meta name=\"description\" content=\"En Naci\u00f3n est\u00e1n dispuestos a impulsar cambios en el esquema de repartici\u00f3n de fondos de la mano de un acuerdo legislativo para sostener los vetos e\" \/>\n<meta name=\"robots\" content=\"index, follow, max-snippet:-1, max-image-preview:large, max-video-preview:-1\" \/>\n<link rel=\"canonical\" href=\"https:\/\/radioinfinitagoya.com.ar\/v1\/2025\/09\/13\/milei-quiere-reflotar-el-pacto-de-mayo-con-los-gobernadores-dialoguistas\/\" \/>\n<meta property=\"og:locale\" content=\"es_ES\" \/>\n<meta property=\"og:type\" content=\"article\" \/>\n<meta property=\"og:title\" content=\"Milei quiere reflotar el Pacto de Mayo con los gobernadores dialoguistas - Radio Infinita Goya\" \/>\n<meta property=\"og:description\" content=\"En Naci\u00f3n est\u00e1n dispuestos a impulsar cambios en el esquema de repartici\u00f3n de fondos de la mano de un acuerdo legislativo para sostener los vetos e\" \/>\n<meta property=\"og:url\" content=\"https:\/\/radioinfinitagoya.com.ar\/v1\/2025\/09\/13\/milei-quiere-reflotar-el-pacto-de-mayo-con-los-gobernadores-dialoguistas\/\" \/>\n<meta property=\"og:site_name\" content=\"Radio Infinita Goya\" \/>\n<meta property=\"article:publisher\" content=\"https:\/\/www.facebook.com\/p\/Infinita-Goya-100063870918311\/\" \/>\n<meta property=\"article:published_time\" content=\"2025-09-13T20:49:13+00:00\" \/>\n<meta property=\"og:image\" content=\"https:\/\/radioinfinitagoya.com.ar\/v1\/wp-content\/uploads\/2025\/09\/bb80ztsu.jpg\" \/>\n\t<meta property=\"og:image:width\" content=\"680\" \/>\n\t<meta property=\"og:image:height\" content=\"357\" \/>\n\t<meta property=\"og:image:type\" content=\"image\/jpeg\" \/>\n<meta name=\"author\" content=\"Jorge Mi\u00f1o\" \/>\n<meta name=\"twitter:card\" content=\"summary_large_image\" \/>\n<meta name=\"twitter:label1\" content=\"Escrito por\" \/>\n\t<meta name=\"twitter:data1\" content=\"Jorge Mi\u00f1o\" \/>\n\t<meta name=\"twitter:label2\" content=\"Tiempo de lectura\" \/>\n\t<meta name=\"twitter:data2\" content=\"3 minutos\" \/>\n<script type=\"application\/ld+json\" class=\"yoast-schema-graph\">{\"@context\":\"https:\/\/schema.org\",\"@graph\":[{\"@type\":\"Article\",\"@id\":\"https:\/\/radioinfinitagoya.com.ar\/v1\/2025\/09\/13\/milei-quiere-reflotar-el-pacto-de-mayo-con-los-gobernadores-dialoguistas\/#article\",\"isPartOf\":{\"@id\":\"https:\/\/radioinfinitagoya.com.ar\/v1\/2025\/09\/13\/milei-quiere-reflotar-el-pacto-de-mayo-con-los-gobernadores-dialoguistas\/\"},\"author\":{\"name\":\"Jorge Mi\u00f1o\",\"@id\":\"https:\/\/radioinfinitagoya.com.ar\/v1\/#\/schema\/person\/d4cf9c413d4f6edb24aabdccab49ca4a\"},\"headline\":\"Milei quiere reflotar el Pacto de Mayo con los gobernadores dialoguistas\",\"datePublished\":\"2025-09-13T20:49:13+00:00\",\"mainEntityOfPage\":{\"@id\":\"https:\/\/radioinfinitagoya.com.ar\/v1\/2025\/09\/13\/milei-quiere-reflotar-el-pacto-de-mayo-con-los-gobernadores-dialoguistas\/\"},\"wordCount\":561,\"publisher\":{\"@id\":\"https:\/\/radioinfinitagoya.com.ar\/v1\/#organization\"},\"image\":{\"@id\":\"https:\/\/radioinfinitagoya.com.ar\/v1\/2025\/09\/13\/milei-quiere-reflotar-el-pacto-de-mayo-con-los-gobernadores-dialoguistas\/#primaryimage\"},\"thumbnailUrl\":\"https:\/\/radioinfinitagoya.com.ar\/v1\/wp-content\/uploads\/2025\/09\/bb80ztsu.jpg\",\"articleSection\":[\"NACIONALES\"],\"inLanguage\":\"es-AR\"},{\"@type\":\"WebPage\",\"@id\":\"https:\/\/radioinfinitagoya.com.ar\/v1\/2025\/09\/13\/milei-quiere-reflotar-el-pacto-de-mayo-con-los-gobernadores-dialoguistas\/\",\"url\":\"https:\/\/radioinfinitagoya.com.ar\/v1\/2025\/09\/13\/milei-quiere-reflotar-el-pacto-de-mayo-con-los-gobernadores-dialoguistas\/\",\"name\":\"Milei quiere reflotar el Pacto de Mayo con los gobernadores dialoguistas - Radio Infinita Goya\",\"isPartOf\":{\"@id\":\"https:\/\/radioinfinitagoya.com.ar\/v1\/#website\"},\"primaryImageOfPage\":{\"@id\":\"https:\/\/radioinfinitagoya.com.ar\/v1\/2025\/09\/13\/milei-quiere-reflotar-el-pacto-de-mayo-con-los-gobernadores-dialoguistas\/#primaryimage\"},\"image\":{\"@id\":\"https:\/\/radioinfinitagoya.com.ar\/v1\/2025\/09\/13\/milei-quiere-reflotar-el-pacto-de-mayo-con-los-gobernadores-dialoguistas\/#primaryimage\"},\"thumbnailUrl\":\"https:\/\/radioinfinitagoya.com.ar\/v1\/wp-content\/uploads\/2025\/09\/bb80ztsu.jpg\",\"datePublished\":\"2025-09-13T20:49:13+00:00\",\"description\":\"En Naci\u00f3n est\u00e1n dispuestos a impulsar cambios en el esquema de repartici\u00f3n de fondos de la mano de un acuerdo legislativo para sostener los vetos e\",\"breadcrumb\":{\"@id\":\"https:\/\/radioinfinitagoya.com.ar\/v1\/2025\/09\/13\/milei-quiere-reflotar-el-pacto-de-mayo-con-los-gobernadores-dialoguistas\/#breadcrumb\"},\"inLanguage\":\"es-AR\",\"potentialAction\":[{\"@type\":\"ReadAction\",\"target\":[\"https:\/\/radioinfinitagoya.com.ar\/v1\/2025\/09\/13\/milei-quiere-reflotar-el-pacto-de-mayo-con-los-gobernadores-dialoguistas\/\"]}]},{\"@type\":\"ImageObject\",\"inLanguage\":\"es-AR\",\"@id\":\"https:\/\/radioinfinitagoya.com.ar\/v1\/2025\/09\/13\/milei-quiere-reflotar-el-pacto-de-mayo-con-los-gobernadores-dialoguistas\/#primaryimage\",\"url\":\"https:\/\/radioinfinitagoya.com.ar\/v1\/wp-content\/uploads\/2025\/09\/bb80ztsu.jpg\",\"contentUrl\":\"https:\/\/radioinfinitagoya.com.ar\/v1\/wp-content\/uploads\/2025\/09\/bb80ztsu.jpg\",\"width\":680,\"height\":357},{\"@type\":\"BreadcrumbList\",\"@id\":\"https:\/\/radioinfinitagoya.com.ar\/v1\/2025\/09\/13\/milei-quiere-reflotar-el-pacto-de-mayo-con-los-gobernadores-dialoguistas\/#breadcrumb\",\"itemListElement\":[{\"@type\":\"ListItem\",\"position\":1,\"name\":\"Inicio\",\"item\":\"https:\/\/radioinfinitagoya.com.ar\/v1\/\"},{\"@type\":\"ListItem\",\"position\":2,\"name\":\"Milei quiere reflotar el Pacto de Mayo con los gobernadores dialoguistas\"}]},{\"@type\":\"WebSite\",\"@id\":\"https:\/\/radioinfinitagoya.com.ar\/v1\/#website\",\"url\":\"https:\/\/radioinfinitagoya.com.ar\/v1\/\",\"name\":\"radioinfinitagoya.com.ar\",\"description\":\"Radio de noticias\",\"publisher\":{\"@id\":\"https:\/\/radioinfinitagoya.com.ar\/v1\/#organization\"},\"potentialAction\":[{\"@type\":\"SearchAction\",\"target\":{\"@type\":\"EntryPoint\",\"urlTemplate\":\"https:\/\/radioinfinitagoya.com.ar\/v1\/?s={search_term_string}\"},\"query-input\":{\"@type\":\"PropertyValueSpecification\",\"valueRequired\":true,\"valueName\":\"search_term_string\"}}],\"inLanguage\":\"es-AR\"},{\"@type\":\"Organization\",\"@id\":\"https:\/\/radioinfinitagoya.com.ar\/v1\/#organization\",\"name\":\"Radio Infinita Goya\",\"url\":\"https:\/\/radioinfinitagoya.com.ar\/v1\/\",\"logo\":{\"@type\":\"ImageObject\",\"inLanguage\":\"es-AR\",\"@id\":\"https:\/\/radioinfinitagoya.com.ar\/v1\/#\/schema\/logo\/image\/\",\"url\":\"https:\/\/radioinfinitagoya.com.ar\/v1\/wp-content\/uploads\/2019\/11\/logo-pie-web.png\",\"contentUrl\":\"https:\/\/radioinfinitagoya.com.ar\/v1\/wp-content\/uploads\/2019\/11\/logo-pie-web.png\",\"width\":635,\"height\":326,\"caption\":\"Radio Infinita Goya\"},\"image\":{\"@id\":\"https:\/\/radioinfinitagoya.com.ar\/v1\/#\/schema\/logo\/image\/\"},\"sameAs\":[\"https:\/\/www.facebook.com\/p\/Infinita-Goya-100063870918311\/\"]},{\"@type\":\"Person\",\"@id\":\"https:\/\/radioinfinitagoya.com.ar\/v1\/#\/schema\/person\/d4cf9c413d4f6edb24aabdccab49ca4a\",\"name\":\"Jorge Mi\u00f1o\",\"image\":{\"@type\":\"ImageObject\",\"inLanguage\":\"es-AR\",\"@id\":\"https:\/\/secure.gravatar.com\/avatar\/910fcf6728fe95320e07a6643c1581fec1c7fc4bf8ae12e3d8f0d0373dc844be?s=96&d=mm&r=g\",\"url\":\"https:\/\/secure.gravatar.com\/avatar\/910fcf6728fe95320e07a6643c1581fec1c7fc4bf8ae12e3d8f0d0373dc844be?s=96&d=mm&r=g\",\"contentUrl\":\"https:\/\/secure.gravatar.com\/avatar\/910fcf6728fe95320e07a6643c1581fec1c7fc4bf8ae12e3d8f0d0373dc844be?s=96&d=mm&r=g\",\"caption\":\"Jorge Mi\u00f1o\"},\"sameAs\":[\"http:\/\/radioinfinitagoya.com.ar\"]}]}<\/script>\n<!-- \/ Yoast SEO plugin. -->","yoast_head_json":{"title":"Milei quiere reflotar el Pacto de Mayo con los gobernadores dialoguistas - Radio Infinita Goya","description":"En Naci\u00f3n est\u00e1n dispuestos a impulsar cambios en el esquema de repartici\u00f3n de fondos de la mano de un acuerdo legislativo para sostener los vetos e","robots":{"index":"index","follow":"follow","max-snippet":"max-snippet:-1","max-image-preview":"max-image-preview:large","max-video-preview":"max-video-preview:-1"},"canonical":"https:\/\/radioinfinitagoya.com.ar\/v1\/2025\/09\/13\/milei-quiere-reflotar-el-pacto-de-mayo-con-los-gobernadores-dialoguistas\/","og_locale":"es_ES","og_type":"article","og_title":"Milei quiere reflotar el Pacto de Mayo con los gobernadores dialoguistas - Radio Infinita Goya","og_description":"En Naci\u00f3n est\u00e1n dispuestos a impulsar cambios en el esquema de repartici\u00f3n de fondos de la mano de un acuerdo legislativo para sostener los vetos e","og_url":"https:\/\/radioinfinitagoya.com.ar\/v1\/2025\/09\/13\/milei-quiere-reflotar-el-pacto-de-mayo-con-los-gobernadores-dialoguistas\/","og_site_name":"Radio Infinita Goya","article_publisher":"https:\/\/www.facebook.com\/p\/Infinita-Goya-100063870918311\/","article_published_time":"2025-09-13T20:49:13+00:00","og_image":[{"width":680,"height":357,"url":"https:\/\/radioinfinitagoya.com.ar\/v1\/wp-content\/uploads\/2025\/09\/bb80ztsu.jpg","type":"image\/jpeg"}],"author":"Jorge Mi\u00f1o","twitter_card":"summary_large_image","twitter_misc":{"Escrito por":"Jorge Mi\u00f1o","Tiempo de lectura":"3 minutos"},"schema":{"@context":"https:\/\/schema.org","@graph":[{"@type":"Article","@id":"https:\/\/radioinfinitagoya.com.ar\/v1\/2025\/09\/13\/milei-quiere-reflotar-el-pacto-de-mayo-con-los-gobernadores-dialoguistas\/#article","isPartOf":{"@id":"https:\/\/radioinfinitagoya.com.ar\/v1\/2025\/09\/13\/milei-quiere-reflotar-el-pacto-de-mayo-con-los-gobernadores-dialoguistas\/"},"author":{"name":"Jorge Mi\u00f1o","@id":"https:\/\/radioinfinitagoya.com.ar\/v1\/#\/schema\/person\/d4cf9c413d4f6edb24aabdccab49ca4a"},"headline":"Milei quiere reflotar el Pacto de Mayo con los gobernadores dialoguistas","datePublished":"2025-09-13T20:49:13+00:00","mainEntityOfPage":{"@id":"https:\/\/radioinfinitagoya.com.ar\/v1\/2025\/09\/13\/milei-quiere-reflotar-el-pacto-de-mayo-con-los-gobernadores-dialoguistas\/"},"wordCount":561,"publisher":{"@id":"https:\/\/radioinfinitagoya.com.ar\/v1\/#organization"},"image":{"@id":"https:\/\/radioinfinitagoya.com.ar\/v1\/2025\/09\/13\/milei-quiere-reflotar-el-pacto-de-mayo-con-los-gobernadores-dialoguistas\/#primaryimage"},"thumbnailUrl":"https:\/\/radioinfinitagoya.com.ar\/v1\/wp-content\/uploads\/2025\/09\/bb80ztsu.jpg","articleSection":["NACIONALES"],"inLanguage":"es-AR"},{"@type":"WebPage","@id":"https:\/\/radioinfinitagoya.com.ar\/v1\/2025\/09\/13\/milei-quiere-reflotar-el-pacto-de-mayo-con-los-gobernadores-dialoguistas\/","url":"https:\/\/radioinfinitagoya.com.ar\/v1\/2025\/09\/13\/milei-quiere-reflotar-el-pacto-de-mayo-con-los-gobernadores-dialoguistas\/","name":"Milei quiere reflotar el Pacto de Mayo con los gobernadores dialoguistas - Radio Infinita Goya","isPartOf":{"@id":"https:\/\/radioinfinitagoya.com.ar\/v1\/#website"},"primaryImageOfPage":{"@id":"https:\/\/radioinfinitagoya.com.ar\/v1\/2025\/09\/13\/milei-quiere-reflotar-el-pacto-de-mayo-con-los-gobernadores-dialoguistas\/#primaryimage"},"image":{"@id":"https:\/\/radioinfinitagoya.com.ar\/v1\/2025\/09\/13\/milei-quiere-reflotar-el-pacto-de-mayo-con-los-gobernadores-dialoguistas\/#primaryimage"},"thumbnailUrl":"https:\/\/radioinfinitagoya.com.ar\/v1\/wp-content\/uploads\/2025\/09\/bb80ztsu.jpg","datePublished":"2025-09-13T20:49:13+00:00","description":"En Naci\u00f3n est\u00e1n dispuestos a impulsar cambios en el esquema de repartici\u00f3n de fondos de la mano de un acuerdo legislativo para sostener los vetos e","breadcrumb":{"@id":"https:\/\/radioinfinitagoya.com.ar\/v1\/2025\/09\/13\/milei-quiere-reflotar-el-pacto-de-mayo-con-los-gobernadores-dialoguistas\/#breadcrumb"},"inLanguage":"es-AR","potentialAction":[{"@type":"ReadAction","target":["https:\/\/radioinfinitagoya.com.ar\/v1\/2025\/09\/13\/milei-quiere-reflotar-el-pacto-de-mayo-con-los-gobernadores-dialoguistas\/"]}]},{"@type":"ImageObject","inLanguage":"es-AR","@id":"https:\/\/radioinfinitagoya.com.ar\/v1\/2025\/09\/13\/milei-quiere-reflotar-el-pacto-de-mayo-con-los-gobernadores-dialoguistas\/#primaryimage","url":"https:\/\/radioinfinitagoya.com.ar\/v1\/wp-content\/uploads\/2025\/09\/bb80ztsu.jpg","contentUrl":"https:\/\/radioinfinitagoya.com.ar\/v1\/wp-content\/uploads\/2025\/09\/bb80ztsu.jpg","width":680,"height":357},{"@type":"BreadcrumbList","@id":"https:\/\/radioinfinitagoya.com.ar\/v1\/2025\/09\/13\/milei-quiere-reflotar-el-pacto-de-mayo-con-los-gobernadores-dialoguistas\/#breadcrumb","itemListElement":[{"@type":"ListItem","position":1,"name":"Inicio","item":"https:\/\/radioinfinitagoya.com.ar\/v1\/"},{"@type":"ListItem","position":2,"name":"Milei quiere reflotar el Pacto de Mayo con los gobernadores dialoguistas"}]},{"@type":"WebSite","@id":"https:\/\/radioinfinitagoya.com.ar\/v1\/#website","url":"https:\/\/radioinfinitagoya.com.ar\/v1\/","name":"radioinfinitagoya.com.ar","description":"Radio de noticias","publisher":{"@id":"https:\/\/radioinfinitagoya.com.ar\/v1\/#organization"},"potentialAction":[{"@type":"SearchAction","target":{"@type":"EntryPoint","urlTemplate":"https:\/\/radioinfinitagoya.com.ar\/v1\/?s={search_term_string}"},"query-input":{"@type":"PropertyValueSpecification","valueRequired":true,"valueName":"search_term_string"}}],"inLanguage":"es-AR"},{"@type":"Organization","@id":"https:\/\/radioinfinitagoya.com.ar\/v1\/#organization","name":"Radio Infinita Goya","url":"https:\/\/radioinfinitagoya.com.ar\/v1\/","logo":{"@type":"ImageObject","inLanguage":"es-AR","@id":"https:\/\/radioinfinitagoya.com.ar\/v1\/#\/schema\/logo\/image\/","url":"https:\/\/radioinfinitagoya.com.ar\/v1\/wp-content\/uploads\/2019\/11\/logo-pie-web.png","contentUrl":"https:\/\/radioinfinitagoya.com.ar\/v1\/wp-content\/uploads\/2019\/11\/logo-pie-web.png","width":635,"height":326,"caption":"Radio Infinita Goya"},"image":{"@id":"https:\/\/radioinfinitagoya.com.ar\/v1\/#\/schema\/logo\/image\/"},"sameAs":["https:\/\/www.facebook.com\/p\/Infinita-Goya-100063870918311\/"]},{"@type":"Person","@id":"https:\/\/radioinfinitagoya.com.ar\/v1\/#\/schema\/person\/d4cf9c413d4f6edb24aabdccab49ca4a","name":"Jorge Mi\u00f1o","image":{"@type":"ImageObject","inLanguage":"es-AR","@id":"https:\/\/secure.gravatar.com\/avatar\/910fcf6728fe95320e07a6643c1581fec1c7fc4bf8ae12e3d8f0d0373dc844be?s=96&d=mm&r=g","url":"https:\/\/secure.gravatar.com\/avatar\/910fcf6728fe95320e07a6643c1581fec1c7fc4bf8ae12e3d8f0d0373dc844be?s=96&d=mm&r=g","contentUrl":"https:\/\/secure.gravatar.com\/avatar\/910fcf6728fe95320e07a6643c1581fec1c7fc4bf8ae12e3d8f0d0373dc844be?s=96&d=mm&r=g","caption":"Jorge Mi\u00f1o"},"sameAs":["http:\/\/radioinfinitagoya.com.ar"]}]}},"_links":{"self":[{"href":"https:\/\/radioinfinitagoya.com.ar\/v1\/wp-json\/wp\/v2\/posts\/195841","targetHints":{"allow":["GET"]}}],"collection":[{"href":"https:\/\/radioinfinitagoya.com.ar\/v1\/wp-json\/wp\/v2\/posts"}],"about":[{"href":"https:\/\/radioinfinitagoya.com.ar\/v1\/wp-json\/wp\/v2\/types\/post"}],"author":[{"embeddable":true,"href":"https:\/\/radioinfinitagoya.com.ar\/v1\/wp-json\/wp\/v2\/users\/4"}],"replies":[{"embeddable":true,"href":"https:\/\/radioinfinitagoya.com.ar\/v1\/wp-json\/wp\/v2\/comments?post=195841"}],"version-history":[{"count":0,"href":"https:\/\/radioinfinitagoya.com.ar\/v1\/wp-json\/wp\/v2\/posts\/195841\/revisions"}],"wp:featuredmedia":[{"embeddable":true,"href":"https:\/\/radioinfinitagoya.com.ar\/v1\/wp-json\/wp\/v2\/media\/195842"}],"wp:attachment":[{"href":"https:\/\/radioinfinitagoya.com.ar\/v1\/wp-json\/wp\/v2\/media?parent=195841"}],"wp:term":[{"taxonomy":"category","embeddable":true,"href":"https:\/\/radioinfinitagoya.com.ar\/v1\/wp-json\/wp\/v2\/categories?post=195841"},{"taxonomy":"post_tag","embeddable":true,"href":"https:\/\/radioinfinitagoya.com.ar\/v1\/wp-json\/wp\/v2\/tags?post=195841"}],"curies":[{"name":"wp","href":"https:\/\/api.w.org\/{rel}","templated":true}]}}