{"id":195844,"date":"2025-09-13T17:52:36","date_gmt":"2025-09-13T20:52:36","guid":{"rendered":"https:\/\/radioinfinitagoya.com.ar\/v1\/?p=195844"},"modified":"2025-09-13T17:52:36","modified_gmt":"2025-09-13T20:52:36","slug":"medicos-y-docentes-marcharon-contra-los-vetos-del-gobierno","status":"publish","type":"post","link":"https:\/\/radioinfinitagoya.com.ar\/v1\/2025\/09\/13\/medicos-y-docentes-marcharon-contra-los-vetos-del-gobierno\/","title":{"rendered":"M\u00e9dicos y docentes marcharon contra los vetos del Gobierno"},"content":{"rendered":"<p>El mi\u00e9rcoles pr\u00f3ximo habr\u00e1 una sesi\u00f3n en el Congreso para tratar el tema.<\/p>\n<p>Trabajadores del Hospital Garrahan y docentes de las universidades p\u00fablicas se movilizaron este viernes por la tarde desde el Congreso de la Naci\u00f3n hasta Plaza de Mayo en protesta contra los vetos presidenciales a las leyes de Emergencia Pedi\u00e1trica y de Financiamiento Universitario.<\/p>\n<p>La oposici\u00f3n convoc\u00f3 a una sesi\u00f3n especial en la C\u00e1mara de Diputados el mi\u00e9rcoles 17 de septiembre para debatir los recientes vetos presidenciales y la creaci\u00f3n de comisiones investigadoras sobre temas sensibles para el gobierno de Javier Milei.<\/p>\n<p>El pedido de sesi\u00f3n fue oficializado este viernes luego de que el presidente Javier Milei vetara dos leyes aprobadas por el Congreso: la de financiamiento universitario, que actualizaba por inflaci\u00f3n los fondos para las universidades nacionales y ordenaba reabrir las paritarias del sector, y la ley de emergencia pedi\u00e1trica, que buscaba fortalecer los recursos hospitalarios y recomponer ingresos del personal de salud infantil. Seg\u00fan argument\u00f3 el Poder Ejecutivo, ambas medidas implican un costo fiscal \u201cexcesivo\u201d que pondr\u00eda en peligro la estabilidad macroecon\u00f3mica.<\/p>\n<p>La sesi\u00f3n de la semana que viene se desarrollar\u00e1 en un clima de alta tensi\u00f3n por la presi\u00f3n de rectores universitarios, m\u00e9dicos pedi\u00e1tricos y sindicatos docentes. De hecho, este viernes ambos sectores se movilizaron a la Plaza de Mayo y adelantaron que volver\u00e1n a marchar el d\u00eda de la sesi\u00f3n.<\/p>\n<p>Sin embargo, el temario de la convocatoria incluye otros temas inc\u00f3modos para el Gobierno, como pedidos de informes verbales a la secretaria general de Presidencia, Karina Milei, y al ministro de Salud, Mario Lugones, en torno a la difusi\u00f3n de audios que los vinculan con supuestos pagos ilegales y contrataciones sin licitaci\u00f3n en el \u00e1rea de discapacidad. Tambi\u00e9n se busca interpelar al jefe de Gabinete, Guillermo Francos, y autoridades del \u00e1rea sobre presuntas irregularidades en la Administraci\u00f3n Nacional de Discapacidad (ANDIS) y sobre denuncias de cobros indebidos en procesos vinculados a prestaciones sociales.<\/p>\n<p>Adem\u00e1s, la convocatoria incorpora el debate de varios proyectos para la creaci\u00f3n de comisiones especiales investigadoras orientadas a esclarecer hechos relacionados con la comercializaci\u00f3n de fentanilo contaminado en el sistema de salud, as\u00ed como la determinaci\u00f3n de posibles responsabilidades de la Administraci\u00f3n Nacional de Medicamentos, Alimentos y Tecnolog\u00eda M\u00e9dica (ANMAT) en la fiscalizaci\u00f3n de estos casos.<\/p>\n<p>Por otro lado, se incluy\u00f3 en el temario la modificaci\u00f3n del r\u00e9gimen de Decretos de Necesidad y Urgencia \u2013con propuestas para limitar las atribuciones del Ejecutivo y fortalecer al Congreso.<\/p>\n<p>&nbsp;<\/p>\n<p>&nbsp;<\/p>\n","protected":false},"excerpt":{"rendered":"<p>El mi\u00e9rcoles pr\u00f3ximo habr\u00e1 una sesi\u00f3n en el Congreso para tratar el tema. Trabajadores del Hospital Garrahan y docentes de las universidades p\u00fablicas se movilizaron este viernes por la tarde desde el Congreso de la Naci\u00f3n hasta Plaza de Mayo en protesta contra los vetos presidenciales a las leyes de Emergencia Pedi\u00e1trica y de Financiamiento [&hellip;]<\/p>\n","protected":false},"author":4,"featured_media":195845,"comment_status":"closed","ping_status":"closed","sticky":false,"template":"","format":"standard","meta":{"_joinchat":[],"footnotes":""},"categories":[29],"tags":[],"class_list":{"0":"post-195844","1":"post","2":"type-post","3":"status-publish","4":"format-standard","5":"has-post-thumbnail","7":"category-nacionales"},"yoast_head":"<!-- This site is optimized with the Yoast SEO plugin v27.2 - https:\/\/yoast.com\/product\/yoast-seo-wordpress\/ -->\n<title>M\u00e9dicos y docentes marcharon contra los vetos del Gobierno - Radio Infinita Goya<\/title>\n<meta name=\"description\" content=\"El mi\u00e9rcoles pr\u00f3ximo habr\u00e1 una sesi\u00f3n en el Congreso para tratar el tema. Trabajadores del Hospital Garrahan y docentes de las universidades p\u00fablicas se\" \/>\n<meta name=\"robots\" content=\"index, follow, max-snippet:-1, max-image-preview:large, max-video-preview:-1\" \/>\n<link rel=\"canonical\" href=\"https:\/\/radioinfinitagoya.com.ar\/v1\/2025\/09\/13\/medicos-y-docentes-marcharon-contra-los-vetos-del-gobierno\/\" \/>\n<meta property=\"og:locale\" content=\"es_ES\" \/>\n<meta property=\"og:type\" content=\"article\" \/>\n<meta property=\"og:title\" content=\"M\u00e9dicos y docentes marcharon contra los vetos del Gobierno - Radio Infinita Goya\" \/>\n<meta property=\"og:description\" content=\"El mi\u00e9rcoles pr\u00f3ximo habr\u00e1 una sesi\u00f3n en el Congreso para tratar el tema. Trabajadores del Hospital Garrahan y docentes de las universidades p\u00fablicas se\" \/>\n<meta property=\"og:url\" content=\"https:\/\/radioinfinitagoya.com.ar\/v1\/2025\/09\/13\/medicos-y-docentes-marcharon-contra-los-vetos-del-gobierno\/\" \/>\n<meta property=\"og:site_name\" content=\"Radio Infinita Goya\" \/>\n<meta property=\"article:publisher\" content=\"https:\/\/www.facebook.com\/p\/Infinita-Goya-100063870918311\/\" \/>\n<meta property=\"article:published_time\" content=\"2025-09-13T20:52:36+00:00\" \/>\n<meta property=\"og:image\" content=\"https:\/\/radioinfinitagoya.com.ar\/v1\/wp-content\/uploads\/2025\/09\/G0rzSUEWUAERFtq.jpg\" \/>\n\t<meta property=\"og:image:width\" content=\"2048\" \/>\n\t<meta property=\"og:image:height\" content=\"1366\" \/>\n\t<meta property=\"og:image:type\" content=\"image\/jpeg\" \/>\n<meta name=\"author\" content=\"Jorge Mi\u00f1o\" \/>\n<meta name=\"twitter:card\" content=\"summary_large_image\" \/>\n<meta name=\"twitter:label1\" content=\"Escrito por\" \/>\n\t<meta name=\"twitter:data1\" content=\"Jorge Mi\u00f1o\" \/>\n\t<meta name=\"twitter:label2\" content=\"Tiempo de lectura\" \/>\n\t<meta name=\"twitter:data2\" content=\"3 minutos\" \/>\n<script type=\"application\/ld+json\" class=\"yoast-schema-graph\">{\"@context\":\"https:\/\/schema.org\",\"@graph\":[{\"@type\":\"Article\",\"@id\":\"https:\/\/radioinfinitagoya.com.ar\/v1\/2025\/09\/13\/medicos-y-docentes-marcharon-contra-los-vetos-del-gobierno\/#article\",\"isPartOf\":{\"@id\":\"https:\/\/radioinfinitagoya.com.ar\/v1\/2025\/09\/13\/medicos-y-docentes-marcharon-contra-los-vetos-del-gobierno\/\"},\"author\":{\"name\":\"Jorge Mi\u00f1o\",\"@id\":\"https:\/\/radioinfinitagoya.com.ar\/v1\/#\/schema\/person\/d4cf9c413d4f6edb24aabdccab49ca4a\"},\"headline\":\"M\u00e9dicos y docentes marcharon contra los vetos del Gobierno\",\"datePublished\":\"2025-09-13T20:52:36+00:00\",\"mainEntityOfPage\":{\"@id\":\"https:\/\/radioinfinitagoya.com.ar\/v1\/2025\/09\/13\/medicos-y-docentes-marcharon-contra-los-vetos-del-gobierno\/\"},\"wordCount\":456,\"publisher\":{\"@id\":\"https:\/\/radioinfinitagoya.com.ar\/v1\/#organization\"},\"image\":{\"@id\":\"https:\/\/radioinfinitagoya.com.ar\/v1\/2025\/09\/13\/medicos-y-docentes-marcharon-contra-los-vetos-del-gobierno\/#primaryimage\"},\"thumbnailUrl\":\"https:\/\/radioinfinitagoya.com.ar\/v1\/wp-content\/uploads\/2025\/09\/G0rzSUEWUAERFtq.jpg\",\"articleSection\":[\"NACIONALES\"],\"inLanguage\":\"es-AR\"},{\"@type\":\"WebPage\",\"@id\":\"https:\/\/radioinfinitagoya.com.ar\/v1\/2025\/09\/13\/medicos-y-docentes-marcharon-contra-los-vetos-del-gobierno\/\",\"url\":\"https:\/\/radioinfinitagoya.com.ar\/v1\/2025\/09\/13\/medicos-y-docentes-marcharon-contra-los-vetos-del-gobierno\/\",\"name\":\"M\u00e9dicos y docentes marcharon contra los vetos del Gobierno - Radio Infinita Goya\",\"isPartOf\":{\"@id\":\"https:\/\/radioinfinitagoya.com.ar\/v1\/#website\"},\"primaryImageOfPage\":{\"@id\":\"https:\/\/radioinfinitagoya.com.ar\/v1\/2025\/09\/13\/medicos-y-docentes-marcharon-contra-los-vetos-del-gobierno\/#primaryimage\"},\"image\":{\"@id\":\"https:\/\/radioinfinitagoya.com.ar\/v1\/2025\/09\/13\/medicos-y-docentes-marcharon-contra-los-vetos-del-gobierno\/#primaryimage\"},\"thumbnailUrl\":\"https:\/\/radioinfinitagoya.com.ar\/v1\/wp-content\/uploads\/2025\/09\/G0rzSUEWUAERFtq.jpg\",\"datePublished\":\"2025-09-13T20:52:36+00:00\",\"description\":\"El mi\u00e9rcoles pr\u00f3ximo habr\u00e1 una sesi\u00f3n en el Congreso para tratar el tema. Trabajadores del Hospital Garrahan y docentes de las universidades p\u00fablicas se\",\"breadcrumb\":{\"@id\":\"https:\/\/radioinfinitagoya.com.ar\/v1\/2025\/09\/13\/medicos-y-docentes-marcharon-contra-los-vetos-del-gobierno\/#breadcrumb\"},\"inLanguage\":\"es-AR\",\"potentialAction\":[{\"@type\":\"ReadAction\",\"target\":[\"https:\/\/radioinfinitagoya.com.ar\/v1\/2025\/09\/13\/medicos-y-docentes-marcharon-contra-los-vetos-del-gobierno\/\"]}]},{\"@type\":\"ImageObject\",\"inLanguage\":\"es-AR\",\"@id\":\"https:\/\/radioinfinitagoya.com.ar\/v1\/2025\/09\/13\/medicos-y-docentes-marcharon-contra-los-vetos-del-gobierno\/#primaryimage\",\"url\":\"https:\/\/radioinfinitagoya.com.ar\/v1\/wp-content\/uploads\/2025\/09\/G0rzSUEWUAERFtq.jpg\",\"contentUrl\":\"https:\/\/radioinfinitagoya.com.ar\/v1\/wp-content\/uploads\/2025\/09\/G0rzSUEWUAERFtq.jpg\",\"width\":2048,\"height\":1366},{\"@type\":\"BreadcrumbList\",\"@id\":\"https:\/\/radioinfinitagoya.com.ar\/v1\/2025\/09\/13\/medicos-y-docentes-marcharon-contra-los-vetos-del-gobierno\/#breadcrumb\",\"itemListElement\":[{\"@type\":\"ListItem\",\"position\":1,\"name\":\"Inicio\",\"item\":\"https:\/\/radioinfinitagoya.com.ar\/v1\/\"},{\"@type\":\"ListItem\",\"position\":2,\"name\":\"M\u00e9dicos y docentes marcharon contra los vetos del Gobierno\"}]},{\"@type\":\"WebSite\",\"@id\":\"https:\/\/radioinfinitagoya.com.ar\/v1\/#website\",\"url\":\"https:\/\/radioinfinitagoya.com.ar\/v1\/\",\"name\":\"radioinfinitagoya.com.ar\",\"description\":\"Radio de noticias\",\"publisher\":{\"@id\":\"https:\/\/radioinfinitagoya.com.ar\/v1\/#organization\"},\"potentialAction\":[{\"@type\":\"SearchAction\",\"target\":{\"@type\":\"EntryPoint\",\"urlTemplate\":\"https:\/\/radioinfinitagoya.com.ar\/v1\/?s={search_term_string}\"},\"query-input\":{\"@type\":\"PropertyValueSpecification\",\"valueRequired\":true,\"valueName\":\"search_term_string\"}}],\"inLanguage\":\"es-AR\"},{\"@type\":\"Organization\",\"@id\":\"https:\/\/radioinfinitagoya.com.ar\/v1\/#organization\",\"name\":\"Radio Infinita Goya\",\"url\":\"https:\/\/radioinfinitagoya.com.ar\/v1\/\",\"logo\":{\"@type\":\"ImageObject\",\"inLanguage\":\"es-AR\",\"@id\":\"https:\/\/radioinfinitagoya.com.ar\/v1\/#\/schema\/logo\/image\/\",\"url\":\"https:\/\/radioinfinitagoya.com.ar\/v1\/wp-content\/uploads\/2019\/11\/logo-pie-web.png\",\"contentUrl\":\"https:\/\/radioinfinitagoya.com.ar\/v1\/wp-content\/uploads\/2019\/11\/logo-pie-web.png\",\"width\":635,\"height\":326,\"caption\":\"Radio Infinita Goya\"},\"image\":{\"@id\":\"https:\/\/radioinfinitagoya.com.ar\/v1\/#\/schema\/logo\/image\/\"},\"sameAs\":[\"https:\/\/www.facebook.com\/p\/Infinita-Goya-100063870918311\/\"]},{\"@type\":\"Person\",\"@id\":\"https:\/\/radioinfinitagoya.com.ar\/v1\/#\/schema\/person\/d4cf9c413d4f6edb24aabdccab49ca4a\",\"name\":\"Jorge Mi\u00f1o\",\"image\":{\"@type\":\"ImageObject\",\"inLanguage\":\"es-AR\",\"@id\":\"https:\/\/secure.gravatar.com\/avatar\/910fcf6728fe95320e07a6643c1581fec1c7fc4bf8ae12e3d8f0d0373dc844be?s=96&d=mm&r=g\",\"url\":\"https:\/\/secure.gravatar.com\/avatar\/910fcf6728fe95320e07a6643c1581fec1c7fc4bf8ae12e3d8f0d0373dc844be?s=96&d=mm&r=g\",\"contentUrl\":\"https:\/\/secure.gravatar.com\/avatar\/910fcf6728fe95320e07a6643c1581fec1c7fc4bf8ae12e3d8f0d0373dc844be?s=96&d=mm&r=g\",\"caption\":\"Jorge Mi\u00f1o\"},\"sameAs\":[\"http:\/\/radioinfinitagoya.com.ar\"]}]}<\/script>\n<!-- \/ Yoast SEO plugin. -->","yoast_head_json":{"title":"M\u00e9dicos y docentes marcharon contra los vetos del Gobierno - Radio Infinita Goya","description":"El mi\u00e9rcoles pr\u00f3ximo habr\u00e1 una sesi\u00f3n en el Congreso para tratar el tema. Trabajadores del Hospital Garrahan y docentes de las universidades p\u00fablicas se","robots":{"index":"index","follow":"follow","max-snippet":"max-snippet:-1","max-image-preview":"max-image-preview:large","max-video-preview":"max-video-preview:-1"},"canonical":"https:\/\/radioinfinitagoya.com.ar\/v1\/2025\/09\/13\/medicos-y-docentes-marcharon-contra-los-vetos-del-gobierno\/","og_locale":"es_ES","og_type":"article","og_title":"M\u00e9dicos y docentes marcharon contra los vetos del Gobierno - Radio Infinita Goya","og_description":"El mi\u00e9rcoles pr\u00f3ximo habr\u00e1 una sesi\u00f3n en el Congreso para tratar el tema. Trabajadores del Hospital Garrahan y docentes de las universidades p\u00fablicas se","og_url":"https:\/\/radioinfinitagoya.com.ar\/v1\/2025\/09\/13\/medicos-y-docentes-marcharon-contra-los-vetos-del-gobierno\/","og_site_name":"Radio Infinita Goya","article_publisher":"https:\/\/www.facebook.com\/p\/Infinita-Goya-100063870918311\/","article_published_time":"2025-09-13T20:52:36+00:00","og_image":[{"width":2048,"height":1366,"url":"https:\/\/radioinfinitagoya.com.ar\/v1\/wp-content\/uploads\/2025\/09\/G0rzSUEWUAERFtq.jpg","type":"image\/jpeg"}],"author":"Jorge Mi\u00f1o","twitter_card":"summary_large_image","twitter_misc":{"Escrito por":"Jorge Mi\u00f1o","Tiempo de lectura":"3 minutos"},"schema":{"@context":"https:\/\/schema.org","@graph":[{"@type":"Article","@id":"https:\/\/radioinfinitagoya.com.ar\/v1\/2025\/09\/13\/medicos-y-docentes-marcharon-contra-los-vetos-del-gobierno\/#article","isPartOf":{"@id":"https:\/\/radioinfinitagoya.com.ar\/v1\/2025\/09\/13\/medicos-y-docentes-marcharon-contra-los-vetos-del-gobierno\/"},"author":{"name":"Jorge Mi\u00f1o","@id":"https:\/\/radioinfinitagoya.com.ar\/v1\/#\/schema\/person\/d4cf9c413d4f6edb24aabdccab49ca4a"},"headline":"M\u00e9dicos y docentes marcharon contra los vetos del Gobierno","datePublished":"2025-09-13T20:52:36+00:00","mainEntityOfPage":{"@id":"https:\/\/radioinfinitagoya.com.ar\/v1\/2025\/09\/13\/medicos-y-docentes-marcharon-contra-los-vetos-del-gobierno\/"},"wordCount":456,"publisher":{"@id":"https:\/\/radioinfinitagoya.com.ar\/v1\/#organization"},"image":{"@id":"https:\/\/radioinfinitagoya.com.ar\/v1\/2025\/09\/13\/medicos-y-docentes-marcharon-contra-los-vetos-del-gobierno\/#primaryimage"},"thumbnailUrl":"https:\/\/radioinfinitagoya.com.ar\/v1\/wp-content\/uploads\/2025\/09\/G0rzSUEWUAERFtq.jpg","articleSection":["NACIONALES"],"inLanguage":"es-AR"},{"@type":"WebPage","@id":"https:\/\/radioinfinitagoya.com.ar\/v1\/2025\/09\/13\/medicos-y-docentes-marcharon-contra-los-vetos-del-gobierno\/","url":"https:\/\/radioinfinitagoya.com.ar\/v1\/2025\/09\/13\/medicos-y-docentes-marcharon-contra-los-vetos-del-gobierno\/","name":"M\u00e9dicos y docentes marcharon contra los vetos del Gobierno - Radio Infinita Goya","isPartOf":{"@id":"https:\/\/radioinfinitagoya.com.ar\/v1\/#website"},"primaryImageOfPage":{"@id":"https:\/\/radioinfinitagoya.com.ar\/v1\/2025\/09\/13\/medicos-y-docentes-marcharon-contra-los-vetos-del-gobierno\/#primaryimage"},"image":{"@id":"https:\/\/radioinfinitagoya.com.ar\/v1\/2025\/09\/13\/medicos-y-docentes-marcharon-contra-los-vetos-del-gobierno\/#primaryimage"},"thumbnailUrl":"https:\/\/radioinfinitagoya.com.ar\/v1\/wp-content\/uploads\/2025\/09\/G0rzSUEWUAERFtq.jpg","datePublished":"2025-09-13T20:52:36+00:00","description":"El mi\u00e9rcoles pr\u00f3ximo habr\u00e1 una sesi\u00f3n en el Congreso para tratar el tema. Trabajadores del Hospital Garrahan y docentes de las universidades p\u00fablicas se","breadcrumb":{"@id":"https:\/\/radioinfinitagoya.com.ar\/v1\/2025\/09\/13\/medicos-y-docentes-marcharon-contra-los-vetos-del-gobierno\/#breadcrumb"},"inLanguage":"es-AR","potentialAction":[{"@type":"ReadAction","target":["https:\/\/radioinfinitagoya.com.ar\/v1\/2025\/09\/13\/medicos-y-docentes-marcharon-contra-los-vetos-del-gobierno\/"]}]},{"@type":"ImageObject","inLanguage":"es-AR","@id":"https:\/\/radioinfinitagoya.com.ar\/v1\/2025\/09\/13\/medicos-y-docentes-marcharon-contra-los-vetos-del-gobierno\/#primaryimage","url":"https:\/\/radioinfinitagoya.com.ar\/v1\/wp-content\/uploads\/2025\/09\/G0rzSUEWUAERFtq.jpg","contentUrl":"https:\/\/radioinfinitagoya.com.ar\/v1\/wp-content\/uploads\/2025\/09\/G0rzSUEWUAERFtq.jpg","width":2048,"height":1366},{"@type":"BreadcrumbList","@id":"https:\/\/radioinfinitagoya.com.ar\/v1\/2025\/09\/13\/medicos-y-docentes-marcharon-contra-los-vetos-del-gobierno\/#breadcrumb","itemListElement":[{"@type":"ListItem","position":1,"name":"Inicio","item":"https:\/\/radioinfinitagoya.com.ar\/v1\/"},{"@type":"ListItem","position":2,"name":"M\u00e9dicos y docentes marcharon contra los vetos del Gobierno"}]},{"@type":"WebSite","@id":"https:\/\/radioinfinitagoya.com.ar\/v1\/#website","url":"https:\/\/radioinfinitagoya.com.ar\/v1\/","name":"radioinfinitagoya.com.ar","description":"Radio de noticias","publisher":{"@id":"https:\/\/radioinfinitagoya.com.ar\/v1\/#organization"},"potentialAction":[{"@type":"SearchAction","target":{"@type":"EntryPoint","urlTemplate":"https:\/\/radioinfinitagoya.com.ar\/v1\/?s={search_term_string}"},"query-input":{"@type":"PropertyValueSpecification","valueRequired":true,"valueName":"search_term_string"}}],"inLanguage":"es-AR"},{"@type":"Organization","@id":"https:\/\/radioinfinitagoya.com.ar\/v1\/#organization","name":"Radio Infinita Goya","url":"https:\/\/radioinfinitagoya.com.ar\/v1\/","logo":{"@type":"ImageObject","inLanguage":"es-AR","@id":"https:\/\/radioinfinitagoya.com.ar\/v1\/#\/schema\/logo\/image\/","url":"https:\/\/radioinfinitagoya.com.ar\/v1\/wp-content\/uploads\/2019\/11\/logo-pie-web.png","contentUrl":"https:\/\/radioinfinitagoya.com.ar\/v1\/wp-content\/uploads\/2019\/11\/logo-pie-web.png","width":635,"height":326,"caption":"Radio Infinita Goya"},"image":{"@id":"https:\/\/radioinfinitagoya.com.ar\/v1\/#\/schema\/logo\/image\/"},"sameAs":["https:\/\/www.facebook.com\/p\/Infinita-Goya-100063870918311\/"]},{"@type":"Person","@id":"https:\/\/radioinfinitagoya.com.ar\/v1\/#\/schema\/person\/d4cf9c413d4f6edb24aabdccab49ca4a","name":"Jorge Mi\u00f1o","image":{"@type":"ImageObject","inLanguage":"es-AR","@id":"https:\/\/secure.gravatar.com\/avatar\/910fcf6728fe95320e07a6643c1581fec1c7fc4bf8ae12e3d8f0d0373dc844be?s=96&d=mm&r=g","url":"https:\/\/secure.gravatar.com\/avatar\/910fcf6728fe95320e07a6643c1581fec1c7fc4bf8ae12e3d8f0d0373dc844be?s=96&d=mm&r=g","contentUrl":"https:\/\/secure.gravatar.com\/avatar\/910fcf6728fe95320e07a6643c1581fec1c7fc4bf8ae12e3d8f0d0373dc844be?s=96&d=mm&r=g","caption":"Jorge Mi\u00f1o"},"sameAs":["http:\/\/radioinfinitagoya.com.ar"]}]}},"_links":{"self":[{"href":"https:\/\/radioinfinitagoya.com.ar\/v1\/wp-json\/wp\/v2\/posts\/195844","targetHints":{"allow":["GET"]}}],"collection":[{"href":"https:\/\/radioinfinitagoya.com.ar\/v1\/wp-json\/wp\/v2\/posts"}],"about":[{"href":"https:\/\/radioinfinitagoya.com.ar\/v1\/wp-json\/wp\/v2\/types\/post"}],"author":[{"embeddable":true,"href":"https:\/\/radioinfinitagoya.com.ar\/v1\/wp-json\/wp\/v2\/users\/4"}],"replies":[{"embeddable":true,"href":"https:\/\/radioinfinitagoya.com.ar\/v1\/wp-json\/wp\/v2\/comments?post=195844"}],"version-history":[{"count":0,"href":"https:\/\/radioinfinitagoya.com.ar\/v1\/wp-json\/wp\/v2\/posts\/195844\/revisions"}],"wp:featuredmedia":[{"embeddable":true,"href":"https:\/\/radioinfinitagoya.com.ar\/v1\/wp-json\/wp\/v2\/media\/195845"}],"wp:attachment":[{"href":"https:\/\/radioinfinitagoya.com.ar\/v1\/wp-json\/wp\/v2\/media?parent=195844"}],"wp:term":[{"taxonomy":"category","embeddable":true,"href":"https:\/\/radioinfinitagoya.com.ar\/v1\/wp-json\/wp\/v2\/categories?post=195844"},{"taxonomy":"post_tag","embeddable":true,"href":"https:\/\/radioinfinitagoya.com.ar\/v1\/wp-json\/wp\/v2\/tags?post=195844"}],"curies":[{"name":"wp","href":"https:\/\/api.w.org\/{rel}","templated":true}]}}