{"id":195847,"date":"2025-09-13T17:55:46","date_gmt":"2025-09-13T20:55:46","guid":{"rendered":"https:\/\/radioinfinitagoya.com.ar\/v1\/?p=195847"},"modified":"2025-09-13T17:55:46","modified_gmt":"2025-09-13T20:55:46","slug":"pidieron-buscar-con-un-georradar-mas-restos-oseos-donde-fue-hallado-enterrado-un-chico","status":"publish","type":"post","link":"https:\/\/radioinfinitagoya.com.ar\/v1\/2025\/09\/13\/pidieron-buscar-con-un-georradar-mas-restos-oseos-donde-fue-hallado-enterrado-un-chico\/","title":{"rendered":"Pidieron buscar con un georradar m\u00e1s restos \u00f3seos donde fue hallado enterrado un chico"},"content":{"rendered":"<p>La vivienda fue alquilada por una celebridad de la m\u00fasica hace algunos a\u00f1os.<\/p>\n<p>La familia de Diego Fern\u00e1ndez Lima, el joven de 16 a\u00f1os que desapareci\u00f3 en 1984 y fue encontrado enterrado en mayo pasado en una casa del barrio porte\u00f1o de Coghlan, solicit\u00f3 realizar una b\u00fasqueda de posibles restos \u00f3seos adicionales en el jard\u00edn donde se hall\u00f3 el cuerpo, mediante el uso de un georradar.<br \/>\nSeg\u00fan confirmaron fuentes judiciales, los abogados querellantes, Hugo Wortman Jofre y Tomas Brady -quienes representan a Javier Fern\u00e1ndez, hermano de la v\u00edctima- pidieron que se inspeccione el terreno de la propiedad ubicada en avenida Congreso 3742.<\/p>\n<p>Los letrados requirieron que esta nueva b\u00fasqueda cuente con la intervenci\u00f3n de fuerzas de seguridad, como Gendarmer\u00eda Nacional, para utilizar la tecnolog\u00eda de georradar y detectar posibles restos a\u00fan enterrados en el lugar.<\/p>\n<p>Adem\u00e1s, la querella plante\u00f3 ante el Ministerio P\u00fablico Fiscal otras medidas orientadas a reconstruir c\u00f3mo termin\u00f3 Fern\u00e1ndez Lima sepultado en ese domicilio y si existe informaci\u00f3n relevante que pueda obtenerse tras 41 a\u00f1os de b\u00fasqueda.<\/p>\n<p>El pedido contempla entrevistas a vecinos, un informe socioambiental de la familia Graf, la solicitud de planos y catastrales de la manzana, y la consulta sobre registros de actividades comerciales y posibles movimientos en la propiedad.<\/p>\n<p>Tambi\u00e9n, que se identifique a la persona que realiz\u00f3 el llamado al 911 alertando sobre el hallazgo, con el objetivo de que declare como testigo.<\/p>\n<p>&nbsp;<\/p>\n<p>&nbsp;<\/p>\n","protected":false},"excerpt":{"rendered":"<p>La vivienda fue alquilada por una celebridad de la m\u00fasica hace algunos a\u00f1os. La familia de Diego Fern\u00e1ndez Lima, el joven de 16 a\u00f1os que desapareci\u00f3 en 1984 y fue encontrado enterrado en mayo pasado en una casa del barrio porte\u00f1o de Coghlan, solicit\u00f3 realizar una b\u00fasqueda de posibles restos \u00f3seos adicionales en el jard\u00edn [&hellip;]<\/p>\n","protected":false},"author":4,"featured_media":195848,"comment_status":"closed","ping_status":"closed","sticky":false,"template":"","format":"standard","meta":{"_joinchat":[],"footnotes":""},"categories":[29],"tags":[],"class_list":{"0":"post-195847","1":"post","2":"type-post","3":"status-publish","4":"format-standard","5":"has-post-thumbnail","7":"category-nacionales"},"yoast_head":"<!-- This site is optimized with the Yoast SEO plugin v27.2 - https:\/\/yoast.com\/product\/yoast-seo-wordpress\/ -->\n<title>Pidieron buscar con un georradar m\u00e1s restos \u00f3seos donde fue hallado enterrado un chico - Radio Infinita Goya<\/title>\n<meta name=\"description\" content=\"La vivienda fue alquilada por una celebridad de la m\u00fasica hace algunos a\u00f1os. La familia de Diego Fern\u00e1ndez Lima, el joven de 16 a\u00f1os que desapareci\u00f3 en\" \/>\n<meta name=\"robots\" content=\"index, follow, max-snippet:-1, max-image-preview:large, max-video-preview:-1\" \/>\n<link rel=\"canonical\" href=\"https:\/\/radioinfinitagoya.com.ar\/v1\/2025\/09\/13\/pidieron-buscar-con-un-georradar-mas-restos-oseos-donde-fue-hallado-enterrado-un-chico\/\" \/>\n<meta property=\"og:locale\" content=\"es_ES\" \/>\n<meta property=\"og:type\" content=\"article\" \/>\n<meta property=\"og:title\" content=\"Pidieron buscar con un georradar m\u00e1s restos \u00f3seos donde fue hallado enterrado un chico - Radio Infinita Goya\" \/>\n<meta property=\"og:description\" content=\"La vivienda fue alquilada por una celebridad de la m\u00fasica hace algunos a\u00f1os. La familia de Diego Fern\u00e1ndez Lima, el joven de 16 a\u00f1os que desapareci\u00f3 en\" \/>\n<meta property=\"og:url\" content=\"https:\/\/radioinfinitagoya.com.ar\/v1\/2025\/09\/13\/pidieron-buscar-con-un-georradar-mas-restos-oseos-donde-fue-hallado-enterrado-un-chico\/\" \/>\n<meta property=\"og:site_name\" content=\"Radio Infinita Goya\" \/>\n<meta property=\"article:publisher\" content=\"https:\/\/www.facebook.com\/p\/Infinita-Goya-100063870918311\/\" \/>\n<meta property=\"article:published_time\" content=\"2025-09-13T20:55:46+00:00\" \/>\n<meta property=\"og:image\" content=\"https:\/\/radioinfinitagoya.com.ar\/v1\/wp-content\/uploads\/2025\/09\/WGUDAK9M.jpg\" \/>\n\t<meta property=\"og:image:width\" content=\"680\" \/>\n\t<meta property=\"og:image:height\" content=\"383\" \/>\n\t<meta property=\"og:image:type\" content=\"image\/jpeg\" \/>\n<meta name=\"author\" content=\"Jorge Mi\u00f1o\" \/>\n<meta name=\"twitter:card\" content=\"summary_large_image\" \/>\n<meta name=\"twitter:label1\" content=\"Escrito por\" \/>\n\t<meta name=\"twitter:data1\" content=\"Jorge Mi\u00f1o\" \/>\n\t<meta name=\"twitter:label2\" content=\"Tiempo de lectura\" \/>\n\t<meta name=\"twitter:data2\" content=\"2 minutos\" \/>\n<script type=\"application\/ld+json\" class=\"yoast-schema-graph\">{\"@context\":\"https:\/\/schema.org\",\"@graph\":[{\"@type\":\"Article\",\"@id\":\"https:\/\/radioinfinitagoya.com.ar\/v1\/2025\/09\/13\/pidieron-buscar-con-un-georradar-mas-restos-oseos-donde-fue-hallado-enterrado-un-chico\/#article\",\"isPartOf\":{\"@id\":\"https:\/\/radioinfinitagoya.com.ar\/v1\/2025\/09\/13\/pidieron-buscar-con-un-georradar-mas-restos-oseos-donde-fue-hallado-enterrado-un-chico\/\"},\"author\":{\"name\":\"Jorge Mi\u00f1o\",\"@id\":\"https:\/\/radioinfinitagoya.com.ar\/v1\/#\/schema\/person\/d4cf9c413d4f6edb24aabdccab49ca4a\"},\"headline\":\"Pidieron buscar con un georradar m\u00e1s restos \u00f3seos donde fue hallado enterrado un chico\",\"datePublished\":\"2025-09-13T20:55:46+00:00\",\"mainEntityOfPage\":{\"@id\":\"https:\/\/radioinfinitagoya.com.ar\/v1\/2025\/09\/13\/pidieron-buscar-con-un-georradar-mas-restos-oseos-donde-fue-hallado-enterrado-un-chico\/\"},\"wordCount\":266,\"publisher\":{\"@id\":\"https:\/\/radioinfinitagoya.com.ar\/v1\/#organization\"},\"image\":{\"@id\":\"https:\/\/radioinfinitagoya.com.ar\/v1\/2025\/09\/13\/pidieron-buscar-con-un-georradar-mas-restos-oseos-donde-fue-hallado-enterrado-un-chico\/#primaryimage\"},\"thumbnailUrl\":\"https:\/\/radioinfinitagoya.com.ar\/v1\/wp-content\/uploads\/2025\/09\/WGUDAK9M.jpg\",\"articleSection\":[\"NACIONALES\"],\"inLanguage\":\"es-AR\"},{\"@type\":\"WebPage\",\"@id\":\"https:\/\/radioinfinitagoya.com.ar\/v1\/2025\/09\/13\/pidieron-buscar-con-un-georradar-mas-restos-oseos-donde-fue-hallado-enterrado-un-chico\/\",\"url\":\"https:\/\/radioinfinitagoya.com.ar\/v1\/2025\/09\/13\/pidieron-buscar-con-un-georradar-mas-restos-oseos-donde-fue-hallado-enterrado-un-chico\/\",\"name\":\"Pidieron buscar con un georradar m\u00e1s restos \u00f3seos donde fue hallado enterrado un chico - Radio Infinita Goya\",\"isPartOf\":{\"@id\":\"https:\/\/radioinfinitagoya.com.ar\/v1\/#website\"},\"primaryImageOfPage\":{\"@id\":\"https:\/\/radioinfinitagoya.com.ar\/v1\/2025\/09\/13\/pidieron-buscar-con-un-georradar-mas-restos-oseos-donde-fue-hallado-enterrado-un-chico\/#primaryimage\"},\"image\":{\"@id\":\"https:\/\/radioinfinitagoya.com.ar\/v1\/2025\/09\/13\/pidieron-buscar-con-un-georradar-mas-restos-oseos-donde-fue-hallado-enterrado-un-chico\/#primaryimage\"},\"thumbnailUrl\":\"https:\/\/radioinfinitagoya.com.ar\/v1\/wp-content\/uploads\/2025\/09\/WGUDAK9M.jpg\",\"datePublished\":\"2025-09-13T20:55:46+00:00\",\"description\":\"La vivienda fue alquilada por una celebridad de la m\u00fasica hace algunos a\u00f1os. La familia de Diego Fern\u00e1ndez Lima, el joven de 16 a\u00f1os que desapareci\u00f3 en\",\"breadcrumb\":{\"@id\":\"https:\/\/radioinfinitagoya.com.ar\/v1\/2025\/09\/13\/pidieron-buscar-con-un-georradar-mas-restos-oseos-donde-fue-hallado-enterrado-un-chico\/#breadcrumb\"},\"inLanguage\":\"es-AR\",\"potentialAction\":[{\"@type\":\"ReadAction\",\"target\":[\"https:\/\/radioinfinitagoya.com.ar\/v1\/2025\/09\/13\/pidieron-buscar-con-un-georradar-mas-restos-oseos-donde-fue-hallado-enterrado-un-chico\/\"]}]},{\"@type\":\"ImageObject\",\"inLanguage\":\"es-AR\",\"@id\":\"https:\/\/radioinfinitagoya.com.ar\/v1\/2025\/09\/13\/pidieron-buscar-con-un-georradar-mas-restos-oseos-donde-fue-hallado-enterrado-un-chico\/#primaryimage\",\"url\":\"https:\/\/radioinfinitagoya.com.ar\/v1\/wp-content\/uploads\/2025\/09\/WGUDAK9M.jpg\",\"contentUrl\":\"https:\/\/radioinfinitagoya.com.ar\/v1\/wp-content\/uploads\/2025\/09\/WGUDAK9M.jpg\",\"width\":680,\"height\":383},{\"@type\":\"BreadcrumbList\",\"@id\":\"https:\/\/radioinfinitagoya.com.ar\/v1\/2025\/09\/13\/pidieron-buscar-con-un-georradar-mas-restos-oseos-donde-fue-hallado-enterrado-un-chico\/#breadcrumb\",\"itemListElement\":[{\"@type\":\"ListItem\",\"position\":1,\"name\":\"Inicio\",\"item\":\"https:\/\/radioinfinitagoya.com.ar\/v1\/\"},{\"@type\":\"ListItem\",\"position\":2,\"name\":\"Pidieron buscar con un georradar m\u00e1s restos \u00f3seos donde fue hallado enterrado un chico\"}]},{\"@type\":\"WebSite\",\"@id\":\"https:\/\/radioinfinitagoya.com.ar\/v1\/#website\",\"url\":\"https:\/\/radioinfinitagoya.com.ar\/v1\/\",\"name\":\"radioinfinitagoya.com.ar\",\"description\":\"Radio de noticias\",\"publisher\":{\"@id\":\"https:\/\/radioinfinitagoya.com.ar\/v1\/#organization\"},\"potentialAction\":[{\"@type\":\"SearchAction\",\"target\":{\"@type\":\"EntryPoint\",\"urlTemplate\":\"https:\/\/radioinfinitagoya.com.ar\/v1\/?s={search_term_string}\"},\"query-input\":{\"@type\":\"PropertyValueSpecification\",\"valueRequired\":true,\"valueName\":\"search_term_string\"}}],\"inLanguage\":\"es-AR\"},{\"@type\":\"Organization\",\"@id\":\"https:\/\/radioinfinitagoya.com.ar\/v1\/#organization\",\"name\":\"Radio Infinita Goya\",\"url\":\"https:\/\/radioinfinitagoya.com.ar\/v1\/\",\"logo\":{\"@type\":\"ImageObject\",\"inLanguage\":\"es-AR\",\"@id\":\"https:\/\/radioinfinitagoya.com.ar\/v1\/#\/schema\/logo\/image\/\",\"url\":\"https:\/\/radioinfinitagoya.com.ar\/v1\/wp-content\/uploads\/2019\/11\/logo-pie-web.png\",\"contentUrl\":\"https:\/\/radioinfinitagoya.com.ar\/v1\/wp-content\/uploads\/2019\/11\/logo-pie-web.png\",\"width\":635,\"height\":326,\"caption\":\"Radio Infinita Goya\"},\"image\":{\"@id\":\"https:\/\/radioinfinitagoya.com.ar\/v1\/#\/schema\/logo\/image\/\"},\"sameAs\":[\"https:\/\/www.facebook.com\/p\/Infinita-Goya-100063870918311\/\"]},{\"@type\":\"Person\",\"@id\":\"https:\/\/radioinfinitagoya.com.ar\/v1\/#\/schema\/person\/d4cf9c413d4f6edb24aabdccab49ca4a\",\"name\":\"Jorge Mi\u00f1o\",\"image\":{\"@type\":\"ImageObject\",\"inLanguage\":\"es-AR\",\"@id\":\"https:\/\/secure.gravatar.com\/avatar\/910fcf6728fe95320e07a6643c1581fec1c7fc4bf8ae12e3d8f0d0373dc844be?s=96&d=mm&r=g\",\"url\":\"https:\/\/secure.gravatar.com\/avatar\/910fcf6728fe95320e07a6643c1581fec1c7fc4bf8ae12e3d8f0d0373dc844be?s=96&d=mm&r=g\",\"contentUrl\":\"https:\/\/secure.gravatar.com\/avatar\/910fcf6728fe95320e07a6643c1581fec1c7fc4bf8ae12e3d8f0d0373dc844be?s=96&d=mm&r=g\",\"caption\":\"Jorge Mi\u00f1o\"},\"sameAs\":[\"http:\/\/radioinfinitagoya.com.ar\"]}]}<\/script>\n<!-- \/ Yoast SEO plugin. -->","yoast_head_json":{"title":"Pidieron buscar con un georradar m\u00e1s restos \u00f3seos donde fue hallado enterrado un chico - Radio Infinita Goya","description":"La vivienda fue alquilada por una celebridad de la m\u00fasica hace algunos a\u00f1os. La familia de Diego Fern\u00e1ndez Lima, el joven de 16 a\u00f1os que desapareci\u00f3 en","robots":{"index":"index","follow":"follow","max-snippet":"max-snippet:-1","max-image-preview":"max-image-preview:large","max-video-preview":"max-video-preview:-1"},"canonical":"https:\/\/radioinfinitagoya.com.ar\/v1\/2025\/09\/13\/pidieron-buscar-con-un-georradar-mas-restos-oseos-donde-fue-hallado-enterrado-un-chico\/","og_locale":"es_ES","og_type":"article","og_title":"Pidieron buscar con un georradar m\u00e1s restos \u00f3seos donde fue hallado enterrado un chico - Radio Infinita Goya","og_description":"La vivienda fue alquilada por una celebridad de la m\u00fasica hace algunos a\u00f1os. La familia de Diego Fern\u00e1ndez Lima, el joven de 16 a\u00f1os que desapareci\u00f3 en","og_url":"https:\/\/radioinfinitagoya.com.ar\/v1\/2025\/09\/13\/pidieron-buscar-con-un-georradar-mas-restos-oseos-donde-fue-hallado-enterrado-un-chico\/","og_site_name":"Radio Infinita Goya","article_publisher":"https:\/\/www.facebook.com\/p\/Infinita-Goya-100063870918311\/","article_published_time":"2025-09-13T20:55:46+00:00","og_image":[{"width":680,"height":383,"url":"https:\/\/radioinfinitagoya.com.ar\/v1\/wp-content\/uploads\/2025\/09\/WGUDAK9M.jpg","type":"image\/jpeg"}],"author":"Jorge Mi\u00f1o","twitter_card":"summary_large_image","twitter_misc":{"Escrito por":"Jorge Mi\u00f1o","Tiempo de lectura":"2 minutos"},"schema":{"@context":"https:\/\/schema.org","@graph":[{"@type":"Article","@id":"https:\/\/radioinfinitagoya.com.ar\/v1\/2025\/09\/13\/pidieron-buscar-con-un-georradar-mas-restos-oseos-donde-fue-hallado-enterrado-un-chico\/#article","isPartOf":{"@id":"https:\/\/radioinfinitagoya.com.ar\/v1\/2025\/09\/13\/pidieron-buscar-con-un-georradar-mas-restos-oseos-donde-fue-hallado-enterrado-un-chico\/"},"author":{"name":"Jorge Mi\u00f1o","@id":"https:\/\/radioinfinitagoya.com.ar\/v1\/#\/schema\/person\/d4cf9c413d4f6edb24aabdccab49ca4a"},"headline":"Pidieron buscar con un georradar m\u00e1s restos \u00f3seos donde fue hallado enterrado un chico","datePublished":"2025-09-13T20:55:46+00:00","mainEntityOfPage":{"@id":"https:\/\/radioinfinitagoya.com.ar\/v1\/2025\/09\/13\/pidieron-buscar-con-un-georradar-mas-restos-oseos-donde-fue-hallado-enterrado-un-chico\/"},"wordCount":266,"publisher":{"@id":"https:\/\/radioinfinitagoya.com.ar\/v1\/#organization"},"image":{"@id":"https:\/\/radioinfinitagoya.com.ar\/v1\/2025\/09\/13\/pidieron-buscar-con-un-georradar-mas-restos-oseos-donde-fue-hallado-enterrado-un-chico\/#primaryimage"},"thumbnailUrl":"https:\/\/radioinfinitagoya.com.ar\/v1\/wp-content\/uploads\/2025\/09\/WGUDAK9M.jpg","articleSection":["NACIONALES"],"inLanguage":"es-AR"},{"@type":"WebPage","@id":"https:\/\/radioinfinitagoya.com.ar\/v1\/2025\/09\/13\/pidieron-buscar-con-un-georradar-mas-restos-oseos-donde-fue-hallado-enterrado-un-chico\/","url":"https:\/\/radioinfinitagoya.com.ar\/v1\/2025\/09\/13\/pidieron-buscar-con-un-georradar-mas-restos-oseos-donde-fue-hallado-enterrado-un-chico\/","name":"Pidieron buscar con un georradar m\u00e1s restos \u00f3seos donde fue hallado enterrado un chico - Radio Infinita Goya","isPartOf":{"@id":"https:\/\/radioinfinitagoya.com.ar\/v1\/#website"},"primaryImageOfPage":{"@id":"https:\/\/radioinfinitagoya.com.ar\/v1\/2025\/09\/13\/pidieron-buscar-con-un-georradar-mas-restos-oseos-donde-fue-hallado-enterrado-un-chico\/#primaryimage"},"image":{"@id":"https:\/\/radioinfinitagoya.com.ar\/v1\/2025\/09\/13\/pidieron-buscar-con-un-georradar-mas-restos-oseos-donde-fue-hallado-enterrado-un-chico\/#primaryimage"},"thumbnailUrl":"https:\/\/radioinfinitagoya.com.ar\/v1\/wp-content\/uploads\/2025\/09\/WGUDAK9M.jpg","datePublished":"2025-09-13T20:55:46+00:00","description":"La vivienda fue alquilada por una celebridad de la m\u00fasica hace algunos a\u00f1os. La familia de Diego Fern\u00e1ndez Lima, el joven de 16 a\u00f1os que desapareci\u00f3 en","breadcrumb":{"@id":"https:\/\/radioinfinitagoya.com.ar\/v1\/2025\/09\/13\/pidieron-buscar-con-un-georradar-mas-restos-oseos-donde-fue-hallado-enterrado-un-chico\/#breadcrumb"},"inLanguage":"es-AR","potentialAction":[{"@type":"ReadAction","target":["https:\/\/radioinfinitagoya.com.ar\/v1\/2025\/09\/13\/pidieron-buscar-con-un-georradar-mas-restos-oseos-donde-fue-hallado-enterrado-un-chico\/"]}]},{"@type":"ImageObject","inLanguage":"es-AR","@id":"https:\/\/radioinfinitagoya.com.ar\/v1\/2025\/09\/13\/pidieron-buscar-con-un-georradar-mas-restos-oseos-donde-fue-hallado-enterrado-un-chico\/#primaryimage","url":"https:\/\/radioinfinitagoya.com.ar\/v1\/wp-content\/uploads\/2025\/09\/WGUDAK9M.jpg","contentUrl":"https:\/\/radioinfinitagoya.com.ar\/v1\/wp-content\/uploads\/2025\/09\/WGUDAK9M.jpg","width":680,"height":383},{"@type":"BreadcrumbList","@id":"https:\/\/radioinfinitagoya.com.ar\/v1\/2025\/09\/13\/pidieron-buscar-con-un-georradar-mas-restos-oseos-donde-fue-hallado-enterrado-un-chico\/#breadcrumb","itemListElement":[{"@type":"ListItem","position":1,"name":"Inicio","item":"https:\/\/radioinfinitagoya.com.ar\/v1\/"},{"@type":"ListItem","position":2,"name":"Pidieron buscar con un georradar m\u00e1s restos \u00f3seos donde fue hallado enterrado un chico"}]},{"@type":"WebSite","@id":"https:\/\/radioinfinitagoya.com.ar\/v1\/#website","url":"https:\/\/radioinfinitagoya.com.ar\/v1\/","name":"radioinfinitagoya.com.ar","description":"Radio de noticias","publisher":{"@id":"https:\/\/radioinfinitagoya.com.ar\/v1\/#organization"},"potentialAction":[{"@type":"SearchAction","target":{"@type":"EntryPoint","urlTemplate":"https:\/\/radioinfinitagoya.com.ar\/v1\/?s={search_term_string}"},"query-input":{"@type":"PropertyValueSpecification","valueRequired":true,"valueName":"search_term_string"}}],"inLanguage":"es-AR"},{"@type":"Organization","@id":"https:\/\/radioinfinitagoya.com.ar\/v1\/#organization","name":"Radio Infinita Goya","url":"https:\/\/radioinfinitagoya.com.ar\/v1\/","logo":{"@type":"ImageObject","inLanguage":"es-AR","@id":"https:\/\/radioinfinitagoya.com.ar\/v1\/#\/schema\/logo\/image\/","url":"https:\/\/radioinfinitagoya.com.ar\/v1\/wp-content\/uploads\/2019\/11\/logo-pie-web.png","contentUrl":"https:\/\/radioinfinitagoya.com.ar\/v1\/wp-content\/uploads\/2019\/11\/logo-pie-web.png","width":635,"height":326,"caption":"Radio Infinita Goya"},"image":{"@id":"https:\/\/radioinfinitagoya.com.ar\/v1\/#\/schema\/logo\/image\/"},"sameAs":["https:\/\/www.facebook.com\/p\/Infinita-Goya-100063870918311\/"]},{"@type":"Person","@id":"https:\/\/radioinfinitagoya.com.ar\/v1\/#\/schema\/person\/d4cf9c413d4f6edb24aabdccab49ca4a","name":"Jorge Mi\u00f1o","image":{"@type":"ImageObject","inLanguage":"es-AR","@id":"https:\/\/secure.gravatar.com\/avatar\/910fcf6728fe95320e07a6643c1581fec1c7fc4bf8ae12e3d8f0d0373dc844be?s=96&d=mm&r=g","url":"https:\/\/secure.gravatar.com\/avatar\/910fcf6728fe95320e07a6643c1581fec1c7fc4bf8ae12e3d8f0d0373dc844be?s=96&d=mm&r=g","contentUrl":"https:\/\/secure.gravatar.com\/avatar\/910fcf6728fe95320e07a6643c1581fec1c7fc4bf8ae12e3d8f0d0373dc844be?s=96&d=mm&r=g","caption":"Jorge Mi\u00f1o"},"sameAs":["http:\/\/radioinfinitagoya.com.ar"]}]}},"_links":{"self":[{"href":"https:\/\/radioinfinitagoya.com.ar\/v1\/wp-json\/wp\/v2\/posts\/195847","targetHints":{"allow":["GET"]}}],"collection":[{"href":"https:\/\/radioinfinitagoya.com.ar\/v1\/wp-json\/wp\/v2\/posts"}],"about":[{"href":"https:\/\/radioinfinitagoya.com.ar\/v1\/wp-json\/wp\/v2\/types\/post"}],"author":[{"embeddable":true,"href":"https:\/\/radioinfinitagoya.com.ar\/v1\/wp-json\/wp\/v2\/users\/4"}],"replies":[{"embeddable":true,"href":"https:\/\/radioinfinitagoya.com.ar\/v1\/wp-json\/wp\/v2\/comments?post=195847"}],"version-history":[{"count":0,"href":"https:\/\/radioinfinitagoya.com.ar\/v1\/wp-json\/wp\/v2\/posts\/195847\/revisions"}],"wp:featuredmedia":[{"embeddable":true,"href":"https:\/\/radioinfinitagoya.com.ar\/v1\/wp-json\/wp\/v2\/media\/195848"}],"wp:attachment":[{"href":"https:\/\/radioinfinitagoya.com.ar\/v1\/wp-json\/wp\/v2\/media?parent=195847"}],"wp:term":[{"taxonomy":"category","embeddable":true,"href":"https:\/\/radioinfinitagoya.com.ar\/v1\/wp-json\/wp\/v2\/categories?post=195847"},{"taxonomy":"post_tag","embeddable":true,"href":"https:\/\/radioinfinitagoya.com.ar\/v1\/wp-json\/wp\/v2\/tags?post=195847"}],"curies":[{"name":"wp","href":"https:\/\/api.w.org\/{rel}","templated":true}]}}