{"id":195850,"date":"2025-09-13T17:59:46","date_gmt":"2025-09-13T20:59:46","guid":{"rendered":"https:\/\/radioinfinitagoya.com.ar\/v1\/?p=195850"},"modified":"2025-09-13T17:59:46","modified_gmt":"2025-09-13T20:59:46","slug":"deportivo-mandiyu-se-consagro-campeon-del-torneo-oficial-2025","status":"publish","type":"post","link":"https:\/\/radioinfinitagoya.com.ar\/v1\/2025\/09\/13\/deportivo-mandiyu-se-consagro-campeon-del-torneo-oficial-2025\/","title":{"rendered":"Deportivo Mandiy\u00fa se consagr\u00f3 campe\u00f3n del Torneo Oficial 2025"},"content":{"rendered":"<p>El Torneo Oficial de la primera divisi\u00f3n de la Liga Correntina de F\u00fatbol, tuvo su cierre este s\u00e1bado con la disputa de gran final en el estadio &#8220;Leoncio Ben\u00edtez&#8221; del club Boca Unidos, donde el Deportivo Mandiy\u00fa se qued\u00f3 con el t\u00edtulo de campe\u00f3n al derrotar a Camb\u00e1 Cu\u00e1 en la definici\u00f3n por penales por 8 a 7, luego de haber igualado 0 a 0 en los 90\u00b4 reglamentarios.<\/p>\n<p>En el comienzo de las acciones en la calurosa tarde de s\u00e1bado en el estadio &#8220;Leoncio Ben\u00edtez&#8221;, la primera situaci\u00f3n de peligr\u00f3 lleg\u00f3 a los 21\u00b4, luego de un tiro libre de Mandiy\u00fa, Camb\u00e1 Cu\u00e1 logr\u00f3 aprovechar un rebote a favor para poder sacar el contragolpe entre Julio Sena, que jug\u00f3 con Cirilo Enrique, que habilit\u00f3 a Bruno Lezcano que logr\u00f3 meterse dentro del \u00e1rea del &#8220;albo&#8221; para sacar el remate, que fue bien contenido por Facundo Vel\u00e1zquez.<\/p>\n<p>A los 31\u00b4, volvi\u00f3 avisar Camb\u00e1 Cu\u00e1, luego de un pelotazo largo que alcanz\u00f3 a controlar Cirilo Enrique, que se las ingeni\u00f3 para desmarcarse y sacar el remate, pero no logr\u00f3 darle bien y Facundo Vel\u00e1zquez contuvo sin problemas el bal\u00f3n. A los 33\u00b4, tras un tiro de esquina, el bal\u00f3n cay\u00f3 dentro del \u00e1rea de Camb\u00e1 Cu\u00e1, para la aparici\u00f3n de Facundo Lallana, que alcanz\u00f3 a cabecear para definir por encima del arquero Joaqu\u00edn Vallejos, pero el \u00e1rbitro Carlos Castro anul\u00f3 la acci\u00f3n, por un empuj\u00f3n del defensor del &#8220;albo&#8221;.<\/p>\n<p>A los 39\u00b4, un centro de Mariano Gim\u00e9nez, termin\u00f3 llegando al \u00e1rea de Camb\u00e1 Cu\u00e1, para la aparici\u00f3n de Emanuel Soler, pero el control le qued\u00f3 un poco alto, y cuando quiso rematar lleg\u00f3 Silvestre Molina para ponerse por delante, y con un rebote en su cabeza la pelota se termin\u00f3 yendo al tiro de esquina. As\u00ed se termin\u00f3 la primera parte del encuentro, donde el &#8220;algodonero&#8221; tuvo la posesi\u00f3n de la pelota, pero las pocas situaciones de riesgo fueron de Camb\u00e1 Cu\u00e1.<\/p>\n<p>En el complemento, la primera llegada fue para el Deportivo Mandiy\u00fa, luego de un gran desborde por el sector izquierdo de Hern\u00e1n Valenzuela, que lleg\u00f3 hasta el fondo para tirar el centro, que fue despejado por la defensa de Camb\u00e1 Cu\u00e1, pero en el rebote le qued\u00f3 a Gustavo Ojeda, que la control\u00f3, y sac\u00f3 un potente derechazo que se fue por encima del arco defendido por Joaqu\u00edn Vallejos. En la segunda parte el juego fue muy cortado, sin situaciones de peligro, lo que deriv\u00f3 en un empate 0 a 0, para que se tenga que definir en los penales.<\/p>\n<p>La definici\u00f3n por penales fue casi interminable, donde los arqueros tuvieron atajadas, pero el golero del &#8220;albo&#8221; Facundo Vel\u00e1zquez termin\u00f3 conteniendo un penal clave para que el equipo conducido por Fabi\u00e1n Ponce se consagre como nuevo campe\u00f3n del Torneo Oficial de la Liga Correntina de F\u00fatbol 2025. El &#8220;algodonero&#8221; volvi\u00f3 a festejar en el \u00e1mbito capitalino tras su \u00faltima conquista en el 2021, cuando le hab\u00eda ganado en la final a Ferroviario por 1 a 0 en cancha de Hurac\u00e1n Corrientes. Mientras que para Camb\u00e1 Cu\u00e1 fue su tercera final disputada en forma consecutiva, y la segunda en fila que no logra consagrarse.<\/p>\n","protected":false},"excerpt":{"rendered":"<p>El Torneo Oficial de la primera divisi\u00f3n de la Liga Correntina de F\u00fatbol, tuvo su cierre este s\u00e1bado con la disputa de gran final en el estadio &#8220;Leoncio Ben\u00edtez&#8221; del club Boca Unidos, donde el Deportivo Mandiy\u00fa se qued\u00f3 con el t\u00edtulo de campe\u00f3n al derrotar a Camb\u00e1 Cu\u00e1 en la definici\u00f3n por penales por [&hellip;]<\/p>\n","protected":false},"author":4,"featured_media":195851,"comment_status":"closed","ping_status":"closed","sticky":false,"template":"","format":"standard","meta":{"_joinchat":[],"footnotes":""},"categories":[28],"tags":[],"class_list":{"0":"post-195850","1":"post","2":"type-post","3":"status-publish","4":"format-standard","5":"has-post-thumbnail","7":"category-deportes"},"yoast_head":"<!-- This site is optimized with the Yoast SEO plugin v27.2 - https:\/\/yoast.com\/product\/yoast-seo-wordpress\/ -->\n<title>Deportivo Mandiy\u00fa se consagr\u00f3 campe\u00f3n del Torneo Oficial 2025 - Radio Infinita Goya<\/title>\n<meta name=\"description\" content=\"El Torneo Oficial de la primera divisi\u00f3n de la Liga Correntina de F\u00fatbol, tuvo su cierre este s\u00e1bado con la disputa de gran final en el estadio &quot;Leoncio\" \/>\n<meta name=\"robots\" content=\"index, follow, max-snippet:-1, max-image-preview:large, max-video-preview:-1\" \/>\n<link rel=\"canonical\" href=\"https:\/\/radioinfinitagoya.com.ar\/v1\/2025\/09\/13\/deportivo-mandiyu-se-consagro-campeon-del-torneo-oficial-2025\/\" \/>\n<meta property=\"og:locale\" content=\"es_ES\" \/>\n<meta property=\"og:type\" content=\"article\" \/>\n<meta property=\"og:title\" content=\"Deportivo Mandiy\u00fa se consagr\u00f3 campe\u00f3n del Torneo Oficial 2025 - Radio Infinita Goya\" \/>\n<meta property=\"og:description\" content=\"El Torneo Oficial de la primera divisi\u00f3n de la Liga Correntina de F\u00fatbol, tuvo su cierre este s\u00e1bado con la disputa de gran final en el estadio &quot;Leoncio\" \/>\n<meta property=\"og:url\" content=\"https:\/\/radioinfinitagoya.com.ar\/v1\/2025\/09\/13\/deportivo-mandiyu-se-consagro-campeon-del-torneo-oficial-2025\/\" \/>\n<meta property=\"og:site_name\" content=\"Radio Infinita Goya\" \/>\n<meta property=\"article:publisher\" content=\"https:\/\/www.facebook.com\/p\/Infinita-Goya-100063870918311\/\" \/>\n<meta property=\"article:published_time\" content=\"2025-09-13T20:59:46+00:00\" \/>\n<meta property=\"og:image\" content=\"https:\/\/radioinfinitagoya.com.ar\/v1\/wp-content\/uploads\/2025\/09\/1000150129.jpg\" \/>\n\t<meta property=\"og:image:width\" content=\"1079\" \/>\n\t<meta property=\"og:image:height\" content=\"873\" \/>\n\t<meta property=\"og:image:type\" content=\"image\/jpeg\" \/>\n<meta name=\"author\" content=\"Jorge Mi\u00f1o\" \/>\n<meta name=\"twitter:card\" content=\"summary_large_image\" \/>\n<meta name=\"twitter:label1\" content=\"Escrito por\" \/>\n\t<meta name=\"twitter:data1\" content=\"Jorge Mi\u00f1o\" \/>\n\t<meta name=\"twitter:label2\" content=\"Tiempo de lectura\" \/>\n\t<meta name=\"twitter:data2\" content=\"3 minutos\" \/>\n<script type=\"application\/ld+json\" class=\"yoast-schema-graph\">{\"@context\":\"https:\/\/schema.org\",\"@graph\":[{\"@type\":\"Article\",\"@id\":\"https:\/\/radioinfinitagoya.com.ar\/v1\/2025\/09\/13\/deportivo-mandiyu-se-consagro-campeon-del-torneo-oficial-2025\/#article\",\"isPartOf\":{\"@id\":\"https:\/\/radioinfinitagoya.com.ar\/v1\/2025\/09\/13\/deportivo-mandiyu-se-consagro-campeon-del-torneo-oficial-2025\/\"},\"author\":{\"name\":\"Jorge Mi\u00f1o\",\"@id\":\"https:\/\/radioinfinitagoya.com.ar\/v1\/#\/schema\/person\/d4cf9c413d4f6edb24aabdccab49ca4a\"},\"headline\":\"Deportivo Mandiy\u00fa se consagr\u00f3 campe\u00f3n del Torneo Oficial 2025\",\"datePublished\":\"2025-09-13T20:59:46+00:00\",\"mainEntityOfPage\":{\"@id\":\"https:\/\/radioinfinitagoya.com.ar\/v1\/2025\/09\/13\/deportivo-mandiyu-se-consagro-campeon-del-torneo-oficial-2025\/\"},\"wordCount\":548,\"publisher\":{\"@id\":\"https:\/\/radioinfinitagoya.com.ar\/v1\/#organization\"},\"image\":{\"@id\":\"https:\/\/radioinfinitagoya.com.ar\/v1\/2025\/09\/13\/deportivo-mandiyu-se-consagro-campeon-del-torneo-oficial-2025\/#primaryimage\"},\"thumbnailUrl\":\"https:\/\/radioinfinitagoya.com.ar\/v1\/wp-content\/uploads\/2025\/09\/1000150129.jpg\",\"articleSection\":[\"DEPORTES\"],\"inLanguage\":\"es-AR\"},{\"@type\":\"WebPage\",\"@id\":\"https:\/\/radioinfinitagoya.com.ar\/v1\/2025\/09\/13\/deportivo-mandiyu-se-consagro-campeon-del-torneo-oficial-2025\/\",\"url\":\"https:\/\/radioinfinitagoya.com.ar\/v1\/2025\/09\/13\/deportivo-mandiyu-se-consagro-campeon-del-torneo-oficial-2025\/\",\"name\":\"Deportivo Mandiy\u00fa se consagr\u00f3 campe\u00f3n del Torneo Oficial 2025 - Radio Infinita Goya\",\"isPartOf\":{\"@id\":\"https:\/\/radioinfinitagoya.com.ar\/v1\/#website\"},\"primaryImageOfPage\":{\"@id\":\"https:\/\/radioinfinitagoya.com.ar\/v1\/2025\/09\/13\/deportivo-mandiyu-se-consagro-campeon-del-torneo-oficial-2025\/#primaryimage\"},\"image\":{\"@id\":\"https:\/\/radioinfinitagoya.com.ar\/v1\/2025\/09\/13\/deportivo-mandiyu-se-consagro-campeon-del-torneo-oficial-2025\/#primaryimage\"},\"thumbnailUrl\":\"https:\/\/radioinfinitagoya.com.ar\/v1\/wp-content\/uploads\/2025\/09\/1000150129.jpg\",\"datePublished\":\"2025-09-13T20:59:46+00:00\",\"description\":\"El Torneo Oficial de la primera divisi\u00f3n de la Liga Correntina de F\u00fatbol, tuvo su cierre este s\u00e1bado con la disputa de gran final en el estadio \\\"Leoncio\",\"breadcrumb\":{\"@id\":\"https:\/\/radioinfinitagoya.com.ar\/v1\/2025\/09\/13\/deportivo-mandiyu-se-consagro-campeon-del-torneo-oficial-2025\/#breadcrumb\"},\"inLanguage\":\"es-AR\",\"potentialAction\":[{\"@type\":\"ReadAction\",\"target\":[\"https:\/\/radioinfinitagoya.com.ar\/v1\/2025\/09\/13\/deportivo-mandiyu-se-consagro-campeon-del-torneo-oficial-2025\/\"]}]},{\"@type\":\"ImageObject\",\"inLanguage\":\"es-AR\",\"@id\":\"https:\/\/radioinfinitagoya.com.ar\/v1\/2025\/09\/13\/deportivo-mandiyu-se-consagro-campeon-del-torneo-oficial-2025\/#primaryimage\",\"url\":\"https:\/\/radioinfinitagoya.com.ar\/v1\/wp-content\/uploads\/2025\/09\/1000150129.jpg\",\"contentUrl\":\"https:\/\/radioinfinitagoya.com.ar\/v1\/wp-content\/uploads\/2025\/09\/1000150129.jpg\",\"width\":1079,\"height\":873},{\"@type\":\"BreadcrumbList\",\"@id\":\"https:\/\/radioinfinitagoya.com.ar\/v1\/2025\/09\/13\/deportivo-mandiyu-se-consagro-campeon-del-torneo-oficial-2025\/#breadcrumb\",\"itemListElement\":[{\"@type\":\"ListItem\",\"position\":1,\"name\":\"Inicio\",\"item\":\"https:\/\/radioinfinitagoya.com.ar\/v1\/\"},{\"@type\":\"ListItem\",\"position\":2,\"name\":\"Deportivo Mandiy\u00fa se consagr\u00f3 campe\u00f3n del Torneo Oficial 2025\"}]},{\"@type\":\"WebSite\",\"@id\":\"https:\/\/radioinfinitagoya.com.ar\/v1\/#website\",\"url\":\"https:\/\/radioinfinitagoya.com.ar\/v1\/\",\"name\":\"radioinfinitagoya.com.ar\",\"description\":\"Radio de noticias\",\"publisher\":{\"@id\":\"https:\/\/radioinfinitagoya.com.ar\/v1\/#organization\"},\"potentialAction\":[{\"@type\":\"SearchAction\",\"target\":{\"@type\":\"EntryPoint\",\"urlTemplate\":\"https:\/\/radioinfinitagoya.com.ar\/v1\/?s={search_term_string}\"},\"query-input\":{\"@type\":\"PropertyValueSpecification\",\"valueRequired\":true,\"valueName\":\"search_term_string\"}}],\"inLanguage\":\"es-AR\"},{\"@type\":\"Organization\",\"@id\":\"https:\/\/radioinfinitagoya.com.ar\/v1\/#organization\",\"name\":\"Radio Infinita Goya\",\"url\":\"https:\/\/radioinfinitagoya.com.ar\/v1\/\",\"logo\":{\"@type\":\"ImageObject\",\"inLanguage\":\"es-AR\",\"@id\":\"https:\/\/radioinfinitagoya.com.ar\/v1\/#\/schema\/logo\/image\/\",\"url\":\"https:\/\/radioinfinitagoya.com.ar\/v1\/wp-content\/uploads\/2019\/11\/logo-pie-web.png\",\"contentUrl\":\"https:\/\/radioinfinitagoya.com.ar\/v1\/wp-content\/uploads\/2019\/11\/logo-pie-web.png\",\"width\":635,\"height\":326,\"caption\":\"Radio Infinita Goya\"},\"image\":{\"@id\":\"https:\/\/radioinfinitagoya.com.ar\/v1\/#\/schema\/logo\/image\/\"},\"sameAs\":[\"https:\/\/www.facebook.com\/p\/Infinita-Goya-100063870918311\/\"]},{\"@type\":\"Person\",\"@id\":\"https:\/\/radioinfinitagoya.com.ar\/v1\/#\/schema\/person\/d4cf9c413d4f6edb24aabdccab49ca4a\",\"name\":\"Jorge Mi\u00f1o\",\"image\":{\"@type\":\"ImageObject\",\"inLanguage\":\"es-AR\",\"@id\":\"https:\/\/secure.gravatar.com\/avatar\/910fcf6728fe95320e07a6643c1581fec1c7fc4bf8ae12e3d8f0d0373dc844be?s=96&d=mm&r=g\",\"url\":\"https:\/\/secure.gravatar.com\/avatar\/910fcf6728fe95320e07a6643c1581fec1c7fc4bf8ae12e3d8f0d0373dc844be?s=96&d=mm&r=g\",\"contentUrl\":\"https:\/\/secure.gravatar.com\/avatar\/910fcf6728fe95320e07a6643c1581fec1c7fc4bf8ae12e3d8f0d0373dc844be?s=96&d=mm&r=g\",\"caption\":\"Jorge Mi\u00f1o\"},\"sameAs\":[\"http:\/\/radioinfinitagoya.com.ar\"]}]}<\/script>\n<!-- \/ Yoast SEO plugin. -->","yoast_head_json":{"title":"Deportivo Mandiy\u00fa se consagr\u00f3 campe\u00f3n del Torneo Oficial 2025 - Radio Infinita Goya","description":"El Torneo Oficial de la primera divisi\u00f3n de la Liga Correntina de F\u00fatbol, tuvo su cierre este s\u00e1bado con la disputa de gran final en el estadio \"Leoncio","robots":{"index":"index","follow":"follow","max-snippet":"max-snippet:-1","max-image-preview":"max-image-preview:large","max-video-preview":"max-video-preview:-1"},"canonical":"https:\/\/radioinfinitagoya.com.ar\/v1\/2025\/09\/13\/deportivo-mandiyu-se-consagro-campeon-del-torneo-oficial-2025\/","og_locale":"es_ES","og_type":"article","og_title":"Deportivo Mandiy\u00fa se consagr\u00f3 campe\u00f3n del Torneo Oficial 2025 - Radio Infinita Goya","og_description":"El Torneo Oficial de la primera divisi\u00f3n de la Liga Correntina de F\u00fatbol, tuvo su cierre este s\u00e1bado con la disputa de gran final en el estadio \"Leoncio","og_url":"https:\/\/radioinfinitagoya.com.ar\/v1\/2025\/09\/13\/deportivo-mandiyu-se-consagro-campeon-del-torneo-oficial-2025\/","og_site_name":"Radio Infinita Goya","article_publisher":"https:\/\/www.facebook.com\/p\/Infinita-Goya-100063870918311\/","article_published_time":"2025-09-13T20:59:46+00:00","og_image":[{"width":1079,"height":873,"url":"https:\/\/radioinfinitagoya.com.ar\/v1\/wp-content\/uploads\/2025\/09\/1000150129.jpg","type":"image\/jpeg"}],"author":"Jorge Mi\u00f1o","twitter_card":"summary_large_image","twitter_misc":{"Escrito por":"Jorge Mi\u00f1o","Tiempo de lectura":"3 minutos"},"schema":{"@context":"https:\/\/schema.org","@graph":[{"@type":"Article","@id":"https:\/\/radioinfinitagoya.com.ar\/v1\/2025\/09\/13\/deportivo-mandiyu-se-consagro-campeon-del-torneo-oficial-2025\/#article","isPartOf":{"@id":"https:\/\/radioinfinitagoya.com.ar\/v1\/2025\/09\/13\/deportivo-mandiyu-se-consagro-campeon-del-torneo-oficial-2025\/"},"author":{"name":"Jorge Mi\u00f1o","@id":"https:\/\/radioinfinitagoya.com.ar\/v1\/#\/schema\/person\/d4cf9c413d4f6edb24aabdccab49ca4a"},"headline":"Deportivo Mandiy\u00fa se consagr\u00f3 campe\u00f3n del Torneo Oficial 2025","datePublished":"2025-09-13T20:59:46+00:00","mainEntityOfPage":{"@id":"https:\/\/radioinfinitagoya.com.ar\/v1\/2025\/09\/13\/deportivo-mandiyu-se-consagro-campeon-del-torneo-oficial-2025\/"},"wordCount":548,"publisher":{"@id":"https:\/\/radioinfinitagoya.com.ar\/v1\/#organization"},"image":{"@id":"https:\/\/radioinfinitagoya.com.ar\/v1\/2025\/09\/13\/deportivo-mandiyu-se-consagro-campeon-del-torneo-oficial-2025\/#primaryimage"},"thumbnailUrl":"https:\/\/radioinfinitagoya.com.ar\/v1\/wp-content\/uploads\/2025\/09\/1000150129.jpg","articleSection":["DEPORTES"],"inLanguage":"es-AR"},{"@type":"WebPage","@id":"https:\/\/radioinfinitagoya.com.ar\/v1\/2025\/09\/13\/deportivo-mandiyu-se-consagro-campeon-del-torneo-oficial-2025\/","url":"https:\/\/radioinfinitagoya.com.ar\/v1\/2025\/09\/13\/deportivo-mandiyu-se-consagro-campeon-del-torneo-oficial-2025\/","name":"Deportivo Mandiy\u00fa se consagr\u00f3 campe\u00f3n del Torneo Oficial 2025 - Radio Infinita Goya","isPartOf":{"@id":"https:\/\/radioinfinitagoya.com.ar\/v1\/#website"},"primaryImageOfPage":{"@id":"https:\/\/radioinfinitagoya.com.ar\/v1\/2025\/09\/13\/deportivo-mandiyu-se-consagro-campeon-del-torneo-oficial-2025\/#primaryimage"},"image":{"@id":"https:\/\/radioinfinitagoya.com.ar\/v1\/2025\/09\/13\/deportivo-mandiyu-se-consagro-campeon-del-torneo-oficial-2025\/#primaryimage"},"thumbnailUrl":"https:\/\/radioinfinitagoya.com.ar\/v1\/wp-content\/uploads\/2025\/09\/1000150129.jpg","datePublished":"2025-09-13T20:59:46+00:00","description":"El Torneo Oficial de la primera divisi\u00f3n de la Liga Correntina de F\u00fatbol, tuvo su cierre este s\u00e1bado con la disputa de gran final en el estadio \"Leoncio","breadcrumb":{"@id":"https:\/\/radioinfinitagoya.com.ar\/v1\/2025\/09\/13\/deportivo-mandiyu-se-consagro-campeon-del-torneo-oficial-2025\/#breadcrumb"},"inLanguage":"es-AR","potentialAction":[{"@type":"ReadAction","target":["https:\/\/radioinfinitagoya.com.ar\/v1\/2025\/09\/13\/deportivo-mandiyu-se-consagro-campeon-del-torneo-oficial-2025\/"]}]},{"@type":"ImageObject","inLanguage":"es-AR","@id":"https:\/\/radioinfinitagoya.com.ar\/v1\/2025\/09\/13\/deportivo-mandiyu-se-consagro-campeon-del-torneo-oficial-2025\/#primaryimage","url":"https:\/\/radioinfinitagoya.com.ar\/v1\/wp-content\/uploads\/2025\/09\/1000150129.jpg","contentUrl":"https:\/\/radioinfinitagoya.com.ar\/v1\/wp-content\/uploads\/2025\/09\/1000150129.jpg","width":1079,"height":873},{"@type":"BreadcrumbList","@id":"https:\/\/radioinfinitagoya.com.ar\/v1\/2025\/09\/13\/deportivo-mandiyu-se-consagro-campeon-del-torneo-oficial-2025\/#breadcrumb","itemListElement":[{"@type":"ListItem","position":1,"name":"Inicio","item":"https:\/\/radioinfinitagoya.com.ar\/v1\/"},{"@type":"ListItem","position":2,"name":"Deportivo Mandiy\u00fa se consagr\u00f3 campe\u00f3n del Torneo Oficial 2025"}]},{"@type":"WebSite","@id":"https:\/\/radioinfinitagoya.com.ar\/v1\/#website","url":"https:\/\/radioinfinitagoya.com.ar\/v1\/","name":"radioinfinitagoya.com.ar","description":"Radio de noticias","publisher":{"@id":"https:\/\/radioinfinitagoya.com.ar\/v1\/#organization"},"potentialAction":[{"@type":"SearchAction","target":{"@type":"EntryPoint","urlTemplate":"https:\/\/radioinfinitagoya.com.ar\/v1\/?s={search_term_string}"},"query-input":{"@type":"PropertyValueSpecification","valueRequired":true,"valueName":"search_term_string"}}],"inLanguage":"es-AR"},{"@type":"Organization","@id":"https:\/\/radioinfinitagoya.com.ar\/v1\/#organization","name":"Radio Infinita Goya","url":"https:\/\/radioinfinitagoya.com.ar\/v1\/","logo":{"@type":"ImageObject","inLanguage":"es-AR","@id":"https:\/\/radioinfinitagoya.com.ar\/v1\/#\/schema\/logo\/image\/","url":"https:\/\/radioinfinitagoya.com.ar\/v1\/wp-content\/uploads\/2019\/11\/logo-pie-web.png","contentUrl":"https:\/\/radioinfinitagoya.com.ar\/v1\/wp-content\/uploads\/2019\/11\/logo-pie-web.png","width":635,"height":326,"caption":"Radio Infinita Goya"},"image":{"@id":"https:\/\/radioinfinitagoya.com.ar\/v1\/#\/schema\/logo\/image\/"},"sameAs":["https:\/\/www.facebook.com\/p\/Infinita-Goya-100063870918311\/"]},{"@type":"Person","@id":"https:\/\/radioinfinitagoya.com.ar\/v1\/#\/schema\/person\/d4cf9c413d4f6edb24aabdccab49ca4a","name":"Jorge Mi\u00f1o","image":{"@type":"ImageObject","inLanguage":"es-AR","@id":"https:\/\/secure.gravatar.com\/avatar\/910fcf6728fe95320e07a6643c1581fec1c7fc4bf8ae12e3d8f0d0373dc844be?s=96&d=mm&r=g","url":"https:\/\/secure.gravatar.com\/avatar\/910fcf6728fe95320e07a6643c1581fec1c7fc4bf8ae12e3d8f0d0373dc844be?s=96&d=mm&r=g","contentUrl":"https:\/\/secure.gravatar.com\/avatar\/910fcf6728fe95320e07a6643c1581fec1c7fc4bf8ae12e3d8f0d0373dc844be?s=96&d=mm&r=g","caption":"Jorge Mi\u00f1o"},"sameAs":["http:\/\/radioinfinitagoya.com.ar"]}]}},"_links":{"self":[{"href":"https:\/\/radioinfinitagoya.com.ar\/v1\/wp-json\/wp\/v2\/posts\/195850","targetHints":{"allow":["GET"]}}],"collection":[{"href":"https:\/\/radioinfinitagoya.com.ar\/v1\/wp-json\/wp\/v2\/posts"}],"about":[{"href":"https:\/\/radioinfinitagoya.com.ar\/v1\/wp-json\/wp\/v2\/types\/post"}],"author":[{"embeddable":true,"href":"https:\/\/radioinfinitagoya.com.ar\/v1\/wp-json\/wp\/v2\/users\/4"}],"replies":[{"embeddable":true,"href":"https:\/\/radioinfinitagoya.com.ar\/v1\/wp-json\/wp\/v2\/comments?post=195850"}],"version-history":[{"count":0,"href":"https:\/\/radioinfinitagoya.com.ar\/v1\/wp-json\/wp\/v2\/posts\/195850\/revisions"}],"wp:featuredmedia":[{"embeddable":true,"href":"https:\/\/radioinfinitagoya.com.ar\/v1\/wp-json\/wp\/v2\/media\/195851"}],"wp:attachment":[{"href":"https:\/\/radioinfinitagoya.com.ar\/v1\/wp-json\/wp\/v2\/media?parent=195850"}],"wp:term":[{"taxonomy":"category","embeddable":true,"href":"https:\/\/radioinfinitagoya.com.ar\/v1\/wp-json\/wp\/v2\/categories?post=195850"},{"taxonomy":"post_tag","embeddable":true,"href":"https:\/\/radioinfinitagoya.com.ar\/v1\/wp-json\/wp\/v2\/tags?post=195850"}],"curies":[{"name":"wp","href":"https:\/\/api.w.org\/{rel}","templated":true}]}}