{"id":195870,"date":"2025-09-13T19:02:31","date_gmt":"2025-09-13T22:02:31","guid":{"rendered":"https:\/\/radioinfinitagoya.com.ar\/v1\/?p=195870"},"modified":"2025-09-13T19:02:31","modified_gmt":"2025-09-13T22:02:31","slug":"en-medio-de-la-tension-con-los-gobernadores-el-gobierno-no-descarto-prestamos-a-las-provincias","status":"publish","type":"post","link":"https:\/\/radioinfinitagoya.com.ar\/v1\/2025\/09\/13\/en-medio-de-la-tension-con-los-gobernadores-el-gobierno-no-descarto-prestamos-a-las-provincias\/","title":{"rendered":"En medio de la tensi\u00f3n con los gobernadores, el Gobierno no descart\u00f3 prestamos a las provincias"},"content":{"rendered":"<p>El ministro del Interior, Lisandro Catal\u00e1n, afirm\u00f3 que se est\u00e1 estudiando esa posibilidad de financiamiento para reemplazar los fondos de ATN.<\/p>\n<p>En medio de una tensi\u00f3n cada vez mayor con los gobernadores, el ministro del Interior, Lisandro Catal\u00e1n, afirm\u00f3 este s\u00e1bado que el Gobierno est\u00e1 estudiando destinar prestamos directamente a las provincias. Esta posibilidad fue adelantada en medio de las negociaciones para evitar que el Congreso ratifique la ley de Aportes del Tesoro Nacional (ATN) que fue vetada por el presidente Javier Milei.<\/p>\n<p>&#8220;No me quiero adelantar a eso, me parece que todas las cuestiones de los \u00f3rganos multilateral y las cuestiones financieras les contesta el Ministro de Econom\u00eda, pero s\u00e9 que el Gobierno est\u00e1 buscando todas las alternativas para que la Argentina siga en este proceso de transformaci\u00f3n, sin volver al pasado, sin tirar por la borda todo el esfuerzo que hizo no solamente el Gobierno, sino tambi\u00e9n la gente&#8221;, afirm\u00f3 Catal\u00e1n.<\/p>\n<p>Mientras las terminales de los gobernadores en el Senado ya anticipan una sesi\u00f3n la semana pr\u00f3xima para revertir el veto presidencial, el ministro anticip\u00f3 que &#8220;est\u00e1 en evaluaci\u00f3n y es posible&#8221; una serie de pr\u00e9stamos directos a los distritos. Tal como lo anticip\u00f3 \u00c1mbito, resta conocer si estas l\u00edneas presupuestarias llegar\u00e1n solo a los distritos aliados. Una primer muestra la tuvo el mandatario de Chubut, Ignacio Torres, quien rubric\u00f3 un acuerdo con Luis Caputo de reconversi\u00f3n de la deuda de su provincia a cambio del pasaje de obra p\u00fablica.<\/p>\n<p>&#8220;Ser\u00e1 cuesti\u00f3n de seguir conversando con los gobernadores, creo que ellos lo tienen que entender. Me parece bien la decisi\u00f3n del Presidente de estrechar el di\u00e1logo con los gobernadores, pero tampoco corrernos del objetivo del ordenamiento de las cuentas fiscales&#8221;, concluy\u00f3 Catal\u00e1n en di\u00e1logo con radio Mitre.<\/p>\n<p>&nbsp;<\/p>\n","protected":false},"excerpt":{"rendered":"<p>El ministro del Interior, Lisandro Catal\u00e1n, afirm\u00f3 que se est\u00e1 estudiando esa posibilidad de financiamiento para reemplazar los fondos de ATN. En medio de una tensi\u00f3n cada vez mayor con los gobernadores, el ministro del Interior, Lisandro Catal\u00e1n, afirm\u00f3 este s\u00e1bado que el Gobierno est\u00e1 estudiando destinar prestamos directamente a las provincias. Esta posibilidad fue [&hellip;]<\/p>\n","protected":false},"author":4,"featured_media":195871,"comment_status":"closed","ping_status":"closed","sticky":false,"template":"","format":"standard","meta":{"_joinchat":[],"footnotes":""},"categories":[34],"tags":[],"class_list":{"0":"post-195870","1":"post","2":"type-post","3":"status-publish","4":"format-standard","5":"has-post-thumbnail","7":"category-principal"},"yoast_head":"<!-- This site is optimized with the Yoast SEO plugin v27.2 - https:\/\/yoast.com\/product\/yoast-seo-wordpress\/ -->\n<title>En medio de la tensi\u00f3n con los gobernadores, el Gobierno no descart\u00f3 prestamos a las provincias - Radio Infinita Goya<\/title>\n<meta name=\"description\" content=\"El ministro del Interior, Lisandro Catal\u00e1n, afirm\u00f3 que se est\u00e1 estudiando esa posibilidad de financiamiento para reemplazar los fondos de ATN. En medio de\" \/>\n<meta name=\"robots\" content=\"index, follow, max-snippet:-1, max-image-preview:large, max-video-preview:-1\" \/>\n<link rel=\"canonical\" href=\"https:\/\/radioinfinitagoya.com.ar\/v1\/2025\/09\/13\/en-medio-de-la-tension-con-los-gobernadores-el-gobierno-no-descarto-prestamos-a-las-provincias\/\" \/>\n<meta property=\"og:locale\" content=\"es_ES\" \/>\n<meta property=\"og:type\" content=\"article\" \/>\n<meta property=\"og:title\" content=\"En medio de la tensi\u00f3n con los gobernadores, el Gobierno no descart\u00f3 prestamos a las provincias - Radio Infinita Goya\" \/>\n<meta property=\"og:description\" content=\"El ministro del Interior, Lisandro Catal\u00e1n, afirm\u00f3 que se est\u00e1 estudiando esa posibilidad de financiamiento para reemplazar los fondos de ATN. En medio de\" \/>\n<meta property=\"og:url\" content=\"https:\/\/radioinfinitagoya.com.ar\/v1\/2025\/09\/13\/en-medio-de-la-tension-con-los-gobernadores-el-gobierno-no-descarto-prestamos-a-las-provincias\/\" \/>\n<meta property=\"og:site_name\" content=\"Radio Infinita Goya\" \/>\n<meta property=\"article:publisher\" content=\"https:\/\/www.facebook.com\/p\/Infinita-Goya-100063870918311\/\" \/>\n<meta property=\"article:published_time\" content=\"2025-09-13T22:02:31+00:00\" \/>\n<meta property=\"og:image\" content=\"https:\/\/radioinfinitagoya.com.ar\/v1\/wp-content\/uploads\/2025\/09\/lisandro-catalan-ministro-del-interior.webp\" \/>\n\t<meta property=\"og:image:width\" content=\"655\" \/>\n\t<meta property=\"og:image:height\" content=\"368\" \/>\n\t<meta property=\"og:image:type\" content=\"image\/webp\" \/>\n<meta name=\"author\" content=\"Jorge Mi\u00f1o\" \/>\n<meta name=\"twitter:card\" content=\"summary_large_image\" \/>\n<meta name=\"twitter:label1\" content=\"Escrito por\" \/>\n\t<meta name=\"twitter:data1\" content=\"Jorge Mi\u00f1o\" \/>\n\t<meta name=\"twitter:label2\" content=\"Tiempo de lectura\" \/>\n\t<meta name=\"twitter:data2\" content=\"2 minutos\" \/>\n<script type=\"application\/ld+json\" class=\"yoast-schema-graph\">{\"@context\":\"https:\/\/schema.org\",\"@graph\":[{\"@type\":\"Article\",\"@id\":\"https:\/\/radioinfinitagoya.com.ar\/v1\/2025\/09\/13\/en-medio-de-la-tension-con-los-gobernadores-el-gobierno-no-descarto-prestamos-a-las-provincias\/#article\",\"isPartOf\":{\"@id\":\"https:\/\/radioinfinitagoya.com.ar\/v1\/2025\/09\/13\/en-medio-de-la-tension-con-los-gobernadores-el-gobierno-no-descarto-prestamos-a-las-provincias\/\"},\"author\":{\"name\":\"Jorge Mi\u00f1o\",\"@id\":\"https:\/\/radioinfinitagoya.com.ar\/v1\/#\/schema\/person\/d4cf9c413d4f6edb24aabdccab49ca4a\"},\"headline\":\"En medio de la tensi\u00f3n con los gobernadores, el Gobierno no descart\u00f3 prestamos a las provincias\",\"datePublished\":\"2025-09-13T22:02:31+00:00\",\"mainEntityOfPage\":{\"@id\":\"https:\/\/radioinfinitagoya.com.ar\/v1\/2025\/09\/13\/en-medio-de-la-tension-con-los-gobernadores-el-gobierno-no-descarto-prestamos-a-las-provincias\/\"},\"wordCount\":328,\"publisher\":{\"@id\":\"https:\/\/radioinfinitagoya.com.ar\/v1\/#organization\"},\"image\":{\"@id\":\"https:\/\/radioinfinitagoya.com.ar\/v1\/2025\/09\/13\/en-medio-de-la-tension-con-los-gobernadores-el-gobierno-no-descarto-prestamos-a-las-provincias\/#primaryimage\"},\"thumbnailUrl\":\"https:\/\/radioinfinitagoya.com.ar\/v1\/wp-content\/uploads\/2025\/09\/lisandro-catalan-ministro-del-interior.webp\",\"articleSection\":[\"PRINCIPAL\"],\"inLanguage\":\"es-AR\"},{\"@type\":\"WebPage\",\"@id\":\"https:\/\/radioinfinitagoya.com.ar\/v1\/2025\/09\/13\/en-medio-de-la-tension-con-los-gobernadores-el-gobierno-no-descarto-prestamos-a-las-provincias\/\",\"url\":\"https:\/\/radioinfinitagoya.com.ar\/v1\/2025\/09\/13\/en-medio-de-la-tension-con-los-gobernadores-el-gobierno-no-descarto-prestamos-a-las-provincias\/\",\"name\":\"En medio de la tensi\u00f3n con los gobernadores, el Gobierno no descart\u00f3 prestamos a las provincias - Radio Infinita Goya\",\"isPartOf\":{\"@id\":\"https:\/\/radioinfinitagoya.com.ar\/v1\/#website\"},\"primaryImageOfPage\":{\"@id\":\"https:\/\/radioinfinitagoya.com.ar\/v1\/2025\/09\/13\/en-medio-de-la-tension-con-los-gobernadores-el-gobierno-no-descarto-prestamos-a-las-provincias\/#primaryimage\"},\"image\":{\"@id\":\"https:\/\/radioinfinitagoya.com.ar\/v1\/2025\/09\/13\/en-medio-de-la-tension-con-los-gobernadores-el-gobierno-no-descarto-prestamos-a-las-provincias\/#primaryimage\"},\"thumbnailUrl\":\"https:\/\/radioinfinitagoya.com.ar\/v1\/wp-content\/uploads\/2025\/09\/lisandro-catalan-ministro-del-interior.webp\",\"datePublished\":\"2025-09-13T22:02:31+00:00\",\"description\":\"El ministro del Interior, Lisandro Catal\u00e1n, afirm\u00f3 que se est\u00e1 estudiando esa posibilidad de financiamiento para reemplazar los fondos de ATN. En medio de\",\"breadcrumb\":{\"@id\":\"https:\/\/radioinfinitagoya.com.ar\/v1\/2025\/09\/13\/en-medio-de-la-tension-con-los-gobernadores-el-gobierno-no-descarto-prestamos-a-las-provincias\/#breadcrumb\"},\"inLanguage\":\"es-AR\",\"potentialAction\":[{\"@type\":\"ReadAction\",\"target\":[\"https:\/\/radioinfinitagoya.com.ar\/v1\/2025\/09\/13\/en-medio-de-la-tension-con-los-gobernadores-el-gobierno-no-descarto-prestamos-a-las-provincias\/\"]}]},{\"@type\":\"ImageObject\",\"inLanguage\":\"es-AR\",\"@id\":\"https:\/\/radioinfinitagoya.com.ar\/v1\/2025\/09\/13\/en-medio-de-la-tension-con-los-gobernadores-el-gobierno-no-descarto-prestamos-a-las-provincias\/#primaryimage\",\"url\":\"https:\/\/radioinfinitagoya.com.ar\/v1\/wp-content\/uploads\/2025\/09\/lisandro-catalan-ministro-del-interior.webp\",\"contentUrl\":\"https:\/\/radioinfinitagoya.com.ar\/v1\/wp-content\/uploads\/2025\/09\/lisandro-catalan-ministro-del-interior.webp\",\"width\":655,\"height\":368},{\"@type\":\"BreadcrumbList\",\"@id\":\"https:\/\/radioinfinitagoya.com.ar\/v1\/2025\/09\/13\/en-medio-de-la-tension-con-los-gobernadores-el-gobierno-no-descarto-prestamos-a-las-provincias\/#breadcrumb\",\"itemListElement\":[{\"@type\":\"ListItem\",\"position\":1,\"name\":\"Inicio\",\"item\":\"https:\/\/radioinfinitagoya.com.ar\/v1\/\"},{\"@type\":\"ListItem\",\"position\":2,\"name\":\"En medio de la tensi\u00f3n con los gobernadores, el Gobierno no descart\u00f3 prestamos a las provincias\"}]},{\"@type\":\"WebSite\",\"@id\":\"https:\/\/radioinfinitagoya.com.ar\/v1\/#website\",\"url\":\"https:\/\/radioinfinitagoya.com.ar\/v1\/\",\"name\":\"radioinfinitagoya.com.ar\",\"description\":\"Radio de noticias\",\"publisher\":{\"@id\":\"https:\/\/radioinfinitagoya.com.ar\/v1\/#organization\"},\"potentialAction\":[{\"@type\":\"SearchAction\",\"target\":{\"@type\":\"EntryPoint\",\"urlTemplate\":\"https:\/\/radioinfinitagoya.com.ar\/v1\/?s={search_term_string}\"},\"query-input\":{\"@type\":\"PropertyValueSpecification\",\"valueRequired\":true,\"valueName\":\"search_term_string\"}}],\"inLanguage\":\"es-AR\"},{\"@type\":\"Organization\",\"@id\":\"https:\/\/radioinfinitagoya.com.ar\/v1\/#organization\",\"name\":\"Radio Infinita Goya\",\"url\":\"https:\/\/radioinfinitagoya.com.ar\/v1\/\",\"logo\":{\"@type\":\"ImageObject\",\"inLanguage\":\"es-AR\",\"@id\":\"https:\/\/radioinfinitagoya.com.ar\/v1\/#\/schema\/logo\/image\/\",\"url\":\"https:\/\/radioinfinitagoya.com.ar\/v1\/wp-content\/uploads\/2019\/11\/logo-pie-web.png\",\"contentUrl\":\"https:\/\/radioinfinitagoya.com.ar\/v1\/wp-content\/uploads\/2019\/11\/logo-pie-web.png\",\"width\":635,\"height\":326,\"caption\":\"Radio Infinita Goya\"},\"image\":{\"@id\":\"https:\/\/radioinfinitagoya.com.ar\/v1\/#\/schema\/logo\/image\/\"},\"sameAs\":[\"https:\/\/www.facebook.com\/p\/Infinita-Goya-100063870918311\/\"]},{\"@type\":\"Person\",\"@id\":\"https:\/\/radioinfinitagoya.com.ar\/v1\/#\/schema\/person\/d4cf9c413d4f6edb24aabdccab49ca4a\",\"name\":\"Jorge Mi\u00f1o\",\"image\":{\"@type\":\"ImageObject\",\"inLanguage\":\"es-AR\",\"@id\":\"https:\/\/secure.gravatar.com\/avatar\/910fcf6728fe95320e07a6643c1581fec1c7fc4bf8ae12e3d8f0d0373dc844be?s=96&d=mm&r=g\",\"url\":\"https:\/\/secure.gravatar.com\/avatar\/910fcf6728fe95320e07a6643c1581fec1c7fc4bf8ae12e3d8f0d0373dc844be?s=96&d=mm&r=g\",\"contentUrl\":\"https:\/\/secure.gravatar.com\/avatar\/910fcf6728fe95320e07a6643c1581fec1c7fc4bf8ae12e3d8f0d0373dc844be?s=96&d=mm&r=g\",\"caption\":\"Jorge Mi\u00f1o\"},\"sameAs\":[\"http:\/\/radioinfinitagoya.com.ar\"]}]}<\/script>\n<!-- \/ Yoast SEO plugin. -->","yoast_head_json":{"title":"En medio de la tensi\u00f3n con los gobernadores, el Gobierno no descart\u00f3 prestamos a las provincias - Radio Infinita Goya","description":"El ministro del Interior, Lisandro Catal\u00e1n, afirm\u00f3 que se est\u00e1 estudiando esa posibilidad de financiamiento para reemplazar los fondos de ATN. En medio de","robots":{"index":"index","follow":"follow","max-snippet":"max-snippet:-1","max-image-preview":"max-image-preview:large","max-video-preview":"max-video-preview:-1"},"canonical":"https:\/\/radioinfinitagoya.com.ar\/v1\/2025\/09\/13\/en-medio-de-la-tension-con-los-gobernadores-el-gobierno-no-descarto-prestamos-a-las-provincias\/","og_locale":"es_ES","og_type":"article","og_title":"En medio de la tensi\u00f3n con los gobernadores, el Gobierno no descart\u00f3 prestamos a las provincias - Radio Infinita Goya","og_description":"El ministro del Interior, Lisandro Catal\u00e1n, afirm\u00f3 que se est\u00e1 estudiando esa posibilidad de financiamiento para reemplazar los fondos de ATN. En medio de","og_url":"https:\/\/radioinfinitagoya.com.ar\/v1\/2025\/09\/13\/en-medio-de-la-tension-con-los-gobernadores-el-gobierno-no-descarto-prestamos-a-las-provincias\/","og_site_name":"Radio Infinita Goya","article_publisher":"https:\/\/www.facebook.com\/p\/Infinita-Goya-100063870918311\/","article_published_time":"2025-09-13T22:02:31+00:00","og_image":[{"width":655,"height":368,"url":"https:\/\/radioinfinitagoya.com.ar\/v1\/wp-content\/uploads\/2025\/09\/lisandro-catalan-ministro-del-interior.webp","type":"image\/webp"}],"author":"Jorge Mi\u00f1o","twitter_card":"summary_large_image","twitter_misc":{"Escrito por":"Jorge Mi\u00f1o","Tiempo de lectura":"2 minutos"},"schema":{"@context":"https:\/\/schema.org","@graph":[{"@type":"Article","@id":"https:\/\/radioinfinitagoya.com.ar\/v1\/2025\/09\/13\/en-medio-de-la-tension-con-los-gobernadores-el-gobierno-no-descarto-prestamos-a-las-provincias\/#article","isPartOf":{"@id":"https:\/\/radioinfinitagoya.com.ar\/v1\/2025\/09\/13\/en-medio-de-la-tension-con-los-gobernadores-el-gobierno-no-descarto-prestamos-a-las-provincias\/"},"author":{"name":"Jorge Mi\u00f1o","@id":"https:\/\/radioinfinitagoya.com.ar\/v1\/#\/schema\/person\/d4cf9c413d4f6edb24aabdccab49ca4a"},"headline":"En medio de la tensi\u00f3n con los gobernadores, el Gobierno no descart\u00f3 prestamos a las provincias","datePublished":"2025-09-13T22:02:31+00:00","mainEntityOfPage":{"@id":"https:\/\/radioinfinitagoya.com.ar\/v1\/2025\/09\/13\/en-medio-de-la-tension-con-los-gobernadores-el-gobierno-no-descarto-prestamos-a-las-provincias\/"},"wordCount":328,"publisher":{"@id":"https:\/\/radioinfinitagoya.com.ar\/v1\/#organization"},"image":{"@id":"https:\/\/radioinfinitagoya.com.ar\/v1\/2025\/09\/13\/en-medio-de-la-tension-con-los-gobernadores-el-gobierno-no-descarto-prestamos-a-las-provincias\/#primaryimage"},"thumbnailUrl":"https:\/\/radioinfinitagoya.com.ar\/v1\/wp-content\/uploads\/2025\/09\/lisandro-catalan-ministro-del-interior.webp","articleSection":["PRINCIPAL"],"inLanguage":"es-AR"},{"@type":"WebPage","@id":"https:\/\/radioinfinitagoya.com.ar\/v1\/2025\/09\/13\/en-medio-de-la-tension-con-los-gobernadores-el-gobierno-no-descarto-prestamos-a-las-provincias\/","url":"https:\/\/radioinfinitagoya.com.ar\/v1\/2025\/09\/13\/en-medio-de-la-tension-con-los-gobernadores-el-gobierno-no-descarto-prestamos-a-las-provincias\/","name":"En medio de la tensi\u00f3n con los gobernadores, el Gobierno no descart\u00f3 prestamos a las provincias - Radio Infinita Goya","isPartOf":{"@id":"https:\/\/radioinfinitagoya.com.ar\/v1\/#website"},"primaryImageOfPage":{"@id":"https:\/\/radioinfinitagoya.com.ar\/v1\/2025\/09\/13\/en-medio-de-la-tension-con-los-gobernadores-el-gobierno-no-descarto-prestamos-a-las-provincias\/#primaryimage"},"image":{"@id":"https:\/\/radioinfinitagoya.com.ar\/v1\/2025\/09\/13\/en-medio-de-la-tension-con-los-gobernadores-el-gobierno-no-descarto-prestamos-a-las-provincias\/#primaryimage"},"thumbnailUrl":"https:\/\/radioinfinitagoya.com.ar\/v1\/wp-content\/uploads\/2025\/09\/lisandro-catalan-ministro-del-interior.webp","datePublished":"2025-09-13T22:02:31+00:00","description":"El ministro del Interior, Lisandro Catal\u00e1n, afirm\u00f3 que se est\u00e1 estudiando esa posibilidad de financiamiento para reemplazar los fondos de ATN. En medio de","breadcrumb":{"@id":"https:\/\/radioinfinitagoya.com.ar\/v1\/2025\/09\/13\/en-medio-de-la-tension-con-los-gobernadores-el-gobierno-no-descarto-prestamos-a-las-provincias\/#breadcrumb"},"inLanguage":"es-AR","potentialAction":[{"@type":"ReadAction","target":["https:\/\/radioinfinitagoya.com.ar\/v1\/2025\/09\/13\/en-medio-de-la-tension-con-los-gobernadores-el-gobierno-no-descarto-prestamos-a-las-provincias\/"]}]},{"@type":"ImageObject","inLanguage":"es-AR","@id":"https:\/\/radioinfinitagoya.com.ar\/v1\/2025\/09\/13\/en-medio-de-la-tension-con-los-gobernadores-el-gobierno-no-descarto-prestamos-a-las-provincias\/#primaryimage","url":"https:\/\/radioinfinitagoya.com.ar\/v1\/wp-content\/uploads\/2025\/09\/lisandro-catalan-ministro-del-interior.webp","contentUrl":"https:\/\/radioinfinitagoya.com.ar\/v1\/wp-content\/uploads\/2025\/09\/lisandro-catalan-ministro-del-interior.webp","width":655,"height":368},{"@type":"BreadcrumbList","@id":"https:\/\/radioinfinitagoya.com.ar\/v1\/2025\/09\/13\/en-medio-de-la-tension-con-los-gobernadores-el-gobierno-no-descarto-prestamos-a-las-provincias\/#breadcrumb","itemListElement":[{"@type":"ListItem","position":1,"name":"Inicio","item":"https:\/\/radioinfinitagoya.com.ar\/v1\/"},{"@type":"ListItem","position":2,"name":"En medio de la tensi\u00f3n con los gobernadores, el Gobierno no descart\u00f3 prestamos a las provincias"}]},{"@type":"WebSite","@id":"https:\/\/radioinfinitagoya.com.ar\/v1\/#website","url":"https:\/\/radioinfinitagoya.com.ar\/v1\/","name":"radioinfinitagoya.com.ar","description":"Radio de noticias","publisher":{"@id":"https:\/\/radioinfinitagoya.com.ar\/v1\/#organization"},"potentialAction":[{"@type":"SearchAction","target":{"@type":"EntryPoint","urlTemplate":"https:\/\/radioinfinitagoya.com.ar\/v1\/?s={search_term_string}"},"query-input":{"@type":"PropertyValueSpecification","valueRequired":true,"valueName":"search_term_string"}}],"inLanguage":"es-AR"},{"@type":"Organization","@id":"https:\/\/radioinfinitagoya.com.ar\/v1\/#organization","name":"Radio Infinita Goya","url":"https:\/\/radioinfinitagoya.com.ar\/v1\/","logo":{"@type":"ImageObject","inLanguage":"es-AR","@id":"https:\/\/radioinfinitagoya.com.ar\/v1\/#\/schema\/logo\/image\/","url":"https:\/\/radioinfinitagoya.com.ar\/v1\/wp-content\/uploads\/2019\/11\/logo-pie-web.png","contentUrl":"https:\/\/radioinfinitagoya.com.ar\/v1\/wp-content\/uploads\/2019\/11\/logo-pie-web.png","width":635,"height":326,"caption":"Radio Infinita Goya"},"image":{"@id":"https:\/\/radioinfinitagoya.com.ar\/v1\/#\/schema\/logo\/image\/"},"sameAs":["https:\/\/www.facebook.com\/p\/Infinita-Goya-100063870918311\/"]},{"@type":"Person","@id":"https:\/\/radioinfinitagoya.com.ar\/v1\/#\/schema\/person\/d4cf9c413d4f6edb24aabdccab49ca4a","name":"Jorge Mi\u00f1o","image":{"@type":"ImageObject","inLanguage":"es-AR","@id":"https:\/\/secure.gravatar.com\/avatar\/910fcf6728fe95320e07a6643c1581fec1c7fc4bf8ae12e3d8f0d0373dc844be?s=96&d=mm&r=g","url":"https:\/\/secure.gravatar.com\/avatar\/910fcf6728fe95320e07a6643c1581fec1c7fc4bf8ae12e3d8f0d0373dc844be?s=96&d=mm&r=g","contentUrl":"https:\/\/secure.gravatar.com\/avatar\/910fcf6728fe95320e07a6643c1581fec1c7fc4bf8ae12e3d8f0d0373dc844be?s=96&d=mm&r=g","caption":"Jorge Mi\u00f1o"},"sameAs":["http:\/\/radioinfinitagoya.com.ar"]}]}},"_links":{"self":[{"href":"https:\/\/radioinfinitagoya.com.ar\/v1\/wp-json\/wp\/v2\/posts\/195870","targetHints":{"allow":["GET"]}}],"collection":[{"href":"https:\/\/radioinfinitagoya.com.ar\/v1\/wp-json\/wp\/v2\/posts"}],"about":[{"href":"https:\/\/radioinfinitagoya.com.ar\/v1\/wp-json\/wp\/v2\/types\/post"}],"author":[{"embeddable":true,"href":"https:\/\/radioinfinitagoya.com.ar\/v1\/wp-json\/wp\/v2\/users\/4"}],"replies":[{"embeddable":true,"href":"https:\/\/radioinfinitagoya.com.ar\/v1\/wp-json\/wp\/v2\/comments?post=195870"}],"version-history":[{"count":0,"href":"https:\/\/radioinfinitagoya.com.ar\/v1\/wp-json\/wp\/v2\/posts\/195870\/revisions"}],"wp:featuredmedia":[{"embeddable":true,"href":"https:\/\/radioinfinitagoya.com.ar\/v1\/wp-json\/wp\/v2\/media\/195871"}],"wp:attachment":[{"href":"https:\/\/radioinfinitagoya.com.ar\/v1\/wp-json\/wp\/v2\/media?parent=195870"}],"wp:term":[{"taxonomy":"category","embeddable":true,"href":"https:\/\/radioinfinitagoya.com.ar\/v1\/wp-json\/wp\/v2\/categories?post=195870"},{"taxonomy":"post_tag","embeddable":true,"href":"https:\/\/radioinfinitagoya.com.ar\/v1\/wp-json\/wp\/v2\/tags?post=195870"}],"curies":[{"name":"wp","href":"https:\/\/api.w.org\/{rel}","templated":true}]}}