{"id":195873,"date":"2025-09-13T19:08:17","date_gmt":"2025-09-13T22:08:17","guid":{"rendered":"https:\/\/radioinfinitagoya.com.ar\/v1\/?p=195873"},"modified":"2025-09-13T19:08:17","modified_gmt":"2025-09-13T22:08:17","slug":"qatar-prepara-cumbre-arabe-tras-el-ataque-de-israel","status":"publish","type":"post","link":"https:\/\/radioinfinitagoya.com.ar\/v1\/2025\/09\/13\/qatar-prepara-cumbre-arabe-tras-el-ataque-de-israel\/","title":{"rendered":"Qatar prepara cumbre \u00e1rabe tras el ataque de Israel"},"content":{"rendered":"<p>&#8220;Que volvi\u00f3 a bombardear Gaza&#8221;<\/p>\n<p>Cancilleres isl\u00e1micos se reunir\u00e1n para repudiar el atentado en Doha. Un ataque israel\u00ed este s\u00e1bado dej\u00f3 como saldo la muerte de 66 palestinos.<\/p>\n<p>Se intensifica el movimiento diplom\u00e1tico \u00e1rabe luego de la decisi\u00f3n de Israel de atacar a una comitiva en Doha, capital de Qatar, alegando tener como objetivo al l\u00edder de Hamas en el exilio. Las autoridades diplom\u00e1ticas catar\u00edes repudiaron el hecho y se\u00f1alaron que determinaron un destino irreversible para los rehenes que permanecen cautivos desde octubre del 2023. Mientras tanto, este s\u00e1bado hubo un nuevo bombardeo en Gaza.<\/p>\n<p>El pr\u00f3ximo lunes 15 de septiembre habr\u00e1 una cumbre de emergencia entre pa\u00edses \u00e1rabes-isl\u00e1micos convocados por Qatar, con el objetivo de emitir una declaraci\u00f3n conjunta luego del ataque que sufrieron varios puntos de Doha el pasado martes. El primer ministro israel\u00ed, Benjam\u00edn Netanyahu, justific\u00f3 los bombardeos por el atentado que sufri\u00f3 un d\u00eda antes Jerusal\u00e9n, cuyo saldo fue seis muertes. Su accionar habr\u00eda tenido como objetivo a Khalil al-Hayya, jefe de Ham\u00e1s en el exilio y principal negociador, que sobrevivi\u00f3 a la agresi\u00f3n.<\/p>\n<p>El portavoz del Ministerio de Relaciones Exteriores de Qatar, Majed Al Ansari, calific\u00f3 al ataque como una &#8220;cobarde agresi\u00f3n israel\u00ed\u201d contra los ataques de referentes de Hamas y rechaz\u00f3 el &#8220;terrorismo de Estado&#8221; llevado a cabo por Netanyahu. Irak, Jordania, Arabia Saudita y los Emiratos \u00c1rabes Unidos participar\u00edan de la cumbre.<\/p>\n<p>Nuevo ataque de Israel a Gaza<br \/>\nEste s\u00e1bado, un bombardeo de Israel sobre Gaza dej\u00f3 como resultado la muerte de al menos 66 personas, en lo que autoridades palestinas calificaron como un ataque que preceder\u00e1 la invasi\u00f3n total de las fuerzas israel\u00eds al territorio gazat\u00ed. Dentro de los objetivos civiles del bombardeo se encontr\u00f3 una fiscal\u00eda y la mayor\u00eda de los fallecidos se registraron en los hospitales Al Shifa, Bautista y Al Awda.<\/p>\n<p>Desde el territorio palestino advierten que los ataques israel\u00edes se intensificaron en los \u00faltimos d\u00edas, as\u00ed como la destrucci\u00f3n de infraestructura. La agresi\u00f3n de este s\u00e1bado termin\u00f3 con el derrumbe de un edificio de 12 pisos de car\u00e1cter residencial, conocido como la torre Nour. Se trata de la s\u00e9ptima edificaci\u00f3n civil bombardeada en las \u00faltimas dos semanas, que sumadas alcanzaban unos 500 departamentos.<\/p>\n<p>&nbsp;<\/p>\n","protected":false},"excerpt":{"rendered":"<p>&#8220;Que volvi\u00f3 a bombardear Gaza&#8221; Cancilleres isl\u00e1micos se reunir\u00e1n para repudiar el atentado en Doha. Un ataque israel\u00ed este s\u00e1bado dej\u00f3 como saldo la muerte de 66 palestinos. Se intensifica el movimiento diplom\u00e1tico \u00e1rabe luego de la decisi\u00f3n de Israel de atacar a una comitiva en Doha, capital de Qatar, alegando tener como objetivo al [&hellip;]<\/p>\n","protected":false},"author":4,"featured_media":195874,"comment_status":"closed","ping_status":"closed","sticky":false,"template":"","format":"standard","meta":{"_joinchat":[],"footnotes":""},"categories":[25],"tags":[],"class_list":{"0":"post-195873","1":"post","2":"type-post","3":"status-publish","4":"format-standard","5":"has-post-thumbnail","7":"category-destacados"},"yoast_head":"<!-- This site is optimized with the Yoast SEO plugin v27.2 - https:\/\/yoast.com\/product\/yoast-seo-wordpress\/ -->\n<title>Qatar prepara cumbre \u00e1rabe tras el ataque de Israel - Radio Infinita Goya<\/title>\n<meta name=\"description\" content=\"&quot;Que volvi\u00f3 a bombardear Gaza&quot; Cancilleres isl\u00e1micos se reunir\u00e1n para repudiar el atentado en Doha. Un ataque israel\u00ed este s\u00e1bado dej\u00f3 como saldo la\" \/>\n<meta name=\"robots\" content=\"index, follow, max-snippet:-1, max-image-preview:large, max-video-preview:-1\" \/>\n<link rel=\"canonical\" href=\"https:\/\/radioinfinitagoya.com.ar\/v1\/2025\/09\/13\/qatar-prepara-cumbre-arabe-tras-el-ataque-de-israel\/\" \/>\n<meta property=\"og:locale\" content=\"es_ES\" \/>\n<meta property=\"og:type\" content=\"article\" \/>\n<meta property=\"og:title\" content=\"Qatar prepara cumbre \u00e1rabe tras el ataque de Israel - Radio Infinita Goya\" \/>\n<meta property=\"og:description\" content=\"&quot;Que volvi\u00f3 a bombardear Gaza&quot; Cancilleres isl\u00e1micos se reunir\u00e1n para repudiar el atentado en Doha. Un ataque israel\u00ed este s\u00e1bado dej\u00f3 como saldo la\" \/>\n<meta property=\"og:url\" content=\"https:\/\/radioinfinitagoya.com.ar\/v1\/2025\/09\/13\/qatar-prepara-cumbre-arabe-tras-el-ataque-de-israel\/\" \/>\n<meta property=\"og:site_name\" content=\"Radio Infinita Goya\" \/>\n<meta property=\"article:publisher\" content=\"https:\/\/www.facebook.com\/p\/Infinita-Goya-100063870918311\/\" \/>\n<meta property=\"article:published_time\" content=\"2025-09-13T22:08:17+00:00\" \/>\n<meta property=\"og:image\" content=\"https:\/\/radioinfinitagoya.com.ar\/v1\/wp-content\/uploads\/2025\/09\/israel-ataca-qatar.webp\" \/>\n\t<meta property=\"og:image:width\" content=\"655\" \/>\n\t<meta property=\"og:image:height\" content=\"368\" \/>\n\t<meta property=\"og:image:type\" content=\"image\/webp\" \/>\n<meta name=\"author\" content=\"Jorge Mi\u00f1o\" \/>\n<meta name=\"twitter:card\" content=\"summary_large_image\" \/>\n<meta name=\"twitter:label1\" content=\"Escrito por\" \/>\n\t<meta name=\"twitter:data1\" content=\"Jorge Mi\u00f1o\" \/>\n\t<meta name=\"twitter:label2\" content=\"Tiempo de lectura\" \/>\n\t<meta name=\"twitter:data2\" content=\"2 minutos\" \/>\n<script type=\"application\/ld+json\" class=\"yoast-schema-graph\">{\"@context\":\"https:\/\/schema.org\",\"@graph\":[{\"@type\":\"Article\",\"@id\":\"https:\/\/radioinfinitagoya.com.ar\/v1\/2025\/09\/13\/qatar-prepara-cumbre-arabe-tras-el-ataque-de-israel\/#article\",\"isPartOf\":{\"@id\":\"https:\/\/radioinfinitagoya.com.ar\/v1\/2025\/09\/13\/qatar-prepara-cumbre-arabe-tras-el-ataque-de-israel\/\"},\"author\":{\"name\":\"Jorge Mi\u00f1o\",\"@id\":\"https:\/\/radioinfinitagoya.com.ar\/v1\/#\/schema\/person\/d4cf9c413d4f6edb24aabdccab49ca4a\"},\"headline\":\"Qatar prepara cumbre \u00e1rabe tras el ataque de Israel\",\"datePublished\":\"2025-09-13T22:08:17+00:00\",\"mainEntityOfPage\":{\"@id\":\"https:\/\/radioinfinitagoya.com.ar\/v1\/2025\/09\/13\/qatar-prepara-cumbre-arabe-tras-el-ataque-de-israel\/\"},\"wordCount\":404,\"publisher\":{\"@id\":\"https:\/\/radioinfinitagoya.com.ar\/v1\/#organization\"},\"image\":{\"@id\":\"https:\/\/radioinfinitagoya.com.ar\/v1\/2025\/09\/13\/qatar-prepara-cumbre-arabe-tras-el-ataque-de-israel\/#primaryimage\"},\"thumbnailUrl\":\"https:\/\/radioinfinitagoya.com.ar\/v1\/wp-content\/uploads\/2025\/09\/israel-ataca-qatar.webp\",\"articleSection\":[\"DESTACADOS\"],\"inLanguage\":\"es-AR\"},{\"@type\":\"WebPage\",\"@id\":\"https:\/\/radioinfinitagoya.com.ar\/v1\/2025\/09\/13\/qatar-prepara-cumbre-arabe-tras-el-ataque-de-israel\/\",\"url\":\"https:\/\/radioinfinitagoya.com.ar\/v1\/2025\/09\/13\/qatar-prepara-cumbre-arabe-tras-el-ataque-de-israel\/\",\"name\":\"Qatar prepara cumbre \u00e1rabe tras el ataque de Israel - Radio Infinita Goya\",\"isPartOf\":{\"@id\":\"https:\/\/radioinfinitagoya.com.ar\/v1\/#website\"},\"primaryImageOfPage\":{\"@id\":\"https:\/\/radioinfinitagoya.com.ar\/v1\/2025\/09\/13\/qatar-prepara-cumbre-arabe-tras-el-ataque-de-israel\/#primaryimage\"},\"image\":{\"@id\":\"https:\/\/radioinfinitagoya.com.ar\/v1\/2025\/09\/13\/qatar-prepara-cumbre-arabe-tras-el-ataque-de-israel\/#primaryimage\"},\"thumbnailUrl\":\"https:\/\/radioinfinitagoya.com.ar\/v1\/wp-content\/uploads\/2025\/09\/israel-ataca-qatar.webp\",\"datePublished\":\"2025-09-13T22:08:17+00:00\",\"description\":\"\\\"Que volvi\u00f3 a bombardear Gaza\\\" Cancilleres isl\u00e1micos se reunir\u00e1n para repudiar el atentado en Doha. Un ataque israel\u00ed este s\u00e1bado dej\u00f3 como saldo la\",\"breadcrumb\":{\"@id\":\"https:\/\/radioinfinitagoya.com.ar\/v1\/2025\/09\/13\/qatar-prepara-cumbre-arabe-tras-el-ataque-de-israel\/#breadcrumb\"},\"inLanguage\":\"es-AR\",\"potentialAction\":[{\"@type\":\"ReadAction\",\"target\":[\"https:\/\/radioinfinitagoya.com.ar\/v1\/2025\/09\/13\/qatar-prepara-cumbre-arabe-tras-el-ataque-de-israel\/\"]}]},{\"@type\":\"ImageObject\",\"inLanguage\":\"es-AR\",\"@id\":\"https:\/\/radioinfinitagoya.com.ar\/v1\/2025\/09\/13\/qatar-prepara-cumbre-arabe-tras-el-ataque-de-israel\/#primaryimage\",\"url\":\"https:\/\/radioinfinitagoya.com.ar\/v1\/wp-content\/uploads\/2025\/09\/israel-ataca-qatar.webp\",\"contentUrl\":\"https:\/\/radioinfinitagoya.com.ar\/v1\/wp-content\/uploads\/2025\/09\/israel-ataca-qatar.webp\",\"width\":655,\"height\":368},{\"@type\":\"BreadcrumbList\",\"@id\":\"https:\/\/radioinfinitagoya.com.ar\/v1\/2025\/09\/13\/qatar-prepara-cumbre-arabe-tras-el-ataque-de-israel\/#breadcrumb\",\"itemListElement\":[{\"@type\":\"ListItem\",\"position\":1,\"name\":\"Inicio\",\"item\":\"https:\/\/radioinfinitagoya.com.ar\/v1\/\"},{\"@type\":\"ListItem\",\"position\":2,\"name\":\"Qatar prepara cumbre \u00e1rabe tras el ataque de Israel\"}]},{\"@type\":\"WebSite\",\"@id\":\"https:\/\/radioinfinitagoya.com.ar\/v1\/#website\",\"url\":\"https:\/\/radioinfinitagoya.com.ar\/v1\/\",\"name\":\"radioinfinitagoya.com.ar\",\"description\":\"Radio de noticias\",\"publisher\":{\"@id\":\"https:\/\/radioinfinitagoya.com.ar\/v1\/#organization\"},\"potentialAction\":[{\"@type\":\"SearchAction\",\"target\":{\"@type\":\"EntryPoint\",\"urlTemplate\":\"https:\/\/radioinfinitagoya.com.ar\/v1\/?s={search_term_string}\"},\"query-input\":{\"@type\":\"PropertyValueSpecification\",\"valueRequired\":true,\"valueName\":\"search_term_string\"}}],\"inLanguage\":\"es-AR\"},{\"@type\":\"Organization\",\"@id\":\"https:\/\/radioinfinitagoya.com.ar\/v1\/#organization\",\"name\":\"Radio Infinita Goya\",\"url\":\"https:\/\/radioinfinitagoya.com.ar\/v1\/\",\"logo\":{\"@type\":\"ImageObject\",\"inLanguage\":\"es-AR\",\"@id\":\"https:\/\/radioinfinitagoya.com.ar\/v1\/#\/schema\/logo\/image\/\",\"url\":\"https:\/\/radioinfinitagoya.com.ar\/v1\/wp-content\/uploads\/2019\/11\/logo-pie-web.png\",\"contentUrl\":\"https:\/\/radioinfinitagoya.com.ar\/v1\/wp-content\/uploads\/2019\/11\/logo-pie-web.png\",\"width\":635,\"height\":326,\"caption\":\"Radio Infinita Goya\"},\"image\":{\"@id\":\"https:\/\/radioinfinitagoya.com.ar\/v1\/#\/schema\/logo\/image\/\"},\"sameAs\":[\"https:\/\/www.facebook.com\/p\/Infinita-Goya-100063870918311\/\"]},{\"@type\":\"Person\",\"@id\":\"https:\/\/radioinfinitagoya.com.ar\/v1\/#\/schema\/person\/d4cf9c413d4f6edb24aabdccab49ca4a\",\"name\":\"Jorge Mi\u00f1o\",\"image\":{\"@type\":\"ImageObject\",\"inLanguage\":\"es-AR\",\"@id\":\"https:\/\/secure.gravatar.com\/avatar\/910fcf6728fe95320e07a6643c1581fec1c7fc4bf8ae12e3d8f0d0373dc844be?s=96&d=mm&r=g\",\"url\":\"https:\/\/secure.gravatar.com\/avatar\/910fcf6728fe95320e07a6643c1581fec1c7fc4bf8ae12e3d8f0d0373dc844be?s=96&d=mm&r=g\",\"contentUrl\":\"https:\/\/secure.gravatar.com\/avatar\/910fcf6728fe95320e07a6643c1581fec1c7fc4bf8ae12e3d8f0d0373dc844be?s=96&d=mm&r=g\",\"caption\":\"Jorge Mi\u00f1o\"},\"sameAs\":[\"http:\/\/radioinfinitagoya.com.ar\"]}]}<\/script>\n<!-- \/ Yoast SEO plugin. -->","yoast_head_json":{"title":"Qatar prepara cumbre \u00e1rabe tras el ataque de Israel - Radio Infinita Goya","description":"\"Que volvi\u00f3 a bombardear Gaza\" Cancilleres isl\u00e1micos se reunir\u00e1n para repudiar el atentado en Doha. Un ataque israel\u00ed este s\u00e1bado dej\u00f3 como saldo la","robots":{"index":"index","follow":"follow","max-snippet":"max-snippet:-1","max-image-preview":"max-image-preview:large","max-video-preview":"max-video-preview:-1"},"canonical":"https:\/\/radioinfinitagoya.com.ar\/v1\/2025\/09\/13\/qatar-prepara-cumbre-arabe-tras-el-ataque-de-israel\/","og_locale":"es_ES","og_type":"article","og_title":"Qatar prepara cumbre \u00e1rabe tras el ataque de Israel - Radio Infinita Goya","og_description":"\"Que volvi\u00f3 a bombardear Gaza\" Cancilleres isl\u00e1micos se reunir\u00e1n para repudiar el atentado en Doha. Un ataque israel\u00ed este s\u00e1bado dej\u00f3 como saldo la","og_url":"https:\/\/radioinfinitagoya.com.ar\/v1\/2025\/09\/13\/qatar-prepara-cumbre-arabe-tras-el-ataque-de-israel\/","og_site_name":"Radio Infinita Goya","article_publisher":"https:\/\/www.facebook.com\/p\/Infinita-Goya-100063870918311\/","article_published_time":"2025-09-13T22:08:17+00:00","og_image":[{"width":655,"height":368,"url":"https:\/\/radioinfinitagoya.com.ar\/v1\/wp-content\/uploads\/2025\/09\/israel-ataca-qatar.webp","type":"image\/webp"}],"author":"Jorge Mi\u00f1o","twitter_card":"summary_large_image","twitter_misc":{"Escrito por":"Jorge Mi\u00f1o","Tiempo de lectura":"2 minutos"},"schema":{"@context":"https:\/\/schema.org","@graph":[{"@type":"Article","@id":"https:\/\/radioinfinitagoya.com.ar\/v1\/2025\/09\/13\/qatar-prepara-cumbre-arabe-tras-el-ataque-de-israel\/#article","isPartOf":{"@id":"https:\/\/radioinfinitagoya.com.ar\/v1\/2025\/09\/13\/qatar-prepara-cumbre-arabe-tras-el-ataque-de-israel\/"},"author":{"name":"Jorge Mi\u00f1o","@id":"https:\/\/radioinfinitagoya.com.ar\/v1\/#\/schema\/person\/d4cf9c413d4f6edb24aabdccab49ca4a"},"headline":"Qatar prepara cumbre \u00e1rabe tras el ataque de Israel","datePublished":"2025-09-13T22:08:17+00:00","mainEntityOfPage":{"@id":"https:\/\/radioinfinitagoya.com.ar\/v1\/2025\/09\/13\/qatar-prepara-cumbre-arabe-tras-el-ataque-de-israel\/"},"wordCount":404,"publisher":{"@id":"https:\/\/radioinfinitagoya.com.ar\/v1\/#organization"},"image":{"@id":"https:\/\/radioinfinitagoya.com.ar\/v1\/2025\/09\/13\/qatar-prepara-cumbre-arabe-tras-el-ataque-de-israel\/#primaryimage"},"thumbnailUrl":"https:\/\/radioinfinitagoya.com.ar\/v1\/wp-content\/uploads\/2025\/09\/israel-ataca-qatar.webp","articleSection":["DESTACADOS"],"inLanguage":"es-AR"},{"@type":"WebPage","@id":"https:\/\/radioinfinitagoya.com.ar\/v1\/2025\/09\/13\/qatar-prepara-cumbre-arabe-tras-el-ataque-de-israel\/","url":"https:\/\/radioinfinitagoya.com.ar\/v1\/2025\/09\/13\/qatar-prepara-cumbre-arabe-tras-el-ataque-de-israel\/","name":"Qatar prepara cumbre \u00e1rabe tras el ataque de Israel - Radio Infinita Goya","isPartOf":{"@id":"https:\/\/radioinfinitagoya.com.ar\/v1\/#website"},"primaryImageOfPage":{"@id":"https:\/\/radioinfinitagoya.com.ar\/v1\/2025\/09\/13\/qatar-prepara-cumbre-arabe-tras-el-ataque-de-israel\/#primaryimage"},"image":{"@id":"https:\/\/radioinfinitagoya.com.ar\/v1\/2025\/09\/13\/qatar-prepara-cumbre-arabe-tras-el-ataque-de-israel\/#primaryimage"},"thumbnailUrl":"https:\/\/radioinfinitagoya.com.ar\/v1\/wp-content\/uploads\/2025\/09\/israel-ataca-qatar.webp","datePublished":"2025-09-13T22:08:17+00:00","description":"\"Que volvi\u00f3 a bombardear Gaza\" Cancilleres isl\u00e1micos se reunir\u00e1n para repudiar el atentado en Doha. Un ataque israel\u00ed este s\u00e1bado dej\u00f3 como saldo la","breadcrumb":{"@id":"https:\/\/radioinfinitagoya.com.ar\/v1\/2025\/09\/13\/qatar-prepara-cumbre-arabe-tras-el-ataque-de-israel\/#breadcrumb"},"inLanguage":"es-AR","potentialAction":[{"@type":"ReadAction","target":["https:\/\/radioinfinitagoya.com.ar\/v1\/2025\/09\/13\/qatar-prepara-cumbre-arabe-tras-el-ataque-de-israel\/"]}]},{"@type":"ImageObject","inLanguage":"es-AR","@id":"https:\/\/radioinfinitagoya.com.ar\/v1\/2025\/09\/13\/qatar-prepara-cumbre-arabe-tras-el-ataque-de-israel\/#primaryimage","url":"https:\/\/radioinfinitagoya.com.ar\/v1\/wp-content\/uploads\/2025\/09\/israel-ataca-qatar.webp","contentUrl":"https:\/\/radioinfinitagoya.com.ar\/v1\/wp-content\/uploads\/2025\/09\/israel-ataca-qatar.webp","width":655,"height":368},{"@type":"BreadcrumbList","@id":"https:\/\/radioinfinitagoya.com.ar\/v1\/2025\/09\/13\/qatar-prepara-cumbre-arabe-tras-el-ataque-de-israel\/#breadcrumb","itemListElement":[{"@type":"ListItem","position":1,"name":"Inicio","item":"https:\/\/radioinfinitagoya.com.ar\/v1\/"},{"@type":"ListItem","position":2,"name":"Qatar prepara cumbre \u00e1rabe tras el ataque de Israel"}]},{"@type":"WebSite","@id":"https:\/\/radioinfinitagoya.com.ar\/v1\/#website","url":"https:\/\/radioinfinitagoya.com.ar\/v1\/","name":"radioinfinitagoya.com.ar","description":"Radio de noticias","publisher":{"@id":"https:\/\/radioinfinitagoya.com.ar\/v1\/#organization"},"potentialAction":[{"@type":"SearchAction","target":{"@type":"EntryPoint","urlTemplate":"https:\/\/radioinfinitagoya.com.ar\/v1\/?s={search_term_string}"},"query-input":{"@type":"PropertyValueSpecification","valueRequired":true,"valueName":"search_term_string"}}],"inLanguage":"es-AR"},{"@type":"Organization","@id":"https:\/\/radioinfinitagoya.com.ar\/v1\/#organization","name":"Radio Infinita Goya","url":"https:\/\/radioinfinitagoya.com.ar\/v1\/","logo":{"@type":"ImageObject","inLanguage":"es-AR","@id":"https:\/\/radioinfinitagoya.com.ar\/v1\/#\/schema\/logo\/image\/","url":"https:\/\/radioinfinitagoya.com.ar\/v1\/wp-content\/uploads\/2019\/11\/logo-pie-web.png","contentUrl":"https:\/\/radioinfinitagoya.com.ar\/v1\/wp-content\/uploads\/2019\/11\/logo-pie-web.png","width":635,"height":326,"caption":"Radio Infinita Goya"},"image":{"@id":"https:\/\/radioinfinitagoya.com.ar\/v1\/#\/schema\/logo\/image\/"},"sameAs":["https:\/\/www.facebook.com\/p\/Infinita-Goya-100063870918311\/"]},{"@type":"Person","@id":"https:\/\/radioinfinitagoya.com.ar\/v1\/#\/schema\/person\/d4cf9c413d4f6edb24aabdccab49ca4a","name":"Jorge Mi\u00f1o","image":{"@type":"ImageObject","inLanguage":"es-AR","@id":"https:\/\/secure.gravatar.com\/avatar\/910fcf6728fe95320e07a6643c1581fec1c7fc4bf8ae12e3d8f0d0373dc844be?s=96&d=mm&r=g","url":"https:\/\/secure.gravatar.com\/avatar\/910fcf6728fe95320e07a6643c1581fec1c7fc4bf8ae12e3d8f0d0373dc844be?s=96&d=mm&r=g","contentUrl":"https:\/\/secure.gravatar.com\/avatar\/910fcf6728fe95320e07a6643c1581fec1c7fc4bf8ae12e3d8f0d0373dc844be?s=96&d=mm&r=g","caption":"Jorge Mi\u00f1o"},"sameAs":["http:\/\/radioinfinitagoya.com.ar"]}]}},"_links":{"self":[{"href":"https:\/\/radioinfinitagoya.com.ar\/v1\/wp-json\/wp\/v2\/posts\/195873","targetHints":{"allow":["GET"]}}],"collection":[{"href":"https:\/\/radioinfinitagoya.com.ar\/v1\/wp-json\/wp\/v2\/posts"}],"about":[{"href":"https:\/\/radioinfinitagoya.com.ar\/v1\/wp-json\/wp\/v2\/types\/post"}],"author":[{"embeddable":true,"href":"https:\/\/radioinfinitagoya.com.ar\/v1\/wp-json\/wp\/v2\/users\/4"}],"replies":[{"embeddable":true,"href":"https:\/\/radioinfinitagoya.com.ar\/v1\/wp-json\/wp\/v2\/comments?post=195873"}],"version-history":[{"count":0,"href":"https:\/\/radioinfinitagoya.com.ar\/v1\/wp-json\/wp\/v2\/posts\/195873\/revisions"}],"wp:featuredmedia":[{"embeddable":true,"href":"https:\/\/radioinfinitagoya.com.ar\/v1\/wp-json\/wp\/v2\/media\/195874"}],"wp:attachment":[{"href":"https:\/\/radioinfinitagoya.com.ar\/v1\/wp-json\/wp\/v2\/media?parent=195873"}],"wp:term":[{"taxonomy":"category","embeddable":true,"href":"https:\/\/radioinfinitagoya.com.ar\/v1\/wp-json\/wp\/v2\/categories?post=195873"},{"taxonomy":"post_tag","embeddable":true,"href":"https:\/\/radioinfinitagoya.com.ar\/v1\/wp-json\/wp\/v2\/tags?post=195873"}],"curies":[{"name":"wp","href":"https:\/\/api.w.org\/{rel}","templated":true}]}}