{"id":195888,"date":"2025-09-14T17:35:35","date_gmt":"2025-09-14T20:35:35","guid":{"rendered":"https:\/\/radioinfinitagoya.com.ar\/v1\/?p=195888"},"modified":"2025-09-14T17:35:35","modified_gmt":"2025-09-14T20:35:35","slug":"corrientes-sumo-mas-medallas-en-los-jadar","status":"publish","type":"post","link":"https:\/\/radioinfinitagoya.com.ar\/v1\/2025\/09\/14\/corrientes-sumo-mas-medallas-en-los-jadar\/","title":{"rendered":"Corrientes sum\u00f3 m\u00e1s medallas en los Jadar"},"content":{"rendered":"<p>La pen\u00faltima jornada de los Juegos Argentinos de Alto Rendimiento Deportivo (Jadar) &#8211; Rosario 2025 arroj\u00f3 buenas noticias para la delegaci\u00f3n correntina que logr\u00f3 cuatro nuevas medallas. Las pesas aport\u00f3 dos oro con Agustina \u00c1lvarez y Martina Gim\u00e9nez, mientras que en la misma disciplina, Valentina Cabral subi\u00f3 al segundo lugar del podio, en tanto Milena Cattarossi consigui\u00f3 la plata en taekwondo.<\/p>\n<p>Un de las medallas de oro lleg\u00f3 con la fuerza de la pesista Agustina \u00c1lvarez (categor\u00eda -58 kg. de peso corporal) perteneciente al Colegio Figuerero &#8211; equipo de Corrientes Pesas. La correntina termin\u00f3 con un total de 178 kg. (76 en arranque y 102 en envi\u00f3n).<\/p>\n<p>Tambi\u00e9n subi\u00f3 a lo m\u00e1s alto del podio Martina Gim\u00e9nez en la categor\u00eda 69 kg. La correntina levant\u00f3 92 en arranque y 113 en envi\u00f3n para totalizar 205, relegando a las representante de Santa Fe y Capital Federal que finalizaron con 184 y 179 respectivamente.<\/p>\n<p>Por su parte, Valentina Cabral logr\u00f3 la medalla de plata en la categor\u00eda hasta 63 kg. de peso corporal. La correntina termin\u00f3 con un total de 165, mientras que la vencedora fue la porte\u00f1a Valentina Araoz con un total de 173. Mientras que Milena Milena Cattarossi se qued\u00f3 con la medalla de plata en la categor\u00eda hasta 57 kg. en taekwondo.<\/p>\n<p>La correntina comenz\u00f3 su participaci\u00f3n en el Predio Ferial Parque Independencia con una victoria 2 a 0 sobre Victoria Fern\u00e1ndez de Tierra del Fuego. En tanto que en la semifinal super\u00f3 a Julieta Romero de Buenos Aires, tambi\u00e9n 2 a 0.En el combate final, la correntina cay\u00f3 frente a la representante cordobesa Agostina Riu Torres.<\/p>\n<p>&nbsp;<\/p>\n","protected":false},"excerpt":{"rendered":"<p>La pen\u00faltima jornada de los Juegos Argentinos de Alto Rendimiento Deportivo (Jadar) &#8211; Rosario 2025 arroj\u00f3 buenas noticias para la delegaci\u00f3n correntina que logr\u00f3 cuatro nuevas medallas. Las pesas aport\u00f3 dos oro con Agustina \u00c1lvarez y Martina Gim\u00e9nez, mientras que en la misma disciplina, Valentina Cabral subi\u00f3 al segundo lugar del podio, en tanto Milena [&hellip;]<\/p>\n","protected":false},"author":4,"featured_media":195889,"comment_status":"closed","ping_status":"closed","sticky":false,"template":"","format":"standard","meta":{"_joinchat":[],"footnotes":""},"categories":[28],"tags":[],"class_list":{"0":"post-195888","1":"post","2":"type-post","3":"status-publish","4":"format-standard","5":"has-post-thumbnail","7":"category-deportes"},"yoast_head":"<!-- This site is optimized with the Yoast SEO plugin v27.2 - https:\/\/yoast.com\/product\/yoast-seo-wordpress\/ -->\n<title>Corrientes sum\u00f3 m\u00e1s medallas en los Jadar - Radio Infinita Goya<\/title>\n<meta name=\"description\" content=\"La pen\u00faltima jornada de los Juegos Argentinos de Alto Rendimiento Deportivo (Jadar) - Rosario 2025 arroj\u00f3 buenas noticias para la delegaci\u00f3n correntina\" \/>\n<meta name=\"robots\" content=\"index, follow, max-snippet:-1, max-image-preview:large, max-video-preview:-1\" \/>\n<link rel=\"canonical\" href=\"https:\/\/radioinfinitagoya.com.ar\/v1\/2025\/09\/14\/corrientes-sumo-mas-medallas-en-los-jadar\/\" \/>\n<meta property=\"og:locale\" content=\"es_ES\" \/>\n<meta property=\"og:type\" content=\"article\" \/>\n<meta property=\"og:title\" content=\"Corrientes sum\u00f3 m\u00e1s medallas en los Jadar - Radio Infinita Goya\" \/>\n<meta property=\"og:description\" content=\"La pen\u00faltima jornada de los Juegos Argentinos de Alto Rendimiento Deportivo (Jadar) - Rosario 2025 arroj\u00f3 buenas noticias para la delegaci\u00f3n correntina\" \/>\n<meta property=\"og:url\" content=\"https:\/\/radioinfinitagoya.com.ar\/v1\/2025\/09\/14\/corrientes-sumo-mas-medallas-en-los-jadar\/\" \/>\n<meta property=\"og:site_name\" content=\"Radio Infinita Goya\" \/>\n<meta property=\"article:publisher\" content=\"https:\/\/www.facebook.com\/p\/Infinita-Goya-100063870918311\/\" \/>\n<meta property=\"article:published_time\" content=\"2025-09-14T20:35:35+00:00\" \/>\n<meta property=\"og:image\" content=\"https:\/\/radioinfinitagoya.com.ar\/v1\/wp-content\/uploads\/2025\/09\/1000150228.jpg\" \/>\n\t<meta property=\"og:image:width\" content=\"1452\" \/>\n\t<meta property=\"og:image:height\" content=\"1303\" \/>\n\t<meta property=\"og:image:type\" content=\"image\/jpeg\" \/>\n<meta name=\"author\" content=\"Jorge Mi\u00f1o\" \/>\n<meta name=\"twitter:card\" content=\"summary_large_image\" \/>\n<meta name=\"twitter:label1\" content=\"Escrito por\" \/>\n\t<meta name=\"twitter:data1\" content=\"Jorge Mi\u00f1o\" \/>\n\t<meta name=\"twitter:label2\" content=\"Tiempo de lectura\" \/>\n\t<meta name=\"twitter:data2\" content=\"2 minutos\" \/>\n<script type=\"application\/ld+json\" class=\"yoast-schema-graph\">{\"@context\":\"https:\/\/schema.org\",\"@graph\":[{\"@type\":\"Article\",\"@id\":\"https:\/\/radioinfinitagoya.com.ar\/v1\/2025\/09\/14\/corrientes-sumo-mas-medallas-en-los-jadar\/#article\",\"isPartOf\":{\"@id\":\"https:\/\/radioinfinitagoya.com.ar\/v1\/2025\/09\/14\/corrientes-sumo-mas-medallas-en-los-jadar\/\"},\"author\":{\"name\":\"Jorge Mi\u00f1o\",\"@id\":\"https:\/\/radioinfinitagoya.com.ar\/v1\/#\/schema\/person\/d4cf9c413d4f6edb24aabdccab49ca4a\"},\"headline\":\"Corrientes sum\u00f3 m\u00e1s medallas en los Jadar\",\"datePublished\":\"2025-09-14T20:35:35+00:00\",\"mainEntityOfPage\":{\"@id\":\"https:\/\/radioinfinitagoya.com.ar\/v1\/2025\/09\/14\/corrientes-sumo-mas-medallas-en-los-jadar\/\"},\"wordCount\":276,\"publisher\":{\"@id\":\"https:\/\/radioinfinitagoya.com.ar\/v1\/#organization\"},\"image\":{\"@id\":\"https:\/\/radioinfinitagoya.com.ar\/v1\/2025\/09\/14\/corrientes-sumo-mas-medallas-en-los-jadar\/#primaryimage\"},\"thumbnailUrl\":\"https:\/\/radioinfinitagoya.com.ar\/v1\/wp-content\/uploads\/2025\/09\/1000150228.jpg\",\"articleSection\":[\"DEPORTES\"],\"inLanguage\":\"es-AR\"},{\"@type\":\"WebPage\",\"@id\":\"https:\/\/radioinfinitagoya.com.ar\/v1\/2025\/09\/14\/corrientes-sumo-mas-medallas-en-los-jadar\/\",\"url\":\"https:\/\/radioinfinitagoya.com.ar\/v1\/2025\/09\/14\/corrientes-sumo-mas-medallas-en-los-jadar\/\",\"name\":\"Corrientes sum\u00f3 m\u00e1s medallas en los Jadar - Radio Infinita Goya\",\"isPartOf\":{\"@id\":\"https:\/\/radioinfinitagoya.com.ar\/v1\/#website\"},\"primaryImageOfPage\":{\"@id\":\"https:\/\/radioinfinitagoya.com.ar\/v1\/2025\/09\/14\/corrientes-sumo-mas-medallas-en-los-jadar\/#primaryimage\"},\"image\":{\"@id\":\"https:\/\/radioinfinitagoya.com.ar\/v1\/2025\/09\/14\/corrientes-sumo-mas-medallas-en-los-jadar\/#primaryimage\"},\"thumbnailUrl\":\"https:\/\/radioinfinitagoya.com.ar\/v1\/wp-content\/uploads\/2025\/09\/1000150228.jpg\",\"datePublished\":\"2025-09-14T20:35:35+00:00\",\"description\":\"La pen\u00faltima jornada de los Juegos Argentinos de Alto Rendimiento Deportivo (Jadar) - Rosario 2025 arroj\u00f3 buenas noticias para la delegaci\u00f3n correntina\",\"breadcrumb\":{\"@id\":\"https:\/\/radioinfinitagoya.com.ar\/v1\/2025\/09\/14\/corrientes-sumo-mas-medallas-en-los-jadar\/#breadcrumb\"},\"inLanguage\":\"es-AR\",\"potentialAction\":[{\"@type\":\"ReadAction\",\"target\":[\"https:\/\/radioinfinitagoya.com.ar\/v1\/2025\/09\/14\/corrientes-sumo-mas-medallas-en-los-jadar\/\"]}]},{\"@type\":\"ImageObject\",\"inLanguage\":\"es-AR\",\"@id\":\"https:\/\/radioinfinitagoya.com.ar\/v1\/2025\/09\/14\/corrientes-sumo-mas-medallas-en-los-jadar\/#primaryimage\",\"url\":\"https:\/\/radioinfinitagoya.com.ar\/v1\/wp-content\/uploads\/2025\/09\/1000150228.jpg\",\"contentUrl\":\"https:\/\/radioinfinitagoya.com.ar\/v1\/wp-content\/uploads\/2025\/09\/1000150228.jpg\",\"width\":1452,\"height\":1303},{\"@type\":\"BreadcrumbList\",\"@id\":\"https:\/\/radioinfinitagoya.com.ar\/v1\/2025\/09\/14\/corrientes-sumo-mas-medallas-en-los-jadar\/#breadcrumb\",\"itemListElement\":[{\"@type\":\"ListItem\",\"position\":1,\"name\":\"Inicio\",\"item\":\"https:\/\/radioinfinitagoya.com.ar\/v1\/\"},{\"@type\":\"ListItem\",\"position\":2,\"name\":\"Corrientes sum\u00f3 m\u00e1s medallas en los Jadar\"}]},{\"@type\":\"WebSite\",\"@id\":\"https:\/\/radioinfinitagoya.com.ar\/v1\/#website\",\"url\":\"https:\/\/radioinfinitagoya.com.ar\/v1\/\",\"name\":\"radioinfinitagoya.com.ar\",\"description\":\"Radio de noticias\",\"publisher\":{\"@id\":\"https:\/\/radioinfinitagoya.com.ar\/v1\/#organization\"},\"potentialAction\":[{\"@type\":\"SearchAction\",\"target\":{\"@type\":\"EntryPoint\",\"urlTemplate\":\"https:\/\/radioinfinitagoya.com.ar\/v1\/?s={search_term_string}\"},\"query-input\":{\"@type\":\"PropertyValueSpecification\",\"valueRequired\":true,\"valueName\":\"search_term_string\"}}],\"inLanguage\":\"es-AR\"},{\"@type\":\"Organization\",\"@id\":\"https:\/\/radioinfinitagoya.com.ar\/v1\/#organization\",\"name\":\"Radio Infinita Goya\",\"url\":\"https:\/\/radioinfinitagoya.com.ar\/v1\/\",\"logo\":{\"@type\":\"ImageObject\",\"inLanguage\":\"es-AR\",\"@id\":\"https:\/\/radioinfinitagoya.com.ar\/v1\/#\/schema\/logo\/image\/\",\"url\":\"https:\/\/radioinfinitagoya.com.ar\/v1\/wp-content\/uploads\/2019\/11\/logo-pie-web.png\",\"contentUrl\":\"https:\/\/radioinfinitagoya.com.ar\/v1\/wp-content\/uploads\/2019\/11\/logo-pie-web.png\",\"width\":635,\"height\":326,\"caption\":\"Radio Infinita Goya\"},\"image\":{\"@id\":\"https:\/\/radioinfinitagoya.com.ar\/v1\/#\/schema\/logo\/image\/\"},\"sameAs\":[\"https:\/\/www.facebook.com\/p\/Infinita-Goya-100063870918311\/\"]},{\"@type\":\"Person\",\"@id\":\"https:\/\/radioinfinitagoya.com.ar\/v1\/#\/schema\/person\/d4cf9c413d4f6edb24aabdccab49ca4a\",\"name\":\"Jorge Mi\u00f1o\",\"image\":{\"@type\":\"ImageObject\",\"inLanguage\":\"es-AR\",\"@id\":\"https:\/\/secure.gravatar.com\/avatar\/910fcf6728fe95320e07a6643c1581fec1c7fc4bf8ae12e3d8f0d0373dc844be?s=96&d=mm&r=g\",\"url\":\"https:\/\/secure.gravatar.com\/avatar\/910fcf6728fe95320e07a6643c1581fec1c7fc4bf8ae12e3d8f0d0373dc844be?s=96&d=mm&r=g\",\"contentUrl\":\"https:\/\/secure.gravatar.com\/avatar\/910fcf6728fe95320e07a6643c1581fec1c7fc4bf8ae12e3d8f0d0373dc844be?s=96&d=mm&r=g\",\"caption\":\"Jorge Mi\u00f1o\"},\"sameAs\":[\"http:\/\/radioinfinitagoya.com.ar\"]}]}<\/script>\n<!-- \/ Yoast SEO plugin. -->","yoast_head_json":{"title":"Corrientes sum\u00f3 m\u00e1s medallas en los Jadar - Radio Infinita Goya","description":"La pen\u00faltima jornada de los Juegos Argentinos de Alto Rendimiento Deportivo (Jadar) - Rosario 2025 arroj\u00f3 buenas noticias para la delegaci\u00f3n correntina","robots":{"index":"index","follow":"follow","max-snippet":"max-snippet:-1","max-image-preview":"max-image-preview:large","max-video-preview":"max-video-preview:-1"},"canonical":"https:\/\/radioinfinitagoya.com.ar\/v1\/2025\/09\/14\/corrientes-sumo-mas-medallas-en-los-jadar\/","og_locale":"es_ES","og_type":"article","og_title":"Corrientes sum\u00f3 m\u00e1s medallas en los Jadar - Radio Infinita Goya","og_description":"La pen\u00faltima jornada de los Juegos Argentinos de Alto Rendimiento Deportivo (Jadar) - Rosario 2025 arroj\u00f3 buenas noticias para la delegaci\u00f3n correntina","og_url":"https:\/\/radioinfinitagoya.com.ar\/v1\/2025\/09\/14\/corrientes-sumo-mas-medallas-en-los-jadar\/","og_site_name":"Radio Infinita Goya","article_publisher":"https:\/\/www.facebook.com\/p\/Infinita-Goya-100063870918311\/","article_published_time":"2025-09-14T20:35:35+00:00","og_image":[{"width":1452,"height":1303,"url":"https:\/\/radioinfinitagoya.com.ar\/v1\/wp-content\/uploads\/2025\/09\/1000150228.jpg","type":"image\/jpeg"}],"author":"Jorge Mi\u00f1o","twitter_card":"summary_large_image","twitter_misc":{"Escrito por":"Jorge Mi\u00f1o","Tiempo de lectura":"2 minutos"},"schema":{"@context":"https:\/\/schema.org","@graph":[{"@type":"Article","@id":"https:\/\/radioinfinitagoya.com.ar\/v1\/2025\/09\/14\/corrientes-sumo-mas-medallas-en-los-jadar\/#article","isPartOf":{"@id":"https:\/\/radioinfinitagoya.com.ar\/v1\/2025\/09\/14\/corrientes-sumo-mas-medallas-en-los-jadar\/"},"author":{"name":"Jorge Mi\u00f1o","@id":"https:\/\/radioinfinitagoya.com.ar\/v1\/#\/schema\/person\/d4cf9c413d4f6edb24aabdccab49ca4a"},"headline":"Corrientes sum\u00f3 m\u00e1s medallas en los Jadar","datePublished":"2025-09-14T20:35:35+00:00","mainEntityOfPage":{"@id":"https:\/\/radioinfinitagoya.com.ar\/v1\/2025\/09\/14\/corrientes-sumo-mas-medallas-en-los-jadar\/"},"wordCount":276,"publisher":{"@id":"https:\/\/radioinfinitagoya.com.ar\/v1\/#organization"},"image":{"@id":"https:\/\/radioinfinitagoya.com.ar\/v1\/2025\/09\/14\/corrientes-sumo-mas-medallas-en-los-jadar\/#primaryimage"},"thumbnailUrl":"https:\/\/radioinfinitagoya.com.ar\/v1\/wp-content\/uploads\/2025\/09\/1000150228.jpg","articleSection":["DEPORTES"],"inLanguage":"es-AR"},{"@type":"WebPage","@id":"https:\/\/radioinfinitagoya.com.ar\/v1\/2025\/09\/14\/corrientes-sumo-mas-medallas-en-los-jadar\/","url":"https:\/\/radioinfinitagoya.com.ar\/v1\/2025\/09\/14\/corrientes-sumo-mas-medallas-en-los-jadar\/","name":"Corrientes sum\u00f3 m\u00e1s medallas en los Jadar - Radio Infinita Goya","isPartOf":{"@id":"https:\/\/radioinfinitagoya.com.ar\/v1\/#website"},"primaryImageOfPage":{"@id":"https:\/\/radioinfinitagoya.com.ar\/v1\/2025\/09\/14\/corrientes-sumo-mas-medallas-en-los-jadar\/#primaryimage"},"image":{"@id":"https:\/\/radioinfinitagoya.com.ar\/v1\/2025\/09\/14\/corrientes-sumo-mas-medallas-en-los-jadar\/#primaryimage"},"thumbnailUrl":"https:\/\/radioinfinitagoya.com.ar\/v1\/wp-content\/uploads\/2025\/09\/1000150228.jpg","datePublished":"2025-09-14T20:35:35+00:00","description":"La pen\u00faltima jornada de los Juegos Argentinos de Alto Rendimiento Deportivo (Jadar) - Rosario 2025 arroj\u00f3 buenas noticias para la delegaci\u00f3n correntina","breadcrumb":{"@id":"https:\/\/radioinfinitagoya.com.ar\/v1\/2025\/09\/14\/corrientes-sumo-mas-medallas-en-los-jadar\/#breadcrumb"},"inLanguage":"es-AR","potentialAction":[{"@type":"ReadAction","target":["https:\/\/radioinfinitagoya.com.ar\/v1\/2025\/09\/14\/corrientes-sumo-mas-medallas-en-los-jadar\/"]}]},{"@type":"ImageObject","inLanguage":"es-AR","@id":"https:\/\/radioinfinitagoya.com.ar\/v1\/2025\/09\/14\/corrientes-sumo-mas-medallas-en-los-jadar\/#primaryimage","url":"https:\/\/radioinfinitagoya.com.ar\/v1\/wp-content\/uploads\/2025\/09\/1000150228.jpg","contentUrl":"https:\/\/radioinfinitagoya.com.ar\/v1\/wp-content\/uploads\/2025\/09\/1000150228.jpg","width":1452,"height":1303},{"@type":"BreadcrumbList","@id":"https:\/\/radioinfinitagoya.com.ar\/v1\/2025\/09\/14\/corrientes-sumo-mas-medallas-en-los-jadar\/#breadcrumb","itemListElement":[{"@type":"ListItem","position":1,"name":"Inicio","item":"https:\/\/radioinfinitagoya.com.ar\/v1\/"},{"@type":"ListItem","position":2,"name":"Corrientes sum\u00f3 m\u00e1s medallas en los Jadar"}]},{"@type":"WebSite","@id":"https:\/\/radioinfinitagoya.com.ar\/v1\/#website","url":"https:\/\/radioinfinitagoya.com.ar\/v1\/","name":"radioinfinitagoya.com.ar","description":"Radio de noticias","publisher":{"@id":"https:\/\/radioinfinitagoya.com.ar\/v1\/#organization"},"potentialAction":[{"@type":"SearchAction","target":{"@type":"EntryPoint","urlTemplate":"https:\/\/radioinfinitagoya.com.ar\/v1\/?s={search_term_string}"},"query-input":{"@type":"PropertyValueSpecification","valueRequired":true,"valueName":"search_term_string"}}],"inLanguage":"es-AR"},{"@type":"Organization","@id":"https:\/\/radioinfinitagoya.com.ar\/v1\/#organization","name":"Radio Infinita Goya","url":"https:\/\/radioinfinitagoya.com.ar\/v1\/","logo":{"@type":"ImageObject","inLanguage":"es-AR","@id":"https:\/\/radioinfinitagoya.com.ar\/v1\/#\/schema\/logo\/image\/","url":"https:\/\/radioinfinitagoya.com.ar\/v1\/wp-content\/uploads\/2019\/11\/logo-pie-web.png","contentUrl":"https:\/\/radioinfinitagoya.com.ar\/v1\/wp-content\/uploads\/2019\/11\/logo-pie-web.png","width":635,"height":326,"caption":"Radio Infinita Goya"},"image":{"@id":"https:\/\/radioinfinitagoya.com.ar\/v1\/#\/schema\/logo\/image\/"},"sameAs":["https:\/\/www.facebook.com\/p\/Infinita-Goya-100063870918311\/"]},{"@type":"Person","@id":"https:\/\/radioinfinitagoya.com.ar\/v1\/#\/schema\/person\/d4cf9c413d4f6edb24aabdccab49ca4a","name":"Jorge Mi\u00f1o","image":{"@type":"ImageObject","inLanguage":"es-AR","@id":"https:\/\/secure.gravatar.com\/avatar\/910fcf6728fe95320e07a6643c1581fec1c7fc4bf8ae12e3d8f0d0373dc844be?s=96&d=mm&r=g","url":"https:\/\/secure.gravatar.com\/avatar\/910fcf6728fe95320e07a6643c1581fec1c7fc4bf8ae12e3d8f0d0373dc844be?s=96&d=mm&r=g","contentUrl":"https:\/\/secure.gravatar.com\/avatar\/910fcf6728fe95320e07a6643c1581fec1c7fc4bf8ae12e3d8f0d0373dc844be?s=96&d=mm&r=g","caption":"Jorge Mi\u00f1o"},"sameAs":["http:\/\/radioinfinitagoya.com.ar"]}]}},"_links":{"self":[{"href":"https:\/\/radioinfinitagoya.com.ar\/v1\/wp-json\/wp\/v2\/posts\/195888","targetHints":{"allow":["GET"]}}],"collection":[{"href":"https:\/\/radioinfinitagoya.com.ar\/v1\/wp-json\/wp\/v2\/posts"}],"about":[{"href":"https:\/\/radioinfinitagoya.com.ar\/v1\/wp-json\/wp\/v2\/types\/post"}],"author":[{"embeddable":true,"href":"https:\/\/radioinfinitagoya.com.ar\/v1\/wp-json\/wp\/v2\/users\/4"}],"replies":[{"embeddable":true,"href":"https:\/\/radioinfinitagoya.com.ar\/v1\/wp-json\/wp\/v2\/comments?post=195888"}],"version-history":[{"count":0,"href":"https:\/\/radioinfinitagoya.com.ar\/v1\/wp-json\/wp\/v2\/posts\/195888\/revisions"}],"wp:featuredmedia":[{"embeddable":true,"href":"https:\/\/radioinfinitagoya.com.ar\/v1\/wp-json\/wp\/v2\/media\/195889"}],"wp:attachment":[{"href":"https:\/\/radioinfinitagoya.com.ar\/v1\/wp-json\/wp\/v2\/media?parent=195888"}],"wp:term":[{"taxonomy":"category","embeddable":true,"href":"https:\/\/radioinfinitagoya.com.ar\/v1\/wp-json\/wp\/v2\/categories?post=195888"},{"taxonomy":"post_tag","embeddable":true,"href":"https:\/\/radioinfinitagoya.com.ar\/v1\/wp-json\/wp\/v2\/tags?post=195888"}],"curies":[{"name":"wp","href":"https:\/\/api.w.org\/{rel}","templated":true}]}}