{"id":195891,"date":"2025-09-14T17:39:14","date_gmt":"2025-09-14T20:39:14","guid":{"rendered":"https:\/\/radioinfinitagoya.com.ar\/v1\/?p=195891"},"modified":"2025-09-14T17:39:14","modified_gmt":"2025-09-14T20:39:14","slug":"milei-cancelo-su-viaje-a-espana-para-proteger-los-logros-de-esta-gestion","status":"publish","type":"post","link":"https:\/\/radioinfinitagoya.com.ar\/v1\/2025\/09\/14\/milei-cancelo-su-viaje-a-espana-para-proteger-los-logros-de-esta-gestion\/","title":{"rendered":"Milei cancel\u00f3 su viaje a Espa\u00f1a para proteger &#8220;los logros de esta gesti\u00f3n&#8221;"},"content":{"rendered":"<p>El presidente estaba invitado al evento de ultraderecha Viva 25, organizado por VOX en Espa\u00f1a, pero tras los resultados de las elecciones del domingo pasado y el esc\u00e1ndalo en Andis, decidi\u00f3 cancelar su presencia y hacer una videollamada.<\/p>\n<p>El presidente Javier Milei, quien hab\u00eda sido anunciado como \u201cestrella\u201d del festival Viva 25 organizado por VOX en Espa\u00f1a, tuvo que cambiar sus planes tras la dura derrota en las elecciones legislativas bonaerenses y el esc\u00e1ndalo por las coimas en la Agencia Nacional de Discapacidad (Andis), y finalmente particip\u00f3 del evento de este domingo por videoconferencia, desde Argentina.<\/p>\n<p>Milei comenz\u00f3 su discurso, de apenas 5 minutos, con una justificaci\u00f3n de su ausencia en el Palacio de Vistalegre de Madrid, donde se llev\u00f3 adelante la cumbre ultraderechista. \u201cQuiero que sepan que mi coraz\u00f3n est\u00e1 con ustedes y que hoy, circunstancialmente, f\u00edsicamente, me ha tocado estar en mi pa\u00eds defendiendo con u\u00f1as y dientes los logros de esta gesti\u00f3n\u201d, se\u00f1al\u00f3.<\/p>\n<p>Luego de agradecerle al l\u00edder de Vox, Santiago Abascal, por la invitaci\u00f3n y por haberlo recibido &#8220;siempre&#8221; a\u00fan cuando &#8220;todos&#8221; le &#8220;daban la espalda&#8221;, Milei dedic\u00f3 unas palabras sobre el asesinato del activista trump\u00edsta Charlie Kirk, a quien defini\u00f3 como un \u201cm\u00e1rtir de la libertad\u201d.<\/p>\n<p>&#8220;Lamentablemente, este hecho s\u00f3lo fue una prueba gr\u00e1fica m\u00e1s de lo que es verdaderamente la izquierda en su estado puro, odio y resentimiento\u201d, asegur\u00f3 el mandatario, y agreg\u00f3: \u201cParad\u00f3jicamente, este atentado fue perpetrado y celebrado por los mismos que nos acusan de violentos a nosotros, que lo \u00fanico que hacemos es expresar con vehemencia la veracidad de nuestros argumentos\u201d.<\/p>\n<p>\u201cTanto a Kirk como a cualquiera de nosotros, los izquierdistas y los progres nos tildan de ultras o extremos, cuando en realidad somos as\u00ed porque no queremos a delincuentes adue\u00f1\u00e1ndose de nuestras calles, no queremos una invasi\u00f3n migratoria, no queremos que quemen y destruyan nuestras ciudades y tampoco vamos a aceptar que nos disparen por decirles lo que pensamos\u201d, insisti\u00f3 el L\u00edder de La Libertad Avanza, victimiz\u00e1ndose.<\/p>\n<p>Y concluy\u00f3: \u201cEn definitiva, si nos atacan es porque estamos haciendo lo correcto y estamos cerca de lograr vencerlos en los planos pol\u00edticos, sociales, culturales y econ\u00f3micos\u201d.<\/p>\n<p>Finalizado el discurso por video de Milei, Abascal tom\u00f3 el micr\u00f3fono para dedicarle unas palabras de apoyo y agradecimiento. \u201cQueremos mandarte toda nuestra fuerza, todo nuestro \u00e1nimo en estos momentos en que muchos se est\u00e1n juntando para tratar de hacerte da\u00f1o. Tienes todo nuestro respaldo\u201d, expres\u00f3 el l\u00edder de Vox.<\/p>\n<p>Milei hab\u00eda sido anunciado como un invitado estrella en la cumbre de este domingo, como parte del despliegue internacional de la ultraderecha europea, que desde hace un tiempo busca extender su influencia hacia Am\u00e9rica Latina.<\/p>\n<p>Sin embargo, tras la dura derrota electoral en los comicios del pasado domingo en la provincia de Buenos Aires y el esc\u00e1ndalo de las coimas en Andis que tienen como principal protagonista a su hermana, Karina Milei, los asesores presidenciales convencieron al mandatario de cancelar su viaje a Espa\u00f1a y participar de forma remota, por videoconferencia.<\/p>\n<p>Milei ya pis\u00f3 suelo espa\u00f1ol cuatro veces desde que asumi\u00f3, pero siempre con la misma l\u00f3gica: viajar para participar de actos partidarios de la ultraderecha, nunca en calidad de visita oficial.<\/p>\n","protected":false},"excerpt":{"rendered":"<p>El presidente estaba invitado al evento de ultraderecha Viva 25, organizado por VOX en Espa\u00f1a, pero tras los resultados de las elecciones del domingo pasado y el esc\u00e1ndalo en Andis, decidi\u00f3 cancelar su presencia y hacer una videollamada. El presidente Javier Milei, quien hab\u00eda sido anunciado como \u201cestrella\u201d del festival Viva 25 organizado por VOX [&hellip;]<\/p>\n","protected":false},"author":4,"featured_media":195892,"comment_status":"closed","ping_status":"closed","sticky":false,"template":"","format":"standard","meta":{"_joinchat":[],"footnotes":""},"categories":[29],"tags":[],"class_list":{"0":"post-195891","1":"post","2":"type-post","3":"status-publish","4":"format-standard","5":"has-post-thumbnail","7":"category-nacionales"},"yoast_head":"<!-- This site is optimized with the Yoast SEO plugin v27.2 - https:\/\/yoast.com\/product\/yoast-seo-wordpress\/ -->\n<title>Milei cancel\u00f3 su viaje a Espa\u00f1a para proteger &quot;los logros de esta gesti\u00f3n&quot; - Radio Infinita Goya<\/title>\n<meta name=\"description\" content=\"El presidente estaba invitado al evento de ultraderecha Viva 25, organizado por VOX en Espa\u00f1a, pero tras los resultados de las elecciones del domingo\" \/>\n<meta name=\"robots\" content=\"index, follow, max-snippet:-1, max-image-preview:large, max-video-preview:-1\" \/>\n<link rel=\"canonical\" href=\"https:\/\/radioinfinitagoya.com.ar\/v1\/2025\/09\/14\/milei-cancelo-su-viaje-a-espana-para-proteger-los-logros-de-esta-gestion\/\" \/>\n<meta property=\"og:locale\" content=\"es_ES\" \/>\n<meta property=\"og:type\" content=\"article\" \/>\n<meta property=\"og:title\" content=\"Milei cancel\u00f3 su viaje a Espa\u00f1a para proteger &quot;los logros de esta gesti\u00f3n&quot; - Radio Infinita Goya\" \/>\n<meta property=\"og:description\" content=\"El presidente estaba invitado al evento de ultraderecha Viva 25, organizado por VOX en Espa\u00f1a, pero tras los resultados de las elecciones del domingo\" \/>\n<meta property=\"og:url\" content=\"https:\/\/radioinfinitagoya.com.ar\/v1\/2025\/09\/14\/milei-cancelo-su-viaje-a-espana-para-proteger-los-logros-de-esta-gestion\/\" \/>\n<meta property=\"og:site_name\" content=\"Radio Infinita Goya\" \/>\n<meta property=\"article:publisher\" content=\"https:\/\/www.facebook.com\/p\/Infinita-Goya-100063870918311\/\" \/>\n<meta property=\"article:published_time\" content=\"2025-09-14T20:39:14+00:00\" \/>\n<meta property=\"og:image\" content=\"https:\/\/radioinfinitagoya.com.ar\/v1\/wp-content\/uploads\/2025\/09\/G0bAJ9kWUAAQ-Um.jpg\" \/>\n\t<meta property=\"og:image:width\" content=\"680\" \/>\n\t<meta property=\"og:image:height\" content=\"414\" \/>\n\t<meta property=\"og:image:type\" content=\"image\/jpeg\" \/>\n<meta name=\"author\" content=\"Jorge Mi\u00f1o\" \/>\n<meta name=\"twitter:card\" content=\"summary_large_image\" \/>\n<meta name=\"twitter:label1\" content=\"Escrito por\" \/>\n\t<meta name=\"twitter:data1\" content=\"Jorge Mi\u00f1o\" \/>\n\t<meta name=\"twitter:label2\" content=\"Tiempo de lectura\" \/>\n\t<meta name=\"twitter:data2\" content=\"3 minutos\" \/>\n<script type=\"application\/ld+json\" class=\"yoast-schema-graph\">{\"@context\":\"https:\/\/schema.org\",\"@graph\":[{\"@type\":\"Article\",\"@id\":\"https:\/\/radioinfinitagoya.com.ar\/v1\/2025\/09\/14\/milei-cancelo-su-viaje-a-espana-para-proteger-los-logros-de-esta-gestion\/#article\",\"isPartOf\":{\"@id\":\"https:\/\/radioinfinitagoya.com.ar\/v1\/2025\/09\/14\/milei-cancelo-su-viaje-a-espana-para-proteger-los-logros-de-esta-gestion\/\"},\"author\":{\"name\":\"Jorge Mi\u00f1o\",\"@id\":\"https:\/\/radioinfinitagoya.com.ar\/v1\/#\/schema\/person\/d4cf9c413d4f6edb24aabdccab49ca4a\"},\"headline\":\"Milei cancel\u00f3 su viaje a Espa\u00f1a para proteger &#8220;los logros de esta gesti\u00f3n&#8221;\",\"datePublished\":\"2025-09-14T20:39:14+00:00\",\"mainEntityOfPage\":{\"@id\":\"https:\/\/radioinfinitagoya.com.ar\/v1\/2025\/09\/14\/milei-cancelo-su-viaje-a-espana-para-proteger-los-logros-de-esta-gestion\/\"},\"wordCount\":575,\"publisher\":{\"@id\":\"https:\/\/radioinfinitagoya.com.ar\/v1\/#organization\"},\"image\":{\"@id\":\"https:\/\/radioinfinitagoya.com.ar\/v1\/2025\/09\/14\/milei-cancelo-su-viaje-a-espana-para-proteger-los-logros-de-esta-gestion\/#primaryimage\"},\"thumbnailUrl\":\"https:\/\/radioinfinitagoya.com.ar\/v1\/wp-content\/uploads\/2025\/09\/G0bAJ9kWUAAQ-Um.jpg\",\"articleSection\":[\"NACIONALES\"],\"inLanguage\":\"es-AR\"},{\"@type\":\"WebPage\",\"@id\":\"https:\/\/radioinfinitagoya.com.ar\/v1\/2025\/09\/14\/milei-cancelo-su-viaje-a-espana-para-proteger-los-logros-de-esta-gestion\/\",\"url\":\"https:\/\/radioinfinitagoya.com.ar\/v1\/2025\/09\/14\/milei-cancelo-su-viaje-a-espana-para-proteger-los-logros-de-esta-gestion\/\",\"name\":\"Milei cancel\u00f3 su viaje a Espa\u00f1a para proteger \\\"los logros de esta gesti\u00f3n\\\" - Radio Infinita Goya\",\"isPartOf\":{\"@id\":\"https:\/\/radioinfinitagoya.com.ar\/v1\/#website\"},\"primaryImageOfPage\":{\"@id\":\"https:\/\/radioinfinitagoya.com.ar\/v1\/2025\/09\/14\/milei-cancelo-su-viaje-a-espana-para-proteger-los-logros-de-esta-gestion\/#primaryimage\"},\"image\":{\"@id\":\"https:\/\/radioinfinitagoya.com.ar\/v1\/2025\/09\/14\/milei-cancelo-su-viaje-a-espana-para-proteger-los-logros-de-esta-gestion\/#primaryimage\"},\"thumbnailUrl\":\"https:\/\/radioinfinitagoya.com.ar\/v1\/wp-content\/uploads\/2025\/09\/G0bAJ9kWUAAQ-Um.jpg\",\"datePublished\":\"2025-09-14T20:39:14+00:00\",\"description\":\"El presidente estaba invitado al evento de ultraderecha Viva 25, organizado por VOX en Espa\u00f1a, pero tras los resultados de las elecciones del domingo\",\"breadcrumb\":{\"@id\":\"https:\/\/radioinfinitagoya.com.ar\/v1\/2025\/09\/14\/milei-cancelo-su-viaje-a-espana-para-proteger-los-logros-de-esta-gestion\/#breadcrumb\"},\"inLanguage\":\"es-AR\",\"potentialAction\":[{\"@type\":\"ReadAction\",\"target\":[\"https:\/\/radioinfinitagoya.com.ar\/v1\/2025\/09\/14\/milei-cancelo-su-viaje-a-espana-para-proteger-los-logros-de-esta-gestion\/\"]}]},{\"@type\":\"ImageObject\",\"inLanguage\":\"es-AR\",\"@id\":\"https:\/\/radioinfinitagoya.com.ar\/v1\/2025\/09\/14\/milei-cancelo-su-viaje-a-espana-para-proteger-los-logros-de-esta-gestion\/#primaryimage\",\"url\":\"https:\/\/radioinfinitagoya.com.ar\/v1\/wp-content\/uploads\/2025\/09\/G0bAJ9kWUAAQ-Um.jpg\",\"contentUrl\":\"https:\/\/radioinfinitagoya.com.ar\/v1\/wp-content\/uploads\/2025\/09\/G0bAJ9kWUAAQ-Um.jpg\",\"width\":680,\"height\":414},{\"@type\":\"BreadcrumbList\",\"@id\":\"https:\/\/radioinfinitagoya.com.ar\/v1\/2025\/09\/14\/milei-cancelo-su-viaje-a-espana-para-proteger-los-logros-de-esta-gestion\/#breadcrumb\",\"itemListElement\":[{\"@type\":\"ListItem\",\"position\":1,\"name\":\"Inicio\",\"item\":\"https:\/\/radioinfinitagoya.com.ar\/v1\/\"},{\"@type\":\"ListItem\",\"position\":2,\"name\":\"Milei cancel\u00f3 su viaje a Espa\u00f1a para proteger &#8220;los logros de esta gesti\u00f3n&#8221;\"}]},{\"@type\":\"WebSite\",\"@id\":\"https:\/\/radioinfinitagoya.com.ar\/v1\/#website\",\"url\":\"https:\/\/radioinfinitagoya.com.ar\/v1\/\",\"name\":\"radioinfinitagoya.com.ar\",\"description\":\"Radio de noticias\",\"publisher\":{\"@id\":\"https:\/\/radioinfinitagoya.com.ar\/v1\/#organization\"},\"potentialAction\":[{\"@type\":\"SearchAction\",\"target\":{\"@type\":\"EntryPoint\",\"urlTemplate\":\"https:\/\/radioinfinitagoya.com.ar\/v1\/?s={search_term_string}\"},\"query-input\":{\"@type\":\"PropertyValueSpecification\",\"valueRequired\":true,\"valueName\":\"search_term_string\"}}],\"inLanguage\":\"es-AR\"},{\"@type\":\"Organization\",\"@id\":\"https:\/\/radioinfinitagoya.com.ar\/v1\/#organization\",\"name\":\"Radio Infinita Goya\",\"url\":\"https:\/\/radioinfinitagoya.com.ar\/v1\/\",\"logo\":{\"@type\":\"ImageObject\",\"inLanguage\":\"es-AR\",\"@id\":\"https:\/\/radioinfinitagoya.com.ar\/v1\/#\/schema\/logo\/image\/\",\"url\":\"https:\/\/radioinfinitagoya.com.ar\/v1\/wp-content\/uploads\/2019\/11\/logo-pie-web.png\",\"contentUrl\":\"https:\/\/radioinfinitagoya.com.ar\/v1\/wp-content\/uploads\/2019\/11\/logo-pie-web.png\",\"width\":635,\"height\":326,\"caption\":\"Radio Infinita Goya\"},\"image\":{\"@id\":\"https:\/\/radioinfinitagoya.com.ar\/v1\/#\/schema\/logo\/image\/\"},\"sameAs\":[\"https:\/\/www.facebook.com\/p\/Infinita-Goya-100063870918311\/\"]},{\"@type\":\"Person\",\"@id\":\"https:\/\/radioinfinitagoya.com.ar\/v1\/#\/schema\/person\/d4cf9c413d4f6edb24aabdccab49ca4a\",\"name\":\"Jorge Mi\u00f1o\",\"image\":{\"@type\":\"ImageObject\",\"inLanguage\":\"es-AR\",\"@id\":\"https:\/\/secure.gravatar.com\/avatar\/910fcf6728fe95320e07a6643c1581fec1c7fc4bf8ae12e3d8f0d0373dc844be?s=96&d=mm&r=g\",\"url\":\"https:\/\/secure.gravatar.com\/avatar\/910fcf6728fe95320e07a6643c1581fec1c7fc4bf8ae12e3d8f0d0373dc844be?s=96&d=mm&r=g\",\"contentUrl\":\"https:\/\/secure.gravatar.com\/avatar\/910fcf6728fe95320e07a6643c1581fec1c7fc4bf8ae12e3d8f0d0373dc844be?s=96&d=mm&r=g\",\"caption\":\"Jorge Mi\u00f1o\"},\"sameAs\":[\"http:\/\/radioinfinitagoya.com.ar\"]}]}<\/script>\n<!-- \/ Yoast SEO plugin. -->","yoast_head_json":{"title":"Milei cancel\u00f3 su viaje a Espa\u00f1a para proteger \"los logros de esta gesti\u00f3n\" - Radio Infinita Goya","description":"El presidente estaba invitado al evento de ultraderecha Viva 25, organizado por VOX en Espa\u00f1a, pero tras los resultados de las elecciones del domingo","robots":{"index":"index","follow":"follow","max-snippet":"max-snippet:-1","max-image-preview":"max-image-preview:large","max-video-preview":"max-video-preview:-1"},"canonical":"https:\/\/radioinfinitagoya.com.ar\/v1\/2025\/09\/14\/milei-cancelo-su-viaje-a-espana-para-proteger-los-logros-de-esta-gestion\/","og_locale":"es_ES","og_type":"article","og_title":"Milei cancel\u00f3 su viaje a Espa\u00f1a para proteger \"los logros de esta gesti\u00f3n\" - Radio Infinita Goya","og_description":"El presidente estaba invitado al evento de ultraderecha Viva 25, organizado por VOX en Espa\u00f1a, pero tras los resultados de las elecciones del domingo","og_url":"https:\/\/radioinfinitagoya.com.ar\/v1\/2025\/09\/14\/milei-cancelo-su-viaje-a-espana-para-proteger-los-logros-de-esta-gestion\/","og_site_name":"Radio Infinita Goya","article_publisher":"https:\/\/www.facebook.com\/p\/Infinita-Goya-100063870918311\/","article_published_time":"2025-09-14T20:39:14+00:00","og_image":[{"width":680,"height":414,"url":"https:\/\/radioinfinitagoya.com.ar\/v1\/wp-content\/uploads\/2025\/09\/G0bAJ9kWUAAQ-Um.jpg","type":"image\/jpeg"}],"author":"Jorge Mi\u00f1o","twitter_card":"summary_large_image","twitter_misc":{"Escrito por":"Jorge Mi\u00f1o","Tiempo de lectura":"3 minutos"},"schema":{"@context":"https:\/\/schema.org","@graph":[{"@type":"Article","@id":"https:\/\/radioinfinitagoya.com.ar\/v1\/2025\/09\/14\/milei-cancelo-su-viaje-a-espana-para-proteger-los-logros-de-esta-gestion\/#article","isPartOf":{"@id":"https:\/\/radioinfinitagoya.com.ar\/v1\/2025\/09\/14\/milei-cancelo-su-viaje-a-espana-para-proteger-los-logros-de-esta-gestion\/"},"author":{"name":"Jorge Mi\u00f1o","@id":"https:\/\/radioinfinitagoya.com.ar\/v1\/#\/schema\/person\/d4cf9c413d4f6edb24aabdccab49ca4a"},"headline":"Milei cancel\u00f3 su viaje a Espa\u00f1a para proteger &#8220;los logros de esta gesti\u00f3n&#8221;","datePublished":"2025-09-14T20:39:14+00:00","mainEntityOfPage":{"@id":"https:\/\/radioinfinitagoya.com.ar\/v1\/2025\/09\/14\/milei-cancelo-su-viaje-a-espana-para-proteger-los-logros-de-esta-gestion\/"},"wordCount":575,"publisher":{"@id":"https:\/\/radioinfinitagoya.com.ar\/v1\/#organization"},"image":{"@id":"https:\/\/radioinfinitagoya.com.ar\/v1\/2025\/09\/14\/milei-cancelo-su-viaje-a-espana-para-proteger-los-logros-de-esta-gestion\/#primaryimage"},"thumbnailUrl":"https:\/\/radioinfinitagoya.com.ar\/v1\/wp-content\/uploads\/2025\/09\/G0bAJ9kWUAAQ-Um.jpg","articleSection":["NACIONALES"],"inLanguage":"es-AR"},{"@type":"WebPage","@id":"https:\/\/radioinfinitagoya.com.ar\/v1\/2025\/09\/14\/milei-cancelo-su-viaje-a-espana-para-proteger-los-logros-de-esta-gestion\/","url":"https:\/\/radioinfinitagoya.com.ar\/v1\/2025\/09\/14\/milei-cancelo-su-viaje-a-espana-para-proteger-los-logros-de-esta-gestion\/","name":"Milei cancel\u00f3 su viaje a Espa\u00f1a para proteger \"los logros de esta gesti\u00f3n\" - Radio Infinita Goya","isPartOf":{"@id":"https:\/\/radioinfinitagoya.com.ar\/v1\/#website"},"primaryImageOfPage":{"@id":"https:\/\/radioinfinitagoya.com.ar\/v1\/2025\/09\/14\/milei-cancelo-su-viaje-a-espana-para-proteger-los-logros-de-esta-gestion\/#primaryimage"},"image":{"@id":"https:\/\/radioinfinitagoya.com.ar\/v1\/2025\/09\/14\/milei-cancelo-su-viaje-a-espana-para-proteger-los-logros-de-esta-gestion\/#primaryimage"},"thumbnailUrl":"https:\/\/radioinfinitagoya.com.ar\/v1\/wp-content\/uploads\/2025\/09\/G0bAJ9kWUAAQ-Um.jpg","datePublished":"2025-09-14T20:39:14+00:00","description":"El presidente estaba invitado al evento de ultraderecha Viva 25, organizado por VOX en Espa\u00f1a, pero tras los resultados de las elecciones del domingo","breadcrumb":{"@id":"https:\/\/radioinfinitagoya.com.ar\/v1\/2025\/09\/14\/milei-cancelo-su-viaje-a-espana-para-proteger-los-logros-de-esta-gestion\/#breadcrumb"},"inLanguage":"es-AR","potentialAction":[{"@type":"ReadAction","target":["https:\/\/radioinfinitagoya.com.ar\/v1\/2025\/09\/14\/milei-cancelo-su-viaje-a-espana-para-proteger-los-logros-de-esta-gestion\/"]}]},{"@type":"ImageObject","inLanguage":"es-AR","@id":"https:\/\/radioinfinitagoya.com.ar\/v1\/2025\/09\/14\/milei-cancelo-su-viaje-a-espana-para-proteger-los-logros-de-esta-gestion\/#primaryimage","url":"https:\/\/radioinfinitagoya.com.ar\/v1\/wp-content\/uploads\/2025\/09\/G0bAJ9kWUAAQ-Um.jpg","contentUrl":"https:\/\/radioinfinitagoya.com.ar\/v1\/wp-content\/uploads\/2025\/09\/G0bAJ9kWUAAQ-Um.jpg","width":680,"height":414},{"@type":"BreadcrumbList","@id":"https:\/\/radioinfinitagoya.com.ar\/v1\/2025\/09\/14\/milei-cancelo-su-viaje-a-espana-para-proteger-los-logros-de-esta-gestion\/#breadcrumb","itemListElement":[{"@type":"ListItem","position":1,"name":"Inicio","item":"https:\/\/radioinfinitagoya.com.ar\/v1\/"},{"@type":"ListItem","position":2,"name":"Milei cancel\u00f3 su viaje a Espa\u00f1a para proteger &#8220;los logros de esta gesti\u00f3n&#8221;"}]},{"@type":"WebSite","@id":"https:\/\/radioinfinitagoya.com.ar\/v1\/#website","url":"https:\/\/radioinfinitagoya.com.ar\/v1\/","name":"radioinfinitagoya.com.ar","description":"Radio de noticias","publisher":{"@id":"https:\/\/radioinfinitagoya.com.ar\/v1\/#organization"},"potentialAction":[{"@type":"SearchAction","target":{"@type":"EntryPoint","urlTemplate":"https:\/\/radioinfinitagoya.com.ar\/v1\/?s={search_term_string}"},"query-input":{"@type":"PropertyValueSpecification","valueRequired":true,"valueName":"search_term_string"}}],"inLanguage":"es-AR"},{"@type":"Organization","@id":"https:\/\/radioinfinitagoya.com.ar\/v1\/#organization","name":"Radio Infinita Goya","url":"https:\/\/radioinfinitagoya.com.ar\/v1\/","logo":{"@type":"ImageObject","inLanguage":"es-AR","@id":"https:\/\/radioinfinitagoya.com.ar\/v1\/#\/schema\/logo\/image\/","url":"https:\/\/radioinfinitagoya.com.ar\/v1\/wp-content\/uploads\/2019\/11\/logo-pie-web.png","contentUrl":"https:\/\/radioinfinitagoya.com.ar\/v1\/wp-content\/uploads\/2019\/11\/logo-pie-web.png","width":635,"height":326,"caption":"Radio Infinita Goya"},"image":{"@id":"https:\/\/radioinfinitagoya.com.ar\/v1\/#\/schema\/logo\/image\/"},"sameAs":["https:\/\/www.facebook.com\/p\/Infinita-Goya-100063870918311\/"]},{"@type":"Person","@id":"https:\/\/radioinfinitagoya.com.ar\/v1\/#\/schema\/person\/d4cf9c413d4f6edb24aabdccab49ca4a","name":"Jorge Mi\u00f1o","image":{"@type":"ImageObject","inLanguage":"es-AR","@id":"https:\/\/secure.gravatar.com\/avatar\/910fcf6728fe95320e07a6643c1581fec1c7fc4bf8ae12e3d8f0d0373dc844be?s=96&d=mm&r=g","url":"https:\/\/secure.gravatar.com\/avatar\/910fcf6728fe95320e07a6643c1581fec1c7fc4bf8ae12e3d8f0d0373dc844be?s=96&d=mm&r=g","contentUrl":"https:\/\/secure.gravatar.com\/avatar\/910fcf6728fe95320e07a6643c1581fec1c7fc4bf8ae12e3d8f0d0373dc844be?s=96&d=mm&r=g","caption":"Jorge Mi\u00f1o"},"sameAs":["http:\/\/radioinfinitagoya.com.ar"]}]}},"_links":{"self":[{"href":"https:\/\/radioinfinitagoya.com.ar\/v1\/wp-json\/wp\/v2\/posts\/195891","targetHints":{"allow":["GET"]}}],"collection":[{"href":"https:\/\/radioinfinitagoya.com.ar\/v1\/wp-json\/wp\/v2\/posts"}],"about":[{"href":"https:\/\/radioinfinitagoya.com.ar\/v1\/wp-json\/wp\/v2\/types\/post"}],"author":[{"embeddable":true,"href":"https:\/\/radioinfinitagoya.com.ar\/v1\/wp-json\/wp\/v2\/users\/4"}],"replies":[{"embeddable":true,"href":"https:\/\/radioinfinitagoya.com.ar\/v1\/wp-json\/wp\/v2\/comments?post=195891"}],"version-history":[{"count":0,"href":"https:\/\/radioinfinitagoya.com.ar\/v1\/wp-json\/wp\/v2\/posts\/195891\/revisions"}],"wp:featuredmedia":[{"embeddable":true,"href":"https:\/\/radioinfinitagoya.com.ar\/v1\/wp-json\/wp\/v2\/media\/195892"}],"wp:attachment":[{"href":"https:\/\/radioinfinitagoya.com.ar\/v1\/wp-json\/wp\/v2\/media?parent=195891"}],"wp:term":[{"taxonomy":"category","embeddable":true,"href":"https:\/\/radioinfinitagoya.com.ar\/v1\/wp-json\/wp\/v2\/categories?post=195891"},{"taxonomy":"post_tag","embeddable":true,"href":"https:\/\/radioinfinitagoya.com.ar\/v1\/wp-json\/wp\/v2\/tags?post=195891"}],"curies":[{"name":"wp","href":"https:\/\/api.w.org\/{rel}","templated":true}]}}