{"id":195897,"date":"2025-09-14T17:51:07","date_gmt":"2025-09-14T20:51:07","guid":{"rendered":"https:\/\/radioinfinitagoya.com.ar\/v1\/?p=195897"},"modified":"2025-09-14T17:51:07","modified_gmt":"2025-09-14T20:51:07","slug":"el-estado-cumple-de-forma-parcial-con-el-cupo-laboral-para-personas-con-discapacidad","status":"publish","type":"post","link":"https:\/\/radioinfinitagoya.com.ar\/v1\/2025\/09\/14\/el-estado-cumple-de-forma-parcial-con-el-cupo-laboral-para-personas-con-discapacidad\/","title":{"rendered":"El Estado cumple de forma parcial con el cupo laboral para personas con discapacidad"},"content":{"rendered":"<p>El jefe de Gabinete, Guillermo Francos, inform\u00f3 ante el Congreso que el piso m\u00ednimo de empleados con discapacidad se cumple o supera solamente en 14 de las 138 reparticiones informadas.<\/p>\n<p>En el \u00faltimo informe que present\u00f3 el jefe de Gabinete al Congreso, el Gobierno inform\u00f3 que solo el 1,37% de los empleados p\u00fablicos, 4467 personas, tiene certificado \u00fanico de discapacidad (CUD). Por la Ley 22.431, sancionada en 1981, ese cupo deber\u00eda ser de 4% en los organismos y dependencias de la administraci\u00f3n nacional.<\/p>\n<p>Seg\u00fan el detalle que brind\u00f3 Guillermo Francos, el piso m\u00ednimo de empleados con discapacidad se cumple o supera solamente en 14 de las 138 reparticiones informadas. Ning\u00fan ministerio figura en ese listado.<\/p>\n<p>TN se contact\u00f3 con el Ministerio de Capital Humano, la Jefatura de Gabinete y el Ministerio de Desregulaci\u00f3n. En ninguna de esas carteras dieron detalles sobre los motivos del incumplimiento del cupo de empleados con discapacidad o eventuales pol\u00edticas para subsanarlo.<\/p>\n<p>Para Rodolfo Aguiar, secretario general de ATE, la situaci\u00f3n es todav\u00eda peor a lo informado por Francos. \u201cSeg\u00fan nuestros relevamientos, la inclusi\u00f3n laboral de las personas con CUD es de 0,9% del total de personal del Estado, pese a que la Ley exige un piso de 4%. Nosotros hemos reclamado a todos los Gobiernos por su cumplimiento y ninguno cumpli\u00f3\u201d, sostuvo.<\/p>\n<p>Y denunci\u00f3: \u201cHemos identificado 401 cesanteados que tienen CUD y no estaban en planta permanente. Son casos que est\u00e1n judicializados y hemos presentado las cautelares, pero hasta el momento la mayor\u00eda se mantienen sin resoluci\u00f3n en la Justicia\u201d.<\/p>\n<p>D\u00f3nde se cumple con la inclusi\u00f3n laboral de personas con discapacidad<br \/>\nDe acuerdo con el informe de Jefatura de Gabinete, el cupo de inclusi\u00f3n laboral de personas con discapacidad se cumple solamente en un pu\u00f1ado de organismos. Ellos son:<\/p>\n<p>La Superintendencia de Riesgos del Trabajo: 9,48% del total.<br \/>\nLa Agencia Nacional de Discapacidad (Andis): 8,84%.<br \/>\nEl Centro Internacional para la Promoci\u00f3n de los Derechos Humanos: 6,9%.<br \/>\nEl Instituto Nacional de Rehabilitaci\u00f3n Psicof\u00edsica del Sur Dr. Juan Otimio Tesone: 6,59%.<br \/>\nLa Administraci\u00f3n Nacional de Medicamentos, Alimentos y Tecnolog\u00eda M\u00e9dica (Anmat): 4,79%.<br \/>\nLa Sindicatura General de la Naci\u00f3n (Sigen): 4,75%.<br \/>\nLa Superintendencia de Seguros de la Naci\u00f3n (SSN): 4,67%.<br \/>\nLa Comisi\u00f3n Nacional de Comercio Exterior (CNCE): 4,65%.<br \/>\nEl Banco de Inversi\u00f3n y Comercio Exterior S.A. (BICE): 4,57%.<br \/>\nEl Fondo Nacional de las Artes (FNA): 4,23%.<br \/>\nEl Instituto Nacional de la Propiedad Industrial (INPI): 4,11%.<br \/>\nLa Caja de Retiros, Jubilaciones y Pensiones de la Polic\u00eda Federal (CRJPPF): 4,04%.<br \/>\nEl Organismo Regulador del Sistema Nacional de Aeropuertos (ORSNA): 4,03%.<br \/>\nEl Instituto Nacional del Cine y Artes Audiovisuales (INCAA): 4%.<br \/>\nUn problema federal<br \/>\nLos problemas en la inclusi\u00f3n laboral de las personas con discapacidad no solo se encuentran en la administraci\u00f3n p\u00fablica nacional, sino tambi\u00e9n en provincias y municipios.<\/p>\n<p>\u201cEn ATE tambi\u00e9n estamos exigiendo que el cupo se respete en los estados provinciales y municipales, pero nos encontramos con los mismos escollos. Si bien no ha habido cesant\u00edas, tampoco se ha logrado que cumplan. En algunas jurisdicciones no existe legislaci\u00f3n o var\u00eda el cupo con respecto a la ley nacional\u201d, afirm\u00f3 Aguiar.<\/p>\n<p>Por su parte, Ermelinda Garbini, titular de la Direcci\u00f3n de los Derechos de las Personas con Discapacidad de la Defensor\u00eda del Pueblo de Caba, se\u00f1al\u00f3: \u201cEl cumplimiento del cupo laboral para personas con discapacidad no se ha alcanzado de manera generalizada en Argentina, ya que la mayor\u00eda de las jurisdicciones, tanto a nivel nacional como provincial, no logran alcanzar el 4% de contrataci\u00f3n establecido por la ley. Si bien existen avances y esfuerzos por parte del Estado para cumplir con esta normativa, la realidad muestra un d\u00e9ficit importante en la inclusi\u00f3n laboral de personas con discapacidad\u201d.<\/p>\n<p>En esa l\u00ednea, explic\u00f3 que a pesar de la obligaci\u00f3n estatal de asegurar a las personas con discapacidad su derecho a trabajar, la legislaci\u00f3n existente carece de mecanismos, tanto de promoci\u00f3n o incentivos como de fiscalizaci\u00f3n del cumplimiento efectivo de estas pol\u00edticas de inclusi\u00f3n.<\/p>\n<p>\u201cEsta situaci\u00f3n genera que quede en la voluntad de los funcionarios de las \u00e1reas (en el Estado), o en los directivos de las empresas (en el \u00e1mbito privado), el cumplir o no con esta legislaci\u00f3n\u201d, complet\u00f3.<\/p>\n<p>El trabajo, un derecho<\/p>\n<p>La discapacidad puede aparecer en el nacimiento o en cualquier momento de la vida. A grandes rasgos, la discapacidad puede tener origen en un problema mental, motor, visual, visceral o auditivo.<\/p>\n<p>Seg\u00fan Garbini, entre las personas que tienen CUD, las mujeres y las personas con discapacidad intelectual y psicosocial son las que enfrentan las mayores dificultades en el acceso al empleo.<\/p>\n<p>Las pol\u00edticas de inclusi\u00f3n laboral para las personas con discapacidad incluyen la concientizaci\u00f3n y la adaptaci\u00f3n de edificios y procesos de producci\u00f3n, entre otras cuestiones.<\/p>\n<p>\u201cBarreras como los prejuicios, la discriminaci\u00f3n, la falta de oportunidades laborales adecuadas, el desconocimiento empresarial sobre c\u00f3mo incluir a las personas con discapacidad y la precariedad laboral tambi\u00e9n son factores cruciales que dificultan la inserci\u00f3n laboral para todos los grupos con CUD\u201d, detall\u00f3 Garbini.<\/p>\n<p>La especialista record\u00f3 que la Convenci\u00f3n Internacional sobre los Derechos de las Personas con Discapacidad reconoce el derecho al trabajo, y dice que los Estados deben salvaguardar y promover el ejercicio de ese derecho en este grupo poblacional.<\/p>\n<p>\u201cEl desaf\u00edo, entonces, consiste en dar respuestas adecuadas a los requerimientos que surjan con el incremento de ingresantes con alg\u00fan tipo de discapacidad. Es decir, generar un sistema de apoyos para que puedan ingresar, permanecer y desarrollar adecuadamente su carrera laboral\u201d, cerr\u00f3.<\/p>\n<p>&nbsp;<\/p>\n","protected":false},"excerpt":{"rendered":"<p>El jefe de Gabinete, Guillermo Francos, inform\u00f3 ante el Congreso que el piso m\u00ednimo de empleados con discapacidad se cumple o supera solamente en 14 de las 138 reparticiones informadas. En el \u00faltimo informe que present\u00f3 el jefe de Gabinete al Congreso, el Gobierno inform\u00f3 que solo el 1,37% de los empleados p\u00fablicos, 4467 personas, [&hellip;]<\/p>\n","protected":false},"author":4,"featured_media":195898,"comment_status":"closed","ping_status":"closed","sticky":false,"template":"","format":"standard","meta":{"_joinchat":[],"footnotes":""},"categories":[29],"tags":[],"class_list":{"0":"post-195897","1":"post","2":"type-post","3":"status-publish","4":"format-standard","5":"has-post-thumbnail","7":"category-nacionales"},"yoast_head":"<!-- This site is optimized with the Yoast SEO plugin v27.2 - https:\/\/yoast.com\/product\/yoast-seo-wordpress\/ -->\n<title>El Estado cumple de forma parcial con el cupo laboral para personas con discapacidad - Radio Infinita Goya<\/title>\n<meta name=\"description\" content=\"El jefe de Gabinete, Guillermo Francos, inform\u00f3 ante el Congreso que el piso m\u00ednimo de empleados con discapacidad se cumple o supera solamente en 14 de\" \/>\n<meta name=\"robots\" content=\"index, follow, max-snippet:-1, max-image-preview:large, max-video-preview:-1\" \/>\n<link rel=\"canonical\" href=\"https:\/\/radioinfinitagoya.com.ar\/v1\/2025\/09\/14\/el-estado-cumple-de-forma-parcial-con-el-cupo-laboral-para-personas-con-discapacidad\/\" \/>\n<meta property=\"og:locale\" content=\"es_ES\" \/>\n<meta property=\"og:type\" content=\"article\" \/>\n<meta property=\"og:title\" content=\"El Estado cumple de forma parcial con el cupo laboral para personas con discapacidad - Radio Infinita Goya\" \/>\n<meta property=\"og:description\" content=\"El jefe de Gabinete, Guillermo Francos, inform\u00f3 ante el Congreso que el piso m\u00ednimo de empleados con discapacidad se cumple o supera solamente en 14 de\" \/>\n<meta property=\"og:url\" content=\"https:\/\/radioinfinitagoya.com.ar\/v1\/2025\/09\/14\/el-estado-cumple-de-forma-parcial-con-el-cupo-laboral-para-personas-con-discapacidad\/\" \/>\n<meta property=\"og:site_name\" content=\"Radio Infinita Goya\" \/>\n<meta property=\"article:publisher\" content=\"https:\/\/www.facebook.com\/p\/Infinita-Goya-100063870918311\/\" \/>\n<meta property=\"article:published_time\" content=\"2025-09-14T20:51:07+00:00\" \/>\n<meta property=\"og:image\" content=\"https:\/\/radioinfinitagoya.com.ar\/v1\/wp-content\/uploads\/2025\/09\/GwIxDU2XAAA5RjA.jpg\" \/>\n\t<meta property=\"og:image:width\" content=\"680\" \/>\n\t<meta property=\"og:image:height\" content=\"396\" \/>\n\t<meta property=\"og:image:type\" content=\"image\/jpeg\" \/>\n<meta name=\"author\" content=\"Jorge Mi\u00f1o\" \/>\n<meta name=\"twitter:card\" content=\"summary_large_image\" \/>\n<meta name=\"twitter:label1\" content=\"Escrito por\" \/>\n\t<meta name=\"twitter:data1\" content=\"Jorge Mi\u00f1o\" \/>\n\t<meta name=\"twitter:label2\" content=\"Tiempo de lectura\" \/>\n\t<meta name=\"twitter:data2\" content=\"5 minutos\" \/>\n<script type=\"application\/ld+json\" class=\"yoast-schema-graph\">{\"@context\":\"https:\/\/schema.org\",\"@graph\":[{\"@type\":\"Article\",\"@id\":\"https:\/\/radioinfinitagoya.com.ar\/v1\/2025\/09\/14\/el-estado-cumple-de-forma-parcial-con-el-cupo-laboral-para-personas-con-discapacidad\/#article\",\"isPartOf\":{\"@id\":\"https:\/\/radioinfinitagoya.com.ar\/v1\/2025\/09\/14\/el-estado-cumple-de-forma-parcial-con-el-cupo-laboral-para-personas-con-discapacidad\/\"},\"author\":{\"name\":\"Jorge Mi\u00f1o\",\"@id\":\"https:\/\/radioinfinitagoya.com.ar\/v1\/#\/schema\/person\/d4cf9c413d4f6edb24aabdccab49ca4a\"},\"headline\":\"El Estado cumple de forma parcial con el cupo laboral para personas con discapacidad\",\"datePublished\":\"2025-09-14T20:51:07+00:00\",\"mainEntityOfPage\":{\"@id\":\"https:\/\/radioinfinitagoya.com.ar\/v1\/2025\/09\/14\/el-estado-cumple-de-forma-parcial-con-el-cupo-laboral-para-personas-con-discapacidad\/\"},\"wordCount\":959,\"publisher\":{\"@id\":\"https:\/\/radioinfinitagoya.com.ar\/v1\/#organization\"},\"image\":{\"@id\":\"https:\/\/radioinfinitagoya.com.ar\/v1\/2025\/09\/14\/el-estado-cumple-de-forma-parcial-con-el-cupo-laboral-para-personas-con-discapacidad\/#primaryimage\"},\"thumbnailUrl\":\"https:\/\/radioinfinitagoya.com.ar\/v1\/wp-content\/uploads\/2025\/09\/GwIxDU2XAAA5RjA.jpg\",\"articleSection\":[\"NACIONALES\"],\"inLanguage\":\"es-AR\"},{\"@type\":\"WebPage\",\"@id\":\"https:\/\/radioinfinitagoya.com.ar\/v1\/2025\/09\/14\/el-estado-cumple-de-forma-parcial-con-el-cupo-laboral-para-personas-con-discapacidad\/\",\"url\":\"https:\/\/radioinfinitagoya.com.ar\/v1\/2025\/09\/14\/el-estado-cumple-de-forma-parcial-con-el-cupo-laboral-para-personas-con-discapacidad\/\",\"name\":\"El Estado cumple de forma parcial con el cupo laboral para personas con discapacidad - Radio Infinita Goya\",\"isPartOf\":{\"@id\":\"https:\/\/radioinfinitagoya.com.ar\/v1\/#website\"},\"primaryImageOfPage\":{\"@id\":\"https:\/\/radioinfinitagoya.com.ar\/v1\/2025\/09\/14\/el-estado-cumple-de-forma-parcial-con-el-cupo-laboral-para-personas-con-discapacidad\/#primaryimage\"},\"image\":{\"@id\":\"https:\/\/radioinfinitagoya.com.ar\/v1\/2025\/09\/14\/el-estado-cumple-de-forma-parcial-con-el-cupo-laboral-para-personas-con-discapacidad\/#primaryimage\"},\"thumbnailUrl\":\"https:\/\/radioinfinitagoya.com.ar\/v1\/wp-content\/uploads\/2025\/09\/GwIxDU2XAAA5RjA.jpg\",\"datePublished\":\"2025-09-14T20:51:07+00:00\",\"description\":\"El jefe de Gabinete, Guillermo Francos, inform\u00f3 ante el Congreso que el piso m\u00ednimo de empleados con discapacidad se cumple o supera solamente en 14 de\",\"breadcrumb\":{\"@id\":\"https:\/\/radioinfinitagoya.com.ar\/v1\/2025\/09\/14\/el-estado-cumple-de-forma-parcial-con-el-cupo-laboral-para-personas-con-discapacidad\/#breadcrumb\"},\"inLanguage\":\"es-AR\",\"potentialAction\":[{\"@type\":\"ReadAction\",\"target\":[\"https:\/\/radioinfinitagoya.com.ar\/v1\/2025\/09\/14\/el-estado-cumple-de-forma-parcial-con-el-cupo-laboral-para-personas-con-discapacidad\/\"]}]},{\"@type\":\"ImageObject\",\"inLanguage\":\"es-AR\",\"@id\":\"https:\/\/radioinfinitagoya.com.ar\/v1\/2025\/09\/14\/el-estado-cumple-de-forma-parcial-con-el-cupo-laboral-para-personas-con-discapacidad\/#primaryimage\",\"url\":\"https:\/\/radioinfinitagoya.com.ar\/v1\/wp-content\/uploads\/2025\/09\/GwIxDU2XAAA5RjA.jpg\",\"contentUrl\":\"https:\/\/radioinfinitagoya.com.ar\/v1\/wp-content\/uploads\/2025\/09\/GwIxDU2XAAA5RjA.jpg\",\"width\":680,\"height\":396},{\"@type\":\"BreadcrumbList\",\"@id\":\"https:\/\/radioinfinitagoya.com.ar\/v1\/2025\/09\/14\/el-estado-cumple-de-forma-parcial-con-el-cupo-laboral-para-personas-con-discapacidad\/#breadcrumb\",\"itemListElement\":[{\"@type\":\"ListItem\",\"position\":1,\"name\":\"Inicio\",\"item\":\"https:\/\/radioinfinitagoya.com.ar\/v1\/\"},{\"@type\":\"ListItem\",\"position\":2,\"name\":\"El Estado cumple de forma parcial con el cupo laboral para personas con discapacidad\"}]},{\"@type\":\"WebSite\",\"@id\":\"https:\/\/radioinfinitagoya.com.ar\/v1\/#website\",\"url\":\"https:\/\/radioinfinitagoya.com.ar\/v1\/\",\"name\":\"radioinfinitagoya.com.ar\",\"description\":\"Radio de noticias\",\"publisher\":{\"@id\":\"https:\/\/radioinfinitagoya.com.ar\/v1\/#organization\"},\"potentialAction\":[{\"@type\":\"SearchAction\",\"target\":{\"@type\":\"EntryPoint\",\"urlTemplate\":\"https:\/\/radioinfinitagoya.com.ar\/v1\/?s={search_term_string}\"},\"query-input\":{\"@type\":\"PropertyValueSpecification\",\"valueRequired\":true,\"valueName\":\"search_term_string\"}}],\"inLanguage\":\"es-AR\"},{\"@type\":\"Organization\",\"@id\":\"https:\/\/radioinfinitagoya.com.ar\/v1\/#organization\",\"name\":\"Radio Infinita Goya\",\"url\":\"https:\/\/radioinfinitagoya.com.ar\/v1\/\",\"logo\":{\"@type\":\"ImageObject\",\"inLanguage\":\"es-AR\",\"@id\":\"https:\/\/radioinfinitagoya.com.ar\/v1\/#\/schema\/logo\/image\/\",\"url\":\"https:\/\/radioinfinitagoya.com.ar\/v1\/wp-content\/uploads\/2019\/11\/logo-pie-web.png\",\"contentUrl\":\"https:\/\/radioinfinitagoya.com.ar\/v1\/wp-content\/uploads\/2019\/11\/logo-pie-web.png\",\"width\":635,\"height\":326,\"caption\":\"Radio Infinita Goya\"},\"image\":{\"@id\":\"https:\/\/radioinfinitagoya.com.ar\/v1\/#\/schema\/logo\/image\/\"},\"sameAs\":[\"https:\/\/www.facebook.com\/p\/Infinita-Goya-100063870918311\/\"]},{\"@type\":\"Person\",\"@id\":\"https:\/\/radioinfinitagoya.com.ar\/v1\/#\/schema\/person\/d4cf9c413d4f6edb24aabdccab49ca4a\",\"name\":\"Jorge Mi\u00f1o\",\"image\":{\"@type\":\"ImageObject\",\"inLanguage\":\"es-AR\",\"@id\":\"https:\/\/secure.gravatar.com\/avatar\/910fcf6728fe95320e07a6643c1581fec1c7fc4bf8ae12e3d8f0d0373dc844be?s=96&d=mm&r=g\",\"url\":\"https:\/\/secure.gravatar.com\/avatar\/910fcf6728fe95320e07a6643c1581fec1c7fc4bf8ae12e3d8f0d0373dc844be?s=96&d=mm&r=g\",\"contentUrl\":\"https:\/\/secure.gravatar.com\/avatar\/910fcf6728fe95320e07a6643c1581fec1c7fc4bf8ae12e3d8f0d0373dc844be?s=96&d=mm&r=g\",\"caption\":\"Jorge Mi\u00f1o\"},\"sameAs\":[\"http:\/\/radioinfinitagoya.com.ar\"]}]}<\/script>\n<!-- \/ Yoast SEO plugin. -->","yoast_head_json":{"title":"El Estado cumple de forma parcial con el cupo laboral para personas con discapacidad - Radio Infinita Goya","description":"El jefe de Gabinete, Guillermo Francos, inform\u00f3 ante el Congreso que el piso m\u00ednimo de empleados con discapacidad se cumple o supera solamente en 14 de","robots":{"index":"index","follow":"follow","max-snippet":"max-snippet:-1","max-image-preview":"max-image-preview:large","max-video-preview":"max-video-preview:-1"},"canonical":"https:\/\/radioinfinitagoya.com.ar\/v1\/2025\/09\/14\/el-estado-cumple-de-forma-parcial-con-el-cupo-laboral-para-personas-con-discapacidad\/","og_locale":"es_ES","og_type":"article","og_title":"El Estado cumple de forma parcial con el cupo laboral para personas con discapacidad - Radio Infinita Goya","og_description":"El jefe de Gabinete, Guillermo Francos, inform\u00f3 ante el Congreso que el piso m\u00ednimo de empleados con discapacidad se cumple o supera solamente en 14 de","og_url":"https:\/\/radioinfinitagoya.com.ar\/v1\/2025\/09\/14\/el-estado-cumple-de-forma-parcial-con-el-cupo-laboral-para-personas-con-discapacidad\/","og_site_name":"Radio Infinita Goya","article_publisher":"https:\/\/www.facebook.com\/p\/Infinita-Goya-100063870918311\/","article_published_time":"2025-09-14T20:51:07+00:00","og_image":[{"width":680,"height":396,"url":"https:\/\/radioinfinitagoya.com.ar\/v1\/wp-content\/uploads\/2025\/09\/GwIxDU2XAAA5RjA.jpg","type":"image\/jpeg"}],"author":"Jorge Mi\u00f1o","twitter_card":"summary_large_image","twitter_misc":{"Escrito por":"Jorge Mi\u00f1o","Tiempo de lectura":"5 minutos"},"schema":{"@context":"https:\/\/schema.org","@graph":[{"@type":"Article","@id":"https:\/\/radioinfinitagoya.com.ar\/v1\/2025\/09\/14\/el-estado-cumple-de-forma-parcial-con-el-cupo-laboral-para-personas-con-discapacidad\/#article","isPartOf":{"@id":"https:\/\/radioinfinitagoya.com.ar\/v1\/2025\/09\/14\/el-estado-cumple-de-forma-parcial-con-el-cupo-laboral-para-personas-con-discapacidad\/"},"author":{"name":"Jorge Mi\u00f1o","@id":"https:\/\/radioinfinitagoya.com.ar\/v1\/#\/schema\/person\/d4cf9c413d4f6edb24aabdccab49ca4a"},"headline":"El Estado cumple de forma parcial con el cupo laboral para personas con discapacidad","datePublished":"2025-09-14T20:51:07+00:00","mainEntityOfPage":{"@id":"https:\/\/radioinfinitagoya.com.ar\/v1\/2025\/09\/14\/el-estado-cumple-de-forma-parcial-con-el-cupo-laboral-para-personas-con-discapacidad\/"},"wordCount":959,"publisher":{"@id":"https:\/\/radioinfinitagoya.com.ar\/v1\/#organization"},"image":{"@id":"https:\/\/radioinfinitagoya.com.ar\/v1\/2025\/09\/14\/el-estado-cumple-de-forma-parcial-con-el-cupo-laboral-para-personas-con-discapacidad\/#primaryimage"},"thumbnailUrl":"https:\/\/radioinfinitagoya.com.ar\/v1\/wp-content\/uploads\/2025\/09\/GwIxDU2XAAA5RjA.jpg","articleSection":["NACIONALES"],"inLanguage":"es-AR"},{"@type":"WebPage","@id":"https:\/\/radioinfinitagoya.com.ar\/v1\/2025\/09\/14\/el-estado-cumple-de-forma-parcial-con-el-cupo-laboral-para-personas-con-discapacidad\/","url":"https:\/\/radioinfinitagoya.com.ar\/v1\/2025\/09\/14\/el-estado-cumple-de-forma-parcial-con-el-cupo-laboral-para-personas-con-discapacidad\/","name":"El Estado cumple de forma parcial con el cupo laboral para personas con discapacidad - Radio Infinita Goya","isPartOf":{"@id":"https:\/\/radioinfinitagoya.com.ar\/v1\/#website"},"primaryImageOfPage":{"@id":"https:\/\/radioinfinitagoya.com.ar\/v1\/2025\/09\/14\/el-estado-cumple-de-forma-parcial-con-el-cupo-laboral-para-personas-con-discapacidad\/#primaryimage"},"image":{"@id":"https:\/\/radioinfinitagoya.com.ar\/v1\/2025\/09\/14\/el-estado-cumple-de-forma-parcial-con-el-cupo-laboral-para-personas-con-discapacidad\/#primaryimage"},"thumbnailUrl":"https:\/\/radioinfinitagoya.com.ar\/v1\/wp-content\/uploads\/2025\/09\/GwIxDU2XAAA5RjA.jpg","datePublished":"2025-09-14T20:51:07+00:00","description":"El jefe de Gabinete, Guillermo Francos, inform\u00f3 ante el Congreso que el piso m\u00ednimo de empleados con discapacidad se cumple o supera solamente en 14 de","breadcrumb":{"@id":"https:\/\/radioinfinitagoya.com.ar\/v1\/2025\/09\/14\/el-estado-cumple-de-forma-parcial-con-el-cupo-laboral-para-personas-con-discapacidad\/#breadcrumb"},"inLanguage":"es-AR","potentialAction":[{"@type":"ReadAction","target":["https:\/\/radioinfinitagoya.com.ar\/v1\/2025\/09\/14\/el-estado-cumple-de-forma-parcial-con-el-cupo-laboral-para-personas-con-discapacidad\/"]}]},{"@type":"ImageObject","inLanguage":"es-AR","@id":"https:\/\/radioinfinitagoya.com.ar\/v1\/2025\/09\/14\/el-estado-cumple-de-forma-parcial-con-el-cupo-laboral-para-personas-con-discapacidad\/#primaryimage","url":"https:\/\/radioinfinitagoya.com.ar\/v1\/wp-content\/uploads\/2025\/09\/GwIxDU2XAAA5RjA.jpg","contentUrl":"https:\/\/radioinfinitagoya.com.ar\/v1\/wp-content\/uploads\/2025\/09\/GwIxDU2XAAA5RjA.jpg","width":680,"height":396},{"@type":"BreadcrumbList","@id":"https:\/\/radioinfinitagoya.com.ar\/v1\/2025\/09\/14\/el-estado-cumple-de-forma-parcial-con-el-cupo-laboral-para-personas-con-discapacidad\/#breadcrumb","itemListElement":[{"@type":"ListItem","position":1,"name":"Inicio","item":"https:\/\/radioinfinitagoya.com.ar\/v1\/"},{"@type":"ListItem","position":2,"name":"El Estado cumple de forma parcial con el cupo laboral para personas con discapacidad"}]},{"@type":"WebSite","@id":"https:\/\/radioinfinitagoya.com.ar\/v1\/#website","url":"https:\/\/radioinfinitagoya.com.ar\/v1\/","name":"radioinfinitagoya.com.ar","description":"Radio de noticias","publisher":{"@id":"https:\/\/radioinfinitagoya.com.ar\/v1\/#organization"},"potentialAction":[{"@type":"SearchAction","target":{"@type":"EntryPoint","urlTemplate":"https:\/\/radioinfinitagoya.com.ar\/v1\/?s={search_term_string}"},"query-input":{"@type":"PropertyValueSpecification","valueRequired":true,"valueName":"search_term_string"}}],"inLanguage":"es-AR"},{"@type":"Organization","@id":"https:\/\/radioinfinitagoya.com.ar\/v1\/#organization","name":"Radio Infinita Goya","url":"https:\/\/radioinfinitagoya.com.ar\/v1\/","logo":{"@type":"ImageObject","inLanguage":"es-AR","@id":"https:\/\/radioinfinitagoya.com.ar\/v1\/#\/schema\/logo\/image\/","url":"https:\/\/radioinfinitagoya.com.ar\/v1\/wp-content\/uploads\/2019\/11\/logo-pie-web.png","contentUrl":"https:\/\/radioinfinitagoya.com.ar\/v1\/wp-content\/uploads\/2019\/11\/logo-pie-web.png","width":635,"height":326,"caption":"Radio Infinita Goya"},"image":{"@id":"https:\/\/radioinfinitagoya.com.ar\/v1\/#\/schema\/logo\/image\/"},"sameAs":["https:\/\/www.facebook.com\/p\/Infinita-Goya-100063870918311\/"]},{"@type":"Person","@id":"https:\/\/radioinfinitagoya.com.ar\/v1\/#\/schema\/person\/d4cf9c413d4f6edb24aabdccab49ca4a","name":"Jorge Mi\u00f1o","image":{"@type":"ImageObject","inLanguage":"es-AR","@id":"https:\/\/secure.gravatar.com\/avatar\/910fcf6728fe95320e07a6643c1581fec1c7fc4bf8ae12e3d8f0d0373dc844be?s=96&d=mm&r=g","url":"https:\/\/secure.gravatar.com\/avatar\/910fcf6728fe95320e07a6643c1581fec1c7fc4bf8ae12e3d8f0d0373dc844be?s=96&d=mm&r=g","contentUrl":"https:\/\/secure.gravatar.com\/avatar\/910fcf6728fe95320e07a6643c1581fec1c7fc4bf8ae12e3d8f0d0373dc844be?s=96&d=mm&r=g","caption":"Jorge Mi\u00f1o"},"sameAs":["http:\/\/radioinfinitagoya.com.ar"]}]}},"_links":{"self":[{"href":"https:\/\/radioinfinitagoya.com.ar\/v1\/wp-json\/wp\/v2\/posts\/195897","targetHints":{"allow":["GET"]}}],"collection":[{"href":"https:\/\/radioinfinitagoya.com.ar\/v1\/wp-json\/wp\/v2\/posts"}],"about":[{"href":"https:\/\/radioinfinitagoya.com.ar\/v1\/wp-json\/wp\/v2\/types\/post"}],"author":[{"embeddable":true,"href":"https:\/\/radioinfinitagoya.com.ar\/v1\/wp-json\/wp\/v2\/users\/4"}],"replies":[{"embeddable":true,"href":"https:\/\/radioinfinitagoya.com.ar\/v1\/wp-json\/wp\/v2\/comments?post=195897"}],"version-history":[{"count":0,"href":"https:\/\/radioinfinitagoya.com.ar\/v1\/wp-json\/wp\/v2\/posts\/195897\/revisions"}],"wp:featuredmedia":[{"embeddable":true,"href":"https:\/\/radioinfinitagoya.com.ar\/v1\/wp-json\/wp\/v2\/media\/195898"}],"wp:attachment":[{"href":"https:\/\/radioinfinitagoya.com.ar\/v1\/wp-json\/wp\/v2\/media?parent=195897"}],"wp:term":[{"taxonomy":"category","embeddable":true,"href":"https:\/\/radioinfinitagoya.com.ar\/v1\/wp-json\/wp\/v2\/categories?post=195897"},{"taxonomy":"post_tag","embeddable":true,"href":"https:\/\/radioinfinitagoya.com.ar\/v1\/wp-json\/wp\/v2\/tags?post=195897"}],"curies":[{"name":"wp","href":"https:\/\/api.w.org\/{rel}","templated":true}]}}