{"id":195906,"date":"2025-09-14T18:03:54","date_gmt":"2025-09-14T21:03:54","guid":{"rendered":"https:\/\/radioinfinitagoya.com.ar\/v1\/?p=195906"},"modified":"2025-09-14T18:03:54","modified_gmt":"2025-09-14T21:03:54","slug":"gran-premio-argentino-historico-region-mesopotamia","status":"publish","type":"post","link":"https:\/\/radioinfinitagoya.com.ar\/v1\/2025\/09\/14\/gran-premio-argentino-historico-region-mesopotamia\/","title":{"rendered":"Gran Premio Argentino Hist\u00f3rico Regi\u00f3n Mesopotamia"},"content":{"rendered":"<p>El Intendente Mariano Hormaechea recibi\u00f3 a los Pilotos y autom\u00f3viles protagonistas de la Hist\u00f3rica Carrera<\/p>\n<p>La ciudad de Goya marc\u00f3 el final de la etapa 2 del premio hist\u00f3rico, el Intendente Mariano Hormaechea acompa\u00f1ado del Secretario de Turismo Sebasti\u00e1n Candia y el Vicepresidente 2\u00ba del Autom\u00f3vil Club Argentino, entidad organizadora del gran premio, Jorge Revello, bajaron la bandera a cuadros, en el Predio Costa Surub\u00ed, punto de llegada de la etapa 2.<\/p>\n<p>Una novedad que ha captado el inter\u00e9s y participaci\u00f3n de muchos aficionados al automovilismo, de la ciudadan\u00eda en general, que pudo acompa\u00f1ar desde el momento mismo de pisar territorio goyano, ingresando por la Rotonda de acceso, tomando por Avenidas Mazzanti, luego Madariaga para dirigirse desde Primeros Concejales hasta el Multiespacio Ferial Costa Surub\u00ed, lugar donde estuvo todo preparado para el top de la etapa correspondiente.<\/p>\n<p>En el Predio Costa Surub\u00ed, autos y pilotos fueron recibidos junto al Intendente, las reinas de nuestras fiestas, el Obispo Diocesano Monse\u00f1or Adolfo Canecin como presidente de C\u00e1ritas Goya, recordemos que la carrera tiene un fin solidario como parte de la finalizaci\u00f3n del recorrido, los pilotos donaron 5 kg de alimentos no perecederos entregado a la entidad social de la Iglesia Cat\u00f3lica (Caritas).<\/p>\n<p>El directivo del ACA, agradeci\u00f3 la receptividad de la comunidad de Goya, destac\u00f3 nuevamente la excelente predisposici\u00f3n del Jefe Comunal, asegurando que esto es algo que contribuye a los ejes planteados en el premio hist\u00f3rico, en este caso la XXII edici\u00f3n, el deporte, el turismo y la cuota social, como muestra de ese reconocimiento hizo entrega de un presente a Mariano Hormaechea.<\/p>\n<p>Goya fue testigo del paso de los \u201ccl\u00e1sicos\u201d del turismo de carretera, buscando todos retener esa imagen siendo parte de la historia del automovilismo.<\/p>\n<p>Una jornada celebrada por los organizadores, la municipalidad y los integrantes de C\u00e1ritas, por la respuesta dada en la ciudad, donde se establece la pausa, hasta las 8 horas del domingo, horario establecido para la continuidad de la siguiente etapa, desde Goya a Posadas, Misiones, la salida de los autos ser\u00e1 por Avenida Allen.<\/p>\n<p><img loading=\"lazy\" decoding=\"async\" class=\"alignnone size-full wp-image-195907\" src=\"https:\/\/radioinfinitagoya.com.ar\/v1\/wp-content\/uploads\/2025\/09\/prmio_argentino_region_mesopotamia_costa_surubi_4.jpg\" alt=\"\" width=\"230\" height=\"104\" \/> <img loading=\"lazy\" decoding=\"async\" class=\"alignnone size-medium wp-image-195908\" src=\"https:\/\/radioinfinitagoya.com.ar\/v1\/wp-content\/uploads\/2025\/09\/prmio_argentino_region_mesopotamia_costa_surubi_8.jpg\" alt=\"\" width=\"230\" height=\"129\" \/> <img loading=\"lazy\" decoding=\"async\" class=\"alignnone size-medium wp-image-195909\" src=\"https:\/\/radioinfinitagoya.com.ar\/v1\/wp-content\/uploads\/2025\/09\/prmio_argentino_region_mesopotamia_costa_surubi_10.jpg\" alt=\"\" width=\"230\" height=\"129\" \/><\/p>\n<p>Direcci\u00f3n de Prensa-Municipalidad de Goya<\/p>\n<p>&nbsp;<\/p>\n","protected":false},"excerpt":{"rendered":"<p>El Intendente Mariano Hormaechea recibi\u00f3 a los Pilotos y autom\u00f3viles protagonistas de la Hist\u00f3rica Carrera La ciudad de Goya marc\u00f3 el final de la etapa 2 del premio hist\u00f3rico, el Intendente Mariano Hormaechea acompa\u00f1ado del Secretario de Turismo Sebasti\u00e1n Candia y el Vicepresidente 2\u00ba del Autom\u00f3vil Club Argentino, entidad organizadora del gran premio, Jorge Revello, [&hellip;]<\/p>\n","protected":false},"author":4,"featured_media":195910,"comment_status":"closed","ping_status":"closed","sticky":false,"template":"","format":"standard","meta":{"_joinchat":[],"footnotes":""},"categories":[27],"tags":[],"class_list":{"0":"post-195906","1":"post","2":"type-post","3":"status-publish","4":"format-standard","5":"has-post-thumbnail","7":"category-locales"},"yoast_head":"<!-- This site is optimized with the Yoast SEO plugin v27.2 - https:\/\/yoast.com\/product\/yoast-seo-wordpress\/ -->\n<title>Gran Premio Argentino Hist\u00f3rico Regi\u00f3n Mesopotamia - Radio Infinita Goya<\/title>\n<meta name=\"description\" content=\"El Intendente Mariano Hormaechea recibi\u00f3 a los Pilotos y autom\u00f3viles protagonistas de la Hist\u00f3rica Carrera La ciudad de Goya marc\u00f3 el final de la etapa 2\" \/>\n<meta name=\"robots\" content=\"index, follow, max-snippet:-1, max-image-preview:large, max-video-preview:-1\" \/>\n<link rel=\"canonical\" href=\"https:\/\/radioinfinitagoya.com.ar\/v1\/2025\/09\/14\/gran-premio-argentino-historico-region-mesopotamia\/\" \/>\n<meta property=\"og:locale\" content=\"es_ES\" \/>\n<meta property=\"og:type\" content=\"article\" \/>\n<meta property=\"og:title\" content=\"Gran Premio Argentino Hist\u00f3rico Regi\u00f3n Mesopotamia - Radio Infinita Goya\" \/>\n<meta property=\"og:description\" content=\"El Intendente Mariano Hormaechea recibi\u00f3 a los Pilotos y autom\u00f3viles protagonistas de la Hist\u00f3rica Carrera La ciudad de Goya marc\u00f3 el final de la etapa 2\" \/>\n<meta property=\"og:url\" content=\"https:\/\/radioinfinitagoya.com.ar\/v1\/2025\/09\/14\/gran-premio-argentino-historico-region-mesopotamia\/\" \/>\n<meta property=\"og:site_name\" content=\"Radio Infinita Goya\" \/>\n<meta property=\"article:publisher\" content=\"https:\/\/www.facebook.com\/p\/Infinita-Goya-100063870918311\/\" \/>\n<meta property=\"article:published_time\" content=\"2025-09-14T21:03:54+00:00\" \/>\n<meta property=\"og:image\" content=\"https:\/\/radioinfinitagoya.com.ar\/v1\/wp-content\/uploads\/2025\/09\/prmio_argentino_region_mesopotamia_costa_surub.jpg\" \/>\n\t<meta property=\"og:image:width\" content=\"848\" \/>\n\t<meta property=\"og:image:height\" content=\"477\" \/>\n\t<meta property=\"og:image:type\" content=\"image\/jpeg\" \/>\n<meta name=\"author\" content=\"Jorge Mi\u00f1o\" \/>\n<meta name=\"twitter:card\" content=\"summary_large_image\" \/>\n<meta name=\"twitter:label1\" content=\"Escrito por\" \/>\n\t<meta name=\"twitter:data1\" content=\"Jorge Mi\u00f1o\" \/>\n\t<meta name=\"twitter:label2\" content=\"Tiempo de lectura\" \/>\n\t<meta name=\"twitter:data2\" content=\"3 minutos\" \/>\n<script type=\"application\/ld+json\" class=\"yoast-schema-graph\">{\"@context\":\"https:\/\/schema.org\",\"@graph\":[{\"@type\":\"Article\",\"@id\":\"https:\/\/radioinfinitagoya.com.ar\/v1\/2025\/09\/14\/gran-premio-argentino-historico-region-mesopotamia\/#article\",\"isPartOf\":{\"@id\":\"https:\/\/radioinfinitagoya.com.ar\/v1\/2025\/09\/14\/gran-premio-argentino-historico-region-mesopotamia\/\"},\"author\":{\"name\":\"Jorge Mi\u00f1o\",\"@id\":\"https:\/\/radioinfinitagoya.com.ar\/v1\/#\/schema\/person\/d4cf9c413d4f6edb24aabdccab49ca4a\"},\"headline\":\"Gran Premio Argentino Hist\u00f3rico Regi\u00f3n Mesopotamia\",\"datePublished\":\"2025-09-14T21:03:54+00:00\",\"mainEntityOfPage\":{\"@id\":\"https:\/\/radioinfinitagoya.com.ar\/v1\/2025\/09\/14\/gran-premio-argentino-historico-region-mesopotamia\/\"},\"wordCount\":369,\"publisher\":{\"@id\":\"https:\/\/radioinfinitagoya.com.ar\/v1\/#organization\"},\"image\":{\"@id\":\"https:\/\/radioinfinitagoya.com.ar\/v1\/2025\/09\/14\/gran-premio-argentino-historico-region-mesopotamia\/#primaryimage\"},\"thumbnailUrl\":\"https:\/\/radioinfinitagoya.com.ar\/v1\/wp-content\/uploads\/2025\/09\/prmio_argentino_region_mesopotamia_costa_surub.jpg\",\"articleSection\":[\"LOCALES\"],\"inLanguage\":\"es-AR\"},{\"@type\":\"WebPage\",\"@id\":\"https:\/\/radioinfinitagoya.com.ar\/v1\/2025\/09\/14\/gran-premio-argentino-historico-region-mesopotamia\/\",\"url\":\"https:\/\/radioinfinitagoya.com.ar\/v1\/2025\/09\/14\/gran-premio-argentino-historico-region-mesopotamia\/\",\"name\":\"Gran Premio Argentino Hist\u00f3rico Regi\u00f3n Mesopotamia - Radio Infinita Goya\",\"isPartOf\":{\"@id\":\"https:\/\/radioinfinitagoya.com.ar\/v1\/#website\"},\"primaryImageOfPage\":{\"@id\":\"https:\/\/radioinfinitagoya.com.ar\/v1\/2025\/09\/14\/gran-premio-argentino-historico-region-mesopotamia\/#primaryimage\"},\"image\":{\"@id\":\"https:\/\/radioinfinitagoya.com.ar\/v1\/2025\/09\/14\/gran-premio-argentino-historico-region-mesopotamia\/#primaryimage\"},\"thumbnailUrl\":\"https:\/\/radioinfinitagoya.com.ar\/v1\/wp-content\/uploads\/2025\/09\/prmio_argentino_region_mesopotamia_costa_surub.jpg\",\"datePublished\":\"2025-09-14T21:03:54+00:00\",\"description\":\"El Intendente Mariano Hormaechea recibi\u00f3 a los Pilotos y autom\u00f3viles protagonistas de la Hist\u00f3rica Carrera La ciudad de Goya marc\u00f3 el final de la etapa 2\",\"breadcrumb\":{\"@id\":\"https:\/\/radioinfinitagoya.com.ar\/v1\/2025\/09\/14\/gran-premio-argentino-historico-region-mesopotamia\/#breadcrumb\"},\"inLanguage\":\"es-AR\",\"potentialAction\":[{\"@type\":\"ReadAction\",\"target\":[\"https:\/\/radioinfinitagoya.com.ar\/v1\/2025\/09\/14\/gran-premio-argentino-historico-region-mesopotamia\/\"]}]},{\"@type\":\"ImageObject\",\"inLanguage\":\"es-AR\",\"@id\":\"https:\/\/radioinfinitagoya.com.ar\/v1\/2025\/09\/14\/gran-premio-argentino-historico-region-mesopotamia\/#primaryimage\",\"url\":\"https:\/\/radioinfinitagoya.com.ar\/v1\/wp-content\/uploads\/2025\/09\/prmio_argentino_region_mesopotamia_costa_surub.jpg\",\"contentUrl\":\"https:\/\/radioinfinitagoya.com.ar\/v1\/wp-content\/uploads\/2025\/09\/prmio_argentino_region_mesopotamia_costa_surub.jpg\",\"width\":848,\"height\":477},{\"@type\":\"BreadcrumbList\",\"@id\":\"https:\/\/radioinfinitagoya.com.ar\/v1\/2025\/09\/14\/gran-premio-argentino-historico-region-mesopotamia\/#breadcrumb\",\"itemListElement\":[{\"@type\":\"ListItem\",\"position\":1,\"name\":\"Inicio\",\"item\":\"https:\/\/radioinfinitagoya.com.ar\/v1\/\"},{\"@type\":\"ListItem\",\"position\":2,\"name\":\"Gran Premio Argentino Hist\u00f3rico Regi\u00f3n Mesopotamia\"}]},{\"@type\":\"WebSite\",\"@id\":\"https:\/\/radioinfinitagoya.com.ar\/v1\/#website\",\"url\":\"https:\/\/radioinfinitagoya.com.ar\/v1\/\",\"name\":\"radioinfinitagoya.com.ar\",\"description\":\"Radio de noticias\",\"publisher\":{\"@id\":\"https:\/\/radioinfinitagoya.com.ar\/v1\/#organization\"},\"potentialAction\":[{\"@type\":\"SearchAction\",\"target\":{\"@type\":\"EntryPoint\",\"urlTemplate\":\"https:\/\/radioinfinitagoya.com.ar\/v1\/?s={search_term_string}\"},\"query-input\":{\"@type\":\"PropertyValueSpecification\",\"valueRequired\":true,\"valueName\":\"search_term_string\"}}],\"inLanguage\":\"es-AR\"},{\"@type\":\"Organization\",\"@id\":\"https:\/\/radioinfinitagoya.com.ar\/v1\/#organization\",\"name\":\"Radio Infinita Goya\",\"url\":\"https:\/\/radioinfinitagoya.com.ar\/v1\/\",\"logo\":{\"@type\":\"ImageObject\",\"inLanguage\":\"es-AR\",\"@id\":\"https:\/\/radioinfinitagoya.com.ar\/v1\/#\/schema\/logo\/image\/\",\"url\":\"https:\/\/radioinfinitagoya.com.ar\/v1\/wp-content\/uploads\/2019\/11\/logo-pie-web.png\",\"contentUrl\":\"https:\/\/radioinfinitagoya.com.ar\/v1\/wp-content\/uploads\/2019\/11\/logo-pie-web.png\",\"width\":635,\"height\":326,\"caption\":\"Radio Infinita Goya\"},\"image\":{\"@id\":\"https:\/\/radioinfinitagoya.com.ar\/v1\/#\/schema\/logo\/image\/\"},\"sameAs\":[\"https:\/\/www.facebook.com\/p\/Infinita-Goya-100063870918311\/\"]},{\"@type\":\"Person\",\"@id\":\"https:\/\/radioinfinitagoya.com.ar\/v1\/#\/schema\/person\/d4cf9c413d4f6edb24aabdccab49ca4a\",\"name\":\"Jorge Mi\u00f1o\",\"image\":{\"@type\":\"ImageObject\",\"inLanguage\":\"es-AR\",\"@id\":\"https:\/\/secure.gravatar.com\/avatar\/910fcf6728fe95320e07a6643c1581fec1c7fc4bf8ae12e3d8f0d0373dc844be?s=96&d=mm&r=g\",\"url\":\"https:\/\/secure.gravatar.com\/avatar\/910fcf6728fe95320e07a6643c1581fec1c7fc4bf8ae12e3d8f0d0373dc844be?s=96&d=mm&r=g\",\"contentUrl\":\"https:\/\/secure.gravatar.com\/avatar\/910fcf6728fe95320e07a6643c1581fec1c7fc4bf8ae12e3d8f0d0373dc844be?s=96&d=mm&r=g\",\"caption\":\"Jorge Mi\u00f1o\"},\"sameAs\":[\"http:\/\/radioinfinitagoya.com.ar\"]}]}<\/script>\n<!-- \/ Yoast SEO plugin. -->","yoast_head_json":{"title":"Gran Premio Argentino Hist\u00f3rico Regi\u00f3n Mesopotamia - Radio Infinita Goya","description":"El Intendente Mariano Hormaechea recibi\u00f3 a los Pilotos y autom\u00f3viles protagonistas de la Hist\u00f3rica Carrera La ciudad de Goya marc\u00f3 el final de la etapa 2","robots":{"index":"index","follow":"follow","max-snippet":"max-snippet:-1","max-image-preview":"max-image-preview:large","max-video-preview":"max-video-preview:-1"},"canonical":"https:\/\/radioinfinitagoya.com.ar\/v1\/2025\/09\/14\/gran-premio-argentino-historico-region-mesopotamia\/","og_locale":"es_ES","og_type":"article","og_title":"Gran Premio Argentino Hist\u00f3rico Regi\u00f3n Mesopotamia - Radio Infinita Goya","og_description":"El Intendente Mariano Hormaechea recibi\u00f3 a los Pilotos y autom\u00f3viles protagonistas de la Hist\u00f3rica Carrera La ciudad de Goya marc\u00f3 el final de la etapa 2","og_url":"https:\/\/radioinfinitagoya.com.ar\/v1\/2025\/09\/14\/gran-premio-argentino-historico-region-mesopotamia\/","og_site_name":"Radio Infinita Goya","article_publisher":"https:\/\/www.facebook.com\/p\/Infinita-Goya-100063870918311\/","article_published_time":"2025-09-14T21:03:54+00:00","og_image":[{"width":848,"height":477,"url":"https:\/\/radioinfinitagoya.com.ar\/v1\/wp-content\/uploads\/2025\/09\/prmio_argentino_region_mesopotamia_costa_surub.jpg","type":"image\/jpeg"}],"author":"Jorge Mi\u00f1o","twitter_card":"summary_large_image","twitter_misc":{"Escrito por":"Jorge Mi\u00f1o","Tiempo de lectura":"3 minutos"},"schema":{"@context":"https:\/\/schema.org","@graph":[{"@type":"Article","@id":"https:\/\/radioinfinitagoya.com.ar\/v1\/2025\/09\/14\/gran-premio-argentino-historico-region-mesopotamia\/#article","isPartOf":{"@id":"https:\/\/radioinfinitagoya.com.ar\/v1\/2025\/09\/14\/gran-premio-argentino-historico-region-mesopotamia\/"},"author":{"name":"Jorge Mi\u00f1o","@id":"https:\/\/radioinfinitagoya.com.ar\/v1\/#\/schema\/person\/d4cf9c413d4f6edb24aabdccab49ca4a"},"headline":"Gran Premio Argentino Hist\u00f3rico Regi\u00f3n Mesopotamia","datePublished":"2025-09-14T21:03:54+00:00","mainEntityOfPage":{"@id":"https:\/\/radioinfinitagoya.com.ar\/v1\/2025\/09\/14\/gran-premio-argentino-historico-region-mesopotamia\/"},"wordCount":369,"publisher":{"@id":"https:\/\/radioinfinitagoya.com.ar\/v1\/#organization"},"image":{"@id":"https:\/\/radioinfinitagoya.com.ar\/v1\/2025\/09\/14\/gran-premio-argentino-historico-region-mesopotamia\/#primaryimage"},"thumbnailUrl":"https:\/\/radioinfinitagoya.com.ar\/v1\/wp-content\/uploads\/2025\/09\/prmio_argentino_region_mesopotamia_costa_surub.jpg","articleSection":["LOCALES"],"inLanguage":"es-AR"},{"@type":"WebPage","@id":"https:\/\/radioinfinitagoya.com.ar\/v1\/2025\/09\/14\/gran-premio-argentino-historico-region-mesopotamia\/","url":"https:\/\/radioinfinitagoya.com.ar\/v1\/2025\/09\/14\/gran-premio-argentino-historico-region-mesopotamia\/","name":"Gran Premio Argentino Hist\u00f3rico Regi\u00f3n Mesopotamia - Radio Infinita Goya","isPartOf":{"@id":"https:\/\/radioinfinitagoya.com.ar\/v1\/#website"},"primaryImageOfPage":{"@id":"https:\/\/radioinfinitagoya.com.ar\/v1\/2025\/09\/14\/gran-premio-argentino-historico-region-mesopotamia\/#primaryimage"},"image":{"@id":"https:\/\/radioinfinitagoya.com.ar\/v1\/2025\/09\/14\/gran-premio-argentino-historico-region-mesopotamia\/#primaryimage"},"thumbnailUrl":"https:\/\/radioinfinitagoya.com.ar\/v1\/wp-content\/uploads\/2025\/09\/prmio_argentino_region_mesopotamia_costa_surub.jpg","datePublished":"2025-09-14T21:03:54+00:00","description":"El Intendente Mariano Hormaechea recibi\u00f3 a los Pilotos y autom\u00f3viles protagonistas de la Hist\u00f3rica Carrera La ciudad de Goya marc\u00f3 el final de la etapa 2","breadcrumb":{"@id":"https:\/\/radioinfinitagoya.com.ar\/v1\/2025\/09\/14\/gran-premio-argentino-historico-region-mesopotamia\/#breadcrumb"},"inLanguage":"es-AR","potentialAction":[{"@type":"ReadAction","target":["https:\/\/radioinfinitagoya.com.ar\/v1\/2025\/09\/14\/gran-premio-argentino-historico-region-mesopotamia\/"]}]},{"@type":"ImageObject","inLanguage":"es-AR","@id":"https:\/\/radioinfinitagoya.com.ar\/v1\/2025\/09\/14\/gran-premio-argentino-historico-region-mesopotamia\/#primaryimage","url":"https:\/\/radioinfinitagoya.com.ar\/v1\/wp-content\/uploads\/2025\/09\/prmio_argentino_region_mesopotamia_costa_surub.jpg","contentUrl":"https:\/\/radioinfinitagoya.com.ar\/v1\/wp-content\/uploads\/2025\/09\/prmio_argentino_region_mesopotamia_costa_surub.jpg","width":848,"height":477},{"@type":"BreadcrumbList","@id":"https:\/\/radioinfinitagoya.com.ar\/v1\/2025\/09\/14\/gran-premio-argentino-historico-region-mesopotamia\/#breadcrumb","itemListElement":[{"@type":"ListItem","position":1,"name":"Inicio","item":"https:\/\/radioinfinitagoya.com.ar\/v1\/"},{"@type":"ListItem","position":2,"name":"Gran Premio Argentino Hist\u00f3rico Regi\u00f3n Mesopotamia"}]},{"@type":"WebSite","@id":"https:\/\/radioinfinitagoya.com.ar\/v1\/#website","url":"https:\/\/radioinfinitagoya.com.ar\/v1\/","name":"radioinfinitagoya.com.ar","description":"Radio de noticias","publisher":{"@id":"https:\/\/radioinfinitagoya.com.ar\/v1\/#organization"},"potentialAction":[{"@type":"SearchAction","target":{"@type":"EntryPoint","urlTemplate":"https:\/\/radioinfinitagoya.com.ar\/v1\/?s={search_term_string}"},"query-input":{"@type":"PropertyValueSpecification","valueRequired":true,"valueName":"search_term_string"}}],"inLanguage":"es-AR"},{"@type":"Organization","@id":"https:\/\/radioinfinitagoya.com.ar\/v1\/#organization","name":"Radio Infinita Goya","url":"https:\/\/radioinfinitagoya.com.ar\/v1\/","logo":{"@type":"ImageObject","inLanguage":"es-AR","@id":"https:\/\/radioinfinitagoya.com.ar\/v1\/#\/schema\/logo\/image\/","url":"https:\/\/radioinfinitagoya.com.ar\/v1\/wp-content\/uploads\/2019\/11\/logo-pie-web.png","contentUrl":"https:\/\/radioinfinitagoya.com.ar\/v1\/wp-content\/uploads\/2019\/11\/logo-pie-web.png","width":635,"height":326,"caption":"Radio Infinita Goya"},"image":{"@id":"https:\/\/radioinfinitagoya.com.ar\/v1\/#\/schema\/logo\/image\/"},"sameAs":["https:\/\/www.facebook.com\/p\/Infinita-Goya-100063870918311\/"]},{"@type":"Person","@id":"https:\/\/radioinfinitagoya.com.ar\/v1\/#\/schema\/person\/d4cf9c413d4f6edb24aabdccab49ca4a","name":"Jorge Mi\u00f1o","image":{"@type":"ImageObject","inLanguage":"es-AR","@id":"https:\/\/secure.gravatar.com\/avatar\/910fcf6728fe95320e07a6643c1581fec1c7fc4bf8ae12e3d8f0d0373dc844be?s=96&d=mm&r=g","url":"https:\/\/secure.gravatar.com\/avatar\/910fcf6728fe95320e07a6643c1581fec1c7fc4bf8ae12e3d8f0d0373dc844be?s=96&d=mm&r=g","contentUrl":"https:\/\/secure.gravatar.com\/avatar\/910fcf6728fe95320e07a6643c1581fec1c7fc4bf8ae12e3d8f0d0373dc844be?s=96&d=mm&r=g","caption":"Jorge Mi\u00f1o"},"sameAs":["http:\/\/radioinfinitagoya.com.ar"]}]}},"_links":{"self":[{"href":"https:\/\/radioinfinitagoya.com.ar\/v1\/wp-json\/wp\/v2\/posts\/195906","targetHints":{"allow":["GET"]}}],"collection":[{"href":"https:\/\/radioinfinitagoya.com.ar\/v1\/wp-json\/wp\/v2\/posts"}],"about":[{"href":"https:\/\/radioinfinitagoya.com.ar\/v1\/wp-json\/wp\/v2\/types\/post"}],"author":[{"embeddable":true,"href":"https:\/\/radioinfinitagoya.com.ar\/v1\/wp-json\/wp\/v2\/users\/4"}],"replies":[{"embeddable":true,"href":"https:\/\/radioinfinitagoya.com.ar\/v1\/wp-json\/wp\/v2\/comments?post=195906"}],"version-history":[{"count":0,"href":"https:\/\/radioinfinitagoya.com.ar\/v1\/wp-json\/wp\/v2\/posts\/195906\/revisions"}],"wp:featuredmedia":[{"embeddable":true,"href":"https:\/\/radioinfinitagoya.com.ar\/v1\/wp-json\/wp\/v2\/media\/195910"}],"wp:attachment":[{"href":"https:\/\/radioinfinitagoya.com.ar\/v1\/wp-json\/wp\/v2\/media?parent=195906"}],"wp:term":[{"taxonomy":"category","embeddable":true,"href":"https:\/\/radioinfinitagoya.com.ar\/v1\/wp-json\/wp\/v2\/categories?post=195906"},{"taxonomy":"post_tag","embeddable":true,"href":"https:\/\/radioinfinitagoya.com.ar\/v1\/wp-json\/wp\/v2\/tags?post=195906"}],"curies":[{"name":"wp","href":"https:\/\/api.w.org\/{rel}","templated":true}]}}