{"id":195912,"date":"2025-09-14T18:08:34","date_gmt":"2025-09-14T21:08:34","guid":{"rendered":"https:\/\/radioinfinitagoya.com.ar\/v1\/?p=195912"},"modified":"2025-09-14T18:08:34","modified_gmt":"2025-09-14T21:08:34","slug":"formacion-profesional-en-oficios-tecnicos","status":"publish","type":"post","link":"https:\/\/radioinfinitagoya.com.ar\/v1\/2025\/09\/14\/formacion-profesional-en-oficios-tecnicos\/","title":{"rendered":"Formaci\u00f3n Profesional en Oficios T\u00e9cnicos"},"content":{"rendered":"<p>Dio inicio a las capacitaciones del segundo semestre<\/p>\n<p>En la jornada del viernes la Direcci\u00f3n de Empleo y Capacitaci\u00f3n dependiente de la Secretaria de Modernizaci\u00f3n dio inicio a las capacitaciones en Formaci\u00f3n Profesional en Oficios T\u00e9cnicos, de profesiones duras o con riesgo, correspondiente al segundo semestre del corriente a\u00f1o<\/p>\n<p>Las capacitaciones que se brindan en esta \u00e9poca del a\u00f1o son Dise\u00f1ador Gr\u00e1fico Junior, dirigida a principiantes, les permitir\u00e1 crear dise\u00f1os gr\u00e1ficos funcionales y atractivos para redes sociales, impresos sencillos y proyectos personales, utilizando herramientas gratuitas disponibles en las redes sociales. Auxiliar en Refrigeraci\u00f3n les permitir\u00e1 realizar el mantenimiento completo y profesional de equipos de aire acondicionado Split y de ventana.<br \/>\nAsimismo, adquirir\u00e1n conocimientos y habilidades pr\u00e1cticas necesarias para diagnosticar fallas, limpiar equipos y cargar refrigerante, prepar\u00e1ndolos para un oficio con alta demanda laboral. Herrer\u00eda inicial, podr\u00e1n aplicar t\u00e9cnicas de soldadura y herrer\u00eda de dise\u00f1o de art\u00edculos decorativos o funcionales, para su hogar o emprendimiento. Mec\u00e1nica ligera de motos, les permitir\u00e1 identificar fallas, minimizar da\u00f1os y saldr\u00e1n realizando mantenimiento y reparaciones de motos. Plomer\u00eda b\u00e1sica, ofrece capacitaci\u00f3n para instalar, reparar y mantener sistemas de agua y desag\u00fce; manejo de herramientas, instalaci\u00f3n de artefactos, y soluciones a problemas como p\u00e9rdidas de agua. Reparaci\u00f3n de peque\u00f1os electrodom\u00e9sticos. Aplicar procedimientos seguros de reparaci\u00f3n de electrodom\u00e9sticos que contengan electr\u00f3nica.<\/p>\n<p>Despu\u00e9s de la bienvenida, donde reconocieron la predisposici\u00f3n a continuar form\u00e1ndose se hizo la presentaci\u00f3n de los capacitadores de los respectivos cursos: Joaqu\u00edn Morato, Juan Carlos Soto, Rub\u00e9n Esmay, Esteban Norberto y Juan Zalazar, este \u00faltimo parte del equipo de la Municipalidad de Goya, quien les brind\u00f3 una charla sobre Seguridad e Higiene a todos los presentes.<\/p>\n<p>Durante la presentaci\u00f3n se dio a conocer el marco legal de seguridad e higiene a trav\u00e9s de la Ley 19587, los potenciales riesgos laborales, y la importancia del uso correcto de casco, guantes, calzados, gafas y protectores auditivos, indicando c\u00f3mo prevenir incendios, y el compromiso de cada cursante de cuidar su salud y la de su compa\u00f1ero responsablemente.<br \/>\nLa Directora de Empleo M\u00f3nica Celes, informo que la semana pasada dio inicio a la formaci\u00f3n en u\u00f1as semipermanentes y Soft gel, en el que utilizaran t\u00e9cnicas de esmaltes de larga duraci\u00f3n, preparaci\u00f3n de u\u00f1as, aplicaci\u00f3n adecuada de productos, secado y retiro seguro, dise\u00f1o y decoraci\u00f3n de u\u00f1as.<\/p>\n<p>Asimismo, anunci\u00f3 que la pr\u00f3xima semana estar\u00e1n comenzando, las capacitaciones de atenci\u00f3n al cliente, donde conocer\u00e1n t\u00e9cnicas y estrategias para brindar un servicio eficiente al cliente, dominar de manera pr\u00e1ctica los elementos de comunicaci\u00f3n efectiva, resoluci\u00f3n de conflictos, y fidelizaci\u00f3n de clientes. Panader\u00eda b\u00e1sica, donde podr\u00e1n realizar con una sola masa una gran variedad de productos, tanto dulces como salados, en el DTC junto a la Direcci\u00f3n de Prevenci\u00f3n de Adicciones. Bordado en piedras y en ropa utilizando costura fina, as\u00ed como el bordado en calzados como por ejemplo ojotas y en vinchas. Maquillaje art\u00edstico, estos dos \u00faltimos destinados al p\u00fablico en general, quienes quieran emprender el rubro, teniendo un impacto importante en el turismo, espec\u00edficamente en los carnavales de nuestra ciudad, ya que se busca realzar la identidad y el atractivo visual de los carnavales goyanos.<\/p>\n<p>En la informaci\u00f3n se\u00f1al\u00f3 que el objetivo es: \u201cque sepan incorporar habilidades y conocimientos espec\u00edficos para desempe\u00f1arse en el mercado laboral, y que les permita su inserci\u00f3n, mejorando la situaci\u00f3n profesional, el desarrollo personal y colectivo. Estos cursos y capacitaciones buscan dotar de competencias para un oficio concreto, ofreciendo capacitaci\u00f3n t\u00e9cnica con pr\u00e1cticas profesionalizantes para acercar al estudiante al campo laboral.\u201d<\/p>\n<p>Direcci\u00f3n de Prensa-Municipalidad de Goya<\/p>\n","protected":false},"excerpt":{"rendered":"<p>Dio inicio a las capacitaciones del segundo semestre En la jornada del viernes la Direcci\u00f3n de Empleo y Capacitaci\u00f3n dependiente de la Secretaria de Modernizaci\u00f3n dio inicio a las capacitaciones en Formaci\u00f3n Profesional en Oficios T\u00e9cnicos, de profesiones duras o con riesgo, correspondiente al segundo semestre del corriente a\u00f1o Las capacitaciones que se brindan en [&hellip;]<\/p>\n","protected":false},"author":4,"featured_media":195913,"comment_status":"closed","ping_status":"closed","sticky":false,"template":"","format":"standard","meta":{"_joinchat":[],"footnotes":""},"categories":[27],"tags":[],"class_list":{"0":"post-195912","1":"post","2":"type-post","3":"status-publish","4":"format-standard","5":"has-post-thumbnail","7":"category-locales"},"yoast_head":"<!-- This site is optimized with the Yoast SEO plugin v27.2 - https:\/\/yoast.com\/product\/yoast-seo-wordpress\/ -->\n<title>Formaci\u00f3n Profesional en Oficios T\u00e9cnicos - Radio Infinita Goya<\/title>\n<meta name=\"description\" content=\"Dio inicio a las capacitaciones del segundo semestre En la jornada del viernes la Direcci\u00f3n de Empleo y Capacitaci\u00f3n dependiente de la Secretaria de\" \/>\n<meta name=\"robots\" content=\"index, follow, max-snippet:-1, max-image-preview:large, max-video-preview:-1\" \/>\n<link rel=\"canonical\" href=\"https:\/\/radioinfinitagoya.com.ar\/v1\/2025\/09\/14\/formacion-profesional-en-oficios-tecnicos\/\" \/>\n<meta property=\"og:locale\" content=\"es_ES\" \/>\n<meta property=\"og:type\" content=\"article\" \/>\n<meta property=\"og:title\" content=\"Formaci\u00f3n Profesional en Oficios T\u00e9cnicos - Radio Infinita Goya\" \/>\n<meta property=\"og:description\" content=\"Dio inicio a las capacitaciones del segundo semestre En la jornada del viernes la Direcci\u00f3n de Empleo y Capacitaci\u00f3n dependiente de la Secretaria de\" \/>\n<meta property=\"og:url\" content=\"https:\/\/radioinfinitagoya.com.ar\/v1\/2025\/09\/14\/formacion-profesional-en-oficios-tecnicos\/\" \/>\n<meta property=\"og:site_name\" content=\"Radio Infinita Goya\" \/>\n<meta property=\"article:publisher\" content=\"https:\/\/www.facebook.com\/p\/Infinita-Goya-100063870918311\/\" \/>\n<meta property=\"article:published_time\" content=\"2025-09-14T21:08:34+00:00\" \/>\n<meta property=\"og:image\" content=\"https:\/\/radioinfinitagoya.com.ar\/v1\/wp-content\/uploads\/2025\/09\/546647609_10230677383058361_2345886074460390413_n.jpg\" \/>\n\t<meta property=\"og:image:width\" content=\"1280\" \/>\n\t<meta property=\"og:image:height\" content=\"720\" \/>\n\t<meta property=\"og:image:type\" content=\"image\/jpeg\" \/>\n<meta name=\"author\" content=\"Jorge Mi\u00f1o\" \/>\n<meta name=\"twitter:card\" content=\"summary_large_image\" \/>\n<meta name=\"twitter:label1\" content=\"Escrito por\" \/>\n\t<meta name=\"twitter:data1\" content=\"Jorge Mi\u00f1o\" \/>\n\t<meta name=\"twitter:label2\" content=\"Tiempo de lectura\" \/>\n\t<meta name=\"twitter:data2\" content=\"3 minutos\" \/>\n<script type=\"application\/ld+json\" class=\"yoast-schema-graph\">{\"@context\":\"https:\/\/schema.org\",\"@graph\":[{\"@type\":\"Article\",\"@id\":\"https:\/\/radioinfinitagoya.com.ar\/v1\/2025\/09\/14\/formacion-profesional-en-oficios-tecnicos\/#article\",\"isPartOf\":{\"@id\":\"https:\/\/radioinfinitagoya.com.ar\/v1\/2025\/09\/14\/formacion-profesional-en-oficios-tecnicos\/\"},\"author\":{\"name\":\"Jorge Mi\u00f1o\",\"@id\":\"https:\/\/radioinfinitagoya.com.ar\/v1\/#\/schema\/person\/d4cf9c413d4f6edb24aabdccab49ca4a\"},\"headline\":\"Formaci\u00f3n Profesional en Oficios T\u00e9cnicos\",\"datePublished\":\"2025-09-14T21:08:34+00:00\",\"mainEntityOfPage\":{\"@id\":\"https:\/\/radioinfinitagoya.com.ar\/v1\/2025\/09\/14\/formacion-profesional-en-oficios-tecnicos\/\"},\"wordCount\":670,\"publisher\":{\"@id\":\"https:\/\/radioinfinitagoya.com.ar\/v1\/#organization\"},\"image\":{\"@id\":\"https:\/\/radioinfinitagoya.com.ar\/v1\/2025\/09\/14\/formacion-profesional-en-oficios-tecnicos\/#primaryimage\"},\"thumbnailUrl\":\"https:\/\/radioinfinitagoya.com.ar\/v1\/wp-content\/uploads\/2025\/09\/546647609_10230677383058361_2345886074460390413_n.jpg\",\"articleSection\":[\"LOCALES\"],\"inLanguage\":\"es-AR\"},{\"@type\":\"WebPage\",\"@id\":\"https:\/\/radioinfinitagoya.com.ar\/v1\/2025\/09\/14\/formacion-profesional-en-oficios-tecnicos\/\",\"url\":\"https:\/\/radioinfinitagoya.com.ar\/v1\/2025\/09\/14\/formacion-profesional-en-oficios-tecnicos\/\",\"name\":\"Formaci\u00f3n Profesional en Oficios T\u00e9cnicos - Radio Infinita Goya\",\"isPartOf\":{\"@id\":\"https:\/\/radioinfinitagoya.com.ar\/v1\/#website\"},\"primaryImageOfPage\":{\"@id\":\"https:\/\/radioinfinitagoya.com.ar\/v1\/2025\/09\/14\/formacion-profesional-en-oficios-tecnicos\/#primaryimage\"},\"image\":{\"@id\":\"https:\/\/radioinfinitagoya.com.ar\/v1\/2025\/09\/14\/formacion-profesional-en-oficios-tecnicos\/#primaryimage\"},\"thumbnailUrl\":\"https:\/\/radioinfinitagoya.com.ar\/v1\/wp-content\/uploads\/2025\/09\/546647609_10230677383058361_2345886074460390413_n.jpg\",\"datePublished\":\"2025-09-14T21:08:34+00:00\",\"description\":\"Dio inicio a las capacitaciones del segundo semestre En la jornada del viernes la Direcci\u00f3n de Empleo y Capacitaci\u00f3n dependiente de la Secretaria de\",\"breadcrumb\":{\"@id\":\"https:\/\/radioinfinitagoya.com.ar\/v1\/2025\/09\/14\/formacion-profesional-en-oficios-tecnicos\/#breadcrumb\"},\"inLanguage\":\"es-AR\",\"potentialAction\":[{\"@type\":\"ReadAction\",\"target\":[\"https:\/\/radioinfinitagoya.com.ar\/v1\/2025\/09\/14\/formacion-profesional-en-oficios-tecnicos\/\"]}]},{\"@type\":\"ImageObject\",\"inLanguage\":\"es-AR\",\"@id\":\"https:\/\/radioinfinitagoya.com.ar\/v1\/2025\/09\/14\/formacion-profesional-en-oficios-tecnicos\/#primaryimage\",\"url\":\"https:\/\/radioinfinitagoya.com.ar\/v1\/wp-content\/uploads\/2025\/09\/546647609_10230677383058361_2345886074460390413_n.jpg\",\"contentUrl\":\"https:\/\/radioinfinitagoya.com.ar\/v1\/wp-content\/uploads\/2025\/09\/546647609_10230677383058361_2345886074460390413_n.jpg\",\"width\":1280,\"height\":720},{\"@type\":\"BreadcrumbList\",\"@id\":\"https:\/\/radioinfinitagoya.com.ar\/v1\/2025\/09\/14\/formacion-profesional-en-oficios-tecnicos\/#breadcrumb\",\"itemListElement\":[{\"@type\":\"ListItem\",\"position\":1,\"name\":\"Inicio\",\"item\":\"https:\/\/radioinfinitagoya.com.ar\/v1\/\"},{\"@type\":\"ListItem\",\"position\":2,\"name\":\"Formaci\u00f3n Profesional en Oficios T\u00e9cnicos\"}]},{\"@type\":\"WebSite\",\"@id\":\"https:\/\/radioinfinitagoya.com.ar\/v1\/#website\",\"url\":\"https:\/\/radioinfinitagoya.com.ar\/v1\/\",\"name\":\"radioinfinitagoya.com.ar\",\"description\":\"Radio de noticias\",\"publisher\":{\"@id\":\"https:\/\/radioinfinitagoya.com.ar\/v1\/#organization\"},\"potentialAction\":[{\"@type\":\"SearchAction\",\"target\":{\"@type\":\"EntryPoint\",\"urlTemplate\":\"https:\/\/radioinfinitagoya.com.ar\/v1\/?s={search_term_string}\"},\"query-input\":{\"@type\":\"PropertyValueSpecification\",\"valueRequired\":true,\"valueName\":\"search_term_string\"}}],\"inLanguage\":\"es-AR\"},{\"@type\":\"Organization\",\"@id\":\"https:\/\/radioinfinitagoya.com.ar\/v1\/#organization\",\"name\":\"Radio Infinita Goya\",\"url\":\"https:\/\/radioinfinitagoya.com.ar\/v1\/\",\"logo\":{\"@type\":\"ImageObject\",\"inLanguage\":\"es-AR\",\"@id\":\"https:\/\/radioinfinitagoya.com.ar\/v1\/#\/schema\/logo\/image\/\",\"url\":\"https:\/\/radioinfinitagoya.com.ar\/v1\/wp-content\/uploads\/2019\/11\/logo-pie-web.png\",\"contentUrl\":\"https:\/\/radioinfinitagoya.com.ar\/v1\/wp-content\/uploads\/2019\/11\/logo-pie-web.png\",\"width\":635,\"height\":326,\"caption\":\"Radio Infinita Goya\"},\"image\":{\"@id\":\"https:\/\/radioinfinitagoya.com.ar\/v1\/#\/schema\/logo\/image\/\"},\"sameAs\":[\"https:\/\/www.facebook.com\/p\/Infinita-Goya-100063870918311\/\"]},{\"@type\":\"Person\",\"@id\":\"https:\/\/radioinfinitagoya.com.ar\/v1\/#\/schema\/person\/d4cf9c413d4f6edb24aabdccab49ca4a\",\"name\":\"Jorge Mi\u00f1o\",\"image\":{\"@type\":\"ImageObject\",\"inLanguage\":\"es-AR\",\"@id\":\"https:\/\/secure.gravatar.com\/avatar\/910fcf6728fe95320e07a6643c1581fec1c7fc4bf8ae12e3d8f0d0373dc844be?s=96&d=mm&r=g\",\"url\":\"https:\/\/secure.gravatar.com\/avatar\/910fcf6728fe95320e07a6643c1581fec1c7fc4bf8ae12e3d8f0d0373dc844be?s=96&d=mm&r=g\",\"contentUrl\":\"https:\/\/secure.gravatar.com\/avatar\/910fcf6728fe95320e07a6643c1581fec1c7fc4bf8ae12e3d8f0d0373dc844be?s=96&d=mm&r=g\",\"caption\":\"Jorge Mi\u00f1o\"},\"sameAs\":[\"http:\/\/radioinfinitagoya.com.ar\"]}]}<\/script>\n<!-- \/ Yoast SEO plugin. -->","yoast_head_json":{"title":"Formaci\u00f3n Profesional en Oficios T\u00e9cnicos - Radio Infinita Goya","description":"Dio inicio a las capacitaciones del segundo semestre En la jornada del viernes la Direcci\u00f3n de Empleo y Capacitaci\u00f3n dependiente de la Secretaria de","robots":{"index":"index","follow":"follow","max-snippet":"max-snippet:-1","max-image-preview":"max-image-preview:large","max-video-preview":"max-video-preview:-1"},"canonical":"https:\/\/radioinfinitagoya.com.ar\/v1\/2025\/09\/14\/formacion-profesional-en-oficios-tecnicos\/","og_locale":"es_ES","og_type":"article","og_title":"Formaci\u00f3n Profesional en Oficios T\u00e9cnicos - Radio Infinita Goya","og_description":"Dio inicio a las capacitaciones del segundo semestre En la jornada del viernes la Direcci\u00f3n de Empleo y Capacitaci\u00f3n dependiente de la Secretaria de","og_url":"https:\/\/radioinfinitagoya.com.ar\/v1\/2025\/09\/14\/formacion-profesional-en-oficios-tecnicos\/","og_site_name":"Radio Infinita Goya","article_publisher":"https:\/\/www.facebook.com\/p\/Infinita-Goya-100063870918311\/","article_published_time":"2025-09-14T21:08:34+00:00","og_image":[{"width":1280,"height":720,"url":"https:\/\/radioinfinitagoya.com.ar\/v1\/wp-content\/uploads\/2025\/09\/546647609_10230677383058361_2345886074460390413_n.jpg","type":"image\/jpeg"}],"author":"Jorge Mi\u00f1o","twitter_card":"summary_large_image","twitter_misc":{"Escrito por":"Jorge Mi\u00f1o","Tiempo de lectura":"3 minutos"},"schema":{"@context":"https:\/\/schema.org","@graph":[{"@type":"Article","@id":"https:\/\/radioinfinitagoya.com.ar\/v1\/2025\/09\/14\/formacion-profesional-en-oficios-tecnicos\/#article","isPartOf":{"@id":"https:\/\/radioinfinitagoya.com.ar\/v1\/2025\/09\/14\/formacion-profesional-en-oficios-tecnicos\/"},"author":{"name":"Jorge Mi\u00f1o","@id":"https:\/\/radioinfinitagoya.com.ar\/v1\/#\/schema\/person\/d4cf9c413d4f6edb24aabdccab49ca4a"},"headline":"Formaci\u00f3n Profesional en Oficios T\u00e9cnicos","datePublished":"2025-09-14T21:08:34+00:00","mainEntityOfPage":{"@id":"https:\/\/radioinfinitagoya.com.ar\/v1\/2025\/09\/14\/formacion-profesional-en-oficios-tecnicos\/"},"wordCount":670,"publisher":{"@id":"https:\/\/radioinfinitagoya.com.ar\/v1\/#organization"},"image":{"@id":"https:\/\/radioinfinitagoya.com.ar\/v1\/2025\/09\/14\/formacion-profesional-en-oficios-tecnicos\/#primaryimage"},"thumbnailUrl":"https:\/\/radioinfinitagoya.com.ar\/v1\/wp-content\/uploads\/2025\/09\/546647609_10230677383058361_2345886074460390413_n.jpg","articleSection":["LOCALES"],"inLanguage":"es-AR"},{"@type":"WebPage","@id":"https:\/\/radioinfinitagoya.com.ar\/v1\/2025\/09\/14\/formacion-profesional-en-oficios-tecnicos\/","url":"https:\/\/radioinfinitagoya.com.ar\/v1\/2025\/09\/14\/formacion-profesional-en-oficios-tecnicos\/","name":"Formaci\u00f3n Profesional en Oficios T\u00e9cnicos - Radio Infinita Goya","isPartOf":{"@id":"https:\/\/radioinfinitagoya.com.ar\/v1\/#website"},"primaryImageOfPage":{"@id":"https:\/\/radioinfinitagoya.com.ar\/v1\/2025\/09\/14\/formacion-profesional-en-oficios-tecnicos\/#primaryimage"},"image":{"@id":"https:\/\/radioinfinitagoya.com.ar\/v1\/2025\/09\/14\/formacion-profesional-en-oficios-tecnicos\/#primaryimage"},"thumbnailUrl":"https:\/\/radioinfinitagoya.com.ar\/v1\/wp-content\/uploads\/2025\/09\/546647609_10230677383058361_2345886074460390413_n.jpg","datePublished":"2025-09-14T21:08:34+00:00","description":"Dio inicio a las capacitaciones del segundo semestre En la jornada del viernes la Direcci\u00f3n de Empleo y Capacitaci\u00f3n dependiente de la Secretaria de","breadcrumb":{"@id":"https:\/\/radioinfinitagoya.com.ar\/v1\/2025\/09\/14\/formacion-profesional-en-oficios-tecnicos\/#breadcrumb"},"inLanguage":"es-AR","potentialAction":[{"@type":"ReadAction","target":["https:\/\/radioinfinitagoya.com.ar\/v1\/2025\/09\/14\/formacion-profesional-en-oficios-tecnicos\/"]}]},{"@type":"ImageObject","inLanguage":"es-AR","@id":"https:\/\/radioinfinitagoya.com.ar\/v1\/2025\/09\/14\/formacion-profesional-en-oficios-tecnicos\/#primaryimage","url":"https:\/\/radioinfinitagoya.com.ar\/v1\/wp-content\/uploads\/2025\/09\/546647609_10230677383058361_2345886074460390413_n.jpg","contentUrl":"https:\/\/radioinfinitagoya.com.ar\/v1\/wp-content\/uploads\/2025\/09\/546647609_10230677383058361_2345886074460390413_n.jpg","width":1280,"height":720},{"@type":"BreadcrumbList","@id":"https:\/\/radioinfinitagoya.com.ar\/v1\/2025\/09\/14\/formacion-profesional-en-oficios-tecnicos\/#breadcrumb","itemListElement":[{"@type":"ListItem","position":1,"name":"Inicio","item":"https:\/\/radioinfinitagoya.com.ar\/v1\/"},{"@type":"ListItem","position":2,"name":"Formaci\u00f3n Profesional en Oficios T\u00e9cnicos"}]},{"@type":"WebSite","@id":"https:\/\/radioinfinitagoya.com.ar\/v1\/#website","url":"https:\/\/radioinfinitagoya.com.ar\/v1\/","name":"radioinfinitagoya.com.ar","description":"Radio de noticias","publisher":{"@id":"https:\/\/radioinfinitagoya.com.ar\/v1\/#organization"},"potentialAction":[{"@type":"SearchAction","target":{"@type":"EntryPoint","urlTemplate":"https:\/\/radioinfinitagoya.com.ar\/v1\/?s={search_term_string}"},"query-input":{"@type":"PropertyValueSpecification","valueRequired":true,"valueName":"search_term_string"}}],"inLanguage":"es-AR"},{"@type":"Organization","@id":"https:\/\/radioinfinitagoya.com.ar\/v1\/#organization","name":"Radio Infinita Goya","url":"https:\/\/radioinfinitagoya.com.ar\/v1\/","logo":{"@type":"ImageObject","inLanguage":"es-AR","@id":"https:\/\/radioinfinitagoya.com.ar\/v1\/#\/schema\/logo\/image\/","url":"https:\/\/radioinfinitagoya.com.ar\/v1\/wp-content\/uploads\/2019\/11\/logo-pie-web.png","contentUrl":"https:\/\/radioinfinitagoya.com.ar\/v1\/wp-content\/uploads\/2019\/11\/logo-pie-web.png","width":635,"height":326,"caption":"Radio Infinita Goya"},"image":{"@id":"https:\/\/radioinfinitagoya.com.ar\/v1\/#\/schema\/logo\/image\/"},"sameAs":["https:\/\/www.facebook.com\/p\/Infinita-Goya-100063870918311\/"]},{"@type":"Person","@id":"https:\/\/radioinfinitagoya.com.ar\/v1\/#\/schema\/person\/d4cf9c413d4f6edb24aabdccab49ca4a","name":"Jorge Mi\u00f1o","image":{"@type":"ImageObject","inLanguage":"es-AR","@id":"https:\/\/secure.gravatar.com\/avatar\/910fcf6728fe95320e07a6643c1581fec1c7fc4bf8ae12e3d8f0d0373dc844be?s=96&d=mm&r=g","url":"https:\/\/secure.gravatar.com\/avatar\/910fcf6728fe95320e07a6643c1581fec1c7fc4bf8ae12e3d8f0d0373dc844be?s=96&d=mm&r=g","contentUrl":"https:\/\/secure.gravatar.com\/avatar\/910fcf6728fe95320e07a6643c1581fec1c7fc4bf8ae12e3d8f0d0373dc844be?s=96&d=mm&r=g","caption":"Jorge Mi\u00f1o"},"sameAs":["http:\/\/radioinfinitagoya.com.ar"]}]}},"_links":{"self":[{"href":"https:\/\/radioinfinitagoya.com.ar\/v1\/wp-json\/wp\/v2\/posts\/195912","targetHints":{"allow":["GET"]}}],"collection":[{"href":"https:\/\/radioinfinitagoya.com.ar\/v1\/wp-json\/wp\/v2\/posts"}],"about":[{"href":"https:\/\/radioinfinitagoya.com.ar\/v1\/wp-json\/wp\/v2\/types\/post"}],"author":[{"embeddable":true,"href":"https:\/\/radioinfinitagoya.com.ar\/v1\/wp-json\/wp\/v2\/users\/4"}],"replies":[{"embeddable":true,"href":"https:\/\/radioinfinitagoya.com.ar\/v1\/wp-json\/wp\/v2\/comments?post=195912"}],"version-history":[{"count":0,"href":"https:\/\/radioinfinitagoya.com.ar\/v1\/wp-json\/wp\/v2\/posts\/195912\/revisions"}],"wp:featuredmedia":[{"embeddable":true,"href":"https:\/\/radioinfinitagoya.com.ar\/v1\/wp-json\/wp\/v2\/media\/195913"}],"wp:attachment":[{"href":"https:\/\/radioinfinitagoya.com.ar\/v1\/wp-json\/wp\/v2\/media?parent=195912"}],"wp:term":[{"taxonomy":"category","embeddable":true,"href":"https:\/\/radioinfinitagoya.com.ar\/v1\/wp-json\/wp\/v2\/categories?post=195912"},{"taxonomy":"post_tag","embeddable":true,"href":"https:\/\/radioinfinitagoya.com.ar\/v1\/wp-json\/wp\/v2\/tags?post=195912"}],"curies":[{"name":"wp","href":"https:\/\/api.w.org\/{rel}","templated":true}]}}