{"id":195922,"date":"2025-09-14T18:20:47","date_gmt":"2025-09-14T21:20:47","guid":{"rendered":"https:\/\/radioinfinitagoya.com.ar\/v1\/?p=195922"},"modified":"2025-09-14T18:20:47","modified_gmt":"2025-09-14T21:20:47","slug":"presupuesto-2026-que-se-sabe-del-discurso-de-milei-el-formato-del-deficit-cero","status":"publish","type":"post","link":"https:\/\/radioinfinitagoya.com.ar\/v1\/2025\/09\/14\/presupuesto-2026-que-se-sabe-del-discurso-de-milei-el-formato-del-deficit-cero\/","title":{"rendered":"Presupuesto 2026: qu\u00e9 se sabe del discurso de Milei, el formato del d\u00e9ficit cero"},"content":{"rendered":"<p>Y el mensaje al electorado en medio de la campa\u00f1a<\/p>\n<p>El Presidente daba las puntadas finales al anuncio programado para este lunes. Por ahora se prev\u00e9 que hable solo y que haga un fuerte \u00e9nfasis en la importancia del super\u00e1vit fiscal, aunque marcando la importancia de ese esfuerzo de parte de la poblaci\u00f3n<\/p>\n<p>El presidente Javier Milei introducir\u00e1 el proyecto de Presupuesto para el 2026 a trav\u00e9s de una cadena nacional. Ser\u00e1 el primer mensaje de magnitudes que emitir\u00e1 el mandatario luego de la derrota en los comicios legislativos de la provincia de Buenos Aires, por lo que buscar\u00e1 \u201csetear\u201d expectativas tanto para el corto como para el largo plazo: ser\u00e1 una declaraci\u00f3n de principios al electorado sobre c\u00f3mo se imagina la gesti\u00f3n de los recursos estatales del pr\u00f3ximo a\u00f1o.<\/p>\n<p>Milei estaba terminando de elaborar las \u00faltimas l\u00edneas de su discurso asesorado por Santiago Caputo. En la Quinta de Olivos -donde se redactaba el mensaje a lo largo del fin de semana- afirman que \u201cel Presupuesto ser\u00e1 presentado bajo el formato de d\u00e9ficit cero\u201d. A lo largo de los 20 minutos que est\u00e1n previstos para la presentaci\u00f3n, el mandatario buscar\u00e1 dejar en claro que, pese a las iniciativas opositoras en el Congreso de los \u00faltimos meses, el Ministerio de Econom\u00eda -a trav\u00e9s de la Secretar\u00eda de Hacienda- no pondr\u00e1 en duda la principal ancla del programa econ\u00f3mico, la fiscal.<\/p>\n<p>Los c\u00e1lculos de las cuentas p\u00fablicas tendr\u00e1n en cuenta fielmente lo que dice el staff report del Fondo Monetario Internacional (FMI): que el super\u00e1vit fiscal primario debe ser de 2,2% para 2026 y que tiene que regir el d\u00e9ficit cero para el resultado financiero, es decir, tras el pago de intereses de deuda. Se trata de un asunto nodal, porque hasta lo que va del a\u00f1o, el Gobierno pudo mantener un super\u00e1vit en este segmento, pero en julio mostr\u00f3 d\u00e9ficit. Seg\u00fan el \u00faltimo informe de la consultora LCG, el resultado de agosto volvi\u00f3 a ser negativo. El INDEC dar\u00e1 a conocer los datos oficiales este jueves.<\/p>\n<p>El Presidente grabar\u00e1 su discurso a las 17 horas de este lunes en el Sal\u00f3n Blanco. Todav\u00eda se desconoce si lo har\u00e1 solo o en compa\u00f1\u00eda del equipo econ\u00f3mico, tal y como lo hizo un mes atr\u00e1s al anunciar medidas que ten\u00edan por objetivo el blindaje del equilibrio fiscal y el freno del gasto. Alt\u00edsimas fuentes de la Presidencia afirmaban a estas horas que \u201cest\u00e1 todo dado para que sea \u00e9l solo, aunque nunca se sabe si despu\u00e9s terminamos [en referencia al Gabinete] todos en la cadena\u201d. La emisi\u00f3n del mensaje por cadena nacional ser\u00e1 a las 21. Horario primetime, como le gusta hacerlo a Milei.<\/p>\n<p>A diferencia de un a\u00f1o atr\u00e1s, cuando hab\u00eda logrado sancionar la Ley Bases, sus asesores le recomendaron a Milei que no vaya a exponer las bases presupuestarias al Congreso. El ambiente palaciego se convirti\u00f3 extremadamente hostil para La Libertad Avanza. Ejemplo de eso ser\u00e1n las sesiones que ya est\u00e1n pactadas en Diputados y en el Senado para el mi\u00e9rcoles y el jueves, respectivamente. Por caso, la oposici\u00f3n en la c\u00e1mara baja ya solicit\u00f3 la insistencia de los vetos de financiamiento universitario y de la emergencia en el Garrahan; la c\u00e1mara alta hizo lo mismo con la ley de ATN impulsada por los gobernadores.<\/p>\n<p>En esa l\u00ednea, Milei ratificar\u00e1 la austeridad del gasto como una de las pol\u00edticas centrales de su gesti\u00f3n y dejar\u00e1 en claro que no utilizar\u00e1 la emisi\u00f3n como forma de expansi\u00f3n econ\u00f3mica o para implementar mayores programas.<\/p>\n<p>Funcionarios de la Casa Rosada no afirman ni rechazan la posibilidad de que pueda haber alg\u00fan anuncio. Pero no se espera que haya alg\u00fan tipo de compensaci\u00f3n universal para los 24 mandatarios subnacionales. El oficialismo no tiene inter\u00e9s en atender las necesidades y los reclamos de gobernadores abiertamente opositores ante un contexto de manta corta y m\u00faltiples sectores pol\u00edticos, econ\u00f3micos y sociales solicitando mayores erogaciones presupuestarias.<\/p>\n<p>La directiva desde la c\u00fapula del Gobierno al flamante ministro del Interior, Lisandro Catal\u00e1n, es recuperar la confianza de los aliados circunstanciales del Gobierno y prometerles facilidades en cuestiones puntuales, como en algunas obras o recursos extraordinarios. Aunque hay afinidad con algunos (como los gobernadores con los que hicieron acuerdos electorales, como Leandro Zdero, Alfredo Cornejo y Rogelio Frigerio), otros que han fungido como cuasi-oficialistas todav\u00eda son esc\u00e9pticos de la buena voluntad de la Casa Rosada y tampoco tienen intenciones de acercarse a los libertarios en un momento de debilidad en las encuestas de opini\u00f3n p\u00fablica y a menos de seis semanas de las elecciones nacionales.<\/p>\n<p>Por la cercan\u00eda de octubre, Milei no soslayar\u00e1 el sensible panorama econ\u00f3mico. En las usinas libertarias bajaron la l\u00ednea de que es importante que en cada discurso pol\u00edtico se enfatice el esfuerzo que est\u00e1 haciendo la poblaci\u00f3n para mantener los niveles del gasto acorde al d\u00e9ficit cero, y que \u201cesos frutos\u201d deber\u00edan notarse m\u00e1s adelante. \u201cVamos en la direcci\u00f3n correcta, pero el kirchnerismo est\u00e1 dispuesto a reventar todo para volver al poder, aunque traiga inflaci\u00f3n, caos y miseria\u201d, esgrime Milei.<\/p>\n<p>De hecho, el viernes pasado salieron los primeros spots de campa\u00f1a de La Libertad Avanza. \u201cUstedes me respondieron con esfuerzo y paciencia, entendiendo que el cambio real no se da de un d\u00eda para el otro. El Gobierno sabe que el presupuesto nacional para el a\u00f1o pr\u00f3ximo precisa una ratificaci\u00f3n parlamentaria. La Argentina se mantuvo en los \u00faltimos dos per\u00edodos utilizando el presupuesto 2023, lo que le dio al Poder Ejecutivo la posibilidad de utilizar discrecionalmente las distintas erogaciones presupuestarias. Para este a\u00f1o, la oposici\u00f3n (tanto desde el sector de los gobernadores como de diversos bloques) advierte que si no hay voluntad de los libertarios, buscar\u00e1n aprobar un presupuesto propio.<\/p>\n","protected":false},"excerpt":{"rendered":"<p>Y el mensaje al electorado en medio de la campa\u00f1a El Presidente daba las puntadas finales al anuncio programado para este lunes. Por ahora se prev\u00e9 que hable solo y que haga un fuerte \u00e9nfasis en la importancia del super\u00e1vit fiscal, aunque marcando la importancia de ese esfuerzo de parte de la poblaci\u00f3n El presidente [&hellip;]<\/p>\n","protected":false},"author":4,"featured_media":195923,"comment_status":"closed","ping_status":"closed","sticky":false,"template":"","format":"standard","meta":{"_joinchat":[],"footnotes":""},"categories":[34],"tags":[],"class_list":{"0":"post-195922","1":"post","2":"type-post","3":"status-publish","4":"format-standard","5":"has-post-thumbnail","7":"category-principal"},"yoast_head":"<!-- This site is optimized with the Yoast SEO plugin v27.2 - https:\/\/yoast.com\/product\/yoast-seo-wordpress\/ -->\n<title>Presupuesto 2026: qu\u00e9 se sabe del discurso de Milei, el formato del d\u00e9ficit cero - Radio Infinita Goya<\/title>\n<meta name=\"description\" content=\"Y el mensaje al electorado en medio de la campa\u00f1a El Presidente daba las puntadas finales al anuncio programado para este lunes. Por ahora se prev\u00e9 que\" \/>\n<meta name=\"robots\" content=\"index, follow, max-snippet:-1, max-image-preview:large, max-video-preview:-1\" \/>\n<link rel=\"canonical\" href=\"https:\/\/radioinfinitagoya.com.ar\/v1\/2025\/09\/14\/presupuesto-2026-que-se-sabe-del-discurso-de-milei-el-formato-del-deficit-cero\/\" \/>\n<meta property=\"og:locale\" content=\"es_ES\" \/>\n<meta property=\"og:type\" content=\"article\" \/>\n<meta property=\"og:title\" content=\"Presupuesto 2026: qu\u00e9 se sabe del discurso de Milei, el formato del d\u00e9ficit cero - Radio Infinita Goya\" \/>\n<meta property=\"og:description\" content=\"Y el mensaje al electorado en medio de la campa\u00f1a El Presidente daba las puntadas finales al anuncio programado para este lunes. Por ahora se prev\u00e9 que\" \/>\n<meta property=\"og:url\" content=\"https:\/\/radioinfinitagoya.com.ar\/v1\/2025\/09\/14\/presupuesto-2026-que-se-sabe-del-discurso-de-milei-el-formato-del-deficit-cero\/\" \/>\n<meta property=\"og:site_name\" content=\"Radio Infinita Goya\" \/>\n<meta property=\"article:publisher\" content=\"https:\/\/www.facebook.com\/p\/Infinita-Goya-100063870918311\/\" \/>\n<meta property=\"article:published_time\" content=\"2025-09-14T21:20:47+00:00\" \/>\n<meta name=\"author\" content=\"Jorge Mi\u00f1o\" \/>\n<meta name=\"twitter:card\" content=\"summary_large_image\" \/>\n<meta name=\"twitter:label1\" content=\"Escrito por\" \/>\n\t<meta name=\"twitter:data1\" content=\"Jorge Mi\u00f1o\" \/>\n\t<meta name=\"twitter:label2\" content=\"Tiempo de lectura\" \/>\n\t<meta name=\"twitter:data2\" content=\"5 minutos\" \/>\n<script type=\"application\/ld+json\" class=\"yoast-schema-graph\">{\"@context\":\"https:\/\/schema.org\",\"@graph\":[{\"@type\":\"Article\",\"@id\":\"https:\/\/radioinfinitagoya.com.ar\/v1\/2025\/09\/14\/presupuesto-2026-que-se-sabe-del-discurso-de-milei-el-formato-del-deficit-cero\/#article\",\"isPartOf\":{\"@id\":\"https:\/\/radioinfinitagoya.com.ar\/v1\/2025\/09\/14\/presupuesto-2026-que-se-sabe-del-discurso-de-milei-el-formato-del-deficit-cero\/\"},\"author\":{\"name\":\"Jorge Mi\u00f1o\",\"@id\":\"https:\/\/radioinfinitagoya.com.ar\/v1\/#\/schema\/person\/d4cf9c413d4f6edb24aabdccab49ca4a\"},\"headline\":\"Presupuesto 2026: qu\u00e9 se sabe del discurso de Milei, el formato del d\u00e9ficit cero\",\"datePublished\":\"2025-09-14T21:20:47+00:00\",\"mainEntityOfPage\":{\"@id\":\"https:\/\/radioinfinitagoya.com.ar\/v1\/2025\/09\/14\/presupuesto-2026-que-se-sabe-del-discurso-de-milei-el-formato-del-deficit-cero\/\"},\"wordCount\":1031,\"publisher\":{\"@id\":\"https:\/\/radioinfinitagoya.com.ar\/v1\/#organization\"},\"image\":{\"@id\":\"https:\/\/radioinfinitagoya.com.ar\/v1\/2025\/09\/14\/presupuesto-2026-que-se-sabe-del-discurso-de-milei-el-formato-del-deficit-cero\/#primaryimage\"},\"thumbnailUrl\":\"https:\/\/radioinfinitagoya.com.ar\/v1\/wp-content\/uploads\/2025\/09\/E5SH7I5QCFB4FHOJHCLDNCIMRA.avif\",\"articleSection\":[\"PRINCIPAL\"],\"inLanguage\":\"es-AR\"},{\"@type\":\"WebPage\",\"@id\":\"https:\/\/radioinfinitagoya.com.ar\/v1\/2025\/09\/14\/presupuesto-2026-que-se-sabe-del-discurso-de-milei-el-formato-del-deficit-cero\/\",\"url\":\"https:\/\/radioinfinitagoya.com.ar\/v1\/2025\/09\/14\/presupuesto-2026-que-se-sabe-del-discurso-de-milei-el-formato-del-deficit-cero\/\",\"name\":\"Presupuesto 2026: qu\u00e9 se sabe del discurso de Milei, el formato del d\u00e9ficit cero - Radio Infinita Goya\",\"isPartOf\":{\"@id\":\"https:\/\/radioinfinitagoya.com.ar\/v1\/#website\"},\"primaryImageOfPage\":{\"@id\":\"https:\/\/radioinfinitagoya.com.ar\/v1\/2025\/09\/14\/presupuesto-2026-que-se-sabe-del-discurso-de-milei-el-formato-del-deficit-cero\/#primaryimage\"},\"image\":{\"@id\":\"https:\/\/radioinfinitagoya.com.ar\/v1\/2025\/09\/14\/presupuesto-2026-que-se-sabe-del-discurso-de-milei-el-formato-del-deficit-cero\/#primaryimage\"},\"thumbnailUrl\":\"https:\/\/radioinfinitagoya.com.ar\/v1\/wp-content\/uploads\/2025\/09\/E5SH7I5QCFB4FHOJHCLDNCIMRA.avif\",\"datePublished\":\"2025-09-14T21:20:47+00:00\",\"description\":\"Y el mensaje al electorado en medio de la campa\u00f1a El Presidente daba las puntadas finales al anuncio programado para este lunes. Por ahora se prev\u00e9 que\",\"breadcrumb\":{\"@id\":\"https:\/\/radioinfinitagoya.com.ar\/v1\/2025\/09\/14\/presupuesto-2026-que-se-sabe-del-discurso-de-milei-el-formato-del-deficit-cero\/#breadcrumb\"},\"inLanguage\":\"es-AR\",\"potentialAction\":[{\"@type\":\"ReadAction\",\"target\":[\"https:\/\/radioinfinitagoya.com.ar\/v1\/2025\/09\/14\/presupuesto-2026-que-se-sabe-del-discurso-de-milei-el-formato-del-deficit-cero\/\"]}]},{\"@type\":\"ImageObject\",\"inLanguage\":\"es-AR\",\"@id\":\"https:\/\/radioinfinitagoya.com.ar\/v1\/2025\/09\/14\/presupuesto-2026-que-se-sabe-del-discurso-de-milei-el-formato-del-deficit-cero\/#primaryimage\",\"url\":\"https:\/\/radioinfinitagoya.com.ar\/v1\/wp-content\/uploads\/2025\/09\/E5SH7I5QCFB4FHOJHCLDNCIMRA.avif\",\"contentUrl\":\"https:\/\/radioinfinitagoya.com.ar\/v1\/wp-content\/uploads\/2025\/09\/E5SH7I5QCFB4FHOJHCLDNCIMRA.avif\",\"width\":992,\"height\":558},{\"@type\":\"BreadcrumbList\",\"@id\":\"https:\/\/radioinfinitagoya.com.ar\/v1\/2025\/09\/14\/presupuesto-2026-que-se-sabe-del-discurso-de-milei-el-formato-del-deficit-cero\/#breadcrumb\",\"itemListElement\":[{\"@type\":\"ListItem\",\"position\":1,\"name\":\"Inicio\",\"item\":\"https:\/\/radioinfinitagoya.com.ar\/v1\/\"},{\"@type\":\"ListItem\",\"position\":2,\"name\":\"Presupuesto 2026: qu\u00e9 se sabe del discurso de Milei, el formato del d\u00e9ficit cero\"}]},{\"@type\":\"WebSite\",\"@id\":\"https:\/\/radioinfinitagoya.com.ar\/v1\/#website\",\"url\":\"https:\/\/radioinfinitagoya.com.ar\/v1\/\",\"name\":\"radioinfinitagoya.com.ar\",\"description\":\"Radio de noticias\",\"publisher\":{\"@id\":\"https:\/\/radioinfinitagoya.com.ar\/v1\/#organization\"},\"potentialAction\":[{\"@type\":\"SearchAction\",\"target\":{\"@type\":\"EntryPoint\",\"urlTemplate\":\"https:\/\/radioinfinitagoya.com.ar\/v1\/?s={search_term_string}\"},\"query-input\":{\"@type\":\"PropertyValueSpecification\",\"valueRequired\":true,\"valueName\":\"search_term_string\"}}],\"inLanguage\":\"es-AR\"},{\"@type\":\"Organization\",\"@id\":\"https:\/\/radioinfinitagoya.com.ar\/v1\/#organization\",\"name\":\"Radio Infinita Goya\",\"url\":\"https:\/\/radioinfinitagoya.com.ar\/v1\/\",\"logo\":{\"@type\":\"ImageObject\",\"inLanguage\":\"es-AR\",\"@id\":\"https:\/\/radioinfinitagoya.com.ar\/v1\/#\/schema\/logo\/image\/\",\"url\":\"https:\/\/radioinfinitagoya.com.ar\/v1\/wp-content\/uploads\/2019\/11\/logo-pie-web.png\",\"contentUrl\":\"https:\/\/radioinfinitagoya.com.ar\/v1\/wp-content\/uploads\/2019\/11\/logo-pie-web.png\",\"width\":635,\"height\":326,\"caption\":\"Radio Infinita Goya\"},\"image\":{\"@id\":\"https:\/\/radioinfinitagoya.com.ar\/v1\/#\/schema\/logo\/image\/\"},\"sameAs\":[\"https:\/\/www.facebook.com\/p\/Infinita-Goya-100063870918311\/\"]},{\"@type\":\"Person\",\"@id\":\"https:\/\/radioinfinitagoya.com.ar\/v1\/#\/schema\/person\/d4cf9c413d4f6edb24aabdccab49ca4a\",\"name\":\"Jorge Mi\u00f1o\",\"image\":{\"@type\":\"ImageObject\",\"inLanguage\":\"es-AR\",\"@id\":\"https:\/\/secure.gravatar.com\/avatar\/910fcf6728fe95320e07a6643c1581fec1c7fc4bf8ae12e3d8f0d0373dc844be?s=96&d=mm&r=g\",\"url\":\"https:\/\/secure.gravatar.com\/avatar\/910fcf6728fe95320e07a6643c1581fec1c7fc4bf8ae12e3d8f0d0373dc844be?s=96&d=mm&r=g\",\"contentUrl\":\"https:\/\/secure.gravatar.com\/avatar\/910fcf6728fe95320e07a6643c1581fec1c7fc4bf8ae12e3d8f0d0373dc844be?s=96&d=mm&r=g\",\"caption\":\"Jorge Mi\u00f1o\"},\"sameAs\":[\"http:\/\/radioinfinitagoya.com.ar\"]}]}<\/script>\n<!-- \/ Yoast SEO plugin. -->","yoast_head_json":{"title":"Presupuesto 2026: qu\u00e9 se sabe del discurso de Milei, el formato del d\u00e9ficit cero - Radio Infinita Goya","description":"Y el mensaje al electorado en medio de la campa\u00f1a El Presidente daba las puntadas finales al anuncio programado para este lunes. Por ahora se prev\u00e9 que","robots":{"index":"index","follow":"follow","max-snippet":"max-snippet:-1","max-image-preview":"max-image-preview:large","max-video-preview":"max-video-preview:-1"},"canonical":"https:\/\/radioinfinitagoya.com.ar\/v1\/2025\/09\/14\/presupuesto-2026-que-se-sabe-del-discurso-de-milei-el-formato-del-deficit-cero\/","og_locale":"es_ES","og_type":"article","og_title":"Presupuesto 2026: qu\u00e9 se sabe del discurso de Milei, el formato del d\u00e9ficit cero - Radio Infinita Goya","og_description":"Y el mensaje al electorado en medio de la campa\u00f1a El Presidente daba las puntadas finales al anuncio programado para este lunes. Por ahora se prev\u00e9 que","og_url":"https:\/\/radioinfinitagoya.com.ar\/v1\/2025\/09\/14\/presupuesto-2026-que-se-sabe-del-discurso-de-milei-el-formato-del-deficit-cero\/","og_site_name":"Radio Infinita Goya","article_publisher":"https:\/\/www.facebook.com\/p\/Infinita-Goya-100063870918311\/","article_published_time":"2025-09-14T21:20:47+00:00","author":"Jorge Mi\u00f1o","twitter_card":"summary_large_image","twitter_misc":{"Escrito por":"Jorge Mi\u00f1o","Tiempo de lectura":"5 minutos"},"schema":{"@context":"https:\/\/schema.org","@graph":[{"@type":"Article","@id":"https:\/\/radioinfinitagoya.com.ar\/v1\/2025\/09\/14\/presupuesto-2026-que-se-sabe-del-discurso-de-milei-el-formato-del-deficit-cero\/#article","isPartOf":{"@id":"https:\/\/radioinfinitagoya.com.ar\/v1\/2025\/09\/14\/presupuesto-2026-que-se-sabe-del-discurso-de-milei-el-formato-del-deficit-cero\/"},"author":{"name":"Jorge Mi\u00f1o","@id":"https:\/\/radioinfinitagoya.com.ar\/v1\/#\/schema\/person\/d4cf9c413d4f6edb24aabdccab49ca4a"},"headline":"Presupuesto 2026: qu\u00e9 se sabe del discurso de Milei, el formato del d\u00e9ficit cero","datePublished":"2025-09-14T21:20:47+00:00","mainEntityOfPage":{"@id":"https:\/\/radioinfinitagoya.com.ar\/v1\/2025\/09\/14\/presupuesto-2026-que-se-sabe-del-discurso-de-milei-el-formato-del-deficit-cero\/"},"wordCount":1031,"publisher":{"@id":"https:\/\/radioinfinitagoya.com.ar\/v1\/#organization"},"image":{"@id":"https:\/\/radioinfinitagoya.com.ar\/v1\/2025\/09\/14\/presupuesto-2026-que-se-sabe-del-discurso-de-milei-el-formato-del-deficit-cero\/#primaryimage"},"thumbnailUrl":"https:\/\/radioinfinitagoya.com.ar\/v1\/wp-content\/uploads\/2025\/09\/E5SH7I5QCFB4FHOJHCLDNCIMRA.avif","articleSection":["PRINCIPAL"],"inLanguage":"es-AR"},{"@type":"WebPage","@id":"https:\/\/radioinfinitagoya.com.ar\/v1\/2025\/09\/14\/presupuesto-2026-que-se-sabe-del-discurso-de-milei-el-formato-del-deficit-cero\/","url":"https:\/\/radioinfinitagoya.com.ar\/v1\/2025\/09\/14\/presupuesto-2026-que-se-sabe-del-discurso-de-milei-el-formato-del-deficit-cero\/","name":"Presupuesto 2026: qu\u00e9 se sabe del discurso de Milei, el formato del d\u00e9ficit cero - Radio Infinita Goya","isPartOf":{"@id":"https:\/\/radioinfinitagoya.com.ar\/v1\/#website"},"primaryImageOfPage":{"@id":"https:\/\/radioinfinitagoya.com.ar\/v1\/2025\/09\/14\/presupuesto-2026-que-se-sabe-del-discurso-de-milei-el-formato-del-deficit-cero\/#primaryimage"},"image":{"@id":"https:\/\/radioinfinitagoya.com.ar\/v1\/2025\/09\/14\/presupuesto-2026-que-se-sabe-del-discurso-de-milei-el-formato-del-deficit-cero\/#primaryimage"},"thumbnailUrl":"https:\/\/radioinfinitagoya.com.ar\/v1\/wp-content\/uploads\/2025\/09\/E5SH7I5QCFB4FHOJHCLDNCIMRA.avif","datePublished":"2025-09-14T21:20:47+00:00","description":"Y el mensaje al electorado en medio de la campa\u00f1a El Presidente daba las puntadas finales al anuncio programado para este lunes. Por ahora se prev\u00e9 que","breadcrumb":{"@id":"https:\/\/radioinfinitagoya.com.ar\/v1\/2025\/09\/14\/presupuesto-2026-que-se-sabe-del-discurso-de-milei-el-formato-del-deficit-cero\/#breadcrumb"},"inLanguage":"es-AR","potentialAction":[{"@type":"ReadAction","target":["https:\/\/radioinfinitagoya.com.ar\/v1\/2025\/09\/14\/presupuesto-2026-que-se-sabe-del-discurso-de-milei-el-formato-del-deficit-cero\/"]}]},{"@type":"ImageObject","inLanguage":"es-AR","@id":"https:\/\/radioinfinitagoya.com.ar\/v1\/2025\/09\/14\/presupuesto-2026-que-se-sabe-del-discurso-de-milei-el-formato-del-deficit-cero\/#primaryimage","url":"https:\/\/radioinfinitagoya.com.ar\/v1\/wp-content\/uploads\/2025\/09\/E5SH7I5QCFB4FHOJHCLDNCIMRA.avif","contentUrl":"https:\/\/radioinfinitagoya.com.ar\/v1\/wp-content\/uploads\/2025\/09\/E5SH7I5QCFB4FHOJHCLDNCIMRA.avif","width":992,"height":558},{"@type":"BreadcrumbList","@id":"https:\/\/radioinfinitagoya.com.ar\/v1\/2025\/09\/14\/presupuesto-2026-que-se-sabe-del-discurso-de-milei-el-formato-del-deficit-cero\/#breadcrumb","itemListElement":[{"@type":"ListItem","position":1,"name":"Inicio","item":"https:\/\/radioinfinitagoya.com.ar\/v1\/"},{"@type":"ListItem","position":2,"name":"Presupuesto 2026: qu\u00e9 se sabe del discurso de Milei, el formato del d\u00e9ficit cero"}]},{"@type":"WebSite","@id":"https:\/\/radioinfinitagoya.com.ar\/v1\/#website","url":"https:\/\/radioinfinitagoya.com.ar\/v1\/","name":"radioinfinitagoya.com.ar","description":"Radio de noticias","publisher":{"@id":"https:\/\/radioinfinitagoya.com.ar\/v1\/#organization"},"potentialAction":[{"@type":"SearchAction","target":{"@type":"EntryPoint","urlTemplate":"https:\/\/radioinfinitagoya.com.ar\/v1\/?s={search_term_string}"},"query-input":{"@type":"PropertyValueSpecification","valueRequired":true,"valueName":"search_term_string"}}],"inLanguage":"es-AR"},{"@type":"Organization","@id":"https:\/\/radioinfinitagoya.com.ar\/v1\/#organization","name":"Radio Infinita Goya","url":"https:\/\/radioinfinitagoya.com.ar\/v1\/","logo":{"@type":"ImageObject","inLanguage":"es-AR","@id":"https:\/\/radioinfinitagoya.com.ar\/v1\/#\/schema\/logo\/image\/","url":"https:\/\/radioinfinitagoya.com.ar\/v1\/wp-content\/uploads\/2019\/11\/logo-pie-web.png","contentUrl":"https:\/\/radioinfinitagoya.com.ar\/v1\/wp-content\/uploads\/2019\/11\/logo-pie-web.png","width":635,"height":326,"caption":"Radio Infinita Goya"},"image":{"@id":"https:\/\/radioinfinitagoya.com.ar\/v1\/#\/schema\/logo\/image\/"},"sameAs":["https:\/\/www.facebook.com\/p\/Infinita-Goya-100063870918311\/"]},{"@type":"Person","@id":"https:\/\/radioinfinitagoya.com.ar\/v1\/#\/schema\/person\/d4cf9c413d4f6edb24aabdccab49ca4a","name":"Jorge Mi\u00f1o","image":{"@type":"ImageObject","inLanguage":"es-AR","@id":"https:\/\/secure.gravatar.com\/avatar\/910fcf6728fe95320e07a6643c1581fec1c7fc4bf8ae12e3d8f0d0373dc844be?s=96&d=mm&r=g","url":"https:\/\/secure.gravatar.com\/avatar\/910fcf6728fe95320e07a6643c1581fec1c7fc4bf8ae12e3d8f0d0373dc844be?s=96&d=mm&r=g","contentUrl":"https:\/\/secure.gravatar.com\/avatar\/910fcf6728fe95320e07a6643c1581fec1c7fc4bf8ae12e3d8f0d0373dc844be?s=96&d=mm&r=g","caption":"Jorge Mi\u00f1o"},"sameAs":["http:\/\/radioinfinitagoya.com.ar"]}]}},"_links":{"self":[{"href":"https:\/\/radioinfinitagoya.com.ar\/v1\/wp-json\/wp\/v2\/posts\/195922","targetHints":{"allow":["GET"]}}],"collection":[{"href":"https:\/\/radioinfinitagoya.com.ar\/v1\/wp-json\/wp\/v2\/posts"}],"about":[{"href":"https:\/\/radioinfinitagoya.com.ar\/v1\/wp-json\/wp\/v2\/types\/post"}],"author":[{"embeddable":true,"href":"https:\/\/radioinfinitagoya.com.ar\/v1\/wp-json\/wp\/v2\/users\/4"}],"replies":[{"embeddable":true,"href":"https:\/\/radioinfinitagoya.com.ar\/v1\/wp-json\/wp\/v2\/comments?post=195922"}],"version-history":[{"count":0,"href":"https:\/\/radioinfinitagoya.com.ar\/v1\/wp-json\/wp\/v2\/posts\/195922\/revisions"}],"wp:featuredmedia":[{"embeddable":true,"href":"https:\/\/radioinfinitagoya.com.ar\/v1\/wp-json\/wp\/v2\/media\/195923"}],"wp:attachment":[{"href":"https:\/\/radioinfinitagoya.com.ar\/v1\/wp-json\/wp\/v2\/media?parent=195922"}],"wp:term":[{"taxonomy":"category","embeddable":true,"href":"https:\/\/radioinfinitagoya.com.ar\/v1\/wp-json\/wp\/v2\/categories?post=195922"},{"taxonomy":"post_tag","embeddable":true,"href":"https:\/\/radioinfinitagoya.com.ar\/v1\/wp-json\/wp\/v2\/tags?post=195922"}],"curies":[{"name":"wp","href":"https:\/\/api.w.org\/{rel}","templated":true}]}}