{"id":195925,"date":"2025-09-14T18:26:58","date_gmt":"2025-09-14T21:26:58","guid":{"rendered":"https:\/\/radioinfinitagoya.com.ar\/v1\/?p=195925"},"modified":"2025-09-14T18:26:58","modified_gmt":"2025-09-14T21:26:58","slug":"karol-g-hizo-historia-en-el-vaticano-junto-a-andrea-bocelli","status":"publish","type":"post","link":"https:\/\/radioinfinitagoya.com.ar\/v1\/2025\/09\/14\/karol-g-hizo-historia-en-el-vaticano-junto-a-andrea-bocelli\/","title":{"rendered":"Karol G hizo historia en el Vaticano junto a Andrea Bocelli"},"content":{"rendered":"<p>El evento Grace for the World fue transmitido a trav\u00e9s de plataformas streaming como Disney+ y Hulu. Adem\u00e1s, combin\u00f3 proyecciones luminosas y actuaciones de artistas internacionales para crear una experiencia inmersiva<\/p>\n<p>La noche en que la tecnolog\u00eda transform\u00f3 la Plaza de San Pedro en un escenario sin precedentes qued\u00f3 marcada por el despliegue de m\u00e1s de 3.000 drones que iluminaron el cielo romano durante el concierto Grace for the World.<\/p>\n<p>Este evento, que clausur\u00f3 el World Meeting on Human Fraternity, no solo reuni\u00f3 a figuras de la m\u00fasica como Karol G y Andrea Bocelli, sino que convirti\u00f3 el coraz\u00f3n del Vaticano en un laboratorio de innovaci\u00f3n visual y art\u00edstica.<\/p>\n<p>El espect\u00e1culo comenz\u00f3 con una coreograf\u00eda a\u00e9rea en la que los drones, perfectamente sincronizados, dibujaron la imagen del Papa Francisco sobre la c\u00fapula de Miguel \u00c1ngel y la columnata de Bernini.<\/p>\n<p><img loading=\"lazy\" decoding=\"async\" class=\"alignnone size-full wp-image-195927\" src=\"https:\/\/radioinfinitagoya.com.ar\/v1\/wp-content\/uploads\/2025\/09\/NUGVLMDJ45BSNOABY777EMD5ZU.avif\" alt=\"\" width=\"992\" height=\"662\" srcset=\"https:\/\/radioinfinitagoya.com.ar\/v1\/wp-content\/uploads\/2025\/09\/NUGVLMDJ45BSNOABY777EMD5ZU.avif 992w, https:\/\/radioinfinitagoya.com.ar\/v1\/wp-content\/uploads\/2025\/09\/NUGVLMDJ45BSNOABY777EMD5ZU-696x464.jpg 696w, https:\/\/radioinfinitagoya.com.ar\/v1\/wp-content\/uploads\/2025\/09\/NUGVLMDJ45BSNOABY777EMD5ZU-629x420.jpg 629w\" sizes=\"auto, (max-width: 992px) 100vw, 992px\" \/><\/p>\n<p>La precisi\u00f3n de la tecnolog\u00eda permiti\u00f3 que la multitud, compuesta por decenas de miles de personas de distintos pa\u00edses, presenciara una escena in\u00e9dita: el contorno del pont\u00edfice flotando en la noche, acompa\u00f1ado por la interpretaci\u00f3n de Amazing Grace a d\u00fao entre Andrea Bocelli y Teddy Swims.<\/p>\n<p>C\u00f3mo la tecnolog\u00eda se integr\u00f3 en el m\u00e1gico concierto realizado en el Vaticano<\/p>\n<p>A lo largo de la velada, el cielo se transform\u00f3 en un lienzo digital. Las luces recrearon las manos de La Creaci\u00f3n de Ad\u00e1n, el fresco de Miguel \u00c1ngel en la Capilla Sixtina, y una paloma de la paz de dimensiones monumentales que sobrevol\u00f3 la multitud.<\/p>\n<p>El momento culminante lleg\u00f3 con la proyecci\u00f3n de La Piedad, la escultura en m\u00e1rmol de Miguel \u00c1ngel, reproducida con un nivel de detalle que sorprendi\u00f3 a los asistentes. Las im\u00e1genes, perfectamente reconocibles en la oscuridad, provocaron ovaciones y llevaron a muchas personas a alzar sus tel\u00e9fonos para registrar el instante.<\/p>\n<p><img loading=\"lazy\" decoding=\"async\" class=\"alignnone size-full wp-image-195928\" src=\"https:\/\/radioinfinitagoya.com.ar\/v1\/wp-content\/uploads\/2025\/09\/Z4XIKUNSKFGDJAKTACPGFELMTI.avif\" alt=\"\" width=\"992\" height=\"661\" srcset=\"https:\/\/radioinfinitagoya.com.ar\/v1\/wp-content\/uploads\/2025\/09\/Z4XIKUNSKFGDJAKTACPGFELMTI.avif 992w, https:\/\/radioinfinitagoya.com.ar\/v1\/wp-content\/uploads\/2025\/09\/Z4XIKUNSKFGDJAKTACPGFELMTI-696x464.jpg 696w, https:\/\/radioinfinitagoya.com.ar\/v1\/wp-content\/uploads\/2025\/09\/Z4XIKUNSKFGDJAKTACPGFELMTI-630x420.jpg 630w\" sizes=\"auto, (max-width: 992px) 100vw, 992px\" \/><\/p>\n<p>Tambi\u00e9n, la tecnolog\u00eda de los drones permiti\u00f3 la aparici\u00f3n en el cielo de la imagen de la Salus Populi Romani, icono venerado en la Bas\u00edlica de Santa Mar\u00eda la Mayor y de especial devoci\u00f3n para el Papa argentino.<\/p>\n<p>Esta integraci\u00f3n de arte, tecnolog\u00eda y espiritualidad convirti\u00f3 la plaza en un espacio de contemplaci\u00f3n colectiva, donde la innovaci\u00f3n digital sirvi\u00f3 de veh\u00edculo para mensajes de fraternidad y esperanza.<\/p>\n<p>En qu\u00e9 plataformas fue transmitido el concierto en el Vaticano<br \/>\nEl concierto, transmitido en directo por el canal del Vaticano, Disney+, Hulu y ABC News, fue el primero en la historia en transformar la Plaza de San Pedro en un estadio al aire libre.<\/p>\n<p>Durante dos horas, la combinaci\u00f3n de m\u00fasica, luces y mensajes de paz marc\u00f3 el cierre de la tercera edici\u00f3n del World Meeting on Human Fraternity, que reuni\u00f3 a 500 personalidades, premios Nobel, referentes acad\u00e9micos, gestores culturales y expertos en inteligencia artificial y medio ambiente.<\/p>\n<p>Las 15 mesas de di\u00e1logo del encuentro abordaron temas como la paz, el cuidado del planeta, el impacto de la tecnolog\u00eda y el futuro de la humanidad. Seg\u00fan ACI Prensa, el cardenal Mauro Gambetti, arcipreste de la Bas\u00edlica de San Pedro destac\u00f3: \u201cEn medio de sombras, vemos la posibilidad de un renacimiento: la capacidad de resistir, de innovar, de crear puentes\u201d.<\/p>\n<p>Qu\u00e9 artistas participaron en este espect\u00e1culo en el Vaticano<\/p>\n<p>Sobre el escenario, la diversidad musical fue protagonista. Andrea Bocelli abri\u00f3 la noche con una interpretaci\u00f3n del Ave Mar\u00eda de Schubert que sumi\u00f3 la plaza en un silencio cargado de emoci\u00f3n.<\/p>\n<p><img loading=\"lazy\" decoding=\"async\" class=\"alignnone size-full wp-image-195929\" src=\"https:\/\/radioinfinitagoya.com.ar\/v1\/wp-content\/uploads\/2025\/09\/RXDHRQKGCFDA7IWHP64Q3WSWYA.avif\" alt=\"\" width=\"992\" height=\"662\" srcset=\"https:\/\/radioinfinitagoya.com.ar\/v1\/wp-content\/uploads\/2025\/09\/RXDHRQKGCFDA7IWHP64Q3WSWYA.avif 992w, https:\/\/radioinfinitagoya.com.ar\/v1\/wp-content\/uploads\/2025\/09\/RXDHRQKGCFDA7IWHP64Q3WSWYA-696x464.jpg 696w, https:\/\/radioinfinitagoya.com.ar\/v1\/wp-content\/uploads\/2025\/09\/RXDHRQKGCFDA7IWHP64Q3WSWYA-629x420.jpg 629w\" sizes=\"auto, (max-width: 992px) 100vw, 992px\" \/><\/p>\n<p>La actuaci\u00f3n de Karol G fue una de las m\u00e1s esperadas y ovacionadas; la artista colombiana interpret\u00f3 \u2018Mientras me curo el cora\u2019 y, en un d\u00fao con Bocelli, \u2018Vivo per lei\u2019. Su presencia, aunque breve, gener\u00f3 una respuesta entusiasta entre sus seguidores, que llenaron la primera l\u00ednea de la plaza con banderas y c\u00e1nticos.<\/p>\n<p>Asimismo, el evento sirvi\u00f3 de plataforma para mensajes de fraternidad y justicia social. El premio Nobel de la Paz Kailash Satyarthi, la activista africana Gra\u00e7a Machel y la iraqu\u00ed Nadia Murad exhortaron a trabajar por la paz y la protecci\u00f3n de los m\u00e1s vulnerables en contextos de guerra.<\/p>\n<p>El Papa Le\u00f3n XIV, aunque ausente, fue recordado y agradecido por su apoyo, coincidiendo con la celebraci\u00f3n de su 70\u00ba cumplea\u00f1os.<\/p>\n","protected":false},"excerpt":{"rendered":"<p>El evento Grace for the World fue transmitido a trav\u00e9s de plataformas streaming como Disney+ y Hulu. Adem\u00e1s, combin\u00f3 proyecciones luminosas y actuaciones de artistas internacionales para crear una experiencia inmersiva La noche en que la tecnolog\u00eda transform\u00f3 la Plaza de San Pedro en un escenario sin precedentes qued\u00f3 marcada por el despliegue de m\u00e1s [&hellip;]<\/p>\n","protected":false},"author":4,"featured_media":195926,"comment_status":"closed","ping_status":"closed","sticky":false,"template":"","format":"standard","meta":{"_joinchat":[],"footnotes":""},"categories":[25],"tags":[],"class_list":{"0":"post-195925","1":"post","2":"type-post","3":"status-publish","4":"format-standard","5":"has-post-thumbnail","7":"category-destacados"},"yoast_head":"<!-- This site is optimized with the Yoast SEO plugin v27.2 - https:\/\/yoast.com\/product\/yoast-seo-wordpress\/ -->\n<title>Karol G hizo historia en el Vaticano junto a Andrea Bocelli - Radio Infinita Goya<\/title>\n<meta name=\"description\" content=\"El evento Grace for the World fue transmitido a trav\u00e9s de plataformas streaming como Disney+ y Hulu. Adem\u00e1s, combin\u00f3 proyecciones luminosas y actuaciones\" \/>\n<meta name=\"robots\" content=\"index, follow, max-snippet:-1, max-image-preview:large, max-video-preview:-1\" \/>\n<link rel=\"canonical\" href=\"https:\/\/radioinfinitagoya.com.ar\/v1\/2025\/09\/14\/karol-g-hizo-historia-en-el-vaticano-junto-a-andrea-bocelli\/\" \/>\n<meta property=\"og:locale\" content=\"es_ES\" \/>\n<meta property=\"og:type\" content=\"article\" \/>\n<meta property=\"og:title\" content=\"Karol G hizo historia en el Vaticano junto a Andrea Bocelli - Radio Infinita Goya\" \/>\n<meta property=\"og:description\" content=\"El evento Grace for the World fue transmitido a trav\u00e9s de plataformas streaming como Disney+ y Hulu. Adem\u00e1s, combin\u00f3 proyecciones luminosas y actuaciones\" \/>\n<meta property=\"og:url\" content=\"https:\/\/radioinfinitagoya.com.ar\/v1\/2025\/09\/14\/karol-g-hizo-historia-en-el-vaticano-junto-a-andrea-bocelli\/\" \/>\n<meta property=\"og:site_name\" content=\"Radio Infinita Goya\" \/>\n<meta property=\"article:publisher\" content=\"https:\/\/www.facebook.com\/p\/Infinita-Goya-100063870918311\/\" \/>\n<meta property=\"article:published_time\" content=\"2025-09-14T21:26:58+00:00\" \/>\n<meta name=\"author\" content=\"Jorge Mi\u00f1o\" \/>\n<meta name=\"twitter:card\" content=\"summary_large_image\" \/>\n<meta name=\"twitter:label1\" content=\"Escrito por\" \/>\n\t<meta name=\"twitter:data1\" content=\"Jorge Mi\u00f1o\" \/>\n\t<meta name=\"twitter:label2\" content=\"Tiempo de lectura\" \/>\n\t<meta name=\"twitter:data2\" content=\"4 minutos\" \/>\n<script type=\"application\/ld+json\" class=\"yoast-schema-graph\">{\"@context\":\"https:\/\/schema.org\",\"@graph\":[{\"@type\":\"Article\",\"@id\":\"https:\/\/radioinfinitagoya.com.ar\/v1\/2025\/09\/14\/karol-g-hizo-historia-en-el-vaticano-junto-a-andrea-bocelli\/#article\",\"isPartOf\":{\"@id\":\"https:\/\/radioinfinitagoya.com.ar\/v1\/2025\/09\/14\/karol-g-hizo-historia-en-el-vaticano-junto-a-andrea-bocelli\/\"},\"author\":{\"name\":\"Jorge Mi\u00f1o\",\"@id\":\"https:\/\/radioinfinitagoya.com.ar\/v1\/#\/schema\/person\/d4cf9c413d4f6edb24aabdccab49ca4a\"},\"headline\":\"Karol G hizo historia en el Vaticano junto a Andrea Bocelli\",\"datePublished\":\"2025-09-14T21:26:58+00:00\",\"mainEntityOfPage\":{\"@id\":\"https:\/\/radioinfinitagoya.com.ar\/v1\/2025\/09\/14\/karol-g-hizo-historia-en-el-vaticano-junto-a-andrea-bocelli\/\"},\"wordCount\":744,\"publisher\":{\"@id\":\"https:\/\/radioinfinitagoya.com.ar\/v1\/#organization\"},\"image\":{\"@id\":\"https:\/\/radioinfinitagoya.com.ar\/v1\/2025\/09\/14\/karol-g-hizo-historia-en-el-vaticano-junto-a-andrea-bocelli\/#primaryimage\"},\"thumbnailUrl\":\"https:\/\/radioinfinitagoya.com.ar\/v1\/wp-content\/uploads\/2025\/09\/XFYRVAEWDJAA7M5FY4QFESM57A.avif\",\"articleSection\":[\"DESTACADOS\"],\"inLanguage\":\"es-AR\"},{\"@type\":\"WebPage\",\"@id\":\"https:\/\/radioinfinitagoya.com.ar\/v1\/2025\/09\/14\/karol-g-hizo-historia-en-el-vaticano-junto-a-andrea-bocelli\/\",\"url\":\"https:\/\/radioinfinitagoya.com.ar\/v1\/2025\/09\/14\/karol-g-hizo-historia-en-el-vaticano-junto-a-andrea-bocelli\/\",\"name\":\"Karol G hizo historia en el Vaticano junto a Andrea Bocelli - Radio Infinita Goya\",\"isPartOf\":{\"@id\":\"https:\/\/radioinfinitagoya.com.ar\/v1\/#website\"},\"primaryImageOfPage\":{\"@id\":\"https:\/\/radioinfinitagoya.com.ar\/v1\/2025\/09\/14\/karol-g-hizo-historia-en-el-vaticano-junto-a-andrea-bocelli\/#primaryimage\"},\"image\":{\"@id\":\"https:\/\/radioinfinitagoya.com.ar\/v1\/2025\/09\/14\/karol-g-hizo-historia-en-el-vaticano-junto-a-andrea-bocelli\/#primaryimage\"},\"thumbnailUrl\":\"https:\/\/radioinfinitagoya.com.ar\/v1\/wp-content\/uploads\/2025\/09\/XFYRVAEWDJAA7M5FY4QFESM57A.avif\",\"datePublished\":\"2025-09-14T21:26:58+00:00\",\"description\":\"El evento Grace for the World fue transmitido a trav\u00e9s de plataformas streaming como Disney+ y Hulu. Adem\u00e1s, combin\u00f3 proyecciones luminosas y actuaciones\",\"breadcrumb\":{\"@id\":\"https:\/\/radioinfinitagoya.com.ar\/v1\/2025\/09\/14\/karol-g-hizo-historia-en-el-vaticano-junto-a-andrea-bocelli\/#breadcrumb\"},\"inLanguage\":\"es-AR\",\"potentialAction\":[{\"@type\":\"ReadAction\",\"target\":[\"https:\/\/radioinfinitagoya.com.ar\/v1\/2025\/09\/14\/karol-g-hizo-historia-en-el-vaticano-junto-a-andrea-bocelli\/\"]}]},{\"@type\":\"ImageObject\",\"inLanguage\":\"es-AR\",\"@id\":\"https:\/\/radioinfinitagoya.com.ar\/v1\/2025\/09\/14\/karol-g-hizo-historia-en-el-vaticano-junto-a-andrea-bocelli\/#primaryimage\",\"url\":\"https:\/\/radioinfinitagoya.com.ar\/v1\/wp-content\/uploads\/2025\/09\/XFYRVAEWDJAA7M5FY4QFESM57A.avif\",\"contentUrl\":\"https:\/\/radioinfinitagoya.com.ar\/v1\/wp-content\/uploads\/2025\/09\/XFYRVAEWDJAA7M5FY4QFESM57A.avif\",\"width\":992,\"height\":662},{\"@type\":\"BreadcrumbList\",\"@id\":\"https:\/\/radioinfinitagoya.com.ar\/v1\/2025\/09\/14\/karol-g-hizo-historia-en-el-vaticano-junto-a-andrea-bocelli\/#breadcrumb\",\"itemListElement\":[{\"@type\":\"ListItem\",\"position\":1,\"name\":\"Inicio\",\"item\":\"https:\/\/radioinfinitagoya.com.ar\/v1\/\"},{\"@type\":\"ListItem\",\"position\":2,\"name\":\"Karol G hizo historia en el Vaticano junto a Andrea Bocelli\"}]},{\"@type\":\"WebSite\",\"@id\":\"https:\/\/radioinfinitagoya.com.ar\/v1\/#website\",\"url\":\"https:\/\/radioinfinitagoya.com.ar\/v1\/\",\"name\":\"radioinfinitagoya.com.ar\",\"description\":\"Radio de noticias\",\"publisher\":{\"@id\":\"https:\/\/radioinfinitagoya.com.ar\/v1\/#organization\"},\"potentialAction\":[{\"@type\":\"SearchAction\",\"target\":{\"@type\":\"EntryPoint\",\"urlTemplate\":\"https:\/\/radioinfinitagoya.com.ar\/v1\/?s={search_term_string}\"},\"query-input\":{\"@type\":\"PropertyValueSpecification\",\"valueRequired\":true,\"valueName\":\"search_term_string\"}}],\"inLanguage\":\"es-AR\"},{\"@type\":\"Organization\",\"@id\":\"https:\/\/radioinfinitagoya.com.ar\/v1\/#organization\",\"name\":\"Radio Infinita Goya\",\"url\":\"https:\/\/radioinfinitagoya.com.ar\/v1\/\",\"logo\":{\"@type\":\"ImageObject\",\"inLanguage\":\"es-AR\",\"@id\":\"https:\/\/radioinfinitagoya.com.ar\/v1\/#\/schema\/logo\/image\/\",\"url\":\"https:\/\/radioinfinitagoya.com.ar\/v1\/wp-content\/uploads\/2019\/11\/logo-pie-web.png\",\"contentUrl\":\"https:\/\/radioinfinitagoya.com.ar\/v1\/wp-content\/uploads\/2019\/11\/logo-pie-web.png\",\"width\":635,\"height\":326,\"caption\":\"Radio Infinita Goya\"},\"image\":{\"@id\":\"https:\/\/radioinfinitagoya.com.ar\/v1\/#\/schema\/logo\/image\/\"},\"sameAs\":[\"https:\/\/www.facebook.com\/p\/Infinita-Goya-100063870918311\/\"]},{\"@type\":\"Person\",\"@id\":\"https:\/\/radioinfinitagoya.com.ar\/v1\/#\/schema\/person\/d4cf9c413d4f6edb24aabdccab49ca4a\",\"name\":\"Jorge Mi\u00f1o\",\"image\":{\"@type\":\"ImageObject\",\"inLanguage\":\"es-AR\",\"@id\":\"https:\/\/secure.gravatar.com\/avatar\/910fcf6728fe95320e07a6643c1581fec1c7fc4bf8ae12e3d8f0d0373dc844be?s=96&d=mm&r=g\",\"url\":\"https:\/\/secure.gravatar.com\/avatar\/910fcf6728fe95320e07a6643c1581fec1c7fc4bf8ae12e3d8f0d0373dc844be?s=96&d=mm&r=g\",\"contentUrl\":\"https:\/\/secure.gravatar.com\/avatar\/910fcf6728fe95320e07a6643c1581fec1c7fc4bf8ae12e3d8f0d0373dc844be?s=96&d=mm&r=g\",\"caption\":\"Jorge Mi\u00f1o\"},\"sameAs\":[\"http:\/\/radioinfinitagoya.com.ar\"]}]}<\/script>\n<!-- \/ Yoast SEO plugin. -->","yoast_head_json":{"title":"Karol G hizo historia en el Vaticano junto a Andrea Bocelli - Radio Infinita Goya","description":"El evento Grace for the World fue transmitido a trav\u00e9s de plataformas streaming como Disney+ y Hulu. Adem\u00e1s, combin\u00f3 proyecciones luminosas y actuaciones","robots":{"index":"index","follow":"follow","max-snippet":"max-snippet:-1","max-image-preview":"max-image-preview:large","max-video-preview":"max-video-preview:-1"},"canonical":"https:\/\/radioinfinitagoya.com.ar\/v1\/2025\/09\/14\/karol-g-hizo-historia-en-el-vaticano-junto-a-andrea-bocelli\/","og_locale":"es_ES","og_type":"article","og_title":"Karol G hizo historia en el Vaticano junto a Andrea Bocelli - Radio Infinita Goya","og_description":"El evento Grace for the World fue transmitido a trav\u00e9s de plataformas streaming como Disney+ y Hulu. Adem\u00e1s, combin\u00f3 proyecciones luminosas y actuaciones","og_url":"https:\/\/radioinfinitagoya.com.ar\/v1\/2025\/09\/14\/karol-g-hizo-historia-en-el-vaticano-junto-a-andrea-bocelli\/","og_site_name":"Radio Infinita Goya","article_publisher":"https:\/\/www.facebook.com\/p\/Infinita-Goya-100063870918311\/","article_published_time":"2025-09-14T21:26:58+00:00","author":"Jorge Mi\u00f1o","twitter_card":"summary_large_image","twitter_misc":{"Escrito por":"Jorge Mi\u00f1o","Tiempo de lectura":"4 minutos"},"schema":{"@context":"https:\/\/schema.org","@graph":[{"@type":"Article","@id":"https:\/\/radioinfinitagoya.com.ar\/v1\/2025\/09\/14\/karol-g-hizo-historia-en-el-vaticano-junto-a-andrea-bocelli\/#article","isPartOf":{"@id":"https:\/\/radioinfinitagoya.com.ar\/v1\/2025\/09\/14\/karol-g-hizo-historia-en-el-vaticano-junto-a-andrea-bocelli\/"},"author":{"name":"Jorge Mi\u00f1o","@id":"https:\/\/radioinfinitagoya.com.ar\/v1\/#\/schema\/person\/d4cf9c413d4f6edb24aabdccab49ca4a"},"headline":"Karol G hizo historia en el Vaticano junto a Andrea Bocelli","datePublished":"2025-09-14T21:26:58+00:00","mainEntityOfPage":{"@id":"https:\/\/radioinfinitagoya.com.ar\/v1\/2025\/09\/14\/karol-g-hizo-historia-en-el-vaticano-junto-a-andrea-bocelli\/"},"wordCount":744,"publisher":{"@id":"https:\/\/radioinfinitagoya.com.ar\/v1\/#organization"},"image":{"@id":"https:\/\/radioinfinitagoya.com.ar\/v1\/2025\/09\/14\/karol-g-hizo-historia-en-el-vaticano-junto-a-andrea-bocelli\/#primaryimage"},"thumbnailUrl":"https:\/\/radioinfinitagoya.com.ar\/v1\/wp-content\/uploads\/2025\/09\/XFYRVAEWDJAA7M5FY4QFESM57A.avif","articleSection":["DESTACADOS"],"inLanguage":"es-AR"},{"@type":"WebPage","@id":"https:\/\/radioinfinitagoya.com.ar\/v1\/2025\/09\/14\/karol-g-hizo-historia-en-el-vaticano-junto-a-andrea-bocelli\/","url":"https:\/\/radioinfinitagoya.com.ar\/v1\/2025\/09\/14\/karol-g-hizo-historia-en-el-vaticano-junto-a-andrea-bocelli\/","name":"Karol G hizo historia en el Vaticano junto a Andrea Bocelli - Radio Infinita Goya","isPartOf":{"@id":"https:\/\/radioinfinitagoya.com.ar\/v1\/#website"},"primaryImageOfPage":{"@id":"https:\/\/radioinfinitagoya.com.ar\/v1\/2025\/09\/14\/karol-g-hizo-historia-en-el-vaticano-junto-a-andrea-bocelli\/#primaryimage"},"image":{"@id":"https:\/\/radioinfinitagoya.com.ar\/v1\/2025\/09\/14\/karol-g-hizo-historia-en-el-vaticano-junto-a-andrea-bocelli\/#primaryimage"},"thumbnailUrl":"https:\/\/radioinfinitagoya.com.ar\/v1\/wp-content\/uploads\/2025\/09\/XFYRVAEWDJAA7M5FY4QFESM57A.avif","datePublished":"2025-09-14T21:26:58+00:00","description":"El evento Grace for the World fue transmitido a trav\u00e9s de plataformas streaming como Disney+ y Hulu. Adem\u00e1s, combin\u00f3 proyecciones luminosas y actuaciones","breadcrumb":{"@id":"https:\/\/radioinfinitagoya.com.ar\/v1\/2025\/09\/14\/karol-g-hizo-historia-en-el-vaticano-junto-a-andrea-bocelli\/#breadcrumb"},"inLanguage":"es-AR","potentialAction":[{"@type":"ReadAction","target":["https:\/\/radioinfinitagoya.com.ar\/v1\/2025\/09\/14\/karol-g-hizo-historia-en-el-vaticano-junto-a-andrea-bocelli\/"]}]},{"@type":"ImageObject","inLanguage":"es-AR","@id":"https:\/\/radioinfinitagoya.com.ar\/v1\/2025\/09\/14\/karol-g-hizo-historia-en-el-vaticano-junto-a-andrea-bocelli\/#primaryimage","url":"https:\/\/radioinfinitagoya.com.ar\/v1\/wp-content\/uploads\/2025\/09\/XFYRVAEWDJAA7M5FY4QFESM57A.avif","contentUrl":"https:\/\/radioinfinitagoya.com.ar\/v1\/wp-content\/uploads\/2025\/09\/XFYRVAEWDJAA7M5FY4QFESM57A.avif","width":992,"height":662},{"@type":"BreadcrumbList","@id":"https:\/\/radioinfinitagoya.com.ar\/v1\/2025\/09\/14\/karol-g-hizo-historia-en-el-vaticano-junto-a-andrea-bocelli\/#breadcrumb","itemListElement":[{"@type":"ListItem","position":1,"name":"Inicio","item":"https:\/\/radioinfinitagoya.com.ar\/v1\/"},{"@type":"ListItem","position":2,"name":"Karol G hizo historia en el Vaticano junto a Andrea Bocelli"}]},{"@type":"WebSite","@id":"https:\/\/radioinfinitagoya.com.ar\/v1\/#website","url":"https:\/\/radioinfinitagoya.com.ar\/v1\/","name":"radioinfinitagoya.com.ar","description":"Radio de noticias","publisher":{"@id":"https:\/\/radioinfinitagoya.com.ar\/v1\/#organization"},"potentialAction":[{"@type":"SearchAction","target":{"@type":"EntryPoint","urlTemplate":"https:\/\/radioinfinitagoya.com.ar\/v1\/?s={search_term_string}"},"query-input":{"@type":"PropertyValueSpecification","valueRequired":true,"valueName":"search_term_string"}}],"inLanguage":"es-AR"},{"@type":"Organization","@id":"https:\/\/radioinfinitagoya.com.ar\/v1\/#organization","name":"Radio Infinita Goya","url":"https:\/\/radioinfinitagoya.com.ar\/v1\/","logo":{"@type":"ImageObject","inLanguage":"es-AR","@id":"https:\/\/radioinfinitagoya.com.ar\/v1\/#\/schema\/logo\/image\/","url":"https:\/\/radioinfinitagoya.com.ar\/v1\/wp-content\/uploads\/2019\/11\/logo-pie-web.png","contentUrl":"https:\/\/radioinfinitagoya.com.ar\/v1\/wp-content\/uploads\/2019\/11\/logo-pie-web.png","width":635,"height":326,"caption":"Radio Infinita Goya"},"image":{"@id":"https:\/\/radioinfinitagoya.com.ar\/v1\/#\/schema\/logo\/image\/"},"sameAs":["https:\/\/www.facebook.com\/p\/Infinita-Goya-100063870918311\/"]},{"@type":"Person","@id":"https:\/\/radioinfinitagoya.com.ar\/v1\/#\/schema\/person\/d4cf9c413d4f6edb24aabdccab49ca4a","name":"Jorge Mi\u00f1o","image":{"@type":"ImageObject","inLanguage":"es-AR","@id":"https:\/\/secure.gravatar.com\/avatar\/910fcf6728fe95320e07a6643c1581fec1c7fc4bf8ae12e3d8f0d0373dc844be?s=96&d=mm&r=g","url":"https:\/\/secure.gravatar.com\/avatar\/910fcf6728fe95320e07a6643c1581fec1c7fc4bf8ae12e3d8f0d0373dc844be?s=96&d=mm&r=g","contentUrl":"https:\/\/secure.gravatar.com\/avatar\/910fcf6728fe95320e07a6643c1581fec1c7fc4bf8ae12e3d8f0d0373dc844be?s=96&d=mm&r=g","caption":"Jorge Mi\u00f1o"},"sameAs":["http:\/\/radioinfinitagoya.com.ar"]}]}},"_links":{"self":[{"href":"https:\/\/radioinfinitagoya.com.ar\/v1\/wp-json\/wp\/v2\/posts\/195925","targetHints":{"allow":["GET"]}}],"collection":[{"href":"https:\/\/radioinfinitagoya.com.ar\/v1\/wp-json\/wp\/v2\/posts"}],"about":[{"href":"https:\/\/radioinfinitagoya.com.ar\/v1\/wp-json\/wp\/v2\/types\/post"}],"author":[{"embeddable":true,"href":"https:\/\/radioinfinitagoya.com.ar\/v1\/wp-json\/wp\/v2\/users\/4"}],"replies":[{"embeddable":true,"href":"https:\/\/radioinfinitagoya.com.ar\/v1\/wp-json\/wp\/v2\/comments?post=195925"}],"version-history":[{"count":0,"href":"https:\/\/radioinfinitagoya.com.ar\/v1\/wp-json\/wp\/v2\/posts\/195925\/revisions"}],"wp:featuredmedia":[{"embeddable":true,"href":"https:\/\/radioinfinitagoya.com.ar\/v1\/wp-json\/wp\/v2\/media\/195926"}],"wp:attachment":[{"href":"https:\/\/radioinfinitagoya.com.ar\/v1\/wp-json\/wp\/v2\/media?parent=195925"}],"wp:term":[{"taxonomy":"category","embeddable":true,"href":"https:\/\/radioinfinitagoya.com.ar\/v1\/wp-json\/wp\/v2\/categories?post=195925"},{"taxonomy":"post_tag","embeddable":true,"href":"https:\/\/radioinfinitagoya.com.ar\/v1\/wp-json\/wp\/v2\/tags?post=195925"}],"curies":[{"name":"wp","href":"https:\/\/api.w.org\/{rel}","templated":true}]}}