{"id":195931,"date":"2025-09-15T15:32:07","date_gmt":"2025-09-15T18:32:07","guid":{"rendered":"https:\/\/radioinfinitagoya.com.ar\/v1\/?p=195931"},"modified":"2025-09-15T15:32:07","modified_gmt":"2025-09-15T18:32:07","slug":"corrientes-es-sede-del-encuentro-regional-sobre-produccion-y-conservacion-de-la-naturaleza","status":"publish","type":"post","link":"https:\/\/radioinfinitagoya.com.ar\/v1\/2025\/09\/15\/corrientes-es-sede-del-encuentro-regional-sobre-produccion-y-conservacion-de-la-naturaleza\/","title":{"rendered":"Corrientes es sede del Encuentro Regional sobre Producci\u00f3n y Conservaci\u00f3n de la Naturaleza"},"content":{"rendered":"<p>&#8220;Hacer este encuentro en Virasoro es simb\u00f3lico, porque ac\u00e1 se conjuga una de las mayores biodiversidades de la provincia con uno de los mayores dinamismos productivos\u201d, se\u00f1al\u00f3 en Hoja de Ruta, Alejandro Brown, presidente de Fundaci\u00f3n ProYungas.<\/p>\n<p>Del 15 al 17 de septiembre Virasoro es el epicentro del Encuentro Anual de la Red de Paisajes Productivos Protegidos (PPP), un programa pionero en Sudam\u00e9rica que vincula la producci\u00f3n sustentable con la conservaci\u00f3n de la biodiversidad. El encuentro se realiza en el Instituto Agrot\u00e9cnico V\u00edctor Navajas Centeno, dentro del Establecimiento Las Mar\u00edas, y re\u00fane a empresas, productores, investigadores, certificadoras, organizaciones de la sociedad civil y autoridades.<\/p>\n<p>Actualmente, el PPP agrupa a 53 empresas de Argentina, Bolivia, Chile y Paraguay, alcanzando m\u00e1s de 2,8 millones de hect\u00e1reas, de las cuales el 40% corresponde a \u00e1reas naturales protegidas en manos privadas.<\/p>\n<p>Alejandro Brown, presidente de Fundaci\u00f3n ProYungas, destac\u00f3 en Hoja de Ruta, la importancia de que este evento se realice en Corrientes: \u201cLa regi\u00f3n mesopot\u00e1mica es una de las m\u00e1s din\u00e1micas en cuanto a su potencial productivo, adem\u00e1s de contar con una fuerte tradici\u00f3n que vincula la producci\u00f3n con la inclusi\u00f3n social y la protecci\u00f3n de la naturaleza. Hacer este encuentro en Virasoro es simb\u00f3lico, porque ac\u00e1 se conjuga una de las mayores biodiversidades de la provincia con uno de los mayores dinamismos productivos\u201d.<\/p>\n<p>Sobre la mirada del programa, Brown explic\u00f3: &#8220;Nos interesa la conservaci\u00f3n del ambiente y la biodiversidad, pero consideramos que eso solo puede hacerse de la mano del sector productivo. No se puede conservar la naturaleza contra el sector productivo, hay que hacerlo con \u00e9l\u201d.<\/p>\n<p>En ese sentido, remarc\u00f3 el rol poco reconocido de las empresas: \u201cEn Argentina hay m\u00e1s naturaleza protegida en manos del sector privado que en todo el sistema de parques nacionales y \u00e1reas protegidas provinciales. Eso nunca se puso en valor y es un mensaje muy fuerte hacia el exterior\u201d.<\/p>\n<p>El presidente de ProYungas tambi\u00e9n resalt\u00f3 la necesidad de cambiar la narrativa ambiental: \u201cEn general nos enfocamos en los aspectos negativos y generamos una sensaci\u00f3n bastante pesimista sobre el futuro. El ambientalismo tiene una deuda: mostrar que se puede producir y conservar la naturaleza al mismo tiempo. Argentina lo hace y puede mostrarlo al mundo\u201d.<\/p>\n<p>El encuentro en Virasoro se enmarca en el proyecto Impacto Verde, financiado por la Uni\u00f3n Europea, y cuenta con el apoyo de empresas como Establecimiento Las Mar\u00edas, Navar, Bosques del Plata y la Fundaci\u00f3n Victoria Jean Navajas.<\/p>\n<p>&nbsp;<\/p>\n","protected":false},"excerpt":{"rendered":"<p>&#8220;Hacer este encuentro en Virasoro es simb\u00f3lico, porque ac\u00e1 se conjuga una de las mayores biodiversidades de la provincia con uno de los mayores dinamismos productivos\u201d, se\u00f1al\u00f3 en Hoja de Ruta, Alejandro Brown, presidente de Fundaci\u00f3n ProYungas. Del 15 al 17 de septiembre Virasoro es el epicentro del Encuentro Anual de la Red de Paisajes [&hellip;]<\/p>\n","protected":false},"author":4,"featured_media":195932,"comment_status":"closed","ping_status":"closed","sticky":false,"template":"","format":"standard","meta":{"_joinchat":[],"footnotes":""},"categories":[26],"tags":[],"class_list":{"0":"post-195931","1":"post","2":"type-post","3":"status-publish","4":"format-standard","5":"has-post-thumbnail","7":"category-provinciales"},"yoast_head":"<!-- This site is optimized with the Yoast SEO plugin v27.2 - https:\/\/yoast.com\/product\/yoast-seo-wordpress\/ -->\n<title>Corrientes es sede del Encuentro Regional sobre Producci\u00f3n y Conservaci\u00f3n de la Naturaleza - Radio Infinita Goya<\/title>\n<meta name=\"description\" content=\"&quot;Hacer este encuentro en Virasoro es simb\u00f3lico, porque ac\u00e1 se conjuga una de las mayores biodiversidades de la provincia con uno de los mayores dinamismos\" \/>\n<meta name=\"robots\" content=\"index, follow, max-snippet:-1, max-image-preview:large, max-video-preview:-1\" \/>\n<link rel=\"canonical\" href=\"https:\/\/radioinfinitagoya.com.ar\/v1\/2025\/09\/15\/corrientes-es-sede-del-encuentro-regional-sobre-produccion-y-conservacion-de-la-naturaleza\/\" \/>\n<meta property=\"og:locale\" content=\"es_ES\" \/>\n<meta property=\"og:type\" content=\"article\" \/>\n<meta property=\"og:title\" content=\"Corrientes es sede del Encuentro Regional sobre Producci\u00f3n y Conservaci\u00f3n de la Naturaleza - Radio Infinita Goya\" \/>\n<meta property=\"og:description\" content=\"&quot;Hacer este encuentro en Virasoro es simb\u00f3lico, porque ac\u00e1 se conjuga una de las mayores biodiversidades de la provincia con uno de los mayores dinamismos\" \/>\n<meta property=\"og:url\" content=\"https:\/\/radioinfinitagoya.com.ar\/v1\/2025\/09\/15\/corrientes-es-sede-del-encuentro-regional-sobre-produccion-y-conservacion-de-la-naturaleza\/\" \/>\n<meta property=\"og:site_name\" content=\"Radio Infinita Goya\" \/>\n<meta property=\"article:publisher\" content=\"https:\/\/www.facebook.com\/p\/Infinita-Goya-100063870918311\/\" \/>\n<meta property=\"article:published_time\" content=\"2025-09-15T18:32:07+00:00\" \/>\n<meta property=\"og:image\" content=\"https:\/\/radioinfinitagoya.com.ar\/v1\/wp-content\/uploads\/2025\/09\/1757949922650.webp\" \/>\n\t<meta property=\"og:image:width\" content=\"1200\" \/>\n\t<meta property=\"og:image:height\" content=\"675\" \/>\n\t<meta property=\"og:image:type\" content=\"image\/webp\" \/>\n<meta name=\"author\" content=\"Jorge Mi\u00f1o\" \/>\n<meta name=\"twitter:card\" content=\"summary_large_image\" \/>\n<meta name=\"twitter:label1\" content=\"Escrito por\" \/>\n\t<meta name=\"twitter:data1\" content=\"Jorge Mi\u00f1o\" \/>\n\t<meta name=\"twitter:label2\" content=\"Tiempo de lectura\" \/>\n\t<meta name=\"twitter:data2\" content=\"3 minutos\" \/>\n<script type=\"application\/ld+json\" class=\"yoast-schema-graph\">{\"@context\":\"https:\/\/schema.org\",\"@graph\":[{\"@type\":\"Article\",\"@id\":\"https:\/\/radioinfinitagoya.com.ar\/v1\/2025\/09\/15\/corrientes-es-sede-del-encuentro-regional-sobre-produccion-y-conservacion-de-la-naturaleza\/#article\",\"isPartOf\":{\"@id\":\"https:\/\/radioinfinitagoya.com.ar\/v1\/2025\/09\/15\/corrientes-es-sede-del-encuentro-regional-sobre-produccion-y-conservacion-de-la-naturaleza\/\"},\"author\":{\"name\":\"Jorge Mi\u00f1o\",\"@id\":\"https:\/\/radioinfinitagoya.com.ar\/v1\/#\/schema\/person\/d4cf9c413d4f6edb24aabdccab49ca4a\"},\"headline\":\"Corrientes es sede del Encuentro Regional sobre Producci\u00f3n y Conservaci\u00f3n de la Naturaleza\",\"datePublished\":\"2025-09-15T18:32:07+00:00\",\"mainEntityOfPage\":{\"@id\":\"https:\/\/radioinfinitagoya.com.ar\/v1\/2025\/09\/15\/corrientes-es-sede-del-encuentro-regional-sobre-produccion-y-conservacion-de-la-naturaleza\/\"},\"wordCount\":446,\"publisher\":{\"@id\":\"https:\/\/radioinfinitagoya.com.ar\/v1\/#organization\"},\"image\":{\"@id\":\"https:\/\/radioinfinitagoya.com.ar\/v1\/2025\/09\/15\/corrientes-es-sede-del-encuentro-regional-sobre-produccion-y-conservacion-de-la-naturaleza\/#primaryimage\"},\"thumbnailUrl\":\"https:\/\/radioinfinitagoya.com.ar\/v1\/wp-content\/uploads\/2025\/09\/1757949922650.webp\",\"articleSection\":[\"PROVINCIALES\"],\"inLanguage\":\"es-AR\"},{\"@type\":\"WebPage\",\"@id\":\"https:\/\/radioinfinitagoya.com.ar\/v1\/2025\/09\/15\/corrientes-es-sede-del-encuentro-regional-sobre-produccion-y-conservacion-de-la-naturaleza\/\",\"url\":\"https:\/\/radioinfinitagoya.com.ar\/v1\/2025\/09\/15\/corrientes-es-sede-del-encuentro-regional-sobre-produccion-y-conservacion-de-la-naturaleza\/\",\"name\":\"Corrientes es sede del Encuentro Regional sobre Producci\u00f3n y Conservaci\u00f3n de la Naturaleza - Radio Infinita Goya\",\"isPartOf\":{\"@id\":\"https:\/\/radioinfinitagoya.com.ar\/v1\/#website\"},\"primaryImageOfPage\":{\"@id\":\"https:\/\/radioinfinitagoya.com.ar\/v1\/2025\/09\/15\/corrientes-es-sede-del-encuentro-regional-sobre-produccion-y-conservacion-de-la-naturaleza\/#primaryimage\"},\"image\":{\"@id\":\"https:\/\/radioinfinitagoya.com.ar\/v1\/2025\/09\/15\/corrientes-es-sede-del-encuentro-regional-sobre-produccion-y-conservacion-de-la-naturaleza\/#primaryimage\"},\"thumbnailUrl\":\"https:\/\/radioinfinitagoya.com.ar\/v1\/wp-content\/uploads\/2025\/09\/1757949922650.webp\",\"datePublished\":\"2025-09-15T18:32:07+00:00\",\"description\":\"\\\"Hacer este encuentro en Virasoro es simb\u00f3lico, porque ac\u00e1 se conjuga una de las mayores biodiversidades de la provincia con uno de los mayores dinamismos\",\"breadcrumb\":{\"@id\":\"https:\/\/radioinfinitagoya.com.ar\/v1\/2025\/09\/15\/corrientes-es-sede-del-encuentro-regional-sobre-produccion-y-conservacion-de-la-naturaleza\/#breadcrumb\"},\"inLanguage\":\"es-AR\",\"potentialAction\":[{\"@type\":\"ReadAction\",\"target\":[\"https:\/\/radioinfinitagoya.com.ar\/v1\/2025\/09\/15\/corrientes-es-sede-del-encuentro-regional-sobre-produccion-y-conservacion-de-la-naturaleza\/\"]}]},{\"@type\":\"ImageObject\",\"inLanguage\":\"es-AR\",\"@id\":\"https:\/\/radioinfinitagoya.com.ar\/v1\/2025\/09\/15\/corrientes-es-sede-del-encuentro-regional-sobre-produccion-y-conservacion-de-la-naturaleza\/#primaryimage\",\"url\":\"https:\/\/radioinfinitagoya.com.ar\/v1\/wp-content\/uploads\/2025\/09\/1757949922650.webp\",\"contentUrl\":\"https:\/\/radioinfinitagoya.com.ar\/v1\/wp-content\/uploads\/2025\/09\/1757949922650.webp\",\"width\":1200,\"height\":675},{\"@type\":\"BreadcrumbList\",\"@id\":\"https:\/\/radioinfinitagoya.com.ar\/v1\/2025\/09\/15\/corrientes-es-sede-del-encuentro-regional-sobre-produccion-y-conservacion-de-la-naturaleza\/#breadcrumb\",\"itemListElement\":[{\"@type\":\"ListItem\",\"position\":1,\"name\":\"Inicio\",\"item\":\"https:\/\/radioinfinitagoya.com.ar\/v1\/\"},{\"@type\":\"ListItem\",\"position\":2,\"name\":\"Corrientes es sede del Encuentro Regional sobre Producci\u00f3n y Conservaci\u00f3n de la Naturaleza\"}]},{\"@type\":\"WebSite\",\"@id\":\"https:\/\/radioinfinitagoya.com.ar\/v1\/#website\",\"url\":\"https:\/\/radioinfinitagoya.com.ar\/v1\/\",\"name\":\"radioinfinitagoya.com.ar\",\"description\":\"Radio de noticias\",\"publisher\":{\"@id\":\"https:\/\/radioinfinitagoya.com.ar\/v1\/#organization\"},\"potentialAction\":[{\"@type\":\"SearchAction\",\"target\":{\"@type\":\"EntryPoint\",\"urlTemplate\":\"https:\/\/radioinfinitagoya.com.ar\/v1\/?s={search_term_string}\"},\"query-input\":{\"@type\":\"PropertyValueSpecification\",\"valueRequired\":true,\"valueName\":\"search_term_string\"}}],\"inLanguage\":\"es-AR\"},{\"@type\":\"Organization\",\"@id\":\"https:\/\/radioinfinitagoya.com.ar\/v1\/#organization\",\"name\":\"Radio Infinita Goya\",\"url\":\"https:\/\/radioinfinitagoya.com.ar\/v1\/\",\"logo\":{\"@type\":\"ImageObject\",\"inLanguage\":\"es-AR\",\"@id\":\"https:\/\/radioinfinitagoya.com.ar\/v1\/#\/schema\/logo\/image\/\",\"url\":\"https:\/\/radioinfinitagoya.com.ar\/v1\/wp-content\/uploads\/2019\/11\/logo-pie-web.png\",\"contentUrl\":\"https:\/\/radioinfinitagoya.com.ar\/v1\/wp-content\/uploads\/2019\/11\/logo-pie-web.png\",\"width\":635,\"height\":326,\"caption\":\"Radio Infinita Goya\"},\"image\":{\"@id\":\"https:\/\/radioinfinitagoya.com.ar\/v1\/#\/schema\/logo\/image\/\"},\"sameAs\":[\"https:\/\/www.facebook.com\/p\/Infinita-Goya-100063870918311\/\"]},{\"@type\":\"Person\",\"@id\":\"https:\/\/radioinfinitagoya.com.ar\/v1\/#\/schema\/person\/d4cf9c413d4f6edb24aabdccab49ca4a\",\"name\":\"Jorge Mi\u00f1o\",\"image\":{\"@type\":\"ImageObject\",\"inLanguage\":\"es-AR\",\"@id\":\"https:\/\/secure.gravatar.com\/avatar\/910fcf6728fe95320e07a6643c1581fec1c7fc4bf8ae12e3d8f0d0373dc844be?s=96&d=mm&r=g\",\"url\":\"https:\/\/secure.gravatar.com\/avatar\/910fcf6728fe95320e07a6643c1581fec1c7fc4bf8ae12e3d8f0d0373dc844be?s=96&d=mm&r=g\",\"contentUrl\":\"https:\/\/secure.gravatar.com\/avatar\/910fcf6728fe95320e07a6643c1581fec1c7fc4bf8ae12e3d8f0d0373dc844be?s=96&d=mm&r=g\",\"caption\":\"Jorge Mi\u00f1o\"},\"sameAs\":[\"http:\/\/radioinfinitagoya.com.ar\"]}]}<\/script>\n<!-- \/ Yoast SEO plugin. -->","yoast_head_json":{"title":"Corrientes es sede del Encuentro Regional sobre Producci\u00f3n y Conservaci\u00f3n de la Naturaleza - Radio Infinita Goya","description":"\"Hacer este encuentro en Virasoro es simb\u00f3lico, porque ac\u00e1 se conjuga una de las mayores biodiversidades de la provincia con uno de los mayores dinamismos","robots":{"index":"index","follow":"follow","max-snippet":"max-snippet:-1","max-image-preview":"max-image-preview:large","max-video-preview":"max-video-preview:-1"},"canonical":"https:\/\/radioinfinitagoya.com.ar\/v1\/2025\/09\/15\/corrientes-es-sede-del-encuentro-regional-sobre-produccion-y-conservacion-de-la-naturaleza\/","og_locale":"es_ES","og_type":"article","og_title":"Corrientes es sede del Encuentro Regional sobre Producci\u00f3n y Conservaci\u00f3n de la Naturaleza - Radio Infinita Goya","og_description":"\"Hacer este encuentro en Virasoro es simb\u00f3lico, porque ac\u00e1 se conjuga una de las mayores biodiversidades de la provincia con uno de los mayores dinamismos","og_url":"https:\/\/radioinfinitagoya.com.ar\/v1\/2025\/09\/15\/corrientes-es-sede-del-encuentro-regional-sobre-produccion-y-conservacion-de-la-naturaleza\/","og_site_name":"Radio Infinita Goya","article_publisher":"https:\/\/www.facebook.com\/p\/Infinita-Goya-100063870918311\/","article_published_time":"2025-09-15T18:32:07+00:00","og_image":[{"width":1200,"height":675,"url":"https:\/\/radioinfinitagoya.com.ar\/v1\/wp-content\/uploads\/2025\/09\/1757949922650.webp","type":"image\/webp"}],"author":"Jorge Mi\u00f1o","twitter_card":"summary_large_image","twitter_misc":{"Escrito por":"Jorge Mi\u00f1o","Tiempo de lectura":"3 minutos"},"schema":{"@context":"https:\/\/schema.org","@graph":[{"@type":"Article","@id":"https:\/\/radioinfinitagoya.com.ar\/v1\/2025\/09\/15\/corrientes-es-sede-del-encuentro-regional-sobre-produccion-y-conservacion-de-la-naturaleza\/#article","isPartOf":{"@id":"https:\/\/radioinfinitagoya.com.ar\/v1\/2025\/09\/15\/corrientes-es-sede-del-encuentro-regional-sobre-produccion-y-conservacion-de-la-naturaleza\/"},"author":{"name":"Jorge Mi\u00f1o","@id":"https:\/\/radioinfinitagoya.com.ar\/v1\/#\/schema\/person\/d4cf9c413d4f6edb24aabdccab49ca4a"},"headline":"Corrientes es sede del Encuentro Regional sobre Producci\u00f3n y Conservaci\u00f3n de la Naturaleza","datePublished":"2025-09-15T18:32:07+00:00","mainEntityOfPage":{"@id":"https:\/\/radioinfinitagoya.com.ar\/v1\/2025\/09\/15\/corrientes-es-sede-del-encuentro-regional-sobre-produccion-y-conservacion-de-la-naturaleza\/"},"wordCount":446,"publisher":{"@id":"https:\/\/radioinfinitagoya.com.ar\/v1\/#organization"},"image":{"@id":"https:\/\/radioinfinitagoya.com.ar\/v1\/2025\/09\/15\/corrientes-es-sede-del-encuentro-regional-sobre-produccion-y-conservacion-de-la-naturaleza\/#primaryimage"},"thumbnailUrl":"https:\/\/radioinfinitagoya.com.ar\/v1\/wp-content\/uploads\/2025\/09\/1757949922650.webp","articleSection":["PROVINCIALES"],"inLanguage":"es-AR"},{"@type":"WebPage","@id":"https:\/\/radioinfinitagoya.com.ar\/v1\/2025\/09\/15\/corrientes-es-sede-del-encuentro-regional-sobre-produccion-y-conservacion-de-la-naturaleza\/","url":"https:\/\/radioinfinitagoya.com.ar\/v1\/2025\/09\/15\/corrientes-es-sede-del-encuentro-regional-sobre-produccion-y-conservacion-de-la-naturaleza\/","name":"Corrientes es sede del Encuentro Regional sobre Producci\u00f3n y Conservaci\u00f3n de la Naturaleza - Radio Infinita Goya","isPartOf":{"@id":"https:\/\/radioinfinitagoya.com.ar\/v1\/#website"},"primaryImageOfPage":{"@id":"https:\/\/radioinfinitagoya.com.ar\/v1\/2025\/09\/15\/corrientes-es-sede-del-encuentro-regional-sobre-produccion-y-conservacion-de-la-naturaleza\/#primaryimage"},"image":{"@id":"https:\/\/radioinfinitagoya.com.ar\/v1\/2025\/09\/15\/corrientes-es-sede-del-encuentro-regional-sobre-produccion-y-conservacion-de-la-naturaleza\/#primaryimage"},"thumbnailUrl":"https:\/\/radioinfinitagoya.com.ar\/v1\/wp-content\/uploads\/2025\/09\/1757949922650.webp","datePublished":"2025-09-15T18:32:07+00:00","description":"\"Hacer este encuentro en Virasoro es simb\u00f3lico, porque ac\u00e1 se conjuga una de las mayores biodiversidades de la provincia con uno de los mayores dinamismos","breadcrumb":{"@id":"https:\/\/radioinfinitagoya.com.ar\/v1\/2025\/09\/15\/corrientes-es-sede-del-encuentro-regional-sobre-produccion-y-conservacion-de-la-naturaleza\/#breadcrumb"},"inLanguage":"es-AR","potentialAction":[{"@type":"ReadAction","target":["https:\/\/radioinfinitagoya.com.ar\/v1\/2025\/09\/15\/corrientes-es-sede-del-encuentro-regional-sobre-produccion-y-conservacion-de-la-naturaleza\/"]}]},{"@type":"ImageObject","inLanguage":"es-AR","@id":"https:\/\/radioinfinitagoya.com.ar\/v1\/2025\/09\/15\/corrientes-es-sede-del-encuentro-regional-sobre-produccion-y-conservacion-de-la-naturaleza\/#primaryimage","url":"https:\/\/radioinfinitagoya.com.ar\/v1\/wp-content\/uploads\/2025\/09\/1757949922650.webp","contentUrl":"https:\/\/radioinfinitagoya.com.ar\/v1\/wp-content\/uploads\/2025\/09\/1757949922650.webp","width":1200,"height":675},{"@type":"BreadcrumbList","@id":"https:\/\/radioinfinitagoya.com.ar\/v1\/2025\/09\/15\/corrientes-es-sede-del-encuentro-regional-sobre-produccion-y-conservacion-de-la-naturaleza\/#breadcrumb","itemListElement":[{"@type":"ListItem","position":1,"name":"Inicio","item":"https:\/\/radioinfinitagoya.com.ar\/v1\/"},{"@type":"ListItem","position":2,"name":"Corrientes es sede del Encuentro Regional sobre Producci\u00f3n y Conservaci\u00f3n de la Naturaleza"}]},{"@type":"WebSite","@id":"https:\/\/radioinfinitagoya.com.ar\/v1\/#website","url":"https:\/\/radioinfinitagoya.com.ar\/v1\/","name":"radioinfinitagoya.com.ar","description":"Radio de noticias","publisher":{"@id":"https:\/\/radioinfinitagoya.com.ar\/v1\/#organization"},"potentialAction":[{"@type":"SearchAction","target":{"@type":"EntryPoint","urlTemplate":"https:\/\/radioinfinitagoya.com.ar\/v1\/?s={search_term_string}"},"query-input":{"@type":"PropertyValueSpecification","valueRequired":true,"valueName":"search_term_string"}}],"inLanguage":"es-AR"},{"@type":"Organization","@id":"https:\/\/radioinfinitagoya.com.ar\/v1\/#organization","name":"Radio Infinita Goya","url":"https:\/\/radioinfinitagoya.com.ar\/v1\/","logo":{"@type":"ImageObject","inLanguage":"es-AR","@id":"https:\/\/radioinfinitagoya.com.ar\/v1\/#\/schema\/logo\/image\/","url":"https:\/\/radioinfinitagoya.com.ar\/v1\/wp-content\/uploads\/2019\/11\/logo-pie-web.png","contentUrl":"https:\/\/radioinfinitagoya.com.ar\/v1\/wp-content\/uploads\/2019\/11\/logo-pie-web.png","width":635,"height":326,"caption":"Radio Infinita Goya"},"image":{"@id":"https:\/\/radioinfinitagoya.com.ar\/v1\/#\/schema\/logo\/image\/"},"sameAs":["https:\/\/www.facebook.com\/p\/Infinita-Goya-100063870918311\/"]},{"@type":"Person","@id":"https:\/\/radioinfinitagoya.com.ar\/v1\/#\/schema\/person\/d4cf9c413d4f6edb24aabdccab49ca4a","name":"Jorge Mi\u00f1o","image":{"@type":"ImageObject","inLanguage":"es-AR","@id":"https:\/\/secure.gravatar.com\/avatar\/910fcf6728fe95320e07a6643c1581fec1c7fc4bf8ae12e3d8f0d0373dc844be?s=96&d=mm&r=g","url":"https:\/\/secure.gravatar.com\/avatar\/910fcf6728fe95320e07a6643c1581fec1c7fc4bf8ae12e3d8f0d0373dc844be?s=96&d=mm&r=g","contentUrl":"https:\/\/secure.gravatar.com\/avatar\/910fcf6728fe95320e07a6643c1581fec1c7fc4bf8ae12e3d8f0d0373dc844be?s=96&d=mm&r=g","caption":"Jorge Mi\u00f1o"},"sameAs":["http:\/\/radioinfinitagoya.com.ar"]}]}},"_links":{"self":[{"href":"https:\/\/radioinfinitagoya.com.ar\/v1\/wp-json\/wp\/v2\/posts\/195931","targetHints":{"allow":["GET"]}}],"collection":[{"href":"https:\/\/radioinfinitagoya.com.ar\/v1\/wp-json\/wp\/v2\/posts"}],"about":[{"href":"https:\/\/radioinfinitagoya.com.ar\/v1\/wp-json\/wp\/v2\/types\/post"}],"author":[{"embeddable":true,"href":"https:\/\/radioinfinitagoya.com.ar\/v1\/wp-json\/wp\/v2\/users\/4"}],"replies":[{"embeddable":true,"href":"https:\/\/radioinfinitagoya.com.ar\/v1\/wp-json\/wp\/v2\/comments?post=195931"}],"version-history":[{"count":0,"href":"https:\/\/radioinfinitagoya.com.ar\/v1\/wp-json\/wp\/v2\/posts\/195931\/revisions"}],"wp:featuredmedia":[{"embeddable":true,"href":"https:\/\/radioinfinitagoya.com.ar\/v1\/wp-json\/wp\/v2\/media\/195932"}],"wp:attachment":[{"href":"https:\/\/radioinfinitagoya.com.ar\/v1\/wp-json\/wp\/v2\/media?parent=195931"}],"wp:term":[{"taxonomy":"category","embeddable":true,"href":"https:\/\/radioinfinitagoya.com.ar\/v1\/wp-json\/wp\/v2\/categories?post=195931"},{"taxonomy":"post_tag","embeddable":true,"href":"https:\/\/radioinfinitagoya.com.ar\/v1\/wp-json\/wp\/v2\/tags?post=195931"}],"curies":[{"name":"wp","href":"https:\/\/api.w.org\/{rel}","templated":true}]}}