{"id":195934,"date":"2025-09-15T15:38:55","date_gmt":"2025-09-15T18:38:55","guid":{"rendered":"https:\/\/radioinfinitagoya.com.ar\/v1\/?p=195934"},"modified":"2025-09-15T15:38:55","modified_gmt":"2025-09-15T18:38:55","slug":"gustavo-valdes-si-sos-ministro-del-interior-tenes-que-levantar-el-culito-de-casa-rosada","status":"publish","type":"post","link":"https:\/\/radioinfinitagoya.com.ar\/v1\/2025\/09\/15\/gustavo-valdes-si-sos-ministro-del-interior-tenes-que-levantar-el-culito-de-casa-rosada\/","title":{"rendered":"Gustavo Vald\u00e9s: &#8220;Si sos Ministro del Interior, tenes que levantar el culito de Casa Rosada&#8221;"},"content":{"rendered":"<p>As\u00ed lo dijo el gobernador de Corrientes al ser consultado sobre diferentes cuestiones que involucran a Naci\u00f3n y las provincias. Adem\u00e1s, le record\u00f3 al nuevo Ministro del Interior que &#8220;tenes que levantar el culito de Casa Rosada&#8221;.<\/p>\n<p>El gobernador Gustavo Vald\u00e9s habl\u00f3 al respecto de varios puntos sobre la relaci\u00f3n de las provincias con el gobierno nacional. En ese \u00e1mbito critic\u00f3 al nuevo ministro del interior, Lisandro Catalan, que a su visi\u00f3n, no empieza con el pie derecho.<\/p>\n<p>Sobre los resultados electorales que se vivieron, el mandatario provincial dijo que \u201cpasaron siete d\u00edas de las elecciones en provincia de Buenos Aires y catorce d\u00edas de las elecciones en la provincia de Corrientes a gobernador y la verdad es que no tuvimos ning\u00fan contacto\u201d.<\/p>\n<p>En este contexto Vald\u00e9s destac\u00f3 que no hubo ninguna comunicaci\u00f3n al respecto pero reconoci\u00f3 que \u201cestamos en medio de una campa\u00f1a nacional\u201d y que \u201ces dif\u00edcil dialogar en medio de una campa\u00f1a\u201d, admiti\u00f3 en una entrevista a Radio 10.<\/p>\n<p>Vetos y posturas<br \/>\nSobre las elecciones de octubre, Vald\u00e9s habl\u00f3 sobre las posturas de los legisladores de Corrientes: \u201cNo vamos a cambiar el voto, al contrario, ojal\u00e1 que lleguemos a esa mayor\u00eda suficiente para rechazar esos vetos\u201d.<\/p>\n<p>Inmediatamente acot\u00f3 a la situaci\u00f3n del hospital Garrahan \u201ccuando vemos que la ciencia est\u00e1 superada en una provincia como Corrientes, que si invertimos mucho en salud, recurrimos al Garrahan porque est\u00e1n los especialistas m\u00e1s importantes de la Rep\u00fablica Argentina\u201d, d\u00e1ndole la importancia de su financiaci\u00f3n.<\/p>\n<p>Sobre esto dijo que \u201ces un financiamiento que no impacta demasiado en el Presupuesto Nacional, es decir, la Argentina no va a volcar por financiarlo\u201d, defendiendo la postura de Corrientes con respecto a esta tem\u00e1tica.<\/p>\n<p>En la misma sinton\u00eda, habl\u00f3 del financiamiento a las universidades p\u00fablicas \u201cla educaci\u00f3n superior es el coraz\u00f3n del progreso de un pa\u00eds\u201d, y agreg\u00f3 que \u201cla Argentina necesita m\u00e1s profesionales\u201d.<\/p>\n<p>El gobernador concluy\u00f3 diciendo que \u201csi usted cierra el Garrahan, no nos va a ir bien. Si le restamos posibilidades a los universitarios, no nos va a ir bien, entonces no pidan el voto a los que entendemos este tipo de cuestiones\u201d. De manera contundente aclar\u00f3 que \u201cesa es la apuesta que hacemos nosotros, no es que estamos encaprichados para voltear un gobierno o atentar contra el equilibrio fiscal\u201d.<\/p>\n<p>Relaci\u00f3n con el Gobierno Nacional<br \/>\nVald\u00e9s habl\u00f3 sobre el v\u00ednculo con Naci\u00f3n y acot\u00f3 que \u201cno importa si es de mi signo pol\u00edtico o no, como gobernador, porque ya pas\u00e9 por tres presidentes, quiero que a la Argentina le vaya bien, porque a Corrientes le va bien\u201d.<\/p>\n<p>Luego, ponder\u00f3 la comunicaci\u00f3n ya que \u201cnecesitamos tener ese di\u00e1logo para decir &#8216;ac\u00e1 est\u00e1 pasando esto'&#8221;, enumerando diferentes problematicas que aparecen en cualqueir gesti\u00f3n provincial. \u201cTenemos una producci\u00f3n basta, entonces necesitamos que escuchen a la producci\u00f3n, a la industria, y necesitamos generar infraestructura\u201d, pidiendo funcionario que de verdad escuchen al interior.<\/p>\n<p>Cuando se le pregunt\u00f3 sobre el rol de Lisandro Catal\u00e1n, Vald\u00e9s no dudo en decir que &#8220;si sos Ministro del Interior, tenes que levantar el culito de Casa Rosada y tenes que comenzar a viajar al interior&#8221;, aludiendo a que a\u00fan no recibieron ning\u00fan mensaje ni anuncio de visita.<\/p>\n<p>El mandatario hizo una pregunta ret\u00f3rica para Naci\u00f3n: &#8220;Te preguntas por qu\u00e9 fracasas, y fracasas porque no te tom\u00e1s el tiempo de articular con los gobiernos provinciales&#8221;.<\/p>\n<p>&nbsp;<\/p>\n","protected":false},"excerpt":{"rendered":"<p>As\u00ed lo dijo el gobernador de Corrientes al ser consultado sobre diferentes cuestiones que involucran a Naci\u00f3n y las provincias. Adem\u00e1s, le record\u00f3 al nuevo Ministro del Interior que &#8220;tenes que levantar el culito de Casa Rosada&#8221;. El gobernador Gustavo Vald\u00e9s habl\u00f3 al respecto de varios puntos sobre la relaci\u00f3n de las provincias con el [&hellip;]<\/p>\n","protected":false},"author":4,"featured_media":195935,"comment_status":"closed","ping_status":"closed","sticky":false,"template":"","format":"standard","meta":{"_joinchat":[],"footnotes":""},"categories":[34],"tags":[],"class_list":{"0":"post-195934","1":"post","2":"type-post","3":"status-publish","4":"format-standard","5":"has-post-thumbnail","7":"category-principal"},"yoast_head":"<!-- This site is optimized with the Yoast SEO plugin v27.2 - https:\/\/yoast.com\/product\/yoast-seo-wordpress\/ -->\n<title>Gustavo Vald\u00e9s: &quot;Si sos Ministro del Interior, tenes que levantar el culito de Casa Rosada&quot; - Radio Infinita Goya<\/title>\n<meta name=\"description\" content=\"As\u00ed lo dijo el gobernador de Corrientes al ser consultado sobre diferentes cuestiones que involucran a Naci\u00f3n y las provincias. Adem\u00e1s, le record\u00f3 al\" \/>\n<meta name=\"robots\" content=\"index, follow, max-snippet:-1, max-image-preview:large, max-video-preview:-1\" \/>\n<link rel=\"canonical\" href=\"https:\/\/radioinfinitagoya.com.ar\/v1\/2025\/09\/15\/gustavo-valdes-si-sos-ministro-del-interior-tenes-que-levantar-el-culito-de-casa-rosada\/\" \/>\n<meta property=\"og:locale\" content=\"es_ES\" \/>\n<meta property=\"og:type\" content=\"article\" \/>\n<meta property=\"og:title\" content=\"Gustavo Vald\u00e9s: &quot;Si sos Ministro del Interior, tenes que levantar el culito de Casa Rosada&quot; - Radio Infinita Goya\" \/>\n<meta property=\"og:description\" content=\"As\u00ed lo dijo el gobernador de Corrientes al ser consultado sobre diferentes cuestiones que involucran a Naci\u00f3n y las provincias. Adem\u00e1s, le record\u00f3 al\" \/>\n<meta property=\"og:url\" content=\"https:\/\/radioinfinitagoya.com.ar\/v1\/2025\/09\/15\/gustavo-valdes-si-sos-ministro-del-interior-tenes-que-levantar-el-culito-de-casa-rosada\/\" \/>\n<meta property=\"og:site_name\" content=\"Radio Infinita Goya\" \/>\n<meta property=\"article:publisher\" content=\"https:\/\/www.facebook.com\/p\/Infinita-Goya-100063870918311\/\" \/>\n<meta property=\"article:published_time\" content=\"2025-09-15T18:38:55+00:00\" \/>\n<meta property=\"og:image\" content=\"https:\/\/radioinfinitagoya.com.ar\/v1\/wp-content\/uploads\/2025\/09\/GzO6MDiWsAAvCMa-1.jpg\" \/>\n\t<meta property=\"og:image:width\" content=\"680\" \/>\n\t<meta property=\"og:image:height\" content=\"454\" \/>\n\t<meta property=\"og:image:type\" content=\"image\/jpeg\" \/>\n<meta name=\"author\" content=\"Jorge Mi\u00f1o\" \/>\n<meta name=\"twitter:card\" content=\"summary_large_image\" \/>\n<meta name=\"twitter:label1\" content=\"Escrito por\" \/>\n\t<meta name=\"twitter:data1\" content=\"Jorge Mi\u00f1o\" \/>\n\t<meta name=\"twitter:label2\" content=\"Tiempo de lectura\" \/>\n\t<meta name=\"twitter:data2\" content=\"3 minutos\" \/>\n<script type=\"application\/ld+json\" class=\"yoast-schema-graph\">{\"@context\":\"https:\/\/schema.org\",\"@graph\":[{\"@type\":\"Article\",\"@id\":\"https:\/\/radioinfinitagoya.com.ar\/v1\/2025\/09\/15\/gustavo-valdes-si-sos-ministro-del-interior-tenes-que-levantar-el-culito-de-casa-rosada\/#article\",\"isPartOf\":{\"@id\":\"https:\/\/radioinfinitagoya.com.ar\/v1\/2025\/09\/15\/gustavo-valdes-si-sos-ministro-del-interior-tenes-que-levantar-el-culito-de-casa-rosada\/\"},\"author\":{\"name\":\"Jorge Mi\u00f1o\",\"@id\":\"https:\/\/radioinfinitagoya.com.ar\/v1\/#\/schema\/person\/d4cf9c413d4f6edb24aabdccab49ca4a\"},\"headline\":\"Gustavo Vald\u00e9s: &#8220;Si sos Ministro del Interior, tenes que levantar el culito de Casa Rosada&#8221;\",\"datePublished\":\"2025-09-15T18:38:55+00:00\",\"mainEntityOfPage\":{\"@id\":\"https:\/\/radioinfinitagoya.com.ar\/v1\/2025\/09\/15\/gustavo-valdes-si-sos-ministro-del-interior-tenes-que-levantar-el-culito-de-casa-rosada\/\"},\"wordCount\":613,\"publisher\":{\"@id\":\"https:\/\/radioinfinitagoya.com.ar\/v1\/#organization\"},\"image\":{\"@id\":\"https:\/\/radioinfinitagoya.com.ar\/v1\/2025\/09\/15\/gustavo-valdes-si-sos-ministro-del-interior-tenes-que-levantar-el-culito-de-casa-rosada\/#primaryimage\"},\"thumbnailUrl\":\"https:\/\/radioinfinitagoya.com.ar\/v1\/wp-content\/uploads\/2025\/09\/GzO6MDiWsAAvCMa-1.jpg\",\"articleSection\":[\"PRINCIPAL\"],\"inLanguage\":\"es-AR\"},{\"@type\":\"WebPage\",\"@id\":\"https:\/\/radioinfinitagoya.com.ar\/v1\/2025\/09\/15\/gustavo-valdes-si-sos-ministro-del-interior-tenes-que-levantar-el-culito-de-casa-rosada\/\",\"url\":\"https:\/\/radioinfinitagoya.com.ar\/v1\/2025\/09\/15\/gustavo-valdes-si-sos-ministro-del-interior-tenes-que-levantar-el-culito-de-casa-rosada\/\",\"name\":\"Gustavo Vald\u00e9s: \\\"Si sos Ministro del Interior, tenes que levantar el culito de Casa Rosada\\\" - Radio Infinita Goya\",\"isPartOf\":{\"@id\":\"https:\/\/radioinfinitagoya.com.ar\/v1\/#website\"},\"primaryImageOfPage\":{\"@id\":\"https:\/\/radioinfinitagoya.com.ar\/v1\/2025\/09\/15\/gustavo-valdes-si-sos-ministro-del-interior-tenes-que-levantar-el-culito-de-casa-rosada\/#primaryimage\"},\"image\":{\"@id\":\"https:\/\/radioinfinitagoya.com.ar\/v1\/2025\/09\/15\/gustavo-valdes-si-sos-ministro-del-interior-tenes-que-levantar-el-culito-de-casa-rosada\/#primaryimage\"},\"thumbnailUrl\":\"https:\/\/radioinfinitagoya.com.ar\/v1\/wp-content\/uploads\/2025\/09\/GzO6MDiWsAAvCMa-1.jpg\",\"datePublished\":\"2025-09-15T18:38:55+00:00\",\"description\":\"As\u00ed lo dijo el gobernador de Corrientes al ser consultado sobre diferentes cuestiones que involucran a Naci\u00f3n y las provincias. Adem\u00e1s, le record\u00f3 al\",\"breadcrumb\":{\"@id\":\"https:\/\/radioinfinitagoya.com.ar\/v1\/2025\/09\/15\/gustavo-valdes-si-sos-ministro-del-interior-tenes-que-levantar-el-culito-de-casa-rosada\/#breadcrumb\"},\"inLanguage\":\"es-AR\",\"potentialAction\":[{\"@type\":\"ReadAction\",\"target\":[\"https:\/\/radioinfinitagoya.com.ar\/v1\/2025\/09\/15\/gustavo-valdes-si-sos-ministro-del-interior-tenes-que-levantar-el-culito-de-casa-rosada\/\"]}]},{\"@type\":\"ImageObject\",\"inLanguage\":\"es-AR\",\"@id\":\"https:\/\/radioinfinitagoya.com.ar\/v1\/2025\/09\/15\/gustavo-valdes-si-sos-ministro-del-interior-tenes-que-levantar-el-culito-de-casa-rosada\/#primaryimage\",\"url\":\"https:\/\/radioinfinitagoya.com.ar\/v1\/wp-content\/uploads\/2025\/09\/GzO6MDiWsAAvCMa-1.jpg\",\"contentUrl\":\"https:\/\/radioinfinitagoya.com.ar\/v1\/wp-content\/uploads\/2025\/09\/GzO6MDiWsAAvCMa-1.jpg\",\"width\":680,\"height\":454},{\"@type\":\"BreadcrumbList\",\"@id\":\"https:\/\/radioinfinitagoya.com.ar\/v1\/2025\/09\/15\/gustavo-valdes-si-sos-ministro-del-interior-tenes-que-levantar-el-culito-de-casa-rosada\/#breadcrumb\",\"itemListElement\":[{\"@type\":\"ListItem\",\"position\":1,\"name\":\"Inicio\",\"item\":\"https:\/\/radioinfinitagoya.com.ar\/v1\/\"},{\"@type\":\"ListItem\",\"position\":2,\"name\":\"Gustavo Vald\u00e9s: &#8220;Si sos Ministro del Interior, tenes que levantar el culito de Casa Rosada&#8221;\"}]},{\"@type\":\"WebSite\",\"@id\":\"https:\/\/radioinfinitagoya.com.ar\/v1\/#website\",\"url\":\"https:\/\/radioinfinitagoya.com.ar\/v1\/\",\"name\":\"radioinfinitagoya.com.ar\",\"description\":\"Radio de noticias\",\"publisher\":{\"@id\":\"https:\/\/radioinfinitagoya.com.ar\/v1\/#organization\"},\"potentialAction\":[{\"@type\":\"SearchAction\",\"target\":{\"@type\":\"EntryPoint\",\"urlTemplate\":\"https:\/\/radioinfinitagoya.com.ar\/v1\/?s={search_term_string}\"},\"query-input\":{\"@type\":\"PropertyValueSpecification\",\"valueRequired\":true,\"valueName\":\"search_term_string\"}}],\"inLanguage\":\"es-AR\"},{\"@type\":\"Organization\",\"@id\":\"https:\/\/radioinfinitagoya.com.ar\/v1\/#organization\",\"name\":\"Radio Infinita Goya\",\"url\":\"https:\/\/radioinfinitagoya.com.ar\/v1\/\",\"logo\":{\"@type\":\"ImageObject\",\"inLanguage\":\"es-AR\",\"@id\":\"https:\/\/radioinfinitagoya.com.ar\/v1\/#\/schema\/logo\/image\/\",\"url\":\"https:\/\/radioinfinitagoya.com.ar\/v1\/wp-content\/uploads\/2019\/11\/logo-pie-web.png\",\"contentUrl\":\"https:\/\/radioinfinitagoya.com.ar\/v1\/wp-content\/uploads\/2019\/11\/logo-pie-web.png\",\"width\":635,\"height\":326,\"caption\":\"Radio Infinita Goya\"},\"image\":{\"@id\":\"https:\/\/radioinfinitagoya.com.ar\/v1\/#\/schema\/logo\/image\/\"},\"sameAs\":[\"https:\/\/www.facebook.com\/p\/Infinita-Goya-100063870918311\/\"]},{\"@type\":\"Person\",\"@id\":\"https:\/\/radioinfinitagoya.com.ar\/v1\/#\/schema\/person\/d4cf9c413d4f6edb24aabdccab49ca4a\",\"name\":\"Jorge Mi\u00f1o\",\"image\":{\"@type\":\"ImageObject\",\"inLanguage\":\"es-AR\",\"@id\":\"https:\/\/secure.gravatar.com\/avatar\/910fcf6728fe95320e07a6643c1581fec1c7fc4bf8ae12e3d8f0d0373dc844be?s=96&d=mm&r=g\",\"url\":\"https:\/\/secure.gravatar.com\/avatar\/910fcf6728fe95320e07a6643c1581fec1c7fc4bf8ae12e3d8f0d0373dc844be?s=96&d=mm&r=g\",\"contentUrl\":\"https:\/\/secure.gravatar.com\/avatar\/910fcf6728fe95320e07a6643c1581fec1c7fc4bf8ae12e3d8f0d0373dc844be?s=96&d=mm&r=g\",\"caption\":\"Jorge Mi\u00f1o\"},\"sameAs\":[\"http:\/\/radioinfinitagoya.com.ar\"]}]}<\/script>\n<!-- \/ Yoast SEO plugin. -->","yoast_head_json":{"title":"Gustavo Vald\u00e9s: \"Si sos Ministro del Interior, tenes que levantar el culito de Casa Rosada\" - Radio Infinita Goya","description":"As\u00ed lo dijo el gobernador de Corrientes al ser consultado sobre diferentes cuestiones que involucran a Naci\u00f3n y las provincias. Adem\u00e1s, le record\u00f3 al","robots":{"index":"index","follow":"follow","max-snippet":"max-snippet:-1","max-image-preview":"max-image-preview:large","max-video-preview":"max-video-preview:-1"},"canonical":"https:\/\/radioinfinitagoya.com.ar\/v1\/2025\/09\/15\/gustavo-valdes-si-sos-ministro-del-interior-tenes-que-levantar-el-culito-de-casa-rosada\/","og_locale":"es_ES","og_type":"article","og_title":"Gustavo Vald\u00e9s: \"Si sos Ministro del Interior, tenes que levantar el culito de Casa Rosada\" - Radio Infinita Goya","og_description":"As\u00ed lo dijo el gobernador de Corrientes al ser consultado sobre diferentes cuestiones que involucran a Naci\u00f3n y las provincias. Adem\u00e1s, le record\u00f3 al","og_url":"https:\/\/radioinfinitagoya.com.ar\/v1\/2025\/09\/15\/gustavo-valdes-si-sos-ministro-del-interior-tenes-que-levantar-el-culito-de-casa-rosada\/","og_site_name":"Radio Infinita Goya","article_publisher":"https:\/\/www.facebook.com\/p\/Infinita-Goya-100063870918311\/","article_published_time":"2025-09-15T18:38:55+00:00","og_image":[{"width":680,"height":454,"url":"https:\/\/radioinfinitagoya.com.ar\/v1\/wp-content\/uploads\/2025\/09\/GzO6MDiWsAAvCMa-1.jpg","type":"image\/jpeg"}],"author":"Jorge Mi\u00f1o","twitter_card":"summary_large_image","twitter_misc":{"Escrito por":"Jorge Mi\u00f1o","Tiempo de lectura":"3 minutos"},"schema":{"@context":"https:\/\/schema.org","@graph":[{"@type":"Article","@id":"https:\/\/radioinfinitagoya.com.ar\/v1\/2025\/09\/15\/gustavo-valdes-si-sos-ministro-del-interior-tenes-que-levantar-el-culito-de-casa-rosada\/#article","isPartOf":{"@id":"https:\/\/radioinfinitagoya.com.ar\/v1\/2025\/09\/15\/gustavo-valdes-si-sos-ministro-del-interior-tenes-que-levantar-el-culito-de-casa-rosada\/"},"author":{"name":"Jorge Mi\u00f1o","@id":"https:\/\/radioinfinitagoya.com.ar\/v1\/#\/schema\/person\/d4cf9c413d4f6edb24aabdccab49ca4a"},"headline":"Gustavo Vald\u00e9s: &#8220;Si sos Ministro del Interior, tenes que levantar el culito de Casa Rosada&#8221;","datePublished":"2025-09-15T18:38:55+00:00","mainEntityOfPage":{"@id":"https:\/\/radioinfinitagoya.com.ar\/v1\/2025\/09\/15\/gustavo-valdes-si-sos-ministro-del-interior-tenes-que-levantar-el-culito-de-casa-rosada\/"},"wordCount":613,"publisher":{"@id":"https:\/\/radioinfinitagoya.com.ar\/v1\/#organization"},"image":{"@id":"https:\/\/radioinfinitagoya.com.ar\/v1\/2025\/09\/15\/gustavo-valdes-si-sos-ministro-del-interior-tenes-que-levantar-el-culito-de-casa-rosada\/#primaryimage"},"thumbnailUrl":"https:\/\/radioinfinitagoya.com.ar\/v1\/wp-content\/uploads\/2025\/09\/GzO6MDiWsAAvCMa-1.jpg","articleSection":["PRINCIPAL"],"inLanguage":"es-AR"},{"@type":"WebPage","@id":"https:\/\/radioinfinitagoya.com.ar\/v1\/2025\/09\/15\/gustavo-valdes-si-sos-ministro-del-interior-tenes-que-levantar-el-culito-de-casa-rosada\/","url":"https:\/\/radioinfinitagoya.com.ar\/v1\/2025\/09\/15\/gustavo-valdes-si-sos-ministro-del-interior-tenes-que-levantar-el-culito-de-casa-rosada\/","name":"Gustavo Vald\u00e9s: \"Si sos Ministro del Interior, tenes que levantar el culito de Casa Rosada\" - Radio Infinita Goya","isPartOf":{"@id":"https:\/\/radioinfinitagoya.com.ar\/v1\/#website"},"primaryImageOfPage":{"@id":"https:\/\/radioinfinitagoya.com.ar\/v1\/2025\/09\/15\/gustavo-valdes-si-sos-ministro-del-interior-tenes-que-levantar-el-culito-de-casa-rosada\/#primaryimage"},"image":{"@id":"https:\/\/radioinfinitagoya.com.ar\/v1\/2025\/09\/15\/gustavo-valdes-si-sos-ministro-del-interior-tenes-que-levantar-el-culito-de-casa-rosada\/#primaryimage"},"thumbnailUrl":"https:\/\/radioinfinitagoya.com.ar\/v1\/wp-content\/uploads\/2025\/09\/GzO6MDiWsAAvCMa-1.jpg","datePublished":"2025-09-15T18:38:55+00:00","description":"As\u00ed lo dijo el gobernador de Corrientes al ser consultado sobre diferentes cuestiones que involucran a Naci\u00f3n y las provincias. Adem\u00e1s, le record\u00f3 al","breadcrumb":{"@id":"https:\/\/radioinfinitagoya.com.ar\/v1\/2025\/09\/15\/gustavo-valdes-si-sos-ministro-del-interior-tenes-que-levantar-el-culito-de-casa-rosada\/#breadcrumb"},"inLanguage":"es-AR","potentialAction":[{"@type":"ReadAction","target":["https:\/\/radioinfinitagoya.com.ar\/v1\/2025\/09\/15\/gustavo-valdes-si-sos-ministro-del-interior-tenes-que-levantar-el-culito-de-casa-rosada\/"]}]},{"@type":"ImageObject","inLanguage":"es-AR","@id":"https:\/\/radioinfinitagoya.com.ar\/v1\/2025\/09\/15\/gustavo-valdes-si-sos-ministro-del-interior-tenes-que-levantar-el-culito-de-casa-rosada\/#primaryimage","url":"https:\/\/radioinfinitagoya.com.ar\/v1\/wp-content\/uploads\/2025\/09\/GzO6MDiWsAAvCMa-1.jpg","contentUrl":"https:\/\/radioinfinitagoya.com.ar\/v1\/wp-content\/uploads\/2025\/09\/GzO6MDiWsAAvCMa-1.jpg","width":680,"height":454},{"@type":"BreadcrumbList","@id":"https:\/\/radioinfinitagoya.com.ar\/v1\/2025\/09\/15\/gustavo-valdes-si-sos-ministro-del-interior-tenes-que-levantar-el-culito-de-casa-rosada\/#breadcrumb","itemListElement":[{"@type":"ListItem","position":1,"name":"Inicio","item":"https:\/\/radioinfinitagoya.com.ar\/v1\/"},{"@type":"ListItem","position":2,"name":"Gustavo Vald\u00e9s: &#8220;Si sos Ministro del Interior, tenes que levantar el culito de Casa Rosada&#8221;"}]},{"@type":"WebSite","@id":"https:\/\/radioinfinitagoya.com.ar\/v1\/#website","url":"https:\/\/radioinfinitagoya.com.ar\/v1\/","name":"radioinfinitagoya.com.ar","description":"Radio de noticias","publisher":{"@id":"https:\/\/radioinfinitagoya.com.ar\/v1\/#organization"},"potentialAction":[{"@type":"SearchAction","target":{"@type":"EntryPoint","urlTemplate":"https:\/\/radioinfinitagoya.com.ar\/v1\/?s={search_term_string}"},"query-input":{"@type":"PropertyValueSpecification","valueRequired":true,"valueName":"search_term_string"}}],"inLanguage":"es-AR"},{"@type":"Organization","@id":"https:\/\/radioinfinitagoya.com.ar\/v1\/#organization","name":"Radio Infinita Goya","url":"https:\/\/radioinfinitagoya.com.ar\/v1\/","logo":{"@type":"ImageObject","inLanguage":"es-AR","@id":"https:\/\/radioinfinitagoya.com.ar\/v1\/#\/schema\/logo\/image\/","url":"https:\/\/radioinfinitagoya.com.ar\/v1\/wp-content\/uploads\/2019\/11\/logo-pie-web.png","contentUrl":"https:\/\/radioinfinitagoya.com.ar\/v1\/wp-content\/uploads\/2019\/11\/logo-pie-web.png","width":635,"height":326,"caption":"Radio Infinita Goya"},"image":{"@id":"https:\/\/radioinfinitagoya.com.ar\/v1\/#\/schema\/logo\/image\/"},"sameAs":["https:\/\/www.facebook.com\/p\/Infinita-Goya-100063870918311\/"]},{"@type":"Person","@id":"https:\/\/radioinfinitagoya.com.ar\/v1\/#\/schema\/person\/d4cf9c413d4f6edb24aabdccab49ca4a","name":"Jorge Mi\u00f1o","image":{"@type":"ImageObject","inLanguage":"es-AR","@id":"https:\/\/secure.gravatar.com\/avatar\/910fcf6728fe95320e07a6643c1581fec1c7fc4bf8ae12e3d8f0d0373dc844be?s=96&d=mm&r=g","url":"https:\/\/secure.gravatar.com\/avatar\/910fcf6728fe95320e07a6643c1581fec1c7fc4bf8ae12e3d8f0d0373dc844be?s=96&d=mm&r=g","contentUrl":"https:\/\/secure.gravatar.com\/avatar\/910fcf6728fe95320e07a6643c1581fec1c7fc4bf8ae12e3d8f0d0373dc844be?s=96&d=mm&r=g","caption":"Jorge Mi\u00f1o"},"sameAs":["http:\/\/radioinfinitagoya.com.ar"]}]}},"_links":{"self":[{"href":"https:\/\/radioinfinitagoya.com.ar\/v1\/wp-json\/wp\/v2\/posts\/195934","targetHints":{"allow":["GET"]}}],"collection":[{"href":"https:\/\/radioinfinitagoya.com.ar\/v1\/wp-json\/wp\/v2\/posts"}],"about":[{"href":"https:\/\/radioinfinitagoya.com.ar\/v1\/wp-json\/wp\/v2\/types\/post"}],"author":[{"embeddable":true,"href":"https:\/\/radioinfinitagoya.com.ar\/v1\/wp-json\/wp\/v2\/users\/4"}],"replies":[{"embeddable":true,"href":"https:\/\/radioinfinitagoya.com.ar\/v1\/wp-json\/wp\/v2\/comments?post=195934"}],"version-history":[{"count":0,"href":"https:\/\/radioinfinitagoya.com.ar\/v1\/wp-json\/wp\/v2\/posts\/195934\/revisions"}],"wp:featuredmedia":[{"embeddable":true,"href":"https:\/\/radioinfinitagoya.com.ar\/v1\/wp-json\/wp\/v2\/media\/195935"}],"wp:attachment":[{"href":"https:\/\/radioinfinitagoya.com.ar\/v1\/wp-json\/wp\/v2\/media?parent=195934"}],"wp:term":[{"taxonomy":"category","embeddable":true,"href":"https:\/\/radioinfinitagoya.com.ar\/v1\/wp-json\/wp\/v2\/categories?post=195934"},{"taxonomy":"post_tag","embeddable":true,"href":"https:\/\/radioinfinitagoya.com.ar\/v1\/wp-json\/wp\/v2\/tags?post=195934"}],"curies":[{"name":"wp","href":"https:\/\/api.w.org\/{rel}","templated":true}]}}