{"id":195941,"date":"2025-09-15T15:49:08","date_gmt":"2025-09-15T18:49:08","guid":{"rendered":"https:\/\/radioinfinitagoya.com.ar\/v1\/?p=195941"},"modified":"2025-09-15T15:49:08","modified_gmt":"2025-09-15T18:49:08","slug":"aumento-de-combustibles-asi-quedaron-los-precios-de-la-nafta-en-corrientes","status":"publish","type":"post","link":"https:\/\/radioinfinitagoya.com.ar\/v1\/2025\/09\/15\/aumento-de-combustibles-asi-quedaron-los-precios-de-la-nafta-en-corrientes\/","title":{"rendered":"Aumento de combustibles: as\u00ed quedaron los precios de la nafta en Corrientes"},"content":{"rendered":"<p>Desde el fin de semana se registraron incrementos en las principales estaciones de servicio de Corrientes<\/p>\n<p>Los combustibles volvieron a subir en Corrientes y desde este lunes rigen nuevas tarifas en las estaciones de servicio de las tres principales empresas del pa\u00eds. Los incrementos comenzaron el viernes por la noche con Shell, mientras que YPF y Puma actualizaron sus precios desde el domingo a las 23.<\/p>\n<p>Con el nuevo sistema, las compa\u00f1\u00edas pueden modificar sus valores sin necesidad de comunicar la decisi\u00f3n al Gobierno nacional, lo que explica la disparidad en los momentos de aplicaci\u00f3n de las subas.<\/p>\n<p>As\u00ed quedaron los precios de los combustibles en Corrientes:<\/p>\n<p>YPF<\/p>\n<p>S\u00faper: $1451<\/p>\n<p>Infinia: $1691<\/p>\n<p>Infinia Di\u00e9sel: $1689<\/p>\n<p>Di\u00e9sel 500: $1483<\/p>\n<p>Shell<\/p>\n<p>S\u00faper: $1531<\/p>\n<p>Puma<\/p>\n<p>S\u00faper: $1451<\/p>\n<p>Premium: $1771<\/p>\n<p>Puma Di\u00e9sel: $1551<\/p>\n<p>Ion Di\u00e9sel: $1785<\/p>\n<p>V-Power: $1811<\/p>\n<p>V-Power Di\u00e9sel: $1831<\/p>\n<p>Evolux Di\u00e9sel: $1582<\/p>\n<p>&nbsp;<\/p>\n<p>&nbsp;<\/p>\n","protected":false},"excerpt":{"rendered":"<p>Desde el fin de semana se registraron incrementos en las principales estaciones de servicio de Corrientes Los combustibles volvieron a subir en Corrientes y desde este lunes rigen nuevas tarifas en las estaciones de servicio de las tres principales empresas del pa\u00eds. Los incrementos comenzaron el viernes por la noche con Shell, mientras que YPF [&hellip;]<\/p>\n","protected":false},"author":4,"featured_media":195942,"comment_status":"closed","ping_status":"closed","sticky":false,"template":"","format":"standard","meta":{"_joinchat":[],"footnotes":""},"categories":[26],"tags":[],"class_list":{"0":"post-195941","1":"post","2":"type-post","3":"status-publish","4":"format-standard","5":"has-post-thumbnail","7":"category-provinciales"},"yoast_head":"<!-- This site is optimized with the Yoast SEO plugin v27.2 - https:\/\/yoast.com\/product\/yoast-seo-wordpress\/ -->\n<title>Aumento de combustibles: as\u00ed quedaron los precios de la nafta en Corrientes - Radio Infinita Goya<\/title>\n<meta name=\"description\" content=\"Desde el fin de semana se registraron incrementos en las principales estaciones de servicio de Corrientes Los combustibles volvieron a subir en Corrientes\" \/>\n<meta name=\"robots\" content=\"index, follow, max-snippet:-1, max-image-preview:large, max-video-preview:-1\" \/>\n<link rel=\"canonical\" href=\"https:\/\/radioinfinitagoya.com.ar\/v1\/2025\/09\/15\/aumento-de-combustibles-asi-quedaron-los-precios-de-la-nafta-en-corrientes\/\" \/>\n<meta property=\"og:locale\" content=\"es_ES\" \/>\n<meta property=\"og:type\" content=\"article\" \/>\n<meta property=\"og:title\" content=\"Aumento de combustibles: as\u00ed quedaron los precios de la nafta en Corrientes - Radio Infinita Goya\" \/>\n<meta property=\"og:description\" content=\"Desde el fin de semana se registraron incrementos en las principales estaciones de servicio de Corrientes Los combustibles volvieron a subir en Corrientes\" \/>\n<meta property=\"og:url\" content=\"https:\/\/radioinfinitagoya.com.ar\/v1\/2025\/09\/15\/aumento-de-combustibles-asi-quedaron-los-precios-de-la-nafta-en-corrientes\/\" \/>\n<meta property=\"og:site_name\" content=\"Radio Infinita Goya\" \/>\n<meta property=\"article:publisher\" content=\"https:\/\/www.facebook.com\/p\/Infinita-Goya-100063870918311\/\" \/>\n<meta property=\"article:published_time\" content=\"2025-09-15T18:49:08+00:00\" \/>\n<meta property=\"og:image\" content=\"https:\/\/radioinfinitagoya.com.ar\/v1\/wp-content\/uploads\/2025\/09\/G051dVNWEAAC8mT.jpg\" \/>\n\t<meta property=\"og:image:width\" content=\"680\" \/>\n\t<meta property=\"og:image:height\" content=\"379\" \/>\n\t<meta property=\"og:image:type\" content=\"image\/jpeg\" \/>\n<meta name=\"author\" content=\"Jorge Mi\u00f1o\" \/>\n<meta name=\"twitter:card\" content=\"summary_large_image\" \/>\n<meta name=\"twitter:label1\" content=\"Escrito por\" \/>\n\t<meta name=\"twitter:data1\" content=\"Jorge Mi\u00f1o\" \/>\n\t<meta name=\"twitter:label2\" content=\"Tiempo de lectura\" \/>\n\t<meta name=\"twitter:data2\" content=\"1 minuto\" \/>\n<script type=\"application\/ld+json\" class=\"yoast-schema-graph\">{\"@context\":\"https:\/\/schema.org\",\"@graph\":[{\"@type\":\"Article\",\"@id\":\"https:\/\/radioinfinitagoya.com.ar\/v1\/2025\/09\/15\/aumento-de-combustibles-asi-quedaron-los-precios-de-la-nafta-en-corrientes\/#article\",\"isPartOf\":{\"@id\":\"https:\/\/radioinfinitagoya.com.ar\/v1\/2025\/09\/15\/aumento-de-combustibles-asi-quedaron-los-precios-de-la-nafta-en-corrientes\/\"},\"author\":{\"name\":\"Jorge Mi\u00f1o\",\"@id\":\"https:\/\/radioinfinitagoya.com.ar\/v1\/#\/schema\/person\/d4cf9c413d4f6edb24aabdccab49ca4a\"},\"headline\":\"Aumento de combustibles: as\u00ed quedaron los precios de la nafta en Corrientes\",\"datePublished\":\"2025-09-15T18:49:08+00:00\",\"mainEntityOfPage\":{\"@id\":\"https:\/\/radioinfinitagoya.com.ar\/v1\/2025\/09\/15\/aumento-de-combustibles-asi-quedaron-los-precios-de-la-nafta-en-corrientes\/\"},\"wordCount\":153,\"publisher\":{\"@id\":\"https:\/\/radioinfinitagoya.com.ar\/v1\/#organization\"},\"image\":{\"@id\":\"https:\/\/radioinfinitagoya.com.ar\/v1\/2025\/09\/15\/aumento-de-combustibles-asi-quedaron-los-precios-de-la-nafta-en-corrientes\/#primaryimage\"},\"thumbnailUrl\":\"https:\/\/radioinfinitagoya.com.ar\/v1\/wp-content\/uploads\/2025\/09\/G051dVNWEAAC8mT.jpg\",\"articleSection\":[\"PROVINCIALES\"],\"inLanguage\":\"es-AR\"},{\"@type\":\"WebPage\",\"@id\":\"https:\/\/radioinfinitagoya.com.ar\/v1\/2025\/09\/15\/aumento-de-combustibles-asi-quedaron-los-precios-de-la-nafta-en-corrientes\/\",\"url\":\"https:\/\/radioinfinitagoya.com.ar\/v1\/2025\/09\/15\/aumento-de-combustibles-asi-quedaron-los-precios-de-la-nafta-en-corrientes\/\",\"name\":\"Aumento de combustibles: as\u00ed quedaron los precios de la nafta en Corrientes - Radio Infinita Goya\",\"isPartOf\":{\"@id\":\"https:\/\/radioinfinitagoya.com.ar\/v1\/#website\"},\"primaryImageOfPage\":{\"@id\":\"https:\/\/radioinfinitagoya.com.ar\/v1\/2025\/09\/15\/aumento-de-combustibles-asi-quedaron-los-precios-de-la-nafta-en-corrientes\/#primaryimage\"},\"image\":{\"@id\":\"https:\/\/radioinfinitagoya.com.ar\/v1\/2025\/09\/15\/aumento-de-combustibles-asi-quedaron-los-precios-de-la-nafta-en-corrientes\/#primaryimage\"},\"thumbnailUrl\":\"https:\/\/radioinfinitagoya.com.ar\/v1\/wp-content\/uploads\/2025\/09\/G051dVNWEAAC8mT.jpg\",\"datePublished\":\"2025-09-15T18:49:08+00:00\",\"description\":\"Desde el fin de semana se registraron incrementos en las principales estaciones de servicio de Corrientes Los combustibles volvieron a subir en Corrientes\",\"breadcrumb\":{\"@id\":\"https:\/\/radioinfinitagoya.com.ar\/v1\/2025\/09\/15\/aumento-de-combustibles-asi-quedaron-los-precios-de-la-nafta-en-corrientes\/#breadcrumb\"},\"inLanguage\":\"es-AR\",\"potentialAction\":[{\"@type\":\"ReadAction\",\"target\":[\"https:\/\/radioinfinitagoya.com.ar\/v1\/2025\/09\/15\/aumento-de-combustibles-asi-quedaron-los-precios-de-la-nafta-en-corrientes\/\"]}]},{\"@type\":\"ImageObject\",\"inLanguage\":\"es-AR\",\"@id\":\"https:\/\/radioinfinitagoya.com.ar\/v1\/2025\/09\/15\/aumento-de-combustibles-asi-quedaron-los-precios-de-la-nafta-en-corrientes\/#primaryimage\",\"url\":\"https:\/\/radioinfinitagoya.com.ar\/v1\/wp-content\/uploads\/2025\/09\/G051dVNWEAAC8mT.jpg\",\"contentUrl\":\"https:\/\/radioinfinitagoya.com.ar\/v1\/wp-content\/uploads\/2025\/09\/G051dVNWEAAC8mT.jpg\",\"width\":680,\"height\":379},{\"@type\":\"BreadcrumbList\",\"@id\":\"https:\/\/radioinfinitagoya.com.ar\/v1\/2025\/09\/15\/aumento-de-combustibles-asi-quedaron-los-precios-de-la-nafta-en-corrientes\/#breadcrumb\",\"itemListElement\":[{\"@type\":\"ListItem\",\"position\":1,\"name\":\"Inicio\",\"item\":\"https:\/\/radioinfinitagoya.com.ar\/v1\/\"},{\"@type\":\"ListItem\",\"position\":2,\"name\":\"Aumento de combustibles: as\u00ed quedaron los precios de la nafta en Corrientes\"}]},{\"@type\":\"WebSite\",\"@id\":\"https:\/\/radioinfinitagoya.com.ar\/v1\/#website\",\"url\":\"https:\/\/radioinfinitagoya.com.ar\/v1\/\",\"name\":\"radioinfinitagoya.com.ar\",\"description\":\"Radio de noticias\",\"publisher\":{\"@id\":\"https:\/\/radioinfinitagoya.com.ar\/v1\/#organization\"},\"potentialAction\":[{\"@type\":\"SearchAction\",\"target\":{\"@type\":\"EntryPoint\",\"urlTemplate\":\"https:\/\/radioinfinitagoya.com.ar\/v1\/?s={search_term_string}\"},\"query-input\":{\"@type\":\"PropertyValueSpecification\",\"valueRequired\":true,\"valueName\":\"search_term_string\"}}],\"inLanguage\":\"es-AR\"},{\"@type\":\"Organization\",\"@id\":\"https:\/\/radioinfinitagoya.com.ar\/v1\/#organization\",\"name\":\"Radio Infinita Goya\",\"url\":\"https:\/\/radioinfinitagoya.com.ar\/v1\/\",\"logo\":{\"@type\":\"ImageObject\",\"inLanguage\":\"es-AR\",\"@id\":\"https:\/\/radioinfinitagoya.com.ar\/v1\/#\/schema\/logo\/image\/\",\"url\":\"https:\/\/radioinfinitagoya.com.ar\/v1\/wp-content\/uploads\/2019\/11\/logo-pie-web.png\",\"contentUrl\":\"https:\/\/radioinfinitagoya.com.ar\/v1\/wp-content\/uploads\/2019\/11\/logo-pie-web.png\",\"width\":635,\"height\":326,\"caption\":\"Radio Infinita Goya\"},\"image\":{\"@id\":\"https:\/\/radioinfinitagoya.com.ar\/v1\/#\/schema\/logo\/image\/\"},\"sameAs\":[\"https:\/\/www.facebook.com\/p\/Infinita-Goya-100063870918311\/\"]},{\"@type\":\"Person\",\"@id\":\"https:\/\/radioinfinitagoya.com.ar\/v1\/#\/schema\/person\/d4cf9c413d4f6edb24aabdccab49ca4a\",\"name\":\"Jorge Mi\u00f1o\",\"image\":{\"@type\":\"ImageObject\",\"inLanguage\":\"es-AR\",\"@id\":\"https:\/\/secure.gravatar.com\/avatar\/910fcf6728fe95320e07a6643c1581fec1c7fc4bf8ae12e3d8f0d0373dc844be?s=96&d=mm&r=g\",\"url\":\"https:\/\/secure.gravatar.com\/avatar\/910fcf6728fe95320e07a6643c1581fec1c7fc4bf8ae12e3d8f0d0373dc844be?s=96&d=mm&r=g\",\"contentUrl\":\"https:\/\/secure.gravatar.com\/avatar\/910fcf6728fe95320e07a6643c1581fec1c7fc4bf8ae12e3d8f0d0373dc844be?s=96&d=mm&r=g\",\"caption\":\"Jorge Mi\u00f1o\"},\"sameAs\":[\"http:\/\/radioinfinitagoya.com.ar\"]}]}<\/script>\n<!-- \/ Yoast SEO plugin. -->","yoast_head_json":{"title":"Aumento de combustibles: as\u00ed quedaron los precios de la nafta en Corrientes - Radio Infinita Goya","description":"Desde el fin de semana se registraron incrementos en las principales estaciones de servicio de Corrientes Los combustibles volvieron a subir en Corrientes","robots":{"index":"index","follow":"follow","max-snippet":"max-snippet:-1","max-image-preview":"max-image-preview:large","max-video-preview":"max-video-preview:-1"},"canonical":"https:\/\/radioinfinitagoya.com.ar\/v1\/2025\/09\/15\/aumento-de-combustibles-asi-quedaron-los-precios-de-la-nafta-en-corrientes\/","og_locale":"es_ES","og_type":"article","og_title":"Aumento de combustibles: as\u00ed quedaron los precios de la nafta en Corrientes - Radio Infinita Goya","og_description":"Desde el fin de semana se registraron incrementos en las principales estaciones de servicio de Corrientes Los combustibles volvieron a subir en Corrientes","og_url":"https:\/\/radioinfinitagoya.com.ar\/v1\/2025\/09\/15\/aumento-de-combustibles-asi-quedaron-los-precios-de-la-nafta-en-corrientes\/","og_site_name":"Radio Infinita Goya","article_publisher":"https:\/\/www.facebook.com\/p\/Infinita-Goya-100063870918311\/","article_published_time":"2025-09-15T18:49:08+00:00","og_image":[{"width":680,"height":379,"url":"https:\/\/radioinfinitagoya.com.ar\/v1\/wp-content\/uploads\/2025\/09\/G051dVNWEAAC8mT.jpg","type":"image\/jpeg"}],"author":"Jorge Mi\u00f1o","twitter_card":"summary_large_image","twitter_misc":{"Escrito por":"Jorge Mi\u00f1o","Tiempo de lectura":"1 minuto"},"schema":{"@context":"https:\/\/schema.org","@graph":[{"@type":"Article","@id":"https:\/\/radioinfinitagoya.com.ar\/v1\/2025\/09\/15\/aumento-de-combustibles-asi-quedaron-los-precios-de-la-nafta-en-corrientes\/#article","isPartOf":{"@id":"https:\/\/radioinfinitagoya.com.ar\/v1\/2025\/09\/15\/aumento-de-combustibles-asi-quedaron-los-precios-de-la-nafta-en-corrientes\/"},"author":{"name":"Jorge Mi\u00f1o","@id":"https:\/\/radioinfinitagoya.com.ar\/v1\/#\/schema\/person\/d4cf9c413d4f6edb24aabdccab49ca4a"},"headline":"Aumento de combustibles: as\u00ed quedaron los precios de la nafta en Corrientes","datePublished":"2025-09-15T18:49:08+00:00","mainEntityOfPage":{"@id":"https:\/\/radioinfinitagoya.com.ar\/v1\/2025\/09\/15\/aumento-de-combustibles-asi-quedaron-los-precios-de-la-nafta-en-corrientes\/"},"wordCount":153,"publisher":{"@id":"https:\/\/radioinfinitagoya.com.ar\/v1\/#organization"},"image":{"@id":"https:\/\/radioinfinitagoya.com.ar\/v1\/2025\/09\/15\/aumento-de-combustibles-asi-quedaron-los-precios-de-la-nafta-en-corrientes\/#primaryimage"},"thumbnailUrl":"https:\/\/radioinfinitagoya.com.ar\/v1\/wp-content\/uploads\/2025\/09\/G051dVNWEAAC8mT.jpg","articleSection":["PROVINCIALES"],"inLanguage":"es-AR"},{"@type":"WebPage","@id":"https:\/\/radioinfinitagoya.com.ar\/v1\/2025\/09\/15\/aumento-de-combustibles-asi-quedaron-los-precios-de-la-nafta-en-corrientes\/","url":"https:\/\/radioinfinitagoya.com.ar\/v1\/2025\/09\/15\/aumento-de-combustibles-asi-quedaron-los-precios-de-la-nafta-en-corrientes\/","name":"Aumento de combustibles: as\u00ed quedaron los precios de la nafta en Corrientes - Radio Infinita Goya","isPartOf":{"@id":"https:\/\/radioinfinitagoya.com.ar\/v1\/#website"},"primaryImageOfPage":{"@id":"https:\/\/radioinfinitagoya.com.ar\/v1\/2025\/09\/15\/aumento-de-combustibles-asi-quedaron-los-precios-de-la-nafta-en-corrientes\/#primaryimage"},"image":{"@id":"https:\/\/radioinfinitagoya.com.ar\/v1\/2025\/09\/15\/aumento-de-combustibles-asi-quedaron-los-precios-de-la-nafta-en-corrientes\/#primaryimage"},"thumbnailUrl":"https:\/\/radioinfinitagoya.com.ar\/v1\/wp-content\/uploads\/2025\/09\/G051dVNWEAAC8mT.jpg","datePublished":"2025-09-15T18:49:08+00:00","description":"Desde el fin de semana se registraron incrementos en las principales estaciones de servicio de Corrientes Los combustibles volvieron a subir en Corrientes","breadcrumb":{"@id":"https:\/\/radioinfinitagoya.com.ar\/v1\/2025\/09\/15\/aumento-de-combustibles-asi-quedaron-los-precios-de-la-nafta-en-corrientes\/#breadcrumb"},"inLanguage":"es-AR","potentialAction":[{"@type":"ReadAction","target":["https:\/\/radioinfinitagoya.com.ar\/v1\/2025\/09\/15\/aumento-de-combustibles-asi-quedaron-los-precios-de-la-nafta-en-corrientes\/"]}]},{"@type":"ImageObject","inLanguage":"es-AR","@id":"https:\/\/radioinfinitagoya.com.ar\/v1\/2025\/09\/15\/aumento-de-combustibles-asi-quedaron-los-precios-de-la-nafta-en-corrientes\/#primaryimage","url":"https:\/\/radioinfinitagoya.com.ar\/v1\/wp-content\/uploads\/2025\/09\/G051dVNWEAAC8mT.jpg","contentUrl":"https:\/\/radioinfinitagoya.com.ar\/v1\/wp-content\/uploads\/2025\/09\/G051dVNWEAAC8mT.jpg","width":680,"height":379},{"@type":"BreadcrumbList","@id":"https:\/\/radioinfinitagoya.com.ar\/v1\/2025\/09\/15\/aumento-de-combustibles-asi-quedaron-los-precios-de-la-nafta-en-corrientes\/#breadcrumb","itemListElement":[{"@type":"ListItem","position":1,"name":"Inicio","item":"https:\/\/radioinfinitagoya.com.ar\/v1\/"},{"@type":"ListItem","position":2,"name":"Aumento de combustibles: as\u00ed quedaron los precios de la nafta en Corrientes"}]},{"@type":"WebSite","@id":"https:\/\/radioinfinitagoya.com.ar\/v1\/#website","url":"https:\/\/radioinfinitagoya.com.ar\/v1\/","name":"radioinfinitagoya.com.ar","description":"Radio de noticias","publisher":{"@id":"https:\/\/radioinfinitagoya.com.ar\/v1\/#organization"},"potentialAction":[{"@type":"SearchAction","target":{"@type":"EntryPoint","urlTemplate":"https:\/\/radioinfinitagoya.com.ar\/v1\/?s={search_term_string}"},"query-input":{"@type":"PropertyValueSpecification","valueRequired":true,"valueName":"search_term_string"}}],"inLanguage":"es-AR"},{"@type":"Organization","@id":"https:\/\/radioinfinitagoya.com.ar\/v1\/#organization","name":"Radio Infinita Goya","url":"https:\/\/radioinfinitagoya.com.ar\/v1\/","logo":{"@type":"ImageObject","inLanguage":"es-AR","@id":"https:\/\/radioinfinitagoya.com.ar\/v1\/#\/schema\/logo\/image\/","url":"https:\/\/radioinfinitagoya.com.ar\/v1\/wp-content\/uploads\/2019\/11\/logo-pie-web.png","contentUrl":"https:\/\/radioinfinitagoya.com.ar\/v1\/wp-content\/uploads\/2019\/11\/logo-pie-web.png","width":635,"height":326,"caption":"Radio Infinita Goya"},"image":{"@id":"https:\/\/radioinfinitagoya.com.ar\/v1\/#\/schema\/logo\/image\/"},"sameAs":["https:\/\/www.facebook.com\/p\/Infinita-Goya-100063870918311\/"]},{"@type":"Person","@id":"https:\/\/radioinfinitagoya.com.ar\/v1\/#\/schema\/person\/d4cf9c413d4f6edb24aabdccab49ca4a","name":"Jorge Mi\u00f1o","image":{"@type":"ImageObject","inLanguage":"es-AR","@id":"https:\/\/secure.gravatar.com\/avatar\/910fcf6728fe95320e07a6643c1581fec1c7fc4bf8ae12e3d8f0d0373dc844be?s=96&d=mm&r=g","url":"https:\/\/secure.gravatar.com\/avatar\/910fcf6728fe95320e07a6643c1581fec1c7fc4bf8ae12e3d8f0d0373dc844be?s=96&d=mm&r=g","contentUrl":"https:\/\/secure.gravatar.com\/avatar\/910fcf6728fe95320e07a6643c1581fec1c7fc4bf8ae12e3d8f0d0373dc844be?s=96&d=mm&r=g","caption":"Jorge Mi\u00f1o"},"sameAs":["http:\/\/radioinfinitagoya.com.ar"]}]}},"_links":{"self":[{"href":"https:\/\/radioinfinitagoya.com.ar\/v1\/wp-json\/wp\/v2\/posts\/195941","targetHints":{"allow":["GET"]}}],"collection":[{"href":"https:\/\/radioinfinitagoya.com.ar\/v1\/wp-json\/wp\/v2\/posts"}],"about":[{"href":"https:\/\/radioinfinitagoya.com.ar\/v1\/wp-json\/wp\/v2\/types\/post"}],"author":[{"embeddable":true,"href":"https:\/\/radioinfinitagoya.com.ar\/v1\/wp-json\/wp\/v2\/users\/4"}],"replies":[{"embeddable":true,"href":"https:\/\/radioinfinitagoya.com.ar\/v1\/wp-json\/wp\/v2\/comments?post=195941"}],"version-history":[{"count":0,"href":"https:\/\/radioinfinitagoya.com.ar\/v1\/wp-json\/wp\/v2\/posts\/195941\/revisions"}],"wp:featuredmedia":[{"embeddable":true,"href":"https:\/\/radioinfinitagoya.com.ar\/v1\/wp-json\/wp\/v2\/media\/195942"}],"wp:attachment":[{"href":"https:\/\/radioinfinitagoya.com.ar\/v1\/wp-json\/wp\/v2\/media?parent=195941"}],"wp:term":[{"taxonomy":"category","embeddable":true,"href":"https:\/\/radioinfinitagoya.com.ar\/v1\/wp-json\/wp\/v2\/categories?post=195941"},{"taxonomy":"post_tag","embeddable":true,"href":"https:\/\/radioinfinitagoya.com.ar\/v1\/wp-json\/wp\/v2\/tags?post=195941"}],"curies":[{"name":"wp","href":"https:\/\/api.w.org\/{rel}","templated":true}]}}