{"id":195944,"date":"2025-09-15T15:52:57","date_gmt":"2025-09-15T18:52:57","guid":{"rendered":"https:\/\/radioinfinitagoya.com.ar\/v1\/?p=195944"},"modified":"2025-09-15T15:52:57","modified_gmt":"2025-09-15T18:52:57","slug":"javier-milei-presentara-el-presupuesto-2026-por-cadena-nacional","status":"publish","type":"post","link":"https:\/\/radioinfinitagoya.com.ar\/v1\/2025\/09\/15\/javier-milei-presentara-el-presupuesto-2026-por-cadena-nacional\/","title":{"rendered":"Javier Milei presentar\u00e1 el Presupuesto 2026 por cadena nacional"},"content":{"rendered":"<p>El Presidente no visitar\u00e1 el Congreso. Se espera que incluya propuestas para mejorar la relaci\u00f3n con los gobernadores.<\/p>\n<p>Este lunes a las 21, Javier Milei dar\u00e1 a conocer el Presupuesto 2026 a trav\u00e9s de una cadena nacional. El mensaje har\u00e1 especial \u00e9nfasis en el d\u00e9ficit cero, una de las principales banderas de la gesti\u00f3n de La Libertad Avanza<\/p>\n<p>El mensaje se grabar\u00e1 a las 17, en el Sal\u00f3n Blanco de Casa Rosada. El equipo del Presidente prefiri\u00f3 evitar la visita al Congreso, en medio de las tensiones por los \u00faltimos vetos a la Ley de Financiamiento Universitario, la Emergencia en el Garrahan y el reparto de los Aportes del Tesoro Nacional (ATN).<\/p>\n<p>Se espera que las palabras de Milei duren alrededor de 20 minutos. El discurso lo termin\u00f3 de definir en la Quinta de Olivos, junto al asesor presidencial Santiago Caputo.<\/p>\n<p>Para la presentaci\u00f3n del Presupuesto, el oficialismo tom\u00f3 en cuenta las recomendaciones del staff report del Fondo Monetario Internacional (FMI). El organismo sostiene que el super\u00e1vit fiscal primario debe ser de 2,2% para 2026 y que tiene que regir el d\u00e9ficit cero para el resultado financiero.<\/p>\n<p>Asimismo, y frente a las exigencias de los gobernadores, la Casa Rosada estudia incluir en el proyecto el plan para promover el uso de \u201clos d\u00f3lares en el colch\u00f3n\u201d que anunci\u00f3 en mayo.<\/p>\n<p>En Balcarce 50 sostienen que es una iniciativa que puede ser de utilidad para las provincias, sobre todo para la recaudaci\u00f3n y el consumo.<\/p>\n<p>El proyecto propone elevar de $1.500.000 a $100.000.000 el monto a partir del cual la evasi\u00f3n tributaria se considera delito y busca mantener las penas de dos a seis a\u00f1os para las personas que evadan el pago de tributos en esos t\u00e9rminos.<\/p>\n<p>En ese sentido, la gesti\u00f3n libertaria ya firm\u00f3 con 13 mandatarios provinciales la adhesi\u00f3n al nuevo r\u00e9gimen de informaci\u00f3n fiscal y busca negociar los votos con los legisladores que responden a ellos. Se trata de Alberto Weretilneck (R\u00edo Negro), Rolando Figueroa (Neuqu\u00e9n), Marcelo Orrego (San Juan), Leandro Zdero (Chaco), Claudio Poggi (San Luis), Carlos Sadir (Jujuy), Gustavo Saenz (Salta), Hugo Passalacqua (Misiones) y Gustavo Vald\u00e9s (Misiones).<\/p>\n<p>Por otro lado, en el Gobierno negaron la posibilidad de incluir en el Presupuesto aumentos mayores a la inflaci\u00f3n para las asignaciones de discapacidad, jubilaciones, universidades y hospitales. Adem\u00e1s, fuentes oficiales descartaron que el ministro de Econom\u00eda, Luis Caputo, visite el Congreso: planean enviar a Carlos Guberman (secretario de Hacienda) y a Pablo Quirno (secretario de Finanzas).<\/p>\n","protected":false},"excerpt":{"rendered":"<p>El Presidente no visitar\u00e1 el Congreso. Se espera que incluya propuestas para mejorar la relaci\u00f3n con los gobernadores. Este lunes a las 21, Javier Milei dar\u00e1 a conocer el Presupuesto 2026 a trav\u00e9s de una cadena nacional. El mensaje har\u00e1 especial \u00e9nfasis en el d\u00e9ficit cero, una de las principales banderas de la gesti\u00f3n de [&hellip;]<\/p>\n","protected":false},"author":4,"featured_media":195945,"comment_status":"closed","ping_status":"closed","sticky":false,"template":"","format":"standard","meta":{"_joinchat":[],"footnotes":""},"categories":[29],"tags":[],"class_list":{"0":"post-195944","1":"post","2":"type-post","3":"status-publish","4":"format-standard","5":"has-post-thumbnail","7":"category-nacionales"},"yoast_head":"<!-- This site is optimized with the Yoast SEO plugin v27.2 - https:\/\/yoast.com\/product\/yoast-seo-wordpress\/ -->\n<title>Javier Milei presentar\u00e1 el Presupuesto 2026 por cadena nacional - Radio Infinita Goya<\/title>\n<meta name=\"description\" content=\"El Presidente no visitar\u00e1 el Congreso. Se espera que incluya propuestas para mejorar la relaci\u00f3n con los gobernadores. Este lunes a las 21, Javier Milei\" \/>\n<meta name=\"robots\" content=\"index, follow, max-snippet:-1, max-image-preview:large, max-video-preview:-1\" \/>\n<link rel=\"canonical\" href=\"https:\/\/radioinfinitagoya.com.ar\/v1\/2025\/09\/15\/javier-milei-presentara-el-presupuesto-2026-por-cadena-nacional\/\" \/>\n<meta property=\"og:locale\" content=\"es_ES\" \/>\n<meta property=\"og:type\" content=\"article\" \/>\n<meta property=\"og:title\" content=\"Javier Milei presentar\u00e1 el Presupuesto 2026 por cadena nacional - Radio Infinita Goya\" \/>\n<meta property=\"og:description\" content=\"El Presidente no visitar\u00e1 el Congreso. Se espera que incluya propuestas para mejorar la relaci\u00f3n con los gobernadores. Este lunes a las 21, Javier Milei\" \/>\n<meta property=\"og:url\" content=\"https:\/\/radioinfinitagoya.com.ar\/v1\/2025\/09\/15\/javier-milei-presentara-el-presupuesto-2026-por-cadena-nacional\/\" \/>\n<meta property=\"og:site_name\" content=\"Radio Infinita Goya\" \/>\n<meta property=\"article:publisher\" content=\"https:\/\/www.facebook.com\/p\/Infinita-Goya-100063870918311\/\" \/>\n<meta property=\"article:published_time\" content=\"2025-09-15T18:52:57+00:00\" \/>\n<meta property=\"og:image\" content=\"https:\/\/radioinfinitagoya.com.ar\/v1\/wp-content\/uploads\/2025\/09\/PJ4jTZcF.jpg\" \/>\n\t<meta property=\"og:image:width\" content=\"620\" \/>\n\t<meta property=\"og:image:height\" content=\"355\" \/>\n\t<meta property=\"og:image:type\" content=\"image\/jpeg\" \/>\n<meta name=\"author\" content=\"Jorge Mi\u00f1o\" \/>\n<meta name=\"twitter:card\" content=\"summary_large_image\" \/>\n<meta name=\"twitter:label1\" content=\"Escrito por\" \/>\n\t<meta name=\"twitter:data1\" content=\"Jorge Mi\u00f1o\" \/>\n\t<meta name=\"twitter:label2\" content=\"Tiempo de lectura\" \/>\n\t<meta name=\"twitter:data2\" content=\"3 minutos\" \/>\n<script type=\"application\/ld+json\" class=\"yoast-schema-graph\">{\"@context\":\"https:\/\/schema.org\",\"@graph\":[{\"@type\":\"Article\",\"@id\":\"https:\/\/radioinfinitagoya.com.ar\/v1\/2025\/09\/15\/javier-milei-presentara-el-presupuesto-2026-por-cadena-nacional\/#article\",\"isPartOf\":{\"@id\":\"https:\/\/radioinfinitagoya.com.ar\/v1\/2025\/09\/15\/javier-milei-presentara-el-presupuesto-2026-por-cadena-nacional\/\"},\"author\":{\"name\":\"Jorge Mi\u00f1o\",\"@id\":\"https:\/\/radioinfinitagoya.com.ar\/v1\/#\/schema\/person\/d4cf9c413d4f6edb24aabdccab49ca4a\"},\"headline\":\"Javier Milei presentar\u00e1 el Presupuesto 2026 por cadena nacional\",\"datePublished\":\"2025-09-15T18:52:57+00:00\",\"mainEntityOfPage\":{\"@id\":\"https:\/\/radioinfinitagoya.com.ar\/v1\/2025\/09\/15\/javier-milei-presentara-el-presupuesto-2026-por-cadena-nacional\/\"},\"wordCount\":431,\"publisher\":{\"@id\":\"https:\/\/radioinfinitagoya.com.ar\/v1\/#organization\"},\"image\":{\"@id\":\"https:\/\/radioinfinitagoya.com.ar\/v1\/2025\/09\/15\/javier-milei-presentara-el-presupuesto-2026-por-cadena-nacional\/#primaryimage\"},\"thumbnailUrl\":\"https:\/\/radioinfinitagoya.com.ar\/v1\/wp-content\/uploads\/2025\/09\/PJ4jTZcF.jpg\",\"articleSection\":[\"NACIONALES\"],\"inLanguage\":\"es-AR\"},{\"@type\":\"WebPage\",\"@id\":\"https:\/\/radioinfinitagoya.com.ar\/v1\/2025\/09\/15\/javier-milei-presentara-el-presupuesto-2026-por-cadena-nacional\/\",\"url\":\"https:\/\/radioinfinitagoya.com.ar\/v1\/2025\/09\/15\/javier-milei-presentara-el-presupuesto-2026-por-cadena-nacional\/\",\"name\":\"Javier Milei presentar\u00e1 el Presupuesto 2026 por cadena nacional - Radio Infinita Goya\",\"isPartOf\":{\"@id\":\"https:\/\/radioinfinitagoya.com.ar\/v1\/#website\"},\"primaryImageOfPage\":{\"@id\":\"https:\/\/radioinfinitagoya.com.ar\/v1\/2025\/09\/15\/javier-milei-presentara-el-presupuesto-2026-por-cadena-nacional\/#primaryimage\"},\"image\":{\"@id\":\"https:\/\/radioinfinitagoya.com.ar\/v1\/2025\/09\/15\/javier-milei-presentara-el-presupuesto-2026-por-cadena-nacional\/#primaryimage\"},\"thumbnailUrl\":\"https:\/\/radioinfinitagoya.com.ar\/v1\/wp-content\/uploads\/2025\/09\/PJ4jTZcF.jpg\",\"datePublished\":\"2025-09-15T18:52:57+00:00\",\"description\":\"El Presidente no visitar\u00e1 el Congreso. Se espera que incluya propuestas para mejorar la relaci\u00f3n con los gobernadores. Este lunes a las 21, Javier Milei\",\"breadcrumb\":{\"@id\":\"https:\/\/radioinfinitagoya.com.ar\/v1\/2025\/09\/15\/javier-milei-presentara-el-presupuesto-2026-por-cadena-nacional\/#breadcrumb\"},\"inLanguage\":\"es-AR\",\"potentialAction\":[{\"@type\":\"ReadAction\",\"target\":[\"https:\/\/radioinfinitagoya.com.ar\/v1\/2025\/09\/15\/javier-milei-presentara-el-presupuesto-2026-por-cadena-nacional\/\"]}]},{\"@type\":\"ImageObject\",\"inLanguage\":\"es-AR\",\"@id\":\"https:\/\/radioinfinitagoya.com.ar\/v1\/2025\/09\/15\/javier-milei-presentara-el-presupuesto-2026-por-cadena-nacional\/#primaryimage\",\"url\":\"https:\/\/radioinfinitagoya.com.ar\/v1\/wp-content\/uploads\/2025\/09\/PJ4jTZcF.jpg\",\"contentUrl\":\"https:\/\/radioinfinitagoya.com.ar\/v1\/wp-content\/uploads\/2025\/09\/PJ4jTZcF.jpg\",\"width\":620,\"height\":355},{\"@type\":\"BreadcrumbList\",\"@id\":\"https:\/\/radioinfinitagoya.com.ar\/v1\/2025\/09\/15\/javier-milei-presentara-el-presupuesto-2026-por-cadena-nacional\/#breadcrumb\",\"itemListElement\":[{\"@type\":\"ListItem\",\"position\":1,\"name\":\"Inicio\",\"item\":\"https:\/\/radioinfinitagoya.com.ar\/v1\/\"},{\"@type\":\"ListItem\",\"position\":2,\"name\":\"Javier Milei presentar\u00e1 el Presupuesto 2026 por cadena nacional\"}]},{\"@type\":\"WebSite\",\"@id\":\"https:\/\/radioinfinitagoya.com.ar\/v1\/#website\",\"url\":\"https:\/\/radioinfinitagoya.com.ar\/v1\/\",\"name\":\"radioinfinitagoya.com.ar\",\"description\":\"Radio de noticias\",\"publisher\":{\"@id\":\"https:\/\/radioinfinitagoya.com.ar\/v1\/#organization\"},\"potentialAction\":[{\"@type\":\"SearchAction\",\"target\":{\"@type\":\"EntryPoint\",\"urlTemplate\":\"https:\/\/radioinfinitagoya.com.ar\/v1\/?s={search_term_string}\"},\"query-input\":{\"@type\":\"PropertyValueSpecification\",\"valueRequired\":true,\"valueName\":\"search_term_string\"}}],\"inLanguage\":\"es-AR\"},{\"@type\":\"Organization\",\"@id\":\"https:\/\/radioinfinitagoya.com.ar\/v1\/#organization\",\"name\":\"Radio Infinita Goya\",\"url\":\"https:\/\/radioinfinitagoya.com.ar\/v1\/\",\"logo\":{\"@type\":\"ImageObject\",\"inLanguage\":\"es-AR\",\"@id\":\"https:\/\/radioinfinitagoya.com.ar\/v1\/#\/schema\/logo\/image\/\",\"url\":\"https:\/\/radioinfinitagoya.com.ar\/v1\/wp-content\/uploads\/2019\/11\/logo-pie-web.png\",\"contentUrl\":\"https:\/\/radioinfinitagoya.com.ar\/v1\/wp-content\/uploads\/2019\/11\/logo-pie-web.png\",\"width\":635,\"height\":326,\"caption\":\"Radio Infinita Goya\"},\"image\":{\"@id\":\"https:\/\/radioinfinitagoya.com.ar\/v1\/#\/schema\/logo\/image\/\"},\"sameAs\":[\"https:\/\/www.facebook.com\/p\/Infinita-Goya-100063870918311\/\"]},{\"@type\":\"Person\",\"@id\":\"https:\/\/radioinfinitagoya.com.ar\/v1\/#\/schema\/person\/d4cf9c413d4f6edb24aabdccab49ca4a\",\"name\":\"Jorge Mi\u00f1o\",\"image\":{\"@type\":\"ImageObject\",\"inLanguage\":\"es-AR\",\"@id\":\"https:\/\/secure.gravatar.com\/avatar\/910fcf6728fe95320e07a6643c1581fec1c7fc4bf8ae12e3d8f0d0373dc844be?s=96&d=mm&r=g\",\"url\":\"https:\/\/secure.gravatar.com\/avatar\/910fcf6728fe95320e07a6643c1581fec1c7fc4bf8ae12e3d8f0d0373dc844be?s=96&d=mm&r=g\",\"contentUrl\":\"https:\/\/secure.gravatar.com\/avatar\/910fcf6728fe95320e07a6643c1581fec1c7fc4bf8ae12e3d8f0d0373dc844be?s=96&d=mm&r=g\",\"caption\":\"Jorge Mi\u00f1o\"},\"sameAs\":[\"http:\/\/radioinfinitagoya.com.ar\"]}]}<\/script>\n<!-- \/ Yoast SEO plugin. -->","yoast_head_json":{"title":"Javier Milei presentar\u00e1 el Presupuesto 2026 por cadena nacional - Radio Infinita Goya","description":"El Presidente no visitar\u00e1 el Congreso. Se espera que incluya propuestas para mejorar la relaci\u00f3n con los gobernadores. Este lunes a las 21, Javier Milei","robots":{"index":"index","follow":"follow","max-snippet":"max-snippet:-1","max-image-preview":"max-image-preview:large","max-video-preview":"max-video-preview:-1"},"canonical":"https:\/\/radioinfinitagoya.com.ar\/v1\/2025\/09\/15\/javier-milei-presentara-el-presupuesto-2026-por-cadena-nacional\/","og_locale":"es_ES","og_type":"article","og_title":"Javier Milei presentar\u00e1 el Presupuesto 2026 por cadena nacional - Radio Infinita Goya","og_description":"El Presidente no visitar\u00e1 el Congreso. Se espera que incluya propuestas para mejorar la relaci\u00f3n con los gobernadores. Este lunes a las 21, Javier Milei","og_url":"https:\/\/radioinfinitagoya.com.ar\/v1\/2025\/09\/15\/javier-milei-presentara-el-presupuesto-2026-por-cadena-nacional\/","og_site_name":"Radio Infinita Goya","article_publisher":"https:\/\/www.facebook.com\/p\/Infinita-Goya-100063870918311\/","article_published_time":"2025-09-15T18:52:57+00:00","og_image":[{"width":620,"height":355,"url":"https:\/\/radioinfinitagoya.com.ar\/v1\/wp-content\/uploads\/2025\/09\/PJ4jTZcF.jpg","type":"image\/jpeg"}],"author":"Jorge Mi\u00f1o","twitter_card":"summary_large_image","twitter_misc":{"Escrito por":"Jorge Mi\u00f1o","Tiempo de lectura":"3 minutos"},"schema":{"@context":"https:\/\/schema.org","@graph":[{"@type":"Article","@id":"https:\/\/radioinfinitagoya.com.ar\/v1\/2025\/09\/15\/javier-milei-presentara-el-presupuesto-2026-por-cadena-nacional\/#article","isPartOf":{"@id":"https:\/\/radioinfinitagoya.com.ar\/v1\/2025\/09\/15\/javier-milei-presentara-el-presupuesto-2026-por-cadena-nacional\/"},"author":{"name":"Jorge Mi\u00f1o","@id":"https:\/\/radioinfinitagoya.com.ar\/v1\/#\/schema\/person\/d4cf9c413d4f6edb24aabdccab49ca4a"},"headline":"Javier Milei presentar\u00e1 el Presupuesto 2026 por cadena nacional","datePublished":"2025-09-15T18:52:57+00:00","mainEntityOfPage":{"@id":"https:\/\/radioinfinitagoya.com.ar\/v1\/2025\/09\/15\/javier-milei-presentara-el-presupuesto-2026-por-cadena-nacional\/"},"wordCount":431,"publisher":{"@id":"https:\/\/radioinfinitagoya.com.ar\/v1\/#organization"},"image":{"@id":"https:\/\/radioinfinitagoya.com.ar\/v1\/2025\/09\/15\/javier-milei-presentara-el-presupuesto-2026-por-cadena-nacional\/#primaryimage"},"thumbnailUrl":"https:\/\/radioinfinitagoya.com.ar\/v1\/wp-content\/uploads\/2025\/09\/PJ4jTZcF.jpg","articleSection":["NACIONALES"],"inLanguage":"es-AR"},{"@type":"WebPage","@id":"https:\/\/radioinfinitagoya.com.ar\/v1\/2025\/09\/15\/javier-milei-presentara-el-presupuesto-2026-por-cadena-nacional\/","url":"https:\/\/radioinfinitagoya.com.ar\/v1\/2025\/09\/15\/javier-milei-presentara-el-presupuesto-2026-por-cadena-nacional\/","name":"Javier Milei presentar\u00e1 el Presupuesto 2026 por cadena nacional - Radio Infinita Goya","isPartOf":{"@id":"https:\/\/radioinfinitagoya.com.ar\/v1\/#website"},"primaryImageOfPage":{"@id":"https:\/\/radioinfinitagoya.com.ar\/v1\/2025\/09\/15\/javier-milei-presentara-el-presupuesto-2026-por-cadena-nacional\/#primaryimage"},"image":{"@id":"https:\/\/radioinfinitagoya.com.ar\/v1\/2025\/09\/15\/javier-milei-presentara-el-presupuesto-2026-por-cadena-nacional\/#primaryimage"},"thumbnailUrl":"https:\/\/radioinfinitagoya.com.ar\/v1\/wp-content\/uploads\/2025\/09\/PJ4jTZcF.jpg","datePublished":"2025-09-15T18:52:57+00:00","description":"El Presidente no visitar\u00e1 el Congreso. Se espera que incluya propuestas para mejorar la relaci\u00f3n con los gobernadores. Este lunes a las 21, Javier Milei","breadcrumb":{"@id":"https:\/\/radioinfinitagoya.com.ar\/v1\/2025\/09\/15\/javier-milei-presentara-el-presupuesto-2026-por-cadena-nacional\/#breadcrumb"},"inLanguage":"es-AR","potentialAction":[{"@type":"ReadAction","target":["https:\/\/radioinfinitagoya.com.ar\/v1\/2025\/09\/15\/javier-milei-presentara-el-presupuesto-2026-por-cadena-nacional\/"]}]},{"@type":"ImageObject","inLanguage":"es-AR","@id":"https:\/\/radioinfinitagoya.com.ar\/v1\/2025\/09\/15\/javier-milei-presentara-el-presupuesto-2026-por-cadena-nacional\/#primaryimage","url":"https:\/\/radioinfinitagoya.com.ar\/v1\/wp-content\/uploads\/2025\/09\/PJ4jTZcF.jpg","contentUrl":"https:\/\/radioinfinitagoya.com.ar\/v1\/wp-content\/uploads\/2025\/09\/PJ4jTZcF.jpg","width":620,"height":355},{"@type":"BreadcrumbList","@id":"https:\/\/radioinfinitagoya.com.ar\/v1\/2025\/09\/15\/javier-milei-presentara-el-presupuesto-2026-por-cadena-nacional\/#breadcrumb","itemListElement":[{"@type":"ListItem","position":1,"name":"Inicio","item":"https:\/\/radioinfinitagoya.com.ar\/v1\/"},{"@type":"ListItem","position":2,"name":"Javier Milei presentar\u00e1 el Presupuesto 2026 por cadena nacional"}]},{"@type":"WebSite","@id":"https:\/\/radioinfinitagoya.com.ar\/v1\/#website","url":"https:\/\/radioinfinitagoya.com.ar\/v1\/","name":"radioinfinitagoya.com.ar","description":"Radio de noticias","publisher":{"@id":"https:\/\/radioinfinitagoya.com.ar\/v1\/#organization"},"potentialAction":[{"@type":"SearchAction","target":{"@type":"EntryPoint","urlTemplate":"https:\/\/radioinfinitagoya.com.ar\/v1\/?s={search_term_string}"},"query-input":{"@type":"PropertyValueSpecification","valueRequired":true,"valueName":"search_term_string"}}],"inLanguage":"es-AR"},{"@type":"Organization","@id":"https:\/\/radioinfinitagoya.com.ar\/v1\/#organization","name":"Radio Infinita Goya","url":"https:\/\/radioinfinitagoya.com.ar\/v1\/","logo":{"@type":"ImageObject","inLanguage":"es-AR","@id":"https:\/\/radioinfinitagoya.com.ar\/v1\/#\/schema\/logo\/image\/","url":"https:\/\/radioinfinitagoya.com.ar\/v1\/wp-content\/uploads\/2019\/11\/logo-pie-web.png","contentUrl":"https:\/\/radioinfinitagoya.com.ar\/v1\/wp-content\/uploads\/2019\/11\/logo-pie-web.png","width":635,"height":326,"caption":"Radio Infinita Goya"},"image":{"@id":"https:\/\/radioinfinitagoya.com.ar\/v1\/#\/schema\/logo\/image\/"},"sameAs":["https:\/\/www.facebook.com\/p\/Infinita-Goya-100063870918311\/"]},{"@type":"Person","@id":"https:\/\/radioinfinitagoya.com.ar\/v1\/#\/schema\/person\/d4cf9c413d4f6edb24aabdccab49ca4a","name":"Jorge Mi\u00f1o","image":{"@type":"ImageObject","inLanguage":"es-AR","@id":"https:\/\/secure.gravatar.com\/avatar\/910fcf6728fe95320e07a6643c1581fec1c7fc4bf8ae12e3d8f0d0373dc844be?s=96&d=mm&r=g","url":"https:\/\/secure.gravatar.com\/avatar\/910fcf6728fe95320e07a6643c1581fec1c7fc4bf8ae12e3d8f0d0373dc844be?s=96&d=mm&r=g","contentUrl":"https:\/\/secure.gravatar.com\/avatar\/910fcf6728fe95320e07a6643c1581fec1c7fc4bf8ae12e3d8f0d0373dc844be?s=96&d=mm&r=g","caption":"Jorge Mi\u00f1o"},"sameAs":["http:\/\/radioinfinitagoya.com.ar"]}]}},"_links":{"self":[{"href":"https:\/\/radioinfinitagoya.com.ar\/v1\/wp-json\/wp\/v2\/posts\/195944","targetHints":{"allow":["GET"]}}],"collection":[{"href":"https:\/\/radioinfinitagoya.com.ar\/v1\/wp-json\/wp\/v2\/posts"}],"about":[{"href":"https:\/\/radioinfinitagoya.com.ar\/v1\/wp-json\/wp\/v2\/types\/post"}],"author":[{"embeddable":true,"href":"https:\/\/radioinfinitagoya.com.ar\/v1\/wp-json\/wp\/v2\/users\/4"}],"replies":[{"embeddable":true,"href":"https:\/\/radioinfinitagoya.com.ar\/v1\/wp-json\/wp\/v2\/comments?post=195944"}],"version-history":[{"count":0,"href":"https:\/\/radioinfinitagoya.com.ar\/v1\/wp-json\/wp\/v2\/posts\/195944\/revisions"}],"wp:featuredmedia":[{"embeddable":true,"href":"https:\/\/radioinfinitagoya.com.ar\/v1\/wp-json\/wp\/v2\/media\/195945"}],"wp:attachment":[{"href":"https:\/\/radioinfinitagoya.com.ar\/v1\/wp-json\/wp\/v2\/media?parent=195944"}],"wp:term":[{"taxonomy":"category","embeddable":true,"href":"https:\/\/radioinfinitagoya.com.ar\/v1\/wp-json\/wp\/v2\/categories?post=195944"},{"taxonomy":"post_tag","embeddable":true,"href":"https:\/\/radioinfinitagoya.com.ar\/v1\/wp-json\/wp\/v2\/tags?post=195944"}],"curies":[{"name":"wp","href":"https:\/\/api.w.org\/{rel}","templated":true}]}}