{"id":195959,"date":"2025-09-15T16:11:58","date_gmt":"2025-09-15T19:11:58","guid":{"rendered":"https:\/\/radioinfinitagoya.com.ar\/v1\/?p=195959"},"modified":"2025-09-15T16:11:58","modified_gmt":"2025-09-15T19:11:58","slug":"insaurralde-vamos-con-la-expectativa-de-tener-un-buen-desempeno","status":"publish","type":"post","link":"https:\/\/radioinfinitagoya.com.ar\/v1\/2025\/09\/15\/insaurralde-vamos-con-la-expectativa-de-tener-un-buen-desempeno\/","title":{"rendered":"Insaurralde: &#8220;Vamos con la expectativa de tener un buen desempe\u00f1o&#8221;"},"content":{"rendered":"<p>Una prominente carrera deportiva viene desarrollando la joven atleta Brenda Insaurralde, qui\u00e9n est\u00e1 pr\u00f3xima a viajar al viejo continente para participar del Mundial de Trail de Monta\u00f1a en Espa\u00f1a. &#8220;Gracias a toda la comunidad, por su aporte, su aliento; es una experiencia \u00fanica e inolvidable&#8221;, sostuvo.<\/p>\n<p>Del 25 al 28 de septiembre de 2025, el peque\u00f1o pueblo de Canfranc, en pleno coraz\u00f3n del Pirineo aragon\u00e9s, se convertir\u00e1 en el centro del mundo para los amantes de la monta\u00f1a y la resistencia. Organizado bajo el respaldo de World Athletic, WMRA, ITRA y IAU, este campeonato reunir\u00e1 a 1.700 atletas de m\u00e1s de 70 pa\u00edses, todos con un mismo objetivo: conquistar la monta\u00f1a.<\/p>\n<p>Vale mencionar que la joven Brenda Insaurralde, despu\u00e9s de descubrir el running como deporte, sus primeros pasos formativos en la especialidad lo dio en la Escuela Municipal de Atletismo. Dada sus condiciones t\u00e9cnicas, que contribuyen a convertirla en una deportista de \u00e9lite, la preparaci\u00f3n espec\u00edfica la ha realizado junto a un equipo conformado por entrenador, m\u00e9dico, nutricionista, kinesi\u00f3logo y masajista, someti\u00e9ndose en estos \u00faltimos meses a un riguroso plan de trabajo, de entrenamiento, adaptando los lugares donde se prepara a las condiciones naturales que ofrecer\u00e1 la estaci\u00f3n de Canfranc, donde se disputa el mundial de la especialidad.<\/p>\n<p>Sin pausar su vida estudiantil, pues cursa el nivel secundario en la Escuela Parroquial &#8220;La Rotonda&#8221;, la joven hizo un alto en un recreo para conversar con la prensa y contar sus sensaciones y expectativas en relaci\u00f3n a este mundial de trail de monta\u00f1a. Lo primero que se\u00f1al\u00f3 la joven fue un agradecimiento a toda la comunidad &#8220;por su aporte, ese granito de arena para lograr el objetivo de estar en Espa\u00f1a&#8221;. Asimismo, coment\u00f3 la reuni\u00f3n mantenida con el intendente Mariano Hormaechea, a quien obsequi\u00f3 su &#8220;remera&#8221;.<\/p>\n<p>En el contacto con la AM local, Brenda Insaurralde expres\u00f3: &#8220;Quiero agradecer a todos por su aporte, esto hizo posible juntar los recursos para el viaje, para los pasajes&#8221;. Consultada sobre el gesto de participar de la carrera solidaria de la Fundaci\u00f3n Onco Infanto Juvenil, se\u00f1al\u00f3: &#8220;Desde la primera carrera particip\u00e9, no quer\u00eda estar fuera, adem\u00e1s de colaborar con esa causa. Es gratificante poder ayudar, acompa\u00f1ar&#8221;. &#8220;Mi entrenamiento se ha diferenciado, se han hecho m\u00e1s largos los recorridos en esta preparaci\u00f3n, un entrenamiento comprimido&#8221;, indic\u00f3. En otro tramo se\u00f1al\u00f3: &#8220;Quiero agradecer tambi\u00e9n a la escuela, la facilidad brindada, ayud\u00e1ndome con la asistencia, con las faltas, debo agradecer a mis compa\u00f1eros por el aliento que me brindan&#8221;.<\/p>\n<p>Consultada sobre el d\u00eda del viaje a Europa, adelant\u00f3: &#8220;El mi\u00e9rcoles estoy viajando a Corrientes Capital para luego trasladarnos en auto con mi entrenador hasta Paraguay, y de all\u00ed directo a Espa\u00f1a&#8221;. &#8220;Mi categor\u00eda se disputa el 28 de septiembre, los d\u00edas antes servir\u00e1n para conocer el terreno, de d\u00f3nde debemos largar, el circuito y lograr la adaptaci\u00f3n necesaria&#8221;. La joven deportista, adem\u00e1s de reconocer el apoyo de su familia extendi\u00f3 el agradecimiento a: &#8220;mi entrenador, a Val Mac de Goya que me dio la indumentaria, a una firma de Corrientes en materia deportiva, a una empresa de salud, a la italiana panader\u00eda que nos provee de las especialidades, como provisi\u00f3n para entrenar y viajar&#8221;.<\/p>\n<p>Finalmente, Brenda Insaurralde en el di\u00e1logo radial volvi\u00f3 a destacar el recibimiento por parte del intendente Mariano Hormaechea. &#8220;Simplemente, agradecer por las muestras de apoyo, de est\u00edmulo, nos hizo saber del orgullo que representa para la ciudad participar en el mundial. Me queda agradecer a todos, a toda la comunidad, vamos con la expectativa de tener un buen desempe\u00f1o en esta competencia&#8221;.<\/p>\n<p>&nbsp;<\/p>\n","protected":false},"excerpt":{"rendered":"<p>Una prominente carrera deportiva viene desarrollando la joven atleta Brenda Insaurralde, qui\u00e9n est\u00e1 pr\u00f3xima a viajar al viejo continente para participar del Mundial de Trail de Monta\u00f1a en Espa\u00f1a. &#8220;Gracias a toda la comunidad, por su aporte, su aliento; es una experiencia \u00fanica e inolvidable&#8221;, sostuvo. Del 25 al 28 de septiembre de 2025, el [&hellip;]<\/p>\n","protected":false},"author":4,"featured_media":195960,"comment_status":"closed","ping_status":"closed","sticky":false,"template":"","format":"standard","meta":{"_joinchat":[],"footnotes":""},"categories":[28],"tags":[],"class_list":{"0":"post-195959","1":"post","2":"type-post","3":"status-publish","4":"format-standard","5":"has-post-thumbnail","7":"category-deportes"},"yoast_head":"<!-- This site is optimized with the Yoast SEO plugin v27.2 - https:\/\/yoast.com\/product\/yoast-seo-wordpress\/ -->\n<title>Insaurralde: &quot;Vamos con la expectativa de tener un buen desempe\u00f1o&quot; - Radio Infinita Goya<\/title>\n<meta name=\"description\" content=\"Una prominente carrera deportiva viene desarrollando la joven atleta Brenda Insaurralde, qui\u00e9n est\u00e1 pr\u00f3xima a viajar al viejo continente para participar\" \/>\n<meta name=\"robots\" content=\"index, follow, max-snippet:-1, max-image-preview:large, max-video-preview:-1\" \/>\n<link rel=\"canonical\" href=\"https:\/\/radioinfinitagoya.com.ar\/v1\/2025\/09\/15\/insaurralde-vamos-con-la-expectativa-de-tener-un-buen-desempeno\/\" \/>\n<meta property=\"og:locale\" content=\"es_ES\" \/>\n<meta property=\"og:type\" content=\"article\" \/>\n<meta property=\"og:title\" content=\"Insaurralde: &quot;Vamos con la expectativa de tener un buen desempe\u00f1o&quot; - Radio Infinita Goya\" \/>\n<meta property=\"og:description\" content=\"Una prominente carrera deportiva viene desarrollando la joven atleta Brenda Insaurralde, qui\u00e9n est\u00e1 pr\u00f3xima a viajar al viejo continente para participar\" \/>\n<meta property=\"og:url\" content=\"https:\/\/radioinfinitagoya.com.ar\/v1\/2025\/09\/15\/insaurralde-vamos-con-la-expectativa-de-tener-un-buen-desempeno\/\" \/>\n<meta property=\"og:site_name\" content=\"Radio Infinita Goya\" \/>\n<meta property=\"article:publisher\" content=\"https:\/\/www.facebook.com\/p\/Infinita-Goya-100063870918311\/\" \/>\n<meta property=\"article:published_time\" content=\"2025-09-15T19:11:58+00:00\" \/>\n<meta property=\"og:image\" content=\"https:\/\/radioinfinitagoya.com.ar\/v1\/wp-content\/uploads\/2025\/09\/BRENDANOTA1.jpg\" \/>\n\t<meta property=\"og:image:width\" content=\"895\" \/>\n\t<meta property=\"og:image:height\" content=\"621\" \/>\n\t<meta property=\"og:image:type\" content=\"image\/jpeg\" \/>\n<meta name=\"author\" content=\"Jorge Mi\u00f1o\" \/>\n<meta name=\"twitter:card\" content=\"summary_large_image\" \/>\n<meta name=\"twitter:label1\" content=\"Escrito por\" \/>\n\t<meta name=\"twitter:data1\" content=\"Jorge Mi\u00f1o\" \/>\n\t<meta name=\"twitter:label2\" content=\"Tiempo de lectura\" \/>\n\t<meta name=\"twitter:data2\" content=\"3 minutos\" \/>\n<script type=\"application\/ld+json\" class=\"yoast-schema-graph\">{\"@context\":\"https:\/\/schema.org\",\"@graph\":[{\"@type\":\"Article\",\"@id\":\"https:\/\/radioinfinitagoya.com.ar\/v1\/2025\/09\/15\/insaurralde-vamos-con-la-expectativa-de-tener-un-buen-desempeno\/#article\",\"isPartOf\":{\"@id\":\"https:\/\/radioinfinitagoya.com.ar\/v1\/2025\/09\/15\/insaurralde-vamos-con-la-expectativa-de-tener-un-buen-desempeno\/\"},\"author\":{\"name\":\"Jorge Mi\u00f1o\",\"@id\":\"https:\/\/radioinfinitagoya.com.ar\/v1\/#\/schema\/person\/d4cf9c413d4f6edb24aabdccab49ca4a\"},\"headline\":\"Insaurralde: &#8220;Vamos con la expectativa de tener un buen desempe\u00f1o&#8221;\",\"datePublished\":\"2025-09-15T19:11:58+00:00\",\"mainEntityOfPage\":{\"@id\":\"https:\/\/radioinfinitagoya.com.ar\/v1\/2025\/09\/15\/insaurralde-vamos-con-la-expectativa-de-tener-un-buen-desempeno\/\"},\"wordCount\":643,\"publisher\":{\"@id\":\"https:\/\/radioinfinitagoya.com.ar\/v1\/#organization\"},\"image\":{\"@id\":\"https:\/\/radioinfinitagoya.com.ar\/v1\/2025\/09\/15\/insaurralde-vamos-con-la-expectativa-de-tener-un-buen-desempeno\/#primaryimage\"},\"thumbnailUrl\":\"https:\/\/radioinfinitagoya.com.ar\/v1\/wp-content\/uploads\/2025\/09\/BRENDANOTA1.jpg\",\"articleSection\":[\"DEPORTES\"],\"inLanguage\":\"es-AR\"},{\"@type\":\"WebPage\",\"@id\":\"https:\/\/radioinfinitagoya.com.ar\/v1\/2025\/09\/15\/insaurralde-vamos-con-la-expectativa-de-tener-un-buen-desempeno\/\",\"url\":\"https:\/\/radioinfinitagoya.com.ar\/v1\/2025\/09\/15\/insaurralde-vamos-con-la-expectativa-de-tener-un-buen-desempeno\/\",\"name\":\"Insaurralde: \\\"Vamos con la expectativa de tener un buen desempe\u00f1o\\\" - Radio Infinita Goya\",\"isPartOf\":{\"@id\":\"https:\/\/radioinfinitagoya.com.ar\/v1\/#website\"},\"primaryImageOfPage\":{\"@id\":\"https:\/\/radioinfinitagoya.com.ar\/v1\/2025\/09\/15\/insaurralde-vamos-con-la-expectativa-de-tener-un-buen-desempeno\/#primaryimage\"},\"image\":{\"@id\":\"https:\/\/radioinfinitagoya.com.ar\/v1\/2025\/09\/15\/insaurralde-vamos-con-la-expectativa-de-tener-un-buen-desempeno\/#primaryimage\"},\"thumbnailUrl\":\"https:\/\/radioinfinitagoya.com.ar\/v1\/wp-content\/uploads\/2025\/09\/BRENDANOTA1.jpg\",\"datePublished\":\"2025-09-15T19:11:58+00:00\",\"description\":\"Una prominente carrera deportiva viene desarrollando la joven atleta Brenda Insaurralde, qui\u00e9n est\u00e1 pr\u00f3xima a viajar al viejo continente para participar\",\"breadcrumb\":{\"@id\":\"https:\/\/radioinfinitagoya.com.ar\/v1\/2025\/09\/15\/insaurralde-vamos-con-la-expectativa-de-tener-un-buen-desempeno\/#breadcrumb\"},\"inLanguage\":\"es-AR\",\"potentialAction\":[{\"@type\":\"ReadAction\",\"target\":[\"https:\/\/radioinfinitagoya.com.ar\/v1\/2025\/09\/15\/insaurralde-vamos-con-la-expectativa-de-tener-un-buen-desempeno\/\"]}]},{\"@type\":\"ImageObject\",\"inLanguage\":\"es-AR\",\"@id\":\"https:\/\/radioinfinitagoya.com.ar\/v1\/2025\/09\/15\/insaurralde-vamos-con-la-expectativa-de-tener-un-buen-desempeno\/#primaryimage\",\"url\":\"https:\/\/radioinfinitagoya.com.ar\/v1\/wp-content\/uploads\/2025\/09\/BRENDANOTA1.jpg\",\"contentUrl\":\"https:\/\/radioinfinitagoya.com.ar\/v1\/wp-content\/uploads\/2025\/09\/BRENDANOTA1.jpg\",\"width\":895,\"height\":621},{\"@type\":\"BreadcrumbList\",\"@id\":\"https:\/\/radioinfinitagoya.com.ar\/v1\/2025\/09\/15\/insaurralde-vamos-con-la-expectativa-de-tener-un-buen-desempeno\/#breadcrumb\",\"itemListElement\":[{\"@type\":\"ListItem\",\"position\":1,\"name\":\"Inicio\",\"item\":\"https:\/\/radioinfinitagoya.com.ar\/v1\/\"},{\"@type\":\"ListItem\",\"position\":2,\"name\":\"Insaurralde: &#8220;Vamos con la expectativa de tener un buen desempe\u00f1o&#8221;\"}]},{\"@type\":\"WebSite\",\"@id\":\"https:\/\/radioinfinitagoya.com.ar\/v1\/#website\",\"url\":\"https:\/\/radioinfinitagoya.com.ar\/v1\/\",\"name\":\"radioinfinitagoya.com.ar\",\"description\":\"Radio de noticias\",\"publisher\":{\"@id\":\"https:\/\/radioinfinitagoya.com.ar\/v1\/#organization\"},\"potentialAction\":[{\"@type\":\"SearchAction\",\"target\":{\"@type\":\"EntryPoint\",\"urlTemplate\":\"https:\/\/radioinfinitagoya.com.ar\/v1\/?s={search_term_string}\"},\"query-input\":{\"@type\":\"PropertyValueSpecification\",\"valueRequired\":true,\"valueName\":\"search_term_string\"}}],\"inLanguage\":\"es-AR\"},{\"@type\":\"Organization\",\"@id\":\"https:\/\/radioinfinitagoya.com.ar\/v1\/#organization\",\"name\":\"Radio Infinita Goya\",\"url\":\"https:\/\/radioinfinitagoya.com.ar\/v1\/\",\"logo\":{\"@type\":\"ImageObject\",\"inLanguage\":\"es-AR\",\"@id\":\"https:\/\/radioinfinitagoya.com.ar\/v1\/#\/schema\/logo\/image\/\",\"url\":\"https:\/\/radioinfinitagoya.com.ar\/v1\/wp-content\/uploads\/2019\/11\/logo-pie-web.png\",\"contentUrl\":\"https:\/\/radioinfinitagoya.com.ar\/v1\/wp-content\/uploads\/2019\/11\/logo-pie-web.png\",\"width\":635,\"height\":326,\"caption\":\"Radio Infinita Goya\"},\"image\":{\"@id\":\"https:\/\/radioinfinitagoya.com.ar\/v1\/#\/schema\/logo\/image\/\"},\"sameAs\":[\"https:\/\/www.facebook.com\/p\/Infinita-Goya-100063870918311\/\"]},{\"@type\":\"Person\",\"@id\":\"https:\/\/radioinfinitagoya.com.ar\/v1\/#\/schema\/person\/d4cf9c413d4f6edb24aabdccab49ca4a\",\"name\":\"Jorge Mi\u00f1o\",\"image\":{\"@type\":\"ImageObject\",\"inLanguage\":\"es-AR\",\"@id\":\"https:\/\/secure.gravatar.com\/avatar\/910fcf6728fe95320e07a6643c1581fec1c7fc4bf8ae12e3d8f0d0373dc844be?s=96&d=mm&r=g\",\"url\":\"https:\/\/secure.gravatar.com\/avatar\/910fcf6728fe95320e07a6643c1581fec1c7fc4bf8ae12e3d8f0d0373dc844be?s=96&d=mm&r=g\",\"contentUrl\":\"https:\/\/secure.gravatar.com\/avatar\/910fcf6728fe95320e07a6643c1581fec1c7fc4bf8ae12e3d8f0d0373dc844be?s=96&d=mm&r=g\",\"caption\":\"Jorge Mi\u00f1o\"},\"sameAs\":[\"http:\/\/radioinfinitagoya.com.ar\"]}]}<\/script>\n<!-- \/ Yoast SEO plugin. -->","yoast_head_json":{"title":"Insaurralde: \"Vamos con la expectativa de tener un buen desempe\u00f1o\" - Radio Infinita Goya","description":"Una prominente carrera deportiva viene desarrollando la joven atleta Brenda Insaurralde, qui\u00e9n est\u00e1 pr\u00f3xima a viajar al viejo continente para participar","robots":{"index":"index","follow":"follow","max-snippet":"max-snippet:-1","max-image-preview":"max-image-preview:large","max-video-preview":"max-video-preview:-1"},"canonical":"https:\/\/radioinfinitagoya.com.ar\/v1\/2025\/09\/15\/insaurralde-vamos-con-la-expectativa-de-tener-un-buen-desempeno\/","og_locale":"es_ES","og_type":"article","og_title":"Insaurralde: \"Vamos con la expectativa de tener un buen desempe\u00f1o\" - Radio Infinita Goya","og_description":"Una prominente carrera deportiva viene desarrollando la joven atleta Brenda Insaurralde, qui\u00e9n est\u00e1 pr\u00f3xima a viajar al viejo continente para participar","og_url":"https:\/\/radioinfinitagoya.com.ar\/v1\/2025\/09\/15\/insaurralde-vamos-con-la-expectativa-de-tener-un-buen-desempeno\/","og_site_name":"Radio Infinita Goya","article_publisher":"https:\/\/www.facebook.com\/p\/Infinita-Goya-100063870918311\/","article_published_time":"2025-09-15T19:11:58+00:00","og_image":[{"width":895,"height":621,"url":"https:\/\/radioinfinitagoya.com.ar\/v1\/wp-content\/uploads\/2025\/09\/BRENDANOTA1.jpg","type":"image\/jpeg"}],"author":"Jorge Mi\u00f1o","twitter_card":"summary_large_image","twitter_misc":{"Escrito por":"Jorge Mi\u00f1o","Tiempo de lectura":"3 minutos"},"schema":{"@context":"https:\/\/schema.org","@graph":[{"@type":"Article","@id":"https:\/\/radioinfinitagoya.com.ar\/v1\/2025\/09\/15\/insaurralde-vamos-con-la-expectativa-de-tener-un-buen-desempeno\/#article","isPartOf":{"@id":"https:\/\/radioinfinitagoya.com.ar\/v1\/2025\/09\/15\/insaurralde-vamos-con-la-expectativa-de-tener-un-buen-desempeno\/"},"author":{"name":"Jorge Mi\u00f1o","@id":"https:\/\/radioinfinitagoya.com.ar\/v1\/#\/schema\/person\/d4cf9c413d4f6edb24aabdccab49ca4a"},"headline":"Insaurralde: &#8220;Vamos con la expectativa de tener un buen desempe\u00f1o&#8221;","datePublished":"2025-09-15T19:11:58+00:00","mainEntityOfPage":{"@id":"https:\/\/radioinfinitagoya.com.ar\/v1\/2025\/09\/15\/insaurralde-vamos-con-la-expectativa-de-tener-un-buen-desempeno\/"},"wordCount":643,"publisher":{"@id":"https:\/\/radioinfinitagoya.com.ar\/v1\/#organization"},"image":{"@id":"https:\/\/radioinfinitagoya.com.ar\/v1\/2025\/09\/15\/insaurralde-vamos-con-la-expectativa-de-tener-un-buen-desempeno\/#primaryimage"},"thumbnailUrl":"https:\/\/radioinfinitagoya.com.ar\/v1\/wp-content\/uploads\/2025\/09\/BRENDANOTA1.jpg","articleSection":["DEPORTES"],"inLanguage":"es-AR"},{"@type":"WebPage","@id":"https:\/\/radioinfinitagoya.com.ar\/v1\/2025\/09\/15\/insaurralde-vamos-con-la-expectativa-de-tener-un-buen-desempeno\/","url":"https:\/\/radioinfinitagoya.com.ar\/v1\/2025\/09\/15\/insaurralde-vamos-con-la-expectativa-de-tener-un-buen-desempeno\/","name":"Insaurralde: \"Vamos con la expectativa de tener un buen desempe\u00f1o\" - Radio Infinita Goya","isPartOf":{"@id":"https:\/\/radioinfinitagoya.com.ar\/v1\/#website"},"primaryImageOfPage":{"@id":"https:\/\/radioinfinitagoya.com.ar\/v1\/2025\/09\/15\/insaurralde-vamos-con-la-expectativa-de-tener-un-buen-desempeno\/#primaryimage"},"image":{"@id":"https:\/\/radioinfinitagoya.com.ar\/v1\/2025\/09\/15\/insaurralde-vamos-con-la-expectativa-de-tener-un-buen-desempeno\/#primaryimage"},"thumbnailUrl":"https:\/\/radioinfinitagoya.com.ar\/v1\/wp-content\/uploads\/2025\/09\/BRENDANOTA1.jpg","datePublished":"2025-09-15T19:11:58+00:00","description":"Una prominente carrera deportiva viene desarrollando la joven atleta Brenda Insaurralde, qui\u00e9n est\u00e1 pr\u00f3xima a viajar al viejo continente para participar","breadcrumb":{"@id":"https:\/\/radioinfinitagoya.com.ar\/v1\/2025\/09\/15\/insaurralde-vamos-con-la-expectativa-de-tener-un-buen-desempeno\/#breadcrumb"},"inLanguage":"es-AR","potentialAction":[{"@type":"ReadAction","target":["https:\/\/radioinfinitagoya.com.ar\/v1\/2025\/09\/15\/insaurralde-vamos-con-la-expectativa-de-tener-un-buen-desempeno\/"]}]},{"@type":"ImageObject","inLanguage":"es-AR","@id":"https:\/\/radioinfinitagoya.com.ar\/v1\/2025\/09\/15\/insaurralde-vamos-con-la-expectativa-de-tener-un-buen-desempeno\/#primaryimage","url":"https:\/\/radioinfinitagoya.com.ar\/v1\/wp-content\/uploads\/2025\/09\/BRENDANOTA1.jpg","contentUrl":"https:\/\/radioinfinitagoya.com.ar\/v1\/wp-content\/uploads\/2025\/09\/BRENDANOTA1.jpg","width":895,"height":621},{"@type":"BreadcrumbList","@id":"https:\/\/radioinfinitagoya.com.ar\/v1\/2025\/09\/15\/insaurralde-vamos-con-la-expectativa-de-tener-un-buen-desempeno\/#breadcrumb","itemListElement":[{"@type":"ListItem","position":1,"name":"Inicio","item":"https:\/\/radioinfinitagoya.com.ar\/v1\/"},{"@type":"ListItem","position":2,"name":"Insaurralde: &#8220;Vamos con la expectativa de tener un buen desempe\u00f1o&#8221;"}]},{"@type":"WebSite","@id":"https:\/\/radioinfinitagoya.com.ar\/v1\/#website","url":"https:\/\/radioinfinitagoya.com.ar\/v1\/","name":"radioinfinitagoya.com.ar","description":"Radio de noticias","publisher":{"@id":"https:\/\/radioinfinitagoya.com.ar\/v1\/#organization"},"potentialAction":[{"@type":"SearchAction","target":{"@type":"EntryPoint","urlTemplate":"https:\/\/radioinfinitagoya.com.ar\/v1\/?s={search_term_string}"},"query-input":{"@type":"PropertyValueSpecification","valueRequired":true,"valueName":"search_term_string"}}],"inLanguage":"es-AR"},{"@type":"Organization","@id":"https:\/\/radioinfinitagoya.com.ar\/v1\/#organization","name":"Radio Infinita Goya","url":"https:\/\/radioinfinitagoya.com.ar\/v1\/","logo":{"@type":"ImageObject","inLanguage":"es-AR","@id":"https:\/\/radioinfinitagoya.com.ar\/v1\/#\/schema\/logo\/image\/","url":"https:\/\/radioinfinitagoya.com.ar\/v1\/wp-content\/uploads\/2019\/11\/logo-pie-web.png","contentUrl":"https:\/\/radioinfinitagoya.com.ar\/v1\/wp-content\/uploads\/2019\/11\/logo-pie-web.png","width":635,"height":326,"caption":"Radio Infinita Goya"},"image":{"@id":"https:\/\/radioinfinitagoya.com.ar\/v1\/#\/schema\/logo\/image\/"},"sameAs":["https:\/\/www.facebook.com\/p\/Infinita-Goya-100063870918311\/"]},{"@type":"Person","@id":"https:\/\/radioinfinitagoya.com.ar\/v1\/#\/schema\/person\/d4cf9c413d4f6edb24aabdccab49ca4a","name":"Jorge Mi\u00f1o","image":{"@type":"ImageObject","inLanguage":"es-AR","@id":"https:\/\/secure.gravatar.com\/avatar\/910fcf6728fe95320e07a6643c1581fec1c7fc4bf8ae12e3d8f0d0373dc844be?s=96&d=mm&r=g","url":"https:\/\/secure.gravatar.com\/avatar\/910fcf6728fe95320e07a6643c1581fec1c7fc4bf8ae12e3d8f0d0373dc844be?s=96&d=mm&r=g","contentUrl":"https:\/\/secure.gravatar.com\/avatar\/910fcf6728fe95320e07a6643c1581fec1c7fc4bf8ae12e3d8f0d0373dc844be?s=96&d=mm&r=g","caption":"Jorge Mi\u00f1o"},"sameAs":["http:\/\/radioinfinitagoya.com.ar"]}]}},"_links":{"self":[{"href":"https:\/\/radioinfinitagoya.com.ar\/v1\/wp-json\/wp\/v2\/posts\/195959","targetHints":{"allow":["GET"]}}],"collection":[{"href":"https:\/\/radioinfinitagoya.com.ar\/v1\/wp-json\/wp\/v2\/posts"}],"about":[{"href":"https:\/\/radioinfinitagoya.com.ar\/v1\/wp-json\/wp\/v2\/types\/post"}],"author":[{"embeddable":true,"href":"https:\/\/radioinfinitagoya.com.ar\/v1\/wp-json\/wp\/v2\/users\/4"}],"replies":[{"embeddable":true,"href":"https:\/\/radioinfinitagoya.com.ar\/v1\/wp-json\/wp\/v2\/comments?post=195959"}],"version-history":[{"count":0,"href":"https:\/\/radioinfinitagoya.com.ar\/v1\/wp-json\/wp\/v2\/posts\/195959\/revisions"}],"wp:featuredmedia":[{"embeddable":true,"href":"https:\/\/radioinfinitagoya.com.ar\/v1\/wp-json\/wp\/v2\/media\/195960"}],"wp:attachment":[{"href":"https:\/\/radioinfinitagoya.com.ar\/v1\/wp-json\/wp\/v2\/media?parent=195959"}],"wp:term":[{"taxonomy":"category","embeddable":true,"href":"https:\/\/radioinfinitagoya.com.ar\/v1\/wp-json\/wp\/v2\/categories?post=195959"},{"taxonomy":"post_tag","embeddable":true,"href":"https:\/\/radioinfinitagoya.com.ar\/v1\/wp-json\/wp\/v2\/tags?post=195959"}],"curies":[{"name":"wp","href":"https:\/\/api.w.org\/{rel}","templated":true}]}}