{"id":195984,"date":"2025-09-16T15:37:48","date_gmt":"2025-09-16T18:37:48","guid":{"rendered":"https:\/\/radioinfinitagoya.com.ar\/v1\/?p=195984"},"modified":"2025-09-16T15:37:48","modified_gmt":"2025-09-16T18:37:48","slug":"valdes-las-maestras-correntinas-son-realmente-una-fortaleza-que-tiene-la-provincia","status":"publish","type":"post","link":"https:\/\/radioinfinitagoya.com.ar\/v1\/2025\/09\/16\/valdes-las-maestras-correntinas-son-realmente-una-fortaleza-que-tiene-la-provincia\/","title":{"rendered":"Vald\u00e9s: &#8220;Las maestras correntinas son realmente una fortaleza que tiene la provincia&#8221;"},"content":{"rendered":"<p>El gobernador de Corrientes encabez\u00f3 la premiaci\u00f3n en la ma\u00f1ana de este martes en el Sal\u00f3n Amarillo de Casa de Gobierno, donde se destac\u00f3 la labor de 23 docentes.<\/p>\n<p>El gobernador de Corrientes, Gustavo Vald\u00e9s, encabez\u00f3 este martes un acto en el Sal\u00f3n Amarillo de Casa de Gobierno, donde se reconoci\u00f3 a docentes de la provincia.<\/p>\n<p>Se trata del Premio Docente Destacado 2025, una distinci\u00f3n que reconoce el esfuerzo, la innovaci\u00f3n y el compromiso de quienes d\u00eda a d\u00eda trascienden las aulas con proyectos transformadores.<\/p>\n<p>El mandatario dijo al respecto que \u201cestamos destacando algunos ejemplos de los tantos que existen en la provincia de Corrientes, que son an\u00f3nimos y muchas veces invisibles\u201d, y continu\u00f3 que \u201chacer un homenaje a estos docentes es para tomar un poco de consciencia de que es fundamental que hagamos el esfuerzo ah\u00ed, en la primaria, en la secundaria y en terciario tambi\u00e9n\u201d.<\/p>\n<p>Cabe recordar que este premio distingue a docentes por sus proyectos innovadores, el uso de la tecnolog\u00eda, el fortalecimiento de la identidad cultural, la inclusi\u00f3n y el compromiso comunitario.<\/p>\n<p>\u201cLas maestras correntinas son realmente una fortaleza que tiene la provincia\u201d, destac\u00f3 Vald\u00e9s antes de empezar con la entrega de las distinciones a 23 docentes<\/p>\n<p>&#8220;No hay techo. Los alumnos pueden llegar a donde se propongan&#8221;<\/p>\n<p>Mar\u00eda de los \u00c1ngeles Herrera, Ingeniera Qu\u00edmica y docente universitaria, fue reconocida por segunda vez como docente destacada por el gobierno de Corrientes. Con 49 a\u00f1os y 14 de experiencia en la Escuela T\u00e9cnica Dr. Juan Esteban Mart\u00ednez de Bella Vista, Herrera di\u00e1logo con El Litoral, comparti\u00f3 su experiencia en la ense\u00f1anza de pr\u00e1cticas profesionalizantes y el impacto de los proyectos realizados por sus alumnos.<\/p>\n<p>&#8220;Un proyecto educativo me trajo hasta aqu\u00ed. Gracias a ello, los estudiantes lograron el tercer lugar en un concurso nacional, entre m\u00e1s de 400 proyectos. Este es uno de los mejores emprendimientos que realic\u00e9 a nivel profesional, y ver a los chicos crecer, defender sus ideas y llegar hasta aqu\u00ed con tanto esfuerzo me llena de orgullo&#8221;, expres\u00f3 visiblemente emocionada.<\/p>\n<p>La distinci\u00f3n recibida, seg\u00fan Herrera, refleja el arduo trabajo y la dedicaci\u00f3n de los docentes. &#8220;Este reconocimiento es muy importante para los maestros, quienes trabajamos incansablemente todos los d\u00edas. Estoy realmente feliz y emocionada por todo lo que he recorrido&#8221;, se\u00f1al\u00f3.<\/p>\n<p>Por segundo a\u00f1o consecutivo, Herrera recibe el premio a la docente destacada. &#8220;Mi mensaje a los alumnos es claro: No hay techo. Pueden llegar a donde se propongan, porque tienen actitud, ganas y capacidad de sobra&#8221;.<\/p>\n<p>&nbsp;<\/p>\n<p>&nbsp;<\/p>\n","protected":false},"excerpt":{"rendered":"<p>El gobernador de Corrientes encabez\u00f3 la premiaci\u00f3n en la ma\u00f1ana de este martes en el Sal\u00f3n Amarillo de Casa de Gobierno, donde se destac\u00f3 la labor de 23 docentes. El gobernador de Corrientes, Gustavo Vald\u00e9s, encabez\u00f3 este martes un acto en el Sal\u00f3n Amarillo de Casa de Gobierno, donde se reconoci\u00f3 a docentes de la [&hellip;]<\/p>\n","protected":false},"author":4,"featured_media":195985,"comment_status":"closed","ping_status":"closed","sticky":false,"template":"","format":"standard","meta":{"_joinchat":[],"footnotes":""},"categories":[34],"tags":[],"class_list":{"0":"post-195984","1":"post","2":"type-post","3":"status-publish","4":"format-standard","5":"has-post-thumbnail","7":"category-principal"},"yoast_head":"<!-- This site is optimized with the Yoast SEO plugin v27.2 - https:\/\/yoast.com\/product\/yoast-seo-wordpress\/ -->\n<title>Vald\u00e9s: &quot;Las maestras correntinas son realmente una fortaleza que tiene la provincia&quot; - Radio Infinita Goya<\/title>\n<meta name=\"description\" content=\"El gobernador de Corrientes encabez\u00f3 la premiaci\u00f3n en la ma\u00f1ana de este martes en el Sal\u00f3n Amarillo de Casa de Gobierno, donde se destac\u00f3 la labor de 23\" \/>\n<meta name=\"robots\" content=\"index, follow, max-snippet:-1, max-image-preview:large, max-video-preview:-1\" \/>\n<link rel=\"canonical\" href=\"https:\/\/radioinfinitagoya.com.ar\/v1\/2025\/09\/16\/valdes-las-maestras-correntinas-son-realmente-una-fortaleza-que-tiene-la-provincia\/\" \/>\n<meta property=\"og:locale\" content=\"es_ES\" \/>\n<meta property=\"og:type\" content=\"article\" \/>\n<meta property=\"og:title\" content=\"Vald\u00e9s: &quot;Las maestras correntinas son realmente una fortaleza que tiene la provincia&quot; - Radio Infinita Goya\" \/>\n<meta property=\"og:description\" content=\"El gobernador de Corrientes encabez\u00f3 la premiaci\u00f3n en la ma\u00f1ana de este martes en el Sal\u00f3n Amarillo de Casa de Gobierno, donde se destac\u00f3 la labor de 23\" \/>\n<meta property=\"og:url\" content=\"https:\/\/radioinfinitagoya.com.ar\/v1\/2025\/09\/16\/valdes-las-maestras-correntinas-son-realmente-una-fortaleza-que-tiene-la-provincia\/\" \/>\n<meta property=\"og:site_name\" content=\"Radio Infinita Goya\" \/>\n<meta property=\"article:publisher\" content=\"https:\/\/www.facebook.com\/p\/Infinita-Goya-100063870918311\/\" \/>\n<meta property=\"article:published_time\" content=\"2025-09-16T18:37:48+00:00\" \/>\n<meta property=\"og:image\" content=\"https:\/\/radioinfinitagoya.com.ar\/v1\/wp-content\/uploads\/2025\/09\/G0-puVDWsAAA4YE.jpg\" \/>\n\t<meta property=\"og:image:width\" content=\"680\" \/>\n\t<meta property=\"og:image:height\" content=\"454\" \/>\n\t<meta property=\"og:image:type\" content=\"image\/jpeg\" \/>\n<meta name=\"author\" content=\"Jorge Mi\u00f1o\" \/>\n<meta name=\"twitter:card\" content=\"summary_large_image\" \/>\n<meta name=\"twitter:label1\" content=\"Escrito por\" \/>\n\t<meta name=\"twitter:data1\" content=\"Jorge Mi\u00f1o\" \/>\n\t<meta name=\"twitter:label2\" content=\"Tiempo de lectura\" \/>\n\t<meta name=\"twitter:data2\" content=\"3 minutos\" \/>\n<script type=\"application\/ld+json\" class=\"yoast-schema-graph\">{\"@context\":\"https:\/\/schema.org\",\"@graph\":[{\"@type\":\"Article\",\"@id\":\"https:\/\/radioinfinitagoya.com.ar\/v1\/2025\/09\/16\/valdes-las-maestras-correntinas-son-realmente-una-fortaleza-que-tiene-la-provincia\/#article\",\"isPartOf\":{\"@id\":\"https:\/\/radioinfinitagoya.com.ar\/v1\/2025\/09\/16\/valdes-las-maestras-correntinas-son-realmente-una-fortaleza-que-tiene-la-provincia\/\"},\"author\":{\"name\":\"Jorge Mi\u00f1o\",\"@id\":\"https:\/\/radioinfinitagoya.com.ar\/v1\/#\/schema\/person\/d4cf9c413d4f6edb24aabdccab49ca4a\"},\"headline\":\"Vald\u00e9s: &#8220;Las maestras correntinas son realmente una fortaleza que tiene la provincia&#8221;\",\"datePublished\":\"2025-09-16T18:37:48+00:00\",\"mainEntityOfPage\":{\"@id\":\"https:\/\/radioinfinitagoya.com.ar\/v1\/2025\/09\/16\/valdes-las-maestras-correntinas-son-realmente-una-fortaleza-que-tiene-la-provincia\/\"},\"wordCount\":452,\"publisher\":{\"@id\":\"https:\/\/radioinfinitagoya.com.ar\/v1\/#organization\"},\"image\":{\"@id\":\"https:\/\/radioinfinitagoya.com.ar\/v1\/2025\/09\/16\/valdes-las-maestras-correntinas-son-realmente-una-fortaleza-que-tiene-la-provincia\/#primaryimage\"},\"thumbnailUrl\":\"https:\/\/radioinfinitagoya.com.ar\/v1\/wp-content\/uploads\/2025\/09\/G0-puVDWsAAA4YE.jpg\",\"articleSection\":[\"PRINCIPAL\"],\"inLanguage\":\"es-AR\"},{\"@type\":\"WebPage\",\"@id\":\"https:\/\/radioinfinitagoya.com.ar\/v1\/2025\/09\/16\/valdes-las-maestras-correntinas-son-realmente-una-fortaleza-que-tiene-la-provincia\/\",\"url\":\"https:\/\/radioinfinitagoya.com.ar\/v1\/2025\/09\/16\/valdes-las-maestras-correntinas-son-realmente-una-fortaleza-que-tiene-la-provincia\/\",\"name\":\"Vald\u00e9s: \\\"Las maestras correntinas son realmente una fortaleza que tiene la provincia\\\" - Radio Infinita Goya\",\"isPartOf\":{\"@id\":\"https:\/\/radioinfinitagoya.com.ar\/v1\/#website\"},\"primaryImageOfPage\":{\"@id\":\"https:\/\/radioinfinitagoya.com.ar\/v1\/2025\/09\/16\/valdes-las-maestras-correntinas-son-realmente-una-fortaleza-que-tiene-la-provincia\/#primaryimage\"},\"image\":{\"@id\":\"https:\/\/radioinfinitagoya.com.ar\/v1\/2025\/09\/16\/valdes-las-maestras-correntinas-son-realmente-una-fortaleza-que-tiene-la-provincia\/#primaryimage\"},\"thumbnailUrl\":\"https:\/\/radioinfinitagoya.com.ar\/v1\/wp-content\/uploads\/2025\/09\/G0-puVDWsAAA4YE.jpg\",\"datePublished\":\"2025-09-16T18:37:48+00:00\",\"description\":\"El gobernador de Corrientes encabez\u00f3 la premiaci\u00f3n en la ma\u00f1ana de este martes en el Sal\u00f3n Amarillo de Casa de Gobierno, donde se destac\u00f3 la labor de 23\",\"breadcrumb\":{\"@id\":\"https:\/\/radioinfinitagoya.com.ar\/v1\/2025\/09\/16\/valdes-las-maestras-correntinas-son-realmente-una-fortaleza-que-tiene-la-provincia\/#breadcrumb\"},\"inLanguage\":\"es-AR\",\"potentialAction\":[{\"@type\":\"ReadAction\",\"target\":[\"https:\/\/radioinfinitagoya.com.ar\/v1\/2025\/09\/16\/valdes-las-maestras-correntinas-son-realmente-una-fortaleza-que-tiene-la-provincia\/\"]}]},{\"@type\":\"ImageObject\",\"inLanguage\":\"es-AR\",\"@id\":\"https:\/\/radioinfinitagoya.com.ar\/v1\/2025\/09\/16\/valdes-las-maestras-correntinas-son-realmente-una-fortaleza-que-tiene-la-provincia\/#primaryimage\",\"url\":\"https:\/\/radioinfinitagoya.com.ar\/v1\/wp-content\/uploads\/2025\/09\/G0-puVDWsAAA4YE.jpg\",\"contentUrl\":\"https:\/\/radioinfinitagoya.com.ar\/v1\/wp-content\/uploads\/2025\/09\/G0-puVDWsAAA4YE.jpg\",\"width\":680,\"height\":454},{\"@type\":\"BreadcrumbList\",\"@id\":\"https:\/\/radioinfinitagoya.com.ar\/v1\/2025\/09\/16\/valdes-las-maestras-correntinas-son-realmente-una-fortaleza-que-tiene-la-provincia\/#breadcrumb\",\"itemListElement\":[{\"@type\":\"ListItem\",\"position\":1,\"name\":\"Inicio\",\"item\":\"https:\/\/radioinfinitagoya.com.ar\/v1\/\"},{\"@type\":\"ListItem\",\"position\":2,\"name\":\"Vald\u00e9s: &#8220;Las maestras correntinas son realmente una fortaleza que tiene la provincia&#8221;\"}]},{\"@type\":\"WebSite\",\"@id\":\"https:\/\/radioinfinitagoya.com.ar\/v1\/#website\",\"url\":\"https:\/\/radioinfinitagoya.com.ar\/v1\/\",\"name\":\"radioinfinitagoya.com.ar\",\"description\":\"Radio de noticias\",\"publisher\":{\"@id\":\"https:\/\/radioinfinitagoya.com.ar\/v1\/#organization\"},\"potentialAction\":[{\"@type\":\"SearchAction\",\"target\":{\"@type\":\"EntryPoint\",\"urlTemplate\":\"https:\/\/radioinfinitagoya.com.ar\/v1\/?s={search_term_string}\"},\"query-input\":{\"@type\":\"PropertyValueSpecification\",\"valueRequired\":true,\"valueName\":\"search_term_string\"}}],\"inLanguage\":\"es-AR\"},{\"@type\":\"Organization\",\"@id\":\"https:\/\/radioinfinitagoya.com.ar\/v1\/#organization\",\"name\":\"Radio Infinita Goya\",\"url\":\"https:\/\/radioinfinitagoya.com.ar\/v1\/\",\"logo\":{\"@type\":\"ImageObject\",\"inLanguage\":\"es-AR\",\"@id\":\"https:\/\/radioinfinitagoya.com.ar\/v1\/#\/schema\/logo\/image\/\",\"url\":\"https:\/\/radioinfinitagoya.com.ar\/v1\/wp-content\/uploads\/2019\/11\/logo-pie-web.png\",\"contentUrl\":\"https:\/\/radioinfinitagoya.com.ar\/v1\/wp-content\/uploads\/2019\/11\/logo-pie-web.png\",\"width\":635,\"height\":326,\"caption\":\"Radio Infinita Goya\"},\"image\":{\"@id\":\"https:\/\/radioinfinitagoya.com.ar\/v1\/#\/schema\/logo\/image\/\"},\"sameAs\":[\"https:\/\/www.facebook.com\/p\/Infinita-Goya-100063870918311\/\"]},{\"@type\":\"Person\",\"@id\":\"https:\/\/radioinfinitagoya.com.ar\/v1\/#\/schema\/person\/d4cf9c413d4f6edb24aabdccab49ca4a\",\"name\":\"Jorge Mi\u00f1o\",\"image\":{\"@type\":\"ImageObject\",\"inLanguage\":\"es-AR\",\"@id\":\"https:\/\/secure.gravatar.com\/avatar\/910fcf6728fe95320e07a6643c1581fec1c7fc4bf8ae12e3d8f0d0373dc844be?s=96&d=mm&r=g\",\"url\":\"https:\/\/secure.gravatar.com\/avatar\/910fcf6728fe95320e07a6643c1581fec1c7fc4bf8ae12e3d8f0d0373dc844be?s=96&d=mm&r=g\",\"contentUrl\":\"https:\/\/secure.gravatar.com\/avatar\/910fcf6728fe95320e07a6643c1581fec1c7fc4bf8ae12e3d8f0d0373dc844be?s=96&d=mm&r=g\",\"caption\":\"Jorge Mi\u00f1o\"},\"sameAs\":[\"http:\/\/radioinfinitagoya.com.ar\"]}]}<\/script>\n<!-- \/ Yoast SEO plugin. -->","yoast_head_json":{"title":"Vald\u00e9s: \"Las maestras correntinas son realmente una fortaleza que tiene la provincia\" - Radio Infinita Goya","description":"El gobernador de Corrientes encabez\u00f3 la premiaci\u00f3n en la ma\u00f1ana de este martes en el Sal\u00f3n Amarillo de Casa de Gobierno, donde se destac\u00f3 la labor de 23","robots":{"index":"index","follow":"follow","max-snippet":"max-snippet:-1","max-image-preview":"max-image-preview:large","max-video-preview":"max-video-preview:-1"},"canonical":"https:\/\/radioinfinitagoya.com.ar\/v1\/2025\/09\/16\/valdes-las-maestras-correntinas-son-realmente-una-fortaleza-que-tiene-la-provincia\/","og_locale":"es_ES","og_type":"article","og_title":"Vald\u00e9s: \"Las maestras correntinas son realmente una fortaleza que tiene la provincia\" - Radio Infinita Goya","og_description":"El gobernador de Corrientes encabez\u00f3 la premiaci\u00f3n en la ma\u00f1ana de este martes en el Sal\u00f3n Amarillo de Casa de Gobierno, donde se destac\u00f3 la labor de 23","og_url":"https:\/\/radioinfinitagoya.com.ar\/v1\/2025\/09\/16\/valdes-las-maestras-correntinas-son-realmente-una-fortaleza-que-tiene-la-provincia\/","og_site_name":"Radio Infinita Goya","article_publisher":"https:\/\/www.facebook.com\/p\/Infinita-Goya-100063870918311\/","article_published_time":"2025-09-16T18:37:48+00:00","og_image":[{"width":680,"height":454,"url":"https:\/\/radioinfinitagoya.com.ar\/v1\/wp-content\/uploads\/2025\/09\/G0-puVDWsAAA4YE.jpg","type":"image\/jpeg"}],"author":"Jorge Mi\u00f1o","twitter_card":"summary_large_image","twitter_misc":{"Escrito por":"Jorge Mi\u00f1o","Tiempo de lectura":"3 minutos"},"schema":{"@context":"https:\/\/schema.org","@graph":[{"@type":"Article","@id":"https:\/\/radioinfinitagoya.com.ar\/v1\/2025\/09\/16\/valdes-las-maestras-correntinas-son-realmente-una-fortaleza-que-tiene-la-provincia\/#article","isPartOf":{"@id":"https:\/\/radioinfinitagoya.com.ar\/v1\/2025\/09\/16\/valdes-las-maestras-correntinas-son-realmente-una-fortaleza-que-tiene-la-provincia\/"},"author":{"name":"Jorge Mi\u00f1o","@id":"https:\/\/radioinfinitagoya.com.ar\/v1\/#\/schema\/person\/d4cf9c413d4f6edb24aabdccab49ca4a"},"headline":"Vald\u00e9s: &#8220;Las maestras correntinas son realmente una fortaleza que tiene la provincia&#8221;","datePublished":"2025-09-16T18:37:48+00:00","mainEntityOfPage":{"@id":"https:\/\/radioinfinitagoya.com.ar\/v1\/2025\/09\/16\/valdes-las-maestras-correntinas-son-realmente-una-fortaleza-que-tiene-la-provincia\/"},"wordCount":452,"publisher":{"@id":"https:\/\/radioinfinitagoya.com.ar\/v1\/#organization"},"image":{"@id":"https:\/\/radioinfinitagoya.com.ar\/v1\/2025\/09\/16\/valdes-las-maestras-correntinas-son-realmente-una-fortaleza-que-tiene-la-provincia\/#primaryimage"},"thumbnailUrl":"https:\/\/radioinfinitagoya.com.ar\/v1\/wp-content\/uploads\/2025\/09\/G0-puVDWsAAA4YE.jpg","articleSection":["PRINCIPAL"],"inLanguage":"es-AR"},{"@type":"WebPage","@id":"https:\/\/radioinfinitagoya.com.ar\/v1\/2025\/09\/16\/valdes-las-maestras-correntinas-son-realmente-una-fortaleza-que-tiene-la-provincia\/","url":"https:\/\/radioinfinitagoya.com.ar\/v1\/2025\/09\/16\/valdes-las-maestras-correntinas-son-realmente-una-fortaleza-que-tiene-la-provincia\/","name":"Vald\u00e9s: \"Las maestras correntinas son realmente una fortaleza que tiene la provincia\" - Radio Infinita Goya","isPartOf":{"@id":"https:\/\/radioinfinitagoya.com.ar\/v1\/#website"},"primaryImageOfPage":{"@id":"https:\/\/radioinfinitagoya.com.ar\/v1\/2025\/09\/16\/valdes-las-maestras-correntinas-son-realmente-una-fortaleza-que-tiene-la-provincia\/#primaryimage"},"image":{"@id":"https:\/\/radioinfinitagoya.com.ar\/v1\/2025\/09\/16\/valdes-las-maestras-correntinas-son-realmente-una-fortaleza-que-tiene-la-provincia\/#primaryimage"},"thumbnailUrl":"https:\/\/radioinfinitagoya.com.ar\/v1\/wp-content\/uploads\/2025\/09\/G0-puVDWsAAA4YE.jpg","datePublished":"2025-09-16T18:37:48+00:00","description":"El gobernador de Corrientes encabez\u00f3 la premiaci\u00f3n en la ma\u00f1ana de este martes en el Sal\u00f3n Amarillo de Casa de Gobierno, donde se destac\u00f3 la labor de 23","breadcrumb":{"@id":"https:\/\/radioinfinitagoya.com.ar\/v1\/2025\/09\/16\/valdes-las-maestras-correntinas-son-realmente-una-fortaleza-que-tiene-la-provincia\/#breadcrumb"},"inLanguage":"es-AR","potentialAction":[{"@type":"ReadAction","target":["https:\/\/radioinfinitagoya.com.ar\/v1\/2025\/09\/16\/valdes-las-maestras-correntinas-son-realmente-una-fortaleza-que-tiene-la-provincia\/"]}]},{"@type":"ImageObject","inLanguage":"es-AR","@id":"https:\/\/radioinfinitagoya.com.ar\/v1\/2025\/09\/16\/valdes-las-maestras-correntinas-son-realmente-una-fortaleza-que-tiene-la-provincia\/#primaryimage","url":"https:\/\/radioinfinitagoya.com.ar\/v1\/wp-content\/uploads\/2025\/09\/G0-puVDWsAAA4YE.jpg","contentUrl":"https:\/\/radioinfinitagoya.com.ar\/v1\/wp-content\/uploads\/2025\/09\/G0-puVDWsAAA4YE.jpg","width":680,"height":454},{"@type":"BreadcrumbList","@id":"https:\/\/radioinfinitagoya.com.ar\/v1\/2025\/09\/16\/valdes-las-maestras-correntinas-son-realmente-una-fortaleza-que-tiene-la-provincia\/#breadcrumb","itemListElement":[{"@type":"ListItem","position":1,"name":"Inicio","item":"https:\/\/radioinfinitagoya.com.ar\/v1\/"},{"@type":"ListItem","position":2,"name":"Vald\u00e9s: &#8220;Las maestras correntinas son realmente una fortaleza que tiene la provincia&#8221;"}]},{"@type":"WebSite","@id":"https:\/\/radioinfinitagoya.com.ar\/v1\/#website","url":"https:\/\/radioinfinitagoya.com.ar\/v1\/","name":"radioinfinitagoya.com.ar","description":"Radio de noticias","publisher":{"@id":"https:\/\/radioinfinitagoya.com.ar\/v1\/#organization"},"potentialAction":[{"@type":"SearchAction","target":{"@type":"EntryPoint","urlTemplate":"https:\/\/radioinfinitagoya.com.ar\/v1\/?s={search_term_string}"},"query-input":{"@type":"PropertyValueSpecification","valueRequired":true,"valueName":"search_term_string"}}],"inLanguage":"es-AR"},{"@type":"Organization","@id":"https:\/\/radioinfinitagoya.com.ar\/v1\/#organization","name":"Radio Infinita Goya","url":"https:\/\/radioinfinitagoya.com.ar\/v1\/","logo":{"@type":"ImageObject","inLanguage":"es-AR","@id":"https:\/\/radioinfinitagoya.com.ar\/v1\/#\/schema\/logo\/image\/","url":"https:\/\/radioinfinitagoya.com.ar\/v1\/wp-content\/uploads\/2019\/11\/logo-pie-web.png","contentUrl":"https:\/\/radioinfinitagoya.com.ar\/v1\/wp-content\/uploads\/2019\/11\/logo-pie-web.png","width":635,"height":326,"caption":"Radio Infinita Goya"},"image":{"@id":"https:\/\/radioinfinitagoya.com.ar\/v1\/#\/schema\/logo\/image\/"},"sameAs":["https:\/\/www.facebook.com\/p\/Infinita-Goya-100063870918311\/"]},{"@type":"Person","@id":"https:\/\/radioinfinitagoya.com.ar\/v1\/#\/schema\/person\/d4cf9c413d4f6edb24aabdccab49ca4a","name":"Jorge Mi\u00f1o","image":{"@type":"ImageObject","inLanguage":"es-AR","@id":"https:\/\/secure.gravatar.com\/avatar\/910fcf6728fe95320e07a6643c1581fec1c7fc4bf8ae12e3d8f0d0373dc844be?s=96&d=mm&r=g","url":"https:\/\/secure.gravatar.com\/avatar\/910fcf6728fe95320e07a6643c1581fec1c7fc4bf8ae12e3d8f0d0373dc844be?s=96&d=mm&r=g","contentUrl":"https:\/\/secure.gravatar.com\/avatar\/910fcf6728fe95320e07a6643c1581fec1c7fc4bf8ae12e3d8f0d0373dc844be?s=96&d=mm&r=g","caption":"Jorge Mi\u00f1o"},"sameAs":["http:\/\/radioinfinitagoya.com.ar"]}]}},"_links":{"self":[{"href":"https:\/\/radioinfinitagoya.com.ar\/v1\/wp-json\/wp\/v2\/posts\/195984","targetHints":{"allow":["GET"]}}],"collection":[{"href":"https:\/\/radioinfinitagoya.com.ar\/v1\/wp-json\/wp\/v2\/posts"}],"about":[{"href":"https:\/\/radioinfinitagoya.com.ar\/v1\/wp-json\/wp\/v2\/types\/post"}],"author":[{"embeddable":true,"href":"https:\/\/radioinfinitagoya.com.ar\/v1\/wp-json\/wp\/v2\/users\/4"}],"replies":[{"embeddable":true,"href":"https:\/\/radioinfinitagoya.com.ar\/v1\/wp-json\/wp\/v2\/comments?post=195984"}],"version-history":[{"count":0,"href":"https:\/\/radioinfinitagoya.com.ar\/v1\/wp-json\/wp\/v2\/posts\/195984\/revisions"}],"wp:featuredmedia":[{"embeddable":true,"href":"https:\/\/radioinfinitagoya.com.ar\/v1\/wp-json\/wp\/v2\/media\/195985"}],"wp:attachment":[{"href":"https:\/\/radioinfinitagoya.com.ar\/v1\/wp-json\/wp\/v2\/media?parent=195984"}],"wp:term":[{"taxonomy":"category","embeddable":true,"href":"https:\/\/radioinfinitagoya.com.ar\/v1\/wp-json\/wp\/v2\/categories?post=195984"},{"taxonomy":"post_tag","embeddable":true,"href":"https:\/\/radioinfinitagoya.com.ar\/v1\/wp-json\/wp\/v2\/tags?post=195984"}],"curies":[{"name":"wp","href":"https:\/\/api.w.org\/{rel}","templated":true}]}}