{"id":195987,"date":"2025-09-16T15:40:33","date_gmt":"2025-09-16T18:40:33","guid":{"rendered":"https:\/\/radioinfinitagoya.com.ar\/v1\/?p=195987"},"modified":"2025-09-16T15:40:33","modified_gmt":"2025-09-16T18:40:33","slug":"villordo-celebro-su-reeleccion-y-destaco-la-buena-relacion-con-juan-pablo-valdes","status":"publish","type":"post","link":"https:\/\/radioinfinitagoya.com.ar\/v1\/2025\/09\/16\/villordo-celebro-su-reeleccion-y-destaco-la-buena-relacion-con-juan-pablo-valdes\/","title":{"rendered":"Villordo celebr\u00f3 su reelecci\u00f3n y destac\u00f3 la buena relaci\u00f3n con Juan Pablo Vald\u00e9s"},"content":{"rendered":"<p>&#8220;La gente evalu\u00f3 y vio que pusimos todo el empe\u00f1o por solucionar problemas estructurales de Santa Luc\u00eda\u201d, se\u00f1al\u00f3 Villordo en di\u00e1logo con Hoja de Ruta.<\/p>\n<p>El intendente de Santa Luc\u00eda, Norberto Villordo, fue reelecto con el 48,9% de los votos y continuar\u00e1 al frente del municipio por un nuevo per\u00edodo. Tras conocerse los resultados, agradeci\u00f3 a la comunidad el respaldo y asegur\u00f3 que la gesti\u00f3n logr\u00f3 avanzar en la resoluci\u00f3n de problemas estructurales de la ciudad.<\/p>\n<p>&#8220;La gente evalu\u00f3 y vio que pusimos todo el empe\u00f1o por solucionar problemas estructurales de Santa Luc\u00eda\u201d, se\u00f1al\u00f3 Villordo en di\u00e1logo con Hoja de Ruta.<\/p>\n<p>M\u00e1s all\u00e1 de la contienda electoral, el jefe comunal tambi\u00e9n puso en valor el v\u00ednculo con su competidor, Juan Pablo Vald\u00e9s, con quien dijo mantener un trato de respeto y di\u00e1logo. \u201cTenemos una buena relaci\u00f3n y eso tambi\u00e9n ayuda a pensar en una pol\u00edtica distinta, donde las diferencias no sean un obst\u00e1culo para seguir trabajando por la ciudad\u201d, afirm\u00f3.<\/p>\n<p>Con estos resultados, Villordo renovar\u00e1 su mandato en Santa Luc\u00eda y adelant\u00f3 que los pr\u00f3ximos a\u00f1os estar\u00e1n centrados en \u201cconsolidar obras claves para el desarrollo local y mejorar la calidad de vida de los vecinos\u201d.<\/p>\n","protected":false},"excerpt":{"rendered":"<p>&#8220;La gente evalu\u00f3 y vio que pusimos todo el empe\u00f1o por solucionar problemas estructurales de Santa Luc\u00eda\u201d, se\u00f1al\u00f3 Villordo en di\u00e1logo con Hoja de Ruta. El intendente de Santa Luc\u00eda, Norberto Villordo, fue reelecto con el 48,9% de los votos y continuar\u00e1 al frente del municipio por un nuevo per\u00edodo. Tras conocerse los resultados, agradeci\u00f3 [&hellip;]<\/p>\n","protected":false},"author":4,"featured_media":195988,"comment_status":"closed","ping_status":"closed","sticky":false,"template":"","format":"standard","meta":{"_joinchat":[],"footnotes":""},"categories":[26],"tags":[],"class_list":{"0":"post-195987","1":"post","2":"type-post","3":"status-publish","4":"format-standard","5":"has-post-thumbnail","7":"category-provinciales"},"yoast_head":"<!-- This site is optimized with the Yoast SEO plugin v27.2 - https:\/\/yoast.com\/product\/yoast-seo-wordpress\/ -->\n<title>Villordo celebr\u00f3 su reelecci\u00f3n y destac\u00f3 la buena relaci\u00f3n con Juan Pablo Vald\u00e9s - Radio Infinita Goya<\/title>\n<meta name=\"description\" content=\"&quot;La gente evalu\u00f3 y vio que pusimos todo el empe\u00f1o por solucionar problemas estructurales de Santa Luc\u00eda\u201d, se\u00f1al\u00f3 Villordo en di\u00e1logo con Hoja de Ruta. El\" \/>\n<meta name=\"robots\" content=\"index, follow, max-snippet:-1, max-image-preview:large, max-video-preview:-1\" \/>\n<link rel=\"canonical\" href=\"https:\/\/radioinfinitagoya.com.ar\/v1\/2025\/09\/16\/villordo-celebro-su-reeleccion-y-destaco-la-buena-relacion-con-juan-pablo-valdes\/\" \/>\n<meta property=\"og:locale\" content=\"es_ES\" \/>\n<meta property=\"og:type\" content=\"article\" \/>\n<meta property=\"og:title\" content=\"Villordo celebr\u00f3 su reelecci\u00f3n y destac\u00f3 la buena relaci\u00f3n con Juan Pablo Vald\u00e9s - Radio Infinita Goya\" \/>\n<meta property=\"og:description\" content=\"&quot;La gente evalu\u00f3 y vio que pusimos todo el empe\u00f1o por solucionar problemas estructurales de Santa Luc\u00eda\u201d, se\u00f1al\u00f3 Villordo en di\u00e1logo con Hoja de Ruta. El\" \/>\n<meta property=\"og:url\" content=\"https:\/\/radioinfinitagoya.com.ar\/v1\/2025\/09\/16\/villordo-celebro-su-reeleccion-y-destaco-la-buena-relacion-con-juan-pablo-valdes\/\" \/>\n<meta property=\"og:site_name\" content=\"Radio Infinita Goya\" \/>\n<meta property=\"article:publisher\" content=\"https:\/\/www.facebook.com\/p\/Infinita-Goya-100063870918311\/\" \/>\n<meta property=\"article:published_time\" content=\"2025-09-16T18:40:33+00:00\" \/>\n<meta property=\"og:image\" content=\"https:\/\/radioinfinitagoya.com.ar\/v1\/wp-content\/uploads\/2025\/09\/1758033958232.webp\" \/>\n\t<meta property=\"og:image:width\" content=\"1200\" \/>\n\t<meta property=\"og:image:height\" content=\"675\" \/>\n\t<meta property=\"og:image:type\" content=\"image\/webp\" \/>\n<meta name=\"author\" content=\"Jorge Mi\u00f1o\" \/>\n<meta name=\"twitter:card\" content=\"summary_large_image\" \/>\n<meta name=\"twitter:label1\" content=\"Escrito por\" \/>\n\t<meta name=\"twitter:data1\" content=\"Jorge Mi\u00f1o\" \/>\n\t<meta name=\"twitter:label2\" content=\"Tiempo de lectura\" \/>\n\t<meta name=\"twitter:data2\" content=\"2 minutos\" \/>\n<script type=\"application\/ld+json\" class=\"yoast-schema-graph\">{\"@context\":\"https:\/\/schema.org\",\"@graph\":[{\"@type\":\"Article\",\"@id\":\"https:\/\/radioinfinitagoya.com.ar\/v1\/2025\/09\/16\/villordo-celebro-su-reeleccion-y-destaco-la-buena-relacion-con-juan-pablo-valdes\/#article\",\"isPartOf\":{\"@id\":\"https:\/\/radioinfinitagoya.com.ar\/v1\/2025\/09\/16\/villordo-celebro-su-reeleccion-y-destaco-la-buena-relacion-con-juan-pablo-valdes\/\"},\"author\":{\"name\":\"Jorge Mi\u00f1o\",\"@id\":\"https:\/\/radioinfinitagoya.com.ar\/v1\/#\/schema\/person\/d4cf9c413d4f6edb24aabdccab49ca4a\"},\"headline\":\"Villordo celebr\u00f3 su reelecci\u00f3n y destac\u00f3 la buena relaci\u00f3n con Juan Pablo Vald\u00e9s\",\"datePublished\":\"2025-09-16T18:40:33+00:00\",\"mainEntityOfPage\":{\"@id\":\"https:\/\/radioinfinitagoya.com.ar\/v1\/2025\/09\/16\/villordo-celebro-su-reeleccion-y-destaco-la-buena-relacion-con-juan-pablo-valdes\/\"},\"wordCount\":235,\"publisher\":{\"@id\":\"https:\/\/radioinfinitagoya.com.ar\/v1\/#organization\"},\"image\":{\"@id\":\"https:\/\/radioinfinitagoya.com.ar\/v1\/2025\/09\/16\/villordo-celebro-su-reeleccion-y-destaco-la-buena-relacion-con-juan-pablo-valdes\/#primaryimage\"},\"thumbnailUrl\":\"https:\/\/radioinfinitagoya.com.ar\/v1\/wp-content\/uploads\/2025\/09\/1758033958232.webp\",\"articleSection\":[\"PROVINCIALES\"],\"inLanguage\":\"es-AR\"},{\"@type\":\"WebPage\",\"@id\":\"https:\/\/radioinfinitagoya.com.ar\/v1\/2025\/09\/16\/villordo-celebro-su-reeleccion-y-destaco-la-buena-relacion-con-juan-pablo-valdes\/\",\"url\":\"https:\/\/radioinfinitagoya.com.ar\/v1\/2025\/09\/16\/villordo-celebro-su-reeleccion-y-destaco-la-buena-relacion-con-juan-pablo-valdes\/\",\"name\":\"Villordo celebr\u00f3 su reelecci\u00f3n y destac\u00f3 la buena relaci\u00f3n con Juan Pablo Vald\u00e9s - Radio Infinita Goya\",\"isPartOf\":{\"@id\":\"https:\/\/radioinfinitagoya.com.ar\/v1\/#website\"},\"primaryImageOfPage\":{\"@id\":\"https:\/\/radioinfinitagoya.com.ar\/v1\/2025\/09\/16\/villordo-celebro-su-reeleccion-y-destaco-la-buena-relacion-con-juan-pablo-valdes\/#primaryimage\"},\"image\":{\"@id\":\"https:\/\/radioinfinitagoya.com.ar\/v1\/2025\/09\/16\/villordo-celebro-su-reeleccion-y-destaco-la-buena-relacion-con-juan-pablo-valdes\/#primaryimage\"},\"thumbnailUrl\":\"https:\/\/radioinfinitagoya.com.ar\/v1\/wp-content\/uploads\/2025\/09\/1758033958232.webp\",\"datePublished\":\"2025-09-16T18:40:33+00:00\",\"description\":\"\\\"La gente evalu\u00f3 y vio que pusimos todo el empe\u00f1o por solucionar problemas estructurales de Santa Luc\u00eda\u201d, se\u00f1al\u00f3 Villordo en di\u00e1logo con Hoja de Ruta. El\",\"breadcrumb\":{\"@id\":\"https:\/\/radioinfinitagoya.com.ar\/v1\/2025\/09\/16\/villordo-celebro-su-reeleccion-y-destaco-la-buena-relacion-con-juan-pablo-valdes\/#breadcrumb\"},\"inLanguage\":\"es-AR\",\"potentialAction\":[{\"@type\":\"ReadAction\",\"target\":[\"https:\/\/radioinfinitagoya.com.ar\/v1\/2025\/09\/16\/villordo-celebro-su-reeleccion-y-destaco-la-buena-relacion-con-juan-pablo-valdes\/\"]}]},{\"@type\":\"ImageObject\",\"inLanguage\":\"es-AR\",\"@id\":\"https:\/\/radioinfinitagoya.com.ar\/v1\/2025\/09\/16\/villordo-celebro-su-reeleccion-y-destaco-la-buena-relacion-con-juan-pablo-valdes\/#primaryimage\",\"url\":\"https:\/\/radioinfinitagoya.com.ar\/v1\/wp-content\/uploads\/2025\/09\/1758033958232.webp\",\"contentUrl\":\"https:\/\/radioinfinitagoya.com.ar\/v1\/wp-content\/uploads\/2025\/09\/1758033958232.webp\",\"width\":1200,\"height\":675},{\"@type\":\"BreadcrumbList\",\"@id\":\"https:\/\/radioinfinitagoya.com.ar\/v1\/2025\/09\/16\/villordo-celebro-su-reeleccion-y-destaco-la-buena-relacion-con-juan-pablo-valdes\/#breadcrumb\",\"itemListElement\":[{\"@type\":\"ListItem\",\"position\":1,\"name\":\"Inicio\",\"item\":\"https:\/\/radioinfinitagoya.com.ar\/v1\/\"},{\"@type\":\"ListItem\",\"position\":2,\"name\":\"Villordo celebr\u00f3 su reelecci\u00f3n y destac\u00f3 la buena relaci\u00f3n con Juan Pablo Vald\u00e9s\"}]},{\"@type\":\"WebSite\",\"@id\":\"https:\/\/radioinfinitagoya.com.ar\/v1\/#website\",\"url\":\"https:\/\/radioinfinitagoya.com.ar\/v1\/\",\"name\":\"radioinfinitagoya.com.ar\",\"description\":\"Radio de noticias\",\"publisher\":{\"@id\":\"https:\/\/radioinfinitagoya.com.ar\/v1\/#organization\"},\"potentialAction\":[{\"@type\":\"SearchAction\",\"target\":{\"@type\":\"EntryPoint\",\"urlTemplate\":\"https:\/\/radioinfinitagoya.com.ar\/v1\/?s={search_term_string}\"},\"query-input\":{\"@type\":\"PropertyValueSpecification\",\"valueRequired\":true,\"valueName\":\"search_term_string\"}}],\"inLanguage\":\"es-AR\"},{\"@type\":\"Organization\",\"@id\":\"https:\/\/radioinfinitagoya.com.ar\/v1\/#organization\",\"name\":\"Radio Infinita Goya\",\"url\":\"https:\/\/radioinfinitagoya.com.ar\/v1\/\",\"logo\":{\"@type\":\"ImageObject\",\"inLanguage\":\"es-AR\",\"@id\":\"https:\/\/radioinfinitagoya.com.ar\/v1\/#\/schema\/logo\/image\/\",\"url\":\"https:\/\/radioinfinitagoya.com.ar\/v1\/wp-content\/uploads\/2019\/11\/logo-pie-web.png\",\"contentUrl\":\"https:\/\/radioinfinitagoya.com.ar\/v1\/wp-content\/uploads\/2019\/11\/logo-pie-web.png\",\"width\":635,\"height\":326,\"caption\":\"Radio Infinita Goya\"},\"image\":{\"@id\":\"https:\/\/radioinfinitagoya.com.ar\/v1\/#\/schema\/logo\/image\/\"},\"sameAs\":[\"https:\/\/www.facebook.com\/p\/Infinita-Goya-100063870918311\/\"]},{\"@type\":\"Person\",\"@id\":\"https:\/\/radioinfinitagoya.com.ar\/v1\/#\/schema\/person\/d4cf9c413d4f6edb24aabdccab49ca4a\",\"name\":\"Jorge Mi\u00f1o\",\"image\":{\"@type\":\"ImageObject\",\"inLanguage\":\"es-AR\",\"@id\":\"https:\/\/secure.gravatar.com\/avatar\/910fcf6728fe95320e07a6643c1581fec1c7fc4bf8ae12e3d8f0d0373dc844be?s=96&d=mm&r=g\",\"url\":\"https:\/\/secure.gravatar.com\/avatar\/910fcf6728fe95320e07a6643c1581fec1c7fc4bf8ae12e3d8f0d0373dc844be?s=96&d=mm&r=g\",\"contentUrl\":\"https:\/\/secure.gravatar.com\/avatar\/910fcf6728fe95320e07a6643c1581fec1c7fc4bf8ae12e3d8f0d0373dc844be?s=96&d=mm&r=g\",\"caption\":\"Jorge Mi\u00f1o\"},\"sameAs\":[\"http:\/\/radioinfinitagoya.com.ar\"]}]}<\/script>\n<!-- \/ Yoast SEO plugin. -->","yoast_head_json":{"title":"Villordo celebr\u00f3 su reelecci\u00f3n y destac\u00f3 la buena relaci\u00f3n con Juan Pablo Vald\u00e9s - Radio Infinita Goya","description":"\"La gente evalu\u00f3 y vio que pusimos todo el empe\u00f1o por solucionar problemas estructurales de Santa Luc\u00eda\u201d, se\u00f1al\u00f3 Villordo en di\u00e1logo con Hoja de Ruta. El","robots":{"index":"index","follow":"follow","max-snippet":"max-snippet:-1","max-image-preview":"max-image-preview:large","max-video-preview":"max-video-preview:-1"},"canonical":"https:\/\/radioinfinitagoya.com.ar\/v1\/2025\/09\/16\/villordo-celebro-su-reeleccion-y-destaco-la-buena-relacion-con-juan-pablo-valdes\/","og_locale":"es_ES","og_type":"article","og_title":"Villordo celebr\u00f3 su reelecci\u00f3n y destac\u00f3 la buena relaci\u00f3n con Juan Pablo Vald\u00e9s - Radio Infinita Goya","og_description":"\"La gente evalu\u00f3 y vio que pusimos todo el empe\u00f1o por solucionar problemas estructurales de Santa Luc\u00eda\u201d, se\u00f1al\u00f3 Villordo en di\u00e1logo con Hoja de Ruta. El","og_url":"https:\/\/radioinfinitagoya.com.ar\/v1\/2025\/09\/16\/villordo-celebro-su-reeleccion-y-destaco-la-buena-relacion-con-juan-pablo-valdes\/","og_site_name":"Radio Infinita Goya","article_publisher":"https:\/\/www.facebook.com\/p\/Infinita-Goya-100063870918311\/","article_published_time":"2025-09-16T18:40:33+00:00","og_image":[{"width":1200,"height":675,"url":"https:\/\/radioinfinitagoya.com.ar\/v1\/wp-content\/uploads\/2025\/09\/1758033958232.webp","type":"image\/webp"}],"author":"Jorge Mi\u00f1o","twitter_card":"summary_large_image","twitter_misc":{"Escrito por":"Jorge Mi\u00f1o","Tiempo de lectura":"2 minutos"},"schema":{"@context":"https:\/\/schema.org","@graph":[{"@type":"Article","@id":"https:\/\/radioinfinitagoya.com.ar\/v1\/2025\/09\/16\/villordo-celebro-su-reeleccion-y-destaco-la-buena-relacion-con-juan-pablo-valdes\/#article","isPartOf":{"@id":"https:\/\/radioinfinitagoya.com.ar\/v1\/2025\/09\/16\/villordo-celebro-su-reeleccion-y-destaco-la-buena-relacion-con-juan-pablo-valdes\/"},"author":{"name":"Jorge Mi\u00f1o","@id":"https:\/\/radioinfinitagoya.com.ar\/v1\/#\/schema\/person\/d4cf9c413d4f6edb24aabdccab49ca4a"},"headline":"Villordo celebr\u00f3 su reelecci\u00f3n y destac\u00f3 la buena relaci\u00f3n con Juan Pablo Vald\u00e9s","datePublished":"2025-09-16T18:40:33+00:00","mainEntityOfPage":{"@id":"https:\/\/radioinfinitagoya.com.ar\/v1\/2025\/09\/16\/villordo-celebro-su-reeleccion-y-destaco-la-buena-relacion-con-juan-pablo-valdes\/"},"wordCount":235,"publisher":{"@id":"https:\/\/radioinfinitagoya.com.ar\/v1\/#organization"},"image":{"@id":"https:\/\/radioinfinitagoya.com.ar\/v1\/2025\/09\/16\/villordo-celebro-su-reeleccion-y-destaco-la-buena-relacion-con-juan-pablo-valdes\/#primaryimage"},"thumbnailUrl":"https:\/\/radioinfinitagoya.com.ar\/v1\/wp-content\/uploads\/2025\/09\/1758033958232.webp","articleSection":["PROVINCIALES"],"inLanguage":"es-AR"},{"@type":"WebPage","@id":"https:\/\/radioinfinitagoya.com.ar\/v1\/2025\/09\/16\/villordo-celebro-su-reeleccion-y-destaco-la-buena-relacion-con-juan-pablo-valdes\/","url":"https:\/\/radioinfinitagoya.com.ar\/v1\/2025\/09\/16\/villordo-celebro-su-reeleccion-y-destaco-la-buena-relacion-con-juan-pablo-valdes\/","name":"Villordo celebr\u00f3 su reelecci\u00f3n y destac\u00f3 la buena relaci\u00f3n con Juan Pablo Vald\u00e9s - Radio Infinita Goya","isPartOf":{"@id":"https:\/\/radioinfinitagoya.com.ar\/v1\/#website"},"primaryImageOfPage":{"@id":"https:\/\/radioinfinitagoya.com.ar\/v1\/2025\/09\/16\/villordo-celebro-su-reeleccion-y-destaco-la-buena-relacion-con-juan-pablo-valdes\/#primaryimage"},"image":{"@id":"https:\/\/radioinfinitagoya.com.ar\/v1\/2025\/09\/16\/villordo-celebro-su-reeleccion-y-destaco-la-buena-relacion-con-juan-pablo-valdes\/#primaryimage"},"thumbnailUrl":"https:\/\/radioinfinitagoya.com.ar\/v1\/wp-content\/uploads\/2025\/09\/1758033958232.webp","datePublished":"2025-09-16T18:40:33+00:00","description":"\"La gente evalu\u00f3 y vio que pusimos todo el empe\u00f1o por solucionar problemas estructurales de Santa Luc\u00eda\u201d, se\u00f1al\u00f3 Villordo en di\u00e1logo con Hoja de Ruta. El","breadcrumb":{"@id":"https:\/\/radioinfinitagoya.com.ar\/v1\/2025\/09\/16\/villordo-celebro-su-reeleccion-y-destaco-la-buena-relacion-con-juan-pablo-valdes\/#breadcrumb"},"inLanguage":"es-AR","potentialAction":[{"@type":"ReadAction","target":["https:\/\/radioinfinitagoya.com.ar\/v1\/2025\/09\/16\/villordo-celebro-su-reeleccion-y-destaco-la-buena-relacion-con-juan-pablo-valdes\/"]}]},{"@type":"ImageObject","inLanguage":"es-AR","@id":"https:\/\/radioinfinitagoya.com.ar\/v1\/2025\/09\/16\/villordo-celebro-su-reeleccion-y-destaco-la-buena-relacion-con-juan-pablo-valdes\/#primaryimage","url":"https:\/\/radioinfinitagoya.com.ar\/v1\/wp-content\/uploads\/2025\/09\/1758033958232.webp","contentUrl":"https:\/\/radioinfinitagoya.com.ar\/v1\/wp-content\/uploads\/2025\/09\/1758033958232.webp","width":1200,"height":675},{"@type":"BreadcrumbList","@id":"https:\/\/radioinfinitagoya.com.ar\/v1\/2025\/09\/16\/villordo-celebro-su-reeleccion-y-destaco-la-buena-relacion-con-juan-pablo-valdes\/#breadcrumb","itemListElement":[{"@type":"ListItem","position":1,"name":"Inicio","item":"https:\/\/radioinfinitagoya.com.ar\/v1\/"},{"@type":"ListItem","position":2,"name":"Villordo celebr\u00f3 su reelecci\u00f3n y destac\u00f3 la buena relaci\u00f3n con Juan Pablo Vald\u00e9s"}]},{"@type":"WebSite","@id":"https:\/\/radioinfinitagoya.com.ar\/v1\/#website","url":"https:\/\/radioinfinitagoya.com.ar\/v1\/","name":"radioinfinitagoya.com.ar","description":"Radio de noticias","publisher":{"@id":"https:\/\/radioinfinitagoya.com.ar\/v1\/#organization"},"potentialAction":[{"@type":"SearchAction","target":{"@type":"EntryPoint","urlTemplate":"https:\/\/radioinfinitagoya.com.ar\/v1\/?s={search_term_string}"},"query-input":{"@type":"PropertyValueSpecification","valueRequired":true,"valueName":"search_term_string"}}],"inLanguage":"es-AR"},{"@type":"Organization","@id":"https:\/\/radioinfinitagoya.com.ar\/v1\/#organization","name":"Radio Infinita Goya","url":"https:\/\/radioinfinitagoya.com.ar\/v1\/","logo":{"@type":"ImageObject","inLanguage":"es-AR","@id":"https:\/\/radioinfinitagoya.com.ar\/v1\/#\/schema\/logo\/image\/","url":"https:\/\/radioinfinitagoya.com.ar\/v1\/wp-content\/uploads\/2019\/11\/logo-pie-web.png","contentUrl":"https:\/\/radioinfinitagoya.com.ar\/v1\/wp-content\/uploads\/2019\/11\/logo-pie-web.png","width":635,"height":326,"caption":"Radio Infinita Goya"},"image":{"@id":"https:\/\/radioinfinitagoya.com.ar\/v1\/#\/schema\/logo\/image\/"},"sameAs":["https:\/\/www.facebook.com\/p\/Infinita-Goya-100063870918311\/"]},{"@type":"Person","@id":"https:\/\/radioinfinitagoya.com.ar\/v1\/#\/schema\/person\/d4cf9c413d4f6edb24aabdccab49ca4a","name":"Jorge Mi\u00f1o","image":{"@type":"ImageObject","inLanguage":"es-AR","@id":"https:\/\/secure.gravatar.com\/avatar\/910fcf6728fe95320e07a6643c1581fec1c7fc4bf8ae12e3d8f0d0373dc844be?s=96&d=mm&r=g","url":"https:\/\/secure.gravatar.com\/avatar\/910fcf6728fe95320e07a6643c1581fec1c7fc4bf8ae12e3d8f0d0373dc844be?s=96&d=mm&r=g","contentUrl":"https:\/\/secure.gravatar.com\/avatar\/910fcf6728fe95320e07a6643c1581fec1c7fc4bf8ae12e3d8f0d0373dc844be?s=96&d=mm&r=g","caption":"Jorge Mi\u00f1o"},"sameAs":["http:\/\/radioinfinitagoya.com.ar"]}]}},"_links":{"self":[{"href":"https:\/\/radioinfinitagoya.com.ar\/v1\/wp-json\/wp\/v2\/posts\/195987","targetHints":{"allow":["GET"]}}],"collection":[{"href":"https:\/\/radioinfinitagoya.com.ar\/v1\/wp-json\/wp\/v2\/posts"}],"about":[{"href":"https:\/\/radioinfinitagoya.com.ar\/v1\/wp-json\/wp\/v2\/types\/post"}],"author":[{"embeddable":true,"href":"https:\/\/radioinfinitagoya.com.ar\/v1\/wp-json\/wp\/v2\/users\/4"}],"replies":[{"embeddable":true,"href":"https:\/\/radioinfinitagoya.com.ar\/v1\/wp-json\/wp\/v2\/comments?post=195987"}],"version-history":[{"count":0,"href":"https:\/\/radioinfinitagoya.com.ar\/v1\/wp-json\/wp\/v2\/posts\/195987\/revisions"}],"wp:featuredmedia":[{"embeddable":true,"href":"https:\/\/radioinfinitagoya.com.ar\/v1\/wp-json\/wp\/v2\/media\/195988"}],"wp:attachment":[{"href":"https:\/\/radioinfinitagoya.com.ar\/v1\/wp-json\/wp\/v2\/media?parent=195987"}],"wp:term":[{"taxonomy":"category","embeddable":true,"href":"https:\/\/radioinfinitagoya.com.ar\/v1\/wp-json\/wp\/v2\/categories?post=195987"},{"taxonomy":"post_tag","embeddable":true,"href":"https:\/\/radioinfinitagoya.com.ar\/v1\/wp-json\/wp\/v2\/tags?post=195987"}],"curies":[{"name":"wp","href":"https:\/\/api.w.org\/{rel}","templated":true}]}}