{"id":195996,"date":"2025-09-16T15:54:56","date_gmt":"2025-09-16T18:54:56","guid":{"rendered":"https:\/\/radioinfinitagoya.com.ar\/v1\/?p=195996"},"modified":"2025-09-16T15:54:56","modified_gmt":"2025-09-16T18:54:56","slug":"la-justicia-electoral-elimino-a-cristina-kirchner-del-padron","status":"publish","type":"post","link":"https:\/\/radioinfinitagoya.com.ar\/v1\/2025\/09\/16\/la-justicia-electoral-elimino-a-cristina-kirchner-del-padron\/","title":{"rendered":"La Justicia electoral elimin\u00f3 a Cristina Kirchner del padr\u00f3n"},"content":{"rendered":"<p>Los jueces dejaron sin efecto la decisi\u00f3n de una magistrada de Santa Cruz de mantenerla en el padr\u00f3n electoral. La Corte Suprema hab\u00eda dejado firme la condena a 6 a\u00f1os de c\u00e1rcel contra la exvicepresidenta en la causa Vialidad.<\/p>\n<p>La C\u00e1mara Nacional Electoral revoc\u00f3 este lunes el fallo que habilitaba a Cristina Kirchner a votar en las elecciones legislativas de octubre.<\/p>\n<p>Los jueces Santiago Corcuera, Alberto Dalla V\u00eda y Daniel Bejas dej\u00f3 sin efecto la decisi\u00f3n de la jueza Mariel Borruto que orden\u00f3 mantenerla en el padr\u00f3n electoral de Santa Cruz a pesar de la condena en la causa Vialidad.<\/p>\n<p>Tras la confirmaci\u00f3n de la condena en su contra, la CNE envi\u00f3 la notificaci\u00f3n correspondiente para que Cristina Kirchner sea excluida del padr\u00f3n, pero el Juzgado Federal de R\u00edo Gallegos decidi\u00f3 mantenerla, al sostener que \u201cprivar el derecho a votar infringe los est\u00e1ndares de nuestro m\u00e1s alto tribunal, ello sin perder de vista que las normas cuestionadas no superan los est\u00e1ndares de legalidad, necesidad y proporcionalidad, exigidos por la Corte Interamericana de Derechos Humanos\u201d.<\/p>\n<p>En Argentina, una persona condenada penalmente con pena de prisi\u00f3n mayor a tres a\u00f1os queda inhabilitada para votar por aplicaci\u00f3n autom\u00e1tica de los art\u00edculos 12 y 19 del C\u00f3digo Penal y del art\u00edculo 3 inciso e) del C\u00f3digo Nacional Electoral.<\/p>\n<p>Si bien la CNE declar\u00f3 inconstitucional la aplicaci\u00f3n autom\u00e1tica de la prohibici\u00f3n, consider\u00f3, en este caso, que \u201cresulta factible que en ciertos casos el legislador pueda considerar justificada la aplicaci\u00f3n de la pena accesoria de inhabilitaci\u00f3n\u201d, como en delitos de corrupci\u00f3n, crimen organizado, lavado de activos, malversaci\u00f3n de fondos p\u00fablicos, defraudaci\u00f3n contra la administraci\u00f3n p\u00fablica, entre otros.<\/p>\n<p>\u201cDesde esa comprensi\u00f3n, el Tribunal mantuvo siempre una posici\u00f3n respetuosa de las potestades del legislador para reglamentar el derecho de sufragio de las personas afectadas por las normas cuya inconstitucionalidad declar\u00f3\u201d, profundizaron los camaristas.<\/p>\n<p>Los jueces destacaron que se debe atender el tipo y la naturaleza del delito que motiva la inhabilitaci\u00f3n y a las distintas circunstancias procesales o f\u00e1cticas de los involucrados. En este caso, agregaron, la Justicia de primera instancia debe proceder a registrar la inhabilitaci\u00f3n solicitada con fundamento en la condena penal comunicada.<\/p>\n<p>La decisi\u00f3n de la Justicia de Santa Cruz<br \/>\nPara mantener a CFK en el padr\u00f3n, la jueza de Santa Cruz utiliz\u00f3 jurisprudencia de la CNE, como el Caso Zelaya, donde se resolvi\u00f3 que esas normas violan derechos fundamentales, como el derecho al voto, la igualdad, la dignidad humana y el principio de resocializaci\u00f3n.<\/p>\n<p>\u201cEl derecho a elegir libremente a un representante, as\u00ed como el derecho de los ciudadanos a participar en los asuntos p\u00fablicos y elegir libremente a sus gobernantes, integra el universo de Derechos Humanos reconocidos en los principales Instrumentos Internacionales que nuestro pa\u00eds incorpor\u00f3 al derecho interno con jerarqu\u00eda constitucional\u201d, sostuvo el fallo citado por la jueza.<\/p>\n<p>Le\u00e9 tambi\u00e9n: Un empleado del laboratorio de Furfaro afirm\u00f3 que la jefa de control hab\u00eda detectado el fentanilo contaminado<\/p>\n<p>\u201cEn virtud de lo expuesto, encuadrando la situaci\u00f3n de la ciudadana de autos en los precedentes citados, es que corresponde en este caso, mantener su situaci\u00f3n registral como electora activa en este distrito, al solo efecto de ejercer su sufragio\u201d, asegur\u00f3 la magistrada.<\/p>\n<p>La CNE admiti\u00f3 en reiteradas oportunidades quejas por la prohibici\u00f3n autom\u00e1tica que ordena la ley aunque justific\u00f3 su aplicaci\u00f3n en delitos graves como lavado de activos, malversaci\u00f3n de fondos p\u00fablicos, narcotr\u00e1fico, defraudaci\u00f3n contra la administraci\u00f3n p\u00fablica o corrupci\u00f3n, delito por el que fue condenada Cristina Kirchner.<\/p>\n","protected":false},"excerpt":{"rendered":"<p>Los jueces dejaron sin efecto la decisi\u00f3n de una magistrada de Santa Cruz de mantenerla en el padr\u00f3n electoral. La Corte Suprema hab\u00eda dejado firme la condena a 6 a\u00f1os de c\u00e1rcel contra la exvicepresidenta en la causa Vialidad. La C\u00e1mara Nacional Electoral revoc\u00f3 este lunes el fallo que habilitaba a Cristina Kirchner a votar [&hellip;]<\/p>\n","protected":false},"author":4,"featured_media":195997,"comment_status":"closed","ping_status":"closed","sticky":false,"template":"","format":"standard","meta":{"_joinchat":[],"footnotes":""},"categories":[29],"tags":[],"class_list":{"0":"post-195996","1":"post","2":"type-post","3":"status-publish","4":"format-standard","5":"has-post-thumbnail","7":"category-nacionales"},"yoast_head":"<!-- This site is optimized with the Yoast SEO plugin v27.2 - https:\/\/yoast.com\/product\/yoast-seo-wordpress\/ -->\n<title>La Justicia electoral elimin\u00f3 a Cristina Kirchner del padr\u00f3n - Radio Infinita Goya<\/title>\n<meta name=\"description\" content=\"Los jueces dejaron sin efecto la decisi\u00f3n de una magistrada de Santa Cruz de mantenerla en el padr\u00f3n electoral. La Corte Suprema hab\u00eda dejado firme la\" \/>\n<meta name=\"robots\" content=\"index, follow, max-snippet:-1, max-image-preview:large, max-video-preview:-1\" \/>\n<link rel=\"canonical\" href=\"https:\/\/radioinfinitagoya.com.ar\/v1\/2025\/09\/16\/la-justicia-electoral-elimino-a-cristina-kirchner-del-padron\/\" \/>\n<meta property=\"og:locale\" content=\"es_ES\" \/>\n<meta property=\"og:type\" content=\"article\" \/>\n<meta property=\"og:title\" content=\"La Justicia electoral elimin\u00f3 a Cristina Kirchner del padr\u00f3n - Radio Infinita Goya\" \/>\n<meta property=\"og:description\" content=\"Los jueces dejaron sin efecto la decisi\u00f3n de una magistrada de Santa Cruz de mantenerla en el padr\u00f3n electoral. La Corte Suprema hab\u00eda dejado firme la\" \/>\n<meta property=\"og:url\" content=\"https:\/\/radioinfinitagoya.com.ar\/v1\/2025\/09\/16\/la-justicia-electoral-elimino-a-cristina-kirchner-del-padron\/\" \/>\n<meta property=\"og:site_name\" content=\"Radio Infinita Goya\" \/>\n<meta property=\"article:publisher\" content=\"https:\/\/www.facebook.com\/p\/Infinita-Goya-100063870918311\/\" \/>\n<meta property=\"article:published_time\" content=\"2025-09-16T18:54:56+00:00\" \/>\n<meta property=\"og:image\" content=\"https:\/\/radioinfinitagoya.com.ar\/v1\/wp-content\/uploads\/2025\/09\/pP0Rs0S7.jpg\" \/>\n\t<meta property=\"og:image:width\" content=\"680\" \/>\n\t<meta property=\"og:image:height\" content=\"453\" \/>\n\t<meta property=\"og:image:type\" content=\"image\/jpeg\" \/>\n<meta name=\"author\" content=\"Jorge Mi\u00f1o\" \/>\n<meta name=\"twitter:card\" content=\"summary_large_image\" \/>\n<meta name=\"twitter:label1\" content=\"Escrito por\" \/>\n\t<meta name=\"twitter:data1\" content=\"Jorge Mi\u00f1o\" \/>\n\t<meta name=\"twitter:label2\" content=\"Tiempo de lectura\" \/>\n\t<meta name=\"twitter:data2\" content=\"3 minutos\" \/>\n<script type=\"application\/ld+json\" class=\"yoast-schema-graph\">{\"@context\":\"https:\/\/schema.org\",\"@graph\":[{\"@type\":\"Article\",\"@id\":\"https:\/\/radioinfinitagoya.com.ar\/v1\/2025\/09\/16\/la-justicia-electoral-elimino-a-cristina-kirchner-del-padron\/#article\",\"isPartOf\":{\"@id\":\"https:\/\/radioinfinitagoya.com.ar\/v1\/2025\/09\/16\/la-justicia-electoral-elimino-a-cristina-kirchner-del-padron\/\"},\"author\":{\"name\":\"Jorge Mi\u00f1o\",\"@id\":\"https:\/\/radioinfinitagoya.com.ar\/v1\/#\/schema\/person\/d4cf9c413d4f6edb24aabdccab49ca4a\"},\"headline\":\"La Justicia electoral elimin\u00f3 a Cristina Kirchner del padr\u00f3n\",\"datePublished\":\"2025-09-16T18:54:56+00:00\",\"mainEntityOfPage\":{\"@id\":\"https:\/\/radioinfinitagoya.com.ar\/v1\/2025\/09\/16\/la-justicia-electoral-elimino-a-cristina-kirchner-del-padron\/\"},\"wordCount\":640,\"publisher\":{\"@id\":\"https:\/\/radioinfinitagoya.com.ar\/v1\/#organization\"},\"image\":{\"@id\":\"https:\/\/radioinfinitagoya.com.ar\/v1\/2025\/09\/16\/la-justicia-electoral-elimino-a-cristina-kirchner-del-padron\/#primaryimage\"},\"thumbnailUrl\":\"https:\/\/radioinfinitagoya.com.ar\/v1\/wp-content\/uploads\/2025\/09\/pP0Rs0S7.jpg\",\"articleSection\":[\"NACIONALES\"],\"inLanguage\":\"es-AR\"},{\"@type\":\"WebPage\",\"@id\":\"https:\/\/radioinfinitagoya.com.ar\/v1\/2025\/09\/16\/la-justicia-electoral-elimino-a-cristina-kirchner-del-padron\/\",\"url\":\"https:\/\/radioinfinitagoya.com.ar\/v1\/2025\/09\/16\/la-justicia-electoral-elimino-a-cristina-kirchner-del-padron\/\",\"name\":\"La Justicia electoral elimin\u00f3 a Cristina Kirchner del padr\u00f3n - Radio Infinita Goya\",\"isPartOf\":{\"@id\":\"https:\/\/radioinfinitagoya.com.ar\/v1\/#website\"},\"primaryImageOfPage\":{\"@id\":\"https:\/\/radioinfinitagoya.com.ar\/v1\/2025\/09\/16\/la-justicia-electoral-elimino-a-cristina-kirchner-del-padron\/#primaryimage\"},\"image\":{\"@id\":\"https:\/\/radioinfinitagoya.com.ar\/v1\/2025\/09\/16\/la-justicia-electoral-elimino-a-cristina-kirchner-del-padron\/#primaryimage\"},\"thumbnailUrl\":\"https:\/\/radioinfinitagoya.com.ar\/v1\/wp-content\/uploads\/2025\/09\/pP0Rs0S7.jpg\",\"datePublished\":\"2025-09-16T18:54:56+00:00\",\"description\":\"Los jueces dejaron sin efecto la decisi\u00f3n de una magistrada de Santa Cruz de mantenerla en el padr\u00f3n electoral. La Corte Suprema hab\u00eda dejado firme la\",\"breadcrumb\":{\"@id\":\"https:\/\/radioinfinitagoya.com.ar\/v1\/2025\/09\/16\/la-justicia-electoral-elimino-a-cristina-kirchner-del-padron\/#breadcrumb\"},\"inLanguage\":\"es-AR\",\"potentialAction\":[{\"@type\":\"ReadAction\",\"target\":[\"https:\/\/radioinfinitagoya.com.ar\/v1\/2025\/09\/16\/la-justicia-electoral-elimino-a-cristina-kirchner-del-padron\/\"]}]},{\"@type\":\"ImageObject\",\"inLanguage\":\"es-AR\",\"@id\":\"https:\/\/radioinfinitagoya.com.ar\/v1\/2025\/09\/16\/la-justicia-electoral-elimino-a-cristina-kirchner-del-padron\/#primaryimage\",\"url\":\"https:\/\/radioinfinitagoya.com.ar\/v1\/wp-content\/uploads\/2025\/09\/pP0Rs0S7.jpg\",\"contentUrl\":\"https:\/\/radioinfinitagoya.com.ar\/v1\/wp-content\/uploads\/2025\/09\/pP0Rs0S7.jpg\",\"width\":680,\"height\":453},{\"@type\":\"BreadcrumbList\",\"@id\":\"https:\/\/radioinfinitagoya.com.ar\/v1\/2025\/09\/16\/la-justicia-electoral-elimino-a-cristina-kirchner-del-padron\/#breadcrumb\",\"itemListElement\":[{\"@type\":\"ListItem\",\"position\":1,\"name\":\"Inicio\",\"item\":\"https:\/\/radioinfinitagoya.com.ar\/v1\/\"},{\"@type\":\"ListItem\",\"position\":2,\"name\":\"La Justicia electoral elimin\u00f3 a Cristina Kirchner del padr\u00f3n\"}]},{\"@type\":\"WebSite\",\"@id\":\"https:\/\/radioinfinitagoya.com.ar\/v1\/#website\",\"url\":\"https:\/\/radioinfinitagoya.com.ar\/v1\/\",\"name\":\"radioinfinitagoya.com.ar\",\"description\":\"Radio de noticias\",\"publisher\":{\"@id\":\"https:\/\/radioinfinitagoya.com.ar\/v1\/#organization\"},\"potentialAction\":[{\"@type\":\"SearchAction\",\"target\":{\"@type\":\"EntryPoint\",\"urlTemplate\":\"https:\/\/radioinfinitagoya.com.ar\/v1\/?s={search_term_string}\"},\"query-input\":{\"@type\":\"PropertyValueSpecification\",\"valueRequired\":true,\"valueName\":\"search_term_string\"}}],\"inLanguage\":\"es-AR\"},{\"@type\":\"Organization\",\"@id\":\"https:\/\/radioinfinitagoya.com.ar\/v1\/#organization\",\"name\":\"Radio Infinita Goya\",\"url\":\"https:\/\/radioinfinitagoya.com.ar\/v1\/\",\"logo\":{\"@type\":\"ImageObject\",\"inLanguage\":\"es-AR\",\"@id\":\"https:\/\/radioinfinitagoya.com.ar\/v1\/#\/schema\/logo\/image\/\",\"url\":\"https:\/\/radioinfinitagoya.com.ar\/v1\/wp-content\/uploads\/2019\/11\/logo-pie-web.png\",\"contentUrl\":\"https:\/\/radioinfinitagoya.com.ar\/v1\/wp-content\/uploads\/2019\/11\/logo-pie-web.png\",\"width\":635,\"height\":326,\"caption\":\"Radio Infinita Goya\"},\"image\":{\"@id\":\"https:\/\/radioinfinitagoya.com.ar\/v1\/#\/schema\/logo\/image\/\"},\"sameAs\":[\"https:\/\/www.facebook.com\/p\/Infinita-Goya-100063870918311\/\"]},{\"@type\":\"Person\",\"@id\":\"https:\/\/radioinfinitagoya.com.ar\/v1\/#\/schema\/person\/d4cf9c413d4f6edb24aabdccab49ca4a\",\"name\":\"Jorge Mi\u00f1o\",\"image\":{\"@type\":\"ImageObject\",\"inLanguage\":\"es-AR\",\"@id\":\"https:\/\/secure.gravatar.com\/avatar\/910fcf6728fe95320e07a6643c1581fec1c7fc4bf8ae12e3d8f0d0373dc844be?s=96&d=mm&r=g\",\"url\":\"https:\/\/secure.gravatar.com\/avatar\/910fcf6728fe95320e07a6643c1581fec1c7fc4bf8ae12e3d8f0d0373dc844be?s=96&d=mm&r=g\",\"contentUrl\":\"https:\/\/secure.gravatar.com\/avatar\/910fcf6728fe95320e07a6643c1581fec1c7fc4bf8ae12e3d8f0d0373dc844be?s=96&d=mm&r=g\",\"caption\":\"Jorge Mi\u00f1o\"},\"sameAs\":[\"http:\/\/radioinfinitagoya.com.ar\"]}]}<\/script>\n<!-- \/ Yoast SEO plugin. -->","yoast_head_json":{"title":"La Justicia electoral elimin\u00f3 a Cristina Kirchner del padr\u00f3n - Radio Infinita Goya","description":"Los jueces dejaron sin efecto la decisi\u00f3n de una magistrada de Santa Cruz de mantenerla en el padr\u00f3n electoral. La Corte Suprema hab\u00eda dejado firme la","robots":{"index":"index","follow":"follow","max-snippet":"max-snippet:-1","max-image-preview":"max-image-preview:large","max-video-preview":"max-video-preview:-1"},"canonical":"https:\/\/radioinfinitagoya.com.ar\/v1\/2025\/09\/16\/la-justicia-electoral-elimino-a-cristina-kirchner-del-padron\/","og_locale":"es_ES","og_type":"article","og_title":"La Justicia electoral elimin\u00f3 a Cristina Kirchner del padr\u00f3n - Radio Infinita Goya","og_description":"Los jueces dejaron sin efecto la decisi\u00f3n de una magistrada de Santa Cruz de mantenerla en el padr\u00f3n electoral. La Corte Suprema hab\u00eda dejado firme la","og_url":"https:\/\/radioinfinitagoya.com.ar\/v1\/2025\/09\/16\/la-justicia-electoral-elimino-a-cristina-kirchner-del-padron\/","og_site_name":"Radio Infinita Goya","article_publisher":"https:\/\/www.facebook.com\/p\/Infinita-Goya-100063870918311\/","article_published_time":"2025-09-16T18:54:56+00:00","og_image":[{"width":680,"height":453,"url":"https:\/\/radioinfinitagoya.com.ar\/v1\/wp-content\/uploads\/2025\/09\/pP0Rs0S7.jpg","type":"image\/jpeg"}],"author":"Jorge Mi\u00f1o","twitter_card":"summary_large_image","twitter_misc":{"Escrito por":"Jorge Mi\u00f1o","Tiempo de lectura":"3 minutos"},"schema":{"@context":"https:\/\/schema.org","@graph":[{"@type":"Article","@id":"https:\/\/radioinfinitagoya.com.ar\/v1\/2025\/09\/16\/la-justicia-electoral-elimino-a-cristina-kirchner-del-padron\/#article","isPartOf":{"@id":"https:\/\/radioinfinitagoya.com.ar\/v1\/2025\/09\/16\/la-justicia-electoral-elimino-a-cristina-kirchner-del-padron\/"},"author":{"name":"Jorge Mi\u00f1o","@id":"https:\/\/radioinfinitagoya.com.ar\/v1\/#\/schema\/person\/d4cf9c413d4f6edb24aabdccab49ca4a"},"headline":"La Justicia electoral elimin\u00f3 a Cristina Kirchner del padr\u00f3n","datePublished":"2025-09-16T18:54:56+00:00","mainEntityOfPage":{"@id":"https:\/\/radioinfinitagoya.com.ar\/v1\/2025\/09\/16\/la-justicia-electoral-elimino-a-cristina-kirchner-del-padron\/"},"wordCount":640,"publisher":{"@id":"https:\/\/radioinfinitagoya.com.ar\/v1\/#organization"},"image":{"@id":"https:\/\/radioinfinitagoya.com.ar\/v1\/2025\/09\/16\/la-justicia-electoral-elimino-a-cristina-kirchner-del-padron\/#primaryimage"},"thumbnailUrl":"https:\/\/radioinfinitagoya.com.ar\/v1\/wp-content\/uploads\/2025\/09\/pP0Rs0S7.jpg","articleSection":["NACIONALES"],"inLanguage":"es-AR"},{"@type":"WebPage","@id":"https:\/\/radioinfinitagoya.com.ar\/v1\/2025\/09\/16\/la-justicia-electoral-elimino-a-cristina-kirchner-del-padron\/","url":"https:\/\/radioinfinitagoya.com.ar\/v1\/2025\/09\/16\/la-justicia-electoral-elimino-a-cristina-kirchner-del-padron\/","name":"La Justicia electoral elimin\u00f3 a Cristina Kirchner del padr\u00f3n - Radio Infinita Goya","isPartOf":{"@id":"https:\/\/radioinfinitagoya.com.ar\/v1\/#website"},"primaryImageOfPage":{"@id":"https:\/\/radioinfinitagoya.com.ar\/v1\/2025\/09\/16\/la-justicia-electoral-elimino-a-cristina-kirchner-del-padron\/#primaryimage"},"image":{"@id":"https:\/\/radioinfinitagoya.com.ar\/v1\/2025\/09\/16\/la-justicia-electoral-elimino-a-cristina-kirchner-del-padron\/#primaryimage"},"thumbnailUrl":"https:\/\/radioinfinitagoya.com.ar\/v1\/wp-content\/uploads\/2025\/09\/pP0Rs0S7.jpg","datePublished":"2025-09-16T18:54:56+00:00","description":"Los jueces dejaron sin efecto la decisi\u00f3n de una magistrada de Santa Cruz de mantenerla en el padr\u00f3n electoral. La Corte Suprema hab\u00eda dejado firme la","breadcrumb":{"@id":"https:\/\/radioinfinitagoya.com.ar\/v1\/2025\/09\/16\/la-justicia-electoral-elimino-a-cristina-kirchner-del-padron\/#breadcrumb"},"inLanguage":"es-AR","potentialAction":[{"@type":"ReadAction","target":["https:\/\/radioinfinitagoya.com.ar\/v1\/2025\/09\/16\/la-justicia-electoral-elimino-a-cristina-kirchner-del-padron\/"]}]},{"@type":"ImageObject","inLanguage":"es-AR","@id":"https:\/\/radioinfinitagoya.com.ar\/v1\/2025\/09\/16\/la-justicia-electoral-elimino-a-cristina-kirchner-del-padron\/#primaryimage","url":"https:\/\/radioinfinitagoya.com.ar\/v1\/wp-content\/uploads\/2025\/09\/pP0Rs0S7.jpg","contentUrl":"https:\/\/radioinfinitagoya.com.ar\/v1\/wp-content\/uploads\/2025\/09\/pP0Rs0S7.jpg","width":680,"height":453},{"@type":"BreadcrumbList","@id":"https:\/\/radioinfinitagoya.com.ar\/v1\/2025\/09\/16\/la-justicia-electoral-elimino-a-cristina-kirchner-del-padron\/#breadcrumb","itemListElement":[{"@type":"ListItem","position":1,"name":"Inicio","item":"https:\/\/radioinfinitagoya.com.ar\/v1\/"},{"@type":"ListItem","position":2,"name":"La Justicia electoral elimin\u00f3 a Cristina Kirchner del padr\u00f3n"}]},{"@type":"WebSite","@id":"https:\/\/radioinfinitagoya.com.ar\/v1\/#website","url":"https:\/\/radioinfinitagoya.com.ar\/v1\/","name":"radioinfinitagoya.com.ar","description":"Radio de noticias","publisher":{"@id":"https:\/\/radioinfinitagoya.com.ar\/v1\/#organization"},"potentialAction":[{"@type":"SearchAction","target":{"@type":"EntryPoint","urlTemplate":"https:\/\/radioinfinitagoya.com.ar\/v1\/?s={search_term_string}"},"query-input":{"@type":"PropertyValueSpecification","valueRequired":true,"valueName":"search_term_string"}}],"inLanguage":"es-AR"},{"@type":"Organization","@id":"https:\/\/radioinfinitagoya.com.ar\/v1\/#organization","name":"Radio Infinita Goya","url":"https:\/\/radioinfinitagoya.com.ar\/v1\/","logo":{"@type":"ImageObject","inLanguage":"es-AR","@id":"https:\/\/radioinfinitagoya.com.ar\/v1\/#\/schema\/logo\/image\/","url":"https:\/\/radioinfinitagoya.com.ar\/v1\/wp-content\/uploads\/2019\/11\/logo-pie-web.png","contentUrl":"https:\/\/radioinfinitagoya.com.ar\/v1\/wp-content\/uploads\/2019\/11\/logo-pie-web.png","width":635,"height":326,"caption":"Radio Infinita Goya"},"image":{"@id":"https:\/\/radioinfinitagoya.com.ar\/v1\/#\/schema\/logo\/image\/"},"sameAs":["https:\/\/www.facebook.com\/p\/Infinita-Goya-100063870918311\/"]},{"@type":"Person","@id":"https:\/\/radioinfinitagoya.com.ar\/v1\/#\/schema\/person\/d4cf9c413d4f6edb24aabdccab49ca4a","name":"Jorge Mi\u00f1o","image":{"@type":"ImageObject","inLanguage":"es-AR","@id":"https:\/\/secure.gravatar.com\/avatar\/910fcf6728fe95320e07a6643c1581fec1c7fc4bf8ae12e3d8f0d0373dc844be?s=96&d=mm&r=g","url":"https:\/\/secure.gravatar.com\/avatar\/910fcf6728fe95320e07a6643c1581fec1c7fc4bf8ae12e3d8f0d0373dc844be?s=96&d=mm&r=g","contentUrl":"https:\/\/secure.gravatar.com\/avatar\/910fcf6728fe95320e07a6643c1581fec1c7fc4bf8ae12e3d8f0d0373dc844be?s=96&d=mm&r=g","caption":"Jorge Mi\u00f1o"},"sameAs":["http:\/\/radioinfinitagoya.com.ar"]}]}},"_links":{"self":[{"href":"https:\/\/radioinfinitagoya.com.ar\/v1\/wp-json\/wp\/v2\/posts\/195996","targetHints":{"allow":["GET"]}}],"collection":[{"href":"https:\/\/radioinfinitagoya.com.ar\/v1\/wp-json\/wp\/v2\/posts"}],"about":[{"href":"https:\/\/radioinfinitagoya.com.ar\/v1\/wp-json\/wp\/v2\/types\/post"}],"author":[{"embeddable":true,"href":"https:\/\/radioinfinitagoya.com.ar\/v1\/wp-json\/wp\/v2\/users\/4"}],"replies":[{"embeddable":true,"href":"https:\/\/radioinfinitagoya.com.ar\/v1\/wp-json\/wp\/v2\/comments?post=195996"}],"version-history":[{"count":0,"href":"https:\/\/radioinfinitagoya.com.ar\/v1\/wp-json\/wp\/v2\/posts\/195996\/revisions"}],"wp:featuredmedia":[{"embeddable":true,"href":"https:\/\/radioinfinitagoya.com.ar\/v1\/wp-json\/wp\/v2\/media\/195997"}],"wp:attachment":[{"href":"https:\/\/radioinfinitagoya.com.ar\/v1\/wp-json\/wp\/v2\/media?parent=195996"}],"wp:term":[{"taxonomy":"category","embeddable":true,"href":"https:\/\/radioinfinitagoya.com.ar\/v1\/wp-json\/wp\/v2\/categories?post=195996"},{"taxonomy":"post_tag","embeddable":true,"href":"https:\/\/radioinfinitagoya.com.ar\/v1\/wp-json\/wp\/v2\/tags?post=195996"}],"curies":[{"name":"wp","href":"https:\/\/api.w.org\/{rel}","templated":true}]}}