{"id":195999,"date":"2025-09-16T16:00:42","date_gmt":"2025-09-16T19:00:42","guid":{"rendered":"https:\/\/radioinfinitagoya.com.ar\/v1\/?p=195999"},"modified":"2025-09-16T16:00:42","modified_gmt":"2025-09-16T19:00:42","slug":"javier-milei-mantuvo-un-encuentro-bilateral-con-santiago-pena-en-paraguay","status":"publish","type":"post","link":"https:\/\/radioinfinitagoya.com.ar\/v1\/2025\/09\/16\/javier-milei-mantuvo-un-encuentro-bilateral-con-santiago-pena-en-paraguay\/","title":{"rendered":"Javier Milei mantuvo un encuentro bilateral con Santiago Pe\u00f1a en Paraguay"},"content":{"rendered":"<p>Tras disertar en la CPAC, el Presidente se reuni\u00f3 con su par, con quien comparte ideolog\u00eda.<\/p>\n<p>El presidente Javier Milei mantuvo este mediod\u00eda una reuni\u00f3n bilateral con su par de Paraguay, Santiago Pe\u00f1a, en el Palacio de L\u00f3pez, la casa de Gobierno ubicada en la capital, Asunci\u00f3n.<\/p>\n<p>Tras su participaci\u00f3n en la Conferencia de Acci\u00f3n Pol\u00edtica Conservadora (CPAC) que se celebra en el pa\u00eds vecino, el mandatario concret\u00f3 un nuevo encuentro con su par, de los pocos jefes de Estado afines a su ideolog\u00eda en la regi\u00f3n.<\/p>\n<p>Durante el intercambio que incluy\u00f3 un almuerzo estuvo presente la Secretaria General de la Presidencia, Karina Milei, quien integr\u00f3 la reducida comitiva que protagoniza el viaje expr\u00e9s.<\/p>\n<p>La sinton\u00eda entre Milei y Pe\u00f1a no es novedad. No solo se entrevistaron en m\u00e1s de una oportunidad sino que el paraguayo fue el primero de los jefes de Estado latinoamericano que viaj\u00f3 oficialmente a la Argentina reunirse con el libertario a d\u00edas de asumir.<\/p>\n<p>Esta ma\u00f1ana, el libertario, durante su discurso en la conferencia conservadora plante\u00f3 que Paraguay &#8220;es un ejemplo de lo que hay que hacer en materia econ\u00f3mica&#8221;, y destac\u00f3 que &#8220;desde hace d\u00e9cadas eligieron abrazar las ideas de la libertad y como consecuencia han logrado que la inflaci\u00f3n sea cosa del pasado&#8221;.<\/p>\n<p>&#8220;Gracias al r\u00e9gimen de maquila, han sabido explotar su industria local al m\u00e1ximo, incrementando las exportaciones y generando puestos de trabajo genuinos&#8221;, ponder\u00f3 durante su discurso, y complet\u00f3: &#8220;Su experiencia es prueba fehaciente de que cuando las regulaciones acompa\u00f1an y no estorban; cuando los impuestos son bajos y no ahogan, la capacidad de los pa\u00edses para comerciar crece&#8221;.<\/p>\n<p>La realidad del bloque regional del Mercosur form\u00f3 parte del extenso temario en com\u00fan entre ambos mandatarios.<\/p>\n<p>Seg\u00fan supo la agencia Noticias Argentinas, el Presidente encabezar\u00e1 una disertaci\u00f3n sobre &#8220;Tecnolog\u00eda y Crecimiento&#8221; en el Foro de Emprendedores Industriales del Paraguay (FEIP) a las 18.15.<\/p>\n<p>En agenda, para el mi\u00e9rcoles a las 10:15, se trasladar\u00e1 hasta el Congreso del pa\u00eds vecino para disertar en una sesi\u00f3n de honor convocada por su visita de Estado.<\/p>\n<p>&nbsp;<\/p>\n","protected":false},"excerpt":{"rendered":"<p>Tras disertar en la CPAC, el Presidente se reuni\u00f3 con su par, con quien comparte ideolog\u00eda. El presidente Javier Milei mantuvo este mediod\u00eda una reuni\u00f3n bilateral con su par de Paraguay, Santiago Pe\u00f1a, en el Palacio de L\u00f3pez, la casa de Gobierno ubicada en la capital, Asunci\u00f3n. Tras su participaci\u00f3n en la Conferencia de Acci\u00f3n [&hellip;]<\/p>\n","protected":false},"author":4,"featured_media":196000,"comment_status":"closed","ping_status":"closed","sticky":false,"template":"","format":"standard","meta":{"_joinchat":[],"footnotes":""},"categories":[29],"tags":[],"class_list":{"0":"post-195999","1":"post","2":"type-post","3":"status-publish","4":"format-standard","5":"has-post-thumbnail","7":"category-nacionales"},"yoast_head":"<!-- This site is optimized with the Yoast SEO plugin v27.2 - https:\/\/yoast.com\/product\/yoast-seo-wordpress\/ -->\n<title>Javier Milei mantuvo un encuentro bilateral con Santiago Pe\u00f1a en Paraguay - Radio Infinita Goya<\/title>\n<meta name=\"description\" content=\"Tras disertar en la CPAC, el Presidente se reuni\u00f3 con su par, con quien comparte ideolog\u00eda. El presidente Javier Milei mantuvo este mediod\u00eda una reuni\u00f3n\" \/>\n<meta name=\"robots\" content=\"index, follow, max-snippet:-1, max-image-preview:large, max-video-preview:-1\" \/>\n<link rel=\"canonical\" href=\"https:\/\/radioinfinitagoya.com.ar\/v1\/2025\/09\/16\/javier-milei-mantuvo-un-encuentro-bilateral-con-santiago-pena-en-paraguay\/\" \/>\n<meta property=\"og:locale\" content=\"es_ES\" \/>\n<meta property=\"og:type\" content=\"article\" \/>\n<meta property=\"og:title\" content=\"Javier Milei mantuvo un encuentro bilateral con Santiago Pe\u00f1a en Paraguay - Radio Infinita Goya\" \/>\n<meta property=\"og:description\" content=\"Tras disertar en la CPAC, el Presidente se reuni\u00f3 con su par, con quien comparte ideolog\u00eda. El presidente Javier Milei mantuvo este mediod\u00eda una reuni\u00f3n\" \/>\n<meta property=\"og:url\" content=\"https:\/\/radioinfinitagoya.com.ar\/v1\/2025\/09\/16\/javier-milei-mantuvo-un-encuentro-bilateral-con-santiago-pena-en-paraguay\/\" \/>\n<meta property=\"og:site_name\" content=\"Radio Infinita Goya\" \/>\n<meta property=\"article:publisher\" content=\"https:\/\/www.facebook.com\/p\/Infinita-Goya-100063870918311\/\" \/>\n<meta property=\"article:published_time\" content=\"2025-09-16T19:00:42+00:00\" \/>\n<meta property=\"og:image\" content=\"https:\/\/radioinfinitagoya.com.ar\/v1\/wp-content\/uploads\/2025\/09\/G0-9oDxW4AAzR6R.jpg\" \/>\n\t<meta property=\"og:image:width\" content=\"2048\" \/>\n\t<meta property=\"og:image:height\" content=\"1366\" \/>\n\t<meta property=\"og:image:type\" content=\"image\/jpeg\" \/>\n<meta name=\"author\" content=\"Jorge Mi\u00f1o\" \/>\n<meta name=\"twitter:card\" content=\"summary_large_image\" \/>\n<meta name=\"twitter:label1\" content=\"Escrito por\" \/>\n\t<meta name=\"twitter:data1\" content=\"Jorge Mi\u00f1o\" \/>\n\t<meta name=\"twitter:label2\" content=\"Tiempo de lectura\" \/>\n\t<meta name=\"twitter:data2\" content=\"2 minutos\" \/>\n<script type=\"application\/ld+json\" class=\"yoast-schema-graph\">{\"@context\":\"https:\/\/schema.org\",\"@graph\":[{\"@type\":\"Article\",\"@id\":\"https:\/\/radioinfinitagoya.com.ar\/v1\/2025\/09\/16\/javier-milei-mantuvo-un-encuentro-bilateral-con-santiago-pena-en-paraguay\/#article\",\"isPartOf\":{\"@id\":\"https:\/\/radioinfinitagoya.com.ar\/v1\/2025\/09\/16\/javier-milei-mantuvo-un-encuentro-bilateral-con-santiago-pena-en-paraguay\/\"},\"author\":{\"name\":\"Jorge Mi\u00f1o\",\"@id\":\"https:\/\/radioinfinitagoya.com.ar\/v1\/#\/schema\/person\/d4cf9c413d4f6edb24aabdccab49ca4a\"},\"headline\":\"Javier Milei mantuvo un encuentro bilateral con Santiago Pe\u00f1a en Paraguay\",\"datePublished\":\"2025-09-16T19:00:42+00:00\",\"mainEntityOfPage\":{\"@id\":\"https:\/\/radioinfinitagoya.com.ar\/v1\/2025\/09\/16\/javier-milei-mantuvo-un-encuentro-bilateral-con-santiago-pena-en-paraguay\/\"},\"wordCount\":384,\"publisher\":{\"@id\":\"https:\/\/radioinfinitagoya.com.ar\/v1\/#organization\"},\"image\":{\"@id\":\"https:\/\/radioinfinitagoya.com.ar\/v1\/2025\/09\/16\/javier-milei-mantuvo-un-encuentro-bilateral-con-santiago-pena-en-paraguay\/#primaryimage\"},\"thumbnailUrl\":\"https:\/\/radioinfinitagoya.com.ar\/v1\/wp-content\/uploads\/2025\/09\/G0-9oDxW4AAzR6R.jpg\",\"articleSection\":[\"NACIONALES\"],\"inLanguage\":\"es-AR\"},{\"@type\":\"WebPage\",\"@id\":\"https:\/\/radioinfinitagoya.com.ar\/v1\/2025\/09\/16\/javier-milei-mantuvo-un-encuentro-bilateral-con-santiago-pena-en-paraguay\/\",\"url\":\"https:\/\/radioinfinitagoya.com.ar\/v1\/2025\/09\/16\/javier-milei-mantuvo-un-encuentro-bilateral-con-santiago-pena-en-paraguay\/\",\"name\":\"Javier Milei mantuvo un encuentro bilateral con Santiago Pe\u00f1a en Paraguay - Radio Infinita Goya\",\"isPartOf\":{\"@id\":\"https:\/\/radioinfinitagoya.com.ar\/v1\/#website\"},\"primaryImageOfPage\":{\"@id\":\"https:\/\/radioinfinitagoya.com.ar\/v1\/2025\/09\/16\/javier-milei-mantuvo-un-encuentro-bilateral-con-santiago-pena-en-paraguay\/#primaryimage\"},\"image\":{\"@id\":\"https:\/\/radioinfinitagoya.com.ar\/v1\/2025\/09\/16\/javier-milei-mantuvo-un-encuentro-bilateral-con-santiago-pena-en-paraguay\/#primaryimage\"},\"thumbnailUrl\":\"https:\/\/radioinfinitagoya.com.ar\/v1\/wp-content\/uploads\/2025\/09\/G0-9oDxW4AAzR6R.jpg\",\"datePublished\":\"2025-09-16T19:00:42+00:00\",\"description\":\"Tras disertar en la CPAC, el Presidente se reuni\u00f3 con su par, con quien comparte ideolog\u00eda. El presidente Javier Milei mantuvo este mediod\u00eda una reuni\u00f3n\",\"breadcrumb\":{\"@id\":\"https:\/\/radioinfinitagoya.com.ar\/v1\/2025\/09\/16\/javier-milei-mantuvo-un-encuentro-bilateral-con-santiago-pena-en-paraguay\/#breadcrumb\"},\"inLanguage\":\"es-AR\",\"potentialAction\":[{\"@type\":\"ReadAction\",\"target\":[\"https:\/\/radioinfinitagoya.com.ar\/v1\/2025\/09\/16\/javier-milei-mantuvo-un-encuentro-bilateral-con-santiago-pena-en-paraguay\/\"]}]},{\"@type\":\"ImageObject\",\"inLanguage\":\"es-AR\",\"@id\":\"https:\/\/radioinfinitagoya.com.ar\/v1\/2025\/09\/16\/javier-milei-mantuvo-un-encuentro-bilateral-con-santiago-pena-en-paraguay\/#primaryimage\",\"url\":\"https:\/\/radioinfinitagoya.com.ar\/v1\/wp-content\/uploads\/2025\/09\/G0-9oDxW4AAzR6R.jpg\",\"contentUrl\":\"https:\/\/radioinfinitagoya.com.ar\/v1\/wp-content\/uploads\/2025\/09\/G0-9oDxW4AAzR6R.jpg\",\"width\":2048,\"height\":1366},{\"@type\":\"BreadcrumbList\",\"@id\":\"https:\/\/radioinfinitagoya.com.ar\/v1\/2025\/09\/16\/javier-milei-mantuvo-un-encuentro-bilateral-con-santiago-pena-en-paraguay\/#breadcrumb\",\"itemListElement\":[{\"@type\":\"ListItem\",\"position\":1,\"name\":\"Inicio\",\"item\":\"https:\/\/radioinfinitagoya.com.ar\/v1\/\"},{\"@type\":\"ListItem\",\"position\":2,\"name\":\"Javier Milei mantuvo un encuentro bilateral con Santiago Pe\u00f1a en Paraguay\"}]},{\"@type\":\"WebSite\",\"@id\":\"https:\/\/radioinfinitagoya.com.ar\/v1\/#website\",\"url\":\"https:\/\/radioinfinitagoya.com.ar\/v1\/\",\"name\":\"radioinfinitagoya.com.ar\",\"description\":\"Radio de noticias\",\"publisher\":{\"@id\":\"https:\/\/radioinfinitagoya.com.ar\/v1\/#organization\"},\"potentialAction\":[{\"@type\":\"SearchAction\",\"target\":{\"@type\":\"EntryPoint\",\"urlTemplate\":\"https:\/\/radioinfinitagoya.com.ar\/v1\/?s={search_term_string}\"},\"query-input\":{\"@type\":\"PropertyValueSpecification\",\"valueRequired\":true,\"valueName\":\"search_term_string\"}}],\"inLanguage\":\"es-AR\"},{\"@type\":\"Organization\",\"@id\":\"https:\/\/radioinfinitagoya.com.ar\/v1\/#organization\",\"name\":\"Radio Infinita Goya\",\"url\":\"https:\/\/radioinfinitagoya.com.ar\/v1\/\",\"logo\":{\"@type\":\"ImageObject\",\"inLanguage\":\"es-AR\",\"@id\":\"https:\/\/radioinfinitagoya.com.ar\/v1\/#\/schema\/logo\/image\/\",\"url\":\"https:\/\/radioinfinitagoya.com.ar\/v1\/wp-content\/uploads\/2019\/11\/logo-pie-web.png\",\"contentUrl\":\"https:\/\/radioinfinitagoya.com.ar\/v1\/wp-content\/uploads\/2019\/11\/logo-pie-web.png\",\"width\":635,\"height\":326,\"caption\":\"Radio Infinita Goya\"},\"image\":{\"@id\":\"https:\/\/radioinfinitagoya.com.ar\/v1\/#\/schema\/logo\/image\/\"},\"sameAs\":[\"https:\/\/www.facebook.com\/p\/Infinita-Goya-100063870918311\/\"]},{\"@type\":\"Person\",\"@id\":\"https:\/\/radioinfinitagoya.com.ar\/v1\/#\/schema\/person\/d4cf9c413d4f6edb24aabdccab49ca4a\",\"name\":\"Jorge Mi\u00f1o\",\"image\":{\"@type\":\"ImageObject\",\"inLanguage\":\"es-AR\",\"@id\":\"https:\/\/secure.gravatar.com\/avatar\/910fcf6728fe95320e07a6643c1581fec1c7fc4bf8ae12e3d8f0d0373dc844be?s=96&d=mm&r=g\",\"url\":\"https:\/\/secure.gravatar.com\/avatar\/910fcf6728fe95320e07a6643c1581fec1c7fc4bf8ae12e3d8f0d0373dc844be?s=96&d=mm&r=g\",\"contentUrl\":\"https:\/\/secure.gravatar.com\/avatar\/910fcf6728fe95320e07a6643c1581fec1c7fc4bf8ae12e3d8f0d0373dc844be?s=96&d=mm&r=g\",\"caption\":\"Jorge Mi\u00f1o\"},\"sameAs\":[\"http:\/\/radioinfinitagoya.com.ar\"]}]}<\/script>\n<!-- \/ Yoast SEO plugin. -->","yoast_head_json":{"title":"Javier Milei mantuvo un encuentro bilateral con Santiago Pe\u00f1a en Paraguay - Radio Infinita Goya","description":"Tras disertar en la CPAC, el Presidente se reuni\u00f3 con su par, con quien comparte ideolog\u00eda. El presidente Javier Milei mantuvo este mediod\u00eda una reuni\u00f3n","robots":{"index":"index","follow":"follow","max-snippet":"max-snippet:-1","max-image-preview":"max-image-preview:large","max-video-preview":"max-video-preview:-1"},"canonical":"https:\/\/radioinfinitagoya.com.ar\/v1\/2025\/09\/16\/javier-milei-mantuvo-un-encuentro-bilateral-con-santiago-pena-en-paraguay\/","og_locale":"es_ES","og_type":"article","og_title":"Javier Milei mantuvo un encuentro bilateral con Santiago Pe\u00f1a en Paraguay - Radio Infinita Goya","og_description":"Tras disertar en la CPAC, el Presidente se reuni\u00f3 con su par, con quien comparte ideolog\u00eda. El presidente Javier Milei mantuvo este mediod\u00eda una reuni\u00f3n","og_url":"https:\/\/radioinfinitagoya.com.ar\/v1\/2025\/09\/16\/javier-milei-mantuvo-un-encuentro-bilateral-con-santiago-pena-en-paraguay\/","og_site_name":"Radio Infinita Goya","article_publisher":"https:\/\/www.facebook.com\/p\/Infinita-Goya-100063870918311\/","article_published_time":"2025-09-16T19:00:42+00:00","og_image":[{"width":2048,"height":1366,"url":"https:\/\/radioinfinitagoya.com.ar\/v1\/wp-content\/uploads\/2025\/09\/G0-9oDxW4AAzR6R.jpg","type":"image\/jpeg"}],"author":"Jorge Mi\u00f1o","twitter_card":"summary_large_image","twitter_misc":{"Escrito por":"Jorge Mi\u00f1o","Tiempo de lectura":"2 minutos"},"schema":{"@context":"https:\/\/schema.org","@graph":[{"@type":"Article","@id":"https:\/\/radioinfinitagoya.com.ar\/v1\/2025\/09\/16\/javier-milei-mantuvo-un-encuentro-bilateral-con-santiago-pena-en-paraguay\/#article","isPartOf":{"@id":"https:\/\/radioinfinitagoya.com.ar\/v1\/2025\/09\/16\/javier-milei-mantuvo-un-encuentro-bilateral-con-santiago-pena-en-paraguay\/"},"author":{"name":"Jorge Mi\u00f1o","@id":"https:\/\/radioinfinitagoya.com.ar\/v1\/#\/schema\/person\/d4cf9c413d4f6edb24aabdccab49ca4a"},"headline":"Javier Milei mantuvo un encuentro bilateral con Santiago Pe\u00f1a en Paraguay","datePublished":"2025-09-16T19:00:42+00:00","mainEntityOfPage":{"@id":"https:\/\/radioinfinitagoya.com.ar\/v1\/2025\/09\/16\/javier-milei-mantuvo-un-encuentro-bilateral-con-santiago-pena-en-paraguay\/"},"wordCount":384,"publisher":{"@id":"https:\/\/radioinfinitagoya.com.ar\/v1\/#organization"},"image":{"@id":"https:\/\/radioinfinitagoya.com.ar\/v1\/2025\/09\/16\/javier-milei-mantuvo-un-encuentro-bilateral-con-santiago-pena-en-paraguay\/#primaryimage"},"thumbnailUrl":"https:\/\/radioinfinitagoya.com.ar\/v1\/wp-content\/uploads\/2025\/09\/G0-9oDxW4AAzR6R.jpg","articleSection":["NACIONALES"],"inLanguage":"es-AR"},{"@type":"WebPage","@id":"https:\/\/radioinfinitagoya.com.ar\/v1\/2025\/09\/16\/javier-milei-mantuvo-un-encuentro-bilateral-con-santiago-pena-en-paraguay\/","url":"https:\/\/radioinfinitagoya.com.ar\/v1\/2025\/09\/16\/javier-milei-mantuvo-un-encuentro-bilateral-con-santiago-pena-en-paraguay\/","name":"Javier Milei mantuvo un encuentro bilateral con Santiago Pe\u00f1a en Paraguay - Radio Infinita Goya","isPartOf":{"@id":"https:\/\/radioinfinitagoya.com.ar\/v1\/#website"},"primaryImageOfPage":{"@id":"https:\/\/radioinfinitagoya.com.ar\/v1\/2025\/09\/16\/javier-milei-mantuvo-un-encuentro-bilateral-con-santiago-pena-en-paraguay\/#primaryimage"},"image":{"@id":"https:\/\/radioinfinitagoya.com.ar\/v1\/2025\/09\/16\/javier-milei-mantuvo-un-encuentro-bilateral-con-santiago-pena-en-paraguay\/#primaryimage"},"thumbnailUrl":"https:\/\/radioinfinitagoya.com.ar\/v1\/wp-content\/uploads\/2025\/09\/G0-9oDxW4AAzR6R.jpg","datePublished":"2025-09-16T19:00:42+00:00","description":"Tras disertar en la CPAC, el Presidente se reuni\u00f3 con su par, con quien comparte ideolog\u00eda. El presidente Javier Milei mantuvo este mediod\u00eda una reuni\u00f3n","breadcrumb":{"@id":"https:\/\/radioinfinitagoya.com.ar\/v1\/2025\/09\/16\/javier-milei-mantuvo-un-encuentro-bilateral-con-santiago-pena-en-paraguay\/#breadcrumb"},"inLanguage":"es-AR","potentialAction":[{"@type":"ReadAction","target":["https:\/\/radioinfinitagoya.com.ar\/v1\/2025\/09\/16\/javier-milei-mantuvo-un-encuentro-bilateral-con-santiago-pena-en-paraguay\/"]}]},{"@type":"ImageObject","inLanguage":"es-AR","@id":"https:\/\/radioinfinitagoya.com.ar\/v1\/2025\/09\/16\/javier-milei-mantuvo-un-encuentro-bilateral-con-santiago-pena-en-paraguay\/#primaryimage","url":"https:\/\/radioinfinitagoya.com.ar\/v1\/wp-content\/uploads\/2025\/09\/G0-9oDxW4AAzR6R.jpg","contentUrl":"https:\/\/radioinfinitagoya.com.ar\/v1\/wp-content\/uploads\/2025\/09\/G0-9oDxW4AAzR6R.jpg","width":2048,"height":1366},{"@type":"BreadcrumbList","@id":"https:\/\/radioinfinitagoya.com.ar\/v1\/2025\/09\/16\/javier-milei-mantuvo-un-encuentro-bilateral-con-santiago-pena-en-paraguay\/#breadcrumb","itemListElement":[{"@type":"ListItem","position":1,"name":"Inicio","item":"https:\/\/radioinfinitagoya.com.ar\/v1\/"},{"@type":"ListItem","position":2,"name":"Javier Milei mantuvo un encuentro bilateral con Santiago Pe\u00f1a en Paraguay"}]},{"@type":"WebSite","@id":"https:\/\/radioinfinitagoya.com.ar\/v1\/#website","url":"https:\/\/radioinfinitagoya.com.ar\/v1\/","name":"radioinfinitagoya.com.ar","description":"Radio de noticias","publisher":{"@id":"https:\/\/radioinfinitagoya.com.ar\/v1\/#organization"},"potentialAction":[{"@type":"SearchAction","target":{"@type":"EntryPoint","urlTemplate":"https:\/\/radioinfinitagoya.com.ar\/v1\/?s={search_term_string}"},"query-input":{"@type":"PropertyValueSpecification","valueRequired":true,"valueName":"search_term_string"}}],"inLanguage":"es-AR"},{"@type":"Organization","@id":"https:\/\/radioinfinitagoya.com.ar\/v1\/#organization","name":"Radio Infinita Goya","url":"https:\/\/radioinfinitagoya.com.ar\/v1\/","logo":{"@type":"ImageObject","inLanguage":"es-AR","@id":"https:\/\/radioinfinitagoya.com.ar\/v1\/#\/schema\/logo\/image\/","url":"https:\/\/radioinfinitagoya.com.ar\/v1\/wp-content\/uploads\/2019\/11\/logo-pie-web.png","contentUrl":"https:\/\/radioinfinitagoya.com.ar\/v1\/wp-content\/uploads\/2019\/11\/logo-pie-web.png","width":635,"height":326,"caption":"Radio Infinita Goya"},"image":{"@id":"https:\/\/radioinfinitagoya.com.ar\/v1\/#\/schema\/logo\/image\/"},"sameAs":["https:\/\/www.facebook.com\/p\/Infinita-Goya-100063870918311\/"]},{"@type":"Person","@id":"https:\/\/radioinfinitagoya.com.ar\/v1\/#\/schema\/person\/d4cf9c413d4f6edb24aabdccab49ca4a","name":"Jorge Mi\u00f1o","image":{"@type":"ImageObject","inLanguage":"es-AR","@id":"https:\/\/secure.gravatar.com\/avatar\/910fcf6728fe95320e07a6643c1581fec1c7fc4bf8ae12e3d8f0d0373dc844be?s=96&d=mm&r=g","url":"https:\/\/secure.gravatar.com\/avatar\/910fcf6728fe95320e07a6643c1581fec1c7fc4bf8ae12e3d8f0d0373dc844be?s=96&d=mm&r=g","contentUrl":"https:\/\/secure.gravatar.com\/avatar\/910fcf6728fe95320e07a6643c1581fec1c7fc4bf8ae12e3d8f0d0373dc844be?s=96&d=mm&r=g","caption":"Jorge Mi\u00f1o"},"sameAs":["http:\/\/radioinfinitagoya.com.ar"]}]}},"_links":{"self":[{"href":"https:\/\/radioinfinitagoya.com.ar\/v1\/wp-json\/wp\/v2\/posts\/195999","targetHints":{"allow":["GET"]}}],"collection":[{"href":"https:\/\/radioinfinitagoya.com.ar\/v1\/wp-json\/wp\/v2\/posts"}],"about":[{"href":"https:\/\/radioinfinitagoya.com.ar\/v1\/wp-json\/wp\/v2\/types\/post"}],"author":[{"embeddable":true,"href":"https:\/\/radioinfinitagoya.com.ar\/v1\/wp-json\/wp\/v2\/users\/4"}],"replies":[{"embeddable":true,"href":"https:\/\/radioinfinitagoya.com.ar\/v1\/wp-json\/wp\/v2\/comments?post=195999"}],"version-history":[{"count":0,"href":"https:\/\/radioinfinitagoya.com.ar\/v1\/wp-json\/wp\/v2\/posts\/195999\/revisions"}],"wp:featuredmedia":[{"embeddable":true,"href":"https:\/\/radioinfinitagoya.com.ar\/v1\/wp-json\/wp\/v2\/media\/196000"}],"wp:attachment":[{"href":"https:\/\/radioinfinitagoya.com.ar\/v1\/wp-json\/wp\/v2\/media?parent=195999"}],"wp:term":[{"taxonomy":"category","embeddable":true,"href":"https:\/\/radioinfinitagoya.com.ar\/v1\/wp-json\/wp\/v2\/categories?post=195999"},{"taxonomy":"post_tag","embeddable":true,"href":"https:\/\/radioinfinitagoya.com.ar\/v1\/wp-json\/wp\/v2\/tags?post=195999"}],"curies":[{"name":"wp","href":"https:\/\/api.w.org\/{rel}","templated":true}]}}