{"id":196005,"date":"2025-09-16T16:05:46","date_gmt":"2025-09-16T19:05:46","guid":{"rendered":"https:\/\/radioinfinitagoya.com.ar\/v1\/?p=196005"},"modified":"2025-09-16T16:05:46","modified_gmt":"2025-09-16T19:05:46","slug":"exito-rotundo-de-la-copa-liga-de-las-americas-en-corrientes","status":"publish","type":"post","link":"https:\/\/radioinfinitagoya.com.ar\/v1\/2025\/09\/16\/exito-rotundo-de-la-copa-liga-de-las-americas-en-corrientes\/","title":{"rendered":"\u00c9xito rotundo de la Copa Liga de las Am\u00e9ricas en Corrientes"},"content":{"rendered":"<p>La ciudad de Corrientes, con la Asociaci\u00f3n Civil Academia Superior de Taekwondo ITF como anfitriona, fue escenario de un evento deportivo de gran magnitud con la realizaci\u00f3n de la Copa Liga de las Am\u00e9ricas de Taekwondo ITF, que reuni\u00f3 a delegaciones de todo el pa\u00eds y del exterior en el Club Deportivo Juventus. Con alrededor de 800 competidores, el encuentro se consolid\u00f3 como uno de los m\u00e1s convocantes del calendario nacional e internacional.<\/p>\n<p>La actividad comenz\u00f3 el s\u00e1bado 13 por la ma\u00f1ana, con la competencia de danes (cinturones negros), incluyendo tules y luchas de todas las categor\u00edas. &#8220;El nivel t\u00e9cnico y deportivo observado durante el s\u00e1bado super\u00f3 el 80% en t\u00e9rminos positivos, nos regalaron muy buenos tales y luchas apasionantes&#8221;, asegur\u00f3 el Presidente de la Asociaci\u00f3n Civil Academia Superior de Taekwondo ITF (ACAST) Senior Master Jorge Demarchi.<\/p>\n<p>El domingo 14, la jornada arranc\u00f3 con el acto central de apertura, que cont\u00f3 con la presencia de las autoridades de la ACAST, maestros e instructores de otras ciudades y funcionarios locales como el Intendente de la Ciudad de Corrientes, Dr. Eduardo Tassano, el vicepresidente del Club de Regatas Corrientes, el subsecretario de desarrollo deportivo y grandes eventos, prof. Matias Bocalon y en representaci\u00f3n de la Polic\u00eda de Corrientes el Comisario Mayor y IV Dan de Taekwondo, Lic. Alfredo Ricardo Delgado.<\/p>\n<p>Adem\u00e1s durante el acto se confirm\u00f3 que las pr\u00f3ximas sedes de este torneo tambi\u00e9n estar\u00e1n en la Argentina: Rosario en 2026 y Concepci\u00f3n del Uruguay en 2027. Posteriormente, se desarrollaron las competencias de cintos de colores en todas las categor\u00edas, desde infantiles hasta adultos, generando un marco de entusiasmo y camarader\u00eda en cada presentaci\u00f3n.<\/p>\n<p>El torneo no solo dej\u00f3 en evidencia el alto nivel t\u00e9cnico de los participantes, sino tambi\u00e9n el esp\u00edritu deportivo y de integraci\u00f3n cultural que caracteriza a esta disciplina. Con la presencia de competidores de pa\u00edses lim\u00edtrofes la Copa Liga de las Am\u00e9ricas reafirm\u00f3 su perfil internacional y dej\u00f3 a Corrientes en lo m\u00e1s alto del taekwondo de la regi\u00f3n.<\/p>\n<p>Los organizadores y miembros del Comit\u00e9 Deportivo de la ACAST coincidieron en destacar el \u00e9xito de la convocatoria y subrayaron la importancia de que la capital correntina se convierta en sede de este tipo de competencias, que impulsan el crecimiento del deporte y fomentan la uni\u00f3n entre escuelas y practicantes de diferentes lugares.<\/p>\n<p>&nbsp;<\/p>\n","protected":false},"excerpt":{"rendered":"<p>La ciudad de Corrientes, con la Asociaci\u00f3n Civil Academia Superior de Taekwondo ITF como anfitriona, fue escenario de un evento deportivo de gran magnitud con la realizaci\u00f3n de la Copa Liga de las Am\u00e9ricas de Taekwondo ITF, que reuni\u00f3 a delegaciones de todo el pa\u00eds y del exterior en el Club Deportivo Juventus. Con alrededor [&hellip;]<\/p>\n","protected":false},"author":4,"featured_media":196006,"comment_status":"closed","ping_status":"closed","sticky":false,"template":"","format":"standard","meta":{"_joinchat":[],"footnotes":""},"categories":[28],"tags":[],"class_list":{"0":"post-196005","1":"post","2":"type-post","3":"status-publish","4":"format-standard","5":"has-post-thumbnail","7":"category-deportes"},"yoast_head":"<!-- This site is optimized with the Yoast SEO plugin v27.2 - https:\/\/yoast.com\/product\/yoast-seo-wordpress\/ -->\n<title>\u00c9xito rotundo de la Copa Liga de las Am\u00e9ricas en Corrientes - Radio Infinita Goya<\/title>\n<meta name=\"description\" content=\"La ciudad de Corrientes, con la Asociaci\u00f3n Civil Academia Superior de Taekwondo ITF como anfitriona, fue escenario de un evento deportivo de gran magnitud\" \/>\n<meta name=\"robots\" content=\"index, follow, max-snippet:-1, max-image-preview:large, max-video-preview:-1\" \/>\n<link rel=\"canonical\" href=\"https:\/\/radioinfinitagoya.com.ar\/v1\/2025\/09\/16\/exito-rotundo-de-la-copa-liga-de-las-americas-en-corrientes\/\" \/>\n<meta property=\"og:locale\" content=\"es_ES\" \/>\n<meta property=\"og:type\" content=\"article\" \/>\n<meta property=\"og:title\" content=\"\u00c9xito rotundo de la Copa Liga de las Am\u00e9ricas en Corrientes - Radio Infinita Goya\" \/>\n<meta property=\"og:description\" content=\"La ciudad de Corrientes, con la Asociaci\u00f3n Civil Academia Superior de Taekwondo ITF como anfitriona, fue escenario de un evento deportivo de gran magnitud\" \/>\n<meta property=\"og:url\" content=\"https:\/\/radioinfinitagoya.com.ar\/v1\/2025\/09\/16\/exito-rotundo-de-la-copa-liga-de-las-americas-en-corrientes\/\" \/>\n<meta property=\"og:site_name\" content=\"Radio Infinita Goya\" \/>\n<meta property=\"article:publisher\" content=\"https:\/\/www.facebook.com\/p\/Infinita-Goya-100063870918311\/\" \/>\n<meta property=\"article:published_time\" content=\"2025-09-16T19:05:46+00:00\" \/>\n<meta property=\"og:image\" content=\"https:\/\/radioinfinitagoya.com.ar\/v1\/wp-content\/uploads\/2025\/09\/TAEKWONDO1.jpeg\" \/>\n\t<meta property=\"og:image:width\" content=\"1600\" \/>\n\t<meta property=\"og:image:height\" content=\"1200\" \/>\n\t<meta property=\"og:image:type\" content=\"image\/jpeg\" \/>\n<meta name=\"author\" content=\"Jorge Mi\u00f1o\" \/>\n<meta name=\"twitter:card\" content=\"summary_large_image\" \/>\n<meta name=\"twitter:label1\" content=\"Escrito por\" \/>\n\t<meta name=\"twitter:data1\" content=\"Jorge Mi\u00f1o\" \/>\n\t<meta name=\"twitter:label2\" content=\"Tiempo de lectura\" \/>\n\t<meta name=\"twitter:data2\" content=\"2 minutos\" \/>\n<script type=\"application\/ld+json\" class=\"yoast-schema-graph\">{\"@context\":\"https:\/\/schema.org\",\"@graph\":[{\"@type\":\"Article\",\"@id\":\"https:\/\/radioinfinitagoya.com.ar\/v1\/2025\/09\/16\/exito-rotundo-de-la-copa-liga-de-las-americas-en-corrientes\/#article\",\"isPartOf\":{\"@id\":\"https:\/\/radioinfinitagoya.com.ar\/v1\/2025\/09\/16\/exito-rotundo-de-la-copa-liga-de-las-americas-en-corrientes\/\"},\"author\":{\"name\":\"Jorge Mi\u00f1o\",\"@id\":\"https:\/\/radioinfinitagoya.com.ar\/v1\/#\/schema\/person\/d4cf9c413d4f6edb24aabdccab49ca4a\"},\"headline\":\"\u00c9xito rotundo de la Copa Liga de las Am\u00e9ricas en Corrientes\",\"datePublished\":\"2025-09-16T19:05:46+00:00\",\"mainEntityOfPage\":{\"@id\":\"https:\/\/radioinfinitagoya.com.ar\/v1\/2025\/09\/16\/exito-rotundo-de-la-copa-liga-de-las-americas-en-corrientes\/\"},\"wordCount\":423,\"publisher\":{\"@id\":\"https:\/\/radioinfinitagoya.com.ar\/v1\/#organization\"},\"image\":{\"@id\":\"https:\/\/radioinfinitagoya.com.ar\/v1\/2025\/09\/16\/exito-rotundo-de-la-copa-liga-de-las-americas-en-corrientes\/#primaryimage\"},\"thumbnailUrl\":\"https:\/\/radioinfinitagoya.com.ar\/v1\/wp-content\/uploads\/2025\/09\/TAEKWONDO1.jpeg\",\"articleSection\":[\"DEPORTES\"],\"inLanguage\":\"es-AR\"},{\"@type\":\"WebPage\",\"@id\":\"https:\/\/radioinfinitagoya.com.ar\/v1\/2025\/09\/16\/exito-rotundo-de-la-copa-liga-de-las-americas-en-corrientes\/\",\"url\":\"https:\/\/radioinfinitagoya.com.ar\/v1\/2025\/09\/16\/exito-rotundo-de-la-copa-liga-de-las-americas-en-corrientes\/\",\"name\":\"\u00c9xito rotundo de la Copa Liga de las Am\u00e9ricas en Corrientes - Radio Infinita Goya\",\"isPartOf\":{\"@id\":\"https:\/\/radioinfinitagoya.com.ar\/v1\/#website\"},\"primaryImageOfPage\":{\"@id\":\"https:\/\/radioinfinitagoya.com.ar\/v1\/2025\/09\/16\/exito-rotundo-de-la-copa-liga-de-las-americas-en-corrientes\/#primaryimage\"},\"image\":{\"@id\":\"https:\/\/radioinfinitagoya.com.ar\/v1\/2025\/09\/16\/exito-rotundo-de-la-copa-liga-de-las-americas-en-corrientes\/#primaryimage\"},\"thumbnailUrl\":\"https:\/\/radioinfinitagoya.com.ar\/v1\/wp-content\/uploads\/2025\/09\/TAEKWONDO1.jpeg\",\"datePublished\":\"2025-09-16T19:05:46+00:00\",\"description\":\"La ciudad de Corrientes, con la Asociaci\u00f3n Civil Academia Superior de Taekwondo ITF como anfitriona, fue escenario de un evento deportivo de gran magnitud\",\"breadcrumb\":{\"@id\":\"https:\/\/radioinfinitagoya.com.ar\/v1\/2025\/09\/16\/exito-rotundo-de-la-copa-liga-de-las-americas-en-corrientes\/#breadcrumb\"},\"inLanguage\":\"es-AR\",\"potentialAction\":[{\"@type\":\"ReadAction\",\"target\":[\"https:\/\/radioinfinitagoya.com.ar\/v1\/2025\/09\/16\/exito-rotundo-de-la-copa-liga-de-las-americas-en-corrientes\/\"]}]},{\"@type\":\"ImageObject\",\"inLanguage\":\"es-AR\",\"@id\":\"https:\/\/radioinfinitagoya.com.ar\/v1\/2025\/09\/16\/exito-rotundo-de-la-copa-liga-de-las-americas-en-corrientes\/#primaryimage\",\"url\":\"https:\/\/radioinfinitagoya.com.ar\/v1\/wp-content\/uploads\/2025\/09\/TAEKWONDO1.jpeg\",\"contentUrl\":\"https:\/\/radioinfinitagoya.com.ar\/v1\/wp-content\/uploads\/2025\/09\/TAEKWONDO1.jpeg\",\"width\":1600,\"height\":1200},{\"@type\":\"BreadcrumbList\",\"@id\":\"https:\/\/radioinfinitagoya.com.ar\/v1\/2025\/09\/16\/exito-rotundo-de-la-copa-liga-de-las-americas-en-corrientes\/#breadcrumb\",\"itemListElement\":[{\"@type\":\"ListItem\",\"position\":1,\"name\":\"Inicio\",\"item\":\"https:\/\/radioinfinitagoya.com.ar\/v1\/\"},{\"@type\":\"ListItem\",\"position\":2,\"name\":\"\u00c9xito rotundo de la Copa Liga de las Am\u00e9ricas en Corrientes\"}]},{\"@type\":\"WebSite\",\"@id\":\"https:\/\/radioinfinitagoya.com.ar\/v1\/#website\",\"url\":\"https:\/\/radioinfinitagoya.com.ar\/v1\/\",\"name\":\"radioinfinitagoya.com.ar\",\"description\":\"Radio de noticias\",\"publisher\":{\"@id\":\"https:\/\/radioinfinitagoya.com.ar\/v1\/#organization\"},\"potentialAction\":[{\"@type\":\"SearchAction\",\"target\":{\"@type\":\"EntryPoint\",\"urlTemplate\":\"https:\/\/radioinfinitagoya.com.ar\/v1\/?s={search_term_string}\"},\"query-input\":{\"@type\":\"PropertyValueSpecification\",\"valueRequired\":true,\"valueName\":\"search_term_string\"}}],\"inLanguage\":\"es-AR\"},{\"@type\":\"Organization\",\"@id\":\"https:\/\/radioinfinitagoya.com.ar\/v1\/#organization\",\"name\":\"Radio Infinita Goya\",\"url\":\"https:\/\/radioinfinitagoya.com.ar\/v1\/\",\"logo\":{\"@type\":\"ImageObject\",\"inLanguage\":\"es-AR\",\"@id\":\"https:\/\/radioinfinitagoya.com.ar\/v1\/#\/schema\/logo\/image\/\",\"url\":\"https:\/\/radioinfinitagoya.com.ar\/v1\/wp-content\/uploads\/2019\/11\/logo-pie-web.png\",\"contentUrl\":\"https:\/\/radioinfinitagoya.com.ar\/v1\/wp-content\/uploads\/2019\/11\/logo-pie-web.png\",\"width\":635,\"height\":326,\"caption\":\"Radio Infinita Goya\"},\"image\":{\"@id\":\"https:\/\/radioinfinitagoya.com.ar\/v1\/#\/schema\/logo\/image\/\"},\"sameAs\":[\"https:\/\/www.facebook.com\/p\/Infinita-Goya-100063870918311\/\"]},{\"@type\":\"Person\",\"@id\":\"https:\/\/radioinfinitagoya.com.ar\/v1\/#\/schema\/person\/d4cf9c413d4f6edb24aabdccab49ca4a\",\"name\":\"Jorge Mi\u00f1o\",\"image\":{\"@type\":\"ImageObject\",\"inLanguage\":\"es-AR\",\"@id\":\"https:\/\/secure.gravatar.com\/avatar\/910fcf6728fe95320e07a6643c1581fec1c7fc4bf8ae12e3d8f0d0373dc844be?s=96&d=mm&r=g\",\"url\":\"https:\/\/secure.gravatar.com\/avatar\/910fcf6728fe95320e07a6643c1581fec1c7fc4bf8ae12e3d8f0d0373dc844be?s=96&d=mm&r=g\",\"contentUrl\":\"https:\/\/secure.gravatar.com\/avatar\/910fcf6728fe95320e07a6643c1581fec1c7fc4bf8ae12e3d8f0d0373dc844be?s=96&d=mm&r=g\",\"caption\":\"Jorge Mi\u00f1o\"},\"sameAs\":[\"http:\/\/radioinfinitagoya.com.ar\"]}]}<\/script>\n<!-- \/ Yoast SEO plugin. -->","yoast_head_json":{"title":"\u00c9xito rotundo de la Copa Liga de las Am\u00e9ricas en Corrientes - Radio Infinita Goya","description":"La ciudad de Corrientes, con la Asociaci\u00f3n Civil Academia Superior de Taekwondo ITF como anfitriona, fue escenario de un evento deportivo de gran magnitud","robots":{"index":"index","follow":"follow","max-snippet":"max-snippet:-1","max-image-preview":"max-image-preview:large","max-video-preview":"max-video-preview:-1"},"canonical":"https:\/\/radioinfinitagoya.com.ar\/v1\/2025\/09\/16\/exito-rotundo-de-la-copa-liga-de-las-americas-en-corrientes\/","og_locale":"es_ES","og_type":"article","og_title":"\u00c9xito rotundo de la Copa Liga de las Am\u00e9ricas en Corrientes - Radio Infinita Goya","og_description":"La ciudad de Corrientes, con la Asociaci\u00f3n Civil Academia Superior de Taekwondo ITF como anfitriona, fue escenario de un evento deportivo de gran magnitud","og_url":"https:\/\/radioinfinitagoya.com.ar\/v1\/2025\/09\/16\/exito-rotundo-de-la-copa-liga-de-las-americas-en-corrientes\/","og_site_name":"Radio Infinita Goya","article_publisher":"https:\/\/www.facebook.com\/p\/Infinita-Goya-100063870918311\/","article_published_time":"2025-09-16T19:05:46+00:00","og_image":[{"width":1600,"height":1200,"url":"https:\/\/radioinfinitagoya.com.ar\/v1\/wp-content\/uploads\/2025\/09\/TAEKWONDO1.jpeg","type":"image\/jpeg"}],"author":"Jorge Mi\u00f1o","twitter_card":"summary_large_image","twitter_misc":{"Escrito por":"Jorge Mi\u00f1o","Tiempo de lectura":"2 minutos"},"schema":{"@context":"https:\/\/schema.org","@graph":[{"@type":"Article","@id":"https:\/\/radioinfinitagoya.com.ar\/v1\/2025\/09\/16\/exito-rotundo-de-la-copa-liga-de-las-americas-en-corrientes\/#article","isPartOf":{"@id":"https:\/\/radioinfinitagoya.com.ar\/v1\/2025\/09\/16\/exito-rotundo-de-la-copa-liga-de-las-americas-en-corrientes\/"},"author":{"name":"Jorge Mi\u00f1o","@id":"https:\/\/radioinfinitagoya.com.ar\/v1\/#\/schema\/person\/d4cf9c413d4f6edb24aabdccab49ca4a"},"headline":"\u00c9xito rotundo de la Copa Liga de las Am\u00e9ricas en Corrientes","datePublished":"2025-09-16T19:05:46+00:00","mainEntityOfPage":{"@id":"https:\/\/radioinfinitagoya.com.ar\/v1\/2025\/09\/16\/exito-rotundo-de-la-copa-liga-de-las-americas-en-corrientes\/"},"wordCount":423,"publisher":{"@id":"https:\/\/radioinfinitagoya.com.ar\/v1\/#organization"},"image":{"@id":"https:\/\/radioinfinitagoya.com.ar\/v1\/2025\/09\/16\/exito-rotundo-de-la-copa-liga-de-las-americas-en-corrientes\/#primaryimage"},"thumbnailUrl":"https:\/\/radioinfinitagoya.com.ar\/v1\/wp-content\/uploads\/2025\/09\/TAEKWONDO1.jpeg","articleSection":["DEPORTES"],"inLanguage":"es-AR"},{"@type":"WebPage","@id":"https:\/\/radioinfinitagoya.com.ar\/v1\/2025\/09\/16\/exito-rotundo-de-la-copa-liga-de-las-americas-en-corrientes\/","url":"https:\/\/radioinfinitagoya.com.ar\/v1\/2025\/09\/16\/exito-rotundo-de-la-copa-liga-de-las-americas-en-corrientes\/","name":"\u00c9xito rotundo de la Copa Liga de las Am\u00e9ricas en Corrientes - Radio Infinita Goya","isPartOf":{"@id":"https:\/\/radioinfinitagoya.com.ar\/v1\/#website"},"primaryImageOfPage":{"@id":"https:\/\/radioinfinitagoya.com.ar\/v1\/2025\/09\/16\/exito-rotundo-de-la-copa-liga-de-las-americas-en-corrientes\/#primaryimage"},"image":{"@id":"https:\/\/radioinfinitagoya.com.ar\/v1\/2025\/09\/16\/exito-rotundo-de-la-copa-liga-de-las-americas-en-corrientes\/#primaryimage"},"thumbnailUrl":"https:\/\/radioinfinitagoya.com.ar\/v1\/wp-content\/uploads\/2025\/09\/TAEKWONDO1.jpeg","datePublished":"2025-09-16T19:05:46+00:00","description":"La ciudad de Corrientes, con la Asociaci\u00f3n Civil Academia Superior de Taekwondo ITF como anfitriona, fue escenario de un evento deportivo de gran magnitud","breadcrumb":{"@id":"https:\/\/radioinfinitagoya.com.ar\/v1\/2025\/09\/16\/exito-rotundo-de-la-copa-liga-de-las-americas-en-corrientes\/#breadcrumb"},"inLanguage":"es-AR","potentialAction":[{"@type":"ReadAction","target":["https:\/\/radioinfinitagoya.com.ar\/v1\/2025\/09\/16\/exito-rotundo-de-la-copa-liga-de-las-americas-en-corrientes\/"]}]},{"@type":"ImageObject","inLanguage":"es-AR","@id":"https:\/\/radioinfinitagoya.com.ar\/v1\/2025\/09\/16\/exito-rotundo-de-la-copa-liga-de-las-americas-en-corrientes\/#primaryimage","url":"https:\/\/radioinfinitagoya.com.ar\/v1\/wp-content\/uploads\/2025\/09\/TAEKWONDO1.jpeg","contentUrl":"https:\/\/radioinfinitagoya.com.ar\/v1\/wp-content\/uploads\/2025\/09\/TAEKWONDO1.jpeg","width":1600,"height":1200},{"@type":"BreadcrumbList","@id":"https:\/\/radioinfinitagoya.com.ar\/v1\/2025\/09\/16\/exito-rotundo-de-la-copa-liga-de-las-americas-en-corrientes\/#breadcrumb","itemListElement":[{"@type":"ListItem","position":1,"name":"Inicio","item":"https:\/\/radioinfinitagoya.com.ar\/v1\/"},{"@type":"ListItem","position":2,"name":"\u00c9xito rotundo de la Copa Liga de las Am\u00e9ricas en Corrientes"}]},{"@type":"WebSite","@id":"https:\/\/radioinfinitagoya.com.ar\/v1\/#website","url":"https:\/\/radioinfinitagoya.com.ar\/v1\/","name":"radioinfinitagoya.com.ar","description":"Radio de noticias","publisher":{"@id":"https:\/\/radioinfinitagoya.com.ar\/v1\/#organization"},"potentialAction":[{"@type":"SearchAction","target":{"@type":"EntryPoint","urlTemplate":"https:\/\/radioinfinitagoya.com.ar\/v1\/?s={search_term_string}"},"query-input":{"@type":"PropertyValueSpecification","valueRequired":true,"valueName":"search_term_string"}}],"inLanguage":"es-AR"},{"@type":"Organization","@id":"https:\/\/radioinfinitagoya.com.ar\/v1\/#organization","name":"Radio Infinita Goya","url":"https:\/\/radioinfinitagoya.com.ar\/v1\/","logo":{"@type":"ImageObject","inLanguage":"es-AR","@id":"https:\/\/radioinfinitagoya.com.ar\/v1\/#\/schema\/logo\/image\/","url":"https:\/\/radioinfinitagoya.com.ar\/v1\/wp-content\/uploads\/2019\/11\/logo-pie-web.png","contentUrl":"https:\/\/radioinfinitagoya.com.ar\/v1\/wp-content\/uploads\/2019\/11\/logo-pie-web.png","width":635,"height":326,"caption":"Radio Infinita Goya"},"image":{"@id":"https:\/\/radioinfinitagoya.com.ar\/v1\/#\/schema\/logo\/image\/"},"sameAs":["https:\/\/www.facebook.com\/p\/Infinita-Goya-100063870918311\/"]},{"@type":"Person","@id":"https:\/\/radioinfinitagoya.com.ar\/v1\/#\/schema\/person\/d4cf9c413d4f6edb24aabdccab49ca4a","name":"Jorge Mi\u00f1o","image":{"@type":"ImageObject","inLanguage":"es-AR","@id":"https:\/\/secure.gravatar.com\/avatar\/910fcf6728fe95320e07a6643c1581fec1c7fc4bf8ae12e3d8f0d0373dc844be?s=96&d=mm&r=g","url":"https:\/\/secure.gravatar.com\/avatar\/910fcf6728fe95320e07a6643c1581fec1c7fc4bf8ae12e3d8f0d0373dc844be?s=96&d=mm&r=g","contentUrl":"https:\/\/secure.gravatar.com\/avatar\/910fcf6728fe95320e07a6643c1581fec1c7fc4bf8ae12e3d8f0d0373dc844be?s=96&d=mm&r=g","caption":"Jorge Mi\u00f1o"},"sameAs":["http:\/\/radioinfinitagoya.com.ar"]}]}},"_links":{"self":[{"href":"https:\/\/radioinfinitagoya.com.ar\/v1\/wp-json\/wp\/v2\/posts\/196005","targetHints":{"allow":["GET"]}}],"collection":[{"href":"https:\/\/radioinfinitagoya.com.ar\/v1\/wp-json\/wp\/v2\/posts"}],"about":[{"href":"https:\/\/radioinfinitagoya.com.ar\/v1\/wp-json\/wp\/v2\/types\/post"}],"author":[{"embeddable":true,"href":"https:\/\/radioinfinitagoya.com.ar\/v1\/wp-json\/wp\/v2\/users\/4"}],"replies":[{"embeddable":true,"href":"https:\/\/radioinfinitagoya.com.ar\/v1\/wp-json\/wp\/v2\/comments?post=196005"}],"version-history":[{"count":0,"href":"https:\/\/radioinfinitagoya.com.ar\/v1\/wp-json\/wp\/v2\/posts\/196005\/revisions"}],"wp:featuredmedia":[{"embeddable":true,"href":"https:\/\/radioinfinitagoya.com.ar\/v1\/wp-json\/wp\/v2\/media\/196006"}],"wp:attachment":[{"href":"https:\/\/radioinfinitagoya.com.ar\/v1\/wp-json\/wp\/v2\/media?parent=196005"}],"wp:term":[{"taxonomy":"category","embeddable":true,"href":"https:\/\/radioinfinitagoya.com.ar\/v1\/wp-json\/wp\/v2\/categories?post=196005"},{"taxonomy":"post_tag","embeddable":true,"href":"https:\/\/radioinfinitagoya.com.ar\/v1\/wp-json\/wp\/v2\/tags?post=196005"}],"curies":[{"name":"wp","href":"https:\/\/api.w.org\/{rel}","templated":true}]}}