{"id":197484,"date":"2025-10-13T16:03:31","date_gmt":"2025-10-13T19:03:31","guid":{"rendered":"https:\/\/radioinfinitagoya.com.ar\/v1\/?p=197484"},"modified":"2025-10-13T16:03:31","modified_gmt":"2025-10-13T19:03:31","slug":"bullrich-anuncio-el-plan-parana-para-el-control-de-la-hidrovia","status":"publish","type":"post","link":"https:\/\/radioinfinitagoya.com.ar\/v1\/2025\/10\/13\/bullrich-anuncio-el-plan-parana-para-el-control-de-la-hidrovia\/","title":{"rendered":"Bullrich anunci\u00f3 el Plan Paran\u00e1 para el control de la hidrov\u00eda"},"content":{"rendered":"<p>La ministra de Seguridad se mostr\u00f3 con la funcionaria que suena para sucederla en la cartera.<\/p>\n<p>La ministra de Seguridad y candidata libertaria, Patricia Bullrich, anunci\u00f3 esta ma\u00f1ana el Plan Paran\u00e1 para intensificar los controles sobre la hidrov\u00eda Paraguay-Paran\u00e1, y lo hizo escoltada por la secretaria de Seguridad, Alejandra Monteoliva, la funcionaria que suena para sucederla al frente de la cartera en caso de asumir a la C\u00e1mara de Senadores.<\/p>\n<p>&#8220;Estamos inaugurando un nuevo plan en la Isla del Cerrito, un lugar en el Chaco donde permanentemente tenemos un intento de bandas de entrar droga, una zona que hace mucho estamos controlando pero decidimos intensificarlo con m\u00e1s atenci\u00f3n, m\u00e1s fuerzas, y conjuntamente con la provincia de Chacho y Corrientes. Es un plan integral de control de la Hidrov\u00eda&#8221;, anunci\u00f3 Bullrich desde la darsena 3, en una embarcaci\u00f3n de la Prefectura Naval.<\/p>\n<p>Asimismo, salud\u00f3 particularmente a Monteoliva, quien suena para suplantarla al frente del Ministerio de Seguridad si Bullrich logra imponerse el pr\u00f3ximo 26 de octubre, en las elecciones legislativas nacionales, y a los ministros de Seguridad, Hugo Malcovich, de Chaco, y a Alfredo Oscar Vallejos, de Corrientes.<\/p>\n<p>&#8220;Para nosotros es fundamental entender que la frontera y la hidrov\u00eda configuran un punto que tenemos que terminar de controlar&#8221;, sum\u00f3 la candidata a primera senadora por La Libertad Avanza.<\/p>\n<p>En la misma l\u00ednea, subray\u00f3: &#8220;Este es el lanzamiento del Plan Paran\u00e1 que va a tener una atenci\u00f3n especial, concreta, eficaz sobre la hidrov\u00eda Paran\u00e1, constituyendo el corredor m\u00e1s importante de la zona. Son 3 mil 400 kil\u00f3metros que van desde Brasil hasta Uruguay&#8221;.<\/p>\n<p>&#8220;La integramos cinco pa\u00edses: Brasil, Paraguay, Bolivia, Uruguay y la Argentina. Es una v\u00eda de transporte fluvial estrat\u00e9gica para el comercio, la log\u00edstica y la producci\u00f3n regional&#8221;, destac\u00f3 la funcionaria, y agreg\u00f3: &#8220;Es una columna vertebral. Es la naturaleza que ha permitido que los cinco pa\u00edses utilicemos una misma v\u00eda para el comercio&#8221;.<\/p>\n<p>Seg\u00fan detall\u00f3, la hidrov\u00eda en territorio argentino atraviesa las provincias de Misiones, Chaco, Corrientes, Santa Fe y Entre R\u00edos y desemboca en el R\u00edo de La Plata, la que defini\u00f3 como &#8220;la m\u00e1s grande del hemisferio sur, con un enorme valor ambiental y econ\u00f3mico&#8221;.<\/p>\n<p>&#8220;Como circula nuestro comercio, nuestros granos, nuestra producci\u00f3n agricultura, as\u00ed como hay barcazas el d\u00eda entero tenemos que terminar, porque lo hacemos de hace tiempo, de cerrar la hidrov\u00eda al delito&#8221;, denunci\u00f3, y plante\u00f3: &#8220;Blindar la posibilidad de que la hidrov\u00eda no sea una forma de transporte de cualquier tipo de elemento delictivo sea droga, armas o cualquier otro tipo de problema criminal que podamos encontrar&#8221;.<\/p>\n<p>La ministra en traje de candidata remarc\u00f3: &#8220;Este plan viene a recuperar el control y blindar el corredor fluvial m\u00e1s importante del pa\u00eds despu\u00e9s de muchos a\u00f1os de abandono. Hemos hecho una gran tarea con nuestros equipos t\u00e9cnicos y tecnol\u00f3gicos&#8221;.<\/p>\n<p>&nbsp;<\/p>\n","protected":false},"excerpt":{"rendered":"<p>La ministra de Seguridad se mostr\u00f3 con la funcionaria que suena para sucederla en la cartera. La ministra de Seguridad y candidata libertaria, Patricia Bullrich, anunci\u00f3 esta ma\u00f1ana el Plan Paran\u00e1 para intensificar los controles sobre la hidrov\u00eda Paraguay-Paran\u00e1, y lo hizo escoltada por la secretaria de Seguridad, Alejandra Monteoliva, la funcionaria que suena para [&hellip;]<\/p>\n","protected":false},"author":4,"featured_media":197485,"comment_status":"closed","ping_status":"closed","sticky":false,"template":"","format":"standard","meta":{"_joinchat":[],"footnotes":""},"categories":[29],"tags":[],"class_list":{"0":"post-197484","1":"post","2":"type-post","3":"status-publish","4":"format-standard","5":"has-post-thumbnail","7":"category-nacionales"},"yoast_head":"<!-- This site is optimized with the Yoast SEO plugin v27.2 - https:\/\/yoast.com\/product\/yoast-seo-wordpress\/ -->\n<title>Bullrich anunci\u00f3 el Plan Paran\u00e1 para el control de la hidrov\u00eda - Radio Infinita Goya<\/title>\n<meta name=\"description\" content=\"La ministra de Seguridad se mostr\u00f3 con la funcionaria que suena para sucederla en la cartera. La ministra de Seguridad y candidata libertaria, Patricia\" \/>\n<meta name=\"robots\" content=\"index, follow, max-snippet:-1, max-image-preview:large, max-video-preview:-1\" \/>\n<link rel=\"canonical\" href=\"https:\/\/radioinfinitagoya.com.ar\/v1\/2025\/10\/13\/bullrich-anuncio-el-plan-parana-para-el-control-de-la-hidrovia\/\" \/>\n<meta property=\"og:locale\" content=\"es_ES\" \/>\n<meta property=\"og:type\" content=\"article\" \/>\n<meta property=\"og:title\" content=\"Bullrich anunci\u00f3 el Plan Paran\u00e1 para el control de la hidrov\u00eda - Radio Infinita Goya\" \/>\n<meta property=\"og:description\" content=\"La ministra de Seguridad se mostr\u00f3 con la funcionaria que suena para sucederla en la cartera. La ministra de Seguridad y candidata libertaria, Patricia\" \/>\n<meta property=\"og:url\" content=\"https:\/\/radioinfinitagoya.com.ar\/v1\/2025\/10\/13\/bullrich-anuncio-el-plan-parana-para-el-control-de-la-hidrovia\/\" \/>\n<meta property=\"og:site_name\" content=\"Radio Infinita Goya\" \/>\n<meta property=\"article:publisher\" content=\"https:\/\/www.facebook.com\/p\/Infinita-Goya-100063870918311\/\" \/>\n<meta property=\"article:published_time\" content=\"2025-10-13T19:03:31+00:00\" \/>\n<meta property=\"og:image\" content=\"https:\/\/radioinfinitagoya.com.ar\/v1\/wp-content\/uploads\/2025\/10\/4hO1Jb6c.png\" \/>\n\t<meta property=\"og:image:width\" content=\"680\" \/>\n\t<meta property=\"og:image:height\" content=\"457\" \/>\n\t<meta property=\"og:image:type\" content=\"image\/png\" \/>\n<meta name=\"author\" content=\"Jorge Mi\u00f1o\" \/>\n<meta name=\"twitter:card\" content=\"summary_large_image\" \/>\n<meta name=\"twitter:label1\" content=\"Escrito por\" \/>\n\t<meta name=\"twitter:data1\" content=\"Jorge Mi\u00f1o\" \/>\n\t<meta name=\"twitter:label2\" content=\"Tiempo de lectura\" \/>\n\t<meta name=\"twitter:data2\" content=\"3 minutos\" \/>\n<script type=\"application\/ld+json\" class=\"yoast-schema-graph\">{\"@context\":\"https:\/\/schema.org\",\"@graph\":[{\"@type\":\"Article\",\"@id\":\"https:\/\/radioinfinitagoya.com.ar\/v1\/2025\/10\/13\/bullrich-anuncio-el-plan-parana-para-el-control-de-la-hidrovia\/#article\",\"isPartOf\":{\"@id\":\"https:\/\/radioinfinitagoya.com.ar\/v1\/2025\/10\/13\/bullrich-anuncio-el-plan-parana-para-el-control-de-la-hidrovia\/\"},\"author\":{\"name\":\"Jorge Mi\u00f1o\",\"@id\":\"https:\/\/radioinfinitagoya.com.ar\/v1\/#\/schema\/person\/d4cf9c413d4f6edb24aabdccab49ca4a\"},\"headline\":\"Bullrich anunci\u00f3 el Plan Paran\u00e1 para el control de la hidrov\u00eda\",\"datePublished\":\"2025-10-13T19:03:31+00:00\",\"mainEntityOfPage\":{\"@id\":\"https:\/\/radioinfinitagoya.com.ar\/v1\/2025\/10\/13\/bullrich-anuncio-el-plan-parana-para-el-control-de-la-hidrovia\/\"},\"wordCount\":511,\"publisher\":{\"@id\":\"https:\/\/radioinfinitagoya.com.ar\/v1\/#organization\"},\"image\":{\"@id\":\"https:\/\/radioinfinitagoya.com.ar\/v1\/2025\/10\/13\/bullrich-anuncio-el-plan-parana-para-el-control-de-la-hidrovia\/#primaryimage\"},\"thumbnailUrl\":\"https:\/\/radioinfinitagoya.com.ar\/v1\/wp-content\/uploads\/2025\/10\/4hO1Jb6c.png\",\"articleSection\":[\"NACIONALES\"],\"inLanguage\":\"es-AR\"},{\"@type\":\"WebPage\",\"@id\":\"https:\/\/radioinfinitagoya.com.ar\/v1\/2025\/10\/13\/bullrich-anuncio-el-plan-parana-para-el-control-de-la-hidrovia\/\",\"url\":\"https:\/\/radioinfinitagoya.com.ar\/v1\/2025\/10\/13\/bullrich-anuncio-el-plan-parana-para-el-control-de-la-hidrovia\/\",\"name\":\"Bullrich anunci\u00f3 el Plan Paran\u00e1 para el control de la hidrov\u00eda - Radio Infinita Goya\",\"isPartOf\":{\"@id\":\"https:\/\/radioinfinitagoya.com.ar\/v1\/#website\"},\"primaryImageOfPage\":{\"@id\":\"https:\/\/radioinfinitagoya.com.ar\/v1\/2025\/10\/13\/bullrich-anuncio-el-plan-parana-para-el-control-de-la-hidrovia\/#primaryimage\"},\"image\":{\"@id\":\"https:\/\/radioinfinitagoya.com.ar\/v1\/2025\/10\/13\/bullrich-anuncio-el-plan-parana-para-el-control-de-la-hidrovia\/#primaryimage\"},\"thumbnailUrl\":\"https:\/\/radioinfinitagoya.com.ar\/v1\/wp-content\/uploads\/2025\/10\/4hO1Jb6c.png\",\"datePublished\":\"2025-10-13T19:03:31+00:00\",\"description\":\"La ministra de Seguridad se mostr\u00f3 con la funcionaria que suena para sucederla en la cartera. La ministra de Seguridad y candidata libertaria, Patricia\",\"breadcrumb\":{\"@id\":\"https:\/\/radioinfinitagoya.com.ar\/v1\/2025\/10\/13\/bullrich-anuncio-el-plan-parana-para-el-control-de-la-hidrovia\/#breadcrumb\"},\"inLanguage\":\"es-AR\",\"potentialAction\":[{\"@type\":\"ReadAction\",\"target\":[\"https:\/\/radioinfinitagoya.com.ar\/v1\/2025\/10\/13\/bullrich-anuncio-el-plan-parana-para-el-control-de-la-hidrovia\/\"]}]},{\"@type\":\"ImageObject\",\"inLanguage\":\"es-AR\",\"@id\":\"https:\/\/radioinfinitagoya.com.ar\/v1\/2025\/10\/13\/bullrich-anuncio-el-plan-parana-para-el-control-de-la-hidrovia\/#primaryimage\",\"url\":\"https:\/\/radioinfinitagoya.com.ar\/v1\/wp-content\/uploads\/2025\/10\/4hO1Jb6c.png\",\"contentUrl\":\"https:\/\/radioinfinitagoya.com.ar\/v1\/wp-content\/uploads\/2025\/10\/4hO1Jb6c.png\",\"width\":680,\"height\":457},{\"@type\":\"BreadcrumbList\",\"@id\":\"https:\/\/radioinfinitagoya.com.ar\/v1\/2025\/10\/13\/bullrich-anuncio-el-plan-parana-para-el-control-de-la-hidrovia\/#breadcrumb\",\"itemListElement\":[{\"@type\":\"ListItem\",\"position\":1,\"name\":\"Inicio\",\"item\":\"https:\/\/radioinfinitagoya.com.ar\/v1\/\"},{\"@type\":\"ListItem\",\"position\":2,\"name\":\"Bullrich anunci\u00f3 el Plan Paran\u00e1 para el control de la hidrov\u00eda\"}]},{\"@type\":\"WebSite\",\"@id\":\"https:\/\/radioinfinitagoya.com.ar\/v1\/#website\",\"url\":\"https:\/\/radioinfinitagoya.com.ar\/v1\/\",\"name\":\"radioinfinitagoya.com.ar\",\"description\":\"Radio de noticias\",\"publisher\":{\"@id\":\"https:\/\/radioinfinitagoya.com.ar\/v1\/#organization\"},\"potentialAction\":[{\"@type\":\"SearchAction\",\"target\":{\"@type\":\"EntryPoint\",\"urlTemplate\":\"https:\/\/radioinfinitagoya.com.ar\/v1\/?s={search_term_string}\"},\"query-input\":{\"@type\":\"PropertyValueSpecification\",\"valueRequired\":true,\"valueName\":\"search_term_string\"}}],\"inLanguage\":\"es-AR\"},{\"@type\":\"Organization\",\"@id\":\"https:\/\/radioinfinitagoya.com.ar\/v1\/#organization\",\"name\":\"Radio Infinita Goya\",\"url\":\"https:\/\/radioinfinitagoya.com.ar\/v1\/\",\"logo\":{\"@type\":\"ImageObject\",\"inLanguage\":\"es-AR\",\"@id\":\"https:\/\/radioinfinitagoya.com.ar\/v1\/#\/schema\/logo\/image\/\",\"url\":\"https:\/\/radioinfinitagoya.com.ar\/v1\/wp-content\/uploads\/2019\/11\/logo-pie-web.png\",\"contentUrl\":\"https:\/\/radioinfinitagoya.com.ar\/v1\/wp-content\/uploads\/2019\/11\/logo-pie-web.png\",\"width\":635,\"height\":326,\"caption\":\"Radio Infinita Goya\"},\"image\":{\"@id\":\"https:\/\/radioinfinitagoya.com.ar\/v1\/#\/schema\/logo\/image\/\"},\"sameAs\":[\"https:\/\/www.facebook.com\/p\/Infinita-Goya-100063870918311\/\"]},{\"@type\":\"Person\",\"@id\":\"https:\/\/radioinfinitagoya.com.ar\/v1\/#\/schema\/person\/d4cf9c413d4f6edb24aabdccab49ca4a\",\"name\":\"Jorge Mi\u00f1o\",\"image\":{\"@type\":\"ImageObject\",\"inLanguage\":\"es-AR\",\"@id\":\"https:\/\/secure.gravatar.com\/avatar\/910fcf6728fe95320e07a6643c1581fec1c7fc4bf8ae12e3d8f0d0373dc844be?s=96&d=mm&r=g\",\"url\":\"https:\/\/secure.gravatar.com\/avatar\/910fcf6728fe95320e07a6643c1581fec1c7fc4bf8ae12e3d8f0d0373dc844be?s=96&d=mm&r=g\",\"contentUrl\":\"https:\/\/secure.gravatar.com\/avatar\/910fcf6728fe95320e07a6643c1581fec1c7fc4bf8ae12e3d8f0d0373dc844be?s=96&d=mm&r=g\",\"caption\":\"Jorge Mi\u00f1o\"},\"sameAs\":[\"http:\/\/radioinfinitagoya.com.ar\"]}]}<\/script>\n<!-- \/ Yoast SEO plugin. -->","yoast_head_json":{"title":"Bullrich anunci\u00f3 el Plan Paran\u00e1 para el control de la hidrov\u00eda - Radio Infinita Goya","description":"La ministra de Seguridad se mostr\u00f3 con la funcionaria que suena para sucederla en la cartera. La ministra de Seguridad y candidata libertaria, Patricia","robots":{"index":"index","follow":"follow","max-snippet":"max-snippet:-1","max-image-preview":"max-image-preview:large","max-video-preview":"max-video-preview:-1"},"canonical":"https:\/\/radioinfinitagoya.com.ar\/v1\/2025\/10\/13\/bullrich-anuncio-el-plan-parana-para-el-control-de-la-hidrovia\/","og_locale":"es_ES","og_type":"article","og_title":"Bullrich anunci\u00f3 el Plan Paran\u00e1 para el control de la hidrov\u00eda - Radio Infinita Goya","og_description":"La ministra de Seguridad se mostr\u00f3 con la funcionaria que suena para sucederla en la cartera. La ministra de Seguridad y candidata libertaria, Patricia","og_url":"https:\/\/radioinfinitagoya.com.ar\/v1\/2025\/10\/13\/bullrich-anuncio-el-plan-parana-para-el-control-de-la-hidrovia\/","og_site_name":"Radio Infinita Goya","article_publisher":"https:\/\/www.facebook.com\/p\/Infinita-Goya-100063870918311\/","article_published_time":"2025-10-13T19:03:31+00:00","og_image":[{"width":680,"height":457,"url":"https:\/\/radioinfinitagoya.com.ar\/v1\/wp-content\/uploads\/2025\/10\/4hO1Jb6c.png","type":"image\/png"}],"author":"Jorge Mi\u00f1o","twitter_card":"summary_large_image","twitter_misc":{"Escrito por":"Jorge Mi\u00f1o","Tiempo de lectura":"3 minutos"},"schema":{"@context":"https:\/\/schema.org","@graph":[{"@type":"Article","@id":"https:\/\/radioinfinitagoya.com.ar\/v1\/2025\/10\/13\/bullrich-anuncio-el-plan-parana-para-el-control-de-la-hidrovia\/#article","isPartOf":{"@id":"https:\/\/radioinfinitagoya.com.ar\/v1\/2025\/10\/13\/bullrich-anuncio-el-plan-parana-para-el-control-de-la-hidrovia\/"},"author":{"name":"Jorge Mi\u00f1o","@id":"https:\/\/radioinfinitagoya.com.ar\/v1\/#\/schema\/person\/d4cf9c413d4f6edb24aabdccab49ca4a"},"headline":"Bullrich anunci\u00f3 el Plan Paran\u00e1 para el control de la hidrov\u00eda","datePublished":"2025-10-13T19:03:31+00:00","mainEntityOfPage":{"@id":"https:\/\/radioinfinitagoya.com.ar\/v1\/2025\/10\/13\/bullrich-anuncio-el-plan-parana-para-el-control-de-la-hidrovia\/"},"wordCount":511,"publisher":{"@id":"https:\/\/radioinfinitagoya.com.ar\/v1\/#organization"},"image":{"@id":"https:\/\/radioinfinitagoya.com.ar\/v1\/2025\/10\/13\/bullrich-anuncio-el-plan-parana-para-el-control-de-la-hidrovia\/#primaryimage"},"thumbnailUrl":"https:\/\/radioinfinitagoya.com.ar\/v1\/wp-content\/uploads\/2025\/10\/4hO1Jb6c.png","articleSection":["NACIONALES"],"inLanguage":"es-AR"},{"@type":"WebPage","@id":"https:\/\/radioinfinitagoya.com.ar\/v1\/2025\/10\/13\/bullrich-anuncio-el-plan-parana-para-el-control-de-la-hidrovia\/","url":"https:\/\/radioinfinitagoya.com.ar\/v1\/2025\/10\/13\/bullrich-anuncio-el-plan-parana-para-el-control-de-la-hidrovia\/","name":"Bullrich anunci\u00f3 el Plan Paran\u00e1 para el control de la hidrov\u00eda - Radio Infinita Goya","isPartOf":{"@id":"https:\/\/radioinfinitagoya.com.ar\/v1\/#website"},"primaryImageOfPage":{"@id":"https:\/\/radioinfinitagoya.com.ar\/v1\/2025\/10\/13\/bullrich-anuncio-el-plan-parana-para-el-control-de-la-hidrovia\/#primaryimage"},"image":{"@id":"https:\/\/radioinfinitagoya.com.ar\/v1\/2025\/10\/13\/bullrich-anuncio-el-plan-parana-para-el-control-de-la-hidrovia\/#primaryimage"},"thumbnailUrl":"https:\/\/radioinfinitagoya.com.ar\/v1\/wp-content\/uploads\/2025\/10\/4hO1Jb6c.png","datePublished":"2025-10-13T19:03:31+00:00","description":"La ministra de Seguridad se mostr\u00f3 con la funcionaria que suena para sucederla en la cartera. La ministra de Seguridad y candidata libertaria, Patricia","breadcrumb":{"@id":"https:\/\/radioinfinitagoya.com.ar\/v1\/2025\/10\/13\/bullrich-anuncio-el-plan-parana-para-el-control-de-la-hidrovia\/#breadcrumb"},"inLanguage":"es-AR","potentialAction":[{"@type":"ReadAction","target":["https:\/\/radioinfinitagoya.com.ar\/v1\/2025\/10\/13\/bullrich-anuncio-el-plan-parana-para-el-control-de-la-hidrovia\/"]}]},{"@type":"ImageObject","inLanguage":"es-AR","@id":"https:\/\/radioinfinitagoya.com.ar\/v1\/2025\/10\/13\/bullrich-anuncio-el-plan-parana-para-el-control-de-la-hidrovia\/#primaryimage","url":"https:\/\/radioinfinitagoya.com.ar\/v1\/wp-content\/uploads\/2025\/10\/4hO1Jb6c.png","contentUrl":"https:\/\/radioinfinitagoya.com.ar\/v1\/wp-content\/uploads\/2025\/10\/4hO1Jb6c.png","width":680,"height":457},{"@type":"BreadcrumbList","@id":"https:\/\/radioinfinitagoya.com.ar\/v1\/2025\/10\/13\/bullrich-anuncio-el-plan-parana-para-el-control-de-la-hidrovia\/#breadcrumb","itemListElement":[{"@type":"ListItem","position":1,"name":"Inicio","item":"https:\/\/radioinfinitagoya.com.ar\/v1\/"},{"@type":"ListItem","position":2,"name":"Bullrich anunci\u00f3 el Plan Paran\u00e1 para el control de la hidrov\u00eda"}]},{"@type":"WebSite","@id":"https:\/\/radioinfinitagoya.com.ar\/v1\/#website","url":"https:\/\/radioinfinitagoya.com.ar\/v1\/","name":"radioinfinitagoya.com.ar","description":"Radio de noticias","publisher":{"@id":"https:\/\/radioinfinitagoya.com.ar\/v1\/#organization"},"potentialAction":[{"@type":"SearchAction","target":{"@type":"EntryPoint","urlTemplate":"https:\/\/radioinfinitagoya.com.ar\/v1\/?s={search_term_string}"},"query-input":{"@type":"PropertyValueSpecification","valueRequired":true,"valueName":"search_term_string"}}],"inLanguage":"es-AR"},{"@type":"Organization","@id":"https:\/\/radioinfinitagoya.com.ar\/v1\/#organization","name":"Radio Infinita Goya","url":"https:\/\/radioinfinitagoya.com.ar\/v1\/","logo":{"@type":"ImageObject","inLanguage":"es-AR","@id":"https:\/\/radioinfinitagoya.com.ar\/v1\/#\/schema\/logo\/image\/","url":"https:\/\/radioinfinitagoya.com.ar\/v1\/wp-content\/uploads\/2019\/11\/logo-pie-web.png","contentUrl":"https:\/\/radioinfinitagoya.com.ar\/v1\/wp-content\/uploads\/2019\/11\/logo-pie-web.png","width":635,"height":326,"caption":"Radio Infinita Goya"},"image":{"@id":"https:\/\/radioinfinitagoya.com.ar\/v1\/#\/schema\/logo\/image\/"},"sameAs":["https:\/\/www.facebook.com\/p\/Infinita-Goya-100063870918311\/"]},{"@type":"Person","@id":"https:\/\/radioinfinitagoya.com.ar\/v1\/#\/schema\/person\/d4cf9c413d4f6edb24aabdccab49ca4a","name":"Jorge Mi\u00f1o","image":{"@type":"ImageObject","inLanguage":"es-AR","@id":"https:\/\/secure.gravatar.com\/avatar\/910fcf6728fe95320e07a6643c1581fec1c7fc4bf8ae12e3d8f0d0373dc844be?s=96&d=mm&r=g","url":"https:\/\/secure.gravatar.com\/avatar\/910fcf6728fe95320e07a6643c1581fec1c7fc4bf8ae12e3d8f0d0373dc844be?s=96&d=mm&r=g","contentUrl":"https:\/\/secure.gravatar.com\/avatar\/910fcf6728fe95320e07a6643c1581fec1c7fc4bf8ae12e3d8f0d0373dc844be?s=96&d=mm&r=g","caption":"Jorge Mi\u00f1o"},"sameAs":["http:\/\/radioinfinitagoya.com.ar"]}]}},"_links":{"self":[{"href":"https:\/\/radioinfinitagoya.com.ar\/v1\/wp-json\/wp\/v2\/posts\/197484","targetHints":{"allow":["GET"]}}],"collection":[{"href":"https:\/\/radioinfinitagoya.com.ar\/v1\/wp-json\/wp\/v2\/posts"}],"about":[{"href":"https:\/\/radioinfinitagoya.com.ar\/v1\/wp-json\/wp\/v2\/types\/post"}],"author":[{"embeddable":true,"href":"https:\/\/radioinfinitagoya.com.ar\/v1\/wp-json\/wp\/v2\/users\/4"}],"replies":[{"embeddable":true,"href":"https:\/\/radioinfinitagoya.com.ar\/v1\/wp-json\/wp\/v2\/comments?post=197484"}],"version-history":[{"count":0,"href":"https:\/\/radioinfinitagoya.com.ar\/v1\/wp-json\/wp\/v2\/posts\/197484\/revisions"}],"wp:featuredmedia":[{"embeddable":true,"href":"https:\/\/radioinfinitagoya.com.ar\/v1\/wp-json\/wp\/v2\/media\/197485"}],"wp:attachment":[{"href":"https:\/\/radioinfinitagoya.com.ar\/v1\/wp-json\/wp\/v2\/media?parent=197484"}],"wp:term":[{"taxonomy":"category","embeddable":true,"href":"https:\/\/radioinfinitagoya.com.ar\/v1\/wp-json\/wp\/v2\/categories?post=197484"},{"taxonomy":"post_tag","embeddable":true,"href":"https:\/\/radioinfinitagoya.com.ar\/v1\/wp-json\/wp\/v2\/tags?post=197484"}],"curies":[{"name":"wp","href":"https:\/\/api.w.org\/{rel}","templated":true}]}}