{"id":197652,"date":"2025-10-16T15:52:30","date_gmt":"2025-10-16T18:52:30","guid":{"rendered":"https:\/\/radioinfinitagoya.com.ar\/v1\/?p=197652"},"modified":"2025-10-16T15:52:30","modified_gmt":"2025-10-16T18:52:30","slug":"el-uso-de-la-capacidad-instada-en-la-industria-nacional-cayo-al-594-en-agosto","status":"publish","type":"post","link":"https:\/\/radioinfinitagoya.com.ar\/v1\/2025\/10\/16\/el-uso-de-la-capacidad-instada-en-la-industria-nacional-cayo-al-594-en-agosto\/","title":{"rendered":"El uso de la capacidad instada en la industria nacional cay\u00f3 al 59,4% en agosto"},"content":{"rendered":"<p>Los datos son aportados por el Indec y reflejan un retroceso interanual, desde el 61,2% alcanzado en agosto de 2024.<\/p>\n<p>El sector industrial argentino registr\u00f3 en agosto una utilizaci\u00f3n de la capacidad instalada del 59,4%, una cifra que refleja una ca\u00edda respecto al mismo mes del a\u00f1o anterior, de acuerdo con los datos difundidos por el Instituto Nacional de Estad\u00edsticas y Censos (Indec).<\/p>\n<p>Este retroceso interanual, desde el 61,2% alcanzado en agosto de 2024, contrasta con el leve repunte observado frente a julio, cuando el indicador se ubic\u00f3 en 58,2%.<\/p>\n<p>El an\u00e1lisis por sectores revela marcadas diferencias en el desempe\u00f1o de las distintas ramas industriales. La refinaci\u00f3n del petr\u00f3leo lider\u00f3 el uso de la capacidad instalada con un 86,1%, seguida por las industrias met\u00e1licas b\u00e1sicas (70,4%), productos alimenticios y bebidas (66,6%), papel y cart\u00f3n (61,4%) y sustancias y productos qu\u00edmicos (60,1%), todos ellos por encima del promedio general.<\/p>\n<p>En contraste, varios sectores operaron por debajo del nivel medio. La metalmec\u00e1nica excepto automotores registr\u00f3 un 44,4%, lo que representa la mayor incidencia negativa en la comparaci\u00f3n interanual, ya que en agosto del a\u00f1o anterior hab\u00eda alcanzado el 50,8%. Otros rubros con desempe\u00f1os inferiores al promedio fueron productos minerales no met\u00e1licos (58,5%), industria automotriz (53,3%), edici\u00f3n e impresi\u00f3n (50,9%), productos del tabaco (46,9%), productos de caucho y pl\u00e1stico (42,1%) y productos textiles (41,5%).<\/p>\n<p>Si se consideran las cifras interanuales de cada sector, solamente 3 de los 12 sectores que analiza el reporte del Indec muestra un crecimiento. Se trata de Refinaci\u00f3n del petr\u00f3leo, Industrias Met\u00e1licas B\u00e1sicas y Productos alimenticios y bebidas. Los 9 sectores restantes mostraron una capacidad instalada inferior a la que exhib\u00edan en el mismo mes de 2024.<\/p>\n<p>El \u00cdndice de producci\u00f3n industrial manufacturero (IPI manufacturero) del Indec se\u00f1ala que en agosto varios segmentos experimentaron una menor actividad respecto al mismo mes del a\u00f1o anterior. Entre ellos se encuentran la maquinaria agropecuaria, los aparatos de uso dom\u00e9stico y los productos de metal. En el caso de los productos de caucho y pl\u00e1stico, la utilizaci\u00f3n de la capacidad instalada fue del 42,1%, por debajo del 48,7% registrado en agosto del a\u00f1o anterior.<\/p>\n<p>La industria automotriz tambi\u00e9n mostr\u00f3 un descenso, con un 53,3% de utilizaci\u00f3n de la capacidad instalada frente al 59,9% del a\u00f1o previo, una ca\u00edda vinculada a la reducci\u00f3n de la producci\u00f3n en las terminales automotrices. Por su parte, los productos textiles alcanzaron un 41,5%, lejos del 50,4% de agosto del a\u00f1o anterior.<\/p>\n<p>El sector de productos del tabaco utiliz\u00f3 el 46,9% de su capacidad instalada, una cifra inferior al 54,4% de agosto del a\u00f1o anterior, descenso atribuido a la menor producci\u00f3n de cigarrillos.<\/p>\n<p>El indicador de utilizaci\u00f3n de la capacidad instalada en la industria, elaborado por el Indec, mide la proporci\u00f3n utilizada de la capacidad productiva del sector industrial en t\u00e9rminos porcentuales. El relevamiento abarca un panel de entre 600 y 700 empresas y considera la producci\u00f3n m\u00e1xima que cada sector puede alcanzar con la infraestructura disponible.<\/p>\n<p>&nbsp;<\/p>\n","protected":false},"excerpt":{"rendered":"<p>Los datos son aportados por el Indec y reflejan un retroceso interanual, desde el 61,2% alcanzado en agosto de 2024. El sector industrial argentino registr\u00f3 en agosto una utilizaci\u00f3n de la capacidad instalada del 59,4%, una cifra que refleja una ca\u00edda respecto al mismo mes del a\u00f1o anterior, de acuerdo con los datos difundidos por [&hellip;]<\/p>\n","protected":false},"author":4,"featured_media":197653,"comment_status":"closed","ping_status":"closed","sticky":false,"template":"","format":"standard","meta":{"_joinchat":[],"footnotes":""},"categories":[29],"tags":[],"class_list":{"0":"post-197652","1":"post","2":"type-post","3":"status-publish","4":"format-standard","5":"has-post-thumbnail","7":"category-nacionales"},"yoast_head":"<!-- This site is optimized with the Yoast SEO plugin v27.2 - https:\/\/yoast.com\/product\/yoast-seo-wordpress\/ -->\n<title>El uso de la capacidad instada en la industria nacional cay\u00f3 al 59,4% en agosto - Radio Infinita Goya<\/title>\n<meta name=\"description\" content=\"Los datos son aportados por el Indec y reflejan un retroceso interanual, desde el 61,2% alcanzado en agosto de 2024. El sector industrial argentino\" \/>\n<meta name=\"robots\" content=\"index, follow, max-snippet:-1, max-image-preview:large, max-video-preview:-1\" \/>\n<link rel=\"canonical\" href=\"https:\/\/radioinfinitagoya.com.ar\/v1\/2025\/10\/16\/el-uso-de-la-capacidad-instada-en-la-industria-nacional-cayo-al-594-en-agosto\/\" \/>\n<meta property=\"og:locale\" content=\"es_ES\" \/>\n<meta property=\"og:type\" content=\"article\" \/>\n<meta property=\"og:title\" content=\"El uso de la capacidad instada en la industria nacional cay\u00f3 al 59,4% en agosto - Radio Infinita Goya\" \/>\n<meta property=\"og:description\" content=\"Los datos son aportados por el Indec y reflejan un retroceso interanual, desde el 61,2% alcanzado en agosto de 2024. El sector industrial argentino\" \/>\n<meta property=\"og:url\" content=\"https:\/\/radioinfinitagoya.com.ar\/v1\/2025\/10\/16\/el-uso-de-la-capacidad-instada-en-la-industria-nacional-cayo-al-594-en-agosto\/\" \/>\n<meta property=\"og:site_name\" content=\"Radio Infinita Goya\" \/>\n<meta property=\"article:publisher\" content=\"https:\/\/www.facebook.com\/p\/Infinita-Goya-100063870918311\/\" \/>\n<meta property=\"article:published_time\" content=\"2025-10-16T18:52:30+00:00\" \/>\n<meta property=\"og:image\" content=\"https:\/\/radioinfinitagoya.com.ar\/v1\/wp-content\/uploads\/2025\/10\/HhZERfNH.jpg\" \/>\n\t<meta property=\"og:image:width\" content=\"680\" \/>\n\t<meta property=\"og:image:height\" content=\"383\" \/>\n\t<meta property=\"og:image:type\" content=\"image\/jpeg\" \/>\n<meta name=\"author\" content=\"Jorge Mi\u00f1o\" \/>\n<meta name=\"twitter:card\" content=\"summary_large_image\" \/>\n<meta name=\"twitter:label1\" content=\"Escrito por\" \/>\n\t<meta name=\"twitter:data1\" content=\"Jorge Mi\u00f1o\" \/>\n\t<meta name=\"twitter:label2\" content=\"Tiempo de lectura\" \/>\n\t<meta name=\"twitter:data2\" content=\"3 minutos\" \/>\n<script type=\"application\/ld+json\" class=\"yoast-schema-graph\">{\"@context\":\"https:\/\/schema.org\",\"@graph\":[{\"@type\":\"Article\",\"@id\":\"https:\/\/radioinfinitagoya.com.ar\/v1\/2025\/10\/16\/el-uso-de-la-capacidad-instada-en-la-industria-nacional-cayo-al-594-en-agosto\/#article\",\"isPartOf\":{\"@id\":\"https:\/\/radioinfinitagoya.com.ar\/v1\/2025\/10\/16\/el-uso-de-la-capacidad-instada-en-la-industria-nacional-cayo-al-594-en-agosto\/\"},\"author\":{\"name\":\"Jorge Mi\u00f1o\",\"@id\":\"https:\/\/radioinfinitagoya.com.ar\/v1\/#\/schema\/person\/d4cf9c413d4f6edb24aabdccab49ca4a\"},\"headline\":\"El uso de la capacidad instada en la industria nacional cay\u00f3 al 59,4% en agosto\",\"datePublished\":\"2025-10-16T18:52:30+00:00\",\"mainEntityOfPage\":{\"@id\":\"https:\/\/radioinfinitagoya.com.ar\/v1\/2025\/10\/16\/el-uso-de-la-capacidad-instada-en-la-industria-nacional-cayo-al-594-en-agosto\/\"},\"wordCount\":517,\"publisher\":{\"@id\":\"https:\/\/radioinfinitagoya.com.ar\/v1\/#organization\"},\"image\":{\"@id\":\"https:\/\/radioinfinitagoya.com.ar\/v1\/2025\/10\/16\/el-uso-de-la-capacidad-instada-en-la-industria-nacional-cayo-al-594-en-agosto\/#primaryimage\"},\"thumbnailUrl\":\"https:\/\/radioinfinitagoya.com.ar\/v1\/wp-content\/uploads\/2025\/10\/HhZERfNH.jpg\",\"articleSection\":[\"NACIONALES\"],\"inLanguage\":\"es-AR\"},{\"@type\":\"WebPage\",\"@id\":\"https:\/\/radioinfinitagoya.com.ar\/v1\/2025\/10\/16\/el-uso-de-la-capacidad-instada-en-la-industria-nacional-cayo-al-594-en-agosto\/\",\"url\":\"https:\/\/radioinfinitagoya.com.ar\/v1\/2025\/10\/16\/el-uso-de-la-capacidad-instada-en-la-industria-nacional-cayo-al-594-en-agosto\/\",\"name\":\"El uso de la capacidad instada en la industria nacional cay\u00f3 al 59,4% en agosto - Radio Infinita Goya\",\"isPartOf\":{\"@id\":\"https:\/\/radioinfinitagoya.com.ar\/v1\/#website\"},\"primaryImageOfPage\":{\"@id\":\"https:\/\/radioinfinitagoya.com.ar\/v1\/2025\/10\/16\/el-uso-de-la-capacidad-instada-en-la-industria-nacional-cayo-al-594-en-agosto\/#primaryimage\"},\"image\":{\"@id\":\"https:\/\/radioinfinitagoya.com.ar\/v1\/2025\/10\/16\/el-uso-de-la-capacidad-instada-en-la-industria-nacional-cayo-al-594-en-agosto\/#primaryimage\"},\"thumbnailUrl\":\"https:\/\/radioinfinitagoya.com.ar\/v1\/wp-content\/uploads\/2025\/10\/HhZERfNH.jpg\",\"datePublished\":\"2025-10-16T18:52:30+00:00\",\"description\":\"Los datos son aportados por el Indec y reflejan un retroceso interanual, desde el 61,2% alcanzado en agosto de 2024. El sector industrial argentino\",\"breadcrumb\":{\"@id\":\"https:\/\/radioinfinitagoya.com.ar\/v1\/2025\/10\/16\/el-uso-de-la-capacidad-instada-en-la-industria-nacional-cayo-al-594-en-agosto\/#breadcrumb\"},\"inLanguage\":\"es-AR\",\"potentialAction\":[{\"@type\":\"ReadAction\",\"target\":[\"https:\/\/radioinfinitagoya.com.ar\/v1\/2025\/10\/16\/el-uso-de-la-capacidad-instada-en-la-industria-nacional-cayo-al-594-en-agosto\/\"]}]},{\"@type\":\"ImageObject\",\"inLanguage\":\"es-AR\",\"@id\":\"https:\/\/radioinfinitagoya.com.ar\/v1\/2025\/10\/16\/el-uso-de-la-capacidad-instada-en-la-industria-nacional-cayo-al-594-en-agosto\/#primaryimage\",\"url\":\"https:\/\/radioinfinitagoya.com.ar\/v1\/wp-content\/uploads\/2025\/10\/HhZERfNH.jpg\",\"contentUrl\":\"https:\/\/radioinfinitagoya.com.ar\/v1\/wp-content\/uploads\/2025\/10\/HhZERfNH.jpg\",\"width\":680,\"height\":383},{\"@type\":\"BreadcrumbList\",\"@id\":\"https:\/\/radioinfinitagoya.com.ar\/v1\/2025\/10\/16\/el-uso-de-la-capacidad-instada-en-la-industria-nacional-cayo-al-594-en-agosto\/#breadcrumb\",\"itemListElement\":[{\"@type\":\"ListItem\",\"position\":1,\"name\":\"Inicio\",\"item\":\"https:\/\/radioinfinitagoya.com.ar\/v1\/\"},{\"@type\":\"ListItem\",\"position\":2,\"name\":\"El uso de la capacidad instada en la industria nacional cay\u00f3 al 59,4% en agosto\"}]},{\"@type\":\"WebSite\",\"@id\":\"https:\/\/radioinfinitagoya.com.ar\/v1\/#website\",\"url\":\"https:\/\/radioinfinitagoya.com.ar\/v1\/\",\"name\":\"radioinfinitagoya.com.ar\",\"description\":\"Radio de noticias\",\"publisher\":{\"@id\":\"https:\/\/radioinfinitagoya.com.ar\/v1\/#organization\"},\"potentialAction\":[{\"@type\":\"SearchAction\",\"target\":{\"@type\":\"EntryPoint\",\"urlTemplate\":\"https:\/\/radioinfinitagoya.com.ar\/v1\/?s={search_term_string}\"},\"query-input\":{\"@type\":\"PropertyValueSpecification\",\"valueRequired\":true,\"valueName\":\"search_term_string\"}}],\"inLanguage\":\"es-AR\"},{\"@type\":\"Organization\",\"@id\":\"https:\/\/radioinfinitagoya.com.ar\/v1\/#organization\",\"name\":\"Radio Infinita Goya\",\"url\":\"https:\/\/radioinfinitagoya.com.ar\/v1\/\",\"logo\":{\"@type\":\"ImageObject\",\"inLanguage\":\"es-AR\",\"@id\":\"https:\/\/radioinfinitagoya.com.ar\/v1\/#\/schema\/logo\/image\/\",\"url\":\"https:\/\/radioinfinitagoya.com.ar\/v1\/wp-content\/uploads\/2019\/11\/logo-pie-web.png\",\"contentUrl\":\"https:\/\/radioinfinitagoya.com.ar\/v1\/wp-content\/uploads\/2019\/11\/logo-pie-web.png\",\"width\":635,\"height\":326,\"caption\":\"Radio Infinita Goya\"},\"image\":{\"@id\":\"https:\/\/radioinfinitagoya.com.ar\/v1\/#\/schema\/logo\/image\/\"},\"sameAs\":[\"https:\/\/www.facebook.com\/p\/Infinita-Goya-100063870918311\/\"]},{\"@type\":\"Person\",\"@id\":\"https:\/\/radioinfinitagoya.com.ar\/v1\/#\/schema\/person\/d4cf9c413d4f6edb24aabdccab49ca4a\",\"name\":\"Jorge Mi\u00f1o\",\"image\":{\"@type\":\"ImageObject\",\"inLanguage\":\"es-AR\",\"@id\":\"https:\/\/secure.gravatar.com\/avatar\/910fcf6728fe95320e07a6643c1581fec1c7fc4bf8ae12e3d8f0d0373dc844be?s=96&d=mm&r=g\",\"url\":\"https:\/\/secure.gravatar.com\/avatar\/910fcf6728fe95320e07a6643c1581fec1c7fc4bf8ae12e3d8f0d0373dc844be?s=96&d=mm&r=g\",\"contentUrl\":\"https:\/\/secure.gravatar.com\/avatar\/910fcf6728fe95320e07a6643c1581fec1c7fc4bf8ae12e3d8f0d0373dc844be?s=96&d=mm&r=g\",\"caption\":\"Jorge Mi\u00f1o\"},\"sameAs\":[\"http:\/\/radioinfinitagoya.com.ar\"]}]}<\/script>\n<!-- \/ Yoast SEO plugin. -->","yoast_head_json":{"title":"El uso de la capacidad instada en la industria nacional cay\u00f3 al 59,4% en agosto - Radio Infinita Goya","description":"Los datos son aportados por el Indec y reflejan un retroceso interanual, desde el 61,2% alcanzado en agosto de 2024. El sector industrial argentino","robots":{"index":"index","follow":"follow","max-snippet":"max-snippet:-1","max-image-preview":"max-image-preview:large","max-video-preview":"max-video-preview:-1"},"canonical":"https:\/\/radioinfinitagoya.com.ar\/v1\/2025\/10\/16\/el-uso-de-la-capacidad-instada-en-la-industria-nacional-cayo-al-594-en-agosto\/","og_locale":"es_ES","og_type":"article","og_title":"El uso de la capacidad instada en la industria nacional cay\u00f3 al 59,4% en agosto - Radio Infinita Goya","og_description":"Los datos son aportados por el Indec y reflejan un retroceso interanual, desde el 61,2% alcanzado en agosto de 2024. El sector industrial argentino","og_url":"https:\/\/radioinfinitagoya.com.ar\/v1\/2025\/10\/16\/el-uso-de-la-capacidad-instada-en-la-industria-nacional-cayo-al-594-en-agosto\/","og_site_name":"Radio Infinita Goya","article_publisher":"https:\/\/www.facebook.com\/p\/Infinita-Goya-100063870918311\/","article_published_time":"2025-10-16T18:52:30+00:00","og_image":[{"width":680,"height":383,"url":"https:\/\/radioinfinitagoya.com.ar\/v1\/wp-content\/uploads\/2025\/10\/HhZERfNH.jpg","type":"image\/jpeg"}],"author":"Jorge Mi\u00f1o","twitter_card":"summary_large_image","twitter_misc":{"Escrito por":"Jorge Mi\u00f1o","Tiempo de lectura":"3 minutos"},"schema":{"@context":"https:\/\/schema.org","@graph":[{"@type":"Article","@id":"https:\/\/radioinfinitagoya.com.ar\/v1\/2025\/10\/16\/el-uso-de-la-capacidad-instada-en-la-industria-nacional-cayo-al-594-en-agosto\/#article","isPartOf":{"@id":"https:\/\/radioinfinitagoya.com.ar\/v1\/2025\/10\/16\/el-uso-de-la-capacidad-instada-en-la-industria-nacional-cayo-al-594-en-agosto\/"},"author":{"name":"Jorge Mi\u00f1o","@id":"https:\/\/radioinfinitagoya.com.ar\/v1\/#\/schema\/person\/d4cf9c413d4f6edb24aabdccab49ca4a"},"headline":"El uso de la capacidad instada en la industria nacional cay\u00f3 al 59,4% en agosto","datePublished":"2025-10-16T18:52:30+00:00","mainEntityOfPage":{"@id":"https:\/\/radioinfinitagoya.com.ar\/v1\/2025\/10\/16\/el-uso-de-la-capacidad-instada-en-la-industria-nacional-cayo-al-594-en-agosto\/"},"wordCount":517,"publisher":{"@id":"https:\/\/radioinfinitagoya.com.ar\/v1\/#organization"},"image":{"@id":"https:\/\/radioinfinitagoya.com.ar\/v1\/2025\/10\/16\/el-uso-de-la-capacidad-instada-en-la-industria-nacional-cayo-al-594-en-agosto\/#primaryimage"},"thumbnailUrl":"https:\/\/radioinfinitagoya.com.ar\/v1\/wp-content\/uploads\/2025\/10\/HhZERfNH.jpg","articleSection":["NACIONALES"],"inLanguage":"es-AR"},{"@type":"WebPage","@id":"https:\/\/radioinfinitagoya.com.ar\/v1\/2025\/10\/16\/el-uso-de-la-capacidad-instada-en-la-industria-nacional-cayo-al-594-en-agosto\/","url":"https:\/\/radioinfinitagoya.com.ar\/v1\/2025\/10\/16\/el-uso-de-la-capacidad-instada-en-la-industria-nacional-cayo-al-594-en-agosto\/","name":"El uso de la capacidad instada en la industria nacional cay\u00f3 al 59,4% en agosto - Radio Infinita Goya","isPartOf":{"@id":"https:\/\/radioinfinitagoya.com.ar\/v1\/#website"},"primaryImageOfPage":{"@id":"https:\/\/radioinfinitagoya.com.ar\/v1\/2025\/10\/16\/el-uso-de-la-capacidad-instada-en-la-industria-nacional-cayo-al-594-en-agosto\/#primaryimage"},"image":{"@id":"https:\/\/radioinfinitagoya.com.ar\/v1\/2025\/10\/16\/el-uso-de-la-capacidad-instada-en-la-industria-nacional-cayo-al-594-en-agosto\/#primaryimage"},"thumbnailUrl":"https:\/\/radioinfinitagoya.com.ar\/v1\/wp-content\/uploads\/2025\/10\/HhZERfNH.jpg","datePublished":"2025-10-16T18:52:30+00:00","description":"Los datos son aportados por el Indec y reflejan un retroceso interanual, desde el 61,2% alcanzado en agosto de 2024. El sector industrial argentino","breadcrumb":{"@id":"https:\/\/radioinfinitagoya.com.ar\/v1\/2025\/10\/16\/el-uso-de-la-capacidad-instada-en-la-industria-nacional-cayo-al-594-en-agosto\/#breadcrumb"},"inLanguage":"es-AR","potentialAction":[{"@type":"ReadAction","target":["https:\/\/radioinfinitagoya.com.ar\/v1\/2025\/10\/16\/el-uso-de-la-capacidad-instada-en-la-industria-nacional-cayo-al-594-en-agosto\/"]}]},{"@type":"ImageObject","inLanguage":"es-AR","@id":"https:\/\/radioinfinitagoya.com.ar\/v1\/2025\/10\/16\/el-uso-de-la-capacidad-instada-en-la-industria-nacional-cayo-al-594-en-agosto\/#primaryimage","url":"https:\/\/radioinfinitagoya.com.ar\/v1\/wp-content\/uploads\/2025\/10\/HhZERfNH.jpg","contentUrl":"https:\/\/radioinfinitagoya.com.ar\/v1\/wp-content\/uploads\/2025\/10\/HhZERfNH.jpg","width":680,"height":383},{"@type":"BreadcrumbList","@id":"https:\/\/radioinfinitagoya.com.ar\/v1\/2025\/10\/16\/el-uso-de-la-capacidad-instada-en-la-industria-nacional-cayo-al-594-en-agosto\/#breadcrumb","itemListElement":[{"@type":"ListItem","position":1,"name":"Inicio","item":"https:\/\/radioinfinitagoya.com.ar\/v1\/"},{"@type":"ListItem","position":2,"name":"El uso de la capacidad instada en la industria nacional cay\u00f3 al 59,4% en agosto"}]},{"@type":"WebSite","@id":"https:\/\/radioinfinitagoya.com.ar\/v1\/#website","url":"https:\/\/radioinfinitagoya.com.ar\/v1\/","name":"radioinfinitagoya.com.ar","description":"Radio de noticias","publisher":{"@id":"https:\/\/radioinfinitagoya.com.ar\/v1\/#organization"},"potentialAction":[{"@type":"SearchAction","target":{"@type":"EntryPoint","urlTemplate":"https:\/\/radioinfinitagoya.com.ar\/v1\/?s={search_term_string}"},"query-input":{"@type":"PropertyValueSpecification","valueRequired":true,"valueName":"search_term_string"}}],"inLanguage":"es-AR"},{"@type":"Organization","@id":"https:\/\/radioinfinitagoya.com.ar\/v1\/#organization","name":"Radio Infinita Goya","url":"https:\/\/radioinfinitagoya.com.ar\/v1\/","logo":{"@type":"ImageObject","inLanguage":"es-AR","@id":"https:\/\/radioinfinitagoya.com.ar\/v1\/#\/schema\/logo\/image\/","url":"https:\/\/radioinfinitagoya.com.ar\/v1\/wp-content\/uploads\/2019\/11\/logo-pie-web.png","contentUrl":"https:\/\/radioinfinitagoya.com.ar\/v1\/wp-content\/uploads\/2019\/11\/logo-pie-web.png","width":635,"height":326,"caption":"Radio Infinita Goya"},"image":{"@id":"https:\/\/radioinfinitagoya.com.ar\/v1\/#\/schema\/logo\/image\/"},"sameAs":["https:\/\/www.facebook.com\/p\/Infinita-Goya-100063870918311\/"]},{"@type":"Person","@id":"https:\/\/radioinfinitagoya.com.ar\/v1\/#\/schema\/person\/d4cf9c413d4f6edb24aabdccab49ca4a","name":"Jorge Mi\u00f1o","image":{"@type":"ImageObject","inLanguage":"es-AR","@id":"https:\/\/secure.gravatar.com\/avatar\/910fcf6728fe95320e07a6643c1581fec1c7fc4bf8ae12e3d8f0d0373dc844be?s=96&d=mm&r=g","url":"https:\/\/secure.gravatar.com\/avatar\/910fcf6728fe95320e07a6643c1581fec1c7fc4bf8ae12e3d8f0d0373dc844be?s=96&d=mm&r=g","contentUrl":"https:\/\/secure.gravatar.com\/avatar\/910fcf6728fe95320e07a6643c1581fec1c7fc4bf8ae12e3d8f0d0373dc844be?s=96&d=mm&r=g","caption":"Jorge Mi\u00f1o"},"sameAs":["http:\/\/radioinfinitagoya.com.ar"]}]}},"_links":{"self":[{"href":"https:\/\/radioinfinitagoya.com.ar\/v1\/wp-json\/wp\/v2\/posts\/197652","targetHints":{"allow":["GET"]}}],"collection":[{"href":"https:\/\/radioinfinitagoya.com.ar\/v1\/wp-json\/wp\/v2\/posts"}],"about":[{"href":"https:\/\/radioinfinitagoya.com.ar\/v1\/wp-json\/wp\/v2\/types\/post"}],"author":[{"embeddable":true,"href":"https:\/\/radioinfinitagoya.com.ar\/v1\/wp-json\/wp\/v2\/users\/4"}],"replies":[{"embeddable":true,"href":"https:\/\/radioinfinitagoya.com.ar\/v1\/wp-json\/wp\/v2\/comments?post=197652"}],"version-history":[{"count":0,"href":"https:\/\/radioinfinitagoya.com.ar\/v1\/wp-json\/wp\/v2\/posts\/197652\/revisions"}],"wp:featuredmedia":[{"embeddable":true,"href":"https:\/\/radioinfinitagoya.com.ar\/v1\/wp-json\/wp\/v2\/media\/197653"}],"wp:attachment":[{"href":"https:\/\/radioinfinitagoya.com.ar\/v1\/wp-json\/wp\/v2\/media?parent=197652"}],"wp:term":[{"taxonomy":"category","embeddable":true,"href":"https:\/\/radioinfinitagoya.com.ar\/v1\/wp-json\/wp\/v2\/categories?post=197652"},{"taxonomy":"post_tag","embeddable":true,"href":"https:\/\/radioinfinitagoya.com.ar\/v1\/wp-json\/wp\/v2\/tags?post=197652"}],"curies":[{"name":"wp","href":"https:\/\/api.w.org\/{rel}","templated":true}]}}