{"id":198114,"date":"2025-10-23T17:06:44","date_gmt":"2025-10-23T20:06:44","guid":{"rendered":"https:\/\/radioinfinitagoya.com.ar\/v1\/?p=198114"},"modified":"2025-10-23T17:06:44","modified_gmt":"2025-10-23T20:06:44","slug":"luis-caputo-estoy-mas-que-comodo-con-el-valor-del-dolar","status":"publish","type":"post","link":"https:\/\/radioinfinitagoya.com.ar\/v1\/2025\/10\/23\/luis-caputo-estoy-mas-que-comodo-con-el-valor-del-dolar\/","title":{"rendered":"Luis Caputo: \u201cEstoy m\u00e1s que c\u00f3modo con el valor del d\u00f3lar\u201d"},"content":{"rendered":"<p>A d\u00edas de las elecciones el ministro de Econom\u00eda reafirm\u00f3 el esquema cambiario y descart\u00f3 cambios en el equipo econ\u00f3mico. \u201cEsta elecci\u00f3n es m\u00e1s importante que la de 2027\u2033<\/p>\n<p>El ministro de Econom\u00eda, Luis Caputo, asegur\u00f3 que el lunes, luego de las elecciones de medio t\u00e9rmino, no habr\u00e1 cambios en el plan econ\u00f3mico y ratific\u00f3 las bandas cambiarias en los l\u00edmites actuales, frente a las especulaciones de un cambio de esquema. A su vez, se\u00f1al\u00f3 que est\u00e1 \u201cm\u00e1s que c\u00f3modo\u201d con el d\u00f3lar en $1.500.<\/p>\n<p>Critic\u00f3 a aquellos que afirman que el tipo de cambio se encuentra bajo, al considerar que si fuera as\u00ed no habr\u00eda exportaciones r\u00e9cord. \u201cEstamos m\u00e1s que c\u00f3modos con un d\u00f3lar en $1.500\u2033, asegur\u00f3.<\/p>\n<p>\u201cLa moneda refleja el desempe\u00f1o de la econom\u00eda, si est\u00e1 ordenada o no. No es casual que hayamos heredado del gobierno de Alberto Fern\u00e1ndez un tipo de cambio real alto, propio de una econom\u00eda en crisis. En general, las econom\u00edas que funcionan bien tienen monedas m\u00e1s fuertes\u201d, sostuvo en di\u00e1logo con La Naci\u00f3n+.<\/p>\n<p>\u201cSi comparamos con la salida del cepo durante el gobierno de Macri \u2014cuando el tipo de cambio real si lo traemos es de $1.280\u2014, en ese momento hab\u00eda un d\u00e9ficit fiscal de seis puntos del PBI y un d\u00e9ficit de cuenta corriente de tres puntos. Hoy tenemos super\u00e1vit fiscal y un d\u00e9ficit de cuenta corriente de apenas un punto y medio, que adem\u00e1s no financia gasto p\u00fablico sino inversi\u00f3n privada. Es decir, estamos en una situaci\u00f3n mucho mejor que entonces&#8221;, afirm\u00f3.<\/p>\n<p>\u201cPor eso, podr\u00edamos darnos el lujo de tener un tipo de cambio m\u00e1s bajo que aquel de $1.280. Con un valor actual de 1.500, estamos holgadamente por encima. De ah\u00ed que las exportaciones sean r\u00e9cord. Est\u00e1 lejos de ser bajo\u201d, apunt\u00f3 Caputo.<\/p>\n<p>De todos modos, se\u00f1al\u00f3: \u201cCreo que mientras el d\u00f3lar est\u00e9 dentro de la banda, que el mercado elija el precio que quiera. Si va a uno de los extremos de la banda, actuamos\u201d, afirm\u00f3 el titular del Palacio de Hacienda.<\/p>\n<p>\u201cHoy la gente est\u00e1 comprando en el techo de la banda. Vos no te pod\u00e9s enojar con el mercado. Para nosotros, el d\u00f3lar dentro de la banda flota. Yo no me enojo ni con los que compraban en $1.200, ni con los que compran en $1500\u2033, destac\u00f3.<\/p>\n<p>\u201cEstoy m\u00e1s que c\u00f3modo\u201d, asegur\u00f3 Caputo respecto del valor del d\u00f3lar oficial actual, en torno a los $1.500 por unidad.<\/p>\n<p>\u201cLas decisiones son personales, nosotros no nos metemos en las decisiones de la gente. Por eso, la respuesta es decir, \u00bfpor qu\u00e9 se las agarran con nosotros? Cuando lo que estamos haciendo, justamente, es d\u00e1ndoles la libertad de que accedan&#8221;, se\u00f1al\u00f3.<\/p>\n<p>Asimismo, asegur\u00f3 que el d\u00f3lar no se va a ubicar por arriba del techo de la banda, que se encuentra en $1.492. Se opuso a una nueva devaluaci\u00f3n ya que cree que los salarios ser\u00e1n m\u00e1s bajos y que es una subestimaci\u00f3n a la gente, al empresariado. \u201cLes han quemado el cerebro a muchos colegas\u201d, opin\u00f3.<\/p>\n<p><img loading=\"lazy\" decoding=\"async\" class=\"alignnone size-full wp-image-198116\" src=\"https:\/\/radioinfinitagoya.com.ar\/v1\/wp-content\/uploads\/2025\/10\/SL363XH2X5HR3C44YBAHOJDBGI.avif\" alt=\"\" width=\"992\" height=\"453\" srcset=\"https:\/\/radioinfinitagoya.com.ar\/v1\/wp-content\/uploads\/2025\/10\/SL363XH2X5HR3C44YBAHOJDBGI.avif 992w, https:\/\/radioinfinitagoya.com.ar\/v1\/wp-content\/uploads\/2025\/10\/SL363XH2X5HR3C44YBAHOJDBGI-920x420.jpg 920w, https:\/\/radioinfinitagoya.com.ar\/v1\/wp-content\/uploads\/2025\/10\/SL363XH2X5HR3C44YBAHOJDBGI-696x318.jpg 696w\" sizes=\"auto, (max-width: 992px) 100vw, 992px\" \/><\/p>\n<p>En tanto, confirm\u00f3 que el Tesoro estadounidense intervino este mi\u00e9rcoles en el mercado de cambios por unos USD 500 millones y que va a seguir comprando pesos siempre que sea necesario a un precio razonable. \u201cBessent es una persona que en el sector privado hizo su fortuna analizando monedas\u201d, resalt\u00f3 Caputo.<\/p>\n<p>Consultado acerca de qu\u00e9 va a hacer EEUU con los pesos adquiridos, dijo que comprar\u00e1 bonos, los invierte. Indic\u00f3 que est\u00e1 trabajando en otra facilidad por otros USD 20.000 millones, adem\u00e1s del swap ya anunciado.<\/p>\n<p>\u201cEl mensaje m\u00e1s importante de Bessent es que todas las herramientas financieras est\u00e1n arriba de la mesa para que a los argentinos les vaya bien\u201d, precis\u00f3.<\/p>\n<p><img loading=\"lazy\" decoding=\"async\" class=\"alignnone size-full wp-image-198117\" src=\"https:\/\/radioinfinitagoya.com.ar\/v1\/wp-content\/uploads\/2025\/10\/ZDYR6UDLYFF7LIEEXK3QVPYRXQ-1.avif\" alt=\"\" width=\"992\" height=\"613\" srcset=\"https:\/\/radioinfinitagoya.com.ar\/v1\/wp-content\/uploads\/2025\/10\/ZDYR6UDLYFF7LIEEXK3QVPYRXQ-1.avif 992w, https:\/\/radioinfinitagoya.com.ar\/v1\/wp-content\/uploads\/2025\/10\/ZDYR6UDLYFF7LIEEXK3QVPYRXQ-1-680x420.jpg 680w, https:\/\/radioinfinitagoya.com.ar\/v1\/wp-content\/uploads\/2025\/10\/ZDYR6UDLYFF7LIEEXK3QVPYRXQ-1-696x430.jpg 696w, https:\/\/radioinfinitagoya.com.ar\/v1\/wp-content\/uploads\/2025\/10\/ZDYR6UDLYFF7LIEEXK3QVPYRXQ-1-356x220.jpg 356w\" sizes=\"auto, (max-width: 992px) 100vw, 992px\" \/><\/p>\n<p>\u201cEstamos en un esquema de de bandas que est\u00e1 perfectamente calibrado, tenemos un Banco Central perfectamente capitalizado, tenemos fundamentos econ\u00f3micos como Argentina no tuvo nunca, y tenemos un soporte ahora financiero de Estados Unidos, como ning\u00fan pa\u00eds en el mundo nunca recibi\u00f3, ni siquiera M\u00e9xico en el 94\u2032, estamos frente a una oportunidad hist\u00f3rica&#8221;, enfatiz\u00f3 Caputo.<\/p>\n<p>Afirm\u00f3 que EEUU ve que el modelo es absolutamente certero. \u201cArgentina no tiene un problema de solvencia, tiene un problema financiero puntual porque todav\u00eda no tiene acceso a los mercados. Ahora, justamente, estamos yendo ahora a Estados Unidos para asegurar los pagos de los vencimientos de deuda de los pr\u00f3ximos a\u00f1os\u201d, reiter\u00f3.<\/p>\n<p>En cuanto a los comicios del pr\u00f3ximo domingo, dijo: \u201cNo les puedo decir el foco que hay en el mundo sobre estas elecciones, al punto que creo que son m\u00e1s importantes estas elecciones de medio t\u00e9rmino que las presidenciales de 2027\u2033.<\/p>\n<p>Confirm\u00f3 que no habr\u00e1 cambios en el equipo econ\u00f3mico y que se vienen las reformas tributaria y laboral, para lo cual el resultado es fundamental. Adem\u00e1s, resalt\u00f3 la importancia de reactivar el cr\u00e9dito para la econom\u00eda.<\/p>\n","protected":false},"excerpt":{"rendered":"<p>A d\u00edas de las elecciones el ministro de Econom\u00eda reafirm\u00f3 el esquema cambiario y descart\u00f3 cambios en el equipo econ\u00f3mico. \u201cEsta elecci\u00f3n es m\u00e1s importante que la de 2027\u2033 El ministro de Econom\u00eda, Luis Caputo, asegur\u00f3 que el lunes, luego de las elecciones de medio t\u00e9rmino, no habr\u00e1 cambios en el plan econ\u00f3mico y ratific\u00f3 [&hellip;]<\/p>\n","protected":false},"author":4,"featured_media":198115,"comment_status":"closed","ping_status":"closed","sticky":false,"template":"","format":"standard","meta":{"_joinchat":[],"footnotes":""},"categories":[25],"tags":[],"class_list":{"0":"post-198114","1":"post","2":"type-post","3":"status-publish","4":"format-standard","5":"has-post-thumbnail","7":"category-destacados"},"yoast_head":"<!-- This site is optimized with the Yoast SEO plugin v27.2 - https:\/\/yoast.com\/product\/yoast-seo-wordpress\/ -->\n<title>Luis Caputo: \u201cEstoy m\u00e1s que c\u00f3modo con el valor del d\u00f3lar\u201d - Radio Infinita Goya<\/title>\n<meta name=\"description\" content=\"A d\u00edas de las elecciones el ministro de Econom\u00eda reafirm\u00f3 el esquema cambiario y descart\u00f3 cambios en el equipo econ\u00f3mico. \u201cEsta elecci\u00f3n es m\u00e1s importante\" \/>\n<meta name=\"robots\" content=\"index, follow, max-snippet:-1, max-image-preview:large, max-video-preview:-1\" \/>\n<link rel=\"canonical\" href=\"https:\/\/radioinfinitagoya.com.ar\/v1\/2025\/10\/23\/luis-caputo-estoy-mas-que-comodo-con-el-valor-del-dolar\/\" \/>\n<meta property=\"og:locale\" content=\"es_ES\" \/>\n<meta property=\"og:type\" content=\"article\" \/>\n<meta property=\"og:title\" content=\"Luis Caputo: \u201cEstoy m\u00e1s que c\u00f3modo con el valor del d\u00f3lar\u201d - Radio Infinita Goya\" \/>\n<meta property=\"og:description\" content=\"A d\u00edas de las elecciones el ministro de Econom\u00eda reafirm\u00f3 el esquema cambiario y descart\u00f3 cambios en el equipo econ\u00f3mico. \u201cEsta elecci\u00f3n es m\u00e1s importante\" \/>\n<meta property=\"og:url\" content=\"https:\/\/radioinfinitagoya.com.ar\/v1\/2025\/10\/23\/luis-caputo-estoy-mas-que-comodo-con-el-valor-del-dolar\/\" \/>\n<meta property=\"og:site_name\" content=\"Radio Infinita Goya\" \/>\n<meta property=\"article:publisher\" content=\"https:\/\/www.facebook.com\/p\/Infinita-Goya-100063870918311\/\" \/>\n<meta property=\"article:published_time\" content=\"2025-10-23T20:06:44+00:00\" \/>\n<meta name=\"author\" content=\"Jorge Mi\u00f1o\" \/>\n<meta name=\"twitter:card\" content=\"summary_large_image\" \/>\n<meta name=\"twitter:label1\" content=\"Escrito por\" \/>\n\t<meta name=\"twitter:data1\" content=\"Jorge Mi\u00f1o\" \/>\n\t<meta name=\"twitter:label2\" content=\"Tiempo de lectura\" \/>\n\t<meta name=\"twitter:data2\" content=\"5 minutos\" \/>\n<script type=\"application\/ld+json\" class=\"yoast-schema-graph\">{\"@context\":\"https:\/\/schema.org\",\"@graph\":[{\"@type\":\"Article\",\"@id\":\"https:\/\/radioinfinitagoya.com.ar\/v1\/2025\/10\/23\/luis-caputo-estoy-mas-que-comodo-con-el-valor-del-dolar\/#article\",\"isPartOf\":{\"@id\":\"https:\/\/radioinfinitagoya.com.ar\/v1\/2025\/10\/23\/luis-caputo-estoy-mas-que-comodo-con-el-valor-del-dolar\/\"},\"author\":{\"name\":\"Jorge Mi\u00f1o\",\"@id\":\"https:\/\/radioinfinitagoya.com.ar\/v1\/#\/schema\/person\/d4cf9c413d4f6edb24aabdccab49ca4a\"},\"headline\":\"Luis Caputo: \u201cEstoy m\u00e1s que c\u00f3modo con el valor del d\u00f3lar\u201d\",\"datePublished\":\"2025-10-23T20:06:44+00:00\",\"mainEntityOfPage\":{\"@id\":\"https:\/\/radioinfinitagoya.com.ar\/v1\/2025\/10\/23\/luis-caputo-estoy-mas-que-comodo-con-el-valor-del-dolar\/\"},\"wordCount\":866,\"publisher\":{\"@id\":\"https:\/\/radioinfinitagoya.com.ar\/v1\/#organization\"},\"image\":{\"@id\":\"https:\/\/radioinfinitagoya.com.ar\/v1\/2025\/10\/23\/luis-caputo-estoy-mas-que-comodo-con-el-valor-del-dolar\/#primaryimage\"},\"thumbnailUrl\":\"https:\/\/radioinfinitagoya.com.ar\/v1\/wp-content\/uploads\/2025\/10\/W3K2KBEMHVFZNBUK77JCV6JUBY.avif\",\"articleSection\":[\"DESTACADOS\"],\"inLanguage\":\"es-AR\"},{\"@type\":\"WebPage\",\"@id\":\"https:\/\/radioinfinitagoya.com.ar\/v1\/2025\/10\/23\/luis-caputo-estoy-mas-que-comodo-con-el-valor-del-dolar\/\",\"url\":\"https:\/\/radioinfinitagoya.com.ar\/v1\/2025\/10\/23\/luis-caputo-estoy-mas-que-comodo-con-el-valor-del-dolar\/\",\"name\":\"Luis Caputo: \u201cEstoy m\u00e1s que c\u00f3modo con el valor del d\u00f3lar\u201d - Radio Infinita Goya\",\"isPartOf\":{\"@id\":\"https:\/\/radioinfinitagoya.com.ar\/v1\/#website\"},\"primaryImageOfPage\":{\"@id\":\"https:\/\/radioinfinitagoya.com.ar\/v1\/2025\/10\/23\/luis-caputo-estoy-mas-que-comodo-con-el-valor-del-dolar\/#primaryimage\"},\"image\":{\"@id\":\"https:\/\/radioinfinitagoya.com.ar\/v1\/2025\/10\/23\/luis-caputo-estoy-mas-que-comodo-con-el-valor-del-dolar\/#primaryimage\"},\"thumbnailUrl\":\"https:\/\/radioinfinitagoya.com.ar\/v1\/wp-content\/uploads\/2025\/10\/W3K2KBEMHVFZNBUK77JCV6JUBY.avif\",\"datePublished\":\"2025-10-23T20:06:44+00:00\",\"description\":\"A d\u00edas de las elecciones el ministro de Econom\u00eda reafirm\u00f3 el esquema cambiario y descart\u00f3 cambios en el equipo econ\u00f3mico. \u201cEsta elecci\u00f3n es m\u00e1s importante\",\"breadcrumb\":{\"@id\":\"https:\/\/radioinfinitagoya.com.ar\/v1\/2025\/10\/23\/luis-caputo-estoy-mas-que-comodo-con-el-valor-del-dolar\/#breadcrumb\"},\"inLanguage\":\"es-AR\",\"potentialAction\":[{\"@type\":\"ReadAction\",\"target\":[\"https:\/\/radioinfinitagoya.com.ar\/v1\/2025\/10\/23\/luis-caputo-estoy-mas-que-comodo-con-el-valor-del-dolar\/\"]}]},{\"@type\":\"ImageObject\",\"inLanguage\":\"es-AR\",\"@id\":\"https:\/\/radioinfinitagoya.com.ar\/v1\/2025\/10\/23\/luis-caputo-estoy-mas-que-comodo-con-el-valor-del-dolar\/#primaryimage\",\"url\":\"https:\/\/radioinfinitagoya.com.ar\/v1\/wp-content\/uploads\/2025\/10\/W3K2KBEMHVFZNBUK77JCV6JUBY.avif\",\"contentUrl\":\"https:\/\/radioinfinitagoya.com.ar\/v1\/wp-content\/uploads\/2025\/10\/W3K2KBEMHVFZNBUK77JCV6JUBY.avif\",\"width\":992,\"height\":558},{\"@type\":\"BreadcrumbList\",\"@id\":\"https:\/\/radioinfinitagoya.com.ar\/v1\/2025\/10\/23\/luis-caputo-estoy-mas-que-comodo-con-el-valor-del-dolar\/#breadcrumb\",\"itemListElement\":[{\"@type\":\"ListItem\",\"position\":1,\"name\":\"Inicio\",\"item\":\"https:\/\/radioinfinitagoya.com.ar\/v1\/\"},{\"@type\":\"ListItem\",\"position\":2,\"name\":\"Luis Caputo: \u201cEstoy m\u00e1s que c\u00f3modo con el valor del d\u00f3lar\u201d\"}]},{\"@type\":\"WebSite\",\"@id\":\"https:\/\/radioinfinitagoya.com.ar\/v1\/#website\",\"url\":\"https:\/\/radioinfinitagoya.com.ar\/v1\/\",\"name\":\"radioinfinitagoya.com.ar\",\"description\":\"Radio de noticias\",\"publisher\":{\"@id\":\"https:\/\/radioinfinitagoya.com.ar\/v1\/#organization\"},\"potentialAction\":[{\"@type\":\"SearchAction\",\"target\":{\"@type\":\"EntryPoint\",\"urlTemplate\":\"https:\/\/radioinfinitagoya.com.ar\/v1\/?s={search_term_string}\"},\"query-input\":{\"@type\":\"PropertyValueSpecification\",\"valueRequired\":true,\"valueName\":\"search_term_string\"}}],\"inLanguage\":\"es-AR\"},{\"@type\":\"Organization\",\"@id\":\"https:\/\/radioinfinitagoya.com.ar\/v1\/#organization\",\"name\":\"Radio Infinita Goya\",\"url\":\"https:\/\/radioinfinitagoya.com.ar\/v1\/\",\"logo\":{\"@type\":\"ImageObject\",\"inLanguage\":\"es-AR\",\"@id\":\"https:\/\/radioinfinitagoya.com.ar\/v1\/#\/schema\/logo\/image\/\",\"url\":\"https:\/\/radioinfinitagoya.com.ar\/v1\/wp-content\/uploads\/2019\/11\/logo-pie-web.png\",\"contentUrl\":\"https:\/\/radioinfinitagoya.com.ar\/v1\/wp-content\/uploads\/2019\/11\/logo-pie-web.png\",\"width\":635,\"height\":326,\"caption\":\"Radio Infinita Goya\"},\"image\":{\"@id\":\"https:\/\/radioinfinitagoya.com.ar\/v1\/#\/schema\/logo\/image\/\"},\"sameAs\":[\"https:\/\/www.facebook.com\/p\/Infinita-Goya-100063870918311\/\"]},{\"@type\":\"Person\",\"@id\":\"https:\/\/radioinfinitagoya.com.ar\/v1\/#\/schema\/person\/d4cf9c413d4f6edb24aabdccab49ca4a\",\"name\":\"Jorge Mi\u00f1o\",\"image\":{\"@type\":\"ImageObject\",\"inLanguage\":\"es-AR\",\"@id\":\"https:\/\/secure.gravatar.com\/avatar\/910fcf6728fe95320e07a6643c1581fec1c7fc4bf8ae12e3d8f0d0373dc844be?s=96&d=mm&r=g\",\"url\":\"https:\/\/secure.gravatar.com\/avatar\/910fcf6728fe95320e07a6643c1581fec1c7fc4bf8ae12e3d8f0d0373dc844be?s=96&d=mm&r=g\",\"contentUrl\":\"https:\/\/secure.gravatar.com\/avatar\/910fcf6728fe95320e07a6643c1581fec1c7fc4bf8ae12e3d8f0d0373dc844be?s=96&d=mm&r=g\",\"caption\":\"Jorge Mi\u00f1o\"},\"sameAs\":[\"http:\/\/radioinfinitagoya.com.ar\"]}]}<\/script>\n<!-- \/ Yoast SEO plugin. -->","yoast_head_json":{"title":"Luis Caputo: \u201cEstoy m\u00e1s que c\u00f3modo con el valor del d\u00f3lar\u201d - Radio Infinita Goya","description":"A d\u00edas de las elecciones el ministro de Econom\u00eda reafirm\u00f3 el esquema cambiario y descart\u00f3 cambios en el equipo econ\u00f3mico. \u201cEsta elecci\u00f3n es m\u00e1s importante","robots":{"index":"index","follow":"follow","max-snippet":"max-snippet:-1","max-image-preview":"max-image-preview:large","max-video-preview":"max-video-preview:-1"},"canonical":"https:\/\/radioinfinitagoya.com.ar\/v1\/2025\/10\/23\/luis-caputo-estoy-mas-que-comodo-con-el-valor-del-dolar\/","og_locale":"es_ES","og_type":"article","og_title":"Luis Caputo: \u201cEstoy m\u00e1s que c\u00f3modo con el valor del d\u00f3lar\u201d - Radio Infinita Goya","og_description":"A d\u00edas de las elecciones el ministro de Econom\u00eda reafirm\u00f3 el esquema cambiario y descart\u00f3 cambios en el equipo econ\u00f3mico. \u201cEsta elecci\u00f3n es m\u00e1s importante","og_url":"https:\/\/radioinfinitagoya.com.ar\/v1\/2025\/10\/23\/luis-caputo-estoy-mas-que-comodo-con-el-valor-del-dolar\/","og_site_name":"Radio Infinita Goya","article_publisher":"https:\/\/www.facebook.com\/p\/Infinita-Goya-100063870918311\/","article_published_time":"2025-10-23T20:06:44+00:00","author":"Jorge Mi\u00f1o","twitter_card":"summary_large_image","twitter_misc":{"Escrito por":"Jorge Mi\u00f1o","Tiempo de lectura":"5 minutos"},"schema":{"@context":"https:\/\/schema.org","@graph":[{"@type":"Article","@id":"https:\/\/radioinfinitagoya.com.ar\/v1\/2025\/10\/23\/luis-caputo-estoy-mas-que-comodo-con-el-valor-del-dolar\/#article","isPartOf":{"@id":"https:\/\/radioinfinitagoya.com.ar\/v1\/2025\/10\/23\/luis-caputo-estoy-mas-que-comodo-con-el-valor-del-dolar\/"},"author":{"name":"Jorge Mi\u00f1o","@id":"https:\/\/radioinfinitagoya.com.ar\/v1\/#\/schema\/person\/d4cf9c413d4f6edb24aabdccab49ca4a"},"headline":"Luis Caputo: \u201cEstoy m\u00e1s que c\u00f3modo con el valor del d\u00f3lar\u201d","datePublished":"2025-10-23T20:06:44+00:00","mainEntityOfPage":{"@id":"https:\/\/radioinfinitagoya.com.ar\/v1\/2025\/10\/23\/luis-caputo-estoy-mas-que-comodo-con-el-valor-del-dolar\/"},"wordCount":866,"publisher":{"@id":"https:\/\/radioinfinitagoya.com.ar\/v1\/#organization"},"image":{"@id":"https:\/\/radioinfinitagoya.com.ar\/v1\/2025\/10\/23\/luis-caputo-estoy-mas-que-comodo-con-el-valor-del-dolar\/#primaryimage"},"thumbnailUrl":"https:\/\/radioinfinitagoya.com.ar\/v1\/wp-content\/uploads\/2025\/10\/W3K2KBEMHVFZNBUK77JCV6JUBY.avif","articleSection":["DESTACADOS"],"inLanguage":"es-AR"},{"@type":"WebPage","@id":"https:\/\/radioinfinitagoya.com.ar\/v1\/2025\/10\/23\/luis-caputo-estoy-mas-que-comodo-con-el-valor-del-dolar\/","url":"https:\/\/radioinfinitagoya.com.ar\/v1\/2025\/10\/23\/luis-caputo-estoy-mas-que-comodo-con-el-valor-del-dolar\/","name":"Luis Caputo: \u201cEstoy m\u00e1s que c\u00f3modo con el valor del d\u00f3lar\u201d - Radio Infinita Goya","isPartOf":{"@id":"https:\/\/radioinfinitagoya.com.ar\/v1\/#website"},"primaryImageOfPage":{"@id":"https:\/\/radioinfinitagoya.com.ar\/v1\/2025\/10\/23\/luis-caputo-estoy-mas-que-comodo-con-el-valor-del-dolar\/#primaryimage"},"image":{"@id":"https:\/\/radioinfinitagoya.com.ar\/v1\/2025\/10\/23\/luis-caputo-estoy-mas-que-comodo-con-el-valor-del-dolar\/#primaryimage"},"thumbnailUrl":"https:\/\/radioinfinitagoya.com.ar\/v1\/wp-content\/uploads\/2025\/10\/W3K2KBEMHVFZNBUK77JCV6JUBY.avif","datePublished":"2025-10-23T20:06:44+00:00","description":"A d\u00edas de las elecciones el ministro de Econom\u00eda reafirm\u00f3 el esquema cambiario y descart\u00f3 cambios en el equipo econ\u00f3mico. \u201cEsta elecci\u00f3n es m\u00e1s importante","breadcrumb":{"@id":"https:\/\/radioinfinitagoya.com.ar\/v1\/2025\/10\/23\/luis-caputo-estoy-mas-que-comodo-con-el-valor-del-dolar\/#breadcrumb"},"inLanguage":"es-AR","potentialAction":[{"@type":"ReadAction","target":["https:\/\/radioinfinitagoya.com.ar\/v1\/2025\/10\/23\/luis-caputo-estoy-mas-que-comodo-con-el-valor-del-dolar\/"]}]},{"@type":"ImageObject","inLanguage":"es-AR","@id":"https:\/\/radioinfinitagoya.com.ar\/v1\/2025\/10\/23\/luis-caputo-estoy-mas-que-comodo-con-el-valor-del-dolar\/#primaryimage","url":"https:\/\/radioinfinitagoya.com.ar\/v1\/wp-content\/uploads\/2025\/10\/W3K2KBEMHVFZNBUK77JCV6JUBY.avif","contentUrl":"https:\/\/radioinfinitagoya.com.ar\/v1\/wp-content\/uploads\/2025\/10\/W3K2KBEMHVFZNBUK77JCV6JUBY.avif","width":992,"height":558},{"@type":"BreadcrumbList","@id":"https:\/\/radioinfinitagoya.com.ar\/v1\/2025\/10\/23\/luis-caputo-estoy-mas-que-comodo-con-el-valor-del-dolar\/#breadcrumb","itemListElement":[{"@type":"ListItem","position":1,"name":"Inicio","item":"https:\/\/radioinfinitagoya.com.ar\/v1\/"},{"@type":"ListItem","position":2,"name":"Luis Caputo: \u201cEstoy m\u00e1s que c\u00f3modo con el valor del d\u00f3lar\u201d"}]},{"@type":"WebSite","@id":"https:\/\/radioinfinitagoya.com.ar\/v1\/#website","url":"https:\/\/radioinfinitagoya.com.ar\/v1\/","name":"radioinfinitagoya.com.ar","description":"Radio de noticias","publisher":{"@id":"https:\/\/radioinfinitagoya.com.ar\/v1\/#organization"},"potentialAction":[{"@type":"SearchAction","target":{"@type":"EntryPoint","urlTemplate":"https:\/\/radioinfinitagoya.com.ar\/v1\/?s={search_term_string}"},"query-input":{"@type":"PropertyValueSpecification","valueRequired":true,"valueName":"search_term_string"}}],"inLanguage":"es-AR"},{"@type":"Organization","@id":"https:\/\/radioinfinitagoya.com.ar\/v1\/#organization","name":"Radio Infinita Goya","url":"https:\/\/radioinfinitagoya.com.ar\/v1\/","logo":{"@type":"ImageObject","inLanguage":"es-AR","@id":"https:\/\/radioinfinitagoya.com.ar\/v1\/#\/schema\/logo\/image\/","url":"https:\/\/radioinfinitagoya.com.ar\/v1\/wp-content\/uploads\/2019\/11\/logo-pie-web.png","contentUrl":"https:\/\/radioinfinitagoya.com.ar\/v1\/wp-content\/uploads\/2019\/11\/logo-pie-web.png","width":635,"height":326,"caption":"Radio Infinita Goya"},"image":{"@id":"https:\/\/radioinfinitagoya.com.ar\/v1\/#\/schema\/logo\/image\/"},"sameAs":["https:\/\/www.facebook.com\/p\/Infinita-Goya-100063870918311\/"]},{"@type":"Person","@id":"https:\/\/radioinfinitagoya.com.ar\/v1\/#\/schema\/person\/d4cf9c413d4f6edb24aabdccab49ca4a","name":"Jorge Mi\u00f1o","image":{"@type":"ImageObject","inLanguage":"es-AR","@id":"https:\/\/secure.gravatar.com\/avatar\/910fcf6728fe95320e07a6643c1581fec1c7fc4bf8ae12e3d8f0d0373dc844be?s=96&d=mm&r=g","url":"https:\/\/secure.gravatar.com\/avatar\/910fcf6728fe95320e07a6643c1581fec1c7fc4bf8ae12e3d8f0d0373dc844be?s=96&d=mm&r=g","contentUrl":"https:\/\/secure.gravatar.com\/avatar\/910fcf6728fe95320e07a6643c1581fec1c7fc4bf8ae12e3d8f0d0373dc844be?s=96&d=mm&r=g","caption":"Jorge Mi\u00f1o"},"sameAs":["http:\/\/radioinfinitagoya.com.ar"]}]}},"_links":{"self":[{"href":"https:\/\/radioinfinitagoya.com.ar\/v1\/wp-json\/wp\/v2\/posts\/198114","targetHints":{"allow":["GET"]}}],"collection":[{"href":"https:\/\/radioinfinitagoya.com.ar\/v1\/wp-json\/wp\/v2\/posts"}],"about":[{"href":"https:\/\/radioinfinitagoya.com.ar\/v1\/wp-json\/wp\/v2\/types\/post"}],"author":[{"embeddable":true,"href":"https:\/\/radioinfinitagoya.com.ar\/v1\/wp-json\/wp\/v2\/users\/4"}],"replies":[{"embeddable":true,"href":"https:\/\/radioinfinitagoya.com.ar\/v1\/wp-json\/wp\/v2\/comments?post=198114"}],"version-history":[{"count":0,"href":"https:\/\/radioinfinitagoya.com.ar\/v1\/wp-json\/wp\/v2\/posts\/198114\/revisions"}],"wp:featuredmedia":[{"embeddable":true,"href":"https:\/\/radioinfinitagoya.com.ar\/v1\/wp-json\/wp\/v2\/media\/198115"}],"wp:attachment":[{"href":"https:\/\/radioinfinitagoya.com.ar\/v1\/wp-json\/wp\/v2\/media?parent=198114"}],"wp:term":[{"taxonomy":"category","embeddable":true,"href":"https:\/\/radioinfinitagoya.com.ar\/v1\/wp-json\/wp\/v2\/categories?post=198114"},{"taxonomy":"post_tag","embeddable":true,"href":"https:\/\/radioinfinitagoya.com.ar\/v1\/wp-json\/wp\/v2\/tags?post=198114"}],"curies":[{"name":"wp","href":"https:\/\/api.w.org\/{rel}","templated":true}]}}