{"id":198119,"date":"2025-10-24T15:39:38","date_gmt":"2025-10-24T18:39:38","guid":{"rendered":"https:\/\/radioinfinitagoya.com.ar\/v1\/?p=198119"},"modified":"2025-10-24T15:39:38","modified_gmt":"2025-10-24T18:39:38","slug":"elecciones-en-esquina-el-centro-de-computos-provincial-realizara-el-escrutinio-provisorio","status":"publish","type":"post","link":"https:\/\/radioinfinitagoya.com.ar\/v1\/2025\/10\/24\/elecciones-en-esquina-el-centro-de-computos-provincial-realizara-el-escrutinio-provisorio\/","title":{"rendered":"Elecciones en Esquina: el Centro de C\u00f3mputos Provincial realizar\u00e1 el escrutinio provisorio"},"content":{"rendered":"<p>El Centro de C\u00f3mputos Provincial ser\u00e1 el encargado del recuento inform\u00e1tico provisorio, que se pondr\u00e1 en marcha desde las 18 horas.<\/p>\n<p>Este domingo, los vecinos de Esquina elegir\u00e1n intendente y concejales, en la \u00fanica elecci\u00f3n municipal desdoblada de la provincia. El Centro de C\u00f3mputos Provincial ser\u00e1 el encargado del recuento inform\u00e1tico provisorio, que se pondr\u00e1 en marcha desde las 18 horas.<\/p>\n<p>&#8220;Vamos a estar trabajando con los datos que lleguen desde las 77 mesas de Esquina, en las dos categor\u00edas locales: intendente y concejales\u201d, explic\u00f3 en Hoja de Ruta Chani Lezcano, responsable del Centro de C\u00f3mputos Provincial.<\/p>\n<p>\u201cEs una elecci\u00f3n mucho m\u00e1s acotada que la provincial del 31 de agosto, por lo que esperamos un escrutinio r\u00e1pido y sin mayores demoras\u201d, agreg\u00f3.<\/p>\n<p>Lezcano record\u00f3 que, aunque por costumbre los resultados se difunden a partir de las 21, la Junta Electoral tiene potestad para definir el horario exacto de publicaci\u00f3n. \u201cQuiz\u00e1s esta vez se conozcan los resultados completos mucho antes, porque son pocas mesas y el sistema es m\u00e1s simple\u201d, adelant\u00f3.<\/p>\n<p>Adem\u00e1s, destac\u00f3 que la subsecretar\u00eda a su cargo contin\u00faa trabajando en el desarrollo de servicios digitales provinciales, con el objetivo de facilitar los tr\u00e1mites y reducir la necesidad de traslados a la capital.<\/p>\n<p>&#8220;La tecnolog\u00eda tiene que servir para que los correntinos vivan mejor. Ya m\u00e1s del 90% de los registros y servicios de la provincia est\u00e1n digitalizados. Queremos que cada ciudadano pueda hacer sus gestiones desde cualquier punto del territorio, sin colas ni gastos innecesarios\u201d, sostuvo.<\/p>\n<p>El funcionario tambi\u00e9n mencion\u00f3 que el Ministerio de Ciencia y Tecnolog\u00eda y las \u00e1reas t\u00e9cnicas del Gobierno provincial avanzan en proyectos de geolocalizaci\u00f3n, monitoreo ambiental, plataformas educativas y predicci\u00f3n de incendios e inundaciones mediante el uso de inteligencia artificial y sat\u00e9lites.<\/p>\n<p>&nbsp;<\/p>\n","protected":false},"excerpt":{"rendered":"<p>El Centro de C\u00f3mputos Provincial ser\u00e1 el encargado del recuento inform\u00e1tico provisorio, que se pondr\u00e1 en marcha desde las 18 horas. Este domingo, los vecinos de Esquina elegir\u00e1n intendente y concejales, en la \u00fanica elecci\u00f3n municipal desdoblada de la provincia. El Centro de C\u00f3mputos Provincial ser\u00e1 el encargado del recuento inform\u00e1tico provisorio, que se pondr\u00e1 [&hellip;]<\/p>\n","protected":false},"author":4,"featured_media":198120,"comment_status":"closed","ping_status":"closed","sticky":false,"template":"","format":"standard","meta":{"_joinchat":[],"footnotes":""},"categories":[26],"tags":[],"class_list":{"0":"post-198119","1":"post","2":"type-post","3":"status-publish","4":"format-standard","5":"has-post-thumbnail","7":"category-provinciales"},"yoast_head":"<!-- This site is optimized with the Yoast SEO plugin v27.2 - https:\/\/yoast.com\/product\/yoast-seo-wordpress\/ -->\n<title>Elecciones en Esquina: el Centro de C\u00f3mputos Provincial realizar\u00e1 el escrutinio provisorio - Radio Infinita Goya<\/title>\n<meta name=\"description\" content=\"El Centro de C\u00f3mputos Provincial ser\u00e1 el encargado del recuento inform\u00e1tico provisorio, que se pondr\u00e1 en marcha desde las 18 horas. Este domingo, los\" \/>\n<meta name=\"robots\" content=\"index, follow, max-snippet:-1, max-image-preview:large, max-video-preview:-1\" \/>\n<link rel=\"canonical\" href=\"https:\/\/radioinfinitagoya.com.ar\/v1\/2025\/10\/24\/elecciones-en-esquina-el-centro-de-computos-provincial-realizara-el-escrutinio-provisorio\/\" \/>\n<meta property=\"og:locale\" content=\"es_ES\" \/>\n<meta property=\"og:type\" content=\"article\" \/>\n<meta property=\"og:title\" content=\"Elecciones en Esquina: el Centro de C\u00f3mputos Provincial realizar\u00e1 el escrutinio provisorio - Radio Infinita Goya\" \/>\n<meta property=\"og:description\" content=\"El Centro de C\u00f3mputos Provincial ser\u00e1 el encargado del recuento inform\u00e1tico provisorio, que se pondr\u00e1 en marcha desde las 18 horas. Este domingo, los\" \/>\n<meta property=\"og:url\" content=\"https:\/\/radioinfinitagoya.com.ar\/v1\/2025\/10\/24\/elecciones-en-esquina-el-centro-de-computos-provincial-realizara-el-escrutinio-provisorio\/\" \/>\n<meta property=\"og:site_name\" content=\"Radio Infinita Goya\" \/>\n<meta property=\"article:publisher\" content=\"https:\/\/www.facebook.com\/p\/Infinita-Goya-100063870918311\/\" \/>\n<meta property=\"article:published_time\" content=\"2025-10-24T18:39:38+00:00\" \/>\n<meta property=\"og:image\" content=\"https:\/\/radioinfinitagoya.com.ar\/v1\/wp-content\/uploads\/2025\/10\/G3y45yWWgAAyWlJ.png\" \/>\n\t<meta property=\"og:image:width\" content=\"640\" \/>\n\t<meta property=\"og:image:height\" content=\"480\" \/>\n\t<meta property=\"og:image:type\" content=\"image\/png\" \/>\n<meta name=\"author\" content=\"Jorge Mi\u00f1o\" \/>\n<meta name=\"twitter:card\" content=\"summary_large_image\" \/>\n<meta name=\"twitter:label1\" content=\"Escrito por\" \/>\n\t<meta name=\"twitter:data1\" content=\"Jorge Mi\u00f1o\" \/>\n\t<meta name=\"twitter:label2\" content=\"Tiempo de lectura\" \/>\n\t<meta name=\"twitter:data2\" content=\"2 minutos\" \/>\n<script type=\"application\/ld+json\" class=\"yoast-schema-graph\">{\"@context\":\"https:\/\/schema.org\",\"@graph\":[{\"@type\":\"Article\",\"@id\":\"https:\/\/radioinfinitagoya.com.ar\/v1\/2025\/10\/24\/elecciones-en-esquina-el-centro-de-computos-provincial-realizara-el-escrutinio-provisorio\/#article\",\"isPartOf\":{\"@id\":\"https:\/\/radioinfinitagoya.com.ar\/v1\/2025\/10\/24\/elecciones-en-esquina-el-centro-de-computos-provincial-realizara-el-escrutinio-provisorio\/\"},\"author\":{\"name\":\"Jorge Mi\u00f1o\",\"@id\":\"https:\/\/radioinfinitagoya.com.ar\/v1\/#\/schema\/person\/d4cf9c413d4f6edb24aabdccab49ca4a\"},\"headline\":\"Elecciones en Esquina: el Centro de C\u00f3mputos Provincial realizar\u00e1 el escrutinio provisorio\",\"datePublished\":\"2025-10-24T18:39:38+00:00\",\"mainEntityOfPage\":{\"@id\":\"https:\/\/radioinfinitagoya.com.ar\/v1\/2025\/10\/24\/elecciones-en-esquina-el-centro-de-computos-provincial-realizara-el-escrutinio-provisorio\/\"},\"wordCount\":323,\"publisher\":{\"@id\":\"https:\/\/radioinfinitagoya.com.ar\/v1\/#organization\"},\"image\":{\"@id\":\"https:\/\/radioinfinitagoya.com.ar\/v1\/2025\/10\/24\/elecciones-en-esquina-el-centro-de-computos-provincial-realizara-el-escrutinio-provisorio\/#primaryimage\"},\"thumbnailUrl\":\"https:\/\/radioinfinitagoya.com.ar\/v1\/wp-content\/uploads\/2025\/10\/G3y45yWWgAAyWlJ.png\",\"articleSection\":[\"PROVINCIALES\"],\"inLanguage\":\"es-AR\"},{\"@type\":\"WebPage\",\"@id\":\"https:\/\/radioinfinitagoya.com.ar\/v1\/2025\/10\/24\/elecciones-en-esquina-el-centro-de-computos-provincial-realizara-el-escrutinio-provisorio\/\",\"url\":\"https:\/\/radioinfinitagoya.com.ar\/v1\/2025\/10\/24\/elecciones-en-esquina-el-centro-de-computos-provincial-realizara-el-escrutinio-provisorio\/\",\"name\":\"Elecciones en Esquina: el Centro de C\u00f3mputos Provincial realizar\u00e1 el escrutinio provisorio - Radio Infinita Goya\",\"isPartOf\":{\"@id\":\"https:\/\/radioinfinitagoya.com.ar\/v1\/#website\"},\"primaryImageOfPage\":{\"@id\":\"https:\/\/radioinfinitagoya.com.ar\/v1\/2025\/10\/24\/elecciones-en-esquina-el-centro-de-computos-provincial-realizara-el-escrutinio-provisorio\/#primaryimage\"},\"image\":{\"@id\":\"https:\/\/radioinfinitagoya.com.ar\/v1\/2025\/10\/24\/elecciones-en-esquina-el-centro-de-computos-provincial-realizara-el-escrutinio-provisorio\/#primaryimage\"},\"thumbnailUrl\":\"https:\/\/radioinfinitagoya.com.ar\/v1\/wp-content\/uploads\/2025\/10\/G3y45yWWgAAyWlJ.png\",\"datePublished\":\"2025-10-24T18:39:38+00:00\",\"description\":\"El Centro de C\u00f3mputos Provincial ser\u00e1 el encargado del recuento inform\u00e1tico provisorio, que se pondr\u00e1 en marcha desde las 18 horas. Este domingo, los\",\"breadcrumb\":{\"@id\":\"https:\/\/radioinfinitagoya.com.ar\/v1\/2025\/10\/24\/elecciones-en-esquina-el-centro-de-computos-provincial-realizara-el-escrutinio-provisorio\/#breadcrumb\"},\"inLanguage\":\"es-AR\",\"potentialAction\":[{\"@type\":\"ReadAction\",\"target\":[\"https:\/\/radioinfinitagoya.com.ar\/v1\/2025\/10\/24\/elecciones-en-esquina-el-centro-de-computos-provincial-realizara-el-escrutinio-provisorio\/\"]}]},{\"@type\":\"ImageObject\",\"inLanguage\":\"es-AR\",\"@id\":\"https:\/\/radioinfinitagoya.com.ar\/v1\/2025\/10\/24\/elecciones-en-esquina-el-centro-de-computos-provincial-realizara-el-escrutinio-provisorio\/#primaryimage\",\"url\":\"https:\/\/radioinfinitagoya.com.ar\/v1\/wp-content\/uploads\/2025\/10\/G3y45yWWgAAyWlJ.png\",\"contentUrl\":\"https:\/\/radioinfinitagoya.com.ar\/v1\/wp-content\/uploads\/2025\/10\/G3y45yWWgAAyWlJ.png\",\"width\":640,\"height\":480},{\"@type\":\"BreadcrumbList\",\"@id\":\"https:\/\/radioinfinitagoya.com.ar\/v1\/2025\/10\/24\/elecciones-en-esquina-el-centro-de-computos-provincial-realizara-el-escrutinio-provisorio\/#breadcrumb\",\"itemListElement\":[{\"@type\":\"ListItem\",\"position\":1,\"name\":\"Inicio\",\"item\":\"https:\/\/radioinfinitagoya.com.ar\/v1\/\"},{\"@type\":\"ListItem\",\"position\":2,\"name\":\"Elecciones en Esquina: el Centro de C\u00f3mputos Provincial realizar\u00e1 el escrutinio provisorio\"}]},{\"@type\":\"WebSite\",\"@id\":\"https:\/\/radioinfinitagoya.com.ar\/v1\/#website\",\"url\":\"https:\/\/radioinfinitagoya.com.ar\/v1\/\",\"name\":\"radioinfinitagoya.com.ar\",\"description\":\"Radio de noticias\",\"publisher\":{\"@id\":\"https:\/\/radioinfinitagoya.com.ar\/v1\/#organization\"},\"potentialAction\":[{\"@type\":\"SearchAction\",\"target\":{\"@type\":\"EntryPoint\",\"urlTemplate\":\"https:\/\/radioinfinitagoya.com.ar\/v1\/?s={search_term_string}\"},\"query-input\":{\"@type\":\"PropertyValueSpecification\",\"valueRequired\":true,\"valueName\":\"search_term_string\"}}],\"inLanguage\":\"es-AR\"},{\"@type\":\"Organization\",\"@id\":\"https:\/\/radioinfinitagoya.com.ar\/v1\/#organization\",\"name\":\"Radio Infinita Goya\",\"url\":\"https:\/\/radioinfinitagoya.com.ar\/v1\/\",\"logo\":{\"@type\":\"ImageObject\",\"inLanguage\":\"es-AR\",\"@id\":\"https:\/\/radioinfinitagoya.com.ar\/v1\/#\/schema\/logo\/image\/\",\"url\":\"https:\/\/radioinfinitagoya.com.ar\/v1\/wp-content\/uploads\/2019\/11\/logo-pie-web.png\",\"contentUrl\":\"https:\/\/radioinfinitagoya.com.ar\/v1\/wp-content\/uploads\/2019\/11\/logo-pie-web.png\",\"width\":635,\"height\":326,\"caption\":\"Radio Infinita Goya\"},\"image\":{\"@id\":\"https:\/\/radioinfinitagoya.com.ar\/v1\/#\/schema\/logo\/image\/\"},\"sameAs\":[\"https:\/\/www.facebook.com\/p\/Infinita-Goya-100063870918311\/\"]},{\"@type\":\"Person\",\"@id\":\"https:\/\/radioinfinitagoya.com.ar\/v1\/#\/schema\/person\/d4cf9c413d4f6edb24aabdccab49ca4a\",\"name\":\"Jorge Mi\u00f1o\",\"image\":{\"@type\":\"ImageObject\",\"inLanguage\":\"es-AR\",\"@id\":\"https:\/\/secure.gravatar.com\/avatar\/910fcf6728fe95320e07a6643c1581fec1c7fc4bf8ae12e3d8f0d0373dc844be?s=96&d=mm&r=g\",\"url\":\"https:\/\/secure.gravatar.com\/avatar\/910fcf6728fe95320e07a6643c1581fec1c7fc4bf8ae12e3d8f0d0373dc844be?s=96&d=mm&r=g\",\"contentUrl\":\"https:\/\/secure.gravatar.com\/avatar\/910fcf6728fe95320e07a6643c1581fec1c7fc4bf8ae12e3d8f0d0373dc844be?s=96&d=mm&r=g\",\"caption\":\"Jorge Mi\u00f1o\"},\"sameAs\":[\"http:\/\/radioinfinitagoya.com.ar\"]}]}<\/script>\n<!-- \/ Yoast SEO plugin. -->","yoast_head_json":{"title":"Elecciones en Esquina: el Centro de C\u00f3mputos Provincial realizar\u00e1 el escrutinio provisorio - Radio Infinita Goya","description":"El Centro de C\u00f3mputos Provincial ser\u00e1 el encargado del recuento inform\u00e1tico provisorio, que se pondr\u00e1 en marcha desde las 18 horas. Este domingo, los","robots":{"index":"index","follow":"follow","max-snippet":"max-snippet:-1","max-image-preview":"max-image-preview:large","max-video-preview":"max-video-preview:-1"},"canonical":"https:\/\/radioinfinitagoya.com.ar\/v1\/2025\/10\/24\/elecciones-en-esquina-el-centro-de-computos-provincial-realizara-el-escrutinio-provisorio\/","og_locale":"es_ES","og_type":"article","og_title":"Elecciones en Esquina: el Centro de C\u00f3mputos Provincial realizar\u00e1 el escrutinio provisorio - Radio Infinita Goya","og_description":"El Centro de C\u00f3mputos Provincial ser\u00e1 el encargado del recuento inform\u00e1tico provisorio, que se pondr\u00e1 en marcha desde las 18 horas. Este domingo, los","og_url":"https:\/\/radioinfinitagoya.com.ar\/v1\/2025\/10\/24\/elecciones-en-esquina-el-centro-de-computos-provincial-realizara-el-escrutinio-provisorio\/","og_site_name":"Radio Infinita Goya","article_publisher":"https:\/\/www.facebook.com\/p\/Infinita-Goya-100063870918311\/","article_published_time":"2025-10-24T18:39:38+00:00","og_image":[{"width":640,"height":480,"url":"https:\/\/radioinfinitagoya.com.ar\/v1\/wp-content\/uploads\/2025\/10\/G3y45yWWgAAyWlJ.png","type":"image\/png"}],"author":"Jorge Mi\u00f1o","twitter_card":"summary_large_image","twitter_misc":{"Escrito por":"Jorge Mi\u00f1o","Tiempo de lectura":"2 minutos"},"schema":{"@context":"https:\/\/schema.org","@graph":[{"@type":"Article","@id":"https:\/\/radioinfinitagoya.com.ar\/v1\/2025\/10\/24\/elecciones-en-esquina-el-centro-de-computos-provincial-realizara-el-escrutinio-provisorio\/#article","isPartOf":{"@id":"https:\/\/radioinfinitagoya.com.ar\/v1\/2025\/10\/24\/elecciones-en-esquina-el-centro-de-computos-provincial-realizara-el-escrutinio-provisorio\/"},"author":{"name":"Jorge Mi\u00f1o","@id":"https:\/\/radioinfinitagoya.com.ar\/v1\/#\/schema\/person\/d4cf9c413d4f6edb24aabdccab49ca4a"},"headline":"Elecciones en Esquina: el Centro de C\u00f3mputos Provincial realizar\u00e1 el escrutinio provisorio","datePublished":"2025-10-24T18:39:38+00:00","mainEntityOfPage":{"@id":"https:\/\/radioinfinitagoya.com.ar\/v1\/2025\/10\/24\/elecciones-en-esquina-el-centro-de-computos-provincial-realizara-el-escrutinio-provisorio\/"},"wordCount":323,"publisher":{"@id":"https:\/\/radioinfinitagoya.com.ar\/v1\/#organization"},"image":{"@id":"https:\/\/radioinfinitagoya.com.ar\/v1\/2025\/10\/24\/elecciones-en-esquina-el-centro-de-computos-provincial-realizara-el-escrutinio-provisorio\/#primaryimage"},"thumbnailUrl":"https:\/\/radioinfinitagoya.com.ar\/v1\/wp-content\/uploads\/2025\/10\/G3y45yWWgAAyWlJ.png","articleSection":["PROVINCIALES"],"inLanguage":"es-AR"},{"@type":"WebPage","@id":"https:\/\/radioinfinitagoya.com.ar\/v1\/2025\/10\/24\/elecciones-en-esquina-el-centro-de-computos-provincial-realizara-el-escrutinio-provisorio\/","url":"https:\/\/radioinfinitagoya.com.ar\/v1\/2025\/10\/24\/elecciones-en-esquina-el-centro-de-computos-provincial-realizara-el-escrutinio-provisorio\/","name":"Elecciones en Esquina: el Centro de C\u00f3mputos Provincial realizar\u00e1 el escrutinio provisorio - Radio Infinita Goya","isPartOf":{"@id":"https:\/\/radioinfinitagoya.com.ar\/v1\/#website"},"primaryImageOfPage":{"@id":"https:\/\/radioinfinitagoya.com.ar\/v1\/2025\/10\/24\/elecciones-en-esquina-el-centro-de-computos-provincial-realizara-el-escrutinio-provisorio\/#primaryimage"},"image":{"@id":"https:\/\/radioinfinitagoya.com.ar\/v1\/2025\/10\/24\/elecciones-en-esquina-el-centro-de-computos-provincial-realizara-el-escrutinio-provisorio\/#primaryimage"},"thumbnailUrl":"https:\/\/radioinfinitagoya.com.ar\/v1\/wp-content\/uploads\/2025\/10\/G3y45yWWgAAyWlJ.png","datePublished":"2025-10-24T18:39:38+00:00","description":"El Centro de C\u00f3mputos Provincial ser\u00e1 el encargado del recuento inform\u00e1tico provisorio, que se pondr\u00e1 en marcha desde las 18 horas. Este domingo, los","breadcrumb":{"@id":"https:\/\/radioinfinitagoya.com.ar\/v1\/2025\/10\/24\/elecciones-en-esquina-el-centro-de-computos-provincial-realizara-el-escrutinio-provisorio\/#breadcrumb"},"inLanguage":"es-AR","potentialAction":[{"@type":"ReadAction","target":["https:\/\/radioinfinitagoya.com.ar\/v1\/2025\/10\/24\/elecciones-en-esquina-el-centro-de-computos-provincial-realizara-el-escrutinio-provisorio\/"]}]},{"@type":"ImageObject","inLanguage":"es-AR","@id":"https:\/\/radioinfinitagoya.com.ar\/v1\/2025\/10\/24\/elecciones-en-esquina-el-centro-de-computos-provincial-realizara-el-escrutinio-provisorio\/#primaryimage","url":"https:\/\/radioinfinitagoya.com.ar\/v1\/wp-content\/uploads\/2025\/10\/G3y45yWWgAAyWlJ.png","contentUrl":"https:\/\/radioinfinitagoya.com.ar\/v1\/wp-content\/uploads\/2025\/10\/G3y45yWWgAAyWlJ.png","width":640,"height":480},{"@type":"BreadcrumbList","@id":"https:\/\/radioinfinitagoya.com.ar\/v1\/2025\/10\/24\/elecciones-en-esquina-el-centro-de-computos-provincial-realizara-el-escrutinio-provisorio\/#breadcrumb","itemListElement":[{"@type":"ListItem","position":1,"name":"Inicio","item":"https:\/\/radioinfinitagoya.com.ar\/v1\/"},{"@type":"ListItem","position":2,"name":"Elecciones en Esquina: el Centro de C\u00f3mputos Provincial realizar\u00e1 el escrutinio provisorio"}]},{"@type":"WebSite","@id":"https:\/\/radioinfinitagoya.com.ar\/v1\/#website","url":"https:\/\/radioinfinitagoya.com.ar\/v1\/","name":"radioinfinitagoya.com.ar","description":"Radio de noticias","publisher":{"@id":"https:\/\/radioinfinitagoya.com.ar\/v1\/#organization"},"potentialAction":[{"@type":"SearchAction","target":{"@type":"EntryPoint","urlTemplate":"https:\/\/radioinfinitagoya.com.ar\/v1\/?s={search_term_string}"},"query-input":{"@type":"PropertyValueSpecification","valueRequired":true,"valueName":"search_term_string"}}],"inLanguage":"es-AR"},{"@type":"Organization","@id":"https:\/\/radioinfinitagoya.com.ar\/v1\/#organization","name":"Radio Infinita Goya","url":"https:\/\/radioinfinitagoya.com.ar\/v1\/","logo":{"@type":"ImageObject","inLanguage":"es-AR","@id":"https:\/\/radioinfinitagoya.com.ar\/v1\/#\/schema\/logo\/image\/","url":"https:\/\/radioinfinitagoya.com.ar\/v1\/wp-content\/uploads\/2019\/11\/logo-pie-web.png","contentUrl":"https:\/\/radioinfinitagoya.com.ar\/v1\/wp-content\/uploads\/2019\/11\/logo-pie-web.png","width":635,"height":326,"caption":"Radio Infinita Goya"},"image":{"@id":"https:\/\/radioinfinitagoya.com.ar\/v1\/#\/schema\/logo\/image\/"},"sameAs":["https:\/\/www.facebook.com\/p\/Infinita-Goya-100063870918311\/"]},{"@type":"Person","@id":"https:\/\/radioinfinitagoya.com.ar\/v1\/#\/schema\/person\/d4cf9c413d4f6edb24aabdccab49ca4a","name":"Jorge Mi\u00f1o","image":{"@type":"ImageObject","inLanguage":"es-AR","@id":"https:\/\/secure.gravatar.com\/avatar\/910fcf6728fe95320e07a6643c1581fec1c7fc4bf8ae12e3d8f0d0373dc844be?s=96&d=mm&r=g","url":"https:\/\/secure.gravatar.com\/avatar\/910fcf6728fe95320e07a6643c1581fec1c7fc4bf8ae12e3d8f0d0373dc844be?s=96&d=mm&r=g","contentUrl":"https:\/\/secure.gravatar.com\/avatar\/910fcf6728fe95320e07a6643c1581fec1c7fc4bf8ae12e3d8f0d0373dc844be?s=96&d=mm&r=g","caption":"Jorge Mi\u00f1o"},"sameAs":["http:\/\/radioinfinitagoya.com.ar"]}]}},"_links":{"self":[{"href":"https:\/\/radioinfinitagoya.com.ar\/v1\/wp-json\/wp\/v2\/posts\/198119","targetHints":{"allow":["GET"]}}],"collection":[{"href":"https:\/\/radioinfinitagoya.com.ar\/v1\/wp-json\/wp\/v2\/posts"}],"about":[{"href":"https:\/\/radioinfinitagoya.com.ar\/v1\/wp-json\/wp\/v2\/types\/post"}],"author":[{"embeddable":true,"href":"https:\/\/radioinfinitagoya.com.ar\/v1\/wp-json\/wp\/v2\/users\/4"}],"replies":[{"embeddable":true,"href":"https:\/\/radioinfinitagoya.com.ar\/v1\/wp-json\/wp\/v2\/comments?post=198119"}],"version-history":[{"count":0,"href":"https:\/\/radioinfinitagoya.com.ar\/v1\/wp-json\/wp\/v2\/posts\/198119\/revisions"}],"wp:featuredmedia":[{"embeddable":true,"href":"https:\/\/radioinfinitagoya.com.ar\/v1\/wp-json\/wp\/v2\/media\/198120"}],"wp:attachment":[{"href":"https:\/\/radioinfinitagoya.com.ar\/v1\/wp-json\/wp\/v2\/media?parent=198119"}],"wp:term":[{"taxonomy":"category","embeddable":true,"href":"https:\/\/radioinfinitagoya.com.ar\/v1\/wp-json\/wp\/v2\/categories?post=198119"},{"taxonomy":"post_tag","embeddable":true,"href":"https:\/\/radioinfinitagoya.com.ar\/v1\/wp-json\/wp\/v2\/tags?post=198119"}],"curies":[{"name":"wp","href":"https:\/\/api.w.org\/{rel}","templated":true}]}}