{"id":198153,"date":"2025-10-24T16:40:14","date_gmt":"2025-10-24T19:40:14","guid":{"rendered":"https:\/\/radioinfinitagoya.com.ar\/v1\/?p=198153"},"modified":"2025-10-24T16:40:14","modified_gmt":"2025-10-24T19:40:14","slug":"primera-estudiantina-de-la-epja","status":"publish","type":"post","link":"https:\/\/radioinfinitagoya.com.ar\/v1\/2025\/10\/24\/primera-estudiantina-de-la-epja\/","title":{"rendered":"Primera Estudiantina de la EPJA"},"content":{"rendered":"<p>En la noche del mi\u00e9rcoles, en las instalaciones del colegio secundario Roberto I. L\u00f3pez Alvarado se desarroll\u00f3 la jornada en la cual se procedi\u00f3 a la elecci\u00f3n y coronaci\u00f3n de los embajadores de la fiesta de los estudiantes que cursan la modalidad de ense\u00f1anza para j\u00f3venes y adultos (EPJA).<\/p>\n<p>Se consagr\u00f3 como reina Alejandra M\u00e9ndez del colegio Magdalena G\u00fcemes de Tejada y como rey Fernando Chazz de la Escuela T\u00e9cnica Valent\u00edn Virasoro.<\/p>\n<p>Este evento \u00fanico y pionero en nuestra ciudad fue pensado y diagramado por los directivos y profesores del Colegio Secundario Roberto I. L\u00f3pez Alvarado y tiene como objetivo principal brindar un espacio y momento para celebrar y visibilizar a los estudiantes de la modalidad mencionada.<\/p>\n<p>Durante este primer encuentro, junto a la elecci\u00f3n de la reina, rey, princesas, miss simpat\u00eda, miss elegancia y m\u00edster facha, se eligi\u00f3 el logo que a partir de esta edici\u00f3n representar\u00e1 en los a\u00f1os siguientes a la Estudiantina de los J\u00f3venes y Adultos que cursan durante el turno nocturno. Tambi\u00e9n se eligi\u00f3 a la mejor hinchada.<\/p>\n<p>Otro de los aspectos salientes de la iniciativa es que, por sorteo, se determin\u00f3 a qu\u00e9 establecimiento le corresponde la organizaci\u00f3n de la Estudiantina EPJA del 2026, siendo favorecido en el sorteo el CESPA N\u00b0 1.<\/p>\n<p>Esta fue la segunda de dos jornadas, pues el d\u00eda anterior se llev\u00f3 a cabo la competencia deportiva. Participaron el colegio anfitri\u00f3n L\u00f3pez Alvarado, la Escuela T\u00e9cnica Valent\u00edn Virasoro, el CESPA N\u00b0 1; el colegio Sagrado Coraz\u00f3n de Jes\u00fas y el colegio Magdalena G\u00fcemes de Tejada. Todos los cuales cuentan con la modalidad de ense\u00f1anza para j\u00f3venes y adultos.<\/p>\n<p>Los organizadores agradecieron el apoyo brindado por la Municipalidad de Goya desde sus diferentes \u00e1reas, mencionando a la Secretar\u00eda de Educaci\u00f3n, sus escuelas municipales:<\/p>\n<p>Antonio R. Villarreal y Nuestra Se\u00f1ora de Itati; la Direcci\u00f3n de Deporte; a las concejales Vivian Merlo y Gabriela Refojos; como tambi\u00e9n a comercios locales por su invalorable aporte, y a los medios de comunicaci\u00f3n.<\/p>\n<p>La gala cont\u00f3 con la presencia y acompa\u00f1amiento de la rectora del colegio Roberto I. L\u00f3pez Alvarado Gabriela Vel\u00e1zquez, la vicerrectora del turno noche Mariana Luque, la coordinadora del CESPA N\u00b01 Violeta Fern\u00e1ndez Vercher, el vicerrector de la Escuela T\u00e9cnica Valent\u00edn Virasoro Gast\u00f3n Gatti, Sonia Barrios del Colegio Sagrado Coraz\u00f3n de Jes\u00fas; el coordinador del Colegio Secundario Magdalena G\u00fcemes de Tejada Jes\u00fas Segovia y la rectora Alicia Ben\u00edtez.<\/p>\n<p>La velada adem\u00e1s cont\u00f3 con la participaci\u00f3n de la primera princesa de la Fiesta Nacional del Surub\u00ed Albana Bejarano y reinas, princesas, reyes y embajadores de distintas fiestas provinciales, nacionales y de estudiantes.<\/p>\n<p>El jurado designado para el evento estuvo conformado por:<\/p>\n<p>El se\u00f1or Leonardo Ram\u00edrez Boll en representaci\u00f3n de la Direcci\u00f3n de Cultura. Valentina Romero Enrique, segunda princesa de la Fiesta Nacional del Surub\u00ed. La profesora de Artes Visuales Nora Francia. La dise\u00f1adora de moda Natalia Fern\u00e1ndez; y el empresario Jos\u00e9 Horacio Urdiro.<\/p>\n<p>La apertura de la ceremonia de elecci\u00f3n de los embajadores de la estudiantina de las EPJA estuvo a cargo de la profesora Natalia Parodi, del Instituto \u201cRenaciendo\u201d, con una coreograf\u00eda de la cual participaron los postulantes; tras lo cual se hizo la presentaci\u00f3n de los postulantes. En este sentido, cada colegio present\u00f3 una pareja de candidatos (rey y reina).<\/p>\n<p>Antes de la segunda pasada y de determinar los rubros establecidos, la organizaci\u00f3n solicit\u00f3 al jurado la elecci\u00f3n de la mejor hinchada y el logo representativo. Para ello cada colegio expuso y explic\u00f3 el dise\u00f1o exhibido, resultando ser el ganador el logo de escudo propuesto por el colegio Roberto I. L\u00f3pez Alvarado.<\/p>\n<p>Sobre el mismo establecimiento recay\u00f3 el galard\u00f3n de la mejor hinchada. As\u00ed, se hicieron acreedores de sendos voucher.<\/p>\n<p>De la misma manera, antes de conocerse los resultados de la elecci\u00f3n de reina, rey, princesas, miss simpat\u00eda, elegancia y m\u00edster facha se entregaron los reconocimientos a los ganadores de los encuentros deportivos.<\/p>\n<p>Al igual que hicieron depositarios de obsequios a los miembros del jurado, agradeciendo por esa valiosa colaboraci\u00f3n.<\/p>\n<p>EMBAJADORES DE LA ESTUDIANTINA<\/p>\n<p>Para llegar al momento por todos esperado, el anuncio de los soberanos y princesas de la fiesta, siendo en el dictamen del jurado, electos y coronados los siguientes estudiantes:<br \/>\nReina: Alejandra M\u00e9ndez, de 20 a\u00f1os, del colegio \u201cMagdalena G\u00fcemes de Tejada\u201d.<\/p>\n<p>Rey: Fernando Chazz, de 26 a\u00f1os, de la Escuela T\u00e9cnica \u201cValent\u00edn Virasoro\u201d.<\/p>\n<p>1\u00aa Princesa: Tamara C\u00e1ceres , de 23 a\u00f1os, del colegio Sagrado Coraz\u00f3n de Jes\u00fas.<\/p>\n<p>2\u00aa Princesa: Morena G\u00f3mez, de 18 a\u00f1os, del colegio Roberto I. L\u00f3pez Alvarado.<\/p>\n<p>Miss Simpat\u00eda: Malena Sotelo, de 18 a\u00f1os, del CESPA N\u00b01.<\/p>\n<p>Miss Elegancia: Amira Valle (Esquinense), de 24 a\u00f1os, del CESPA N\u00b01.<\/p>\n<p>M\u00edster Facha: Jes\u00fas Vill\u00e1n, de 18 a\u00f1os, del colegio Sagrado Coraz\u00f3n de Jes\u00fas.<\/p>\n<p>La coronaci\u00f3n de los representantes de los estudiantes j\u00f3venes y adultos estuvo a cargo de los miembros del jurado.<\/p>\n<p>La gala concluy\u00f3 a todo ritmo con la actuaci\u00f3n de la banda de m\u00fasica tropical D\u2019 Cumbia, cerrando as\u00ed esta primera edici\u00f3n de la Estudiantina de las EPJA, anunciando que el encuentro organizado por el CESPA el a\u00f1o pr\u00f3ximo ser\u00e1 en el mismo escenario, las instalaciones del colegio L\u00f3pez Alvarado.<\/p>\n<p>Direcci\u00f3n de Prensa &#8211; Municipalidad de Goya<\/p>\n<p>&nbsp;<\/p>\n","protected":false},"excerpt":{"rendered":"<p>En la noche del mi\u00e9rcoles, en las instalaciones del colegio secundario Roberto I. L\u00f3pez Alvarado se desarroll\u00f3 la jornada en la cual se procedi\u00f3 a la elecci\u00f3n y coronaci\u00f3n de los embajadores de la fiesta de los estudiantes que cursan la modalidad de ense\u00f1anza para j\u00f3venes y adultos (EPJA). Se consagr\u00f3 como reina Alejandra M\u00e9ndez [&hellip;]<\/p>\n","protected":false},"author":4,"featured_media":198154,"comment_status":"closed","ping_status":"closed","sticky":false,"template":"","format":"standard","meta":{"_joinchat":[],"footnotes":""},"categories":[27],"tags":[],"class_list":{"0":"post-198153","1":"post","2":"type-post","3":"status-publish","4":"format-standard","5":"has-post-thumbnail","7":"category-locales"},"yoast_head":"<!-- This site is optimized with the Yoast SEO plugin v27.2 - https:\/\/yoast.com\/product\/yoast-seo-wordpress\/ -->\n<title>Primera Estudiantina de la EPJA - Radio Infinita Goya<\/title>\n<meta name=\"description\" content=\"En la noche del mi\u00e9rcoles, en las instalaciones del colegio secundario Roberto I. L\u00f3pez Alvarado se desarroll\u00f3 la jornada en la cual se procedi\u00f3 a la\" \/>\n<meta name=\"robots\" content=\"index, follow, max-snippet:-1, max-image-preview:large, max-video-preview:-1\" \/>\n<link rel=\"canonical\" href=\"https:\/\/radioinfinitagoya.com.ar\/v1\/2025\/10\/24\/primera-estudiantina-de-la-epja\/\" \/>\n<meta property=\"og:locale\" content=\"es_ES\" \/>\n<meta property=\"og:type\" content=\"article\" \/>\n<meta property=\"og:title\" content=\"Primera Estudiantina de la EPJA - Radio Infinita Goya\" \/>\n<meta property=\"og:description\" content=\"En la noche del mi\u00e9rcoles, en las instalaciones del colegio secundario Roberto I. L\u00f3pez Alvarado se desarroll\u00f3 la jornada en la cual se procedi\u00f3 a la\" \/>\n<meta property=\"og:url\" content=\"https:\/\/radioinfinitagoya.com.ar\/v1\/2025\/10\/24\/primera-estudiantina-de-la-epja\/\" \/>\n<meta property=\"og:site_name\" content=\"Radio Infinita Goya\" \/>\n<meta property=\"article:publisher\" content=\"https:\/\/www.facebook.com\/p\/Infinita-Goya-100063870918311\/\" \/>\n<meta property=\"article:published_time\" content=\"2025-10-24T19:40:14+00:00\" \/>\n<meta property=\"og:image\" content=\"https:\/\/radioinfinitagoya.com.ar\/v1\/wp-content\/uploads\/2025\/10\/567018340_2921790828029385_2795860361014233509_n.jpg\" \/>\n\t<meta property=\"og:image:width\" content=\"848\" \/>\n\t<meta property=\"og:image:height\" content=\"372\" \/>\n\t<meta property=\"og:image:type\" content=\"image\/jpeg\" \/>\n<meta name=\"author\" content=\"Jorge Mi\u00f1o\" \/>\n<meta name=\"twitter:card\" content=\"summary_large_image\" \/>\n<meta name=\"twitter:label1\" content=\"Escrito por\" \/>\n\t<meta name=\"twitter:data1\" content=\"Jorge Mi\u00f1o\" \/>\n\t<meta name=\"twitter:label2\" content=\"Tiempo de lectura\" \/>\n\t<meta name=\"twitter:data2\" content=\"5 minutos\" \/>\n<script type=\"application\/ld+json\" class=\"yoast-schema-graph\">{\"@context\":\"https:\/\/schema.org\",\"@graph\":[{\"@type\":\"Article\",\"@id\":\"https:\/\/radioinfinitagoya.com.ar\/v1\/2025\/10\/24\/primera-estudiantina-de-la-epja\/#article\",\"isPartOf\":{\"@id\":\"https:\/\/radioinfinitagoya.com.ar\/v1\/2025\/10\/24\/primera-estudiantina-de-la-epja\/\"},\"author\":{\"name\":\"Jorge Mi\u00f1o\",\"@id\":\"https:\/\/radioinfinitagoya.com.ar\/v1\/#\/schema\/person\/d4cf9c413d4f6edb24aabdccab49ca4a\"},\"headline\":\"Primera Estudiantina de la EPJA\",\"datePublished\":\"2025-10-24T19:40:14+00:00\",\"mainEntityOfPage\":{\"@id\":\"https:\/\/radioinfinitagoya.com.ar\/v1\/2025\/10\/24\/primera-estudiantina-de-la-epja\/\"},\"wordCount\":943,\"publisher\":{\"@id\":\"https:\/\/radioinfinitagoya.com.ar\/v1\/#organization\"},\"image\":{\"@id\":\"https:\/\/radioinfinitagoya.com.ar\/v1\/2025\/10\/24\/primera-estudiantina-de-la-epja\/#primaryimage\"},\"thumbnailUrl\":\"https:\/\/radioinfinitagoya.com.ar\/v1\/wp-content\/uploads\/2025\/10\/567018340_2921790828029385_2795860361014233509_n.jpg\",\"articleSection\":[\"LOCALES\"],\"inLanguage\":\"es-AR\"},{\"@type\":\"WebPage\",\"@id\":\"https:\/\/radioinfinitagoya.com.ar\/v1\/2025\/10\/24\/primera-estudiantina-de-la-epja\/\",\"url\":\"https:\/\/radioinfinitagoya.com.ar\/v1\/2025\/10\/24\/primera-estudiantina-de-la-epja\/\",\"name\":\"Primera Estudiantina de la EPJA - Radio Infinita Goya\",\"isPartOf\":{\"@id\":\"https:\/\/radioinfinitagoya.com.ar\/v1\/#website\"},\"primaryImageOfPage\":{\"@id\":\"https:\/\/radioinfinitagoya.com.ar\/v1\/2025\/10\/24\/primera-estudiantina-de-la-epja\/#primaryimage\"},\"image\":{\"@id\":\"https:\/\/radioinfinitagoya.com.ar\/v1\/2025\/10\/24\/primera-estudiantina-de-la-epja\/#primaryimage\"},\"thumbnailUrl\":\"https:\/\/radioinfinitagoya.com.ar\/v1\/wp-content\/uploads\/2025\/10\/567018340_2921790828029385_2795860361014233509_n.jpg\",\"datePublished\":\"2025-10-24T19:40:14+00:00\",\"description\":\"En la noche del mi\u00e9rcoles, en las instalaciones del colegio secundario Roberto I. L\u00f3pez Alvarado se desarroll\u00f3 la jornada en la cual se procedi\u00f3 a la\",\"breadcrumb\":{\"@id\":\"https:\/\/radioinfinitagoya.com.ar\/v1\/2025\/10\/24\/primera-estudiantina-de-la-epja\/#breadcrumb\"},\"inLanguage\":\"es-AR\",\"potentialAction\":[{\"@type\":\"ReadAction\",\"target\":[\"https:\/\/radioinfinitagoya.com.ar\/v1\/2025\/10\/24\/primera-estudiantina-de-la-epja\/\"]}]},{\"@type\":\"ImageObject\",\"inLanguage\":\"es-AR\",\"@id\":\"https:\/\/radioinfinitagoya.com.ar\/v1\/2025\/10\/24\/primera-estudiantina-de-la-epja\/#primaryimage\",\"url\":\"https:\/\/radioinfinitagoya.com.ar\/v1\/wp-content\/uploads\/2025\/10\/567018340_2921790828029385_2795860361014233509_n.jpg\",\"contentUrl\":\"https:\/\/radioinfinitagoya.com.ar\/v1\/wp-content\/uploads\/2025\/10\/567018340_2921790828029385_2795860361014233509_n.jpg\",\"width\":848,\"height\":372},{\"@type\":\"BreadcrumbList\",\"@id\":\"https:\/\/radioinfinitagoya.com.ar\/v1\/2025\/10\/24\/primera-estudiantina-de-la-epja\/#breadcrumb\",\"itemListElement\":[{\"@type\":\"ListItem\",\"position\":1,\"name\":\"Inicio\",\"item\":\"https:\/\/radioinfinitagoya.com.ar\/v1\/\"},{\"@type\":\"ListItem\",\"position\":2,\"name\":\"Primera Estudiantina de la EPJA\"}]},{\"@type\":\"WebSite\",\"@id\":\"https:\/\/radioinfinitagoya.com.ar\/v1\/#website\",\"url\":\"https:\/\/radioinfinitagoya.com.ar\/v1\/\",\"name\":\"radioinfinitagoya.com.ar\",\"description\":\"Radio de noticias\",\"publisher\":{\"@id\":\"https:\/\/radioinfinitagoya.com.ar\/v1\/#organization\"},\"potentialAction\":[{\"@type\":\"SearchAction\",\"target\":{\"@type\":\"EntryPoint\",\"urlTemplate\":\"https:\/\/radioinfinitagoya.com.ar\/v1\/?s={search_term_string}\"},\"query-input\":{\"@type\":\"PropertyValueSpecification\",\"valueRequired\":true,\"valueName\":\"search_term_string\"}}],\"inLanguage\":\"es-AR\"},{\"@type\":\"Organization\",\"@id\":\"https:\/\/radioinfinitagoya.com.ar\/v1\/#organization\",\"name\":\"Radio Infinita Goya\",\"url\":\"https:\/\/radioinfinitagoya.com.ar\/v1\/\",\"logo\":{\"@type\":\"ImageObject\",\"inLanguage\":\"es-AR\",\"@id\":\"https:\/\/radioinfinitagoya.com.ar\/v1\/#\/schema\/logo\/image\/\",\"url\":\"https:\/\/radioinfinitagoya.com.ar\/v1\/wp-content\/uploads\/2019\/11\/logo-pie-web.png\",\"contentUrl\":\"https:\/\/radioinfinitagoya.com.ar\/v1\/wp-content\/uploads\/2019\/11\/logo-pie-web.png\",\"width\":635,\"height\":326,\"caption\":\"Radio Infinita Goya\"},\"image\":{\"@id\":\"https:\/\/radioinfinitagoya.com.ar\/v1\/#\/schema\/logo\/image\/\"},\"sameAs\":[\"https:\/\/www.facebook.com\/p\/Infinita-Goya-100063870918311\/\"]},{\"@type\":\"Person\",\"@id\":\"https:\/\/radioinfinitagoya.com.ar\/v1\/#\/schema\/person\/d4cf9c413d4f6edb24aabdccab49ca4a\",\"name\":\"Jorge Mi\u00f1o\",\"image\":{\"@type\":\"ImageObject\",\"inLanguage\":\"es-AR\",\"@id\":\"https:\/\/secure.gravatar.com\/avatar\/910fcf6728fe95320e07a6643c1581fec1c7fc4bf8ae12e3d8f0d0373dc844be?s=96&d=mm&r=g\",\"url\":\"https:\/\/secure.gravatar.com\/avatar\/910fcf6728fe95320e07a6643c1581fec1c7fc4bf8ae12e3d8f0d0373dc844be?s=96&d=mm&r=g\",\"contentUrl\":\"https:\/\/secure.gravatar.com\/avatar\/910fcf6728fe95320e07a6643c1581fec1c7fc4bf8ae12e3d8f0d0373dc844be?s=96&d=mm&r=g\",\"caption\":\"Jorge Mi\u00f1o\"},\"sameAs\":[\"http:\/\/radioinfinitagoya.com.ar\"]}]}<\/script>\n<!-- \/ Yoast SEO plugin. -->","yoast_head_json":{"title":"Primera Estudiantina de la EPJA - Radio Infinita Goya","description":"En la noche del mi\u00e9rcoles, en las instalaciones del colegio secundario Roberto I. L\u00f3pez Alvarado se desarroll\u00f3 la jornada en la cual se procedi\u00f3 a la","robots":{"index":"index","follow":"follow","max-snippet":"max-snippet:-1","max-image-preview":"max-image-preview:large","max-video-preview":"max-video-preview:-1"},"canonical":"https:\/\/radioinfinitagoya.com.ar\/v1\/2025\/10\/24\/primera-estudiantina-de-la-epja\/","og_locale":"es_ES","og_type":"article","og_title":"Primera Estudiantina de la EPJA - Radio Infinita Goya","og_description":"En la noche del mi\u00e9rcoles, en las instalaciones del colegio secundario Roberto I. L\u00f3pez Alvarado se desarroll\u00f3 la jornada en la cual se procedi\u00f3 a la","og_url":"https:\/\/radioinfinitagoya.com.ar\/v1\/2025\/10\/24\/primera-estudiantina-de-la-epja\/","og_site_name":"Radio Infinita Goya","article_publisher":"https:\/\/www.facebook.com\/p\/Infinita-Goya-100063870918311\/","article_published_time":"2025-10-24T19:40:14+00:00","og_image":[{"width":848,"height":372,"url":"https:\/\/radioinfinitagoya.com.ar\/v1\/wp-content\/uploads\/2025\/10\/567018340_2921790828029385_2795860361014233509_n.jpg","type":"image\/jpeg"}],"author":"Jorge Mi\u00f1o","twitter_card":"summary_large_image","twitter_misc":{"Escrito por":"Jorge Mi\u00f1o","Tiempo de lectura":"5 minutos"},"schema":{"@context":"https:\/\/schema.org","@graph":[{"@type":"Article","@id":"https:\/\/radioinfinitagoya.com.ar\/v1\/2025\/10\/24\/primera-estudiantina-de-la-epja\/#article","isPartOf":{"@id":"https:\/\/radioinfinitagoya.com.ar\/v1\/2025\/10\/24\/primera-estudiantina-de-la-epja\/"},"author":{"name":"Jorge Mi\u00f1o","@id":"https:\/\/radioinfinitagoya.com.ar\/v1\/#\/schema\/person\/d4cf9c413d4f6edb24aabdccab49ca4a"},"headline":"Primera Estudiantina de la EPJA","datePublished":"2025-10-24T19:40:14+00:00","mainEntityOfPage":{"@id":"https:\/\/radioinfinitagoya.com.ar\/v1\/2025\/10\/24\/primera-estudiantina-de-la-epja\/"},"wordCount":943,"publisher":{"@id":"https:\/\/radioinfinitagoya.com.ar\/v1\/#organization"},"image":{"@id":"https:\/\/radioinfinitagoya.com.ar\/v1\/2025\/10\/24\/primera-estudiantina-de-la-epja\/#primaryimage"},"thumbnailUrl":"https:\/\/radioinfinitagoya.com.ar\/v1\/wp-content\/uploads\/2025\/10\/567018340_2921790828029385_2795860361014233509_n.jpg","articleSection":["LOCALES"],"inLanguage":"es-AR"},{"@type":"WebPage","@id":"https:\/\/radioinfinitagoya.com.ar\/v1\/2025\/10\/24\/primera-estudiantina-de-la-epja\/","url":"https:\/\/radioinfinitagoya.com.ar\/v1\/2025\/10\/24\/primera-estudiantina-de-la-epja\/","name":"Primera Estudiantina de la EPJA - Radio Infinita Goya","isPartOf":{"@id":"https:\/\/radioinfinitagoya.com.ar\/v1\/#website"},"primaryImageOfPage":{"@id":"https:\/\/radioinfinitagoya.com.ar\/v1\/2025\/10\/24\/primera-estudiantina-de-la-epja\/#primaryimage"},"image":{"@id":"https:\/\/radioinfinitagoya.com.ar\/v1\/2025\/10\/24\/primera-estudiantina-de-la-epja\/#primaryimage"},"thumbnailUrl":"https:\/\/radioinfinitagoya.com.ar\/v1\/wp-content\/uploads\/2025\/10\/567018340_2921790828029385_2795860361014233509_n.jpg","datePublished":"2025-10-24T19:40:14+00:00","description":"En la noche del mi\u00e9rcoles, en las instalaciones del colegio secundario Roberto I. L\u00f3pez Alvarado se desarroll\u00f3 la jornada en la cual se procedi\u00f3 a la","breadcrumb":{"@id":"https:\/\/radioinfinitagoya.com.ar\/v1\/2025\/10\/24\/primera-estudiantina-de-la-epja\/#breadcrumb"},"inLanguage":"es-AR","potentialAction":[{"@type":"ReadAction","target":["https:\/\/radioinfinitagoya.com.ar\/v1\/2025\/10\/24\/primera-estudiantina-de-la-epja\/"]}]},{"@type":"ImageObject","inLanguage":"es-AR","@id":"https:\/\/radioinfinitagoya.com.ar\/v1\/2025\/10\/24\/primera-estudiantina-de-la-epja\/#primaryimage","url":"https:\/\/radioinfinitagoya.com.ar\/v1\/wp-content\/uploads\/2025\/10\/567018340_2921790828029385_2795860361014233509_n.jpg","contentUrl":"https:\/\/radioinfinitagoya.com.ar\/v1\/wp-content\/uploads\/2025\/10\/567018340_2921790828029385_2795860361014233509_n.jpg","width":848,"height":372},{"@type":"BreadcrumbList","@id":"https:\/\/radioinfinitagoya.com.ar\/v1\/2025\/10\/24\/primera-estudiantina-de-la-epja\/#breadcrumb","itemListElement":[{"@type":"ListItem","position":1,"name":"Inicio","item":"https:\/\/radioinfinitagoya.com.ar\/v1\/"},{"@type":"ListItem","position":2,"name":"Primera Estudiantina de la EPJA"}]},{"@type":"WebSite","@id":"https:\/\/radioinfinitagoya.com.ar\/v1\/#website","url":"https:\/\/radioinfinitagoya.com.ar\/v1\/","name":"radioinfinitagoya.com.ar","description":"Radio de noticias","publisher":{"@id":"https:\/\/radioinfinitagoya.com.ar\/v1\/#organization"},"potentialAction":[{"@type":"SearchAction","target":{"@type":"EntryPoint","urlTemplate":"https:\/\/radioinfinitagoya.com.ar\/v1\/?s={search_term_string}"},"query-input":{"@type":"PropertyValueSpecification","valueRequired":true,"valueName":"search_term_string"}}],"inLanguage":"es-AR"},{"@type":"Organization","@id":"https:\/\/radioinfinitagoya.com.ar\/v1\/#organization","name":"Radio Infinita Goya","url":"https:\/\/radioinfinitagoya.com.ar\/v1\/","logo":{"@type":"ImageObject","inLanguage":"es-AR","@id":"https:\/\/radioinfinitagoya.com.ar\/v1\/#\/schema\/logo\/image\/","url":"https:\/\/radioinfinitagoya.com.ar\/v1\/wp-content\/uploads\/2019\/11\/logo-pie-web.png","contentUrl":"https:\/\/radioinfinitagoya.com.ar\/v1\/wp-content\/uploads\/2019\/11\/logo-pie-web.png","width":635,"height":326,"caption":"Radio Infinita Goya"},"image":{"@id":"https:\/\/radioinfinitagoya.com.ar\/v1\/#\/schema\/logo\/image\/"},"sameAs":["https:\/\/www.facebook.com\/p\/Infinita-Goya-100063870918311\/"]},{"@type":"Person","@id":"https:\/\/radioinfinitagoya.com.ar\/v1\/#\/schema\/person\/d4cf9c413d4f6edb24aabdccab49ca4a","name":"Jorge Mi\u00f1o","image":{"@type":"ImageObject","inLanguage":"es-AR","@id":"https:\/\/secure.gravatar.com\/avatar\/910fcf6728fe95320e07a6643c1581fec1c7fc4bf8ae12e3d8f0d0373dc844be?s=96&d=mm&r=g","url":"https:\/\/secure.gravatar.com\/avatar\/910fcf6728fe95320e07a6643c1581fec1c7fc4bf8ae12e3d8f0d0373dc844be?s=96&d=mm&r=g","contentUrl":"https:\/\/secure.gravatar.com\/avatar\/910fcf6728fe95320e07a6643c1581fec1c7fc4bf8ae12e3d8f0d0373dc844be?s=96&d=mm&r=g","caption":"Jorge Mi\u00f1o"},"sameAs":["http:\/\/radioinfinitagoya.com.ar"]}]}},"_links":{"self":[{"href":"https:\/\/radioinfinitagoya.com.ar\/v1\/wp-json\/wp\/v2\/posts\/198153","targetHints":{"allow":["GET"]}}],"collection":[{"href":"https:\/\/radioinfinitagoya.com.ar\/v1\/wp-json\/wp\/v2\/posts"}],"about":[{"href":"https:\/\/radioinfinitagoya.com.ar\/v1\/wp-json\/wp\/v2\/types\/post"}],"author":[{"embeddable":true,"href":"https:\/\/radioinfinitagoya.com.ar\/v1\/wp-json\/wp\/v2\/users\/4"}],"replies":[{"embeddable":true,"href":"https:\/\/radioinfinitagoya.com.ar\/v1\/wp-json\/wp\/v2\/comments?post=198153"}],"version-history":[{"count":0,"href":"https:\/\/radioinfinitagoya.com.ar\/v1\/wp-json\/wp\/v2\/posts\/198153\/revisions"}],"wp:featuredmedia":[{"embeddable":true,"href":"https:\/\/radioinfinitagoya.com.ar\/v1\/wp-json\/wp\/v2\/media\/198154"}],"wp:attachment":[{"href":"https:\/\/radioinfinitagoya.com.ar\/v1\/wp-json\/wp\/v2\/media?parent=198153"}],"wp:term":[{"taxonomy":"category","embeddable":true,"href":"https:\/\/radioinfinitagoya.com.ar\/v1\/wp-json\/wp\/v2\/categories?post=198153"},{"taxonomy":"post_tag","embeddable":true,"href":"https:\/\/radioinfinitagoya.com.ar\/v1\/wp-json\/wp\/v2\/tags?post=198153"}],"curies":[{"name":"wp","href":"https:\/\/api.w.org\/{rel}","templated":true}]}}