{"id":198187,"date":"2025-10-25T17:43:26","date_gmt":"2025-10-25T20:43:26","guid":{"rendered":"https:\/\/radioinfinitagoya.com.ar\/v1\/?p=198187"},"modified":"2025-10-25T17:43:26","modified_gmt":"2025-10-25T20:43:26","slug":"declaro-el-novio-de-lourdes-fernandez-cantante-de-bandana-ella-no-queria-salir","status":"publish","type":"post","link":"https:\/\/radioinfinitagoya.com.ar\/v1\/2025\/10\/25\/declaro-el-novio-de-lourdes-fernandez-cantante-de-bandana-ella-no-queria-salir\/","title":{"rendered":"Declar\u00f3 el novio de Lourdes Fern\u00e1ndez, cantante de Bandana: \u201cElla no quer\u00eda salir\u201d"},"content":{"rendered":"<p>Leandro Esteban Garc\u00eda G\u00f3mez fue indagado este viernes bajo la acusaci\u00f3n de privaci\u00f3n ileg\u00edtima de la libertad. No respondi\u00f3 preguntas del juzgado y la fiscal\u00eda<\/p>\n<p>Leandro Esteban Garc\u00eda G\u00f3mez fue indagado este viernes por la presunta privaci\u00f3n ileg\u00edtima de la libertad de su pareja, la cantante de Bandana Lourdes Fern\u00e1ndez.<\/p>\n<p>Ante la Justicia, el acusado accedi\u00f3 a hacer un descargo, pero se neg\u00f3 a responder preguntas.<\/p>\n<p>Seg\u00fan pudo saber Infobae, dijo que no lesion\u00f3 a Lourdes y que ella fue a su casa por voluntad propia. En ese sentido, tambi\u00e9n asegur\u00f3 que la artista no quer\u00eda ver a la madre.<\/p>\n<p>&#8220;Ella no quer\u00eda salir\u201d, afirm\u00f3 en una audiencia que se realiz\u00f3 a trav\u00e9s de la plataforma Zoom, con el acusado conectado desde su lugar de detenci\u00f3n, en una Alcaid\u00eda de la Polic\u00eda de la Ciudad. Garc\u00eda G\u00f3mez fue asistido por un defensor oficial.<\/p>\n<p>El sospechoso por el momento quedar\u00e1 detenido a la espera de que se resuelva su situaci\u00f3n procesal, mientras se realizan m\u00e1s medidas de prueba. El caso est\u00e1 en manos del Juzgado Nacional en lo Criminal y Correccional N\u00b013 que conduce el juez Diego Javier Slupski y la Fiscal\u00eda N\u00b043, a cargo de Silvana Russi.<\/p>\n<p>Cabe recordar que Lourdes fue encontrada por la Polic\u00eda de la Ciudad el jueves por la noche en el departamento del imputado, en el barrio porte\u00f1o de Palermo.<\/p>\n<p>La mam\u00e1 de la cantante de 44 a\u00f1os que integr\u00f3 el exitoso grupo musical Bandana y otros allegados hab\u00edan denunciado esa ma\u00f1ana su desaparici\u00f3n en Comisar\u00eda Vecinal 14B y hab\u00edan alertado a las autoridades sobre un posible caso de hostigamiento y violencia de g\u00e9nero.<\/p>\n<p>El hallazgo se produjo tras una orden de allanamiento dispuesta por el magistrado interviniente. La Polic\u00eda ya hab\u00eda estado en el domicilio durante el d\u00eda: seg\u00fan indicaron fuentes oficiales, en una primera visita no hab\u00edan hallado a Lourdes porque el due\u00f1o de la vivienda no les permiti\u00f3 recorrer todos los ambientes del inmueble.<\/p>\n<p>Horas despu\u00e9s, con la orden judicial, la Divisi\u00f3n Investigaciones Comunales 14 ingres\u00f3 por la fuerza al departamento de Garc\u00eda G\u00f3mez y encontr\u00f3 a Lourdes, quien fue trasladada al Hospital Fern\u00e1ndez. Tras algunas horas, la artista dej\u00f3 el hospital junto a una amiga.<\/p>\n<p>En el sanatorio la revisaron hasta que finalmente confirmaron que no ten\u00eda un ning\u00fan signo de golpes, ni patolog\u00eda que justificara la internaci\u00f3n. La cantante fue dada de alta con el consentimiento de un familiar y su propia firma.<\/p>\n<p>Nadie, ni los m\u00e9dicos, ni el personal de guardia, hall\u00f3 una raz\u00f3n para retenerla. La joven fue acompa\u00f1ada en su salida, pero no por su madre.<\/p>\n<p>Garc\u00eda G\u00f3mez no estaba en el domicilio al momento del hallazgo de la mujer, pero fue detenido minutos despu\u00e9s dentro del edificio. Los investigadores creen que el hombre pretend\u00eda escapar por la terraza.<\/p>\n<p>Seg\u00fan trascendi\u00f3, fue encontrado escondido en un placard cuando la polic\u00eda allan\u00f3 el domicilio. Opon\u00eda resistencia, actuaba fuera de s\u00ed. Intent\u00f3 escapar por la ventana, hacia el pulm\u00f3n de manzana.<\/p>\n<p>De acuerdo con fuentes policiales consultadas por este medio, dentro del departamento, los investigadores encontraron varias botellas con bebidas alcoh\u00f3licas como vodka y fernet, as\u00ed como pastillas fuera del blister, de diferentes tama\u00f1os y colores. \u201cTodo el material est\u00e1 en el laboratorio qu\u00edmico de Polic\u00eda Cient\u00edfica para an\u00e1lisis\u201d, se\u00f1alaron las fuentes.<\/p>\n<p>Particip\u00f3 del operativo personal de la Justicia en compa\u00f1\u00eda de la Polic\u00eda de la Ciudad, la Divisi\u00f3n Cient\u00edfica y el SAME.<\/p>\n<p>Seg\u00fan supo Infobae, Lourdes y Garc\u00eda G\u00f3mez comenzaron a salir hace cinco a\u00f1os y en paralelo, comenz\u00f3 una larga historia de maltrato. Fue en 2022 cuando la artista present\u00f3 la primera denuncia contra \u00e9l por lesiones leves.<\/p>\n<p>En ese entonces, Fern\u00e1ndez public\u00f3 un video en su cuenta de Instagram con su cara golpeada donde cont\u00f3 lo que ocurri\u00f3: \u201cTodos en el edificio escucharon. Seg\u00fan \u00e9l, gritaba porque ten\u00eda ataques de p\u00e1nico. Si pasa, DENUNCIEN, no tengan miedo\u201d, dijo, relatando una situaci\u00f3n puntual de la que no dio detalles.<\/p>\n<p>Y continu\u00f3: \u201cMe film\u00f3 sin que yo sepa. Me sacaba fotos desnuda sin mi consentimiento. Me met\u00eda cosas en la bebida y yo siempre pidiendo cosas porque \u2018me emborrachaba\u2019. Amor es la falta absoluta de sufrimiento. El amor no duele\u201d.<\/p>\n<p>Lourdes y el agresor volvieron a tener v\u00ednculo despu\u00e9s de esa denuncia. Y este a\u00f1o, otro hecho de violencia oblig\u00f3 a la cantante de Bandana a radicar una nueva presentaci\u00f3n judicial contra Garc\u00eda G\u00f3mez.<\/p>\n<p>Fue el 1 de octubre, cuando la Polic\u00eda acudi\u00f3 al domicilio donde conviv\u00edan tras una fuerte discusi\u00f3n entre ambos. Fue luego de que vecinos del edificio llamaran al 911. Este episodio deriv\u00f3 en que el hombre se fuera de la casa.<\/p>\n","protected":false},"excerpt":{"rendered":"<p>Leandro Esteban Garc\u00eda G\u00f3mez fue indagado este viernes bajo la acusaci\u00f3n de privaci\u00f3n ileg\u00edtima de la libertad. No respondi\u00f3 preguntas del juzgado y la fiscal\u00eda Leandro Esteban Garc\u00eda G\u00f3mez fue indagado este viernes por la presunta privaci\u00f3n ileg\u00edtima de la libertad de su pareja, la cantante de Bandana Lourdes Fern\u00e1ndez. Ante la Justicia, el acusado [&hellip;]<\/p>\n","protected":false},"author":4,"featured_media":198188,"comment_status":"closed","ping_status":"closed","sticky":false,"template":"","format":"standard","meta":{"_joinchat":[],"footnotes":""},"categories":[29],"tags":[],"class_list":{"0":"post-198187","1":"post","2":"type-post","3":"status-publish","4":"format-standard","5":"has-post-thumbnail","7":"category-nacionales"},"yoast_head":"<!-- This site is optimized with the Yoast SEO plugin v27.2 - https:\/\/yoast.com\/product\/yoast-seo-wordpress\/ -->\n<title>Declar\u00f3 el novio de Lourdes Fern\u00e1ndez, cantante de Bandana: \u201cElla no quer\u00eda salir\u201d - Radio Infinita Goya<\/title>\n<meta name=\"description\" content=\"Leandro Esteban Garc\u00eda G\u00f3mez fue indagado este viernes bajo la acusaci\u00f3n de privaci\u00f3n ileg\u00edtima de la libertad. No respondi\u00f3 preguntas del juzgado y la\" \/>\n<meta name=\"robots\" content=\"index, follow, max-snippet:-1, max-image-preview:large, max-video-preview:-1\" \/>\n<link rel=\"canonical\" href=\"https:\/\/radioinfinitagoya.com.ar\/v1\/2025\/10\/25\/declaro-el-novio-de-lourdes-fernandez-cantante-de-bandana-ella-no-queria-salir\/\" \/>\n<meta property=\"og:locale\" content=\"es_ES\" \/>\n<meta property=\"og:type\" content=\"article\" \/>\n<meta property=\"og:title\" content=\"Declar\u00f3 el novio de Lourdes Fern\u00e1ndez, cantante de Bandana: \u201cElla no quer\u00eda salir\u201d - Radio Infinita Goya\" \/>\n<meta property=\"og:description\" content=\"Leandro Esteban Garc\u00eda G\u00f3mez fue indagado este viernes bajo la acusaci\u00f3n de privaci\u00f3n ileg\u00edtima de la libertad. No respondi\u00f3 preguntas del juzgado y la\" \/>\n<meta property=\"og:url\" content=\"https:\/\/radioinfinitagoya.com.ar\/v1\/2025\/10\/25\/declaro-el-novio-de-lourdes-fernandez-cantante-de-bandana-ella-no-queria-salir\/\" \/>\n<meta property=\"og:site_name\" content=\"Radio Infinita Goya\" \/>\n<meta property=\"article:publisher\" content=\"https:\/\/www.facebook.com\/p\/Infinita-Goya-100063870918311\/\" \/>\n<meta property=\"article:published_time\" content=\"2025-10-25T20:43:26+00:00\" \/>\n<meta property=\"og:image\" content=\"https:\/\/radioinfinitagoya.com.ar\/v1\/wp-content\/uploads\/2025\/10\/dRdatbOt.jpg\" \/>\n\t<meta property=\"og:image:width\" content=\"680\" \/>\n\t<meta property=\"og:image:height\" content=\"383\" \/>\n\t<meta property=\"og:image:type\" content=\"image\/jpeg\" \/>\n<meta name=\"author\" content=\"Jorge Mi\u00f1o\" \/>\n<meta name=\"twitter:card\" content=\"summary_large_image\" \/>\n<meta name=\"twitter:label1\" content=\"Escrito por\" \/>\n\t<meta name=\"twitter:data1\" content=\"Jorge Mi\u00f1o\" \/>\n\t<meta name=\"twitter:label2\" content=\"Tiempo de lectura\" \/>\n\t<meta name=\"twitter:data2\" content=\"4 minutos\" \/>\n<script type=\"application\/ld+json\" class=\"yoast-schema-graph\">{\"@context\":\"https:\/\/schema.org\",\"@graph\":[{\"@type\":\"Article\",\"@id\":\"https:\/\/radioinfinitagoya.com.ar\/v1\/2025\/10\/25\/declaro-el-novio-de-lourdes-fernandez-cantante-de-bandana-ella-no-queria-salir\/#article\",\"isPartOf\":{\"@id\":\"https:\/\/radioinfinitagoya.com.ar\/v1\/2025\/10\/25\/declaro-el-novio-de-lourdes-fernandez-cantante-de-bandana-ella-no-queria-salir\/\"},\"author\":{\"name\":\"Jorge Mi\u00f1o\",\"@id\":\"https:\/\/radioinfinitagoya.com.ar\/v1\/#\/schema\/person\/d4cf9c413d4f6edb24aabdccab49ca4a\"},\"headline\":\"Declar\u00f3 el novio de Lourdes Fern\u00e1ndez, cantante de Bandana: \u201cElla no quer\u00eda salir\u201d\",\"datePublished\":\"2025-10-25T20:43:26+00:00\",\"mainEntityOfPage\":{\"@id\":\"https:\/\/radioinfinitagoya.com.ar\/v1\/2025\/10\/25\/declaro-el-novio-de-lourdes-fernandez-cantante-de-bandana-ella-no-queria-salir\/\"},\"wordCount\":866,\"publisher\":{\"@id\":\"https:\/\/radioinfinitagoya.com.ar\/v1\/#organization\"},\"image\":{\"@id\":\"https:\/\/radioinfinitagoya.com.ar\/v1\/2025\/10\/25\/declaro-el-novio-de-lourdes-fernandez-cantante-de-bandana-ella-no-queria-salir\/#primaryimage\"},\"thumbnailUrl\":\"https:\/\/radioinfinitagoya.com.ar\/v1\/wp-content\/uploads\/2025\/10\/dRdatbOt.jpg\",\"articleSection\":[\"NACIONALES\"],\"inLanguage\":\"es-AR\"},{\"@type\":\"WebPage\",\"@id\":\"https:\/\/radioinfinitagoya.com.ar\/v1\/2025\/10\/25\/declaro-el-novio-de-lourdes-fernandez-cantante-de-bandana-ella-no-queria-salir\/\",\"url\":\"https:\/\/radioinfinitagoya.com.ar\/v1\/2025\/10\/25\/declaro-el-novio-de-lourdes-fernandez-cantante-de-bandana-ella-no-queria-salir\/\",\"name\":\"Declar\u00f3 el novio de Lourdes Fern\u00e1ndez, cantante de Bandana: \u201cElla no quer\u00eda salir\u201d - Radio Infinita Goya\",\"isPartOf\":{\"@id\":\"https:\/\/radioinfinitagoya.com.ar\/v1\/#website\"},\"primaryImageOfPage\":{\"@id\":\"https:\/\/radioinfinitagoya.com.ar\/v1\/2025\/10\/25\/declaro-el-novio-de-lourdes-fernandez-cantante-de-bandana-ella-no-queria-salir\/#primaryimage\"},\"image\":{\"@id\":\"https:\/\/radioinfinitagoya.com.ar\/v1\/2025\/10\/25\/declaro-el-novio-de-lourdes-fernandez-cantante-de-bandana-ella-no-queria-salir\/#primaryimage\"},\"thumbnailUrl\":\"https:\/\/radioinfinitagoya.com.ar\/v1\/wp-content\/uploads\/2025\/10\/dRdatbOt.jpg\",\"datePublished\":\"2025-10-25T20:43:26+00:00\",\"description\":\"Leandro Esteban Garc\u00eda G\u00f3mez fue indagado este viernes bajo la acusaci\u00f3n de privaci\u00f3n ileg\u00edtima de la libertad. No respondi\u00f3 preguntas del juzgado y la\",\"breadcrumb\":{\"@id\":\"https:\/\/radioinfinitagoya.com.ar\/v1\/2025\/10\/25\/declaro-el-novio-de-lourdes-fernandez-cantante-de-bandana-ella-no-queria-salir\/#breadcrumb\"},\"inLanguage\":\"es-AR\",\"potentialAction\":[{\"@type\":\"ReadAction\",\"target\":[\"https:\/\/radioinfinitagoya.com.ar\/v1\/2025\/10\/25\/declaro-el-novio-de-lourdes-fernandez-cantante-de-bandana-ella-no-queria-salir\/\"]}]},{\"@type\":\"ImageObject\",\"inLanguage\":\"es-AR\",\"@id\":\"https:\/\/radioinfinitagoya.com.ar\/v1\/2025\/10\/25\/declaro-el-novio-de-lourdes-fernandez-cantante-de-bandana-ella-no-queria-salir\/#primaryimage\",\"url\":\"https:\/\/radioinfinitagoya.com.ar\/v1\/wp-content\/uploads\/2025\/10\/dRdatbOt.jpg\",\"contentUrl\":\"https:\/\/radioinfinitagoya.com.ar\/v1\/wp-content\/uploads\/2025\/10\/dRdatbOt.jpg\",\"width\":680,\"height\":383},{\"@type\":\"BreadcrumbList\",\"@id\":\"https:\/\/radioinfinitagoya.com.ar\/v1\/2025\/10\/25\/declaro-el-novio-de-lourdes-fernandez-cantante-de-bandana-ella-no-queria-salir\/#breadcrumb\",\"itemListElement\":[{\"@type\":\"ListItem\",\"position\":1,\"name\":\"Inicio\",\"item\":\"https:\/\/radioinfinitagoya.com.ar\/v1\/\"},{\"@type\":\"ListItem\",\"position\":2,\"name\":\"Declar\u00f3 el novio de Lourdes Fern\u00e1ndez, cantante de Bandana: \u201cElla no quer\u00eda salir\u201d\"}]},{\"@type\":\"WebSite\",\"@id\":\"https:\/\/radioinfinitagoya.com.ar\/v1\/#website\",\"url\":\"https:\/\/radioinfinitagoya.com.ar\/v1\/\",\"name\":\"radioinfinitagoya.com.ar\",\"description\":\"Radio de noticias\",\"publisher\":{\"@id\":\"https:\/\/radioinfinitagoya.com.ar\/v1\/#organization\"},\"potentialAction\":[{\"@type\":\"SearchAction\",\"target\":{\"@type\":\"EntryPoint\",\"urlTemplate\":\"https:\/\/radioinfinitagoya.com.ar\/v1\/?s={search_term_string}\"},\"query-input\":{\"@type\":\"PropertyValueSpecification\",\"valueRequired\":true,\"valueName\":\"search_term_string\"}}],\"inLanguage\":\"es-AR\"},{\"@type\":\"Organization\",\"@id\":\"https:\/\/radioinfinitagoya.com.ar\/v1\/#organization\",\"name\":\"Radio Infinita Goya\",\"url\":\"https:\/\/radioinfinitagoya.com.ar\/v1\/\",\"logo\":{\"@type\":\"ImageObject\",\"inLanguage\":\"es-AR\",\"@id\":\"https:\/\/radioinfinitagoya.com.ar\/v1\/#\/schema\/logo\/image\/\",\"url\":\"https:\/\/radioinfinitagoya.com.ar\/v1\/wp-content\/uploads\/2019\/11\/logo-pie-web.png\",\"contentUrl\":\"https:\/\/radioinfinitagoya.com.ar\/v1\/wp-content\/uploads\/2019\/11\/logo-pie-web.png\",\"width\":635,\"height\":326,\"caption\":\"Radio Infinita Goya\"},\"image\":{\"@id\":\"https:\/\/radioinfinitagoya.com.ar\/v1\/#\/schema\/logo\/image\/\"},\"sameAs\":[\"https:\/\/www.facebook.com\/p\/Infinita-Goya-100063870918311\/\"]},{\"@type\":\"Person\",\"@id\":\"https:\/\/radioinfinitagoya.com.ar\/v1\/#\/schema\/person\/d4cf9c413d4f6edb24aabdccab49ca4a\",\"name\":\"Jorge Mi\u00f1o\",\"image\":{\"@type\":\"ImageObject\",\"inLanguage\":\"es-AR\",\"@id\":\"https:\/\/secure.gravatar.com\/avatar\/910fcf6728fe95320e07a6643c1581fec1c7fc4bf8ae12e3d8f0d0373dc844be?s=96&d=mm&r=g\",\"url\":\"https:\/\/secure.gravatar.com\/avatar\/910fcf6728fe95320e07a6643c1581fec1c7fc4bf8ae12e3d8f0d0373dc844be?s=96&d=mm&r=g\",\"contentUrl\":\"https:\/\/secure.gravatar.com\/avatar\/910fcf6728fe95320e07a6643c1581fec1c7fc4bf8ae12e3d8f0d0373dc844be?s=96&d=mm&r=g\",\"caption\":\"Jorge Mi\u00f1o\"},\"sameAs\":[\"http:\/\/radioinfinitagoya.com.ar\"]}]}<\/script>\n<!-- \/ Yoast SEO plugin. -->","yoast_head_json":{"title":"Declar\u00f3 el novio de Lourdes Fern\u00e1ndez, cantante de Bandana: \u201cElla no quer\u00eda salir\u201d - Radio Infinita Goya","description":"Leandro Esteban Garc\u00eda G\u00f3mez fue indagado este viernes bajo la acusaci\u00f3n de privaci\u00f3n ileg\u00edtima de la libertad. No respondi\u00f3 preguntas del juzgado y la","robots":{"index":"index","follow":"follow","max-snippet":"max-snippet:-1","max-image-preview":"max-image-preview:large","max-video-preview":"max-video-preview:-1"},"canonical":"https:\/\/radioinfinitagoya.com.ar\/v1\/2025\/10\/25\/declaro-el-novio-de-lourdes-fernandez-cantante-de-bandana-ella-no-queria-salir\/","og_locale":"es_ES","og_type":"article","og_title":"Declar\u00f3 el novio de Lourdes Fern\u00e1ndez, cantante de Bandana: \u201cElla no quer\u00eda salir\u201d - Radio Infinita Goya","og_description":"Leandro Esteban Garc\u00eda G\u00f3mez fue indagado este viernes bajo la acusaci\u00f3n de privaci\u00f3n ileg\u00edtima de la libertad. No respondi\u00f3 preguntas del juzgado y la","og_url":"https:\/\/radioinfinitagoya.com.ar\/v1\/2025\/10\/25\/declaro-el-novio-de-lourdes-fernandez-cantante-de-bandana-ella-no-queria-salir\/","og_site_name":"Radio Infinita Goya","article_publisher":"https:\/\/www.facebook.com\/p\/Infinita-Goya-100063870918311\/","article_published_time":"2025-10-25T20:43:26+00:00","og_image":[{"width":680,"height":383,"url":"https:\/\/radioinfinitagoya.com.ar\/v1\/wp-content\/uploads\/2025\/10\/dRdatbOt.jpg","type":"image\/jpeg"}],"author":"Jorge Mi\u00f1o","twitter_card":"summary_large_image","twitter_misc":{"Escrito por":"Jorge Mi\u00f1o","Tiempo de lectura":"4 minutos"},"schema":{"@context":"https:\/\/schema.org","@graph":[{"@type":"Article","@id":"https:\/\/radioinfinitagoya.com.ar\/v1\/2025\/10\/25\/declaro-el-novio-de-lourdes-fernandez-cantante-de-bandana-ella-no-queria-salir\/#article","isPartOf":{"@id":"https:\/\/radioinfinitagoya.com.ar\/v1\/2025\/10\/25\/declaro-el-novio-de-lourdes-fernandez-cantante-de-bandana-ella-no-queria-salir\/"},"author":{"name":"Jorge Mi\u00f1o","@id":"https:\/\/radioinfinitagoya.com.ar\/v1\/#\/schema\/person\/d4cf9c413d4f6edb24aabdccab49ca4a"},"headline":"Declar\u00f3 el novio de Lourdes Fern\u00e1ndez, cantante de Bandana: \u201cElla no quer\u00eda salir\u201d","datePublished":"2025-10-25T20:43:26+00:00","mainEntityOfPage":{"@id":"https:\/\/radioinfinitagoya.com.ar\/v1\/2025\/10\/25\/declaro-el-novio-de-lourdes-fernandez-cantante-de-bandana-ella-no-queria-salir\/"},"wordCount":866,"publisher":{"@id":"https:\/\/radioinfinitagoya.com.ar\/v1\/#organization"},"image":{"@id":"https:\/\/radioinfinitagoya.com.ar\/v1\/2025\/10\/25\/declaro-el-novio-de-lourdes-fernandez-cantante-de-bandana-ella-no-queria-salir\/#primaryimage"},"thumbnailUrl":"https:\/\/radioinfinitagoya.com.ar\/v1\/wp-content\/uploads\/2025\/10\/dRdatbOt.jpg","articleSection":["NACIONALES"],"inLanguage":"es-AR"},{"@type":"WebPage","@id":"https:\/\/radioinfinitagoya.com.ar\/v1\/2025\/10\/25\/declaro-el-novio-de-lourdes-fernandez-cantante-de-bandana-ella-no-queria-salir\/","url":"https:\/\/radioinfinitagoya.com.ar\/v1\/2025\/10\/25\/declaro-el-novio-de-lourdes-fernandez-cantante-de-bandana-ella-no-queria-salir\/","name":"Declar\u00f3 el novio de Lourdes Fern\u00e1ndez, cantante de Bandana: \u201cElla no quer\u00eda salir\u201d - Radio Infinita Goya","isPartOf":{"@id":"https:\/\/radioinfinitagoya.com.ar\/v1\/#website"},"primaryImageOfPage":{"@id":"https:\/\/radioinfinitagoya.com.ar\/v1\/2025\/10\/25\/declaro-el-novio-de-lourdes-fernandez-cantante-de-bandana-ella-no-queria-salir\/#primaryimage"},"image":{"@id":"https:\/\/radioinfinitagoya.com.ar\/v1\/2025\/10\/25\/declaro-el-novio-de-lourdes-fernandez-cantante-de-bandana-ella-no-queria-salir\/#primaryimage"},"thumbnailUrl":"https:\/\/radioinfinitagoya.com.ar\/v1\/wp-content\/uploads\/2025\/10\/dRdatbOt.jpg","datePublished":"2025-10-25T20:43:26+00:00","description":"Leandro Esteban Garc\u00eda G\u00f3mez fue indagado este viernes bajo la acusaci\u00f3n de privaci\u00f3n ileg\u00edtima de la libertad. No respondi\u00f3 preguntas del juzgado y la","breadcrumb":{"@id":"https:\/\/radioinfinitagoya.com.ar\/v1\/2025\/10\/25\/declaro-el-novio-de-lourdes-fernandez-cantante-de-bandana-ella-no-queria-salir\/#breadcrumb"},"inLanguage":"es-AR","potentialAction":[{"@type":"ReadAction","target":["https:\/\/radioinfinitagoya.com.ar\/v1\/2025\/10\/25\/declaro-el-novio-de-lourdes-fernandez-cantante-de-bandana-ella-no-queria-salir\/"]}]},{"@type":"ImageObject","inLanguage":"es-AR","@id":"https:\/\/radioinfinitagoya.com.ar\/v1\/2025\/10\/25\/declaro-el-novio-de-lourdes-fernandez-cantante-de-bandana-ella-no-queria-salir\/#primaryimage","url":"https:\/\/radioinfinitagoya.com.ar\/v1\/wp-content\/uploads\/2025\/10\/dRdatbOt.jpg","contentUrl":"https:\/\/radioinfinitagoya.com.ar\/v1\/wp-content\/uploads\/2025\/10\/dRdatbOt.jpg","width":680,"height":383},{"@type":"BreadcrumbList","@id":"https:\/\/radioinfinitagoya.com.ar\/v1\/2025\/10\/25\/declaro-el-novio-de-lourdes-fernandez-cantante-de-bandana-ella-no-queria-salir\/#breadcrumb","itemListElement":[{"@type":"ListItem","position":1,"name":"Inicio","item":"https:\/\/radioinfinitagoya.com.ar\/v1\/"},{"@type":"ListItem","position":2,"name":"Declar\u00f3 el novio de Lourdes Fern\u00e1ndez, cantante de Bandana: \u201cElla no quer\u00eda salir\u201d"}]},{"@type":"WebSite","@id":"https:\/\/radioinfinitagoya.com.ar\/v1\/#website","url":"https:\/\/radioinfinitagoya.com.ar\/v1\/","name":"radioinfinitagoya.com.ar","description":"Radio de noticias","publisher":{"@id":"https:\/\/radioinfinitagoya.com.ar\/v1\/#organization"},"potentialAction":[{"@type":"SearchAction","target":{"@type":"EntryPoint","urlTemplate":"https:\/\/radioinfinitagoya.com.ar\/v1\/?s={search_term_string}"},"query-input":{"@type":"PropertyValueSpecification","valueRequired":true,"valueName":"search_term_string"}}],"inLanguage":"es-AR"},{"@type":"Organization","@id":"https:\/\/radioinfinitagoya.com.ar\/v1\/#organization","name":"Radio Infinita Goya","url":"https:\/\/radioinfinitagoya.com.ar\/v1\/","logo":{"@type":"ImageObject","inLanguage":"es-AR","@id":"https:\/\/radioinfinitagoya.com.ar\/v1\/#\/schema\/logo\/image\/","url":"https:\/\/radioinfinitagoya.com.ar\/v1\/wp-content\/uploads\/2019\/11\/logo-pie-web.png","contentUrl":"https:\/\/radioinfinitagoya.com.ar\/v1\/wp-content\/uploads\/2019\/11\/logo-pie-web.png","width":635,"height":326,"caption":"Radio Infinita Goya"},"image":{"@id":"https:\/\/radioinfinitagoya.com.ar\/v1\/#\/schema\/logo\/image\/"},"sameAs":["https:\/\/www.facebook.com\/p\/Infinita-Goya-100063870918311\/"]},{"@type":"Person","@id":"https:\/\/radioinfinitagoya.com.ar\/v1\/#\/schema\/person\/d4cf9c413d4f6edb24aabdccab49ca4a","name":"Jorge Mi\u00f1o","image":{"@type":"ImageObject","inLanguage":"es-AR","@id":"https:\/\/secure.gravatar.com\/avatar\/910fcf6728fe95320e07a6643c1581fec1c7fc4bf8ae12e3d8f0d0373dc844be?s=96&d=mm&r=g","url":"https:\/\/secure.gravatar.com\/avatar\/910fcf6728fe95320e07a6643c1581fec1c7fc4bf8ae12e3d8f0d0373dc844be?s=96&d=mm&r=g","contentUrl":"https:\/\/secure.gravatar.com\/avatar\/910fcf6728fe95320e07a6643c1581fec1c7fc4bf8ae12e3d8f0d0373dc844be?s=96&d=mm&r=g","caption":"Jorge Mi\u00f1o"},"sameAs":["http:\/\/radioinfinitagoya.com.ar"]}]}},"_links":{"self":[{"href":"https:\/\/radioinfinitagoya.com.ar\/v1\/wp-json\/wp\/v2\/posts\/198187","targetHints":{"allow":["GET"]}}],"collection":[{"href":"https:\/\/radioinfinitagoya.com.ar\/v1\/wp-json\/wp\/v2\/posts"}],"about":[{"href":"https:\/\/radioinfinitagoya.com.ar\/v1\/wp-json\/wp\/v2\/types\/post"}],"author":[{"embeddable":true,"href":"https:\/\/radioinfinitagoya.com.ar\/v1\/wp-json\/wp\/v2\/users\/4"}],"replies":[{"embeddable":true,"href":"https:\/\/radioinfinitagoya.com.ar\/v1\/wp-json\/wp\/v2\/comments?post=198187"}],"version-history":[{"count":0,"href":"https:\/\/radioinfinitagoya.com.ar\/v1\/wp-json\/wp\/v2\/posts\/198187\/revisions"}],"wp:featuredmedia":[{"embeddable":true,"href":"https:\/\/radioinfinitagoya.com.ar\/v1\/wp-json\/wp\/v2\/media\/198188"}],"wp:attachment":[{"href":"https:\/\/radioinfinitagoya.com.ar\/v1\/wp-json\/wp\/v2\/media?parent=198187"}],"wp:term":[{"taxonomy":"category","embeddable":true,"href":"https:\/\/radioinfinitagoya.com.ar\/v1\/wp-json\/wp\/v2\/categories?post=198187"},{"taxonomy":"post_tag","embeddable":true,"href":"https:\/\/radioinfinitagoya.com.ar\/v1\/wp-json\/wp\/v2\/tags?post=198187"}],"curies":[{"name":"wp","href":"https:\/\/api.w.org\/{rel}","templated":true}]}}