{"id":198193,"date":"2025-10-25T17:53:16","date_gmt":"2025-10-25T20:53:16","guid":{"rendered":"https:\/\/radioinfinitagoya.com.ar\/v1\/?p=198193"},"modified":"2025-10-25T17:53:16","modified_gmt":"2025-10-25T20:53:16","slug":"la-respuesta-de-xabi-alonso-a-los-acidos-comentarios-de-lamine-yamal","status":"publish","type":"post","link":"https:\/\/radioinfinitagoya.com.ar\/v1\/2025\/10\/25\/la-respuesta-de-xabi-alonso-a-los-acidos-comentarios-de-lamine-yamal\/","title":{"rendered":"La respuesta de Xabi Alonso a los \u00e1cidos comentarios de Lamine Yamal"},"content":{"rendered":"<p>Antes del cl\u00e1sico entre Real Madrid y Barcelona<\/p>\n<p>El entrenador merengue fij\u00f3 postura frente a las frases del astro del Bar\u00e7a<\/p>\n<p>La expectativa en torno al primer Cl\u00e1sico de Xabi Alonso como entrenador del Real Madrid ha crecido en las horas previas al encuentro, especialmente tras la recuperaci\u00f3n de casi todos los jugadores que no estuvieron disponibles en el partido anterior frente a la Juventus por Champions League. El t\u00e9cnico vasco confirm\u00f3 que ya tiene decidido el once titular, aunque evit\u00f3 revelar detalles, y subray\u00f3 que todos los convocados est\u00e1n en condiciones de jugar desde el inicio.<\/p>\n<p><img loading=\"lazy\" decoding=\"async\" class=\"alignnone size-full wp-image-198195\" src=\"https:\/\/radioinfinitagoya.com.ar\/v1\/wp-content\/uploads\/2025\/10\/Ip_GZaOm.jpg\" alt=\"\" width=\"680\" height=\"340\" \/><\/p>\n<p>El ambiente previo al Cl\u00e1sico tambi\u00e9n estuvo marcado por declaraciones provenientes de Barcelona, en particular las de Lamine Yamal. Al respecto, Xabi Alonso evit\u00f3 entrar en pol\u00e9micas y rest\u00f3 importancia a los comentarios externos: \u201cNo voy a entrar ah\u00ed, hay muchas declaraciones por parte de gente del Barcelona y no puedo analizarlas todas. Lo importante es el verde y c\u00f3mo queremos jugar\u201d, afirm\u00f3 el entrenador del Real Madrid.<\/p>\n<p>Las recientes declaraciones del futbolista de 18 a\u00f1os durante una conversaci\u00f3n con Ibai Llanos han generado malestar en el entorno del Real Madrid. En ese intercambio, el joven jugador no solo evoc\u00f3 con humor sus triunfos y goles frente al club madrile\u00f1o, sino que tambi\u00e9n lleg\u00f3 a acusar al Real Madrid de \u201crobar\u201d, una expresi\u00f3n que fue interpretada como una provocaci\u00f3n y un gesto de arrogancia por parte de quienes rodean a la entidad de la capital espa\u00f1ola.<\/p>\n<p>Preguntado sobre si la frase de Lamine Yamal podr\u00eda motivar a\u00fan m\u00e1s al vestuario, el t\u00e9cnico reiter\u00f3 que el partido ya es lo suficientemente importante y que la motivaci\u00f3n proviene de los propios retos que implica el encuentro. \u201cEs un partido suficientemente importante, tiene muchos ingredientes y eso es lo que m\u00e1s nos ilusiona para ma\u00f1ana\u201d, expres\u00f3.<\/p>\n<p>Durante su comparecencia en la sala de prensa de Valdebebas, Xabi Alonso abord\u00f3 la importancia de este enfrentamiento, al que calific\u00f3 como un partido \u201cespecial\u201d y con \u201cmuchos ingredientes\u201d que ilusionan tanto al cuerpo t\u00e9cnico como a la plantilla. El entrenador destac\u00f3 la necesidad de que el estadio Santiago Bernab\u00e9u transmita la energ\u00eda caracter\u00edstica de los grandes partidos, con la esperanza de poder celebrarlo junto a la afici\u00f3n al t\u00e9rmino del encuentro.<\/p>\n<p>En relaci\u00f3n con la preparaci\u00f3n t\u00e1ctica, Xabi Alonso explic\u00f3 que el equipo ha analizado situaciones similares a las de los Cl\u00e1sicos del a\u00f1o pasado, aunque remarc\u00f3 que el contexto actual es diferente. \u201cPara ma\u00f1ana lo hemos analizado y queremos explotar nuestros puntos fuertes\u201d, afirm\u00f3 el t\u00e9cnico, quien tambi\u00e9n se\u00f1al\u00f3 que el trabajo se ha centrado tanto en el aspecto individual como colectivo, buscando que todos los jugadores sean determinantes en defensa y ataque.<\/p>\n<p>Consultado sobre el estado f\u00edsico de la plantilla, el entrenador asegur\u00f3 que el equipo llega en un buen momento, tanto en lo an\u00edmico como en lo futbol\u00edstico, tras varias semanas de ajustes desde el \u00faltimo derbi. \u201cHan pasado unas semanas desde el derbi y hemos ido corrigiendo cosas. De cara a ma\u00f1ana creemos que llegamos en buen momento, tanto an\u00edmico como futbol\u00edstico\u201d, declar\u00f3.<\/p>\n<p>La figura de Kylian Mbapp\u00e9 fue otro de los temas abordados. El t\u00e9cnico manifest\u00f3 que ve al delantero \u201cigual de bien, igual de motivado o m\u00e1s porque sabemos lo que significa el partido\u201d. Adem\u00e1s, explic\u00f3 que el trabajo reciente se ha enfocado en mejorar la eficiencia del equipo para que el atacante pueda ser m\u00e1s determinante dentro de la din\u00e1mica colectiva. \u201cLa calidad del equipo est\u00e1 mejorando y Kylian es parte clave. Eso es lo que estamos trabajando\u201d, puntualiz\u00f3.<\/p>\n<p>Finalmente, al ser cuestionado sobre si el Real Madrid juega bien al f\u00fatbol, Xabi Alonso respondi\u00f3 afirmativamente, aunque reconoci\u00f3 que el equipo puede mejorar. \u201cTenemos una base s\u00f3lida y ahora toca dar el siguiente paso, pero s\u00ed, creo que jugamos bien al f\u00fatbol\u201d, concluy\u00f3 el t\u00e9cnico vasco.<\/p>\n<p>&nbsp;<\/p>\n","protected":false},"excerpt":{"rendered":"<p>Antes del cl\u00e1sico entre Real Madrid y Barcelona El entrenador merengue fij\u00f3 postura frente a las frases del astro del Bar\u00e7a La expectativa en torno al primer Cl\u00e1sico de Xabi Alonso como entrenador del Real Madrid ha crecido en las horas previas al encuentro, especialmente tras la recuperaci\u00f3n de casi todos los jugadores que no [&hellip;]<\/p>\n","protected":false},"author":4,"featured_media":198194,"comment_status":"closed","ping_status":"closed","sticky":false,"template":"","format":"standard","meta":{"_joinchat":[],"footnotes":""},"categories":[28],"tags":[],"class_list":{"0":"post-198193","1":"post","2":"type-post","3":"status-publish","4":"format-standard","5":"has-post-thumbnail","7":"category-deportes"},"yoast_head":"<!-- This site is optimized with the Yoast SEO plugin v27.2 - https:\/\/yoast.com\/product\/yoast-seo-wordpress\/ -->\n<title>La respuesta de Xabi Alonso a los \u00e1cidos comentarios de Lamine Yamal - Radio Infinita Goya<\/title>\n<meta name=\"description\" content=\"Antes del cl\u00e1sico entre Real Madrid y Barcelona El entrenador merengue fij\u00f3 postura frente a las frases del astro del Bar\u00e7a La expectativa en torno al\" \/>\n<meta name=\"robots\" content=\"index, follow, max-snippet:-1, max-image-preview:large, max-video-preview:-1\" \/>\n<link rel=\"canonical\" href=\"https:\/\/radioinfinitagoya.com.ar\/v1\/2025\/10\/25\/la-respuesta-de-xabi-alonso-a-los-acidos-comentarios-de-lamine-yamal\/\" \/>\n<meta property=\"og:locale\" content=\"es_ES\" \/>\n<meta property=\"og:type\" content=\"article\" \/>\n<meta property=\"og:title\" content=\"La respuesta de Xabi Alonso a los \u00e1cidos comentarios de Lamine Yamal - Radio Infinita Goya\" \/>\n<meta property=\"og:description\" content=\"Antes del cl\u00e1sico entre Real Madrid y Barcelona El entrenador merengue fij\u00f3 postura frente a las frases del astro del Bar\u00e7a La expectativa en torno al\" \/>\n<meta property=\"og:url\" content=\"https:\/\/radioinfinitagoya.com.ar\/v1\/2025\/10\/25\/la-respuesta-de-xabi-alonso-a-los-acidos-comentarios-de-lamine-yamal\/\" \/>\n<meta property=\"og:site_name\" content=\"Radio Infinita Goya\" \/>\n<meta property=\"article:publisher\" content=\"https:\/\/www.facebook.com\/p\/Infinita-Goya-100063870918311\/\" \/>\n<meta property=\"article:published_time\" content=\"2025-10-25T20:53:16+00:00\" \/>\n<meta name=\"author\" content=\"Jorge Mi\u00f1o\" \/>\n<meta name=\"twitter:card\" content=\"summary_large_image\" \/>\n<meta name=\"twitter:label1\" content=\"Escrito por\" \/>\n\t<meta name=\"twitter:data1\" content=\"Jorge Mi\u00f1o\" \/>\n\t<meta name=\"twitter:label2\" content=\"Tiempo de lectura\" \/>\n\t<meta name=\"twitter:data2\" content=\"4 minutos\" \/>\n<script type=\"application\/ld+json\" class=\"yoast-schema-graph\">{\"@context\":\"https:\/\/schema.org\",\"@graph\":[{\"@type\":\"Article\",\"@id\":\"https:\/\/radioinfinitagoya.com.ar\/v1\/2025\/10\/25\/la-respuesta-de-xabi-alonso-a-los-acidos-comentarios-de-lamine-yamal\/#article\",\"isPartOf\":{\"@id\":\"https:\/\/radioinfinitagoya.com.ar\/v1\/2025\/10\/25\/la-respuesta-de-xabi-alonso-a-los-acidos-comentarios-de-lamine-yamal\/\"},\"author\":{\"name\":\"Jorge Mi\u00f1o\",\"@id\":\"https:\/\/radioinfinitagoya.com.ar\/v1\/#\/schema\/person\/d4cf9c413d4f6edb24aabdccab49ca4a\"},\"headline\":\"La respuesta de Xabi Alonso a los \u00e1cidos comentarios de Lamine Yamal\",\"datePublished\":\"2025-10-25T20:53:16+00:00\",\"mainEntityOfPage\":{\"@id\":\"https:\/\/radioinfinitagoya.com.ar\/v1\/2025\/10\/25\/la-respuesta-de-xabi-alonso-a-los-acidos-comentarios-de-lamine-yamal\/\"},\"wordCount\":700,\"publisher\":{\"@id\":\"https:\/\/radioinfinitagoya.com.ar\/v1\/#organization\"},\"image\":{\"@id\":\"https:\/\/radioinfinitagoya.com.ar\/v1\/2025\/10\/25\/la-respuesta-de-xabi-alonso-a-los-acidos-comentarios-de-lamine-yamal\/#primaryimage\"},\"thumbnailUrl\":\"https:\/\/radioinfinitagoya.com.ar\/v1\/wp-content\/uploads\/2025\/10\/HBG2722FBRAJRJQTWBPCCWRWCA.avif\",\"articleSection\":[\"DEPORTES\"],\"inLanguage\":\"es-AR\"},{\"@type\":\"WebPage\",\"@id\":\"https:\/\/radioinfinitagoya.com.ar\/v1\/2025\/10\/25\/la-respuesta-de-xabi-alonso-a-los-acidos-comentarios-de-lamine-yamal\/\",\"url\":\"https:\/\/radioinfinitagoya.com.ar\/v1\/2025\/10\/25\/la-respuesta-de-xabi-alonso-a-los-acidos-comentarios-de-lamine-yamal\/\",\"name\":\"La respuesta de Xabi Alonso a los \u00e1cidos comentarios de Lamine Yamal - Radio Infinita Goya\",\"isPartOf\":{\"@id\":\"https:\/\/radioinfinitagoya.com.ar\/v1\/#website\"},\"primaryImageOfPage\":{\"@id\":\"https:\/\/radioinfinitagoya.com.ar\/v1\/2025\/10\/25\/la-respuesta-de-xabi-alonso-a-los-acidos-comentarios-de-lamine-yamal\/#primaryimage\"},\"image\":{\"@id\":\"https:\/\/radioinfinitagoya.com.ar\/v1\/2025\/10\/25\/la-respuesta-de-xabi-alonso-a-los-acidos-comentarios-de-lamine-yamal\/#primaryimage\"},\"thumbnailUrl\":\"https:\/\/radioinfinitagoya.com.ar\/v1\/wp-content\/uploads\/2025\/10\/HBG2722FBRAJRJQTWBPCCWRWCA.avif\",\"datePublished\":\"2025-10-25T20:53:16+00:00\",\"description\":\"Antes del cl\u00e1sico entre Real Madrid y Barcelona El entrenador merengue fij\u00f3 postura frente a las frases del astro del Bar\u00e7a La expectativa en torno al\",\"breadcrumb\":{\"@id\":\"https:\/\/radioinfinitagoya.com.ar\/v1\/2025\/10\/25\/la-respuesta-de-xabi-alonso-a-los-acidos-comentarios-de-lamine-yamal\/#breadcrumb\"},\"inLanguage\":\"es-AR\",\"potentialAction\":[{\"@type\":\"ReadAction\",\"target\":[\"https:\/\/radioinfinitagoya.com.ar\/v1\/2025\/10\/25\/la-respuesta-de-xabi-alonso-a-los-acidos-comentarios-de-lamine-yamal\/\"]}]},{\"@type\":\"ImageObject\",\"inLanguage\":\"es-AR\",\"@id\":\"https:\/\/radioinfinitagoya.com.ar\/v1\/2025\/10\/25\/la-respuesta-de-xabi-alonso-a-los-acidos-comentarios-de-lamine-yamal\/#primaryimage\",\"url\":\"https:\/\/radioinfinitagoya.com.ar\/v1\/wp-content\/uploads\/2025\/10\/HBG2722FBRAJRJQTWBPCCWRWCA.avif\",\"contentUrl\":\"https:\/\/radioinfinitagoya.com.ar\/v1\/wp-content\/uploads\/2025\/10\/HBG2722FBRAJRJQTWBPCCWRWCA.avif\",\"width\":992,\"height\":671},{\"@type\":\"BreadcrumbList\",\"@id\":\"https:\/\/radioinfinitagoya.com.ar\/v1\/2025\/10\/25\/la-respuesta-de-xabi-alonso-a-los-acidos-comentarios-de-lamine-yamal\/#breadcrumb\",\"itemListElement\":[{\"@type\":\"ListItem\",\"position\":1,\"name\":\"Inicio\",\"item\":\"https:\/\/radioinfinitagoya.com.ar\/v1\/\"},{\"@type\":\"ListItem\",\"position\":2,\"name\":\"La respuesta de Xabi Alonso a los \u00e1cidos comentarios de Lamine Yamal\"}]},{\"@type\":\"WebSite\",\"@id\":\"https:\/\/radioinfinitagoya.com.ar\/v1\/#website\",\"url\":\"https:\/\/radioinfinitagoya.com.ar\/v1\/\",\"name\":\"radioinfinitagoya.com.ar\",\"description\":\"Radio de noticias\",\"publisher\":{\"@id\":\"https:\/\/radioinfinitagoya.com.ar\/v1\/#organization\"},\"potentialAction\":[{\"@type\":\"SearchAction\",\"target\":{\"@type\":\"EntryPoint\",\"urlTemplate\":\"https:\/\/radioinfinitagoya.com.ar\/v1\/?s={search_term_string}\"},\"query-input\":{\"@type\":\"PropertyValueSpecification\",\"valueRequired\":true,\"valueName\":\"search_term_string\"}}],\"inLanguage\":\"es-AR\"},{\"@type\":\"Organization\",\"@id\":\"https:\/\/radioinfinitagoya.com.ar\/v1\/#organization\",\"name\":\"Radio Infinita Goya\",\"url\":\"https:\/\/radioinfinitagoya.com.ar\/v1\/\",\"logo\":{\"@type\":\"ImageObject\",\"inLanguage\":\"es-AR\",\"@id\":\"https:\/\/radioinfinitagoya.com.ar\/v1\/#\/schema\/logo\/image\/\",\"url\":\"https:\/\/radioinfinitagoya.com.ar\/v1\/wp-content\/uploads\/2019\/11\/logo-pie-web.png\",\"contentUrl\":\"https:\/\/radioinfinitagoya.com.ar\/v1\/wp-content\/uploads\/2019\/11\/logo-pie-web.png\",\"width\":635,\"height\":326,\"caption\":\"Radio Infinita Goya\"},\"image\":{\"@id\":\"https:\/\/radioinfinitagoya.com.ar\/v1\/#\/schema\/logo\/image\/\"},\"sameAs\":[\"https:\/\/www.facebook.com\/p\/Infinita-Goya-100063870918311\/\"]},{\"@type\":\"Person\",\"@id\":\"https:\/\/radioinfinitagoya.com.ar\/v1\/#\/schema\/person\/d4cf9c413d4f6edb24aabdccab49ca4a\",\"name\":\"Jorge Mi\u00f1o\",\"image\":{\"@type\":\"ImageObject\",\"inLanguage\":\"es-AR\",\"@id\":\"https:\/\/secure.gravatar.com\/avatar\/910fcf6728fe95320e07a6643c1581fec1c7fc4bf8ae12e3d8f0d0373dc844be?s=96&d=mm&r=g\",\"url\":\"https:\/\/secure.gravatar.com\/avatar\/910fcf6728fe95320e07a6643c1581fec1c7fc4bf8ae12e3d8f0d0373dc844be?s=96&d=mm&r=g\",\"contentUrl\":\"https:\/\/secure.gravatar.com\/avatar\/910fcf6728fe95320e07a6643c1581fec1c7fc4bf8ae12e3d8f0d0373dc844be?s=96&d=mm&r=g\",\"caption\":\"Jorge Mi\u00f1o\"},\"sameAs\":[\"http:\/\/radioinfinitagoya.com.ar\"]}]}<\/script>\n<!-- \/ Yoast SEO plugin. -->","yoast_head_json":{"title":"La respuesta de Xabi Alonso a los \u00e1cidos comentarios de Lamine Yamal - Radio Infinita Goya","description":"Antes del cl\u00e1sico entre Real Madrid y Barcelona El entrenador merengue fij\u00f3 postura frente a las frases del astro del Bar\u00e7a La expectativa en torno al","robots":{"index":"index","follow":"follow","max-snippet":"max-snippet:-1","max-image-preview":"max-image-preview:large","max-video-preview":"max-video-preview:-1"},"canonical":"https:\/\/radioinfinitagoya.com.ar\/v1\/2025\/10\/25\/la-respuesta-de-xabi-alonso-a-los-acidos-comentarios-de-lamine-yamal\/","og_locale":"es_ES","og_type":"article","og_title":"La respuesta de Xabi Alonso a los \u00e1cidos comentarios de Lamine Yamal - Radio Infinita Goya","og_description":"Antes del cl\u00e1sico entre Real Madrid y Barcelona El entrenador merengue fij\u00f3 postura frente a las frases del astro del Bar\u00e7a La expectativa en torno al","og_url":"https:\/\/radioinfinitagoya.com.ar\/v1\/2025\/10\/25\/la-respuesta-de-xabi-alonso-a-los-acidos-comentarios-de-lamine-yamal\/","og_site_name":"Radio Infinita Goya","article_publisher":"https:\/\/www.facebook.com\/p\/Infinita-Goya-100063870918311\/","article_published_time":"2025-10-25T20:53:16+00:00","author":"Jorge Mi\u00f1o","twitter_card":"summary_large_image","twitter_misc":{"Escrito por":"Jorge Mi\u00f1o","Tiempo de lectura":"4 minutos"},"schema":{"@context":"https:\/\/schema.org","@graph":[{"@type":"Article","@id":"https:\/\/radioinfinitagoya.com.ar\/v1\/2025\/10\/25\/la-respuesta-de-xabi-alonso-a-los-acidos-comentarios-de-lamine-yamal\/#article","isPartOf":{"@id":"https:\/\/radioinfinitagoya.com.ar\/v1\/2025\/10\/25\/la-respuesta-de-xabi-alonso-a-los-acidos-comentarios-de-lamine-yamal\/"},"author":{"name":"Jorge Mi\u00f1o","@id":"https:\/\/radioinfinitagoya.com.ar\/v1\/#\/schema\/person\/d4cf9c413d4f6edb24aabdccab49ca4a"},"headline":"La respuesta de Xabi Alonso a los \u00e1cidos comentarios de Lamine Yamal","datePublished":"2025-10-25T20:53:16+00:00","mainEntityOfPage":{"@id":"https:\/\/radioinfinitagoya.com.ar\/v1\/2025\/10\/25\/la-respuesta-de-xabi-alonso-a-los-acidos-comentarios-de-lamine-yamal\/"},"wordCount":700,"publisher":{"@id":"https:\/\/radioinfinitagoya.com.ar\/v1\/#organization"},"image":{"@id":"https:\/\/radioinfinitagoya.com.ar\/v1\/2025\/10\/25\/la-respuesta-de-xabi-alonso-a-los-acidos-comentarios-de-lamine-yamal\/#primaryimage"},"thumbnailUrl":"https:\/\/radioinfinitagoya.com.ar\/v1\/wp-content\/uploads\/2025\/10\/HBG2722FBRAJRJQTWBPCCWRWCA.avif","articleSection":["DEPORTES"],"inLanguage":"es-AR"},{"@type":"WebPage","@id":"https:\/\/radioinfinitagoya.com.ar\/v1\/2025\/10\/25\/la-respuesta-de-xabi-alonso-a-los-acidos-comentarios-de-lamine-yamal\/","url":"https:\/\/radioinfinitagoya.com.ar\/v1\/2025\/10\/25\/la-respuesta-de-xabi-alonso-a-los-acidos-comentarios-de-lamine-yamal\/","name":"La respuesta de Xabi Alonso a los \u00e1cidos comentarios de Lamine Yamal - Radio Infinita Goya","isPartOf":{"@id":"https:\/\/radioinfinitagoya.com.ar\/v1\/#website"},"primaryImageOfPage":{"@id":"https:\/\/radioinfinitagoya.com.ar\/v1\/2025\/10\/25\/la-respuesta-de-xabi-alonso-a-los-acidos-comentarios-de-lamine-yamal\/#primaryimage"},"image":{"@id":"https:\/\/radioinfinitagoya.com.ar\/v1\/2025\/10\/25\/la-respuesta-de-xabi-alonso-a-los-acidos-comentarios-de-lamine-yamal\/#primaryimage"},"thumbnailUrl":"https:\/\/radioinfinitagoya.com.ar\/v1\/wp-content\/uploads\/2025\/10\/HBG2722FBRAJRJQTWBPCCWRWCA.avif","datePublished":"2025-10-25T20:53:16+00:00","description":"Antes del cl\u00e1sico entre Real Madrid y Barcelona El entrenador merengue fij\u00f3 postura frente a las frases del astro del Bar\u00e7a La expectativa en torno al","breadcrumb":{"@id":"https:\/\/radioinfinitagoya.com.ar\/v1\/2025\/10\/25\/la-respuesta-de-xabi-alonso-a-los-acidos-comentarios-de-lamine-yamal\/#breadcrumb"},"inLanguage":"es-AR","potentialAction":[{"@type":"ReadAction","target":["https:\/\/radioinfinitagoya.com.ar\/v1\/2025\/10\/25\/la-respuesta-de-xabi-alonso-a-los-acidos-comentarios-de-lamine-yamal\/"]}]},{"@type":"ImageObject","inLanguage":"es-AR","@id":"https:\/\/radioinfinitagoya.com.ar\/v1\/2025\/10\/25\/la-respuesta-de-xabi-alonso-a-los-acidos-comentarios-de-lamine-yamal\/#primaryimage","url":"https:\/\/radioinfinitagoya.com.ar\/v1\/wp-content\/uploads\/2025\/10\/HBG2722FBRAJRJQTWBPCCWRWCA.avif","contentUrl":"https:\/\/radioinfinitagoya.com.ar\/v1\/wp-content\/uploads\/2025\/10\/HBG2722FBRAJRJQTWBPCCWRWCA.avif","width":992,"height":671},{"@type":"BreadcrumbList","@id":"https:\/\/radioinfinitagoya.com.ar\/v1\/2025\/10\/25\/la-respuesta-de-xabi-alonso-a-los-acidos-comentarios-de-lamine-yamal\/#breadcrumb","itemListElement":[{"@type":"ListItem","position":1,"name":"Inicio","item":"https:\/\/radioinfinitagoya.com.ar\/v1\/"},{"@type":"ListItem","position":2,"name":"La respuesta de Xabi Alonso a los \u00e1cidos comentarios de Lamine Yamal"}]},{"@type":"WebSite","@id":"https:\/\/radioinfinitagoya.com.ar\/v1\/#website","url":"https:\/\/radioinfinitagoya.com.ar\/v1\/","name":"radioinfinitagoya.com.ar","description":"Radio de noticias","publisher":{"@id":"https:\/\/radioinfinitagoya.com.ar\/v1\/#organization"},"potentialAction":[{"@type":"SearchAction","target":{"@type":"EntryPoint","urlTemplate":"https:\/\/radioinfinitagoya.com.ar\/v1\/?s={search_term_string}"},"query-input":{"@type":"PropertyValueSpecification","valueRequired":true,"valueName":"search_term_string"}}],"inLanguage":"es-AR"},{"@type":"Organization","@id":"https:\/\/radioinfinitagoya.com.ar\/v1\/#organization","name":"Radio Infinita Goya","url":"https:\/\/radioinfinitagoya.com.ar\/v1\/","logo":{"@type":"ImageObject","inLanguage":"es-AR","@id":"https:\/\/radioinfinitagoya.com.ar\/v1\/#\/schema\/logo\/image\/","url":"https:\/\/radioinfinitagoya.com.ar\/v1\/wp-content\/uploads\/2019\/11\/logo-pie-web.png","contentUrl":"https:\/\/radioinfinitagoya.com.ar\/v1\/wp-content\/uploads\/2019\/11\/logo-pie-web.png","width":635,"height":326,"caption":"Radio Infinita Goya"},"image":{"@id":"https:\/\/radioinfinitagoya.com.ar\/v1\/#\/schema\/logo\/image\/"},"sameAs":["https:\/\/www.facebook.com\/p\/Infinita-Goya-100063870918311\/"]},{"@type":"Person","@id":"https:\/\/radioinfinitagoya.com.ar\/v1\/#\/schema\/person\/d4cf9c413d4f6edb24aabdccab49ca4a","name":"Jorge Mi\u00f1o","image":{"@type":"ImageObject","inLanguage":"es-AR","@id":"https:\/\/secure.gravatar.com\/avatar\/910fcf6728fe95320e07a6643c1581fec1c7fc4bf8ae12e3d8f0d0373dc844be?s=96&d=mm&r=g","url":"https:\/\/secure.gravatar.com\/avatar\/910fcf6728fe95320e07a6643c1581fec1c7fc4bf8ae12e3d8f0d0373dc844be?s=96&d=mm&r=g","contentUrl":"https:\/\/secure.gravatar.com\/avatar\/910fcf6728fe95320e07a6643c1581fec1c7fc4bf8ae12e3d8f0d0373dc844be?s=96&d=mm&r=g","caption":"Jorge Mi\u00f1o"},"sameAs":["http:\/\/radioinfinitagoya.com.ar"]}]}},"_links":{"self":[{"href":"https:\/\/radioinfinitagoya.com.ar\/v1\/wp-json\/wp\/v2\/posts\/198193","targetHints":{"allow":["GET"]}}],"collection":[{"href":"https:\/\/radioinfinitagoya.com.ar\/v1\/wp-json\/wp\/v2\/posts"}],"about":[{"href":"https:\/\/radioinfinitagoya.com.ar\/v1\/wp-json\/wp\/v2\/types\/post"}],"author":[{"embeddable":true,"href":"https:\/\/radioinfinitagoya.com.ar\/v1\/wp-json\/wp\/v2\/users\/4"}],"replies":[{"embeddable":true,"href":"https:\/\/radioinfinitagoya.com.ar\/v1\/wp-json\/wp\/v2\/comments?post=198193"}],"version-history":[{"count":0,"href":"https:\/\/radioinfinitagoya.com.ar\/v1\/wp-json\/wp\/v2\/posts\/198193\/revisions"}],"wp:featuredmedia":[{"embeddable":true,"href":"https:\/\/radioinfinitagoya.com.ar\/v1\/wp-json\/wp\/v2\/media\/198194"}],"wp:attachment":[{"href":"https:\/\/radioinfinitagoya.com.ar\/v1\/wp-json\/wp\/v2\/media?parent=198193"}],"wp:term":[{"taxonomy":"category","embeddable":true,"href":"https:\/\/radioinfinitagoya.com.ar\/v1\/wp-json\/wp\/v2\/categories?post=198193"},{"taxonomy":"post_tag","embeddable":true,"href":"https:\/\/radioinfinitagoya.com.ar\/v1\/wp-json\/wp\/v2\/tags?post=198193"}],"curies":[{"name":"wp","href":"https:\/\/api.w.org\/{rel}","templated":true}]}}