{"id":198200,"date":"2025-10-25T18:17:00","date_gmt":"2025-10-25T21:17:00","guid":{"rendered":"https:\/\/radioinfinitagoya.com.ar\/v1\/?p=198200"},"modified":"2025-10-25T18:17:00","modified_gmt":"2025-10-25T21:17:00","slug":"diluvio-en-el-amba-cayeron-mas-de-100-milimetros-hubo-inundaciones-barrios-anegados","status":"publish","type":"post","link":"https:\/\/radioinfinitagoya.com.ar\/v1\/2025\/10\/25\/diluvio-en-el-amba-cayeron-mas-de-100-milimetros-hubo-inundaciones-barrios-anegados\/","title":{"rendered":"Diluvi\u00f3 en el AMBA: cayeron m\u00e1s de 100 mil\u00edmetros, hubo inundaciones, barrios anegados"},"content":{"rendered":"<p>La impactante tormenta de esta madrugada dej\u00f3 a un sector de la avenida General Paz bajo agua. Ya no rige m\u00e1s la alerta amarilla por precipitaciones y vientos en CABA y alrededores. Hasta cuando durar\u00e1 el mal tiempo en la Ciudad<\/p>\n<p>La intensa lluvia que se registr\u00f3 durante esta madrugada en el AMBA dej\u00f3 una gran cantidad de calles y avenidas inundadas, como as\u00ed tambi\u00e9n barrios anegados por una precipitaci\u00f3n acumulada de casi 118 mm. Adem\u00e1s, durante la ma\u00f1ana, hubo m\u00e1s de 40 mil usuarios sin suministro el\u00e9ctrico, aunque con el correr de las horas la situaci\u00f3n se fue regularizando.<\/p>\n<p><img loading=\"lazy\" decoding=\"async\" class=\"alignnone size-medium wp-image-198206\" src=\"https:\/\/radioinfinitagoya.com.ar\/v1\/wp-content\/uploads\/2025\/10\/NVQ3lgK4.jpg\" alt=\"\" width=\"680\" height=\"382\" \/><\/p>\n<p>En el inicio del d\u00eda, las im\u00e1genes comenzaron a viralizarse en redes sociales. All\u00ed se pudo ver un sector de la avenida General Paz completamente bajo agua.<\/p>\n<p>Hay acumulados m\u00e1s de 100 mm en el oeste de la Ciudad (Villa Devoto, Villa Pueyrred\u00f3n, Liniers, Villa Santa Rita, Villa Urquiza y Saavedra). Hasta las 7 de la ma\u00f1ana, los barrios m\u00e1s afectados fueron Villa Devoto, donde se acumularon 155 mm, y Villa Santa Rita, con 114 mm.<\/p>\n<p>Adem\u00e1s, ante la informaci\u00f3n de un muerto, Alberto Crescenti, confirm\u00f3 que \u201cel \u00fanico fallecido que tuvimos hoy no fue por la tormenta, sino por una descompensaci\u00f3n card\u00edaca\u201d, afirm\u00f3 el titular del SAME, durante una entrevista en Radio Mitre.<\/p>\n<p><img loading=\"lazy\" decoding=\"async\" class=\"alignnone size-full wp-image-198207\" src=\"https:\/\/radioinfinitagoya.com.ar\/v1\/wp-content\/uploads\/2025\/10\/4oziHMsd.jpg\" alt=\"\" width=\"680\" height=\"381\" \/><\/p>\n<p>Y detall\u00f3 que el equipo de emergencias intervino en la colectora de General Paz y ruta 8 donde un hombre de aproximadamente 60 a\u00f1os fue asistido por tres equipos, pero las maniobras de reanimaci\u00f3n no lograron revertir su cuadro. Y remarc\u00f3 que el fallecimiento no tuvo relaci\u00f3n con el temporal. Adem\u00e1s, agreg\u00f3 que, hasta el momento, ese fue el \u00fanico episodio grave atendido por el servicio de emergencias m\u00e9dico en el contexto de las inundaciones en el AMBA.<\/p>\n<p>\u201cCaen dos gotas y m\u00e1s de la mitad de los vecinos de La Matanza tienen que pagar un arreglo del auto. La misma historia de siempre\u201d, se quej\u00f3 uno de los vecinos v\u00eda la red X, uno de los tantos dram\u00e1ticos testimonios de afectados por esta inundaci\u00f3n.<\/p>\n<p>Desde Bomberos de La Matanza, informaron a este medio que se realizaron tarea preventivas en lugares donde hubo ca\u00eddas de \u00e1rboles y aclararon que no hubo personas lesionadas sino alg\u00fan da\u00f1o del tipo estructural. \u201cHay zonas anegadas pero no personas evacuadas\u201c, destacaron.<\/p>\n<p>Vuelos y transporte<br \/>\nEn cuanto a los vuelos, Aeropuertos Argentina inform\u00f3 que el servicio en Aeroparque y el Aeropuerto Internacional Ezeiza no se vio afectado ya que no hubo actividad el\u00e9ctrica en las tormentas. \u201cEn Aeroparque todos los vuelos normales, sin cancelaciones, y unos cinco vuelos con demoras de una hora\u201d, informaron a este medio desde la empresa.<\/p>\n<p>Con respecto al servicio ferroviario, el servicio del tren Roca, ramal Ezeiza, reanud\u00f3 su servicio completo tras anegamiento en las v\u00edas en Turdera. Y, en cuanto a la red subterr\u00e1nea, el Premetro ya presta su servicio completo entre cabeceras, normalizando su frecuencia habitual, como as\u00ed tambi\u00e9n la L\u00ednea B que, por la ma\u00f1ana no se deten\u00eda en la estaci\u00f3n Medrano.<\/p>\n<p>Por su parte, el Gobierno de la Ciudad inform\u00f3 que contin\u00faa trabajando frente a las lluvias intensas con equipos de emergencia en las zonas m\u00e1s afectadas. \u201cPara todo octubre el promedio de lluvias en la Ciudad es de 122 mm. y durante la madrugada esa cifra fue superada en algunos barrios en menos de 4 horas\u201c, sostuvieron desde el GCBA.<\/p>\n<p>El gobierno porte\u00f1o inform\u00f3 que el arroyo Medrano, que desemboca en el R\u00edo de la Plata, creci\u00f3 un 142% desde su marca m\u00ednima y super\u00f3 los 5 metros de altura. Adem\u00e1s, los pasos bajo nivel Mosconi, Cerati y Spinetta fueron cerrados moment\u00e1neamente al paso vehicular hasta que baje el agua.<\/p>\n<p>\u201cIngres\u00f3 el agua en la zona del Medrano, pero ya empez\u00f3 a bajar y la situaci\u00f3n tiende a normalizarse\u201d, declar\u00f3 por su parte Ignacio Baistrocchi, ministro de Espacio P\u00fablico e Higiene Urbana de la ciudad de Buenos Aires, durante una entrevista en A24, al referirse al operativo de emergencia desplegado tras las intensas inundaciones que afectaron el AMBA.<\/p>\n<p>Frente a esta situaci\u00f3n, el funcionario se\u00f1al\u00f3 que \u201cseguimos destapando sumideros y trabajando con camiones de Espacio P\u00fablico, Defensa Civil, Guardia de Auxilio, Bomberos y Tr\u00e1nsito para normalizar lo m\u00e1s r\u00e1pido posible la vida de los vecinos\u201d. La prioridad, sostuvo, es garantizar el escurrimiento y evitar obstrucciones causadas por objetos arrastrados por la lluvia.<\/p>\n<p>Respecto a la zona de Tecn\u00f3polis y Parque Sarmiento, mencion\u00f3: \u201cEl Parque Sarmiento tiene un reservorio para acumular agua antes de volcarla en el arroyo Medrano, lo que ayuda a que no toda el agua quede en la calle\u201d.<\/p>\n<p>La situaci\u00f3n en avenida General Paz y el conurbano<\/p>\n<p>La situaci\u00f3n m\u00e1s severa se focaliz\u00f3 en barrios lim\u00edtrofes entre la Ciudad Aut\u00f3noma de Buenos Aires y el conurbano, con especial impacto en San Mart\u00edn y el entorno de la avenida General Paz, extendi\u00e9ndose a zonas como Villa Devoto, Villa Urquiza, Pueyrred\u00f3n, Liniers, Santa Rita, Lugano y Saavedra.<\/p>\n<p><img loading=\"lazy\" decoding=\"async\" class=\"alignnone size-full wp-image-198201\" src=\"https:\/\/radioinfinitagoya.com.ar\/v1\/wp-content\/uploads\/2025\/10\/GVJGZUQ6S5BXJLSNDYMJ4ZT6SQ.avif\" alt=\"\" width=\"992\" height=\"992\" srcset=\"https:\/\/radioinfinitagoya.com.ar\/v1\/wp-content\/uploads\/2025\/10\/GVJGZUQ6S5BXJLSNDYMJ4ZT6SQ.avif 992w, https:\/\/radioinfinitagoya.com.ar\/v1\/wp-content\/uploads\/2025\/10\/GVJGZUQ6S5BXJLSNDYMJ4ZT6SQ-420x420.jpg 420w, https:\/\/radioinfinitagoya.com.ar\/v1\/wp-content\/uploads\/2025\/10\/GVJGZUQ6S5BXJLSNDYMJ4ZT6SQ-696x696.jpg 696w\" sizes=\"auto, (max-width: 992px) 100vw, 992px\" \/><\/p>\n<p>Ahora, la avenida General Paz se encuentra con tr\u00e1nsito cortado a la altura de Victor Hugo, sentido Riachuelo, como as\u00ed tambi\u00e9n a la altura de Albarellos, tambi\u00e9n hacia el sur. A la altura de Nazarre, tambi\u00e9n hay corte total sentido R\u00edo de la Plata.<\/p>\n<p>Fabi\u00e1n Garc\u00eda, director provincial de Defensa Civil de la provincia de Buenos Aires, advirti\u00f3 en Radio Mitre que estos episodios seguir\u00e1n repiti\u00e9ndose y defendi\u00f3 la necesidad de avanzar con \u201cmejoras estructurales urbanas para evitar futuros anegamientos\u201d.<\/p>\n<p>Uno de los hechos destacados de la ma\u00f1ana ocurri\u00f3 en la avenida General Paz, a la altura de Beir\u00f3, que fue escenario de algunas dram\u00e1ticas im\u00e1genes, como el rescate de un hombre, con agua hasta la cintura -que ten\u00eda dificultades para caminar- y fue evacuado de la traza. Un auto particular y un taxi figuraban entre los veh\u00edculos damnificados.<\/p>\n<p>\u201cLa situaci\u00f3n es de calles y avenidas anegadas en San Mart\u00edn y en zonas de la provincia y Ciudad de Buenos Aires tras las lluvias de la madrugada\u201d, agreg\u00f3 Garc\u00eda, durante una entrevista en S\u00e1bado Tempran\u00edsimo.<\/p>\n<p>Y explic\u00f3: \u201cSan Mart\u00edn tiene una afectaci\u00f3n, algunas calles anegadas y algunas arterias. Venimos de una situaci\u00f3n de varios d\u00edas, de varios meses de instabilidad que se repite\u201d.<\/p>\n<p>El funcionario se\u00f1al\u00f3 que, aunque la \u00faltima tormenta fue m\u00e1s d\u00e9bil de lo pronosticado por el Servicio Meteorol\u00f3gico Nacional, \u201cel piso est\u00e1 saturado de agua, entonces no escurre\u201d. Se registraron tambi\u00e9n evacuaciones preventivas en Arrecifes y trabajos coordinados en Salto, donde algunas familias debieron abandonar sus viviendas<\/p>\n<p><img loading=\"lazy\" decoding=\"async\" class=\"alignnone size-full wp-image-198202\" src=\"https:\/\/radioinfinitagoya.com.ar\/v1\/wp-content\/uploads\/2025\/10\/TDMGWIPFWJH4TCJBQH5HXPGYL4.avif\" alt=\"\" width=\"992\" height=\"992\" srcset=\"https:\/\/radioinfinitagoya.com.ar\/v1\/wp-content\/uploads\/2025\/10\/TDMGWIPFWJH4TCJBQH5HXPGYL4.avif 992w, https:\/\/radioinfinitagoya.com.ar\/v1\/wp-content\/uploads\/2025\/10\/TDMGWIPFWJH4TCJBQH5HXPGYL4-420x420.jpg 420w, https:\/\/radioinfinitagoya.com.ar\/v1\/wp-content\/uploads\/2025\/10\/TDMGWIPFWJH4TCJBQH5HXPGYL4-696x696.jpg 696w\" sizes=\"auto, (max-width: 992px) 100vw, 992px\" \/><\/p>\n<p>Con respecto al pron\u00f3stico inmediato, precis\u00f3: \u201cVa a seguir lloviendo hasta el mediod\u00eda\u201d, motivo por el cual contin\u00faan el seguimiento satelital con meteor\u00f3logos y equipos municipales. \u201cHay calles anegadas, hay algunos postes ca\u00eddos, poco, la situaci\u00f3n es que cay\u00f3 agua, no demasiada, venimos de situaciones previas y el suelo ya no absorbe\u201d, resumi\u00f3.<\/p>\n<p>El funcionario recomend\u00f3 a la poblaci\u00f3n evitar salir durante el evento. &#8220;La recomendaci\u00f3n es que se queden en casa porque surgen esos encharcamientos y obstrucciones, y no vemos lo que hay debajo del agua\u201c y aclar\u00f3 que todos los equipos est\u00e1n en apresto junto con los municipios.<\/p>\n<p><img loading=\"lazy\" decoding=\"async\" class=\"alignnone size-full wp-image-198203\" src=\"https:\/\/radioinfinitagoya.com.ar\/v1\/wp-content\/uploads\/2025\/10\/O7DW5WFSMRAGNGQ2JTYXDWLBK4.avif\" alt=\"\" width=\"992\" height=\"558\" srcset=\"https:\/\/radioinfinitagoya.com.ar\/v1\/wp-content\/uploads\/2025\/10\/O7DW5WFSMRAGNGQ2JTYXDWLBK4.avif 992w, https:\/\/radioinfinitagoya.com.ar\/v1\/wp-content\/uploads\/2025\/10\/O7DW5WFSMRAGNGQ2JTYXDWLBK4-747x420.jpg 747w, https:\/\/radioinfinitagoya.com.ar\/v1\/wp-content\/uploads\/2025\/10\/O7DW5WFSMRAGNGQ2JTYXDWLBK4-696x392.jpg 696w\" sizes=\"auto, (max-width: 992px) 100vw, 992px\" \/><\/p>\n<p>La saturaci\u00f3n h\u00eddrica tambi\u00e9n afect\u00f3 autopistas clave como la Panamericana y la de La Plata, donde se report\u00f3 tr\u00e1nsito reducido y zonas con agua acumulada.<\/p>\n<p>Durante la cobertura, vecinos y periodistas describieron escenas con medio metro de agua cerca de la municipalidad de San Mart\u00edn, adem\u00e1s de reclamos por la supuesta falta de presencia preventiva desde la madrugada.<\/p>\n<p><img loading=\"lazy\" decoding=\"async\" class=\"alignnone size-full wp-image-198204\" src=\"https:\/\/radioinfinitagoya.com.ar\/v1\/wp-content\/uploads\/2025\/10\/UNEF3U4UD5EMHNBUMODQDPN7KE.avif\" alt=\"\" width=\"992\" height=\"1424\" srcset=\"https:\/\/radioinfinitagoya.com.ar\/v1\/wp-content\/uploads\/2025\/10\/UNEF3U4UD5EMHNBUMODQDPN7KE.avif 992w, https:\/\/radioinfinitagoya.com.ar\/v1\/wp-content\/uploads\/2025\/10\/UNEF3U4UD5EMHNBUMODQDPN7KE-293x420.jpg 293w, https:\/\/radioinfinitagoya.com.ar\/v1\/wp-content\/uploads\/2025\/10\/UNEF3U4UD5EMHNBUMODQDPN7KE-696x999.jpg 696w\" sizes=\"auto, (max-width: 992px) 100vw, 992px\" \/><\/p>\n<p>Por otro lado, seg\u00fan inform\u00f3 Juan Ignacio Salari, secretario de Mantenimiento Urbano de la ciudad de Buenos Aires, en Radio Mitre, la magnitud del evento qued\u00f3 reflejada en la cuenca del arroyo Maldonado, donde el aporte de agua alcanz\u00f3 el 143 % a las seis de la ma\u00f1ana.<\/p>\n<p>Salari explic\u00f3 que, aunque la situaci\u00f3n comenz\u00f3 a normalizarse con el correr de las horas, el caudal segu\u00eda siendo elevado, situ\u00e1ndose en un 108% al momento de su declaraci\u00f3n. El descenso del caudal del arroyo Medrano tambi\u00e9n contribuy\u00f3 a mejorar el drenaje, especialmente en la zona noroeste, donde se concentra buena parte de los problemas de anegamiento.<\/p>\n<p>En relaci\u00f3n con la situaci\u00f3n en la avenida General Paz, una de las m\u00e1s afectadas por la acumulaci\u00f3n de agua, Salari indic\u00f3 que el nivel comenz\u00f3 a descender tras alcanzar su punto m\u00e1ximo entre las 6:45 y las 7:00.<\/p>\n<p>Respecto a la situaci\u00f3n en la autopista Dellepiane, el secretario confirm\u00f3 que, aunque hubo carriles cortados, la traza se encontraba operativa y normalizada al momento de su intervenci\u00f3n.<\/p>\n<p>El pron\u00f3stico para las pr\u00f3ximas horas<br \/>\nPara este s\u00e1bado, adem\u00e1s, el Servicio Meteorol\u00f3gico Nacional pronostic\u00f3 una temperatura m\u00e1xima de 21\u202fgrados y una m\u00ednima que rozar\u00eda los 16 grados. No obstante, destacaron que por la tarde, la probabilidad de precipitaciones descender\u00e1 a un rango de 0 a 10\u202f%. Adem\u00e1s, el viento -en donde se pronostic\u00f3 una alerta amarilla- ser\u00eda el elemento dominante del d\u00eda, con r\u00e1fagas estimadas hasta los 50 km\/h.<\/p>\n<p>Las autoridades remarcaron que los fen\u00f3menos de mayor intensidad ocurrieron durante esta madrugada y continuar\u00e1n durante casi toda la ma\u00f1ana de hoy. Asimismo, indicaron que en la regi\u00f3n centro durante la tarde y noche disminuir\u00edan las lluvias. El cielo permanecer\u00eda mayormente nublado en estos casos.<\/p>\n<p>Ante este panorama, recomendaron permanecer en espacios cerrados y evitar el contacto con artefactos el\u00e9ctricos, ya que estos pueden representar un riesgo adicional durante descargas el\u00e9ctricas o inundaciones. Incluso, subrayaron que en situaciones de tormenta resultar\u00eda fundamental mantenerse adentro de construcciones s\u00f3lidas como viviendas, escuelas o edificios.<\/p>\n<p>Para quienes se encuentren en tr\u00e1nsito durante una tormenta, se recomienda permanecer en el interior del veh\u00edculo, ya que los autom\u00f3viles minimizan el riesgo de lesiones por descargas el\u00e9ctricas. En ning\u00fan caso se recomienda descender del veh\u00edculo ni buscar refugio en espacios abiertos.<\/p>\n<p>La circulaci\u00f3n por calles anegadas o afectadas por el agua debe evitarse estrictamente, ya que transitar por zonas inundadas incrementa el peligro de accidentes y dificulta la labor de los servicios de emergencia. Si existir\u00eda la posibilidad de que el agua ingrese en la vivienda, se\u00f1alaron que es imprescindible interrumpir el suministro el\u00e9ctrico para prevenir cortocircuitos o electrocuciones.<\/p>\n<p>De cara al domingo electoral, se espera una estabilizaci\u00f3n en el tiempo. Aunque las temperaturas no reflejar\u00e1n un ascenso propio de la primavera, se prev\u00e9 una m\u00e1xima de 23\u202f\u00b0C y una m\u00ednima de 12\u202f\u00b0C. El cielo permanecer\u00e1 parcialmente nublado y no se esperan precipitaciones.<\/p>\n<p>Las alertas en el resto del pa\u00eds<br \/>\nEn las \u00faltimas horas, el mapa de alertas del SMN revel\u00f3 que la situaci\u00f3n empeorar\u00e1 en varias regiones del pa\u00eds. En este sentido, apuntaron que el AMBA, la Costa Atl\u00e1ntica y el norte de la provincia de Buenos Aires estuvo bajo alerta naranja por tormentas y amarilla por fuertes vientos. Pero en horas del mediod\u00eda, ya no rigen m\u00e1s est\u00e1s advertencias.<\/p>\n<p>Bajo ese alerta tambi\u00e9n se incluy\u00f3 a toda la provincia de Entre R\u00edos, el sector oeste de Corrientes, el este y norte de Santa Fe, el centro y sur de Chaco, y la franja este de Santiago del Estero.<\/p>\n<p>Por un lado, hubo varias regiones que estuvieron bajo alerta amarilla por tormentas. Entre ellas, se destac\u00f3 el norte y sur de la provincia de Buenos Aires, el sur de Santa Fe, el centro y este de Corrientes y el oeste de Misiones<\/p>\n<p>A la lista se sum\u00f3 el norte de Chaco, el este de Formosa, el centro de Salta, el este de Santiago del Estero, y el norte de C\u00f3rdoba. En estos lugares los fen\u00f3menos fueron de menor intensidad, pero tambi\u00e9n se aguard\u00f3 por vientos, actividad el\u00e9ctrica y eventual ca\u00edda de granizo.<\/p>\n<p>Por otro lado, gran parte de la provincia de C\u00f3rdoba, San Luis, el noreste de Mendoza, el este de San Juan, el este de La Rioja y el este de Catamarca estuvo bajo alerta amarilla por vientos. Asimismo, las advertencias se replicaron en la Patagonia, espec\u00edficamente, en Chubut, Santa Cruz y Tierra del Fuego.<\/p>\n<p>&nbsp;<\/p>\n","protected":false},"excerpt":{"rendered":"<p>La impactante tormenta de esta madrugada dej\u00f3 a un sector de la avenida General Paz bajo agua. Ya no rige m\u00e1s la alerta amarilla por precipitaciones y vientos en CABA y alrededores. Hasta cuando durar\u00e1 el mal tiempo en la Ciudad La intensa lluvia que se registr\u00f3 durante esta madrugada en el AMBA dej\u00f3 una [&hellip;]<\/p>\n","protected":false},"author":4,"featured_media":198205,"comment_status":"closed","ping_status":"closed","sticky":false,"template":"","format":"standard","meta":{"_joinchat":[],"footnotes":""},"categories":[31],"tags":[],"class_list":{"0":"post-198200","1":"post","2":"type-post","3":"status-publish","4":"format-standard","5":"has-post-thumbnail","7":"category-informacion-general"},"yoast_head":"<!-- This site is optimized with the Yoast SEO plugin v27.2 - https:\/\/yoast.com\/product\/yoast-seo-wordpress\/ -->\n<title>Diluvi\u00f3 en el AMBA: cayeron m\u00e1s de 100 mil\u00edmetros, hubo inundaciones, barrios anegados - Radio Infinita Goya<\/title>\n<meta name=\"description\" content=\"La impactante tormenta de esta madrugada dej\u00f3 a un sector de la avenida General Paz bajo agua. Ya no rige m\u00e1s la alerta amarilla por precipitaciones y\" \/>\n<meta name=\"robots\" content=\"index, follow, max-snippet:-1, max-image-preview:large, max-video-preview:-1\" \/>\n<link rel=\"canonical\" href=\"https:\/\/radioinfinitagoya.com.ar\/v1\/2025\/10\/25\/diluvio-en-el-amba-cayeron-mas-de-100-milimetros-hubo-inundaciones-barrios-anegados\/\" \/>\n<meta property=\"og:locale\" content=\"es_ES\" \/>\n<meta property=\"og:type\" content=\"article\" \/>\n<meta property=\"og:title\" content=\"Diluvi\u00f3 en el AMBA: cayeron m\u00e1s de 100 mil\u00edmetros, hubo inundaciones, barrios anegados - Radio Infinita Goya\" \/>\n<meta property=\"og:description\" content=\"La impactante tormenta de esta madrugada dej\u00f3 a un sector de la avenida General Paz bajo agua. Ya no rige m\u00e1s la alerta amarilla por precipitaciones y\" \/>\n<meta property=\"og:url\" content=\"https:\/\/radioinfinitagoya.com.ar\/v1\/2025\/10\/25\/diluvio-en-el-amba-cayeron-mas-de-100-milimetros-hubo-inundaciones-barrios-anegados\/\" \/>\n<meta property=\"og:site_name\" content=\"Radio Infinita Goya\" \/>\n<meta property=\"article:publisher\" content=\"https:\/\/www.facebook.com\/p\/Infinita-Goya-100063870918311\/\" \/>\n<meta property=\"article:published_time\" content=\"2025-10-25T21:17:00+00:00\" \/>\n<meta property=\"og:image\" content=\"https:\/\/radioinfinitagoya.com.ar\/v1\/wp-content\/uploads\/2025\/10\/DM_LxQU9.jpg\" \/>\n\t<meta property=\"og:image:width\" content=\"680\" \/>\n\t<meta property=\"og:image:height\" content=\"340\" \/>\n\t<meta property=\"og:image:type\" content=\"image\/jpeg\" \/>\n<meta name=\"author\" content=\"Jorge Mi\u00f1o\" \/>\n<meta name=\"twitter:card\" content=\"summary_large_image\" \/>\n<meta name=\"twitter:label1\" content=\"Escrito por\" \/>\n\t<meta name=\"twitter:data1\" content=\"Jorge Mi\u00f1o\" \/>\n\t<meta name=\"twitter:label2\" content=\"Tiempo de lectura\" \/>\n\t<meta name=\"twitter:data2\" content=\"11 minutos\" \/>\n<script type=\"application\/ld+json\" class=\"yoast-schema-graph\">{\"@context\":\"https:\/\/schema.org\",\"@graph\":[{\"@type\":\"Article\",\"@id\":\"https:\/\/radioinfinitagoya.com.ar\/v1\/2025\/10\/25\/diluvio-en-el-amba-cayeron-mas-de-100-milimetros-hubo-inundaciones-barrios-anegados\/#article\",\"isPartOf\":{\"@id\":\"https:\/\/radioinfinitagoya.com.ar\/v1\/2025\/10\/25\/diluvio-en-el-amba-cayeron-mas-de-100-milimetros-hubo-inundaciones-barrios-anegados\/\"},\"author\":{\"name\":\"Jorge Mi\u00f1o\",\"@id\":\"https:\/\/radioinfinitagoya.com.ar\/v1\/#\/schema\/person\/d4cf9c413d4f6edb24aabdccab49ca4a\"},\"headline\":\"Diluvi\u00f3 en el AMBA: cayeron m\u00e1s de 100 mil\u00edmetros, hubo inundaciones, barrios anegados\",\"datePublished\":\"2025-10-25T21:17:00+00:00\",\"mainEntityOfPage\":{\"@id\":\"https:\/\/radioinfinitagoya.com.ar\/v1\/2025\/10\/25\/diluvio-en-el-amba-cayeron-mas-de-100-milimetros-hubo-inundaciones-barrios-anegados\/\"},\"wordCount\":2124,\"publisher\":{\"@id\":\"https:\/\/radioinfinitagoya.com.ar\/v1\/#organization\"},\"image\":{\"@id\":\"https:\/\/radioinfinitagoya.com.ar\/v1\/2025\/10\/25\/diluvio-en-el-amba-cayeron-mas-de-100-milimetros-hubo-inundaciones-barrios-anegados\/#primaryimage\"},\"thumbnailUrl\":\"https:\/\/radioinfinitagoya.com.ar\/v1\/wp-content\/uploads\/2025\/10\/DM_LxQU9.jpg\",\"articleSection\":[\"INFORMACI\u00d3N GENERAL\"],\"inLanguage\":\"es-AR\"},{\"@type\":\"WebPage\",\"@id\":\"https:\/\/radioinfinitagoya.com.ar\/v1\/2025\/10\/25\/diluvio-en-el-amba-cayeron-mas-de-100-milimetros-hubo-inundaciones-barrios-anegados\/\",\"url\":\"https:\/\/radioinfinitagoya.com.ar\/v1\/2025\/10\/25\/diluvio-en-el-amba-cayeron-mas-de-100-milimetros-hubo-inundaciones-barrios-anegados\/\",\"name\":\"Diluvi\u00f3 en el AMBA: cayeron m\u00e1s de 100 mil\u00edmetros, hubo inundaciones, barrios anegados - Radio Infinita Goya\",\"isPartOf\":{\"@id\":\"https:\/\/radioinfinitagoya.com.ar\/v1\/#website\"},\"primaryImageOfPage\":{\"@id\":\"https:\/\/radioinfinitagoya.com.ar\/v1\/2025\/10\/25\/diluvio-en-el-amba-cayeron-mas-de-100-milimetros-hubo-inundaciones-barrios-anegados\/#primaryimage\"},\"image\":{\"@id\":\"https:\/\/radioinfinitagoya.com.ar\/v1\/2025\/10\/25\/diluvio-en-el-amba-cayeron-mas-de-100-milimetros-hubo-inundaciones-barrios-anegados\/#primaryimage\"},\"thumbnailUrl\":\"https:\/\/radioinfinitagoya.com.ar\/v1\/wp-content\/uploads\/2025\/10\/DM_LxQU9.jpg\",\"datePublished\":\"2025-10-25T21:17:00+00:00\",\"description\":\"La impactante tormenta de esta madrugada dej\u00f3 a un sector de la avenida General Paz bajo agua. Ya no rige m\u00e1s la alerta amarilla por precipitaciones y\",\"breadcrumb\":{\"@id\":\"https:\/\/radioinfinitagoya.com.ar\/v1\/2025\/10\/25\/diluvio-en-el-amba-cayeron-mas-de-100-milimetros-hubo-inundaciones-barrios-anegados\/#breadcrumb\"},\"inLanguage\":\"es-AR\",\"potentialAction\":[{\"@type\":\"ReadAction\",\"target\":[\"https:\/\/radioinfinitagoya.com.ar\/v1\/2025\/10\/25\/diluvio-en-el-amba-cayeron-mas-de-100-milimetros-hubo-inundaciones-barrios-anegados\/\"]}]},{\"@type\":\"ImageObject\",\"inLanguage\":\"es-AR\",\"@id\":\"https:\/\/radioinfinitagoya.com.ar\/v1\/2025\/10\/25\/diluvio-en-el-amba-cayeron-mas-de-100-milimetros-hubo-inundaciones-barrios-anegados\/#primaryimage\",\"url\":\"https:\/\/radioinfinitagoya.com.ar\/v1\/wp-content\/uploads\/2025\/10\/DM_LxQU9.jpg\",\"contentUrl\":\"https:\/\/radioinfinitagoya.com.ar\/v1\/wp-content\/uploads\/2025\/10\/DM_LxQU9.jpg\",\"width\":680,\"height\":340},{\"@type\":\"BreadcrumbList\",\"@id\":\"https:\/\/radioinfinitagoya.com.ar\/v1\/2025\/10\/25\/diluvio-en-el-amba-cayeron-mas-de-100-milimetros-hubo-inundaciones-barrios-anegados\/#breadcrumb\",\"itemListElement\":[{\"@type\":\"ListItem\",\"position\":1,\"name\":\"Inicio\",\"item\":\"https:\/\/radioinfinitagoya.com.ar\/v1\/\"},{\"@type\":\"ListItem\",\"position\":2,\"name\":\"Diluvi\u00f3 en el AMBA: cayeron m\u00e1s de 100 mil\u00edmetros, hubo inundaciones, barrios anegados\"}]},{\"@type\":\"WebSite\",\"@id\":\"https:\/\/radioinfinitagoya.com.ar\/v1\/#website\",\"url\":\"https:\/\/radioinfinitagoya.com.ar\/v1\/\",\"name\":\"radioinfinitagoya.com.ar\",\"description\":\"Radio de noticias\",\"publisher\":{\"@id\":\"https:\/\/radioinfinitagoya.com.ar\/v1\/#organization\"},\"potentialAction\":[{\"@type\":\"SearchAction\",\"target\":{\"@type\":\"EntryPoint\",\"urlTemplate\":\"https:\/\/radioinfinitagoya.com.ar\/v1\/?s={search_term_string}\"},\"query-input\":{\"@type\":\"PropertyValueSpecification\",\"valueRequired\":true,\"valueName\":\"search_term_string\"}}],\"inLanguage\":\"es-AR\"},{\"@type\":\"Organization\",\"@id\":\"https:\/\/radioinfinitagoya.com.ar\/v1\/#organization\",\"name\":\"Radio Infinita Goya\",\"url\":\"https:\/\/radioinfinitagoya.com.ar\/v1\/\",\"logo\":{\"@type\":\"ImageObject\",\"inLanguage\":\"es-AR\",\"@id\":\"https:\/\/radioinfinitagoya.com.ar\/v1\/#\/schema\/logo\/image\/\",\"url\":\"https:\/\/radioinfinitagoya.com.ar\/v1\/wp-content\/uploads\/2019\/11\/logo-pie-web.png\",\"contentUrl\":\"https:\/\/radioinfinitagoya.com.ar\/v1\/wp-content\/uploads\/2019\/11\/logo-pie-web.png\",\"width\":635,\"height\":326,\"caption\":\"Radio Infinita Goya\"},\"image\":{\"@id\":\"https:\/\/radioinfinitagoya.com.ar\/v1\/#\/schema\/logo\/image\/\"},\"sameAs\":[\"https:\/\/www.facebook.com\/p\/Infinita-Goya-100063870918311\/\"]},{\"@type\":\"Person\",\"@id\":\"https:\/\/radioinfinitagoya.com.ar\/v1\/#\/schema\/person\/d4cf9c413d4f6edb24aabdccab49ca4a\",\"name\":\"Jorge Mi\u00f1o\",\"image\":{\"@type\":\"ImageObject\",\"inLanguage\":\"es-AR\",\"@id\":\"https:\/\/secure.gravatar.com\/avatar\/910fcf6728fe95320e07a6643c1581fec1c7fc4bf8ae12e3d8f0d0373dc844be?s=96&d=mm&r=g\",\"url\":\"https:\/\/secure.gravatar.com\/avatar\/910fcf6728fe95320e07a6643c1581fec1c7fc4bf8ae12e3d8f0d0373dc844be?s=96&d=mm&r=g\",\"contentUrl\":\"https:\/\/secure.gravatar.com\/avatar\/910fcf6728fe95320e07a6643c1581fec1c7fc4bf8ae12e3d8f0d0373dc844be?s=96&d=mm&r=g\",\"caption\":\"Jorge Mi\u00f1o\"},\"sameAs\":[\"http:\/\/radioinfinitagoya.com.ar\"]}]}<\/script>\n<!-- \/ Yoast SEO plugin. -->","yoast_head_json":{"title":"Diluvi\u00f3 en el AMBA: cayeron m\u00e1s de 100 mil\u00edmetros, hubo inundaciones, barrios anegados - Radio Infinita Goya","description":"La impactante tormenta de esta madrugada dej\u00f3 a un sector de la avenida General Paz bajo agua. Ya no rige m\u00e1s la alerta amarilla por precipitaciones y","robots":{"index":"index","follow":"follow","max-snippet":"max-snippet:-1","max-image-preview":"max-image-preview:large","max-video-preview":"max-video-preview:-1"},"canonical":"https:\/\/radioinfinitagoya.com.ar\/v1\/2025\/10\/25\/diluvio-en-el-amba-cayeron-mas-de-100-milimetros-hubo-inundaciones-barrios-anegados\/","og_locale":"es_ES","og_type":"article","og_title":"Diluvi\u00f3 en el AMBA: cayeron m\u00e1s de 100 mil\u00edmetros, hubo inundaciones, barrios anegados - Radio Infinita Goya","og_description":"La impactante tormenta de esta madrugada dej\u00f3 a un sector de la avenida General Paz bajo agua. Ya no rige m\u00e1s la alerta amarilla por precipitaciones y","og_url":"https:\/\/radioinfinitagoya.com.ar\/v1\/2025\/10\/25\/diluvio-en-el-amba-cayeron-mas-de-100-milimetros-hubo-inundaciones-barrios-anegados\/","og_site_name":"Radio Infinita Goya","article_publisher":"https:\/\/www.facebook.com\/p\/Infinita-Goya-100063870918311\/","article_published_time":"2025-10-25T21:17:00+00:00","og_image":[{"width":680,"height":340,"url":"https:\/\/radioinfinitagoya.com.ar\/v1\/wp-content\/uploads\/2025\/10\/DM_LxQU9.jpg","type":"image\/jpeg"}],"author":"Jorge Mi\u00f1o","twitter_card":"summary_large_image","twitter_misc":{"Escrito por":"Jorge Mi\u00f1o","Tiempo de lectura":"11 minutos"},"schema":{"@context":"https:\/\/schema.org","@graph":[{"@type":"Article","@id":"https:\/\/radioinfinitagoya.com.ar\/v1\/2025\/10\/25\/diluvio-en-el-amba-cayeron-mas-de-100-milimetros-hubo-inundaciones-barrios-anegados\/#article","isPartOf":{"@id":"https:\/\/radioinfinitagoya.com.ar\/v1\/2025\/10\/25\/diluvio-en-el-amba-cayeron-mas-de-100-milimetros-hubo-inundaciones-barrios-anegados\/"},"author":{"name":"Jorge Mi\u00f1o","@id":"https:\/\/radioinfinitagoya.com.ar\/v1\/#\/schema\/person\/d4cf9c413d4f6edb24aabdccab49ca4a"},"headline":"Diluvi\u00f3 en el AMBA: cayeron m\u00e1s de 100 mil\u00edmetros, hubo inundaciones, barrios anegados","datePublished":"2025-10-25T21:17:00+00:00","mainEntityOfPage":{"@id":"https:\/\/radioinfinitagoya.com.ar\/v1\/2025\/10\/25\/diluvio-en-el-amba-cayeron-mas-de-100-milimetros-hubo-inundaciones-barrios-anegados\/"},"wordCount":2124,"publisher":{"@id":"https:\/\/radioinfinitagoya.com.ar\/v1\/#organization"},"image":{"@id":"https:\/\/radioinfinitagoya.com.ar\/v1\/2025\/10\/25\/diluvio-en-el-amba-cayeron-mas-de-100-milimetros-hubo-inundaciones-barrios-anegados\/#primaryimage"},"thumbnailUrl":"https:\/\/radioinfinitagoya.com.ar\/v1\/wp-content\/uploads\/2025\/10\/DM_LxQU9.jpg","articleSection":["INFORMACI\u00d3N GENERAL"],"inLanguage":"es-AR"},{"@type":"WebPage","@id":"https:\/\/radioinfinitagoya.com.ar\/v1\/2025\/10\/25\/diluvio-en-el-amba-cayeron-mas-de-100-milimetros-hubo-inundaciones-barrios-anegados\/","url":"https:\/\/radioinfinitagoya.com.ar\/v1\/2025\/10\/25\/diluvio-en-el-amba-cayeron-mas-de-100-milimetros-hubo-inundaciones-barrios-anegados\/","name":"Diluvi\u00f3 en el AMBA: cayeron m\u00e1s de 100 mil\u00edmetros, hubo inundaciones, barrios anegados - Radio Infinita Goya","isPartOf":{"@id":"https:\/\/radioinfinitagoya.com.ar\/v1\/#website"},"primaryImageOfPage":{"@id":"https:\/\/radioinfinitagoya.com.ar\/v1\/2025\/10\/25\/diluvio-en-el-amba-cayeron-mas-de-100-milimetros-hubo-inundaciones-barrios-anegados\/#primaryimage"},"image":{"@id":"https:\/\/radioinfinitagoya.com.ar\/v1\/2025\/10\/25\/diluvio-en-el-amba-cayeron-mas-de-100-milimetros-hubo-inundaciones-barrios-anegados\/#primaryimage"},"thumbnailUrl":"https:\/\/radioinfinitagoya.com.ar\/v1\/wp-content\/uploads\/2025\/10\/DM_LxQU9.jpg","datePublished":"2025-10-25T21:17:00+00:00","description":"La impactante tormenta de esta madrugada dej\u00f3 a un sector de la avenida General Paz bajo agua. Ya no rige m\u00e1s la alerta amarilla por precipitaciones y","breadcrumb":{"@id":"https:\/\/radioinfinitagoya.com.ar\/v1\/2025\/10\/25\/diluvio-en-el-amba-cayeron-mas-de-100-milimetros-hubo-inundaciones-barrios-anegados\/#breadcrumb"},"inLanguage":"es-AR","potentialAction":[{"@type":"ReadAction","target":["https:\/\/radioinfinitagoya.com.ar\/v1\/2025\/10\/25\/diluvio-en-el-amba-cayeron-mas-de-100-milimetros-hubo-inundaciones-barrios-anegados\/"]}]},{"@type":"ImageObject","inLanguage":"es-AR","@id":"https:\/\/radioinfinitagoya.com.ar\/v1\/2025\/10\/25\/diluvio-en-el-amba-cayeron-mas-de-100-milimetros-hubo-inundaciones-barrios-anegados\/#primaryimage","url":"https:\/\/radioinfinitagoya.com.ar\/v1\/wp-content\/uploads\/2025\/10\/DM_LxQU9.jpg","contentUrl":"https:\/\/radioinfinitagoya.com.ar\/v1\/wp-content\/uploads\/2025\/10\/DM_LxQU9.jpg","width":680,"height":340},{"@type":"BreadcrumbList","@id":"https:\/\/radioinfinitagoya.com.ar\/v1\/2025\/10\/25\/diluvio-en-el-amba-cayeron-mas-de-100-milimetros-hubo-inundaciones-barrios-anegados\/#breadcrumb","itemListElement":[{"@type":"ListItem","position":1,"name":"Inicio","item":"https:\/\/radioinfinitagoya.com.ar\/v1\/"},{"@type":"ListItem","position":2,"name":"Diluvi\u00f3 en el AMBA: cayeron m\u00e1s de 100 mil\u00edmetros, hubo inundaciones, barrios anegados"}]},{"@type":"WebSite","@id":"https:\/\/radioinfinitagoya.com.ar\/v1\/#website","url":"https:\/\/radioinfinitagoya.com.ar\/v1\/","name":"radioinfinitagoya.com.ar","description":"Radio de noticias","publisher":{"@id":"https:\/\/radioinfinitagoya.com.ar\/v1\/#organization"},"potentialAction":[{"@type":"SearchAction","target":{"@type":"EntryPoint","urlTemplate":"https:\/\/radioinfinitagoya.com.ar\/v1\/?s={search_term_string}"},"query-input":{"@type":"PropertyValueSpecification","valueRequired":true,"valueName":"search_term_string"}}],"inLanguage":"es-AR"},{"@type":"Organization","@id":"https:\/\/radioinfinitagoya.com.ar\/v1\/#organization","name":"Radio Infinita Goya","url":"https:\/\/radioinfinitagoya.com.ar\/v1\/","logo":{"@type":"ImageObject","inLanguage":"es-AR","@id":"https:\/\/radioinfinitagoya.com.ar\/v1\/#\/schema\/logo\/image\/","url":"https:\/\/radioinfinitagoya.com.ar\/v1\/wp-content\/uploads\/2019\/11\/logo-pie-web.png","contentUrl":"https:\/\/radioinfinitagoya.com.ar\/v1\/wp-content\/uploads\/2019\/11\/logo-pie-web.png","width":635,"height":326,"caption":"Radio Infinita Goya"},"image":{"@id":"https:\/\/radioinfinitagoya.com.ar\/v1\/#\/schema\/logo\/image\/"},"sameAs":["https:\/\/www.facebook.com\/p\/Infinita-Goya-100063870918311\/"]},{"@type":"Person","@id":"https:\/\/radioinfinitagoya.com.ar\/v1\/#\/schema\/person\/d4cf9c413d4f6edb24aabdccab49ca4a","name":"Jorge Mi\u00f1o","image":{"@type":"ImageObject","inLanguage":"es-AR","@id":"https:\/\/secure.gravatar.com\/avatar\/910fcf6728fe95320e07a6643c1581fec1c7fc4bf8ae12e3d8f0d0373dc844be?s=96&d=mm&r=g","url":"https:\/\/secure.gravatar.com\/avatar\/910fcf6728fe95320e07a6643c1581fec1c7fc4bf8ae12e3d8f0d0373dc844be?s=96&d=mm&r=g","contentUrl":"https:\/\/secure.gravatar.com\/avatar\/910fcf6728fe95320e07a6643c1581fec1c7fc4bf8ae12e3d8f0d0373dc844be?s=96&d=mm&r=g","caption":"Jorge Mi\u00f1o"},"sameAs":["http:\/\/radioinfinitagoya.com.ar"]}]}},"_links":{"self":[{"href":"https:\/\/radioinfinitagoya.com.ar\/v1\/wp-json\/wp\/v2\/posts\/198200","targetHints":{"allow":["GET"]}}],"collection":[{"href":"https:\/\/radioinfinitagoya.com.ar\/v1\/wp-json\/wp\/v2\/posts"}],"about":[{"href":"https:\/\/radioinfinitagoya.com.ar\/v1\/wp-json\/wp\/v2\/types\/post"}],"author":[{"embeddable":true,"href":"https:\/\/radioinfinitagoya.com.ar\/v1\/wp-json\/wp\/v2\/users\/4"}],"replies":[{"embeddable":true,"href":"https:\/\/radioinfinitagoya.com.ar\/v1\/wp-json\/wp\/v2\/comments?post=198200"}],"version-history":[{"count":0,"href":"https:\/\/radioinfinitagoya.com.ar\/v1\/wp-json\/wp\/v2\/posts\/198200\/revisions"}],"wp:featuredmedia":[{"embeddable":true,"href":"https:\/\/radioinfinitagoya.com.ar\/v1\/wp-json\/wp\/v2\/media\/198205"}],"wp:attachment":[{"href":"https:\/\/radioinfinitagoya.com.ar\/v1\/wp-json\/wp\/v2\/media?parent=198200"}],"wp:term":[{"taxonomy":"category","embeddable":true,"href":"https:\/\/radioinfinitagoya.com.ar\/v1\/wp-json\/wp\/v2\/categories?post=198200"},{"taxonomy":"post_tag","embeddable":true,"href":"https:\/\/radioinfinitagoya.com.ar\/v1\/wp-json\/wp\/v2\/tags?post=198200"}],"curies":[{"name":"wp","href":"https:\/\/api.w.org\/{rel}","templated":true}]}}