{"id":198209,"date":"2025-10-25T18:23:13","date_gmt":"2025-10-25T21:23:13","guid":{"rendered":"https:\/\/radioinfinitagoya.com.ar\/v1\/?p=198209"},"modified":"2025-10-25T18:23:13","modified_gmt":"2025-10-25T21:23:13","slug":"el-gobernador-electo-jp-valdes-anticipo-que-habra-exintendentes-en-su-gabinete","status":"publish","type":"post","link":"https:\/\/radioinfinitagoya.com.ar\/v1\/2025\/10\/25\/el-gobernador-electo-jp-valdes-anticipo-que-habra-exintendentes-en-su-gabinete\/","title":{"rendered":"El gobernador electo JP Vald\u00e9s anticip\u00f3 que habr\u00e1 exintendentes en su gabinete"},"content":{"rendered":"<p>El gobernador electo afina el l\u00e1piz para armar su equipo de trabajo de cara al<br \/>\n10 de diciembre.<\/p>\n<p>El gobernador electo, Juan Pablo Vald\u00e9s, anunci\u00f3 que tras asumir en el cargo, trabajar\u00e1 junto a los gobernadores de Provincias Unidas \u201cpara construir una agenda federal\u201d y confirm\u00f3 que en su Gabinete habr\u00e1 ex intendentes entre sus integrantes.<\/p>\n<p>Se refiri\u00f3 al di\u00e1logo con el Gobierno nacional y refiri\u00f3 a la importancia de trabajar en pos de conseguir inversiones para el desarrollo de la provincia.<\/p>\n<p>Destac\u00f3 la relaci\u00f3n con su hermano, Gustavo Vald\u00e9s, a qui\u00e9n calific\u00f3 como &#8220;un gran l\u00edder&#8221; y expres\u00f3 que &#8220;no vamos a tener problemas, estoy seguro\u201d.<\/p>\n<p>\u201cSe vienen tiempos complejos por la agenda reformista que tiene el Gobierno nacional\u201d, consider\u00f3 e hizo hincapi\u00e9 \u201cen una balanza a equilibrada y el super\u00e1vit para desarrollar Corrientes&#8221;.<\/p>\n<p>Vald\u00e9s cuestion\u00f3 la falta de di\u00e1logo del presidente Milei, en declaraciones a Radio Dos y afirm\u00f3: \u201cEl Gobierno nacional tiene que escuchar y trabajar r en conjunto con todos los gobernadores\u201d .<\/p>\n<p>\u201cSi no hay intenci\u00f3n ni obra p\u00fablica, tenemos que buscar inversiones, no podemos pasar cuatro a\u00f1os sin obras\u201d.<\/p>\n<p>\u201cTenemos la esperanza de una construcci\u00f3n federal de la Argentina, dialogar sobre las cuestiones de Corrientes, como el financiamiento del segundo puente\u201d, remarc\u00f3 y confirm\u00f3 que ser\u00e1 parte del grupo de gobernadores de Provincias Unidas.<\/p>\n<p>Se refiri\u00f3 a la crisis y falta de recursos. Dijo que ser\u00e1 \u201csincero, sobre lo que se puede y lo que no se puede hacer\u201d.<\/p>\n<p>Advirti\u00f3 que \u201cse recauda menos\u201d.<\/p>\n<p>Consider\u00f3 que el impacto de la falta de obra p\u00fablica nacional es signnificativa y consider\u00f3 que \u201csi se construyeran m\u00e1s puertos, habr\u00eda m\u00e1s d\u00f3lares\u201d.<\/p>\n<p>A rengl\u00f3n seguido dijo que los salarios de la administraci\u00f3n p\u00fablica estar\u00e1n entre sus prioridades.<\/p>\n<p>\u201cVamos a trabajar para ir corrigiendo lo que hay que corregir y tener valores acordes a la escala nacional\u201d, detall\u00f3.<\/p>\n<p>\u201clas provincias deben generar su propias riquezas. No voy a perder la esperanza de trabajar por una Argentina mejor y no voy a esperar, voy a trabajar, buscar m\u00e1s inversiones, debemos ser m\u00e1s independientes, vamos a trabajar para depender menos de la Naci\u00f3n\u201d.<\/p>\n<p>\u201cVamos a buscar inversiones para grandes obras, porque tenemos que desarrollar la provincia\u201d, agreg\u00f3.<\/p>\n<p>\u201cTenemos que confiar en las capacidades de la provincia, tenemos mano de obra calificada y vamos en la transformaci\u00f3n del Estado, para que sea m\u00e1s eficiente\u201d, subray\u00f3.<\/p>\n","protected":false},"excerpt":{"rendered":"<p>El gobernador electo afina el l\u00e1piz para armar su equipo de trabajo de cara al 10 de diciembre. El gobernador electo, Juan Pablo Vald\u00e9s, anunci\u00f3 que tras asumir en el cargo, trabajar\u00e1 junto a los gobernadores de Provincias Unidas \u201cpara construir una agenda federal\u201d y confirm\u00f3 que en su Gabinete habr\u00e1 ex intendentes entre sus [&hellip;]<\/p>\n","protected":false},"author":4,"featured_media":198210,"comment_status":"closed","ping_status":"closed","sticky":false,"template":"","format":"standard","meta":{"_joinchat":[],"footnotes":""},"categories":[34],"tags":[],"class_list":{"0":"post-198209","1":"post","2":"type-post","3":"status-publish","4":"format-standard","5":"has-post-thumbnail","7":"category-principal"},"yoast_head":"<!-- This site is optimized with the Yoast SEO plugin v27.2 - https:\/\/yoast.com\/product\/yoast-seo-wordpress\/ -->\n<title>El gobernador electo JP Vald\u00e9s anticip\u00f3 que habr\u00e1 exintendentes en su gabinete - Radio Infinita Goya<\/title>\n<meta name=\"description\" content=\"El gobernador electo afina el l\u00e1piz para armar su equipo de trabajo de cara al 10 de diciembre. El gobernador electo, Juan Pablo Vald\u00e9s, anunci\u00f3 que tras\" \/>\n<meta name=\"robots\" content=\"index, follow, max-snippet:-1, max-image-preview:large, max-video-preview:-1\" \/>\n<link rel=\"canonical\" href=\"https:\/\/radioinfinitagoya.com.ar\/v1\/2025\/10\/25\/el-gobernador-electo-jp-valdes-anticipo-que-habra-exintendentes-en-su-gabinete\/\" \/>\n<meta property=\"og:locale\" content=\"es_ES\" \/>\n<meta property=\"og:type\" content=\"article\" \/>\n<meta property=\"og:title\" content=\"El gobernador electo JP Vald\u00e9s anticip\u00f3 que habr\u00e1 exintendentes en su gabinete - Radio Infinita Goya\" \/>\n<meta property=\"og:description\" content=\"El gobernador electo afina el l\u00e1piz para armar su equipo de trabajo de cara al 10 de diciembre. El gobernador electo, Juan Pablo Vald\u00e9s, anunci\u00f3 que tras\" \/>\n<meta property=\"og:url\" content=\"https:\/\/radioinfinitagoya.com.ar\/v1\/2025\/10\/25\/el-gobernador-electo-jp-valdes-anticipo-que-habra-exintendentes-en-su-gabinete\/\" \/>\n<meta property=\"og:site_name\" content=\"Radio Infinita Goya\" \/>\n<meta property=\"article:publisher\" content=\"https:\/\/www.facebook.com\/p\/Infinita-Goya-100063870918311\/\" \/>\n<meta property=\"article:published_time\" content=\"2025-10-25T21:23:13+00:00\" \/>\n<meta property=\"og:image\" content=\"https:\/\/radioinfinitagoya.com.ar\/v1\/wp-content\/uploads\/2025\/10\/G2xTC3iXAAA6AoX-1.jpg\" \/>\n\t<meta property=\"og:image:width\" content=\"2048\" \/>\n\t<meta property=\"og:image:height\" content=\"1638\" \/>\n\t<meta property=\"og:image:type\" content=\"image\/jpeg\" \/>\n<meta name=\"author\" content=\"Jorge Mi\u00f1o\" \/>\n<meta name=\"twitter:card\" content=\"summary_large_image\" \/>\n<meta name=\"twitter:label1\" content=\"Escrito por\" \/>\n\t<meta name=\"twitter:data1\" content=\"Jorge Mi\u00f1o\" \/>\n\t<meta name=\"twitter:label2\" content=\"Tiempo de lectura\" \/>\n\t<meta name=\"twitter:data2\" content=\"2 minutos\" \/>\n<script type=\"application\/ld+json\" class=\"yoast-schema-graph\">{\"@context\":\"https:\/\/schema.org\",\"@graph\":[{\"@type\":\"Article\",\"@id\":\"https:\/\/radioinfinitagoya.com.ar\/v1\/2025\/10\/25\/el-gobernador-electo-jp-valdes-anticipo-que-habra-exintendentes-en-su-gabinete\/#article\",\"isPartOf\":{\"@id\":\"https:\/\/radioinfinitagoya.com.ar\/v1\/2025\/10\/25\/el-gobernador-electo-jp-valdes-anticipo-que-habra-exintendentes-en-su-gabinete\/\"},\"author\":{\"name\":\"Jorge Mi\u00f1o\",\"@id\":\"https:\/\/radioinfinitagoya.com.ar\/v1\/#\/schema\/person\/d4cf9c413d4f6edb24aabdccab49ca4a\"},\"headline\":\"El gobernador electo JP Vald\u00e9s anticip\u00f3 que habr\u00e1 exintendentes en su gabinete\",\"datePublished\":\"2025-10-25T21:23:13+00:00\",\"mainEntityOfPage\":{\"@id\":\"https:\/\/radioinfinitagoya.com.ar\/v1\/2025\/10\/25\/el-gobernador-electo-jp-valdes-anticipo-que-habra-exintendentes-en-su-gabinete\/\"},\"wordCount\":432,\"publisher\":{\"@id\":\"https:\/\/radioinfinitagoya.com.ar\/v1\/#organization\"},\"image\":{\"@id\":\"https:\/\/radioinfinitagoya.com.ar\/v1\/2025\/10\/25\/el-gobernador-electo-jp-valdes-anticipo-que-habra-exintendentes-en-su-gabinete\/#primaryimage\"},\"thumbnailUrl\":\"https:\/\/radioinfinitagoya.com.ar\/v1\/wp-content\/uploads\/2025\/10\/G2xTC3iXAAA6AoX-1.jpg\",\"articleSection\":[\"PRINCIPAL\"],\"inLanguage\":\"es-AR\"},{\"@type\":\"WebPage\",\"@id\":\"https:\/\/radioinfinitagoya.com.ar\/v1\/2025\/10\/25\/el-gobernador-electo-jp-valdes-anticipo-que-habra-exintendentes-en-su-gabinete\/\",\"url\":\"https:\/\/radioinfinitagoya.com.ar\/v1\/2025\/10\/25\/el-gobernador-electo-jp-valdes-anticipo-que-habra-exintendentes-en-su-gabinete\/\",\"name\":\"El gobernador electo JP Vald\u00e9s anticip\u00f3 que habr\u00e1 exintendentes en su gabinete - Radio Infinita Goya\",\"isPartOf\":{\"@id\":\"https:\/\/radioinfinitagoya.com.ar\/v1\/#website\"},\"primaryImageOfPage\":{\"@id\":\"https:\/\/radioinfinitagoya.com.ar\/v1\/2025\/10\/25\/el-gobernador-electo-jp-valdes-anticipo-que-habra-exintendentes-en-su-gabinete\/#primaryimage\"},\"image\":{\"@id\":\"https:\/\/radioinfinitagoya.com.ar\/v1\/2025\/10\/25\/el-gobernador-electo-jp-valdes-anticipo-que-habra-exintendentes-en-su-gabinete\/#primaryimage\"},\"thumbnailUrl\":\"https:\/\/radioinfinitagoya.com.ar\/v1\/wp-content\/uploads\/2025\/10\/G2xTC3iXAAA6AoX-1.jpg\",\"datePublished\":\"2025-10-25T21:23:13+00:00\",\"description\":\"El gobernador electo afina el l\u00e1piz para armar su equipo de trabajo de cara al 10 de diciembre. El gobernador electo, Juan Pablo Vald\u00e9s, anunci\u00f3 que tras\",\"breadcrumb\":{\"@id\":\"https:\/\/radioinfinitagoya.com.ar\/v1\/2025\/10\/25\/el-gobernador-electo-jp-valdes-anticipo-que-habra-exintendentes-en-su-gabinete\/#breadcrumb\"},\"inLanguage\":\"es-AR\",\"potentialAction\":[{\"@type\":\"ReadAction\",\"target\":[\"https:\/\/radioinfinitagoya.com.ar\/v1\/2025\/10\/25\/el-gobernador-electo-jp-valdes-anticipo-que-habra-exintendentes-en-su-gabinete\/\"]}]},{\"@type\":\"ImageObject\",\"inLanguage\":\"es-AR\",\"@id\":\"https:\/\/radioinfinitagoya.com.ar\/v1\/2025\/10\/25\/el-gobernador-electo-jp-valdes-anticipo-que-habra-exintendentes-en-su-gabinete\/#primaryimage\",\"url\":\"https:\/\/radioinfinitagoya.com.ar\/v1\/wp-content\/uploads\/2025\/10\/G2xTC3iXAAA6AoX-1.jpg\",\"contentUrl\":\"https:\/\/radioinfinitagoya.com.ar\/v1\/wp-content\/uploads\/2025\/10\/G2xTC3iXAAA6AoX-1.jpg\",\"width\":2048,\"height\":1638},{\"@type\":\"BreadcrumbList\",\"@id\":\"https:\/\/radioinfinitagoya.com.ar\/v1\/2025\/10\/25\/el-gobernador-electo-jp-valdes-anticipo-que-habra-exintendentes-en-su-gabinete\/#breadcrumb\",\"itemListElement\":[{\"@type\":\"ListItem\",\"position\":1,\"name\":\"Inicio\",\"item\":\"https:\/\/radioinfinitagoya.com.ar\/v1\/\"},{\"@type\":\"ListItem\",\"position\":2,\"name\":\"El gobernador electo JP Vald\u00e9s anticip\u00f3 que habr\u00e1 exintendentes en su gabinete\"}]},{\"@type\":\"WebSite\",\"@id\":\"https:\/\/radioinfinitagoya.com.ar\/v1\/#website\",\"url\":\"https:\/\/radioinfinitagoya.com.ar\/v1\/\",\"name\":\"radioinfinitagoya.com.ar\",\"description\":\"Radio de noticias\",\"publisher\":{\"@id\":\"https:\/\/radioinfinitagoya.com.ar\/v1\/#organization\"},\"potentialAction\":[{\"@type\":\"SearchAction\",\"target\":{\"@type\":\"EntryPoint\",\"urlTemplate\":\"https:\/\/radioinfinitagoya.com.ar\/v1\/?s={search_term_string}\"},\"query-input\":{\"@type\":\"PropertyValueSpecification\",\"valueRequired\":true,\"valueName\":\"search_term_string\"}}],\"inLanguage\":\"es-AR\"},{\"@type\":\"Organization\",\"@id\":\"https:\/\/radioinfinitagoya.com.ar\/v1\/#organization\",\"name\":\"Radio Infinita Goya\",\"url\":\"https:\/\/radioinfinitagoya.com.ar\/v1\/\",\"logo\":{\"@type\":\"ImageObject\",\"inLanguage\":\"es-AR\",\"@id\":\"https:\/\/radioinfinitagoya.com.ar\/v1\/#\/schema\/logo\/image\/\",\"url\":\"https:\/\/radioinfinitagoya.com.ar\/v1\/wp-content\/uploads\/2019\/11\/logo-pie-web.png\",\"contentUrl\":\"https:\/\/radioinfinitagoya.com.ar\/v1\/wp-content\/uploads\/2019\/11\/logo-pie-web.png\",\"width\":635,\"height\":326,\"caption\":\"Radio Infinita Goya\"},\"image\":{\"@id\":\"https:\/\/radioinfinitagoya.com.ar\/v1\/#\/schema\/logo\/image\/\"},\"sameAs\":[\"https:\/\/www.facebook.com\/p\/Infinita-Goya-100063870918311\/\"]},{\"@type\":\"Person\",\"@id\":\"https:\/\/radioinfinitagoya.com.ar\/v1\/#\/schema\/person\/d4cf9c413d4f6edb24aabdccab49ca4a\",\"name\":\"Jorge Mi\u00f1o\",\"image\":{\"@type\":\"ImageObject\",\"inLanguage\":\"es-AR\",\"@id\":\"https:\/\/secure.gravatar.com\/avatar\/910fcf6728fe95320e07a6643c1581fec1c7fc4bf8ae12e3d8f0d0373dc844be?s=96&d=mm&r=g\",\"url\":\"https:\/\/secure.gravatar.com\/avatar\/910fcf6728fe95320e07a6643c1581fec1c7fc4bf8ae12e3d8f0d0373dc844be?s=96&d=mm&r=g\",\"contentUrl\":\"https:\/\/secure.gravatar.com\/avatar\/910fcf6728fe95320e07a6643c1581fec1c7fc4bf8ae12e3d8f0d0373dc844be?s=96&d=mm&r=g\",\"caption\":\"Jorge Mi\u00f1o\"},\"sameAs\":[\"http:\/\/radioinfinitagoya.com.ar\"]}]}<\/script>\n<!-- \/ Yoast SEO plugin. -->","yoast_head_json":{"title":"El gobernador electo JP Vald\u00e9s anticip\u00f3 que habr\u00e1 exintendentes en su gabinete - Radio Infinita Goya","description":"El gobernador electo afina el l\u00e1piz para armar su equipo de trabajo de cara al 10 de diciembre. El gobernador electo, Juan Pablo Vald\u00e9s, anunci\u00f3 que tras","robots":{"index":"index","follow":"follow","max-snippet":"max-snippet:-1","max-image-preview":"max-image-preview:large","max-video-preview":"max-video-preview:-1"},"canonical":"https:\/\/radioinfinitagoya.com.ar\/v1\/2025\/10\/25\/el-gobernador-electo-jp-valdes-anticipo-que-habra-exintendentes-en-su-gabinete\/","og_locale":"es_ES","og_type":"article","og_title":"El gobernador electo JP Vald\u00e9s anticip\u00f3 que habr\u00e1 exintendentes en su gabinete - Radio Infinita Goya","og_description":"El gobernador electo afina el l\u00e1piz para armar su equipo de trabajo de cara al 10 de diciembre. El gobernador electo, Juan Pablo Vald\u00e9s, anunci\u00f3 que tras","og_url":"https:\/\/radioinfinitagoya.com.ar\/v1\/2025\/10\/25\/el-gobernador-electo-jp-valdes-anticipo-que-habra-exintendentes-en-su-gabinete\/","og_site_name":"Radio Infinita Goya","article_publisher":"https:\/\/www.facebook.com\/p\/Infinita-Goya-100063870918311\/","article_published_time":"2025-10-25T21:23:13+00:00","og_image":[{"width":2048,"height":1638,"url":"https:\/\/radioinfinitagoya.com.ar\/v1\/wp-content\/uploads\/2025\/10\/G2xTC3iXAAA6AoX-1.jpg","type":"image\/jpeg"}],"author":"Jorge Mi\u00f1o","twitter_card":"summary_large_image","twitter_misc":{"Escrito por":"Jorge Mi\u00f1o","Tiempo de lectura":"2 minutos"},"schema":{"@context":"https:\/\/schema.org","@graph":[{"@type":"Article","@id":"https:\/\/radioinfinitagoya.com.ar\/v1\/2025\/10\/25\/el-gobernador-electo-jp-valdes-anticipo-que-habra-exintendentes-en-su-gabinete\/#article","isPartOf":{"@id":"https:\/\/radioinfinitagoya.com.ar\/v1\/2025\/10\/25\/el-gobernador-electo-jp-valdes-anticipo-que-habra-exintendentes-en-su-gabinete\/"},"author":{"name":"Jorge Mi\u00f1o","@id":"https:\/\/radioinfinitagoya.com.ar\/v1\/#\/schema\/person\/d4cf9c413d4f6edb24aabdccab49ca4a"},"headline":"El gobernador electo JP Vald\u00e9s anticip\u00f3 que habr\u00e1 exintendentes en su gabinete","datePublished":"2025-10-25T21:23:13+00:00","mainEntityOfPage":{"@id":"https:\/\/radioinfinitagoya.com.ar\/v1\/2025\/10\/25\/el-gobernador-electo-jp-valdes-anticipo-que-habra-exintendentes-en-su-gabinete\/"},"wordCount":432,"publisher":{"@id":"https:\/\/radioinfinitagoya.com.ar\/v1\/#organization"},"image":{"@id":"https:\/\/radioinfinitagoya.com.ar\/v1\/2025\/10\/25\/el-gobernador-electo-jp-valdes-anticipo-que-habra-exintendentes-en-su-gabinete\/#primaryimage"},"thumbnailUrl":"https:\/\/radioinfinitagoya.com.ar\/v1\/wp-content\/uploads\/2025\/10\/G2xTC3iXAAA6AoX-1.jpg","articleSection":["PRINCIPAL"],"inLanguage":"es-AR"},{"@type":"WebPage","@id":"https:\/\/radioinfinitagoya.com.ar\/v1\/2025\/10\/25\/el-gobernador-electo-jp-valdes-anticipo-que-habra-exintendentes-en-su-gabinete\/","url":"https:\/\/radioinfinitagoya.com.ar\/v1\/2025\/10\/25\/el-gobernador-electo-jp-valdes-anticipo-que-habra-exintendentes-en-su-gabinete\/","name":"El gobernador electo JP Vald\u00e9s anticip\u00f3 que habr\u00e1 exintendentes en su gabinete - Radio Infinita Goya","isPartOf":{"@id":"https:\/\/radioinfinitagoya.com.ar\/v1\/#website"},"primaryImageOfPage":{"@id":"https:\/\/radioinfinitagoya.com.ar\/v1\/2025\/10\/25\/el-gobernador-electo-jp-valdes-anticipo-que-habra-exintendentes-en-su-gabinete\/#primaryimage"},"image":{"@id":"https:\/\/radioinfinitagoya.com.ar\/v1\/2025\/10\/25\/el-gobernador-electo-jp-valdes-anticipo-que-habra-exintendentes-en-su-gabinete\/#primaryimage"},"thumbnailUrl":"https:\/\/radioinfinitagoya.com.ar\/v1\/wp-content\/uploads\/2025\/10\/G2xTC3iXAAA6AoX-1.jpg","datePublished":"2025-10-25T21:23:13+00:00","description":"El gobernador electo afina el l\u00e1piz para armar su equipo de trabajo de cara al 10 de diciembre. El gobernador electo, Juan Pablo Vald\u00e9s, anunci\u00f3 que tras","breadcrumb":{"@id":"https:\/\/radioinfinitagoya.com.ar\/v1\/2025\/10\/25\/el-gobernador-electo-jp-valdes-anticipo-que-habra-exintendentes-en-su-gabinete\/#breadcrumb"},"inLanguage":"es-AR","potentialAction":[{"@type":"ReadAction","target":["https:\/\/radioinfinitagoya.com.ar\/v1\/2025\/10\/25\/el-gobernador-electo-jp-valdes-anticipo-que-habra-exintendentes-en-su-gabinete\/"]}]},{"@type":"ImageObject","inLanguage":"es-AR","@id":"https:\/\/radioinfinitagoya.com.ar\/v1\/2025\/10\/25\/el-gobernador-electo-jp-valdes-anticipo-que-habra-exintendentes-en-su-gabinete\/#primaryimage","url":"https:\/\/radioinfinitagoya.com.ar\/v1\/wp-content\/uploads\/2025\/10\/G2xTC3iXAAA6AoX-1.jpg","contentUrl":"https:\/\/radioinfinitagoya.com.ar\/v1\/wp-content\/uploads\/2025\/10\/G2xTC3iXAAA6AoX-1.jpg","width":2048,"height":1638},{"@type":"BreadcrumbList","@id":"https:\/\/radioinfinitagoya.com.ar\/v1\/2025\/10\/25\/el-gobernador-electo-jp-valdes-anticipo-que-habra-exintendentes-en-su-gabinete\/#breadcrumb","itemListElement":[{"@type":"ListItem","position":1,"name":"Inicio","item":"https:\/\/radioinfinitagoya.com.ar\/v1\/"},{"@type":"ListItem","position":2,"name":"El gobernador electo JP Vald\u00e9s anticip\u00f3 que habr\u00e1 exintendentes en su gabinete"}]},{"@type":"WebSite","@id":"https:\/\/radioinfinitagoya.com.ar\/v1\/#website","url":"https:\/\/radioinfinitagoya.com.ar\/v1\/","name":"radioinfinitagoya.com.ar","description":"Radio de noticias","publisher":{"@id":"https:\/\/radioinfinitagoya.com.ar\/v1\/#organization"},"potentialAction":[{"@type":"SearchAction","target":{"@type":"EntryPoint","urlTemplate":"https:\/\/radioinfinitagoya.com.ar\/v1\/?s={search_term_string}"},"query-input":{"@type":"PropertyValueSpecification","valueRequired":true,"valueName":"search_term_string"}}],"inLanguage":"es-AR"},{"@type":"Organization","@id":"https:\/\/radioinfinitagoya.com.ar\/v1\/#organization","name":"Radio Infinita Goya","url":"https:\/\/radioinfinitagoya.com.ar\/v1\/","logo":{"@type":"ImageObject","inLanguage":"es-AR","@id":"https:\/\/radioinfinitagoya.com.ar\/v1\/#\/schema\/logo\/image\/","url":"https:\/\/radioinfinitagoya.com.ar\/v1\/wp-content\/uploads\/2019\/11\/logo-pie-web.png","contentUrl":"https:\/\/radioinfinitagoya.com.ar\/v1\/wp-content\/uploads\/2019\/11\/logo-pie-web.png","width":635,"height":326,"caption":"Radio Infinita Goya"},"image":{"@id":"https:\/\/radioinfinitagoya.com.ar\/v1\/#\/schema\/logo\/image\/"},"sameAs":["https:\/\/www.facebook.com\/p\/Infinita-Goya-100063870918311\/"]},{"@type":"Person","@id":"https:\/\/radioinfinitagoya.com.ar\/v1\/#\/schema\/person\/d4cf9c413d4f6edb24aabdccab49ca4a","name":"Jorge Mi\u00f1o","image":{"@type":"ImageObject","inLanguage":"es-AR","@id":"https:\/\/secure.gravatar.com\/avatar\/910fcf6728fe95320e07a6643c1581fec1c7fc4bf8ae12e3d8f0d0373dc844be?s=96&d=mm&r=g","url":"https:\/\/secure.gravatar.com\/avatar\/910fcf6728fe95320e07a6643c1581fec1c7fc4bf8ae12e3d8f0d0373dc844be?s=96&d=mm&r=g","contentUrl":"https:\/\/secure.gravatar.com\/avatar\/910fcf6728fe95320e07a6643c1581fec1c7fc4bf8ae12e3d8f0d0373dc844be?s=96&d=mm&r=g","caption":"Jorge Mi\u00f1o"},"sameAs":["http:\/\/radioinfinitagoya.com.ar"]}]}},"_links":{"self":[{"href":"https:\/\/radioinfinitagoya.com.ar\/v1\/wp-json\/wp\/v2\/posts\/198209","targetHints":{"allow":["GET"]}}],"collection":[{"href":"https:\/\/radioinfinitagoya.com.ar\/v1\/wp-json\/wp\/v2\/posts"}],"about":[{"href":"https:\/\/radioinfinitagoya.com.ar\/v1\/wp-json\/wp\/v2\/types\/post"}],"author":[{"embeddable":true,"href":"https:\/\/radioinfinitagoya.com.ar\/v1\/wp-json\/wp\/v2\/users\/4"}],"replies":[{"embeddable":true,"href":"https:\/\/radioinfinitagoya.com.ar\/v1\/wp-json\/wp\/v2\/comments?post=198209"}],"version-history":[{"count":0,"href":"https:\/\/radioinfinitagoya.com.ar\/v1\/wp-json\/wp\/v2\/posts\/198209\/revisions"}],"wp:featuredmedia":[{"embeddable":true,"href":"https:\/\/radioinfinitagoya.com.ar\/v1\/wp-json\/wp\/v2\/media\/198210"}],"wp:attachment":[{"href":"https:\/\/radioinfinitagoya.com.ar\/v1\/wp-json\/wp\/v2\/media?parent=198209"}],"wp:term":[{"taxonomy":"category","embeddable":true,"href":"https:\/\/radioinfinitagoya.com.ar\/v1\/wp-json\/wp\/v2\/categories?post=198209"},{"taxonomy":"post_tag","embeddable":true,"href":"https:\/\/radioinfinitagoya.com.ar\/v1\/wp-json\/wp\/v2\/tags?post=198209"}],"curies":[{"name":"wp","href":"https:\/\/api.w.org\/{rel}","templated":true}]}}