{"id":198221,"date":"2025-10-25T18:34:29","date_gmt":"2025-10-25T21:34:29","guid":{"rendered":"https:\/\/radioinfinitagoya.com.ar\/v1\/?p=198221"},"modified":"2025-10-25T18:34:29","modified_gmt":"2025-10-25T21:34:29","slug":"mes-de-la-plena-inclusion-8","status":"publish","type":"post","link":"https:\/\/radioinfinitagoya.com.ar\/v1\/2025\/10\/25\/mes-de-la-plena-inclusion-8\/","title":{"rendered":"Mes de la Plena Inclusi\u00f3n"},"content":{"rendered":"<p>En la continuidad del programa desplegado durante el corriente mes por las instituciones educativas y centros terap\u00e9uticos, en el marco del Mes de la Plena Inclusi\u00f3n, el CIEE (Centro Integral de Educaci\u00f3n Especial) llev\u00f3 adelante una charla taller en la Casa de la Cultura.<\/p>\n<p>&#8220;Centro Integral&#8221;, ya sugiere una filosof\u00eda de trabajo que va m\u00e1s all\u00e1 de la simple instrucci\u00f3n acad\u00e9mica, apuntando a un desarrollo hol\u00edstico del estudiante que abarca aspectos terap\u00e9uticos, sociales y emocionales. Este enfoque es crucial para familias que buscan una alternativa a los colegios de modalidad com\u00fan, que no siempre cuentan con las herramientas o el personal para atender adecuadamente la diversidad funcional.<\/p>\n<p>La fortaleza del CIEE reside en su enfoque multidisciplinario. La instituci\u00f3n presta servicios educativo-terap\u00e9uticos a beb\u00e9s, ni\u00f1os y adolescentes que presentan diversas condiciones, como alteraciones mentales o motrices, trastornos de conducta, dificultades de aprendizaje o del habla. Para lograrlo, se apoya en un equipo de profesionales especializados en \u00e1reas clave. La intervenci\u00f3n temprana es uno de sus pilares, reconociendo la importancia de actuar desde las primeras etapas del desarrollo para potenciar las capacidades del ni\u00f1o.<\/p>\n<p>El equipo profesional suele estar compuesto por:<\/p>\n<p>Psicopedagogos<\/p>\n<p>Psic\u00f3logos<\/p>\n<p>Terapistas ocupacionales<\/p>\n<p>Fonoaudi\u00f3logos<\/p>\n<p>Kinesi\u00f3logos<\/p>\n<p>Profesores de educaci\u00f3n f\u00edsica y m\u00fasica<\/p>\n<p>Docentes de educaci\u00f3n especial<\/p>\n<p>El objetivo de su misi\u00f3n, es brindar a los alumnos herramientas para &#8220;construir y resolver situaciones cotidianas&#8221;, fomentando su autonom\u00eda e integraci\u00f3n social. Adem\u00e1s, el centro ofrece servicios de integraci\u00f3n escolar, brindando orientaci\u00f3n y apoyo tanto a docentes de escuelas comunes como a los padres, creando un puente esencial entre la educaci\u00f3n especial y el sistema educativo general.<\/p>\n<p>DEL AULA AL PAPEL<\/p>\n<p>La charla destinada especialmente a docentes del nivel primario y padres se bas\u00f3 en los siguientes aspectos: Crear un espacio pensado para fortalecer las pr\u00e1cticas de observaci\u00f3n pedag\u00f3gica y redacci\u00f3n de informes que acompa\u00f1en y favorezcan trayectorias educativas de los estudiantes.<\/p>\n<p>Con un buen nivel de participaci\u00f3n se desarroll\u00f3 la actividad en la tarde del viernes en la Casa de la Cultura.<\/p>\n<p>PR\u00d3XIMAS ACTIVIDADES<\/p>\n<p>En el calendario establecido por el mes de la plena inclusi\u00f3n, las actividades proseguir\u00e1 el s\u00e1bado en el mismo espacio f\u00edsico, la Casa de la Cultura, con el taller musical \u201cTodas las voces en una misma canci\u00f3n\u201d organizado por ADAPED. Se realizar\u00e1 desde las 9 horas.<\/p>\n<p>MATIN\u00c9 EN BOICOT<\/p>\n<p>APIPE, por su parte, como lo hace todos los a\u00f1os, propone para el pr\u00f3ximo jueves 30 de octubre la Matin\u00e9 Bailable en el Boliche Boicot (Ex Moon), situado en calle Corrientes 555 (entre San Mart\u00edn y Alvear), de 9 a 11 horas.<\/p>\n<p>Direcci\u00f3n de Prensa-Municipalidad de Goya<\/p>\n<p>&nbsp;<\/p>\n","protected":false},"excerpt":{"rendered":"<p>En la continuidad del programa desplegado durante el corriente mes por las instituciones educativas y centros terap\u00e9uticos, en el marco del Mes de la Plena Inclusi\u00f3n, el CIEE (Centro Integral de Educaci\u00f3n Especial) llev\u00f3 adelante una charla taller en la Casa de la Cultura. &#8220;Centro Integral&#8221;, ya sugiere una filosof\u00eda de trabajo que va m\u00e1s [&hellip;]<\/p>\n","protected":false},"author":4,"featured_media":198222,"comment_status":"closed","ping_status":"closed","sticky":false,"template":"","format":"standard","meta":{"_joinchat":[],"footnotes":""},"categories":[27],"tags":[],"class_list":{"0":"post-198221","1":"post","2":"type-post","3":"status-publish","4":"format-standard","5":"has-post-thumbnail","7":"category-locales"},"yoast_head":"<!-- This site is optimized with the Yoast SEO plugin v27.2 - https:\/\/yoast.com\/product\/yoast-seo-wordpress\/ -->\n<title>Mes de la Plena Inclusi\u00f3n - Radio Infinita Goya<\/title>\n<meta name=\"description\" content=\"En la continuidad del programa desplegado durante el corriente mes por las instituciones educativas y centros terap\u00e9uticos, en el marco del Mes de la\" \/>\n<meta name=\"robots\" content=\"index, follow, max-snippet:-1, max-image-preview:large, max-video-preview:-1\" \/>\n<link rel=\"canonical\" href=\"https:\/\/radioinfinitagoya.com.ar\/v1\/2025\/10\/25\/mes-de-la-plena-inclusion-8\/\" \/>\n<meta property=\"og:locale\" content=\"es_ES\" \/>\n<meta property=\"og:type\" content=\"article\" \/>\n<meta property=\"og:title\" content=\"Mes de la Plena Inclusi\u00f3n - Radio Infinita Goya\" \/>\n<meta property=\"og:description\" content=\"En la continuidad del programa desplegado durante el corriente mes por las instituciones educativas y centros terap\u00e9uticos, en el marco del Mes de la\" \/>\n<meta property=\"og:url\" content=\"https:\/\/radioinfinitagoya.com.ar\/v1\/2025\/10\/25\/mes-de-la-plena-inclusion-8\/\" \/>\n<meta property=\"og:site_name\" content=\"Radio Infinita Goya\" \/>\n<meta property=\"article:publisher\" content=\"https:\/\/www.facebook.com\/p\/Infinita-Goya-100063870918311\/\" \/>\n<meta property=\"article:published_time\" content=\"2025-10-25T21:34:29+00:00\" \/>\n<meta property=\"og:image\" content=\"https:\/\/radioinfinitagoya.com.ar\/v1\/wp-content\/uploads\/2025\/10\/taller_del_ciee_del_aula_al_papel_mes_de_le_plena_inclusi.jpg\" \/>\n\t<meta property=\"og:image:width\" content=\"848\" \/>\n\t<meta property=\"og:image:height\" content=\"477\" \/>\n\t<meta property=\"og:image:type\" content=\"image\/jpeg\" \/>\n<meta name=\"author\" content=\"Jorge Mi\u00f1o\" \/>\n<meta name=\"twitter:card\" content=\"summary_large_image\" \/>\n<meta name=\"twitter:label1\" content=\"Escrito por\" \/>\n\t<meta name=\"twitter:data1\" content=\"Jorge Mi\u00f1o\" \/>\n\t<meta name=\"twitter:label2\" content=\"Tiempo de lectura\" \/>\n\t<meta name=\"twitter:data2\" content=\"3 minutos\" \/>\n<script type=\"application\/ld+json\" class=\"yoast-schema-graph\">{\"@context\":\"https:\/\/schema.org\",\"@graph\":[{\"@type\":\"Article\",\"@id\":\"https:\/\/radioinfinitagoya.com.ar\/v1\/2025\/10\/25\/mes-de-la-plena-inclusion-8\/#article\",\"isPartOf\":{\"@id\":\"https:\/\/radioinfinitagoya.com.ar\/v1\/2025\/10\/25\/mes-de-la-plena-inclusion-8\/\"},\"author\":{\"name\":\"Jorge Mi\u00f1o\",\"@id\":\"https:\/\/radioinfinitagoya.com.ar\/v1\/#\/schema\/person\/d4cf9c413d4f6edb24aabdccab49ca4a\"},\"headline\":\"Mes de la Plena Inclusi\u00f3n\",\"datePublished\":\"2025-10-25T21:34:29+00:00\",\"mainEntityOfPage\":{\"@id\":\"https:\/\/radioinfinitagoya.com.ar\/v1\/2025\/10\/25\/mes-de-la-plena-inclusion-8\/\"},\"wordCount\":474,\"publisher\":{\"@id\":\"https:\/\/radioinfinitagoya.com.ar\/v1\/#organization\"},\"image\":{\"@id\":\"https:\/\/radioinfinitagoya.com.ar\/v1\/2025\/10\/25\/mes-de-la-plena-inclusion-8\/#primaryimage\"},\"thumbnailUrl\":\"https:\/\/radioinfinitagoya.com.ar\/v1\/wp-content\/uploads\/2025\/10\/taller_del_ciee_del_aula_al_papel_mes_de_le_plena_inclusi.jpg\",\"articleSection\":[\"LOCALES\"],\"inLanguage\":\"es-AR\"},{\"@type\":\"WebPage\",\"@id\":\"https:\/\/radioinfinitagoya.com.ar\/v1\/2025\/10\/25\/mes-de-la-plena-inclusion-8\/\",\"url\":\"https:\/\/radioinfinitagoya.com.ar\/v1\/2025\/10\/25\/mes-de-la-plena-inclusion-8\/\",\"name\":\"Mes de la Plena Inclusi\u00f3n - Radio Infinita Goya\",\"isPartOf\":{\"@id\":\"https:\/\/radioinfinitagoya.com.ar\/v1\/#website\"},\"primaryImageOfPage\":{\"@id\":\"https:\/\/radioinfinitagoya.com.ar\/v1\/2025\/10\/25\/mes-de-la-plena-inclusion-8\/#primaryimage\"},\"image\":{\"@id\":\"https:\/\/radioinfinitagoya.com.ar\/v1\/2025\/10\/25\/mes-de-la-plena-inclusion-8\/#primaryimage\"},\"thumbnailUrl\":\"https:\/\/radioinfinitagoya.com.ar\/v1\/wp-content\/uploads\/2025\/10\/taller_del_ciee_del_aula_al_papel_mes_de_le_plena_inclusi.jpg\",\"datePublished\":\"2025-10-25T21:34:29+00:00\",\"description\":\"En la continuidad del programa desplegado durante el corriente mes por las instituciones educativas y centros terap\u00e9uticos, en el marco del Mes de la\",\"breadcrumb\":{\"@id\":\"https:\/\/radioinfinitagoya.com.ar\/v1\/2025\/10\/25\/mes-de-la-plena-inclusion-8\/#breadcrumb\"},\"inLanguage\":\"es-AR\",\"potentialAction\":[{\"@type\":\"ReadAction\",\"target\":[\"https:\/\/radioinfinitagoya.com.ar\/v1\/2025\/10\/25\/mes-de-la-plena-inclusion-8\/\"]}]},{\"@type\":\"ImageObject\",\"inLanguage\":\"es-AR\",\"@id\":\"https:\/\/radioinfinitagoya.com.ar\/v1\/2025\/10\/25\/mes-de-la-plena-inclusion-8\/#primaryimage\",\"url\":\"https:\/\/radioinfinitagoya.com.ar\/v1\/wp-content\/uploads\/2025\/10\/taller_del_ciee_del_aula_al_papel_mes_de_le_plena_inclusi.jpg\",\"contentUrl\":\"https:\/\/radioinfinitagoya.com.ar\/v1\/wp-content\/uploads\/2025\/10\/taller_del_ciee_del_aula_al_papel_mes_de_le_plena_inclusi.jpg\",\"width\":848,\"height\":477},{\"@type\":\"BreadcrumbList\",\"@id\":\"https:\/\/radioinfinitagoya.com.ar\/v1\/2025\/10\/25\/mes-de-la-plena-inclusion-8\/#breadcrumb\",\"itemListElement\":[{\"@type\":\"ListItem\",\"position\":1,\"name\":\"Inicio\",\"item\":\"https:\/\/radioinfinitagoya.com.ar\/v1\/\"},{\"@type\":\"ListItem\",\"position\":2,\"name\":\"Mes de la Plena Inclusi\u00f3n\"}]},{\"@type\":\"WebSite\",\"@id\":\"https:\/\/radioinfinitagoya.com.ar\/v1\/#website\",\"url\":\"https:\/\/radioinfinitagoya.com.ar\/v1\/\",\"name\":\"radioinfinitagoya.com.ar\",\"description\":\"Radio de noticias\",\"publisher\":{\"@id\":\"https:\/\/radioinfinitagoya.com.ar\/v1\/#organization\"},\"potentialAction\":[{\"@type\":\"SearchAction\",\"target\":{\"@type\":\"EntryPoint\",\"urlTemplate\":\"https:\/\/radioinfinitagoya.com.ar\/v1\/?s={search_term_string}\"},\"query-input\":{\"@type\":\"PropertyValueSpecification\",\"valueRequired\":true,\"valueName\":\"search_term_string\"}}],\"inLanguage\":\"es-AR\"},{\"@type\":\"Organization\",\"@id\":\"https:\/\/radioinfinitagoya.com.ar\/v1\/#organization\",\"name\":\"Radio Infinita Goya\",\"url\":\"https:\/\/radioinfinitagoya.com.ar\/v1\/\",\"logo\":{\"@type\":\"ImageObject\",\"inLanguage\":\"es-AR\",\"@id\":\"https:\/\/radioinfinitagoya.com.ar\/v1\/#\/schema\/logo\/image\/\",\"url\":\"https:\/\/radioinfinitagoya.com.ar\/v1\/wp-content\/uploads\/2019\/11\/logo-pie-web.png\",\"contentUrl\":\"https:\/\/radioinfinitagoya.com.ar\/v1\/wp-content\/uploads\/2019\/11\/logo-pie-web.png\",\"width\":635,\"height\":326,\"caption\":\"Radio Infinita Goya\"},\"image\":{\"@id\":\"https:\/\/radioinfinitagoya.com.ar\/v1\/#\/schema\/logo\/image\/\"},\"sameAs\":[\"https:\/\/www.facebook.com\/p\/Infinita-Goya-100063870918311\/\"]},{\"@type\":\"Person\",\"@id\":\"https:\/\/radioinfinitagoya.com.ar\/v1\/#\/schema\/person\/d4cf9c413d4f6edb24aabdccab49ca4a\",\"name\":\"Jorge Mi\u00f1o\",\"image\":{\"@type\":\"ImageObject\",\"inLanguage\":\"es-AR\",\"@id\":\"https:\/\/secure.gravatar.com\/avatar\/910fcf6728fe95320e07a6643c1581fec1c7fc4bf8ae12e3d8f0d0373dc844be?s=96&d=mm&r=g\",\"url\":\"https:\/\/secure.gravatar.com\/avatar\/910fcf6728fe95320e07a6643c1581fec1c7fc4bf8ae12e3d8f0d0373dc844be?s=96&d=mm&r=g\",\"contentUrl\":\"https:\/\/secure.gravatar.com\/avatar\/910fcf6728fe95320e07a6643c1581fec1c7fc4bf8ae12e3d8f0d0373dc844be?s=96&d=mm&r=g\",\"caption\":\"Jorge Mi\u00f1o\"},\"sameAs\":[\"http:\/\/radioinfinitagoya.com.ar\"]}]}<\/script>\n<!-- \/ Yoast SEO plugin. -->","yoast_head_json":{"title":"Mes de la Plena Inclusi\u00f3n - Radio Infinita Goya","description":"En la continuidad del programa desplegado durante el corriente mes por las instituciones educativas y centros terap\u00e9uticos, en el marco del Mes de la","robots":{"index":"index","follow":"follow","max-snippet":"max-snippet:-1","max-image-preview":"max-image-preview:large","max-video-preview":"max-video-preview:-1"},"canonical":"https:\/\/radioinfinitagoya.com.ar\/v1\/2025\/10\/25\/mes-de-la-plena-inclusion-8\/","og_locale":"es_ES","og_type":"article","og_title":"Mes de la Plena Inclusi\u00f3n - Radio Infinita Goya","og_description":"En la continuidad del programa desplegado durante el corriente mes por las instituciones educativas y centros terap\u00e9uticos, en el marco del Mes de la","og_url":"https:\/\/radioinfinitagoya.com.ar\/v1\/2025\/10\/25\/mes-de-la-plena-inclusion-8\/","og_site_name":"Radio Infinita Goya","article_publisher":"https:\/\/www.facebook.com\/p\/Infinita-Goya-100063870918311\/","article_published_time":"2025-10-25T21:34:29+00:00","og_image":[{"width":848,"height":477,"url":"https:\/\/radioinfinitagoya.com.ar\/v1\/wp-content\/uploads\/2025\/10\/taller_del_ciee_del_aula_al_papel_mes_de_le_plena_inclusi.jpg","type":"image\/jpeg"}],"author":"Jorge Mi\u00f1o","twitter_card":"summary_large_image","twitter_misc":{"Escrito por":"Jorge Mi\u00f1o","Tiempo de lectura":"3 minutos"},"schema":{"@context":"https:\/\/schema.org","@graph":[{"@type":"Article","@id":"https:\/\/radioinfinitagoya.com.ar\/v1\/2025\/10\/25\/mes-de-la-plena-inclusion-8\/#article","isPartOf":{"@id":"https:\/\/radioinfinitagoya.com.ar\/v1\/2025\/10\/25\/mes-de-la-plena-inclusion-8\/"},"author":{"name":"Jorge Mi\u00f1o","@id":"https:\/\/radioinfinitagoya.com.ar\/v1\/#\/schema\/person\/d4cf9c413d4f6edb24aabdccab49ca4a"},"headline":"Mes de la Plena Inclusi\u00f3n","datePublished":"2025-10-25T21:34:29+00:00","mainEntityOfPage":{"@id":"https:\/\/radioinfinitagoya.com.ar\/v1\/2025\/10\/25\/mes-de-la-plena-inclusion-8\/"},"wordCount":474,"publisher":{"@id":"https:\/\/radioinfinitagoya.com.ar\/v1\/#organization"},"image":{"@id":"https:\/\/radioinfinitagoya.com.ar\/v1\/2025\/10\/25\/mes-de-la-plena-inclusion-8\/#primaryimage"},"thumbnailUrl":"https:\/\/radioinfinitagoya.com.ar\/v1\/wp-content\/uploads\/2025\/10\/taller_del_ciee_del_aula_al_papel_mes_de_le_plena_inclusi.jpg","articleSection":["LOCALES"],"inLanguage":"es-AR"},{"@type":"WebPage","@id":"https:\/\/radioinfinitagoya.com.ar\/v1\/2025\/10\/25\/mes-de-la-plena-inclusion-8\/","url":"https:\/\/radioinfinitagoya.com.ar\/v1\/2025\/10\/25\/mes-de-la-plena-inclusion-8\/","name":"Mes de la Plena Inclusi\u00f3n - Radio Infinita Goya","isPartOf":{"@id":"https:\/\/radioinfinitagoya.com.ar\/v1\/#website"},"primaryImageOfPage":{"@id":"https:\/\/radioinfinitagoya.com.ar\/v1\/2025\/10\/25\/mes-de-la-plena-inclusion-8\/#primaryimage"},"image":{"@id":"https:\/\/radioinfinitagoya.com.ar\/v1\/2025\/10\/25\/mes-de-la-plena-inclusion-8\/#primaryimage"},"thumbnailUrl":"https:\/\/radioinfinitagoya.com.ar\/v1\/wp-content\/uploads\/2025\/10\/taller_del_ciee_del_aula_al_papel_mes_de_le_plena_inclusi.jpg","datePublished":"2025-10-25T21:34:29+00:00","description":"En la continuidad del programa desplegado durante el corriente mes por las instituciones educativas y centros terap\u00e9uticos, en el marco del Mes de la","breadcrumb":{"@id":"https:\/\/radioinfinitagoya.com.ar\/v1\/2025\/10\/25\/mes-de-la-plena-inclusion-8\/#breadcrumb"},"inLanguage":"es-AR","potentialAction":[{"@type":"ReadAction","target":["https:\/\/radioinfinitagoya.com.ar\/v1\/2025\/10\/25\/mes-de-la-plena-inclusion-8\/"]}]},{"@type":"ImageObject","inLanguage":"es-AR","@id":"https:\/\/radioinfinitagoya.com.ar\/v1\/2025\/10\/25\/mes-de-la-plena-inclusion-8\/#primaryimage","url":"https:\/\/radioinfinitagoya.com.ar\/v1\/wp-content\/uploads\/2025\/10\/taller_del_ciee_del_aula_al_papel_mes_de_le_plena_inclusi.jpg","contentUrl":"https:\/\/radioinfinitagoya.com.ar\/v1\/wp-content\/uploads\/2025\/10\/taller_del_ciee_del_aula_al_papel_mes_de_le_plena_inclusi.jpg","width":848,"height":477},{"@type":"BreadcrumbList","@id":"https:\/\/radioinfinitagoya.com.ar\/v1\/2025\/10\/25\/mes-de-la-plena-inclusion-8\/#breadcrumb","itemListElement":[{"@type":"ListItem","position":1,"name":"Inicio","item":"https:\/\/radioinfinitagoya.com.ar\/v1\/"},{"@type":"ListItem","position":2,"name":"Mes de la Plena Inclusi\u00f3n"}]},{"@type":"WebSite","@id":"https:\/\/radioinfinitagoya.com.ar\/v1\/#website","url":"https:\/\/radioinfinitagoya.com.ar\/v1\/","name":"radioinfinitagoya.com.ar","description":"Radio de noticias","publisher":{"@id":"https:\/\/radioinfinitagoya.com.ar\/v1\/#organization"},"potentialAction":[{"@type":"SearchAction","target":{"@type":"EntryPoint","urlTemplate":"https:\/\/radioinfinitagoya.com.ar\/v1\/?s={search_term_string}"},"query-input":{"@type":"PropertyValueSpecification","valueRequired":true,"valueName":"search_term_string"}}],"inLanguage":"es-AR"},{"@type":"Organization","@id":"https:\/\/radioinfinitagoya.com.ar\/v1\/#organization","name":"Radio Infinita Goya","url":"https:\/\/radioinfinitagoya.com.ar\/v1\/","logo":{"@type":"ImageObject","inLanguage":"es-AR","@id":"https:\/\/radioinfinitagoya.com.ar\/v1\/#\/schema\/logo\/image\/","url":"https:\/\/radioinfinitagoya.com.ar\/v1\/wp-content\/uploads\/2019\/11\/logo-pie-web.png","contentUrl":"https:\/\/radioinfinitagoya.com.ar\/v1\/wp-content\/uploads\/2019\/11\/logo-pie-web.png","width":635,"height":326,"caption":"Radio Infinita Goya"},"image":{"@id":"https:\/\/radioinfinitagoya.com.ar\/v1\/#\/schema\/logo\/image\/"},"sameAs":["https:\/\/www.facebook.com\/p\/Infinita-Goya-100063870918311\/"]},{"@type":"Person","@id":"https:\/\/radioinfinitagoya.com.ar\/v1\/#\/schema\/person\/d4cf9c413d4f6edb24aabdccab49ca4a","name":"Jorge Mi\u00f1o","image":{"@type":"ImageObject","inLanguage":"es-AR","@id":"https:\/\/secure.gravatar.com\/avatar\/910fcf6728fe95320e07a6643c1581fec1c7fc4bf8ae12e3d8f0d0373dc844be?s=96&d=mm&r=g","url":"https:\/\/secure.gravatar.com\/avatar\/910fcf6728fe95320e07a6643c1581fec1c7fc4bf8ae12e3d8f0d0373dc844be?s=96&d=mm&r=g","contentUrl":"https:\/\/secure.gravatar.com\/avatar\/910fcf6728fe95320e07a6643c1581fec1c7fc4bf8ae12e3d8f0d0373dc844be?s=96&d=mm&r=g","caption":"Jorge Mi\u00f1o"},"sameAs":["http:\/\/radioinfinitagoya.com.ar"]}]}},"_links":{"self":[{"href":"https:\/\/radioinfinitagoya.com.ar\/v1\/wp-json\/wp\/v2\/posts\/198221","targetHints":{"allow":["GET"]}}],"collection":[{"href":"https:\/\/radioinfinitagoya.com.ar\/v1\/wp-json\/wp\/v2\/posts"}],"about":[{"href":"https:\/\/radioinfinitagoya.com.ar\/v1\/wp-json\/wp\/v2\/types\/post"}],"author":[{"embeddable":true,"href":"https:\/\/radioinfinitagoya.com.ar\/v1\/wp-json\/wp\/v2\/users\/4"}],"replies":[{"embeddable":true,"href":"https:\/\/radioinfinitagoya.com.ar\/v1\/wp-json\/wp\/v2\/comments?post=198221"}],"version-history":[{"count":0,"href":"https:\/\/radioinfinitagoya.com.ar\/v1\/wp-json\/wp\/v2\/posts\/198221\/revisions"}],"wp:featuredmedia":[{"embeddable":true,"href":"https:\/\/radioinfinitagoya.com.ar\/v1\/wp-json\/wp\/v2\/media\/198222"}],"wp:attachment":[{"href":"https:\/\/radioinfinitagoya.com.ar\/v1\/wp-json\/wp\/v2\/media?parent=198221"}],"wp:term":[{"taxonomy":"category","embeddable":true,"href":"https:\/\/radioinfinitagoya.com.ar\/v1\/wp-json\/wp\/v2\/categories?post=198221"},{"taxonomy":"post_tag","embeddable":true,"href":"https:\/\/radioinfinitagoya.com.ar\/v1\/wp-json\/wp\/v2\/tags?post=198221"}],"curies":[{"name":"wp","href":"https:\/\/api.w.org\/{rel}","templated":true}]}}