{"id":198233,"date":"2025-10-26T16:58:38","date_gmt":"2025-10-26T19:58:38","guid":{"rendered":"https:\/\/radioinfinitagoya.com.ar\/v1\/?p=198233"},"modified":"2025-10-26T16:58:38","modified_gmt":"2025-10-26T19:58:38","slug":"corrientes-corte-total-en-la-ruta-12-por-un-hundimiento-en-la-zona-de-ita-ibate","status":"publish","type":"post","link":"https:\/\/radioinfinitagoya.com.ar\/v1\/2025\/10\/26\/corrientes-corte-total-en-la-ruta-12-por-un-hundimiento-en-la-zona-de-ita-ibate\/","title":{"rendered":"Corrientes: corte total en la Ruta 12 por un hundimiento en la zona de It\u00e1 Ibat\u00e9"},"content":{"rendered":"<p>Se habilitaron desv\u00edos por la Ruta 118 y piden m\u00e1xima precauci\u00f3n a los conductores.<\/p>\n<p>Vialidad Nacional inform\u00f3 que debido a las fuertes precipitaciones registradas en la regi\u00f3n en las \u00faltimas horas se produjo un socav\u00f3n en la alcantarilla ubicada en el kil\u00f3metro 1187 de la Ruta Nacional 12, en las cercan\u00edas de la ciudad de It\u00e1 Ibat\u00e9.<\/p>\n<p>Seg\u00fan informaron desde el organismo, el da\u00f1o en una alcantarilla gener\u00f3 riesgo de derrumbe, por lo que se decidi\u00f3 interrumpir completamente la circulaci\u00f3n vehicular mientras se realizan las evaluaciones t\u00e9cnicas y las reparaciones correspondientes.<\/p>\n<p>Como alternativa, quienes se dirijan hacia Ituzaing\u00f3 o Misiones deben tomar la Ruta Nacional 118 a la altura de Saladas, para luego empalmar nuevamente con la Ruta 12 en el kil\u00f3metro 1206,68, pasando It\u00e1 Ibat\u00e9.<\/p>\n<p>En sentido contrario, los automovilistas que viajen desde Posadas hacia Corrientes capital o el sur provincial tambi\u00e9n deber\u00e1n desviarse por la Ruta 118 hasta Saladas, donde podr\u00e1n retomar la circulaci\u00f3n normal.<\/p>\n<p>Desde Vialidad Nacional solicitaron a los usuarios extremar las medidas de precauci\u00f3n, respetar las se\u00f1ales de tr\u00e1nsito y las indicaciones del personal de seguridad, adem\u00e1s de reducir la velocidad ante la posible presencia de animales o acumulaci\u00f3n de agua sobre la calzada.<\/p>\n<p>Las tareas de reparaci\u00f3n se iniciar\u00e1n una vez que mejoren las condiciones clim\u00e1ticas en la zona, ya que las lluvias contin\u00faan afectando distintos tramos de rutas nacionales y provinciales del norte correntino.<\/p>\n","protected":false},"excerpt":{"rendered":"<p>Se habilitaron desv\u00edos por la Ruta 118 y piden m\u00e1xima precauci\u00f3n a los conductores. Vialidad Nacional inform\u00f3 que debido a las fuertes precipitaciones registradas en la regi\u00f3n en las \u00faltimas horas se produjo un socav\u00f3n en la alcantarilla ubicada en el kil\u00f3metro 1187 de la Ruta Nacional 12, en las cercan\u00edas de la ciudad de [&hellip;]<\/p>\n","protected":false},"author":4,"featured_media":198234,"comment_status":"closed","ping_status":"closed","sticky":false,"template":"","format":"standard","meta":{"_joinchat":[],"footnotes":""},"categories":[26],"tags":[],"class_list":{"0":"post-198233","1":"post","2":"type-post","3":"status-publish","4":"format-standard","5":"has-post-thumbnail","7":"category-provinciales"},"yoast_head":"<!-- This site is optimized with the Yoast SEO plugin v27.2 - https:\/\/yoast.com\/product\/yoast-seo-wordpress\/ -->\n<title>Corrientes: corte total en la Ruta 12 por un hundimiento en la zona de It\u00e1 Ibat\u00e9 - Radio Infinita Goya<\/title>\n<meta name=\"description\" content=\"Se habilitaron desv\u00edos por la Ruta 118 y piden m\u00e1xima precauci\u00f3n a los conductores. Vialidad Nacional inform\u00f3 que debido a las fuertes precipitaciones\" \/>\n<meta name=\"robots\" content=\"index, follow, max-snippet:-1, max-image-preview:large, max-video-preview:-1\" \/>\n<link rel=\"canonical\" href=\"https:\/\/radioinfinitagoya.com.ar\/v1\/2025\/10\/26\/corrientes-corte-total-en-la-ruta-12-por-un-hundimiento-en-la-zona-de-ita-ibate\/\" \/>\n<meta property=\"og:locale\" content=\"es_ES\" \/>\n<meta property=\"og:type\" content=\"article\" \/>\n<meta property=\"og:title\" content=\"Corrientes: corte total en la Ruta 12 por un hundimiento en la zona de It\u00e1 Ibat\u00e9 - Radio Infinita Goya\" \/>\n<meta property=\"og:description\" content=\"Se habilitaron desv\u00edos por la Ruta 118 y piden m\u00e1xima precauci\u00f3n a los conductores. Vialidad Nacional inform\u00f3 que debido a las fuertes precipitaciones\" \/>\n<meta property=\"og:url\" content=\"https:\/\/radioinfinitagoya.com.ar\/v1\/2025\/10\/26\/corrientes-corte-total-en-la-ruta-12-por-un-hundimiento-en-la-zona-de-ita-ibate\/\" \/>\n<meta property=\"og:site_name\" content=\"Radio Infinita Goya\" \/>\n<meta property=\"article:publisher\" content=\"https:\/\/www.facebook.com\/p\/Infinita-Goya-100063870918311\/\" \/>\n<meta property=\"article:published_time\" content=\"2025-10-26T19:58:38+00:00\" \/>\n<meta property=\"og:image\" content=\"https:\/\/radioinfinitagoya.com.ar\/v1\/wp-content\/uploads\/2025\/10\/1761507677180.webp\" \/>\n\t<meta property=\"og:image:width\" content=\"1200\" \/>\n\t<meta property=\"og:image:height\" content=\"675\" \/>\n\t<meta property=\"og:image:type\" content=\"image\/webp\" \/>\n<meta name=\"author\" content=\"Jorge Mi\u00f1o\" \/>\n<meta name=\"twitter:card\" content=\"summary_large_image\" \/>\n<meta name=\"twitter:label1\" content=\"Escrito por\" \/>\n\t<meta name=\"twitter:data1\" content=\"Jorge Mi\u00f1o\" \/>\n\t<meta name=\"twitter:label2\" content=\"Tiempo de lectura\" \/>\n\t<meta name=\"twitter:data2\" content=\"2 minutos\" \/>\n<script type=\"application\/ld+json\" class=\"yoast-schema-graph\">{\"@context\":\"https:\/\/schema.org\",\"@graph\":[{\"@type\":\"Article\",\"@id\":\"https:\/\/radioinfinitagoya.com.ar\/v1\/2025\/10\/26\/corrientes-corte-total-en-la-ruta-12-por-un-hundimiento-en-la-zona-de-ita-ibate\/#article\",\"isPartOf\":{\"@id\":\"https:\/\/radioinfinitagoya.com.ar\/v1\/2025\/10\/26\/corrientes-corte-total-en-la-ruta-12-por-un-hundimiento-en-la-zona-de-ita-ibate\/\"},\"author\":{\"name\":\"Jorge Mi\u00f1o\",\"@id\":\"https:\/\/radioinfinitagoya.com.ar\/v1\/#\/schema\/person\/d4cf9c413d4f6edb24aabdccab49ca4a\"},\"headline\":\"Corrientes: corte total en la Ruta 12 por un hundimiento en la zona de It\u00e1 Ibat\u00e9\",\"datePublished\":\"2025-10-26T19:58:38+00:00\",\"mainEntityOfPage\":{\"@id\":\"https:\/\/radioinfinitagoya.com.ar\/v1\/2025\/10\/26\/corrientes-corte-total-en-la-ruta-12-por-un-hundimiento-en-la-zona-de-ita-ibate\/\"},\"wordCount\":264,\"publisher\":{\"@id\":\"https:\/\/radioinfinitagoya.com.ar\/v1\/#organization\"},\"image\":{\"@id\":\"https:\/\/radioinfinitagoya.com.ar\/v1\/2025\/10\/26\/corrientes-corte-total-en-la-ruta-12-por-un-hundimiento-en-la-zona-de-ita-ibate\/#primaryimage\"},\"thumbnailUrl\":\"https:\/\/radioinfinitagoya.com.ar\/v1\/wp-content\/uploads\/2025\/10\/1761507677180.webp\",\"articleSection\":[\"PROVINCIALES\"],\"inLanguage\":\"es-AR\"},{\"@type\":\"WebPage\",\"@id\":\"https:\/\/radioinfinitagoya.com.ar\/v1\/2025\/10\/26\/corrientes-corte-total-en-la-ruta-12-por-un-hundimiento-en-la-zona-de-ita-ibate\/\",\"url\":\"https:\/\/radioinfinitagoya.com.ar\/v1\/2025\/10\/26\/corrientes-corte-total-en-la-ruta-12-por-un-hundimiento-en-la-zona-de-ita-ibate\/\",\"name\":\"Corrientes: corte total en la Ruta 12 por un hundimiento en la zona de It\u00e1 Ibat\u00e9 - Radio Infinita Goya\",\"isPartOf\":{\"@id\":\"https:\/\/radioinfinitagoya.com.ar\/v1\/#website\"},\"primaryImageOfPage\":{\"@id\":\"https:\/\/radioinfinitagoya.com.ar\/v1\/2025\/10\/26\/corrientes-corte-total-en-la-ruta-12-por-un-hundimiento-en-la-zona-de-ita-ibate\/#primaryimage\"},\"image\":{\"@id\":\"https:\/\/radioinfinitagoya.com.ar\/v1\/2025\/10\/26\/corrientes-corte-total-en-la-ruta-12-por-un-hundimiento-en-la-zona-de-ita-ibate\/#primaryimage\"},\"thumbnailUrl\":\"https:\/\/radioinfinitagoya.com.ar\/v1\/wp-content\/uploads\/2025\/10\/1761507677180.webp\",\"datePublished\":\"2025-10-26T19:58:38+00:00\",\"description\":\"Se habilitaron desv\u00edos por la Ruta 118 y piden m\u00e1xima precauci\u00f3n a los conductores. Vialidad Nacional inform\u00f3 que debido a las fuertes precipitaciones\",\"breadcrumb\":{\"@id\":\"https:\/\/radioinfinitagoya.com.ar\/v1\/2025\/10\/26\/corrientes-corte-total-en-la-ruta-12-por-un-hundimiento-en-la-zona-de-ita-ibate\/#breadcrumb\"},\"inLanguage\":\"es-AR\",\"potentialAction\":[{\"@type\":\"ReadAction\",\"target\":[\"https:\/\/radioinfinitagoya.com.ar\/v1\/2025\/10\/26\/corrientes-corte-total-en-la-ruta-12-por-un-hundimiento-en-la-zona-de-ita-ibate\/\"]}]},{\"@type\":\"ImageObject\",\"inLanguage\":\"es-AR\",\"@id\":\"https:\/\/radioinfinitagoya.com.ar\/v1\/2025\/10\/26\/corrientes-corte-total-en-la-ruta-12-por-un-hundimiento-en-la-zona-de-ita-ibate\/#primaryimage\",\"url\":\"https:\/\/radioinfinitagoya.com.ar\/v1\/wp-content\/uploads\/2025\/10\/1761507677180.webp\",\"contentUrl\":\"https:\/\/radioinfinitagoya.com.ar\/v1\/wp-content\/uploads\/2025\/10\/1761507677180.webp\",\"width\":1200,\"height\":675},{\"@type\":\"BreadcrumbList\",\"@id\":\"https:\/\/radioinfinitagoya.com.ar\/v1\/2025\/10\/26\/corrientes-corte-total-en-la-ruta-12-por-un-hundimiento-en-la-zona-de-ita-ibate\/#breadcrumb\",\"itemListElement\":[{\"@type\":\"ListItem\",\"position\":1,\"name\":\"Inicio\",\"item\":\"https:\/\/radioinfinitagoya.com.ar\/v1\/\"},{\"@type\":\"ListItem\",\"position\":2,\"name\":\"Corrientes: corte total en la Ruta 12 por un hundimiento en la zona de It\u00e1 Ibat\u00e9\"}]},{\"@type\":\"WebSite\",\"@id\":\"https:\/\/radioinfinitagoya.com.ar\/v1\/#website\",\"url\":\"https:\/\/radioinfinitagoya.com.ar\/v1\/\",\"name\":\"radioinfinitagoya.com.ar\",\"description\":\"Radio de noticias\",\"publisher\":{\"@id\":\"https:\/\/radioinfinitagoya.com.ar\/v1\/#organization\"},\"potentialAction\":[{\"@type\":\"SearchAction\",\"target\":{\"@type\":\"EntryPoint\",\"urlTemplate\":\"https:\/\/radioinfinitagoya.com.ar\/v1\/?s={search_term_string}\"},\"query-input\":{\"@type\":\"PropertyValueSpecification\",\"valueRequired\":true,\"valueName\":\"search_term_string\"}}],\"inLanguage\":\"es-AR\"},{\"@type\":\"Organization\",\"@id\":\"https:\/\/radioinfinitagoya.com.ar\/v1\/#organization\",\"name\":\"Radio Infinita Goya\",\"url\":\"https:\/\/radioinfinitagoya.com.ar\/v1\/\",\"logo\":{\"@type\":\"ImageObject\",\"inLanguage\":\"es-AR\",\"@id\":\"https:\/\/radioinfinitagoya.com.ar\/v1\/#\/schema\/logo\/image\/\",\"url\":\"https:\/\/radioinfinitagoya.com.ar\/v1\/wp-content\/uploads\/2019\/11\/logo-pie-web.png\",\"contentUrl\":\"https:\/\/radioinfinitagoya.com.ar\/v1\/wp-content\/uploads\/2019\/11\/logo-pie-web.png\",\"width\":635,\"height\":326,\"caption\":\"Radio Infinita Goya\"},\"image\":{\"@id\":\"https:\/\/radioinfinitagoya.com.ar\/v1\/#\/schema\/logo\/image\/\"},\"sameAs\":[\"https:\/\/www.facebook.com\/p\/Infinita-Goya-100063870918311\/\"]},{\"@type\":\"Person\",\"@id\":\"https:\/\/radioinfinitagoya.com.ar\/v1\/#\/schema\/person\/d4cf9c413d4f6edb24aabdccab49ca4a\",\"name\":\"Jorge Mi\u00f1o\",\"image\":{\"@type\":\"ImageObject\",\"inLanguage\":\"es-AR\",\"@id\":\"https:\/\/secure.gravatar.com\/avatar\/910fcf6728fe95320e07a6643c1581fec1c7fc4bf8ae12e3d8f0d0373dc844be?s=96&d=mm&r=g\",\"url\":\"https:\/\/secure.gravatar.com\/avatar\/910fcf6728fe95320e07a6643c1581fec1c7fc4bf8ae12e3d8f0d0373dc844be?s=96&d=mm&r=g\",\"contentUrl\":\"https:\/\/secure.gravatar.com\/avatar\/910fcf6728fe95320e07a6643c1581fec1c7fc4bf8ae12e3d8f0d0373dc844be?s=96&d=mm&r=g\",\"caption\":\"Jorge Mi\u00f1o\"},\"sameAs\":[\"http:\/\/radioinfinitagoya.com.ar\"]}]}<\/script>\n<!-- \/ Yoast SEO plugin. -->","yoast_head_json":{"title":"Corrientes: corte total en la Ruta 12 por un hundimiento en la zona de It\u00e1 Ibat\u00e9 - Radio Infinita Goya","description":"Se habilitaron desv\u00edos por la Ruta 118 y piden m\u00e1xima precauci\u00f3n a los conductores. Vialidad Nacional inform\u00f3 que debido a las fuertes precipitaciones","robots":{"index":"index","follow":"follow","max-snippet":"max-snippet:-1","max-image-preview":"max-image-preview:large","max-video-preview":"max-video-preview:-1"},"canonical":"https:\/\/radioinfinitagoya.com.ar\/v1\/2025\/10\/26\/corrientes-corte-total-en-la-ruta-12-por-un-hundimiento-en-la-zona-de-ita-ibate\/","og_locale":"es_ES","og_type":"article","og_title":"Corrientes: corte total en la Ruta 12 por un hundimiento en la zona de It\u00e1 Ibat\u00e9 - Radio Infinita Goya","og_description":"Se habilitaron desv\u00edos por la Ruta 118 y piden m\u00e1xima precauci\u00f3n a los conductores. Vialidad Nacional inform\u00f3 que debido a las fuertes precipitaciones","og_url":"https:\/\/radioinfinitagoya.com.ar\/v1\/2025\/10\/26\/corrientes-corte-total-en-la-ruta-12-por-un-hundimiento-en-la-zona-de-ita-ibate\/","og_site_name":"Radio Infinita Goya","article_publisher":"https:\/\/www.facebook.com\/p\/Infinita-Goya-100063870918311\/","article_published_time":"2025-10-26T19:58:38+00:00","og_image":[{"width":1200,"height":675,"url":"https:\/\/radioinfinitagoya.com.ar\/v1\/wp-content\/uploads\/2025\/10\/1761507677180.webp","type":"image\/webp"}],"author":"Jorge Mi\u00f1o","twitter_card":"summary_large_image","twitter_misc":{"Escrito por":"Jorge Mi\u00f1o","Tiempo de lectura":"2 minutos"},"schema":{"@context":"https:\/\/schema.org","@graph":[{"@type":"Article","@id":"https:\/\/radioinfinitagoya.com.ar\/v1\/2025\/10\/26\/corrientes-corte-total-en-la-ruta-12-por-un-hundimiento-en-la-zona-de-ita-ibate\/#article","isPartOf":{"@id":"https:\/\/radioinfinitagoya.com.ar\/v1\/2025\/10\/26\/corrientes-corte-total-en-la-ruta-12-por-un-hundimiento-en-la-zona-de-ita-ibate\/"},"author":{"name":"Jorge Mi\u00f1o","@id":"https:\/\/radioinfinitagoya.com.ar\/v1\/#\/schema\/person\/d4cf9c413d4f6edb24aabdccab49ca4a"},"headline":"Corrientes: corte total en la Ruta 12 por un hundimiento en la zona de It\u00e1 Ibat\u00e9","datePublished":"2025-10-26T19:58:38+00:00","mainEntityOfPage":{"@id":"https:\/\/radioinfinitagoya.com.ar\/v1\/2025\/10\/26\/corrientes-corte-total-en-la-ruta-12-por-un-hundimiento-en-la-zona-de-ita-ibate\/"},"wordCount":264,"publisher":{"@id":"https:\/\/radioinfinitagoya.com.ar\/v1\/#organization"},"image":{"@id":"https:\/\/radioinfinitagoya.com.ar\/v1\/2025\/10\/26\/corrientes-corte-total-en-la-ruta-12-por-un-hundimiento-en-la-zona-de-ita-ibate\/#primaryimage"},"thumbnailUrl":"https:\/\/radioinfinitagoya.com.ar\/v1\/wp-content\/uploads\/2025\/10\/1761507677180.webp","articleSection":["PROVINCIALES"],"inLanguage":"es-AR"},{"@type":"WebPage","@id":"https:\/\/radioinfinitagoya.com.ar\/v1\/2025\/10\/26\/corrientes-corte-total-en-la-ruta-12-por-un-hundimiento-en-la-zona-de-ita-ibate\/","url":"https:\/\/radioinfinitagoya.com.ar\/v1\/2025\/10\/26\/corrientes-corte-total-en-la-ruta-12-por-un-hundimiento-en-la-zona-de-ita-ibate\/","name":"Corrientes: corte total en la Ruta 12 por un hundimiento en la zona de It\u00e1 Ibat\u00e9 - Radio Infinita Goya","isPartOf":{"@id":"https:\/\/radioinfinitagoya.com.ar\/v1\/#website"},"primaryImageOfPage":{"@id":"https:\/\/radioinfinitagoya.com.ar\/v1\/2025\/10\/26\/corrientes-corte-total-en-la-ruta-12-por-un-hundimiento-en-la-zona-de-ita-ibate\/#primaryimage"},"image":{"@id":"https:\/\/radioinfinitagoya.com.ar\/v1\/2025\/10\/26\/corrientes-corte-total-en-la-ruta-12-por-un-hundimiento-en-la-zona-de-ita-ibate\/#primaryimage"},"thumbnailUrl":"https:\/\/radioinfinitagoya.com.ar\/v1\/wp-content\/uploads\/2025\/10\/1761507677180.webp","datePublished":"2025-10-26T19:58:38+00:00","description":"Se habilitaron desv\u00edos por la Ruta 118 y piden m\u00e1xima precauci\u00f3n a los conductores. Vialidad Nacional inform\u00f3 que debido a las fuertes precipitaciones","breadcrumb":{"@id":"https:\/\/radioinfinitagoya.com.ar\/v1\/2025\/10\/26\/corrientes-corte-total-en-la-ruta-12-por-un-hundimiento-en-la-zona-de-ita-ibate\/#breadcrumb"},"inLanguage":"es-AR","potentialAction":[{"@type":"ReadAction","target":["https:\/\/radioinfinitagoya.com.ar\/v1\/2025\/10\/26\/corrientes-corte-total-en-la-ruta-12-por-un-hundimiento-en-la-zona-de-ita-ibate\/"]}]},{"@type":"ImageObject","inLanguage":"es-AR","@id":"https:\/\/radioinfinitagoya.com.ar\/v1\/2025\/10\/26\/corrientes-corte-total-en-la-ruta-12-por-un-hundimiento-en-la-zona-de-ita-ibate\/#primaryimage","url":"https:\/\/radioinfinitagoya.com.ar\/v1\/wp-content\/uploads\/2025\/10\/1761507677180.webp","contentUrl":"https:\/\/radioinfinitagoya.com.ar\/v1\/wp-content\/uploads\/2025\/10\/1761507677180.webp","width":1200,"height":675},{"@type":"BreadcrumbList","@id":"https:\/\/radioinfinitagoya.com.ar\/v1\/2025\/10\/26\/corrientes-corte-total-en-la-ruta-12-por-un-hundimiento-en-la-zona-de-ita-ibate\/#breadcrumb","itemListElement":[{"@type":"ListItem","position":1,"name":"Inicio","item":"https:\/\/radioinfinitagoya.com.ar\/v1\/"},{"@type":"ListItem","position":2,"name":"Corrientes: corte total en la Ruta 12 por un hundimiento en la zona de It\u00e1 Ibat\u00e9"}]},{"@type":"WebSite","@id":"https:\/\/radioinfinitagoya.com.ar\/v1\/#website","url":"https:\/\/radioinfinitagoya.com.ar\/v1\/","name":"radioinfinitagoya.com.ar","description":"Radio de noticias","publisher":{"@id":"https:\/\/radioinfinitagoya.com.ar\/v1\/#organization"},"potentialAction":[{"@type":"SearchAction","target":{"@type":"EntryPoint","urlTemplate":"https:\/\/radioinfinitagoya.com.ar\/v1\/?s={search_term_string}"},"query-input":{"@type":"PropertyValueSpecification","valueRequired":true,"valueName":"search_term_string"}}],"inLanguage":"es-AR"},{"@type":"Organization","@id":"https:\/\/radioinfinitagoya.com.ar\/v1\/#organization","name":"Radio Infinita Goya","url":"https:\/\/radioinfinitagoya.com.ar\/v1\/","logo":{"@type":"ImageObject","inLanguage":"es-AR","@id":"https:\/\/radioinfinitagoya.com.ar\/v1\/#\/schema\/logo\/image\/","url":"https:\/\/radioinfinitagoya.com.ar\/v1\/wp-content\/uploads\/2019\/11\/logo-pie-web.png","contentUrl":"https:\/\/radioinfinitagoya.com.ar\/v1\/wp-content\/uploads\/2019\/11\/logo-pie-web.png","width":635,"height":326,"caption":"Radio Infinita Goya"},"image":{"@id":"https:\/\/radioinfinitagoya.com.ar\/v1\/#\/schema\/logo\/image\/"},"sameAs":["https:\/\/www.facebook.com\/p\/Infinita-Goya-100063870918311\/"]},{"@type":"Person","@id":"https:\/\/radioinfinitagoya.com.ar\/v1\/#\/schema\/person\/d4cf9c413d4f6edb24aabdccab49ca4a","name":"Jorge Mi\u00f1o","image":{"@type":"ImageObject","inLanguage":"es-AR","@id":"https:\/\/secure.gravatar.com\/avatar\/910fcf6728fe95320e07a6643c1581fec1c7fc4bf8ae12e3d8f0d0373dc844be?s=96&d=mm&r=g","url":"https:\/\/secure.gravatar.com\/avatar\/910fcf6728fe95320e07a6643c1581fec1c7fc4bf8ae12e3d8f0d0373dc844be?s=96&d=mm&r=g","contentUrl":"https:\/\/secure.gravatar.com\/avatar\/910fcf6728fe95320e07a6643c1581fec1c7fc4bf8ae12e3d8f0d0373dc844be?s=96&d=mm&r=g","caption":"Jorge Mi\u00f1o"},"sameAs":["http:\/\/radioinfinitagoya.com.ar"]}]}},"_links":{"self":[{"href":"https:\/\/radioinfinitagoya.com.ar\/v1\/wp-json\/wp\/v2\/posts\/198233","targetHints":{"allow":["GET"]}}],"collection":[{"href":"https:\/\/radioinfinitagoya.com.ar\/v1\/wp-json\/wp\/v2\/posts"}],"about":[{"href":"https:\/\/radioinfinitagoya.com.ar\/v1\/wp-json\/wp\/v2\/types\/post"}],"author":[{"embeddable":true,"href":"https:\/\/radioinfinitagoya.com.ar\/v1\/wp-json\/wp\/v2\/users\/4"}],"replies":[{"embeddable":true,"href":"https:\/\/radioinfinitagoya.com.ar\/v1\/wp-json\/wp\/v2\/comments?post=198233"}],"version-history":[{"count":0,"href":"https:\/\/radioinfinitagoya.com.ar\/v1\/wp-json\/wp\/v2\/posts\/198233\/revisions"}],"wp:featuredmedia":[{"embeddable":true,"href":"https:\/\/radioinfinitagoya.com.ar\/v1\/wp-json\/wp\/v2\/media\/198234"}],"wp:attachment":[{"href":"https:\/\/radioinfinitagoya.com.ar\/v1\/wp-json\/wp\/v2\/media?parent=198233"}],"wp:term":[{"taxonomy":"category","embeddable":true,"href":"https:\/\/radioinfinitagoya.com.ar\/v1\/wp-json\/wp\/v2\/categories?post=198233"},{"taxonomy":"post_tag","embeddable":true,"href":"https:\/\/radioinfinitagoya.com.ar\/v1\/wp-json\/wp\/v2\/tags?post=198233"}],"curies":[{"name":"wp","href":"https:\/\/api.w.org\/{rel}","templated":true}]}}