{"id":198239,"date":"2025-10-26T17:07:47","date_gmt":"2025-10-26T20:07:47","guid":{"rendered":"https:\/\/radioinfinitagoya.com.ar\/v1\/?p=198239"},"modified":"2025-10-26T17:07:47","modified_gmt":"2025-10-26T20:07:47","slug":"quienes-eran-las-nueve-victimas-fatales-del-micro-que-choco-y-cayo-a-un-arroyo","status":"publish","type":"post","link":"https:\/\/radioinfinitagoya.com.ar\/v1\/2025\/10\/26\/quienes-eran-las-nueve-victimas-fatales-del-micro-que-choco-y-cayo-a-un-arroyo\/","title":{"rendered":"Qui\u00e9nes eran las nueve v\u00edctimas fatales del micro que choc\u00f3 y cay\u00f3 a un arroyo"},"content":{"rendered":"<p>Entre los muertos hay cuatro alumnos de la Facultad de Arte y Dise\u00f1o de la Universidad Nacional de Misiones (UNaM), que emiti\u00f3 un comunicado y suspendi\u00f3 las actividades.<\/p>\n<p>De los nueve muertos confirmados hasta el momento en el tr\u00e1gico accidente entre un micro y un auto, al menos cuatro eran estudiantes de la Facultad de Arte y Dise\u00f1o de la Universidad Nacional de Misiones (UNaM).<\/p>\n<p>En la madrugada del domingo, un micro de pasajeros choc\u00f3 con un auto particular en el kil\u00f3metro 892 de la Ruta Nacional 14, en la zona de El Yaz\u00e1, un tramo comprendido entre las localidades de Ober\u00e1 y Campo Viera.Entre las v\u00edctimas fatales hay seis hombres y tres mujeres. Todos fueron trasladados al Hospital SAMIC de Ober\u00e1 para los tr\u00e1mites m\u00e9dicos y legales previos a la entrega de los cuerpos a sus familiares.<\/p>\n<p>Seg\u00fan el medio El Territorio, se trata de Gabriela Paola Garc\u00eda (26), de Ober\u00e1; Magal\u00ed Lil\u00e9n Bel\u00e9n Amarilla (22), de Campo Ram\u00f3n; Katia Bupvilofsky (24), de Ober\u00e1; Rafael Jordan Gonzalo Ortiz (34) -conductor del Focus-, de Ober\u00e1; \u00c1ngelo Tadeo Alpuy (19), de Eldorado, Elian Natanael Alvez (25), de El Alc\u00e1zar; Jon\u00e1s Luis D\u00e1valos (20), de Eldorado; Enzo Le\u00f3n (19), de Eldorado y Brian Hobos (19), de Wanda.<\/p>\n<p>Hubo adem\u00e1s 29 heridos, de edades entre los 5 y 67 a\u00f1os, que fueron trasladados a los hospitales de Ober\u00e1 y de Campo Viera, y cuatro de ellos fueron derivados al Hospital Madariaga de Posadas. Hay 21 personas internadas con lesiones de diferente gravedad.<\/p>\n<p>La noticia sacudi\u00f3 a toda la provincia y, especialmente, a los compa\u00f1eros y docentes de la universidad, que r\u00e1pidamente se volcaron a las redes sociales para expresar su dolor y acompa\u00f1ar a las familias de las v\u00edctimas.<\/p>\n<p>El mensaje del Centro de Estudiantes: \u201cConstruir memoria con amor y compromiso\u201d<\/p>\n<p>Tras conocerse que varias de las v\u00edctimas eran alumnos de la universidad, el Centro de Estudiantes de la UNaM en Ober\u00e1 emiti\u00f3 un comunicado en el que llam\u00f3 a la comunidad a \u201cconstruir la memoria de los fallecidos con amor, compromiso y solidaridad\u201d.<\/p>\n<p>\u201cHoy nos toca despedir a compa\u00f1eros y compa\u00f1eras que formaban parte de nuestra casa de estudios. El dolor es inmenso, pero creemos que la mejor manera de honrar su paso por la universidad es recordarlos con el coraz\u00f3n y seguir luchando por una comunidad m\u00e1s unida y solidaria\u201d, expresaron desde la agrupaci\u00f3n estudiantil.<\/p>\n<p>El mensaje fue acompa\u00f1ado por muestras de apoyo y condolencias de distintas organizaciones, que se sumaron al pedido de acompa\u00f1ar a las familias en este momento tan dif\u00edcil.<\/p>\n<p>Las autoridades universitarias decretaron duelo y suspendieron provisoriamente las actividades en se\u00f1al de respeto y acompa\u00f1amiento a los allegados de las v\u00edctimas.<\/p>\n<p>Las causas de la tragedia<\/p>\n<p>Mientras tanto, los investigadores trabajan para esclarecer las causas del accidente. Por ahora se logr\u00f3 establecer que un micro de la empresa Sol del Norte impact\u00f3 con un auto Ford Focus que circulaba en sentido contrario, rompi\u00f3 el guardarra\u00edl y termin\u00f3 cayendo al arroyo Yaz\u00e1.<\/p>\n<p>De acuerdo al relato de varios testigos, en el momento del siniestro hab\u00eda una espesa niebla que reduc\u00eda considerablemente la visibilidad sobre la ruta.<\/p>\n","protected":false},"excerpt":{"rendered":"<p>Entre los muertos hay cuatro alumnos de la Facultad de Arte y Dise\u00f1o de la Universidad Nacional de Misiones (UNaM), que emiti\u00f3 un comunicado y suspendi\u00f3 las actividades. De los nueve muertos confirmados hasta el momento en el tr\u00e1gico accidente entre un micro y un auto, al menos cuatro eran estudiantes de la Facultad de [&hellip;]<\/p>\n","protected":false},"author":4,"featured_media":198240,"comment_status":"closed","ping_status":"closed","sticky":false,"template":"","format":"standard","meta":{"_joinchat":[],"footnotes":""},"categories":[29],"tags":[],"class_list":{"0":"post-198239","1":"post","2":"type-post","3":"status-publish","4":"format-standard","5":"has-post-thumbnail","7":"category-nacionales"},"yoast_head":"<!-- This site is optimized with the Yoast SEO plugin v27.2 - https:\/\/yoast.com\/product\/yoast-seo-wordpress\/ -->\n<title>Qui\u00e9nes eran las nueve v\u00edctimas fatales del micro que choc\u00f3 y cay\u00f3 a un arroyo - Radio Infinita Goya<\/title>\n<meta name=\"description\" content=\"Entre los muertos hay cuatro alumnos de la Facultad de Arte y Dise\u00f1o de la Universidad Nacional de Misiones (UNaM), que emiti\u00f3 un comunicado y suspendi\u00f3\" \/>\n<meta name=\"robots\" content=\"index, follow, max-snippet:-1, max-image-preview:large, max-video-preview:-1\" \/>\n<link rel=\"canonical\" href=\"https:\/\/radioinfinitagoya.com.ar\/v1\/2025\/10\/26\/quienes-eran-las-nueve-victimas-fatales-del-micro-que-choco-y-cayo-a-un-arroyo\/\" \/>\n<meta property=\"og:locale\" content=\"es_ES\" \/>\n<meta property=\"og:type\" content=\"article\" \/>\n<meta property=\"og:title\" content=\"Qui\u00e9nes eran las nueve v\u00edctimas fatales del micro que choc\u00f3 y cay\u00f3 a un arroyo - Radio Infinita Goya\" \/>\n<meta property=\"og:description\" content=\"Entre los muertos hay cuatro alumnos de la Facultad de Arte y Dise\u00f1o de la Universidad Nacional de Misiones (UNaM), que emiti\u00f3 un comunicado y suspendi\u00f3\" \/>\n<meta property=\"og:url\" content=\"https:\/\/radioinfinitagoya.com.ar\/v1\/2025\/10\/26\/quienes-eran-las-nueve-victimas-fatales-del-micro-que-choco-y-cayo-a-un-arroyo\/\" \/>\n<meta property=\"og:site_name\" content=\"Radio Infinita Goya\" \/>\n<meta property=\"article:publisher\" content=\"https:\/\/www.facebook.com\/p\/Infinita-Goya-100063870918311\/\" \/>\n<meta property=\"article:published_time\" content=\"2025-10-26T20:07:47+00:00\" \/>\n<meta property=\"og:image\" content=\"https:\/\/radioinfinitagoya.com.ar\/v1\/wp-content\/uploads\/2025\/10\/G4NJSxIXQAAATyn.jpg\" \/>\n\t<meta property=\"og:image:width\" content=\"720\" \/>\n\t<meta property=\"og:image:height\" content=\"455\" \/>\n\t<meta property=\"og:image:type\" content=\"image\/jpeg\" \/>\n<meta name=\"author\" content=\"Jorge Mi\u00f1o\" \/>\n<meta name=\"twitter:card\" content=\"summary_large_image\" \/>\n<meta name=\"twitter:label1\" content=\"Escrito por\" \/>\n\t<meta name=\"twitter:data1\" content=\"Jorge Mi\u00f1o\" \/>\n\t<meta name=\"twitter:label2\" content=\"Tiempo de lectura\" \/>\n\t<meta name=\"twitter:data2\" content=\"3 minutos\" \/>\n<script type=\"application\/ld+json\" class=\"yoast-schema-graph\">{\"@context\":\"https:\/\/schema.org\",\"@graph\":[{\"@type\":\"Article\",\"@id\":\"https:\/\/radioinfinitagoya.com.ar\/v1\/2025\/10\/26\/quienes-eran-las-nueve-victimas-fatales-del-micro-que-choco-y-cayo-a-un-arroyo\/#article\",\"isPartOf\":{\"@id\":\"https:\/\/radioinfinitagoya.com.ar\/v1\/2025\/10\/26\/quienes-eran-las-nueve-victimas-fatales-del-micro-que-choco-y-cayo-a-un-arroyo\/\"},\"author\":{\"name\":\"Jorge Mi\u00f1o\",\"@id\":\"https:\/\/radioinfinitagoya.com.ar\/v1\/#\/schema\/person\/d4cf9c413d4f6edb24aabdccab49ca4a\"},\"headline\":\"Qui\u00e9nes eran las nueve v\u00edctimas fatales del micro que choc\u00f3 y cay\u00f3 a un arroyo\",\"datePublished\":\"2025-10-26T20:07:47+00:00\",\"mainEntityOfPage\":{\"@id\":\"https:\/\/radioinfinitagoya.com.ar\/v1\/2025\/10\/26\/quienes-eran-las-nueve-victimas-fatales-del-micro-que-choco-y-cayo-a-un-arroyo\/\"},\"wordCount\":558,\"publisher\":{\"@id\":\"https:\/\/radioinfinitagoya.com.ar\/v1\/#organization\"},\"image\":{\"@id\":\"https:\/\/radioinfinitagoya.com.ar\/v1\/2025\/10\/26\/quienes-eran-las-nueve-victimas-fatales-del-micro-que-choco-y-cayo-a-un-arroyo\/#primaryimage\"},\"thumbnailUrl\":\"https:\/\/radioinfinitagoya.com.ar\/v1\/wp-content\/uploads\/2025\/10\/G4NJSxIXQAAATyn.jpg\",\"articleSection\":[\"NACIONALES\"],\"inLanguage\":\"es-AR\"},{\"@type\":\"WebPage\",\"@id\":\"https:\/\/radioinfinitagoya.com.ar\/v1\/2025\/10\/26\/quienes-eran-las-nueve-victimas-fatales-del-micro-que-choco-y-cayo-a-un-arroyo\/\",\"url\":\"https:\/\/radioinfinitagoya.com.ar\/v1\/2025\/10\/26\/quienes-eran-las-nueve-victimas-fatales-del-micro-que-choco-y-cayo-a-un-arroyo\/\",\"name\":\"Qui\u00e9nes eran las nueve v\u00edctimas fatales del micro que choc\u00f3 y cay\u00f3 a un arroyo - Radio Infinita Goya\",\"isPartOf\":{\"@id\":\"https:\/\/radioinfinitagoya.com.ar\/v1\/#website\"},\"primaryImageOfPage\":{\"@id\":\"https:\/\/radioinfinitagoya.com.ar\/v1\/2025\/10\/26\/quienes-eran-las-nueve-victimas-fatales-del-micro-que-choco-y-cayo-a-un-arroyo\/#primaryimage\"},\"image\":{\"@id\":\"https:\/\/radioinfinitagoya.com.ar\/v1\/2025\/10\/26\/quienes-eran-las-nueve-victimas-fatales-del-micro-que-choco-y-cayo-a-un-arroyo\/#primaryimage\"},\"thumbnailUrl\":\"https:\/\/radioinfinitagoya.com.ar\/v1\/wp-content\/uploads\/2025\/10\/G4NJSxIXQAAATyn.jpg\",\"datePublished\":\"2025-10-26T20:07:47+00:00\",\"description\":\"Entre los muertos hay cuatro alumnos de la Facultad de Arte y Dise\u00f1o de la Universidad Nacional de Misiones (UNaM), que emiti\u00f3 un comunicado y suspendi\u00f3\",\"breadcrumb\":{\"@id\":\"https:\/\/radioinfinitagoya.com.ar\/v1\/2025\/10\/26\/quienes-eran-las-nueve-victimas-fatales-del-micro-que-choco-y-cayo-a-un-arroyo\/#breadcrumb\"},\"inLanguage\":\"es-AR\",\"potentialAction\":[{\"@type\":\"ReadAction\",\"target\":[\"https:\/\/radioinfinitagoya.com.ar\/v1\/2025\/10\/26\/quienes-eran-las-nueve-victimas-fatales-del-micro-que-choco-y-cayo-a-un-arroyo\/\"]}]},{\"@type\":\"ImageObject\",\"inLanguage\":\"es-AR\",\"@id\":\"https:\/\/radioinfinitagoya.com.ar\/v1\/2025\/10\/26\/quienes-eran-las-nueve-victimas-fatales-del-micro-que-choco-y-cayo-a-un-arroyo\/#primaryimage\",\"url\":\"https:\/\/radioinfinitagoya.com.ar\/v1\/wp-content\/uploads\/2025\/10\/G4NJSxIXQAAATyn.jpg\",\"contentUrl\":\"https:\/\/radioinfinitagoya.com.ar\/v1\/wp-content\/uploads\/2025\/10\/G4NJSxIXQAAATyn.jpg\",\"width\":720,\"height\":455},{\"@type\":\"BreadcrumbList\",\"@id\":\"https:\/\/radioinfinitagoya.com.ar\/v1\/2025\/10\/26\/quienes-eran-las-nueve-victimas-fatales-del-micro-que-choco-y-cayo-a-un-arroyo\/#breadcrumb\",\"itemListElement\":[{\"@type\":\"ListItem\",\"position\":1,\"name\":\"Inicio\",\"item\":\"https:\/\/radioinfinitagoya.com.ar\/v1\/\"},{\"@type\":\"ListItem\",\"position\":2,\"name\":\"Qui\u00e9nes eran las nueve v\u00edctimas fatales del micro que choc\u00f3 y cay\u00f3 a un arroyo\"}]},{\"@type\":\"WebSite\",\"@id\":\"https:\/\/radioinfinitagoya.com.ar\/v1\/#website\",\"url\":\"https:\/\/radioinfinitagoya.com.ar\/v1\/\",\"name\":\"radioinfinitagoya.com.ar\",\"description\":\"Radio de noticias\",\"publisher\":{\"@id\":\"https:\/\/radioinfinitagoya.com.ar\/v1\/#organization\"},\"potentialAction\":[{\"@type\":\"SearchAction\",\"target\":{\"@type\":\"EntryPoint\",\"urlTemplate\":\"https:\/\/radioinfinitagoya.com.ar\/v1\/?s={search_term_string}\"},\"query-input\":{\"@type\":\"PropertyValueSpecification\",\"valueRequired\":true,\"valueName\":\"search_term_string\"}}],\"inLanguage\":\"es-AR\"},{\"@type\":\"Organization\",\"@id\":\"https:\/\/radioinfinitagoya.com.ar\/v1\/#organization\",\"name\":\"Radio Infinita Goya\",\"url\":\"https:\/\/radioinfinitagoya.com.ar\/v1\/\",\"logo\":{\"@type\":\"ImageObject\",\"inLanguage\":\"es-AR\",\"@id\":\"https:\/\/radioinfinitagoya.com.ar\/v1\/#\/schema\/logo\/image\/\",\"url\":\"https:\/\/radioinfinitagoya.com.ar\/v1\/wp-content\/uploads\/2019\/11\/logo-pie-web.png\",\"contentUrl\":\"https:\/\/radioinfinitagoya.com.ar\/v1\/wp-content\/uploads\/2019\/11\/logo-pie-web.png\",\"width\":635,\"height\":326,\"caption\":\"Radio Infinita Goya\"},\"image\":{\"@id\":\"https:\/\/radioinfinitagoya.com.ar\/v1\/#\/schema\/logo\/image\/\"},\"sameAs\":[\"https:\/\/www.facebook.com\/p\/Infinita-Goya-100063870918311\/\"]},{\"@type\":\"Person\",\"@id\":\"https:\/\/radioinfinitagoya.com.ar\/v1\/#\/schema\/person\/d4cf9c413d4f6edb24aabdccab49ca4a\",\"name\":\"Jorge Mi\u00f1o\",\"image\":{\"@type\":\"ImageObject\",\"inLanguage\":\"es-AR\",\"@id\":\"https:\/\/secure.gravatar.com\/avatar\/910fcf6728fe95320e07a6643c1581fec1c7fc4bf8ae12e3d8f0d0373dc844be?s=96&d=mm&r=g\",\"url\":\"https:\/\/secure.gravatar.com\/avatar\/910fcf6728fe95320e07a6643c1581fec1c7fc4bf8ae12e3d8f0d0373dc844be?s=96&d=mm&r=g\",\"contentUrl\":\"https:\/\/secure.gravatar.com\/avatar\/910fcf6728fe95320e07a6643c1581fec1c7fc4bf8ae12e3d8f0d0373dc844be?s=96&d=mm&r=g\",\"caption\":\"Jorge Mi\u00f1o\"},\"sameAs\":[\"http:\/\/radioinfinitagoya.com.ar\"]}]}<\/script>\n<!-- \/ Yoast SEO plugin. -->","yoast_head_json":{"title":"Qui\u00e9nes eran las nueve v\u00edctimas fatales del micro que choc\u00f3 y cay\u00f3 a un arroyo - Radio Infinita Goya","description":"Entre los muertos hay cuatro alumnos de la Facultad de Arte y Dise\u00f1o de la Universidad Nacional de Misiones (UNaM), que emiti\u00f3 un comunicado y suspendi\u00f3","robots":{"index":"index","follow":"follow","max-snippet":"max-snippet:-1","max-image-preview":"max-image-preview:large","max-video-preview":"max-video-preview:-1"},"canonical":"https:\/\/radioinfinitagoya.com.ar\/v1\/2025\/10\/26\/quienes-eran-las-nueve-victimas-fatales-del-micro-que-choco-y-cayo-a-un-arroyo\/","og_locale":"es_ES","og_type":"article","og_title":"Qui\u00e9nes eran las nueve v\u00edctimas fatales del micro que choc\u00f3 y cay\u00f3 a un arroyo - Radio Infinita Goya","og_description":"Entre los muertos hay cuatro alumnos de la Facultad de Arte y Dise\u00f1o de la Universidad Nacional de Misiones (UNaM), que emiti\u00f3 un comunicado y suspendi\u00f3","og_url":"https:\/\/radioinfinitagoya.com.ar\/v1\/2025\/10\/26\/quienes-eran-las-nueve-victimas-fatales-del-micro-que-choco-y-cayo-a-un-arroyo\/","og_site_name":"Radio Infinita Goya","article_publisher":"https:\/\/www.facebook.com\/p\/Infinita-Goya-100063870918311\/","article_published_time":"2025-10-26T20:07:47+00:00","og_image":[{"width":720,"height":455,"url":"https:\/\/radioinfinitagoya.com.ar\/v1\/wp-content\/uploads\/2025\/10\/G4NJSxIXQAAATyn.jpg","type":"image\/jpeg"}],"author":"Jorge Mi\u00f1o","twitter_card":"summary_large_image","twitter_misc":{"Escrito por":"Jorge Mi\u00f1o","Tiempo de lectura":"3 minutos"},"schema":{"@context":"https:\/\/schema.org","@graph":[{"@type":"Article","@id":"https:\/\/radioinfinitagoya.com.ar\/v1\/2025\/10\/26\/quienes-eran-las-nueve-victimas-fatales-del-micro-que-choco-y-cayo-a-un-arroyo\/#article","isPartOf":{"@id":"https:\/\/radioinfinitagoya.com.ar\/v1\/2025\/10\/26\/quienes-eran-las-nueve-victimas-fatales-del-micro-que-choco-y-cayo-a-un-arroyo\/"},"author":{"name":"Jorge Mi\u00f1o","@id":"https:\/\/radioinfinitagoya.com.ar\/v1\/#\/schema\/person\/d4cf9c413d4f6edb24aabdccab49ca4a"},"headline":"Qui\u00e9nes eran las nueve v\u00edctimas fatales del micro que choc\u00f3 y cay\u00f3 a un arroyo","datePublished":"2025-10-26T20:07:47+00:00","mainEntityOfPage":{"@id":"https:\/\/radioinfinitagoya.com.ar\/v1\/2025\/10\/26\/quienes-eran-las-nueve-victimas-fatales-del-micro-que-choco-y-cayo-a-un-arroyo\/"},"wordCount":558,"publisher":{"@id":"https:\/\/radioinfinitagoya.com.ar\/v1\/#organization"},"image":{"@id":"https:\/\/radioinfinitagoya.com.ar\/v1\/2025\/10\/26\/quienes-eran-las-nueve-victimas-fatales-del-micro-que-choco-y-cayo-a-un-arroyo\/#primaryimage"},"thumbnailUrl":"https:\/\/radioinfinitagoya.com.ar\/v1\/wp-content\/uploads\/2025\/10\/G4NJSxIXQAAATyn.jpg","articleSection":["NACIONALES"],"inLanguage":"es-AR"},{"@type":"WebPage","@id":"https:\/\/radioinfinitagoya.com.ar\/v1\/2025\/10\/26\/quienes-eran-las-nueve-victimas-fatales-del-micro-que-choco-y-cayo-a-un-arroyo\/","url":"https:\/\/radioinfinitagoya.com.ar\/v1\/2025\/10\/26\/quienes-eran-las-nueve-victimas-fatales-del-micro-que-choco-y-cayo-a-un-arroyo\/","name":"Qui\u00e9nes eran las nueve v\u00edctimas fatales del micro que choc\u00f3 y cay\u00f3 a un arroyo - Radio Infinita Goya","isPartOf":{"@id":"https:\/\/radioinfinitagoya.com.ar\/v1\/#website"},"primaryImageOfPage":{"@id":"https:\/\/radioinfinitagoya.com.ar\/v1\/2025\/10\/26\/quienes-eran-las-nueve-victimas-fatales-del-micro-que-choco-y-cayo-a-un-arroyo\/#primaryimage"},"image":{"@id":"https:\/\/radioinfinitagoya.com.ar\/v1\/2025\/10\/26\/quienes-eran-las-nueve-victimas-fatales-del-micro-que-choco-y-cayo-a-un-arroyo\/#primaryimage"},"thumbnailUrl":"https:\/\/radioinfinitagoya.com.ar\/v1\/wp-content\/uploads\/2025\/10\/G4NJSxIXQAAATyn.jpg","datePublished":"2025-10-26T20:07:47+00:00","description":"Entre los muertos hay cuatro alumnos de la Facultad de Arte y Dise\u00f1o de la Universidad Nacional de Misiones (UNaM), que emiti\u00f3 un comunicado y suspendi\u00f3","breadcrumb":{"@id":"https:\/\/radioinfinitagoya.com.ar\/v1\/2025\/10\/26\/quienes-eran-las-nueve-victimas-fatales-del-micro-que-choco-y-cayo-a-un-arroyo\/#breadcrumb"},"inLanguage":"es-AR","potentialAction":[{"@type":"ReadAction","target":["https:\/\/radioinfinitagoya.com.ar\/v1\/2025\/10\/26\/quienes-eran-las-nueve-victimas-fatales-del-micro-que-choco-y-cayo-a-un-arroyo\/"]}]},{"@type":"ImageObject","inLanguage":"es-AR","@id":"https:\/\/radioinfinitagoya.com.ar\/v1\/2025\/10\/26\/quienes-eran-las-nueve-victimas-fatales-del-micro-que-choco-y-cayo-a-un-arroyo\/#primaryimage","url":"https:\/\/radioinfinitagoya.com.ar\/v1\/wp-content\/uploads\/2025\/10\/G4NJSxIXQAAATyn.jpg","contentUrl":"https:\/\/radioinfinitagoya.com.ar\/v1\/wp-content\/uploads\/2025\/10\/G4NJSxIXQAAATyn.jpg","width":720,"height":455},{"@type":"BreadcrumbList","@id":"https:\/\/radioinfinitagoya.com.ar\/v1\/2025\/10\/26\/quienes-eran-las-nueve-victimas-fatales-del-micro-que-choco-y-cayo-a-un-arroyo\/#breadcrumb","itemListElement":[{"@type":"ListItem","position":1,"name":"Inicio","item":"https:\/\/radioinfinitagoya.com.ar\/v1\/"},{"@type":"ListItem","position":2,"name":"Qui\u00e9nes eran las nueve v\u00edctimas fatales del micro que choc\u00f3 y cay\u00f3 a un arroyo"}]},{"@type":"WebSite","@id":"https:\/\/radioinfinitagoya.com.ar\/v1\/#website","url":"https:\/\/radioinfinitagoya.com.ar\/v1\/","name":"radioinfinitagoya.com.ar","description":"Radio de noticias","publisher":{"@id":"https:\/\/radioinfinitagoya.com.ar\/v1\/#organization"},"potentialAction":[{"@type":"SearchAction","target":{"@type":"EntryPoint","urlTemplate":"https:\/\/radioinfinitagoya.com.ar\/v1\/?s={search_term_string}"},"query-input":{"@type":"PropertyValueSpecification","valueRequired":true,"valueName":"search_term_string"}}],"inLanguage":"es-AR"},{"@type":"Organization","@id":"https:\/\/radioinfinitagoya.com.ar\/v1\/#organization","name":"Radio Infinita Goya","url":"https:\/\/radioinfinitagoya.com.ar\/v1\/","logo":{"@type":"ImageObject","inLanguage":"es-AR","@id":"https:\/\/radioinfinitagoya.com.ar\/v1\/#\/schema\/logo\/image\/","url":"https:\/\/radioinfinitagoya.com.ar\/v1\/wp-content\/uploads\/2019\/11\/logo-pie-web.png","contentUrl":"https:\/\/radioinfinitagoya.com.ar\/v1\/wp-content\/uploads\/2019\/11\/logo-pie-web.png","width":635,"height":326,"caption":"Radio Infinita Goya"},"image":{"@id":"https:\/\/radioinfinitagoya.com.ar\/v1\/#\/schema\/logo\/image\/"},"sameAs":["https:\/\/www.facebook.com\/p\/Infinita-Goya-100063870918311\/"]},{"@type":"Person","@id":"https:\/\/radioinfinitagoya.com.ar\/v1\/#\/schema\/person\/d4cf9c413d4f6edb24aabdccab49ca4a","name":"Jorge Mi\u00f1o","image":{"@type":"ImageObject","inLanguage":"es-AR","@id":"https:\/\/secure.gravatar.com\/avatar\/910fcf6728fe95320e07a6643c1581fec1c7fc4bf8ae12e3d8f0d0373dc844be?s=96&d=mm&r=g","url":"https:\/\/secure.gravatar.com\/avatar\/910fcf6728fe95320e07a6643c1581fec1c7fc4bf8ae12e3d8f0d0373dc844be?s=96&d=mm&r=g","contentUrl":"https:\/\/secure.gravatar.com\/avatar\/910fcf6728fe95320e07a6643c1581fec1c7fc4bf8ae12e3d8f0d0373dc844be?s=96&d=mm&r=g","caption":"Jorge Mi\u00f1o"},"sameAs":["http:\/\/radioinfinitagoya.com.ar"]}]}},"_links":{"self":[{"href":"https:\/\/radioinfinitagoya.com.ar\/v1\/wp-json\/wp\/v2\/posts\/198239","targetHints":{"allow":["GET"]}}],"collection":[{"href":"https:\/\/radioinfinitagoya.com.ar\/v1\/wp-json\/wp\/v2\/posts"}],"about":[{"href":"https:\/\/radioinfinitagoya.com.ar\/v1\/wp-json\/wp\/v2\/types\/post"}],"author":[{"embeddable":true,"href":"https:\/\/radioinfinitagoya.com.ar\/v1\/wp-json\/wp\/v2\/users\/4"}],"replies":[{"embeddable":true,"href":"https:\/\/radioinfinitagoya.com.ar\/v1\/wp-json\/wp\/v2\/comments?post=198239"}],"version-history":[{"count":0,"href":"https:\/\/radioinfinitagoya.com.ar\/v1\/wp-json\/wp\/v2\/posts\/198239\/revisions"}],"wp:featuredmedia":[{"embeddable":true,"href":"https:\/\/radioinfinitagoya.com.ar\/v1\/wp-json\/wp\/v2\/media\/198240"}],"wp:attachment":[{"href":"https:\/\/radioinfinitagoya.com.ar\/v1\/wp-json\/wp\/v2\/media?parent=198239"}],"wp:term":[{"taxonomy":"category","embeddable":true,"href":"https:\/\/radioinfinitagoya.com.ar\/v1\/wp-json\/wp\/v2\/categories?post=198239"},{"taxonomy":"post_tag","embeddable":true,"href":"https:\/\/radioinfinitagoya.com.ar\/v1\/wp-json\/wp\/v2\/tags?post=198239"}],"curies":[{"name":"wp","href":"https:\/\/api.w.org\/{rel}","templated":true}]}}