{"id":198242,"date":"2025-10-26T17:12:26","date_gmt":"2025-10-26T20:12:26","guid":{"rendered":"https:\/\/radioinfinitagoya.com.ar\/v1\/?p=198242"},"modified":"2025-10-26T17:12:26","modified_gmt":"2025-10-26T20:12:26","slug":"el-presidente-javier-milei-voto-en-medio-de-un-fuerte-operativo","status":"publish","type":"post","link":"https:\/\/radioinfinitagoya.com.ar\/v1\/2025\/10\/26\/el-presidente-javier-milei-voto-en-medio-de-un-fuerte-operativo\/","title":{"rendered":"El presidente Javier Milei vot\u00f3 en medio de un fuerte operativo"},"content":{"rendered":"<p>El mandatario nacional emiti\u00f3 su voto en la sede de la Universidad Tecnol\u00f3gica Nacional (UTN) del barrio porte\u00f1o de Almagro. Rodeado de seguridad y de militantes, se retir\u00f3 del lugar sin dar declaraciones.<\/p>\n<p>El presidente Javier Milei vot\u00f3 este domingo en las elecciones legislativas 2025 en la sede de la Universidad Tecnol\u00f3gica Nacional (UTN) del barrio porte\u00f1o de Almagro.<\/p>\n<p>Milei lleg\u00f3 a la UTN minutos despu\u00e9s de las 11 de la ma\u00f1ana, acompa\u00f1ado por su hermana, la secretaria general de la Presidencia, Karina Milei.<\/p>\n<p>El primer mandatario salud\u00f3 a los militantes antes de entrar al centro de votaci\u00f3n y tuvo que esperar algunos minutos para poder votar. Mientras aguardaba, salud\u00f3 a los militantes desde la puerta.<\/p>\n<p>Una vez que vot\u00f3, el Presidente se sac\u00f3 la habitual foto antes de meter la boleta y luego sali\u00f3 del edificio universitario.<\/p>\n<p>A la salida se tom\u00f3 im\u00e1genes con los militantes que lo esperaban en la puerta y se retir\u00f3 del lugar sin hacer declaraciones a la prensa.<\/p>\n<p>M\u00e1s tarde, en su cuenta personal de la red social X (exTwitter), escribi\u00f3: &#8220;Ya cumpl\u00ed con mi deber c\u00edvico. Fin&#8221;.<\/p>\n<p>M\u00e1s temprano vot\u00f3 el candidato de La Libertad Avanza en la provincia de Buenos Aires, Diego Santilli, quien dej\u00f3 en claro que su objetivo para estas elecciones legislativas nacionales es acortar la brecha con el peronismo en el principal distrito electoral del pa\u00eds.<\/p>\n<p>\u201cMi expectativa es remontar la distancia respecto de septiembre. Veremos, tengo fe\u201d, sostuvo Santilli luego de votar en una escuela de Tigre.<\/p>\n<p>El candidato reconoci\u00f3 que el tramo final hacia las urnas estuvo marcado por la tensi\u00f3n. \u201cHa sido una campa\u00f1a dif\u00edcil, distinta, corta, apenas 18 d\u00edas. He puesto toda la actitud y la garra\u201d, remarc\u00f3<\/p>\n<p>Unos minutos antes de Santilli, vot\u00f3 Jos\u00e9 Luis Espert, quien hasta hace algunas semanas ocupaba ese primer lugar en la lista de La Libertad Avanza.<\/p>\n<p>El legislador libertario lleg\u00f3 pasadas las 9:30 a una escuela ubicada sobre la calle Pedro de Mendoza al 2600, en la localidad bonaerense de Beccar. Al ser consultado por la prensa, se limit\u00f3 a dar un breve testimonio.<\/p>\n<p>\u201cEs un d\u00eda muy bueno para la democracia, cada vez que se vota se ratifica la democracia, lo cual es una excelente noticia\u201d, fueron sus primeras palabras.<\/p>\n<p>Cuando los periodistas presentes le preguntaron sobre su v\u00ednculo con el empresario detenido por narcotr\u00e1fico, solo respondi\u00f3 que no iba a dar m\u00e1s declaraciones al respecto. \u201cTodo lo que ten\u00eda que decir, lo dije al principio, no tengo nada m\u00e1s\u201d, sostuvo.<\/p>\n<p>Ante las repreguntas sobre su imagen en la boleta, el legislador insisti\u00f3 con su negativa sobre el tema y sum\u00f3: \u201cEs ubicarme en los lugares que me corresponden, yo los respet\u00e9 a ustedes, ustedes resp\u00e9tenme a m\u00ed\u201d.<\/p>\n","protected":false},"excerpt":{"rendered":"<p>El mandatario nacional emiti\u00f3 su voto en la sede de la Universidad Tecnol\u00f3gica Nacional (UTN) del barrio porte\u00f1o de Almagro. Rodeado de seguridad y de militantes, se retir\u00f3 del lugar sin dar declaraciones. El presidente Javier Milei vot\u00f3 este domingo en las elecciones legislativas 2025 en la sede de la Universidad Tecnol\u00f3gica Nacional (UTN) del [&hellip;]<\/p>\n","protected":false},"author":4,"featured_media":198243,"comment_status":"closed","ping_status":"closed","sticky":false,"template":"","format":"standard","meta":{"_joinchat":[],"footnotes":""},"categories":[29],"tags":[],"class_list":{"0":"post-198242","1":"post","2":"type-post","3":"status-publish","4":"format-standard","5":"has-post-thumbnail","7":"category-nacionales"},"yoast_head":"<!-- This site is optimized with the Yoast SEO plugin v27.2 - https:\/\/yoast.com\/product\/yoast-seo-wordpress\/ -->\n<title>El presidente Javier Milei vot\u00f3 en medio de un fuerte operativo - Radio Infinita Goya<\/title>\n<meta name=\"description\" content=\"El mandatario nacional emiti\u00f3 su voto en la sede de la Universidad Tecnol\u00f3gica Nacional (UTN) del barrio porte\u00f1o de Almagro. Rodeado de seguridad y de\" \/>\n<meta name=\"robots\" content=\"index, follow, max-snippet:-1, max-image-preview:large, max-video-preview:-1\" \/>\n<link rel=\"canonical\" href=\"https:\/\/radioinfinitagoya.com.ar\/v1\/2025\/10\/26\/el-presidente-javier-milei-voto-en-medio-de-un-fuerte-operativo\/\" \/>\n<meta property=\"og:locale\" content=\"es_ES\" \/>\n<meta property=\"og:type\" content=\"article\" \/>\n<meta property=\"og:title\" content=\"El presidente Javier Milei vot\u00f3 en medio de un fuerte operativo - Radio Infinita Goya\" \/>\n<meta property=\"og:description\" content=\"El mandatario nacional emiti\u00f3 su voto en la sede de la Universidad Tecnol\u00f3gica Nacional (UTN) del barrio porte\u00f1o de Almagro. Rodeado de seguridad y de\" \/>\n<meta property=\"og:url\" content=\"https:\/\/radioinfinitagoya.com.ar\/v1\/2025\/10\/26\/el-presidente-javier-milei-voto-en-medio-de-un-fuerte-operativo\/\" \/>\n<meta property=\"og:site_name\" content=\"Radio Infinita Goya\" \/>\n<meta property=\"article:publisher\" content=\"https:\/\/www.facebook.com\/p\/Infinita-Goya-100063870918311\/\" \/>\n<meta property=\"article:published_time\" content=\"2025-10-26T20:12:26+00:00\" \/>\n<meta property=\"og:image\" content=\"https:\/\/radioinfinitagoya.com.ar\/v1\/wp-content\/uploads\/2025\/10\/gifLTQcJ.jpg\" \/>\n\t<meta property=\"og:image:width\" content=\"620\" \/>\n\t<meta property=\"og:image:height\" content=\"347\" \/>\n\t<meta property=\"og:image:type\" content=\"image\/jpeg\" \/>\n<meta name=\"author\" content=\"Jorge Mi\u00f1o\" \/>\n<meta name=\"twitter:card\" content=\"summary_large_image\" \/>\n<meta name=\"twitter:label1\" content=\"Escrito por\" \/>\n\t<meta name=\"twitter:data1\" content=\"Jorge Mi\u00f1o\" \/>\n\t<meta name=\"twitter:label2\" content=\"Tiempo de lectura\" \/>\n\t<meta name=\"twitter:data2\" content=\"3 minutos\" \/>\n<script type=\"application\/ld+json\" class=\"yoast-schema-graph\">{\"@context\":\"https:\/\/schema.org\",\"@graph\":[{\"@type\":\"Article\",\"@id\":\"https:\/\/radioinfinitagoya.com.ar\/v1\/2025\/10\/26\/el-presidente-javier-milei-voto-en-medio-de-un-fuerte-operativo\/#article\",\"isPartOf\":{\"@id\":\"https:\/\/radioinfinitagoya.com.ar\/v1\/2025\/10\/26\/el-presidente-javier-milei-voto-en-medio-de-un-fuerte-operativo\/\"},\"author\":{\"name\":\"Jorge Mi\u00f1o\",\"@id\":\"https:\/\/radioinfinitagoya.com.ar\/v1\/#\/schema\/person\/d4cf9c413d4f6edb24aabdccab49ca4a\"},\"headline\":\"El presidente Javier Milei vot\u00f3 en medio de un fuerte operativo\",\"datePublished\":\"2025-10-26T20:12:26+00:00\",\"mainEntityOfPage\":{\"@id\":\"https:\/\/radioinfinitagoya.com.ar\/v1\/2025\/10\/26\/el-presidente-javier-milei-voto-en-medio-de-un-fuerte-operativo\/\"},\"wordCount\":481,\"publisher\":{\"@id\":\"https:\/\/radioinfinitagoya.com.ar\/v1\/#organization\"},\"image\":{\"@id\":\"https:\/\/radioinfinitagoya.com.ar\/v1\/2025\/10\/26\/el-presidente-javier-milei-voto-en-medio-de-un-fuerte-operativo\/#primaryimage\"},\"thumbnailUrl\":\"https:\/\/radioinfinitagoya.com.ar\/v1\/wp-content\/uploads\/2025\/10\/gifLTQcJ.jpg\",\"articleSection\":[\"NACIONALES\"],\"inLanguage\":\"es-AR\"},{\"@type\":\"WebPage\",\"@id\":\"https:\/\/radioinfinitagoya.com.ar\/v1\/2025\/10\/26\/el-presidente-javier-milei-voto-en-medio-de-un-fuerte-operativo\/\",\"url\":\"https:\/\/radioinfinitagoya.com.ar\/v1\/2025\/10\/26\/el-presidente-javier-milei-voto-en-medio-de-un-fuerte-operativo\/\",\"name\":\"El presidente Javier Milei vot\u00f3 en medio de un fuerte operativo - Radio Infinita Goya\",\"isPartOf\":{\"@id\":\"https:\/\/radioinfinitagoya.com.ar\/v1\/#website\"},\"primaryImageOfPage\":{\"@id\":\"https:\/\/radioinfinitagoya.com.ar\/v1\/2025\/10\/26\/el-presidente-javier-milei-voto-en-medio-de-un-fuerte-operativo\/#primaryimage\"},\"image\":{\"@id\":\"https:\/\/radioinfinitagoya.com.ar\/v1\/2025\/10\/26\/el-presidente-javier-milei-voto-en-medio-de-un-fuerte-operativo\/#primaryimage\"},\"thumbnailUrl\":\"https:\/\/radioinfinitagoya.com.ar\/v1\/wp-content\/uploads\/2025\/10\/gifLTQcJ.jpg\",\"datePublished\":\"2025-10-26T20:12:26+00:00\",\"description\":\"El mandatario nacional emiti\u00f3 su voto en la sede de la Universidad Tecnol\u00f3gica Nacional (UTN) del barrio porte\u00f1o de Almagro. Rodeado de seguridad y de\",\"breadcrumb\":{\"@id\":\"https:\/\/radioinfinitagoya.com.ar\/v1\/2025\/10\/26\/el-presidente-javier-milei-voto-en-medio-de-un-fuerte-operativo\/#breadcrumb\"},\"inLanguage\":\"es-AR\",\"potentialAction\":[{\"@type\":\"ReadAction\",\"target\":[\"https:\/\/radioinfinitagoya.com.ar\/v1\/2025\/10\/26\/el-presidente-javier-milei-voto-en-medio-de-un-fuerte-operativo\/\"]}]},{\"@type\":\"ImageObject\",\"inLanguage\":\"es-AR\",\"@id\":\"https:\/\/radioinfinitagoya.com.ar\/v1\/2025\/10\/26\/el-presidente-javier-milei-voto-en-medio-de-un-fuerte-operativo\/#primaryimage\",\"url\":\"https:\/\/radioinfinitagoya.com.ar\/v1\/wp-content\/uploads\/2025\/10\/gifLTQcJ.jpg\",\"contentUrl\":\"https:\/\/radioinfinitagoya.com.ar\/v1\/wp-content\/uploads\/2025\/10\/gifLTQcJ.jpg\",\"width\":620,\"height\":347},{\"@type\":\"BreadcrumbList\",\"@id\":\"https:\/\/radioinfinitagoya.com.ar\/v1\/2025\/10\/26\/el-presidente-javier-milei-voto-en-medio-de-un-fuerte-operativo\/#breadcrumb\",\"itemListElement\":[{\"@type\":\"ListItem\",\"position\":1,\"name\":\"Inicio\",\"item\":\"https:\/\/radioinfinitagoya.com.ar\/v1\/\"},{\"@type\":\"ListItem\",\"position\":2,\"name\":\"El presidente Javier Milei vot\u00f3 en medio de un fuerte operativo\"}]},{\"@type\":\"WebSite\",\"@id\":\"https:\/\/radioinfinitagoya.com.ar\/v1\/#website\",\"url\":\"https:\/\/radioinfinitagoya.com.ar\/v1\/\",\"name\":\"radioinfinitagoya.com.ar\",\"description\":\"Radio de noticias\",\"publisher\":{\"@id\":\"https:\/\/radioinfinitagoya.com.ar\/v1\/#organization\"},\"potentialAction\":[{\"@type\":\"SearchAction\",\"target\":{\"@type\":\"EntryPoint\",\"urlTemplate\":\"https:\/\/radioinfinitagoya.com.ar\/v1\/?s={search_term_string}\"},\"query-input\":{\"@type\":\"PropertyValueSpecification\",\"valueRequired\":true,\"valueName\":\"search_term_string\"}}],\"inLanguage\":\"es-AR\"},{\"@type\":\"Organization\",\"@id\":\"https:\/\/radioinfinitagoya.com.ar\/v1\/#organization\",\"name\":\"Radio Infinita Goya\",\"url\":\"https:\/\/radioinfinitagoya.com.ar\/v1\/\",\"logo\":{\"@type\":\"ImageObject\",\"inLanguage\":\"es-AR\",\"@id\":\"https:\/\/radioinfinitagoya.com.ar\/v1\/#\/schema\/logo\/image\/\",\"url\":\"https:\/\/radioinfinitagoya.com.ar\/v1\/wp-content\/uploads\/2019\/11\/logo-pie-web.png\",\"contentUrl\":\"https:\/\/radioinfinitagoya.com.ar\/v1\/wp-content\/uploads\/2019\/11\/logo-pie-web.png\",\"width\":635,\"height\":326,\"caption\":\"Radio Infinita Goya\"},\"image\":{\"@id\":\"https:\/\/radioinfinitagoya.com.ar\/v1\/#\/schema\/logo\/image\/\"},\"sameAs\":[\"https:\/\/www.facebook.com\/p\/Infinita-Goya-100063870918311\/\"]},{\"@type\":\"Person\",\"@id\":\"https:\/\/radioinfinitagoya.com.ar\/v1\/#\/schema\/person\/d4cf9c413d4f6edb24aabdccab49ca4a\",\"name\":\"Jorge Mi\u00f1o\",\"image\":{\"@type\":\"ImageObject\",\"inLanguage\":\"es-AR\",\"@id\":\"https:\/\/secure.gravatar.com\/avatar\/910fcf6728fe95320e07a6643c1581fec1c7fc4bf8ae12e3d8f0d0373dc844be?s=96&d=mm&r=g\",\"url\":\"https:\/\/secure.gravatar.com\/avatar\/910fcf6728fe95320e07a6643c1581fec1c7fc4bf8ae12e3d8f0d0373dc844be?s=96&d=mm&r=g\",\"contentUrl\":\"https:\/\/secure.gravatar.com\/avatar\/910fcf6728fe95320e07a6643c1581fec1c7fc4bf8ae12e3d8f0d0373dc844be?s=96&d=mm&r=g\",\"caption\":\"Jorge Mi\u00f1o\"},\"sameAs\":[\"http:\/\/radioinfinitagoya.com.ar\"]}]}<\/script>\n<!-- \/ Yoast SEO plugin. -->","yoast_head_json":{"title":"El presidente Javier Milei vot\u00f3 en medio de un fuerte operativo - Radio Infinita Goya","description":"El mandatario nacional emiti\u00f3 su voto en la sede de la Universidad Tecnol\u00f3gica Nacional (UTN) del barrio porte\u00f1o de Almagro. Rodeado de seguridad y de","robots":{"index":"index","follow":"follow","max-snippet":"max-snippet:-1","max-image-preview":"max-image-preview:large","max-video-preview":"max-video-preview:-1"},"canonical":"https:\/\/radioinfinitagoya.com.ar\/v1\/2025\/10\/26\/el-presidente-javier-milei-voto-en-medio-de-un-fuerte-operativo\/","og_locale":"es_ES","og_type":"article","og_title":"El presidente Javier Milei vot\u00f3 en medio de un fuerte operativo - Radio Infinita Goya","og_description":"El mandatario nacional emiti\u00f3 su voto en la sede de la Universidad Tecnol\u00f3gica Nacional (UTN) del barrio porte\u00f1o de Almagro. Rodeado de seguridad y de","og_url":"https:\/\/radioinfinitagoya.com.ar\/v1\/2025\/10\/26\/el-presidente-javier-milei-voto-en-medio-de-un-fuerte-operativo\/","og_site_name":"Radio Infinita Goya","article_publisher":"https:\/\/www.facebook.com\/p\/Infinita-Goya-100063870918311\/","article_published_time":"2025-10-26T20:12:26+00:00","og_image":[{"width":620,"height":347,"url":"https:\/\/radioinfinitagoya.com.ar\/v1\/wp-content\/uploads\/2025\/10\/gifLTQcJ.jpg","type":"image\/jpeg"}],"author":"Jorge Mi\u00f1o","twitter_card":"summary_large_image","twitter_misc":{"Escrito por":"Jorge Mi\u00f1o","Tiempo de lectura":"3 minutos"},"schema":{"@context":"https:\/\/schema.org","@graph":[{"@type":"Article","@id":"https:\/\/radioinfinitagoya.com.ar\/v1\/2025\/10\/26\/el-presidente-javier-milei-voto-en-medio-de-un-fuerte-operativo\/#article","isPartOf":{"@id":"https:\/\/radioinfinitagoya.com.ar\/v1\/2025\/10\/26\/el-presidente-javier-milei-voto-en-medio-de-un-fuerte-operativo\/"},"author":{"name":"Jorge Mi\u00f1o","@id":"https:\/\/radioinfinitagoya.com.ar\/v1\/#\/schema\/person\/d4cf9c413d4f6edb24aabdccab49ca4a"},"headline":"El presidente Javier Milei vot\u00f3 en medio de un fuerte operativo","datePublished":"2025-10-26T20:12:26+00:00","mainEntityOfPage":{"@id":"https:\/\/radioinfinitagoya.com.ar\/v1\/2025\/10\/26\/el-presidente-javier-milei-voto-en-medio-de-un-fuerte-operativo\/"},"wordCount":481,"publisher":{"@id":"https:\/\/radioinfinitagoya.com.ar\/v1\/#organization"},"image":{"@id":"https:\/\/radioinfinitagoya.com.ar\/v1\/2025\/10\/26\/el-presidente-javier-milei-voto-en-medio-de-un-fuerte-operativo\/#primaryimage"},"thumbnailUrl":"https:\/\/radioinfinitagoya.com.ar\/v1\/wp-content\/uploads\/2025\/10\/gifLTQcJ.jpg","articleSection":["NACIONALES"],"inLanguage":"es-AR"},{"@type":"WebPage","@id":"https:\/\/radioinfinitagoya.com.ar\/v1\/2025\/10\/26\/el-presidente-javier-milei-voto-en-medio-de-un-fuerte-operativo\/","url":"https:\/\/radioinfinitagoya.com.ar\/v1\/2025\/10\/26\/el-presidente-javier-milei-voto-en-medio-de-un-fuerte-operativo\/","name":"El presidente Javier Milei vot\u00f3 en medio de un fuerte operativo - Radio Infinita Goya","isPartOf":{"@id":"https:\/\/radioinfinitagoya.com.ar\/v1\/#website"},"primaryImageOfPage":{"@id":"https:\/\/radioinfinitagoya.com.ar\/v1\/2025\/10\/26\/el-presidente-javier-milei-voto-en-medio-de-un-fuerte-operativo\/#primaryimage"},"image":{"@id":"https:\/\/radioinfinitagoya.com.ar\/v1\/2025\/10\/26\/el-presidente-javier-milei-voto-en-medio-de-un-fuerte-operativo\/#primaryimage"},"thumbnailUrl":"https:\/\/radioinfinitagoya.com.ar\/v1\/wp-content\/uploads\/2025\/10\/gifLTQcJ.jpg","datePublished":"2025-10-26T20:12:26+00:00","description":"El mandatario nacional emiti\u00f3 su voto en la sede de la Universidad Tecnol\u00f3gica Nacional (UTN) del barrio porte\u00f1o de Almagro. Rodeado de seguridad y de","breadcrumb":{"@id":"https:\/\/radioinfinitagoya.com.ar\/v1\/2025\/10\/26\/el-presidente-javier-milei-voto-en-medio-de-un-fuerte-operativo\/#breadcrumb"},"inLanguage":"es-AR","potentialAction":[{"@type":"ReadAction","target":["https:\/\/radioinfinitagoya.com.ar\/v1\/2025\/10\/26\/el-presidente-javier-milei-voto-en-medio-de-un-fuerte-operativo\/"]}]},{"@type":"ImageObject","inLanguage":"es-AR","@id":"https:\/\/radioinfinitagoya.com.ar\/v1\/2025\/10\/26\/el-presidente-javier-milei-voto-en-medio-de-un-fuerte-operativo\/#primaryimage","url":"https:\/\/radioinfinitagoya.com.ar\/v1\/wp-content\/uploads\/2025\/10\/gifLTQcJ.jpg","contentUrl":"https:\/\/radioinfinitagoya.com.ar\/v1\/wp-content\/uploads\/2025\/10\/gifLTQcJ.jpg","width":620,"height":347},{"@type":"BreadcrumbList","@id":"https:\/\/radioinfinitagoya.com.ar\/v1\/2025\/10\/26\/el-presidente-javier-milei-voto-en-medio-de-un-fuerte-operativo\/#breadcrumb","itemListElement":[{"@type":"ListItem","position":1,"name":"Inicio","item":"https:\/\/radioinfinitagoya.com.ar\/v1\/"},{"@type":"ListItem","position":2,"name":"El presidente Javier Milei vot\u00f3 en medio de un fuerte operativo"}]},{"@type":"WebSite","@id":"https:\/\/radioinfinitagoya.com.ar\/v1\/#website","url":"https:\/\/radioinfinitagoya.com.ar\/v1\/","name":"radioinfinitagoya.com.ar","description":"Radio de noticias","publisher":{"@id":"https:\/\/radioinfinitagoya.com.ar\/v1\/#organization"},"potentialAction":[{"@type":"SearchAction","target":{"@type":"EntryPoint","urlTemplate":"https:\/\/radioinfinitagoya.com.ar\/v1\/?s={search_term_string}"},"query-input":{"@type":"PropertyValueSpecification","valueRequired":true,"valueName":"search_term_string"}}],"inLanguage":"es-AR"},{"@type":"Organization","@id":"https:\/\/radioinfinitagoya.com.ar\/v1\/#organization","name":"Radio Infinita Goya","url":"https:\/\/radioinfinitagoya.com.ar\/v1\/","logo":{"@type":"ImageObject","inLanguage":"es-AR","@id":"https:\/\/radioinfinitagoya.com.ar\/v1\/#\/schema\/logo\/image\/","url":"https:\/\/radioinfinitagoya.com.ar\/v1\/wp-content\/uploads\/2019\/11\/logo-pie-web.png","contentUrl":"https:\/\/radioinfinitagoya.com.ar\/v1\/wp-content\/uploads\/2019\/11\/logo-pie-web.png","width":635,"height":326,"caption":"Radio Infinita Goya"},"image":{"@id":"https:\/\/radioinfinitagoya.com.ar\/v1\/#\/schema\/logo\/image\/"},"sameAs":["https:\/\/www.facebook.com\/p\/Infinita-Goya-100063870918311\/"]},{"@type":"Person","@id":"https:\/\/radioinfinitagoya.com.ar\/v1\/#\/schema\/person\/d4cf9c413d4f6edb24aabdccab49ca4a","name":"Jorge Mi\u00f1o","image":{"@type":"ImageObject","inLanguage":"es-AR","@id":"https:\/\/secure.gravatar.com\/avatar\/910fcf6728fe95320e07a6643c1581fec1c7fc4bf8ae12e3d8f0d0373dc844be?s=96&d=mm&r=g","url":"https:\/\/secure.gravatar.com\/avatar\/910fcf6728fe95320e07a6643c1581fec1c7fc4bf8ae12e3d8f0d0373dc844be?s=96&d=mm&r=g","contentUrl":"https:\/\/secure.gravatar.com\/avatar\/910fcf6728fe95320e07a6643c1581fec1c7fc4bf8ae12e3d8f0d0373dc844be?s=96&d=mm&r=g","caption":"Jorge Mi\u00f1o"},"sameAs":["http:\/\/radioinfinitagoya.com.ar"]}]}},"_links":{"self":[{"href":"https:\/\/radioinfinitagoya.com.ar\/v1\/wp-json\/wp\/v2\/posts\/198242","targetHints":{"allow":["GET"]}}],"collection":[{"href":"https:\/\/radioinfinitagoya.com.ar\/v1\/wp-json\/wp\/v2\/posts"}],"about":[{"href":"https:\/\/radioinfinitagoya.com.ar\/v1\/wp-json\/wp\/v2\/types\/post"}],"author":[{"embeddable":true,"href":"https:\/\/radioinfinitagoya.com.ar\/v1\/wp-json\/wp\/v2\/users\/4"}],"replies":[{"embeddable":true,"href":"https:\/\/radioinfinitagoya.com.ar\/v1\/wp-json\/wp\/v2\/comments?post=198242"}],"version-history":[{"count":0,"href":"https:\/\/radioinfinitagoya.com.ar\/v1\/wp-json\/wp\/v2\/posts\/198242\/revisions"}],"wp:featuredmedia":[{"embeddable":true,"href":"https:\/\/radioinfinitagoya.com.ar\/v1\/wp-json\/wp\/v2\/media\/198243"}],"wp:attachment":[{"href":"https:\/\/radioinfinitagoya.com.ar\/v1\/wp-json\/wp\/v2\/media?parent=198242"}],"wp:term":[{"taxonomy":"category","embeddable":true,"href":"https:\/\/radioinfinitagoya.com.ar\/v1\/wp-json\/wp\/v2\/categories?post=198242"},{"taxonomy":"post_tag","embeddable":true,"href":"https:\/\/radioinfinitagoya.com.ar\/v1\/wp-json\/wp\/v2\/tags?post=198242"}],"curies":[{"name":"wp","href":"https:\/\/api.w.org\/{rel}","templated":true}]}}