{"id":198245,"date":"2025-10-26T17:16:16","date_gmt":"2025-10-26T20:16:16","guid":{"rendered":"https:\/\/radioinfinitagoya.com.ar\/v1\/?p=198245"},"modified":"2025-10-26T17:16:16","modified_gmt":"2025-10-26T20:16:16","slug":"giro-inesperado-en-el-triple-femicidio-de-florencio-varela","status":"publish","type":"post","link":"https:\/\/radioinfinitagoya.com.ar\/v1\/2025\/10\/26\/giro-inesperado-en-el-triple-femicidio-de-florencio-varela\/","title":{"rendered":"Giro inesperado en el triple femicidio de Florencio Varela"},"content":{"rendered":"<p>Allanaron celda de un narco peruano detenido<\/p>\n<p>La DDI de La Matanza requis\u00f3 la Alcald\u00eda Cavia de la Polic\u00eda Federal Argentina (PFA) donde se encuentra detenido el narco peruano Joseph Freyser Cubas Zabaleta.<\/p>\n<p>Joseph Freyser Cubas Zabaleta, alias &#8220;Se\u00f1or Jota&#8221;, presunto autor intelectual del triple femicidio.<\/p>\n<p>La DDI de La Matanza allan\u00f3 la Alcald\u00eda Cavia de la Polic\u00eda Federal Argentina (PFA) en la Ciudad de Buenos Aires, buscando al presunto autor intelectual del triple femicidio de Florencio Varela, tras la orden emitida por el Juzgado de Garant\u00edas N\u00b0 4 y la UFIJ Especializada en Homicidios Dolosos de La Matanza.<\/p>\n<p>El operativo se activ\u00f3 tras la declaraci\u00f3n testimonial bajo identidad reservada de una mujer detenida por otro delito y se llev\u00f3 a cabo en la celda de Joseph Freyser Cubas Zabaleta, alias &#8220;Se\u00f1or Jota&#8221;, ciudadano peruano detenido por narcotr\u00e1fico y que se encuentra a la espera de ser extraditado a su pa\u00eds.<\/p>\n<p>La testigo identific\u00f3 al sujeto como el &#8220;cerebro&#8221; detr\u00e1s de la operaci\u00f3n, se\u00f1alando que el narco no solo ten\u00eda un tel\u00e9fono celular dentro del penal sino tambi\u00e9n una &#8220;libreta de color verde&#8221; donde anotaba detalles que probar\u00edan su participaci\u00f3n intelectual.<\/p>\n<p>Tras esa declaraci\u00f3n, la hip\u00f3tesis que manejan los investigadores es que, desde prisi\u00f3n, Cubas Zabaleta habr\u00eda sido el autor intelectual del ataque a las tres v\u00edctimas, utilizando un tel\u00e9fono celular y a las personas que ya est\u00e1n detenidas, quienes ser\u00edan sus subalternos.<\/p>\n<p>Los detenidos hasta el momento son Sotacuro L\u00e1zaro, Ib\u00e1\u00f1ez, Mat\u00edas Agust\u00edn Ozorio (28), Magal\u00ed Celeste Gonz\u00e1lez Guerrero (28), Miguel \u00c1ngel Villanueva Silva (25), Iv\u00e1n Jerem\u00edas Gim\u00e9nez (28), Daniela Iara Ibarra (19) y Maximiliano Andr\u00e9s Parra (18). En tanto, Tony Janzen Valverde Victoriano (20), alias &#8220;Peque\u00f1o J&#8221;, sigue preso en Per\u00fa a la espera de su extradici\u00f3n.<\/p>\n<p>La libreta de color verde<\/p>\n<p>En efecto, tras la requisa la DDI de La Matanza logr\u00f3 el secuestro de un cuaderno con tapa color verde con anotaciones varias, como hab\u00eda declarado la testigo de identidad reservada. Tambi\u00e9n once papeles con anotaciones, la mayor\u00eda de n\u00fameros telef\u00f3nicos, y copias de libros de guardia, registro de visitas y otras pertenencias.<\/p>\n<p>Todo el material incautado ser\u00e1 periciado en busca de pruebas que confirmen la conexi\u00f3n de Cubas Zabaleta con los brutales asesinatos de Morena Verri (20), Brenda Loreley Del Castillo (20) y Lara Morena Guti\u00e9rrez (15).<\/p>\n<p>&nbsp;<\/p>\n<p>&nbsp;<\/p>\n","protected":false},"excerpt":{"rendered":"<p>Allanaron celda de un narco peruano detenido La DDI de La Matanza requis\u00f3 la Alcald\u00eda Cavia de la Polic\u00eda Federal Argentina (PFA) donde se encuentra detenido el narco peruano Joseph Freyser Cubas Zabaleta. Joseph Freyser Cubas Zabaleta, alias &#8220;Se\u00f1or Jota&#8221;, presunto autor intelectual del triple femicidio. La DDI de La Matanza allan\u00f3 la Alcald\u00eda Cavia [&hellip;]<\/p>\n","protected":false},"author":4,"featured_media":198246,"comment_status":"closed","ping_status":"closed","sticky":false,"template":"","format":"standard","meta":{"_joinchat":[],"footnotes":""},"categories":[29],"tags":[],"class_list":{"0":"post-198245","1":"post","2":"type-post","3":"status-publish","4":"format-standard","5":"has-post-thumbnail","7":"category-nacionales"},"yoast_head":"<!-- This site is optimized with the Yoast SEO plugin v27.2 - https:\/\/yoast.com\/product\/yoast-seo-wordpress\/ -->\n<title>Giro inesperado en el triple femicidio de Florencio Varela - Radio Infinita Goya<\/title>\n<meta name=\"description\" content=\"Allanaron celda de un narco peruano detenido La DDI de La Matanza requis\u00f3 la Alcald\u00eda Cavia de la Polic\u00eda Federal Argentina (PFA) donde se encuentra\" \/>\n<meta name=\"robots\" content=\"index, follow, max-snippet:-1, max-image-preview:large, max-video-preview:-1\" \/>\n<link rel=\"canonical\" href=\"https:\/\/radioinfinitagoya.com.ar\/v1\/2025\/10\/26\/giro-inesperado-en-el-triple-femicidio-de-florencio-varela\/\" \/>\n<meta property=\"og:locale\" content=\"es_ES\" \/>\n<meta property=\"og:type\" content=\"article\" \/>\n<meta property=\"og:title\" content=\"Giro inesperado en el triple femicidio de Florencio Varela - Radio Infinita Goya\" \/>\n<meta property=\"og:description\" content=\"Allanaron celda de un narco peruano detenido La DDI de La Matanza requis\u00f3 la Alcald\u00eda Cavia de la Polic\u00eda Federal Argentina (PFA) donde se encuentra\" \/>\n<meta property=\"og:url\" content=\"https:\/\/radioinfinitagoya.com.ar\/v1\/2025\/10\/26\/giro-inesperado-en-el-triple-femicidio-de-florencio-varela\/\" \/>\n<meta property=\"og:site_name\" content=\"Radio Infinita Goya\" \/>\n<meta property=\"article:publisher\" content=\"https:\/\/www.facebook.com\/p\/Infinita-Goya-100063870918311\/\" \/>\n<meta property=\"article:published_time\" content=\"2025-10-26T20:16:16+00:00\" \/>\n<meta property=\"og:image\" content=\"https:\/\/radioinfinitagoya.com.ar\/v1\/wp-content\/uploads\/2025\/10\/274205w380h237c.jpg.webp\" \/>\n\t<meta property=\"og:image:width\" content=\"380\" \/>\n\t<meta property=\"og:image:height\" content=\"237\" \/>\n\t<meta property=\"og:image:type\" content=\"image\/webp\" \/>\n<meta name=\"author\" content=\"Jorge Mi\u00f1o\" \/>\n<meta name=\"twitter:card\" content=\"summary_large_image\" \/>\n<meta name=\"twitter:label1\" content=\"Escrito por\" \/>\n\t<meta name=\"twitter:data1\" content=\"Jorge Mi\u00f1o\" \/>\n\t<meta name=\"twitter:label2\" content=\"Tiempo de lectura\" \/>\n\t<meta name=\"twitter:data2\" content=\"2 minutos\" \/>\n<script type=\"application\/ld+json\" class=\"yoast-schema-graph\">{\"@context\":\"https:\/\/schema.org\",\"@graph\":[{\"@type\":\"Article\",\"@id\":\"https:\/\/radioinfinitagoya.com.ar\/v1\/2025\/10\/26\/giro-inesperado-en-el-triple-femicidio-de-florencio-varela\/#article\",\"isPartOf\":{\"@id\":\"https:\/\/radioinfinitagoya.com.ar\/v1\/2025\/10\/26\/giro-inesperado-en-el-triple-femicidio-de-florencio-varela\/\"},\"author\":{\"name\":\"Jorge Mi\u00f1o\",\"@id\":\"https:\/\/radioinfinitagoya.com.ar\/v1\/#\/schema\/person\/d4cf9c413d4f6edb24aabdccab49ca4a\"},\"headline\":\"Giro inesperado en el triple femicidio de Florencio Varela\",\"datePublished\":\"2025-10-26T20:16:16+00:00\",\"mainEntityOfPage\":{\"@id\":\"https:\/\/radioinfinitagoya.com.ar\/v1\/2025\/10\/26\/giro-inesperado-en-el-triple-femicidio-de-florencio-varela\/\"},\"wordCount\":426,\"publisher\":{\"@id\":\"https:\/\/radioinfinitagoya.com.ar\/v1\/#organization\"},\"image\":{\"@id\":\"https:\/\/radioinfinitagoya.com.ar\/v1\/2025\/10\/26\/giro-inesperado-en-el-triple-femicidio-de-florencio-varela\/#primaryimage\"},\"thumbnailUrl\":\"https:\/\/radioinfinitagoya.com.ar\/v1\/wp-content\/uploads\/2025\/10\/274205w380h237c.jpg.webp\",\"articleSection\":[\"NACIONALES\"],\"inLanguage\":\"es-AR\"},{\"@type\":\"WebPage\",\"@id\":\"https:\/\/radioinfinitagoya.com.ar\/v1\/2025\/10\/26\/giro-inesperado-en-el-triple-femicidio-de-florencio-varela\/\",\"url\":\"https:\/\/radioinfinitagoya.com.ar\/v1\/2025\/10\/26\/giro-inesperado-en-el-triple-femicidio-de-florencio-varela\/\",\"name\":\"Giro inesperado en el triple femicidio de Florencio Varela - Radio Infinita Goya\",\"isPartOf\":{\"@id\":\"https:\/\/radioinfinitagoya.com.ar\/v1\/#website\"},\"primaryImageOfPage\":{\"@id\":\"https:\/\/radioinfinitagoya.com.ar\/v1\/2025\/10\/26\/giro-inesperado-en-el-triple-femicidio-de-florencio-varela\/#primaryimage\"},\"image\":{\"@id\":\"https:\/\/radioinfinitagoya.com.ar\/v1\/2025\/10\/26\/giro-inesperado-en-el-triple-femicidio-de-florencio-varela\/#primaryimage\"},\"thumbnailUrl\":\"https:\/\/radioinfinitagoya.com.ar\/v1\/wp-content\/uploads\/2025\/10\/274205w380h237c.jpg.webp\",\"datePublished\":\"2025-10-26T20:16:16+00:00\",\"description\":\"Allanaron celda de un narco peruano detenido La DDI de La Matanza requis\u00f3 la Alcald\u00eda Cavia de la Polic\u00eda Federal Argentina (PFA) donde se encuentra\",\"breadcrumb\":{\"@id\":\"https:\/\/radioinfinitagoya.com.ar\/v1\/2025\/10\/26\/giro-inesperado-en-el-triple-femicidio-de-florencio-varela\/#breadcrumb\"},\"inLanguage\":\"es-AR\",\"potentialAction\":[{\"@type\":\"ReadAction\",\"target\":[\"https:\/\/radioinfinitagoya.com.ar\/v1\/2025\/10\/26\/giro-inesperado-en-el-triple-femicidio-de-florencio-varela\/\"]}]},{\"@type\":\"ImageObject\",\"inLanguage\":\"es-AR\",\"@id\":\"https:\/\/radioinfinitagoya.com.ar\/v1\/2025\/10\/26\/giro-inesperado-en-el-triple-femicidio-de-florencio-varela\/#primaryimage\",\"url\":\"https:\/\/radioinfinitagoya.com.ar\/v1\/wp-content\/uploads\/2025\/10\/274205w380h237c.jpg.webp\",\"contentUrl\":\"https:\/\/radioinfinitagoya.com.ar\/v1\/wp-content\/uploads\/2025\/10\/274205w380h237c.jpg.webp\",\"width\":380,\"height\":237},{\"@type\":\"BreadcrumbList\",\"@id\":\"https:\/\/radioinfinitagoya.com.ar\/v1\/2025\/10\/26\/giro-inesperado-en-el-triple-femicidio-de-florencio-varela\/#breadcrumb\",\"itemListElement\":[{\"@type\":\"ListItem\",\"position\":1,\"name\":\"Inicio\",\"item\":\"https:\/\/radioinfinitagoya.com.ar\/v1\/\"},{\"@type\":\"ListItem\",\"position\":2,\"name\":\"Giro inesperado en el triple femicidio de Florencio Varela\"}]},{\"@type\":\"WebSite\",\"@id\":\"https:\/\/radioinfinitagoya.com.ar\/v1\/#website\",\"url\":\"https:\/\/radioinfinitagoya.com.ar\/v1\/\",\"name\":\"radioinfinitagoya.com.ar\",\"description\":\"Radio de noticias\",\"publisher\":{\"@id\":\"https:\/\/radioinfinitagoya.com.ar\/v1\/#organization\"},\"potentialAction\":[{\"@type\":\"SearchAction\",\"target\":{\"@type\":\"EntryPoint\",\"urlTemplate\":\"https:\/\/radioinfinitagoya.com.ar\/v1\/?s={search_term_string}\"},\"query-input\":{\"@type\":\"PropertyValueSpecification\",\"valueRequired\":true,\"valueName\":\"search_term_string\"}}],\"inLanguage\":\"es-AR\"},{\"@type\":\"Organization\",\"@id\":\"https:\/\/radioinfinitagoya.com.ar\/v1\/#organization\",\"name\":\"Radio Infinita Goya\",\"url\":\"https:\/\/radioinfinitagoya.com.ar\/v1\/\",\"logo\":{\"@type\":\"ImageObject\",\"inLanguage\":\"es-AR\",\"@id\":\"https:\/\/radioinfinitagoya.com.ar\/v1\/#\/schema\/logo\/image\/\",\"url\":\"https:\/\/radioinfinitagoya.com.ar\/v1\/wp-content\/uploads\/2019\/11\/logo-pie-web.png\",\"contentUrl\":\"https:\/\/radioinfinitagoya.com.ar\/v1\/wp-content\/uploads\/2019\/11\/logo-pie-web.png\",\"width\":635,\"height\":326,\"caption\":\"Radio Infinita Goya\"},\"image\":{\"@id\":\"https:\/\/radioinfinitagoya.com.ar\/v1\/#\/schema\/logo\/image\/\"},\"sameAs\":[\"https:\/\/www.facebook.com\/p\/Infinita-Goya-100063870918311\/\"]},{\"@type\":\"Person\",\"@id\":\"https:\/\/radioinfinitagoya.com.ar\/v1\/#\/schema\/person\/d4cf9c413d4f6edb24aabdccab49ca4a\",\"name\":\"Jorge Mi\u00f1o\",\"image\":{\"@type\":\"ImageObject\",\"inLanguage\":\"es-AR\",\"@id\":\"https:\/\/secure.gravatar.com\/avatar\/910fcf6728fe95320e07a6643c1581fec1c7fc4bf8ae12e3d8f0d0373dc844be?s=96&d=mm&r=g\",\"url\":\"https:\/\/secure.gravatar.com\/avatar\/910fcf6728fe95320e07a6643c1581fec1c7fc4bf8ae12e3d8f0d0373dc844be?s=96&d=mm&r=g\",\"contentUrl\":\"https:\/\/secure.gravatar.com\/avatar\/910fcf6728fe95320e07a6643c1581fec1c7fc4bf8ae12e3d8f0d0373dc844be?s=96&d=mm&r=g\",\"caption\":\"Jorge Mi\u00f1o\"},\"sameAs\":[\"http:\/\/radioinfinitagoya.com.ar\"]}]}<\/script>\n<!-- \/ Yoast SEO plugin. -->","yoast_head_json":{"title":"Giro inesperado en el triple femicidio de Florencio Varela - Radio Infinita Goya","description":"Allanaron celda de un narco peruano detenido La DDI de La Matanza requis\u00f3 la Alcald\u00eda Cavia de la Polic\u00eda Federal Argentina (PFA) donde se encuentra","robots":{"index":"index","follow":"follow","max-snippet":"max-snippet:-1","max-image-preview":"max-image-preview:large","max-video-preview":"max-video-preview:-1"},"canonical":"https:\/\/radioinfinitagoya.com.ar\/v1\/2025\/10\/26\/giro-inesperado-en-el-triple-femicidio-de-florencio-varela\/","og_locale":"es_ES","og_type":"article","og_title":"Giro inesperado en el triple femicidio de Florencio Varela - Radio Infinita Goya","og_description":"Allanaron celda de un narco peruano detenido La DDI de La Matanza requis\u00f3 la Alcald\u00eda Cavia de la Polic\u00eda Federal Argentina (PFA) donde se encuentra","og_url":"https:\/\/radioinfinitagoya.com.ar\/v1\/2025\/10\/26\/giro-inesperado-en-el-triple-femicidio-de-florencio-varela\/","og_site_name":"Radio Infinita Goya","article_publisher":"https:\/\/www.facebook.com\/p\/Infinita-Goya-100063870918311\/","article_published_time":"2025-10-26T20:16:16+00:00","og_image":[{"width":380,"height":237,"url":"https:\/\/radioinfinitagoya.com.ar\/v1\/wp-content\/uploads\/2025\/10\/274205w380h237c.jpg.webp","type":"image\/webp"}],"author":"Jorge Mi\u00f1o","twitter_card":"summary_large_image","twitter_misc":{"Escrito por":"Jorge Mi\u00f1o","Tiempo de lectura":"2 minutos"},"schema":{"@context":"https:\/\/schema.org","@graph":[{"@type":"Article","@id":"https:\/\/radioinfinitagoya.com.ar\/v1\/2025\/10\/26\/giro-inesperado-en-el-triple-femicidio-de-florencio-varela\/#article","isPartOf":{"@id":"https:\/\/radioinfinitagoya.com.ar\/v1\/2025\/10\/26\/giro-inesperado-en-el-triple-femicidio-de-florencio-varela\/"},"author":{"name":"Jorge Mi\u00f1o","@id":"https:\/\/radioinfinitagoya.com.ar\/v1\/#\/schema\/person\/d4cf9c413d4f6edb24aabdccab49ca4a"},"headline":"Giro inesperado en el triple femicidio de Florencio Varela","datePublished":"2025-10-26T20:16:16+00:00","mainEntityOfPage":{"@id":"https:\/\/radioinfinitagoya.com.ar\/v1\/2025\/10\/26\/giro-inesperado-en-el-triple-femicidio-de-florencio-varela\/"},"wordCount":426,"publisher":{"@id":"https:\/\/radioinfinitagoya.com.ar\/v1\/#organization"},"image":{"@id":"https:\/\/radioinfinitagoya.com.ar\/v1\/2025\/10\/26\/giro-inesperado-en-el-triple-femicidio-de-florencio-varela\/#primaryimage"},"thumbnailUrl":"https:\/\/radioinfinitagoya.com.ar\/v1\/wp-content\/uploads\/2025\/10\/274205w380h237c.jpg.webp","articleSection":["NACIONALES"],"inLanguage":"es-AR"},{"@type":"WebPage","@id":"https:\/\/radioinfinitagoya.com.ar\/v1\/2025\/10\/26\/giro-inesperado-en-el-triple-femicidio-de-florencio-varela\/","url":"https:\/\/radioinfinitagoya.com.ar\/v1\/2025\/10\/26\/giro-inesperado-en-el-triple-femicidio-de-florencio-varela\/","name":"Giro inesperado en el triple femicidio de Florencio Varela - Radio Infinita Goya","isPartOf":{"@id":"https:\/\/radioinfinitagoya.com.ar\/v1\/#website"},"primaryImageOfPage":{"@id":"https:\/\/radioinfinitagoya.com.ar\/v1\/2025\/10\/26\/giro-inesperado-en-el-triple-femicidio-de-florencio-varela\/#primaryimage"},"image":{"@id":"https:\/\/radioinfinitagoya.com.ar\/v1\/2025\/10\/26\/giro-inesperado-en-el-triple-femicidio-de-florencio-varela\/#primaryimage"},"thumbnailUrl":"https:\/\/radioinfinitagoya.com.ar\/v1\/wp-content\/uploads\/2025\/10\/274205w380h237c.jpg.webp","datePublished":"2025-10-26T20:16:16+00:00","description":"Allanaron celda de un narco peruano detenido La DDI de La Matanza requis\u00f3 la Alcald\u00eda Cavia de la Polic\u00eda Federal Argentina (PFA) donde se encuentra","breadcrumb":{"@id":"https:\/\/radioinfinitagoya.com.ar\/v1\/2025\/10\/26\/giro-inesperado-en-el-triple-femicidio-de-florencio-varela\/#breadcrumb"},"inLanguage":"es-AR","potentialAction":[{"@type":"ReadAction","target":["https:\/\/radioinfinitagoya.com.ar\/v1\/2025\/10\/26\/giro-inesperado-en-el-triple-femicidio-de-florencio-varela\/"]}]},{"@type":"ImageObject","inLanguage":"es-AR","@id":"https:\/\/radioinfinitagoya.com.ar\/v1\/2025\/10\/26\/giro-inesperado-en-el-triple-femicidio-de-florencio-varela\/#primaryimage","url":"https:\/\/radioinfinitagoya.com.ar\/v1\/wp-content\/uploads\/2025\/10\/274205w380h237c.jpg.webp","contentUrl":"https:\/\/radioinfinitagoya.com.ar\/v1\/wp-content\/uploads\/2025\/10\/274205w380h237c.jpg.webp","width":380,"height":237},{"@type":"BreadcrumbList","@id":"https:\/\/radioinfinitagoya.com.ar\/v1\/2025\/10\/26\/giro-inesperado-en-el-triple-femicidio-de-florencio-varela\/#breadcrumb","itemListElement":[{"@type":"ListItem","position":1,"name":"Inicio","item":"https:\/\/radioinfinitagoya.com.ar\/v1\/"},{"@type":"ListItem","position":2,"name":"Giro inesperado en el triple femicidio de Florencio Varela"}]},{"@type":"WebSite","@id":"https:\/\/radioinfinitagoya.com.ar\/v1\/#website","url":"https:\/\/radioinfinitagoya.com.ar\/v1\/","name":"radioinfinitagoya.com.ar","description":"Radio de noticias","publisher":{"@id":"https:\/\/radioinfinitagoya.com.ar\/v1\/#organization"},"potentialAction":[{"@type":"SearchAction","target":{"@type":"EntryPoint","urlTemplate":"https:\/\/radioinfinitagoya.com.ar\/v1\/?s={search_term_string}"},"query-input":{"@type":"PropertyValueSpecification","valueRequired":true,"valueName":"search_term_string"}}],"inLanguage":"es-AR"},{"@type":"Organization","@id":"https:\/\/radioinfinitagoya.com.ar\/v1\/#organization","name":"Radio Infinita Goya","url":"https:\/\/radioinfinitagoya.com.ar\/v1\/","logo":{"@type":"ImageObject","inLanguage":"es-AR","@id":"https:\/\/radioinfinitagoya.com.ar\/v1\/#\/schema\/logo\/image\/","url":"https:\/\/radioinfinitagoya.com.ar\/v1\/wp-content\/uploads\/2019\/11\/logo-pie-web.png","contentUrl":"https:\/\/radioinfinitagoya.com.ar\/v1\/wp-content\/uploads\/2019\/11\/logo-pie-web.png","width":635,"height":326,"caption":"Radio Infinita Goya"},"image":{"@id":"https:\/\/radioinfinitagoya.com.ar\/v1\/#\/schema\/logo\/image\/"},"sameAs":["https:\/\/www.facebook.com\/p\/Infinita-Goya-100063870918311\/"]},{"@type":"Person","@id":"https:\/\/radioinfinitagoya.com.ar\/v1\/#\/schema\/person\/d4cf9c413d4f6edb24aabdccab49ca4a","name":"Jorge Mi\u00f1o","image":{"@type":"ImageObject","inLanguage":"es-AR","@id":"https:\/\/secure.gravatar.com\/avatar\/910fcf6728fe95320e07a6643c1581fec1c7fc4bf8ae12e3d8f0d0373dc844be?s=96&d=mm&r=g","url":"https:\/\/secure.gravatar.com\/avatar\/910fcf6728fe95320e07a6643c1581fec1c7fc4bf8ae12e3d8f0d0373dc844be?s=96&d=mm&r=g","contentUrl":"https:\/\/secure.gravatar.com\/avatar\/910fcf6728fe95320e07a6643c1581fec1c7fc4bf8ae12e3d8f0d0373dc844be?s=96&d=mm&r=g","caption":"Jorge Mi\u00f1o"},"sameAs":["http:\/\/radioinfinitagoya.com.ar"]}]}},"_links":{"self":[{"href":"https:\/\/radioinfinitagoya.com.ar\/v1\/wp-json\/wp\/v2\/posts\/198245","targetHints":{"allow":["GET"]}}],"collection":[{"href":"https:\/\/radioinfinitagoya.com.ar\/v1\/wp-json\/wp\/v2\/posts"}],"about":[{"href":"https:\/\/radioinfinitagoya.com.ar\/v1\/wp-json\/wp\/v2\/types\/post"}],"author":[{"embeddable":true,"href":"https:\/\/radioinfinitagoya.com.ar\/v1\/wp-json\/wp\/v2\/users\/4"}],"replies":[{"embeddable":true,"href":"https:\/\/radioinfinitagoya.com.ar\/v1\/wp-json\/wp\/v2\/comments?post=198245"}],"version-history":[{"count":0,"href":"https:\/\/radioinfinitagoya.com.ar\/v1\/wp-json\/wp\/v2\/posts\/198245\/revisions"}],"wp:featuredmedia":[{"embeddable":true,"href":"https:\/\/radioinfinitagoya.com.ar\/v1\/wp-json\/wp\/v2\/media\/198246"}],"wp:attachment":[{"href":"https:\/\/radioinfinitagoya.com.ar\/v1\/wp-json\/wp\/v2\/media?parent=198245"}],"wp:term":[{"taxonomy":"category","embeddable":true,"href":"https:\/\/radioinfinitagoya.com.ar\/v1\/wp-json\/wp\/v2\/categories?post=198245"},{"taxonomy":"post_tag","embeddable":true,"href":"https:\/\/radioinfinitagoya.com.ar\/v1\/wp-json\/wp\/v2\/tags?post=198245"}],"curies":[{"name":"wp","href":"https:\/\/api.w.org\/{rel}","templated":true}]}}