{"id":198248,"date":"2025-10-26T17:19:22","date_gmt":"2025-10-26T20:19:22","guid":{"rendered":"https:\/\/radioinfinitagoya.com.ar\/v1\/?p=198248"},"modified":"2025-10-26T17:19:22","modified_gmt":"2025-10-26T20:19:22","slug":"baltazar-jabornisky-fue-parte-de-la-concentracion-de-los-pumas-7s","status":"publish","type":"post","link":"https:\/\/radioinfinitagoya.com.ar\/v1\/2025\/10\/26\/baltazar-jabornisky-fue-parte-de-la-concentracion-de-los-pumas-7s\/","title":{"rendered":"Baltazar Jabornisky fue parte de la concentraci\u00f3n de Los Pumas 7&#8217;s"},"content":{"rendered":"<p>El juvenil de Taraguy entren\u00f3 dos semanas con el equipo nacional que se prepara para el Circuito Mundial.<\/p>\n<p>El jugador del Taraguy Rugby Club (TRC), Baltazar Jabornisky, entren\u00f3 durante dos semanas con la Selecci\u00f3n Nacional de Seven\u2019s en Casa Pumas. La concentraci\u00f3n cont\u00f3 con la participaci\u00f3n 20 jugadores bajo las \u00f3rdenes del cuerpo t\u00e9cnico que lidera Santiago G\u00f3mez Cora.<\/p>\n<p>Jabornisky fue convocado por la Uni\u00f3n Argentina de Rugby (UAR) para trabajar con los Pumas 7\u2019s entre el 13 y 17 de octubre, sin embargo, despu\u00e9s fue invitado a compartir una semana en la concentraci\u00f3n nacional del equipo argentino que se prepara para el Circuito Mundial.<\/p>\n<p>El correntino destac\u00f3 que \u201cestoy disfrutando al m\u00e1ximo, estar con los mejores del mundo, porque es es lo que son, es incre\u00edble\u201d sostuvo el juvenil \u201ccuervo\u201d.<\/p>\n<p>La UAR trabaja con una base del seleccionado y ampliando la misma con jugadores de todo el pa\u00eds.<\/p>\n<p>\u201cEntrenamos de lunes a viernes, con algunos partidos tambi\u00e9n\u201d agreg\u00f3 Baltazar, que vuelve a Corrientes para sumarse a la M19 de Taraguy que se prepara para participar del Nacional \u201cVeco Villegas\u201d a disputarse en Tucum\u00e1n, producto de la clasificaci\u00f3n lograda tras la consagraci\u00f3n en el Oficial de la URNE.<\/p>\n<p>\u201cHay jugadores de todo el pa\u00eds, somos m\u00e1s o menos 10 del interior. Hay una mezcla de caras nuevas y tambi\u00e9n conocidas\u201d, agreg\u00f3 Jabornisky.<\/p>\n<p>En el 2024, Ignacio Meabe, tambi\u00e9n del Taraguy Rugby Club, tuvo la oportunidad de trabajar junto a los Los Pumas 7\u2019s .<\/p>\n<p>&nbsp;<\/p>\n","protected":false},"excerpt":{"rendered":"<p>El juvenil de Taraguy entren\u00f3 dos semanas con el equipo nacional que se prepara para el Circuito Mundial. El jugador del Taraguy Rugby Club (TRC), Baltazar Jabornisky, entren\u00f3 durante dos semanas con la Selecci\u00f3n Nacional de Seven\u2019s en Casa Pumas. La concentraci\u00f3n cont\u00f3 con la participaci\u00f3n 20 jugadores bajo las \u00f3rdenes del cuerpo t\u00e9cnico que [&hellip;]<\/p>\n","protected":false},"author":4,"featured_media":198249,"comment_status":"closed","ping_status":"closed","sticky":false,"template":"","format":"standard","meta":{"_joinchat":[],"footnotes":""},"categories":[28],"tags":[],"class_list":{"0":"post-198248","1":"post","2":"type-post","3":"status-publish","4":"format-standard","5":"has-post-thumbnail","7":"category-deportes"},"yoast_head":"<!-- This site is optimized with the Yoast SEO plugin v27.2 - https:\/\/yoast.com\/product\/yoast-seo-wordpress\/ -->\n<title>Baltazar Jabornisky fue parte de la concentraci\u00f3n de Los Pumas 7&#039;s - Radio Infinita Goya<\/title>\n<meta name=\"description\" content=\"El juvenil de Taraguy entren\u00f3 dos semanas con el equipo nacional que se prepara para el Circuito Mundial. El jugador del Taraguy Rugby Club (TRC),\" \/>\n<meta name=\"robots\" content=\"index, follow, max-snippet:-1, max-image-preview:large, max-video-preview:-1\" \/>\n<link rel=\"canonical\" href=\"https:\/\/radioinfinitagoya.com.ar\/v1\/2025\/10\/26\/baltazar-jabornisky-fue-parte-de-la-concentracion-de-los-pumas-7s\/\" \/>\n<meta property=\"og:locale\" content=\"es_ES\" \/>\n<meta property=\"og:type\" content=\"article\" \/>\n<meta property=\"og:title\" content=\"Baltazar Jabornisky fue parte de la concentraci\u00f3n de Los Pumas 7&#039;s - Radio Infinita Goya\" \/>\n<meta property=\"og:description\" content=\"El juvenil de Taraguy entren\u00f3 dos semanas con el equipo nacional que se prepara para el Circuito Mundial. El jugador del Taraguy Rugby Club (TRC),\" \/>\n<meta property=\"og:url\" content=\"https:\/\/radioinfinitagoya.com.ar\/v1\/2025\/10\/26\/baltazar-jabornisky-fue-parte-de-la-concentracion-de-los-pumas-7s\/\" \/>\n<meta property=\"og:site_name\" content=\"Radio Infinita Goya\" \/>\n<meta property=\"article:publisher\" content=\"https:\/\/www.facebook.com\/p\/Infinita-Goya-100063870918311\/\" \/>\n<meta property=\"article:published_time\" content=\"2025-10-26T20:19:22+00:00\" \/>\n<meta property=\"og:image\" content=\"https:\/\/radioinfinitagoya.com.ar\/v1\/wp-content\/uploads\/2025\/10\/G4Jae39WEAA6ett.jpg\" \/>\n\t<meta property=\"og:image:width\" content=\"680\" \/>\n\t<meta property=\"og:image:height\" content=\"669\" \/>\n\t<meta property=\"og:image:type\" content=\"image\/jpeg\" \/>\n<meta name=\"author\" content=\"Jorge Mi\u00f1o\" \/>\n<meta name=\"twitter:card\" content=\"summary_large_image\" \/>\n<meta name=\"twitter:label1\" content=\"Escrito por\" \/>\n\t<meta name=\"twitter:data1\" content=\"Jorge Mi\u00f1o\" \/>\n\t<meta name=\"twitter:label2\" content=\"Tiempo de lectura\" \/>\n\t<meta name=\"twitter:data2\" content=\"2 minutos\" \/>\n<script type=\"application\/ld+json\" class=\"yoast-schema-graph\">{\"@context\":\"https:\/\/schema.org\",\"@graph\":[{\"@type\":\"Article\",\"@id\":\"https:\/\/radioinfinitagoya.com.ar\/v1\/2025\/10\/26\/baltazar-jabornisky-fue-parte-de-la-concentracion-de-los-pumas-7s\/#article\",\"isPartOf\":{\"@id\":\"https:\/\/radioinfinitagoya.com.ar\/v1\/2025\/10\/26\/baltazar-jabornisky-fue-parte-de-la-concentracion-de-los-pumas-7s\/\"},\"author\":{\"name\":\"Jorge Mi\u00f1o\",\"@id\":\"https:\/\/radioinfinitagoya.com.ar\/v1\/#\/schema\/person\/d4cf9c413d4f6edb24aabdccab49ca4a\"},\"headline\":\"Baltazar Jabornisky fue parte de la concentraci\u00f3n de Los Pumas 7&#8217;s\",\"datePublished\":\"2025-10-26T20:19:22+00:00\",\"mainEntityOfPage\":{\"@id\":\"https:\/\/radioinfinitagoya.com.ar\/v1\/2025\/10\/26\/baltazar-jabornisky-fue-parte-de-la-concentracion-de-los-pumas-7s\/\"},\"wordCount\":271,\"publisher\":{\"@id\":\"https:\/\/radioinfinitagoya.com.ar\/v1\/#organization\"},\"image\":{\"@id\":\"https:\/\/radioinfinitagoya.com.ar\/v1\/2025\/10\/26\/baltazar-jabornisky-fue-parte-de-la-concentracion-de-los-pumas-7s\/#primaryimage\"},\"thumbnailUrl\":\"https:\/\/radioinfinitagoya.com.ar\/v1\/wp-content\/uploads\/2025\/10\/G4Jae39WEAA6ett.jpg\",\"articleSection\":[\"DEPORTES\"],\"inLanguage\":\"es-AR\"},{\"@type\":\"WebPage\",\"@id\":\"https:\/\/radioinfinitagoya.com.ar\/v1\/2025\/10\/26\/baltazar-jabornisky-fue-parte-de-la-concentracion-de-los-pumas-7s\/\",\"url\":\"https:\/\/radioinfinitagoya.com.ar\/v1\/2025\/10\/26\/baltazar-jabornisky-fue-parte-de-la-concentracion-de-los-pumas-7s\/\",\"name\":\"Baltazar Jabornisky fue parte de la concentraci\u00f3n de Los Pumas 7's - Radio Infinita Goya\",\"isPartOf\":{\"@id\":\"https:\/\/radioinfinitagoya.com.ar\/v1\/#website\"},\"primaryImageOfPage\":{\"@id\":\"https:\/\/radioinfinitagoya.com.ar\/v1\/2025\/10\/26\/baltazar-jabornisky-fue-parte-de-la-concentracion-de-los-pumas-7s\/#primaryimage\"},\"image\":{\"@id\":\"https:\/\/radioinfinitagoya.com.ar\/v1\/2025\/10\/26\/baltazar-jabornisky-fue-parte-de-la-concentracion-de-los-pumas-7s\/#primaryimage\"},\"thumbnailUrl\":\"https:\/\/radioinfinitagoya.com.ar\/v1\/wp-content\/uploads\/2025\/10\/G4Jae39WEAA6ett.jpg\",\"datePublished\":\"2025-10-26T20:19:22+00:00\",\"description\":\"El juvenil de Taraguy entren\u00f3 dos semanas con el equipo nacional que se prepara para el Circuito Mundial. El jugador del Taraguy Rugby Club (TRC),\",\"breadcrumb\":{\"@id\":\"https:\/\/radioinfinitagoya.com.ar\/v1\/2025\/10\/26\/baltazar-jabornisky-fue-parte-de-la-concentracion-de-los-pumas-7s\/#breadcrumb\"},\"inLanguage\":\"es-AR\",\"potentialAction\":[{\"@type\":\"ReadAction\",\"target\":[\"https:\/\/radioinfinitagoya.com.ar\/v1\/2025\/10\/26\/baltazar-jabornisky-fue-parte-de-la-concentracion-de-los-pumas-7s\/\"]}]},{\"@type\":\"ImageObject\",\"inLanguage\":\"es-AR\",\"@id\":\"https:\/\/radioinfinitagoya.com.ar\/v1\/2025\/10\/26\/baltazar-jabornisky-fue-parte-de-la-concentracion-de-los-pumas-7s\/#primaryimage\",\"url\":\"https:\/\/radioinfinitagoya.com.ar\/v1\/wp-content\/uploads\/2025\/10\/G4Jae39WEAA6ett.jpg\",\"contentUrl\":\"https:\/\/radioinfinitagoya.com.ar\/v1\/wp-content\/uploads\/2025\/10\/G4Jae39WEAA6ett.jpg\",\"width\":680,\"height\":669},{\"@type\":\"BreadcrumbList\",\"@id\":\"https:\/\/radioinfinitagoya.com.ar\/v1\/2025\/10\/26\/baltazar-jabornisky-fue-parte-de-la-concentracion-de-los-pumas-7s\/#breadcrumb\",\"itemListElement\":[{\"@type\":\"ListItem\",\"position\":1,\"name\":\"Inicio\",\"item\":\"https:\/\/radioinfinitagoya.com.ar\/v1\/\"},{\"@type\":\"ListItem\",\"position\":2,\"name\":\"Baltazar Jabornisky fue parte de la concentraci\u00f3n de Los Pumas 7&#8217;s\"}]},{\"@type\":\"WebSite\",\"@id\":\"https:\/\/radioinfinitagoya.com.ar\/v1\/#website\",\"url\":\"https:\/\/radioinfinitagoya.com.ar\/v1\/\",\"name\":\"radioinfinitagoya.com.ar\",\"description\":\"Radio de noticias\",\"publisher\":{\"@id\":\"https:\/\/radioinfinitagoya.com.ar\/v1\/#organization\"},\"potentialAction\":[{\"@type\":\"SearchAction\",\"target\":{\"@type\":\"EntryPoint\",\"urlTemplate\":\"https:\/\/radioinfinitagoya.com.ar\/v1\/?s={search_term_string}\"},\"query-input\":{\"@type\":\"PropertyValueSpecification\",\"valueRequired\":true,\"valueName\":\"search_term_string\"}}],\"inLanguage\":\"es-AR\"},{\"@type\":\"Organization\",\"@id\":\"https:\/\/radioinfinitagoya.com.ar\/v1\/#organization\",\"name\":\"Radio Infinita Goya\",\"url\":\"https:\/\/radioinfinitagoya.com.ar\/v1\/\",\"logo\":{\"@type\":\"ImageObject\",\"inLanguage\":\"es-AR\",\"@id\":\"https:\/\/radioinfinitagoya.com.ar\/v1\/#\/schema\/logo\/image\/\",\"url\":\"https:\/\/radioinfinitagoya.com.ar\/v1\/wp-content\/uploads\/2019\/11\/logo-pie-web.png\",\"contentUrl\":\"https:\/\/radioinfinitagoya.com.ar\/v1\/wp-content\/uploads\/2019\/11\/logo-pie-web.png\",\"width\":635,\"height\":326,\"caption\":\"Radio Infinita Goya\"},\"image\":{\"@id\":\"https:\/\/radioinfinitagoya.com.ar\/v1\/#\/schema\/logo\/image\/\"},\"sameAs\":[\"https:\/\/www.facebook.com\/p\/Infinita-Goya-100063870918311\/\"]},{\"@type\":\"Person\",\"@id\":\"https:\/\/radioinfinitagoya.com.ar\/v1\/#\/schema\/person\/d4cf9c413d4f6edb24aabdccab49ca4a\",\"name\":\"Jorge Mi\u00f1o\",\"image\":{\"@type\":\"ImageObject\",\"inLanguage\":\"es-AR\",\"@id\":\"https:\/\/secure.gravatar.com\/avatar\/910fcf6728fe95320e07a6643c1581fec1c7fc4bf8ae12e3d8f0d0373dc844be?s=96&d=mm&r=g\",\"url\":\"https:\/\/secure.gravatar.com\/avatar\/910fcf6728fe95320e07a6643c1581fec1c7fc4bf8ae12e3d8f0d0373dc844be?s=96&d=mm&r=g\",\"contentUrl\":\"https:\/\/secure.gravatar.com\/avatar\/910fcf6728fe95320e07a6643c1581fec1c7fc4bf8ae12e3d8f0d0373dc844be?s=96&d=mm&r=g\",\"caption\":\"Jorge Mi\u00f1o\"},\"sameAs\":[\"http:\/\/radioinfinitagoya.com.ar\"]}]}<\/script>\n<!-- \/ Yoast SEO plugin. -->","yoast_head_json":{"title":"Baltazar Jabornisky fue parte de la concentraci\u00f3n de Los Pumas 7's - Radio Infinita Goya","description":"El juvenil de Taraguy entren\u00f3 dos semanas con el equipo nacional que se prepara para el Circuito Mundial. El jugador del Taraguy Rugby Club (TRC),","robots":{"index":"index","follow":"follow","max-snippet":"max-snippet:-1","max-image-preview":"max-image-preview:large","max-video-preview":"max-video-preview:-1"},"canonical":"https:\/\/radioinfinitagoya.com.ar\/v1\/2025\/10\/26\/baltazar-jabornisky-fue-parte-de-la-concentracion-de-los-pumas-7s\/","og_locale":"es_ES","og_type":"article","og_title":"Baltazar Jabornisky fue parte de la concentraci\u00f3n de Los Pumas 7's - Radio Infinita Goya","og_description":"El juvenil de Taraguy entren\u00f3 dos semanas con el equipo nacional que se prepara para el Circuito Mundial. El jugador del Taraguy Rugby Club (TRC),","og_url":"https:\/\/radioinfinitagoya.com.ar\/v1\/2025\/10\/26\/baltazar-jabornisky-fue-parte-de-la-concentracion-de-los-pumas-7s\/","og_site_name":"Radio Infinita Goya","article_publisher":"https:\/\/www.facebook.com\/p\/Infinita-Goya-100063870918311\/","article_published_time":"2025-10-26T20:19:22+00:00","og_image":[{"width":680,"height":669,"url":"https:\/\/radioinfinitagoya.com.ar\/v1\/wp-content\/uploads\/2025\/10\/G4Jae39WEAA6ett.jpg","type":"image\/jpeg"}],"author":"Jorge Mi\u00f1o","twitter_card":"summary_large_image","twitter_misc":{"Escrito por":"Jorge Mi\u00f1o","Tiempo de lectura":"2 minutos"},"schema":{"@context":"https:\/\/schema.org","@graph":[{"@type":"Article","@id":"https:\/\/radioinfinitagoya.com.ar\/v1\/2025\/10\/26\/baltazar-jabornisky-fue-parte-de-la-concentracion-de-los-pumas-7s\/#article","isPartOf":{"@id":"https:\/\/radioinfinitagoya.com.ar\/v1\/2025\/10\/26\/baltazar-jabornisky-fue-parte-de-la-concentracion-de-los-pumas-7s\/"},"author":{"name":"Jorge Mi\u00f1o","@id":"https:\/\/radioinfinitagoya.com.ar\/v1\/#\/schema\/person\/d4cf9c413d4f6edb24aabdccab49ca4a"},"headline":"Baltazar Jabornisky fue parte de la concentraci\u00f3n de Los Pumas 7&#8217;s","datePublished":"2025-10-26T20:19:22+00:00","mainEntityOfPage":{"@id":"https:\/\/radioinfinitagoya.com.ar\/v1\/2025\/10\/26\/baltazar-jabornisky-fue-parte-de-la-concentracion-de-los-pumas-7s\/"},"wordCount":271,"publisher":{"@id":"https:\/\/radioinfinitagoya.com.ar\/v1\/#organization"},"image":{"@id":"https:\/\/radioinfinitagoya.com.ar\/v1\/2025\/10\/26\/baltazar-jabornisky-fue-parte-de-la-concentracion-de-los-pumas-7s\/#primaryimage"},"thumbnailUrl":"https:\/\/radioinfinitagoya.com.ar\/v1\/wp-content\/uploads\/2025\/10\/G4Jae39WEAA6ett.jpg","articleSection":["DEPORTES"],"inLanguage":"es-AR"},{"@type":"WebPage","@id":"https:\/\/radioinfinitagoya.com.ar\/v1\/2025\/10\/26\/baltazar-jabornisky-fue-parte-de-la-concentracion-de-los-pumas-7s\/","url":"https:\/\/radioinfinitagoya.com.ar\/v1\/2025\/10\/26\/baltazar-jabornisky-fue-parte-de-la-concentracion-de-los-pumas-7s\/","name":"Baltazar Jabornisky fue parte de la concentraci\u00f3n de Los Pumas 7's - Radio Infinita Goya","isPartOf":{"@id":"https:\/\/radioinfinitagoya.com.ar\/v1\/#website"},"primaryImageOfPage":{"@id":"https:\/\/radioinfinitagoya.com.ar\/v1\/2025\/10\/26\/baltazar-jabornisky-fue-parte-de-la-concentracion-de-los-pumas-7s\/#primaryimage"},"image":{"@id":"https:\/\/radioinfinitagoya.com.ar\/v1\/2025\/10\/26\/baltazar-jabornisky-fue-parte-de-la-concentracion-de-los-pumas-7s\/#primaryimage"},"thumbnailUrl":"https:\/\/radioinfinitagoya.com.ar\/v1\/wp-content\/uploads\/2025\/10\/G4Jae39WEAA6ett.jpg","datePublished":"2025-10-26T20:19:22+00:00","description":"El juvenil de Taraguy entren\u00f3 dos semanas con el equipo nacional que se prepara para el Circuito Mundial. El jugador del Taraguy Rugby Club (TRC),","breadcrumb":{"@id":"https:\/\/radioinfinitagoya.com.ar\/v1\/2025\/10\/26\/baltazar-jabornisky-fue-parte-de-la-concentracion-de-los-pumas-7s\/#breadcrumb"},"inLanguage":"es-AR","potentialAction":[{"@type":"ReadAction","target":["https:\/\/radioinfinitagoya.com.ar\/v1\/2025\/10\/26\/baltazar-jabornisky-fue-parte-de-la-concentracion-de-los-pumas-7s\/"]}]},{"@type":"ImageObject","inLanguage":"es-AR","@id":"https:\/\/radioinfinitagoya.com.ar\/v1\/2025\/10\/26\/baltazar-jabornisky-fue-parte-de-la-concentracion-de-los-pumas-7s\/#primaryimage","url":"https:\/\/radioinfinitagoya.com.ar\/v1\/wp-content\/uploads\/2025\/10\/G4Jae39WEAA6ett.jpg","contentUrl":"https:\/\/radioinfinitagoya.com.ar\/v1\/wp-content\/uploads\/2025\/10\/G4Jae39WEAA6ett.jpg","width":680,"height":669},{"@type":"BreadcrumbList","@id":"https:\/\/radioinfinitagoya.com.ar\/v1\/2025\/10\/26\/baltazar-jabornisky-fue-parte-de-la-concentracion-de-los-pumas-7s\/#breadcrumb","itemListElement":[{"@type":"ListItem","position":1,"name":"Inicio","item":"https:\/\/radioinfinitagoya.com.ar\/v1\/"},{"@type":"ListItem","position":2,"name":"Baltazar Jabornisky fue parte de la concentraci\u00f3n de Los Pumas 7&#8217;s"}]},{"@type":"WebSite","@id":"https:\/\/radioinfinitagoya.com.ar\/v1\/#website","url":"https:\/\/radioinfinitagoya.com.ar\/v1\/","name":"radioinfinitagoya.com.ar","description":"Radio de noticias","publisher":{"@id":"https:\/\/radioinfinitagoya.com.ar\/v1\/#organization"},"potentialAction":[{"@type":"SearchAction","target":{"@type":"EntryPoint","urlTemplate":"https:\/\/radioinfinitagoya.com.ar\/v1\/?s={search_term_string}"},"query-input":{"@type":"PropertyValueSpecification","valueRequired":true,"valueName":"search_term_string"}}],"inLanguage":"es-AR"},{"@type":"Organization","@id":"https:\/\/radioinfinitagoya.com.ar\/v1\/#organization","name":"Radio Infinita Goya","url":"https:\/\/radioinfinitagoya.com.ar\/v1\/","logo":{"@type":"ImageObject","inLanguage":"es-AR","@id":"https:\/\/radioinfinitagoya.com.ar\/v1\/#\/schema\/logo\/image\/","url":"https:\/\/radioinfinitagoya.com.ar\/v1\/wp-content\/uploads\/2019\/11\/logo-pie-web.png","contentUrl":"https:\/\/radioinfinitagoya.com.ar\/v1\/wp-content\/uploads\/2019\/11\/logo-pie-web.png","width":635,"height":326,"caption":"Radio Infinita Goya"},"image":{"@id":"https:\/\/radioinfinitagoya.com.ar\/v1\/#\/schema\/logo\/image\/"},"sameAs":["https:\/\/www.facebook.com\/p\/Infinita-Goya-100063870918311\/"]},{"@type":"Person","@id":"https:\/\/radioinfinitagoya.com.ar\/v1\/#\/schema\/person\/d4cf9c413d4f6edb24aabdccab49ca4a","name":"Jorge Mi\u00f1o","image":{"@type":"ImageObject","inLanguage":"es-AR","@id":"https:\/\/secure.gravatar.com\/avatar\/910fcf6728fe95320e07a6643c1581fec1c7fc4bf8ae12e3d8f0d0373dc844be?s=96&d=mm&r=g","url":"https:\/\/secure.gravatar.com\/avatar\/910fcf6728fe95320e07a6643c1581fec1c7fc4bf8ae12e3d8f0d0373dc844be?s=96&d=mm&r=g","contentUrl":"https:\/\/secure.gravatar.com\/avatar\/910fcf6728fe95320e07a6643c1581fec1c7fc4bf8ae12e3d8f0d0373dc844be?s=96&d=mm&r=g","caption":"Jorge Mi\u00f1o"},"sameAs":["http:\/\/radioinfinitagoya.com.ar"]}]}},"_links":{"self":[{"href":"https:\/\/radioinfinitagoya.com.ar\/v1\/wp-json\/wp\/v2\/posts\/198248","targetHints":{"allow":["GET"]}}],"collection":[{"href":"https:\/\/radioinfinitagoya.com.ar\/v1\/wp-json\/wp\/v2\/posts"}],"about":[{"href":"https:\/\/radioinfinitagoya.com.ar\/v1\/wp-json\/wp\/v2\/types\/post"}],"author":[{"embeddable":true,"href":"https:\/\/radioinfinitagoya.com.ar\/v1\/wp-json\/wp\/v2\/users\/4"}],"replies":[{"embeddable":true,"href":"https:\/\/radioinfinitagoya.com.ar\/v1\/wp-json\/wp\/v2\/comments?post=198248"}],"version-history":[{"count":0,"href":"https:\/\/radioinfinitagoya.com.ar\/v1\/wp-json\/wp\/v2\/posts\/198248\/revisions"}],"wp:featuredmedia":[{"embeddable":true,"href":"https:\/\/radioinfinitagoya.com.ar\/v1\/wp-json\/wp\/v2\/media\/198249"}],"wp:attachment":[{"href":"https:\/\/radioinfinitagoya.com.ar\/v1\/wp-json\/wp\/v2\/media?parent=198248"}],"wp:term":[{"taxonomy":"category","embeddable":true,"href":"https:\/\/radioinfinitagoya.com.ar\/v1\/wp-json\/wp\/v2\/categories?post=198248"},{"taxonomy":"post_tag","embeddable":true,"href":"https:\/\/radioinfinitagoya.com.ar\/v1\/wp-json\/wp\/v2\/tags?post=198248"}],"curies":[{"name":"wp","href":"https:\/\/api.w.org\/{rel}","templated":true}]}}