{"id":198255,"date":"2025-10-26T17:27:03","date_gmt":"2025-10-26T20:27:03","guid":{"rendered":"https:\/\/radioinfinitagoya.com.ar\/v1\/?p=198255"},"modified":"2025-10-26T17:27:03","modified_gmt":"2025-10-26T20:27:03","slug":"titulo-y-ascenso-para-corrientes-en-el-argentino-sub-19","status":"publish","type":"post","link":"https:\/\/radioinfinitagoya.com.ar\/v1\/2025\/10\/26\/titulo-y-ascenso-para-corrientes-en-el-argentino-sub-19\/","title":{"rendered":"T\u00edtulo y ascenso para Corrientes en el Argentino Sub 19"},"content":{"rendered":"<p>La selecci\u00f3n correntina de hockey se adjudic\u00f3 el Campeonato Argentino Sub 19 &#8211; Damas Ascenso &#8220;C&#8221; y ascendi\u00f3 a la categor\u00eda &#8220;B&#8221;. El torneo se desarroll\u00f3 en Cipolletti, R\u00edo Negro, y en la final, las chicas correntinas se impusieron a Chile 4 a 3 en la definici\u00f3n por penales despu\u00e9s de empatar 1 a 1.<\/p>\n<p>Bianca Urqu\u00eddiz, de Corrientes, fue elegida como la mejor jugadora de la final, mientras que Serena Silva Leiz con 4 tantos fue la goleadora del equipo campe\u00f3n que cont\u00f3 con la conducci\u00f3n t\u00e9cnica de Luis Alberto Cerrutti. La gran final se disput\u00f3 este s\u00e1bado y se caracteriz\u00f3 por la paridad. El representante de la Federaci\u00f3n Chilena se adelant\u00f3 en el marcador por un gol de Agustina Gamonal en un c\u00f3rner corto. Mientras que la igualdad fue obra de Mar\u00eda Sara Mart\u00ednez Avanza.<\/p>\n<p>Con el encuentro empatado en 1, lleg\u00f3 la definici\u00f3n por penales para definir el t\u00edtulo. Por Corrientes anotaron: Mar\u00eda Sara Mart\u00ednez Avanza, Naiara Alfonzo, Emma Varela del Haro y Bianca Urqu\u00eddiz. Mientras que por Chile fueron efectivas Agustina Gamonal Alamo, Valentina P\u00e9rez Bruce y Beatriz Plaut Norabuena. Con esta consagraci\u00f3n, en el 2026, la selecci\u00f3n de la Asociaci\u00f3n Correntina Amateur de Hockey disputar\u00e1 el Campeonato Argentino Damas Sub 19 Ascenso &#8220;B&#8221;. El torneo en R\u00edo Negro cont\u00f3 con la participaci\u00f3n de 10 seleccionados que fueron divididos en tres grupos.<\/p>\n<p>Corrientes form\u00f3 parte de la zona B, la \u00fanica con cuatro participantes. En el debut, las chicas correntinas perdieron frente a Chile 1 a 0. En la segunda presentaci\u00f3n, lleg\u00f3 la recuperaci\u00f3n de Corrientes que gole\u00f3 a R\u00edo Uruguay (Concordia, Entre R\u00edos) 4 a 1 con goles de Serena Silva Leiz (2), Mar\u00eda Sara Mart\u00ednez Avanza y Bianca Urqu\u00eddiz. En la tercera fecha, el seleccionado correntino perdi\u00f3 contra Cuenca del Salado 2 a 1. El tanto de Corrientes lo marc\u00f3 Serena Silva Leiz.<\/p>\n<p>Chile gan\u00f3 el grupo con puntaje ideal en tres partidos, mientras que en el segundo puesto hubo un triple empate pero Corrientes se qued\u00f3 con el segundo puesto por mejor diferencia de gol. En semifinales, Corrientes venci\u00f3 de manera contundente a Oeste de Buenos Aires 3 a 0 con goles de Serena Silva Leiz, Mar\u00eda Sara Mart\u00ednez Avanza y Bianca Urqu\u00eddiz. Despu\u00e9s lleg\u00f3 la final contra Chile, lleg\u00f3 invicto a esta instancia, y la posibilidad de tomarse revancha de lo que pas\u00f3 en la primera fecha.<\/p>\n<p>La selecci\u00f3n correntina Sub 19 cont\u00f3 con la conducci\u00f3n t\u00e9cnica de Luis Alberto Cerrutti y el plantel lo integraron: Valentina Revidatti Sand, Isabella Mosca Usandizaga, Bianca Urqu\u00eddiz, Zahira Miranda Cabrera, Martina Manso D\u00edaz, Victoria Noel Arnica (capitana), Ana Paula Lugo, Serena Silva Leiz, Laila Tonelotto y Joaquina Ojeda.<\/p>\n<p>Tambi\u00e9n estuvieron: Constanza G\u00f3mez Higa, Valentina Ort\u00edz Tellechea, Mar\u00eda Cipolini, Luciana Latorre, Emma Varela del Haro, Naiara Alfonzo, Mar\u00eda Sara Mart\u00ednez Avanza, Martina Burna y Agustina Vega. La delegaci\u00f3n correntina se complet\u00f3 con Leandro Burna (dirigente), Soledad Higa (jefa de equipo) y Federico G\u00f3mez Duete (cuerpo t\u00e9cnico).<\/p>\n<p>&nbsp;<\/p>\n<p>&nbsp;<\/p>\n","protected":false},"excerpt":{"rendered":"<p>La selecci\u00f3n correntina de hockey se adjudic\u00f3 el Campeonato Argentino Sub 19 &#8211; Damas Ascenso &#8220;C&#8221; y ascendi\u00f3 a la categor\u00eda &#8220;B&#8221;. El torneo se desarroll\u00f3 en Cipolletti, R\u00edo Negro, y en la final, las chicas correntinas se impusieron a Chile 4 a 3 en la definici\u00f3n por penales despu\u00e9s de empatar 1 a 1. [&hellip;]<\/p>\n","protected":false},"author":4,"featured_media":198256,"comment_status":"closed","ping_status":"closed","sticky":false,"template":"","format":"standard","meta":{"_joinchat":[],"footnotes":""},"categories":[28],"tags":[],"class_list":{"0":"post-198255","1":"post","2":"type-post","3":"status-publish","4":"format-standard","5":"has-post-thumbnail","7":"category-deportes"},"yoast_head":"<!-- This site is optimized with the Yoast SEO plugin v27.2 - https:\/\/yoast.com\/product\/yoast-seo-wordpress\/ -->\n<title>T\u00edtulo y ascenso para Corrientes en el Argentino Sub 19 - Radio Infinita Goya<\/title>\n<meta name=\"description\" content=\"La selecci\u00f3n correntina de hockey se adjudic\u00f3 el Campeonato Argentino Sub 19 - Damas Ascenso &quot;C&quot; y ascendi\u00f3 a la categor\u00eda &quot;B&quot;. El torneo se desarroll\u00f3 en\" \/>\n<meta name=\"robots\" content=\"index, follow, max-snippet:-1, max-image-preview:large, max-video-preview:-1\" \/>\n<link rel=\"canonical\" href=\"https:\/\/radioinfinitagoya.com.ar\/v1\/2025\/10\/26\/titulo-y-ascenso-para-corrientes-en-el-argentino-sub-19\/\" \/>\n<meta property=\"og:locale\" content=\"es_ES\" \/>\n<meta property=\"og:type\" content=\"article\" \/>\n<meta property=\"og:title\" content=\"T\u00edtulo y ascenso para Corrientes en el Argentino Sub 19 - Radio Infinita Goya\" \/>\n<meta property=\"og:description\" content=\"La selecci\u00f3n correntina de hockey se adjudic\u00f3 el Campeonato Argentino Sub 19 - Damas Ascenso &quot;C&quot; y ascendi\u00f3 a la categor\u00eda &quot;B&quot;. El torneo se desarroll\u00f3 en\" \/>\n<meta property=\"og:url\" content=\"https:\/\/radioinfinitagoya.com.ar\/v1\/2025\/10\/26\/titulo-y-ascenso-para-corrientes-en-el-argentino-sub-19\/\" \/>\n<meta property=\"og:site_name\" content=\"Radio Infinita Goya\" \/>\n<meta property=\"article:publisher\" content=\"https:\/\/www.facebook.com\/p\/Infinita-Goya-100063870918311\/\" \/>\n<meta property=\"article:published_time\" content=\"2025-10-26T20:27:03+00:00\" \/>\n<meta property=\"og:image\" content=\"https:\/\/radioinfinitagoya.com.ar\/v1\/wp-content\/uploads\/2025\/10\/1000177515.jpg\" \/>\n\t<meta property=\"og:image:width\" content=\"1079\" \/>\n\t<meta property=\"og:image:height\" content=\"799\" \/>\n\t<meta property=\"og:image:type\" content=\"image\/jpeg\" \/>\n<meta name=\"author\" content=\"Jorge Mi\u00f1o\" \/>\n<meta name=\"twitter:card\" content=\"summary_large_image\" \/>\n<meta name=\"twitter:label1\" content=\"Escrito por\" \/>\n\t<meta name=\"twitter:data1\" content=\"Jorge Mi\u00f1o\" \/>\n\t<meta name=\"twitter:label2\" content=\"Tiempo de lectura\" \/>\n\t<meta name=\"twitter:data2\" content=\"3 minutos\" \/>\n<script type=\"application\/ld+json\" class=\"yoast-schema-graph\">{\"@context\":\"https:\/\/schema.org\",\"@graph\":[{\"@type\":\"Article\",\"@id\":\"https:\/\/radioinfinitagoya.com.ar\/v1\/2025\/10\/26\/titulo-y-ascenso-para-corrientes-en-el-argentino-sub-19\/#article\",\"isPartOf\":{\"@id\":\"https:\/\/radioinfinitagoya.com.ar\/v1\/2025\/10\/26\/titulo-y-ascenso-para-corrientes-en-el-argentino-sub-19\/\"},\"author\":{\"name\":\"Jorge Mi\u00f1o\",\"@id\":\"https:\/\/radioinfinitagoya.com.ar\/v1\/#\/schema\/person\/d4cf9c413d4f6edb24aabdccab49ca4a\"},\"headline\":\"T\u00edtulo y ascenso para Corrientes en el Argentino Sub 19\",\"datePublished\":\"2025-10-26T20:27:03+00:00\",\"mainEntityOfPage\":{\"@id\":\"https:\/\/radioinfinitagoya.com.ar\/v1\/2025\/10\/26\/titulo-y-ascenso-para-corrientes-en-el-argentino-sub-19\/\"},\"wordCount\":532,\"publisher\":{\"@id\":\"https:\/\/radioinfinitagoya.com.ar\/v1\/#organization\"},\"image\":{\"@id\":\"https:\/\/radioinfinitagoya.com.ar\/v1\/2025\/10\/26\/titulo-y-ascenso-para-corrientes-en-el-argentino-sub-19\/#primaryimage\"},\"thumbnailUrl\":\"https:\/\/radioinfinitagoya.com.ar\/v1\/wp-content\/uploads\/2025\/10\/1000177515.jpg\",\"articleSection\":[\"DEPORTES\"],\"inLanguage\":\"es-AR\"},{\"@type\":\"WebPage\",\"@id\":\"https:\/\/radioinfinitagoya.com.ar\/v1\/2025\/10\/26\/titulo-y-ascenso-para-corrientes-en-el-argentino-sub-19\/\",\"url\":\"https:\/\/radioinfinitagoya.com.ar\/v1\/2025\/10\/26\/titulo-y-ascenso-para-corrientes-en-el-argentino-sub-19\/\",\"name\":\"T\u00edtulo y ascenso para Corrientes en el Argentino Sub 19 - Radio Infinita Goya\",\"isPartOf\":{\"@id\":\"https:\/\/radioinfinitagoya.com.ar\/v1\/#website\"},\"primaryImageOfPage\":{\"@id\":\"https:\/\/radioinfinitagoya.com.ar\/v1\/2025\/10\/26\/titulo-y-ascenso-para-corrientes-en-el-argentino-sub-19\/#primaryimage\"},\"image\":{\"@id\":\"https:\/\/radioinfinitagoya.com.ar\/v1\/2025\/10\/26\/titulo-y-ascenso-para-corrientes-en-el-argentino-sub-19\/#primaryimage\"},\"thumbnailUrl\":\"https:\/\/radioinfinitagoya.com.ar\/v1\/wp-content\/uploads\/2025\/10\/1000177515.jpg\",\"datePublished\":\"2025-10-26T20:27:03+00:00\",\"description\":\"La selecci\u00f3n correntina de hockey se adjudic\u00f3 el Campeonato Argentino Sub 19 - Damas Ascenso \\\"C\\\" y ascendi\u00f3 a la categor\u00eda \\\"B\\\". El torneo se desarroll\u00f3 en\",\"breadcrumb\":{\"@id\":\"https:\/\/radioinfinitagoya.com.ar\/v1\/2025\/10\/26\/titulo-y-ascenso-para-corrientes-en-el-argentino-sub-19\/#breadcrumb\"},\"inLanguage\":\"es-AR\",\"potentialAction\":[{\"@type\":\"ReadAction\",\"target\":[\"https:\/\/radioinfinitagoya.com.ar\/v1\/2025\/10\/26\/titulo-y-ascenso-para-corrientes-en-el-argentino-sub-19\/\"]}]},{\"@type\":\"ImageObject\",\"inLanguage\":\"es-AR\",\"@id\":\"https:\/\/radioinfinitagoya.com.ar\/v1\/2025\/10\/26\/titulo-y-ascenso-para-corrientes-en-el-argentino-sub-19\/#primaryimage\",\"url\":\"https:\/\/radioinfinitagoya.com.ar\/v1\/wp-content\/uploads\/2025\/10\/1000177515.jpg\",\"contentUrl\":\"https:\/\/radioinfinitagoya.com.ar\/v1\/wp-content\/uploads\/2025\/10\/1000177515.jpg\",\"width\":1079,\"height\":799},{\"@type\":\"BreadcrumbList\",\"@id\":\"https:\/\/radioinfinitagoya.com.ar\/v1\/2025\/10\/26\/titulo-y-ascenso-para-corrientes-en-el-argentino-sub-19\/#breadcrumb\",\"itemListElement\":[{\"@type\":\"ListItem\",\"position\":1,\"name\":\"Inicio\",\"item\":\"https:\/\/radioinfinitagoya.com.ar\/v1\/\"},{\"@type\":\"ListItem\",\"position\":2,\"name\":\"T\u00edtulo y ascenso para Corrientes en el Argentino Sub 19\"}]},{\"@type\":\"WebSite\",\"@id\":\"https:\/\/radioinfinitagoya.com.ar\/v1\/#website\",\"url\":\"https:\/\/radioinfinitagoya.com.ar\/v1\/\",\"name\":\"radioinfinitagoya.com.ar\",\"description\":\"Radio de noticias\",\"publisher\":{\"@id\":\"https:\/\/radioinfinitagoya.com.ar\/v1\/#organization\"},\"potentialAction\":[{\"@type\":\"SearchAction\",\"target\":{\"@type\":\"EntryPoint\",\"urlTemplate\":\"https:\/\/radioinfinitagoya.com.ar\/v1\/?s={search_term_string}\"},\"query-input\":{\"@type\":\"PropertyValueSpecification\",\"valueRequired\":true,\"valueName\":\"search_term_string\"}}],\"inLanguage\":\"es-AR\"},{\"@type\":\"Organization\",\"@id\":\"https:\/\/radioinfinitagoya.com.ar\/v1\/#organization\",\"name\":\"Radio Infinita Goya\",\"url\":\"https:\/\/radioinfinitagoya.com.ar\/v1\/\",\"logo\":{\"@type\":\"ImageObject\",\"inLanguage\":\"es-AR\",\"@id\":\"https:\/\/radioinfinitagoya.com.ar\/v1\/#\/schema\/logo\/image\/\",\"url\":\"https:\/\/radioinfinitagoya.com.ar\/v1\/wp-content\/uploads\/2019\/11\/logo-pie-web.png\",\"contentUrl\":\"https:\/\/radioinfinitagoya.com.ar\/v1\/wp-content\/uploads\/2019\/11\/logo-pie-web.png\",\"width\":635,\"height\":326,\"caption\":\"Radio Infinita Goya\"},\"image\":{\"@id\":\"https:\/\/radioinfinitagoya.com.ar\/v1\/#\/schema\/logo\/image\/\"},\"sameAs\":[\"https:\/\/www.facebook.com\/p\/Infinita-Goya-100063870918311\/\"]},{\"@type\":\"Person\",\"@id\":\"https:\/\/radioinfinitagoya.com.ar\/v1\/#\/schema\/person\/d4cf9c413d4f6edb24aabdccab49ca4a\",\"name\":\"Jorge Mi\u00f1o\",\"image\":{\"@type\":\"ImageObject\",\"inLanguage\":\"es-AR\",\"@id\":\"https:\/\/secure.gravatar.com\/avatar\/910fcf6728fe95320e07a6643c1581fec1c7fc4bf8ae12e3d8f0d0373dc844be?s=96&d=mm&r=g\",\"url\":\"https:\/\/secure.gravatar.com\/avatar\/910fcf6728fe95320e07a6643c1581fec1c7fc4bf8ae12e3d8f0d0373dc844be?s=96&d=mm&r=g\",\"contentUrl\":\"https:\/\/secure.gravatar.com\/avatar\/910fcf6728fe95320e07a6643c1581fec1c7fc4bf8ae12e3d8f0d0373dc844be?s=96&d=mm&r=g\",\"caption\":\"Jorge Mi\u00f1o\"},\"sameAs\":[\"http:\/\/radioinfinitagoya.com.ar\"]}]}<\/script>\n<!-- \/ Yoast SEO plugin. -->","yoast_head_json":{"title":"T\u00edtulo y ascenso para Corrientes en el Argentino Sub 19 - Radio Infinita Goya","description":"La selecci\u00f3n correntina de hockey se adjudic\u00f3 el Campeonato Argentino Sub 19 - Damas Ascenso \"C\" y ascendi\u00f3 a la categor\u00eda \"B\". El torneo se desarroll\u00f3 en","robots":{"index":"index","follow":"follow","max-snippet":"max-snippet:-1","max-image-preview":"max-image-preview:large","max-video-preview":"max-video-preview:-1"},"canonical":"https:\/\/radioinfinitagoya.com.ar\/v1\/2025\/10\/26\/titulo-y-ascenso-para-corrientes-en-el-argentino-sub-19\/","og_locale":"es_ES","og_type":"article","og_title":"T\u00edtulo y ascenso para Corrientes en el Argentino Sub 19 - Radio Infinita Goya","og_description":"La selecci\u00f3n correntina de hockey se adjudic\u00f3 el Campeonato Argentino Sub 19 - Damas Ascenso \"C\" y ascendi\u00f3 a la categor\u00eda \"B\". El torneo se desarroll\u00f3 en","og_url":"https:\/\/radioinfinitagoya.com.ar\/v1\/2025\/10\/26\/titulo-y-ascenso-para-corrientes-en-el-argentino-sub-19\/","og_site_name":"Radio Infinita Goya","article_publisher":"https:\/\/www.facebook.com\/p\/Infinita-Goya-100063870918311\/","article_published_time":"2025-10-26T20:27:03+00:00","og_image":[{"width":1079,"height":799,"url":"https:\/\/radioinfinitagoya.com.ar\/v1\/wp-content\/uploads\/2025\/10\/1000177515.jpg","type":"image\/jpeg"}],"author":"Jorge Mi\u00f1o","twitter_card":"summary_large_image","twitter_misc":{"Escrito por":"Jorge Mi\u00f1o","Tiempo de lectura":"3 minutos"},"schema":{"@context":"https:\/\/schema.org","@graph":[{"@type":"Article","@id":"https:\/\/radioinfinitagoya.com.ar\/v1\/2025\/10\/26\/titulo-y-ascenso-para-corrientes-en-el-argentino-sub-19\/#article","isPartOf":{"@id":"https:\/\/radioinfinitagoya.com.ar\/v1\/2025\/10\/26\/titulo-y-ascenso-para-corrientes-en-el-argentino-sub-19\/"},"author":{"name":"Jorge Mi\u00f1o","@id":"https:\/\/radioinfinitagoya.com.ar\/v1\/#\/schema\/person\/d4cf9c413d4f6edb24aabdccab49ca4a"},"headline":"T\u00edtulo y ascenso para Corrientes en el Argentino Sub 19","datePublished":"2025-10-26T20:27:03+00:00","mainEntityOfPage":{"@id":"https:\/\/radioinfinitagoya.com.ar\/v1\/2025\/10\/26\/titulo-y-ascenso-para-corrientes-en-el-argentino-sub-19\/"},"wordCount":532,"publisher":{"@id":"https:\/\/radioinfinitagoya.com.ar\/v1\/#organization"},"image":{"@id":"https:\/\/radioinfinitagoya.com.ar\/v1\/2025\/10\/26\/titulo-y-ascenso-para-corrientes-en-el-argentino-sub-19\/#primaryimage"},"thumbnailUrl":"https:\/\/radioinfinitagoya.com.ar\/v1\/wp-content\/uploads\/2025\/10\/1000177515.jpg","articleSection":["DEPORTES"],"inLanguage":"es-AR"},{"@type":"WebPage","@id":"https:\/\/radioinfinitagoya.com.ar\/v1\/2025\/10\/26\/titulo-y-ascenso-para-corrientes-en-el-argentino-sub-19\/","url":"https:\/\/radioinfinitagoya.com.ar\/v1\/2025\/10\/26\/titulo-y-ascenso-para-corrientes-en-el-argentino-sub-19\/","name":"T\u00edtulo y ascenso para Corrientes en el Argentino Sub 19 - Radio Infinita Goya","isPartOf":{"@id":"https:\/\/radioinfinitagoya.com.ar\/v1\/#website"},"primaryImageOfPage":{"@id":"https:\/\/radioinfinitagoya.com.ar\/v1\/2025\/10\/26\/titulo-y-ascenso-para-corrientes-en-el-argentino-sub-19\/#primaryimage"},"image":{"@id":"https:\/\/radioinfinitagoya.com.ar\/v1\/2025\/10\/26\/titulo-y-ascenso-para-corrientes-en-el-argentino-sub-19\/#primaryimage"},"thumbnailUrl":"https:\/\/radioinfinitagoya.com.ar\/v1\/wp-content\/uploads\/2025\/10\/1000177515.jpg","datePublished":"2025-10-26T20:27:03+00:00","description":"La selecci\u00f3n correntina de hockey se adjudic\u00f3 el Campeonato Argentino Sub 19 - Damas Ascenso \"C\" y ascendi\u00f3 a la categor\u00eda \"B\". El torneo se desarroll\u00f3 en","breadcrumb":{"@id":"https:\/\/radioinfinitagoya.com.ar\/v1\/2025\/10\/26\/titulo-y-ascenso-para-corrientes-en-el-argentino-sub-19\/#breadcrumb"},"inLanguage":"es-AR","potentialAction":[{"@type":"ReadAction","target":["https:\/\/radioinfinitagoya.com.ar\/v1\/2025\/10\/26\/titulo-y-ascenso-para-corrientes-en-el-argentino-sub-19\/"]}]},{"@type":"ImageObject","inLanguage":"es-AR","@id":"https:\/\/radioinfinitagoya.com.ar\/v1\/2025\/10\/26\/titulo-y-ascenso-para-corrientes-en-el-argentino-sub-19\/#primaryimage","url":"https:\/\/radioinfinitagoya.com.ar\/v1\/wp-content\/uploads\/2025\/10\/1000177515.jpg","contentUrl":"https:\/\/radioinfinitagoya.com.ar\/v1\/wp-content\/uploads\/2025\/10\/1000177515.jpg","width":1079,"height":799},{"@type":"BreadcrumbList","@id":"https:\/\/radioinfinitagoya.com.ar\/v1\/2025\/10\/26\/titulo-y-ascenso-para-corrientes-en-el-argentino-sub-19\/#breadcrumb","itemListElement":[{"@type":"ListItem","position":1,"name":"Inicio","item":"https:\/\/radioinfinitagoya.com.ar\/v1\/"},{"@type":"ListItem","position":2,"name":"T\u00edtulo y ascenso para Corrientes en el Argentino Sub 19"}]},{"@type":"WebSite","@id":"https:\/\/radioinfinitagoya.com.ar\/v1\/#website","url":"https:\/\/radioinfinitagoya.com.ar\/v1\/","name":"radioinfinitagoya.com.ar","description":"Radio de noticias","publisher":{"@id":"https:\/\/radioinfinitagoya.com.ar\/v1\/#organization"},"potentialAction":[{"@type":"SearchAction","target":{"@type":"EntryPoint","urlTemplate":"https:\/\/radioinfinitagoya.com.ar\/v1\/?s={search_term_string}"},"query-input":{"@type":"PropertyValueSpecification","valueRequired":true,"valueName":"search_term_string"}}],"inLanguage":"es-AR"},{"@type":"Organization","@id":"https:\/\/radioinfinitagoya.com.ar\/v1\/#organization","name":"Radio Infinita Goya","url":"https:\/\/radioinfinitagoya.com.ar\/v1\/","logo":{"@type":"ImageObject","inLanguage":"es-AR","@id":"https:\/\/radioinfinitagoya.com.ar\/v1\/#\/schema\/logo\/image\/","url":"https:\/\/radioinfinitagoya.com.ar\/v1\/wp-content\/uploads\/2019\/11\/logo-pie-web.png","contentUrl":"https:\/\/radioinfinitagoya.com.ar\/v1\/wp-content\/uploads\/2019\/11\/logo-pie-web.png","width":635,"height":326,"caption":"Radio Infinita Goya"},"image":{"@id":"https:\/\/radioinfinitagoya.com.ar\/v1\/#\/schema\/logo\/image\/"},"sameAs":["https:\/\/www.facebook.com\/p\/Infinita-Goya-100063870918311\/"]},{"@type":"Person","@id":"https:\/\/radioinfinitagoya.com.ar\/v1\/#\/schema\/person\/d4cf9c413d4f6edb24aabdccab49ca4a","name":"Jorge Mi\u00f1o","image":{"@type":"ImageObject","inLanguage":"es-AR","@id":"https:\/\/secure.gravatar.com\/avatar\/910fcf6728fe95320e07a6643c1581fec1c7fc4bf8ae12e3d8f0d0373dc844be?s=96&d=mm&r=g","url":"https:\/\/secure.gravatar.com\/avatar\/910fcf6728fe95320e07a6643c1581fec1c7fc4bf8ae12e3d8f0d0373dc844be?s=96&d=mm&r=g","contentUrl":"https:\/\/secure.gravatar.com\/avatar\/910fcf6728fe95320e07a6643c1581fec1c7fc4bf8ae12e3d8f0d0373dc844be?s=96&d=mm&r=g","caption":"Jorge Mi\u00f1o"},"sameAs":["http:\/\/radioinfinitagoya.com.ar"]}]}},"_links":{"self":[{"href":"https:\/\/radioinfinitagoya.com.ar\/v1\/wp-json\/wp\/v2\/posts\/198255","targetHints":{"allow":["GET"]}}],"collection":[{"href":"https:\/\/radioinfinitagoya.com.ar\/v1\/wp-json\/wp\/v2\/posts"}],"about":[{"href":"https:\/\/radioinfinitagoya.com.ar\/v1\/wp-json\/wp\/v2\/types\/post"}],"author":[{"embeddable":true,"href":"https:\/\/radioinfinitagoya.com.ar\/v1\/wp-json\/wp\/v2\/users\/4"}],"replies":[{"embeddable":true,"href":"https:\/\/radioinfinitagoya.com.ar\/v1\/wp-json\/wp\/v2\/comments?post=198255"}],"version-history":[{"count":0,"href":"https:\/\/radioinfinitagoya.com.ar\/v1\/wp-json\/wp\/v2\/posts\/198255\/revisions"}],"wp:featuredmedia":[{"embeddable":true,"href":"https:\/\/radioinfinitagoya.com.ar\/v1\/wp-json\/wp\/v2\/media\/198256"}],"wp:attachment":[{"href":"https:\/\/radioinfinitagoya.com.ar\/v1\/wp-json\/wp\/v2\/media?parent=198255"}],"wp:term":[{"taxonomy":"category","embeddable":true,"href":"https:\/\/radioinfinitagoya.com.ar\/v1\/wp-json\/wp\/v2\/categories?post=198255"},{"taxonomy":"post_tag","embeddable":true,"href":"https:\/\/radioinfinitagoya.com.ar\/v1\/wp-json\/wp\/v2\/tags?post=198255"}],"curies":[{"name":"wp","href":"https:\/\/api.w.org\/{rel}","templated":true}]}}